{"id":10827,"date":"2023-08-24T06:34:06","date_gmt":"2023-08-24T09:34:06","guid":{"rendered":"https:\/\/www.padreeustaquio.com.br\/?p=10827"},"modified":"2023-08-24T10:23:02","modified_gmt":"2023-08-24T13:23:02","slug":"un-grupo-de-devotos-holandeses-y-familiares-del-padre-eustaquio-acudiran-a-la-fiesta-del-beato","status":"publish","type":"post","link":"https:\/\/www.padreeustaquio.com.br\/es\/un-grupo-de-devotos-holandeses-y-familiares-del-padre-eustaquio-acudiran-a-la-fiesta-del-beato\/","title":{"rendered":"Un grupo de devotos holandeses y familiares del Padre Eust\u00e1quio vendr\u00e1n para la Fiesta del Sant\u00edsimo."},"content":{"rendered":"<p>Se espera que un grupo de 13 personas procedentes de los Pa\u00edses Bajos llegue a Brasil ma\u00f1ana, 25 de agosto, para participar en la celebraci\u00f3n del 80.\u00ba aniversario de la devoci\u00f3n al Beato Padre Eust\u00e1quio. Son familiares, entre ellos dos sobrinos del sacerdote, as\u00ed como devotos del Beato residentes en su pa\u00eds de origen.<\/p>\n<p>El grupo neerland\u00e9s llegar\u00e1 al Aeropuerto de Guarulhos en S\u00e3o Paulo y desde all\u00ed se dirigir\u00e1 a Uberl\u00e2ndia, en la regi\u00f3n del Tri\u00e1ngulo Minero. Los acompa\u00f1ar\u00e1 otro neerland\u00e9s, el Sr. Hans, quien reside en Brasil desde hace varias d\u00e9cadas. Desde Uberl\u00e2ndia, se dirigir\u00e1n a Romaria-MG (donde el Padre Eust\u00e1quio trabaj\u00f3 durante 10 a\u00f1os) y a Patroc\u00ednio-MG (lugar que tambi\u00e9n fue campo de trabajo del Padre Eust\u00e1quio).<\/p>\n<p>Seg\u00fan Will van den Boomen, sobrino del Padre Eust\u00e1quio, estar\u00e1n en Belo Horizonte el domingo para asistir a la Fiesta en el Santuario. Participar\u00e1n en las celebraciones de los \u00faltimos d\u00edas de la novena y permanecer\u00e1n en la iglesia durante todo el d\u00eda 30.<\/p>\n<p>Despu\u00e9s de la fiesta, el grupo se dirigir\u00e1 a Po\u00e1-SP, donde tambi\u00e9n conocer\u00e1n otra parte de la historia del Bendito. De all\u00ed, se dirigir\u00e1n a Holambra, tambi\u00e9n en S\u00e3o Paulo, para visitar la ciudad que comparte las mismas caracter\u00edsticas que su ciudad natal.<\/p>","protected":false},"excerpt":{"rendered":"<p>Um grupo de 13 pessoas vindas da Holanda, deve chegar ao Brasil amanh\u00e3, dia 25 de agosto para participar da Festa dos 80 anos de devo\u00e7\u00e3o ao Beato Padre Eust\u00e1quio. S\u00e3o familiares, dentre eles dois sobrinhos do religioso, al\u00e9m de devotos do Beato que moram na terra natal dele. Os holandeses chegar\u00e3o no aeroporto de Guarulhos, em S\u00e3o Paulo, e de l\u00e1 seguem para Uberl\u00e2ndia, no Tri\u00e2ngulo Mineiro. O grupo, que ter\u00e1 a companhia do tamb\u00e9m holand\u00eas, Sr. Hans, que mora no Brasil h\u00e1 algumas d\u00e9cadas. De Uberl\u00e2ndia eles v\u00e3o \u00e0 Romaria-MG (onde Padre Eust\u00e1quio trabalhou por 10 anos) e [&hellip;]<\/p>\n","protected":false},"author":2,"featured_media":10829,"comment_status":"open","ping_status":"closed","sticky":false,"template":"","format":"standard","meta":{"_acf_changed":false,"footnotes":""},"categories":[611],"tags":[],"class_list":["post-10827","post","type-post","status-publish","format-standard","has-post-thumbnail","hentry","category-noticias"],"acf":[],"yoast_head":"<!-- This site is optimized with the Yoast SEO plugin v27.2 - https:\/\/yoast.com\/product\/yoast-seo-wordpress\/ -->\n<title>Grupo de devotos holandeses e familiares de Padre Eust\u00e1quio vir\u00e3o para a Festa do Beato<\/title>\n<meta name=\"description\" content=\"Um grupo de 13 pessoas vindas da Holanda, deve chegar ao Brasil amanh\u00e3, dia 25 de agosto para participar da Festa dos 80 anos de devo\u00e7\u00e3o ao Beato Padre Eust\u00e1quio. S\u00e3o familiares, dentre eles dois sobrinhos do religioso, al\u00e9m de devotos do Beato que moram na terra natal dele.\" \/>\n<meta name=\"robots\" content=\"index, follow, max-snippet:-1, max-image-preview:large, max-video-preview:-1\" \/>\n<link rel=\"canonical\" href=\"https:\/\/www.padreeustaquio.com.br\/es\/un-grupo-de-devotos-holandeses-y-familiares-del-padre-eustaquio-acudiran-a-la-fiesta-del-beato\/\" \/>\n<meta property=\"og:locale\" content=\"es_ES\" \/>\n<meta property=\"og:type\" content=\"article\" \/>\n<meta property=\"og:title\" content=\"Grupo de devotos holandeses e familiares de Padre Eust\u00e1quio vir\u00e3o para a Festa do Beato\" \/>\n<meta property=\"og:description\" content=\"Um grupo de 13 pessoas vindas da Holanda, deve chegar ao Brasil amanh\u00e3, dia 25 de agosto para participar da Festa dos 80 anos de devo\u00e7\u00e3o ao Beato Padre Eust\u00e1quio. S\u00e3o familiares, dentre eles dois sobrinhos do religioso, al\u00e9m de devotos do Beato que moram na terra natal dele.\" \/>\n<meta property=\"og:url\" content=\"https:\/\/www.padreeustaquio.com.br\/es\/un-grupo-de-devotos-holandeses-y-familiares-del-padre-eustaquio-acudiran-a-la-fiesta-del-beato\/\" \/>\n<meta property=\"og:site_name\" content=\"Padre Eust\u00e1quio\" \/>\n<meta property=\"article:publisher\" content=\"https:\/\/www.facebook.com\/beatopadreeustaquio\/\" \/>\n<meta property=\"article:published_time\" content=\"2023-08-24T09:34:06+00:00\" \/>\n<meta property=\"article:modified_time\" content=\"2023-08-24T13:23:02+00:00\" \/>\n<meta property=\"og:image\" content=\"https:\/\/www.padreeustaquio.com.br\/wp-content\/uploads\/2023\/08\/Irmaos-van-den-boomen.jpeg\" \/>\n\t<meta property=\"og:image:width\" content=\"1024\" \/>\n\t<meta property=\"og:image:height\" content=\"768\" \/>\n\t<meta property=\"og:image:type\" content=\"image\/jpeg\" \/>\n<meta name=\"author\" content=\"@sscc\" \/>\n<meta name=\"twitter:card\" content=\"summary_large_image\" \/>\n<meta name=\"twitter:creator\" content=\"@beatopeustaquio\" \/>\n<meta name=\"twitter:site\" content=\"@beatopeustaquio\" \/>\n<meta name=\"twitter:label1\" content=\"Escrito por\" \/>\n\t<meta name=\"twitter:data1\" content=\"@sscc\" \/>\n\t<meta name=\"twitter:label2\" content=\"Tiempo de lectura\" \/>\n\t<meta name=\"twitter:data2\" content=\"2 minutos\" \/>\n<script type=\"application\/ld+json\" class=\"yoast-schema-graph\">{\"@context\":\"https:\/\/schema.org\",\"@graph\":[{\"@type\":\"Article\",\"@id\":\"https:\/\/www.padreeustaquio.com.br\/grupo-de-devotos-holandeses-e-familiares-de-padre-eustaquio-virao-para-a-festa-do-beato\/#article\",\"isPartOf\":{\"@id\":\"https:\/\/www.padreeustaquio.com.br\/grupo-de-devotos-holandeses-e-familiares-de-padre-eustaquio-virao-para-a-festa-do-beato\/\"},\"author\":{\"name\":\"@sscc\",\"@id\":\"https:\/\/www.padreeustaquio.com.br\/#\/schema\/person\/a2a51db1d00f1a7af0204a0f1ddb1566\"},\"headline\":\"Grupo de devotos holandeses e familiares de Padre Eust\u00e1quio vir\u00e3o para a Festa do Beato\",\"datePublished\":\"2023-08-24T09:34:06+00:00\",\"dateModified\":\"2023-08-24T13:23:02+00:00\",\"mainEntityOfPage\":{\"@id\":\"https:\/\/www.padreeustaquio.com.br\/grupo-de-devotos-holandeses-e-familiares-de-padre-eustaquio-virao-para-a-festa-do-beato\/\"},\"wordCount\":237,\"commentCount\":0,\"publisher\":{\"@id\":\"https:\/\/www.padreeustaquio.com.br\/#organization\"},\"image\":{\"@id\":\"https:\/\/www.padreeustaquio.com.br\/grupo-de-devotos-holandeses-e-familiares-de-padre-eustaquio-virao-para-a-festa-do-beato\/#primaryimage\"},\"thumbnailUrl\":\"https:\/\/www.padreeustaquio.com.br\/wp-content\/uploads\/2023\/08\/Irmaos-van-den-boomen.jpeg\",\"articleSection\":[\"Not\u00edcias\"],\"inLanguage\":\"es\",\"potentialAction\":[{\"@type\":\"CommentAction\",\"name\":\"Comment\",\"target\":[\"https:\/\/www.padreeustaquio.com.br\/grupo-de-devotos-holandeses-e-familiares-de-padre-eustaquio-virao-para-a-festa-do-beato\/#respond\"]}]},{\"@type\":\"WebPage\",\"@id\":\"https:\/\/www.padreeustaquio.com.br\/grupo-de-devotos-holandeses-e-familiares-de-padre-eustaquio-virao-para-a-festa-do-beato\/\",\"url\":\"https:\/\/www.padreeustaquio.com.br\/grupo-de-devotos-holandeses-e-familiares-de-padre-eustaquio-virao-para-a-festa-do-beato\/\",\"name\":\"Grupo de devotos holandeses e familiares de Padre Eust\u00e1quio vir\u00e3o para a Festa do Beato\",\"isPartOf\":{\"@id\":\"https:\/\/www.padreeustaquio.com.br\/#website\"},\"primaryImageOfPage\":{\"@id\":\"https:\/\/www.padreeustaquio.com.br\/grupo-de-devotos-holandeses-e-familiares-de-padre-eustaquio-virao-para-a-festa-do-beato\/#primaryimage\"},\"image\":{\"@id\":\"https:\/\/www.padreeustaquio.com.br\/grupo-de-devotos-holandeses-e-familiares-de-padre-eustaquio-virao-para-a-festa-do-beato\/#primaryimage\"},\"thumbnailUrl\":\"https:\/\/www.padreeustaquio.com.br\/wp-content\/uploads\/2023\/08\/Irmaos-van-den-boomen.jpeg\",\"datePublished\":\"2023-08-24T09:34:06+00:00\",\"dateModified\":\"2023-08-24T13:23:02+00:00\",\"description\":\"Um grupo de 13 pessoas vindas da Holanda, deve chegar ao Brasil amanh\u00e3, dia 25 de agosto para participar da Festa dos 80 anos de devo\u00e7\u00e3o ao Beato Padre Eust\u00e1quio. S\u00e3o familiares, dentre eles dois sobrinhos do religioso, al\u00e9m de devotos do Beato que moram na terra natal dele.\",\"breadcrumb\":{\"@id\":\"https:\/\/www.padreeustaquio.com.br\/grupo-de-devotos-holandeses-e-familiares-de-padre-eustaquio-virao-para-a-festa-do-beato\/#breadcrumb\"},\"inLanguage\":\"es\",\"potentialAction\":[{\"@type\":\"ReadAction\",\"target\":[\"https:\/\/www.padreeustaquio.com.br\/grupo-de-devotos-holandeses-e-familiares-de-padre-eustaquio-virao-para-a-festa-do-beato\/\"]}]},{\"@type\":\"ImageObject\",\"inLanguage\":\"es\",\"@id\":\"https:\/\/www.padreeustaquio.com.br\/grupo-de-devotos-holandeses-e-familiares-de-padre-eustaquio-virao-para-a-festa-do-beato\/#primaryimage\",\"url\":\"https:\/\/www.padreeustaquio.com.br\/wp-content\/uploads\/2023\/08\/Irmaos-van-den-boomen.jpeg\",\"contentUrl\":\"https:\/\/www.padreeustaquio.com.br\/wp-content\/uploads\/2023\/08\/Irmaos-van-den-boomen.jpeg\",\"width\":1024,\"height\":768,\"caption\":\"Os irm\u00e3os Will e Jan van den Boomen, sobrinhos do Beato, gravando para o Canal Padre Eust\u00e1quio\"},{\"@type\":\"BreadcrumbList\",\"@id\":\"https:\/\/www.padreeustaquio.com.br\/grupo-de-devotos-holandeses-e-familiares-de-padre-eustaquio-virao-para-a-festa-do-beato\/#breadcrumb\",\"itemListElement\":[{\"@type\":\"ListItem\",\"position\":1,\"name\":\"In\u00edcio\",\"item\":\"https:\/\/www.padreeustaquio.com.br\/\"},{\"@type\":\"ListItem\",\"position\":2,\"name\":\"Grupo de devotos holandeses e familiares de Padre Eust\u00e1quio vir\u00e3o para a Festa do Beato\"}]},{\"@type\":\"WebSite\",\"@id\":\"https:\/\/www.padreeustaquio.com.br\/#website\",\"url\":\"https:\/\/www.padreeustaquio.com.br\/\",\"name\":\"Padre Eust\u00e1quio\",\"description\":\"Sa\u00fade e Paz\",\"publisher\":{\"@id\":\"https:\/\/www.padreeustaquio.com.br\/#organization\"},\"potentialAction\":[{\"@type\":\"SearchAction\",\"target\":{\"@type\":\"EntryPoint\",\"urlTemplate\":\"https:\/\/www.padreeustaquio.com.br\/?s={search_term_string}\"},\"query-input\":{\"@type\":\"PropertyValueSpecification\",\"valueRequired\":true,\"valueName\":\"search_term_string\"}}],\"inLanguage\":\"es\"},{\"@type\":\"Organization\",\"@id\":\"https:\/\/www.padreeustaquio.com.br\/#organization\",\"name\":\"Padre Eust\u00e1quio\",\"url\":\"https:\/\/www.padreeustaquio.com.br\/\",\"logo\":{\"@type\":\"ImageObject\",\"inLanguage\":\"es\",\"@id\":\"https:\/\/www.padreeustaquio.com.br\/#\/schema\/logo\/image\/\",\"url\":\"https:\/\/www.padreeustaquio.com.br\/wp-content\/uploads\/2019\/08\/marca.png\",\"contentUrl\":\"https:\/\/www.padreeustaquio.com.br\/wp-content\/uploads\/2019\/08\/marca.png\",\"width\":350,\"height\":400,\"caption\":\"Padre Eust\u00e1quio\"},\"image\":{\"@id\":\"https:\/\/www.padreeustaquio.com.br\/#\/schema\/logo\/image\/\"},\"sameAs\":[\"https:\/\/www.facebook.com\/beatopadreeustaquio\/\",\"https:\/\/x.com\/beatopeustaquio\",\"https:\/\/www.instagram.com\/beatopadreeustaquio\/\",\"https:\/\/www.youtube.com\/channel\/UCRhw7vfabnajwLxb1ZXMeIw\"]},{\"@type\":\"Person\",\"@id\":\"https:\/\/www.padreeustaquio.com.br\/#\/schema\/person\/a2a51db1d00f1a7af0204a0f1ddb1566\",\"name\":\"@sscc\",\"image\":{\"@type\":\"ImageObject\",\"inLanguage\":\"es\",\"@id\":\"https:\/\/secure.gravatar.com\/avatar\/68cfafa5f44617fea54071e215026e0ff06be366c3d54a8425f04fdcb86f8c5f?s=96&d=mm&r=g\",\"url\":\"https:\/\/secure.gravatar.com\/avatar\/68cfafa5f44617fea54071e215026e0ff06be366c3d54a8425f04fdcb86f8c5f?s=96&d=mm&r=g\",\"contentUrl\":\"https:\/\/secure.gravatar.com\/avatar\/68cfafa5f44617fea54071e215026e0ff06be366c3d54a8425f04fdcb86f8c5f?s=96&d=mm&r=g\",\"caption\":\"@sscc\"},\"url\":\"https:\/\/www.padreeustaquio.com.br\/es\/author\/sscc\/\"}]}<\/script>\n<!-- \/ Yoast SEO plugin. -->","yoast_head_json":{"title":"Un grupo de devotos holandeses y familiares del Padre Eust\u00e1quio vendr\u00e1n para la Fiesta del Sant\u00edsimo.","description":"Se espera que un grupo de 13 personas procedentes de los Pa\u00edses Bajos llegue a Brasil ma\u00f1ana, 25 de agosto, para participar en la celebraci\u00f3n del 80.\u00ba aniversario de la devoci\u00f3n al Beato Padre Eust\u00e1quio. Son familiares, entre ellos dos sobrinos del sacerdote, as\u00ed como devotos del Beato residentes en su pa\u00eds de origen.","robots":{"index":"index","follow":"follow","max-snippet":"max-snippet:-1","max-image-preview":"max-image-preview:large","max-video-preview":"max-video-preview:-1"},"canonical":"https:\/\/www.padreeustaquio.com.br\/es\/un-grupo-de-devotos-holandeses-y-familiares-del-padre-eustaquio-acudiran-a-la-fiesta-del-beato\/","og_locale":"es_ES","og_type":"article","og_title":"Grupo de devotos holandeses e familiares de Padre Eust\u00e1quio vir\u00e3o para a Festa do Beato","og_description":"Um grupo de 13 pessoas vindas da Holanda, deve chegar ao Brasil amanh\u00e3, dia 25 de agosto para participar da Festa dos 80 anos de devo\u00e7\u00e3o ao Beato Padre Eust\u00e1quio. S\u00e3o familiares, dentre eles dois sobrinhos do religioso, al\u00e9m de devotos do Beato que moram na terra natal dele.","og_url":"https:\/\/www.padreeustaquio.com.br\/es\/un-grupo-de-devotos-holandeses-y-familiares-del-padre-eustaquio-acudiran-a-la-fiesta-del-beato\/","og_site_name":"Padre Eust\u00e1quio","article_publisher":"https:\/\/www.facebook.com\/beatopadreeustaquio\/","article_published_time":"2023-08-24T09:34:06+00:00","article_modified_time":"2023-08-24T13:23:02+00:00","og_image":[{"width":1024,"height":768,"url":"https:\/\/www.padreeustaquio.com.br\/wp-content\/uploads\/2023\/08\/Irmaos-van-den-boomen.jpeg","type":"image\/jpeg"}],"author":"@sscc","twitter_card":"summary_large_image","twitter_creator":"@beatopeustaquio","twitter_site":"@beatopeustaquio","twitter_misc":{"Escrito por":"@sscc","Tiempo de lectura":"2 minutos"},"schema":{"@context":"https:\/\/schema.org","@graph":[{"@type":"Article","@id":"https:\/\/www.padreeustaquio.com.br\/grupo-de-devotos-holandeses-e-familiares-de-padre-eustaquio-virao-para-a-festa-do-beato\/#article","isPartOf":{"@id":"https:\/\/www.padreeustaquio.com.br\/grupo-de-devotos-holandeses-e-familiares-de-padre-eustaquio-virao-para-a-festa-do-beato\/"},"author":{"name":"@sscc","@id":"https:\/\/www.padreeustaquio.com.br\/#\/schema\/person\/a2a51db1d00f1a7af0204a0f1ddb1566"},"headline":"Grupo de devotos holandeses e familiares de Padre Eust\u00e1quio vir\u00e3o para a Festa do Beato","datePublished":"2023-08-24T09:34:06+00:00","dateModified":"2023-08-24T13:23:02+00:00","mainEntityOfPage":{"@id":"https:\/\/www.padreeustaquio.com.br\/grupo-de-devotos-holandeses-e-familiares-de-padre-eustaquio-virao-para-a-festa-do-beato\/"},"wordCount":237,"commentCount":0,"publisher":{"@id":"https:\/\/www.padreeustaquio.com.br\/#organization"},"image":{"@id":"https:\/\/www.padreeustaquio.com.br\/grupo-de-devotos-holandeses-e-familiares-de-padre-eustaquio-virao-para-a-festa-do-beato\/#primaryimage"},"thumbnailUrl":"https:\/\/www.padreeustaquio.com.br\/wp-content\/uploads\/2023\/08\/Irmaos-van-den-boomen.jpeg","articleSection":["Not\u00edcias"],"inLanguage":"es","potentialAction":[{"@type":"CommentAction","name":"Comment","target":["https:\/\/www.padreeustaquio.com.br\/grupo-de-devotos-holandeses-e-familiares-de-padre-eustaquio-virao-para-a-festa-do-beato\/#respond"]}]},{"@type":"WebPage","@id":"https:\/\/www.padreeustaquio.com.br\/grupo-de-devotos-holandeses-e-familiares-de-padre-eustaquio-virao-para-a-festa-do-beato\/","url":"https:\/\/www.padreeustaquio.com.br\/grupo-de-devotos-holandeses-e-familiares-de-padre-eustaquio-virao-para-a-festa-do-beato\/","name":"Un grupo de devotos holandeses y familiares del Padre Eust\u00e1quio vendr\u00e1n para la Fiesta del Sant\u00edsimo.","isPartOf":{"@id":"https:\/\/www.padreeustaquio.com.br\/#website"},"primaryImageOfPage":{"@id":"https:\/\/www.padreeustaquio.com.br\/grupo-de-devotos-holandeses-e-familiares-de-padre-eustaquio-virao-para-a-festa-do-beato\/#primaryimage"},"image":{"@id":"https:\/\/www.padreeustaquio.com.br\/grupo-de-devotos-holandeses-e-familiares-de-padre-eustaquio-virao-para-a-festa-do-beato\/#primaryimage"},"thumbnailUrl":"https:\/\/www.padreeustaquio.com.br\/wp-content\/uploads\/2023\/08\/Irmaos-van-den-boomen.jpeg","datePublished":"2023-08-24T09:34:06+00:00","dateModified":"2023-08-24T13:23:02+00:00","description":"Se espera que un grupo de 13 personas procedentes de los Pa\u00edses Bajos llegue a Brasil ma\u00f1ana, 25 de agosto, para participar en la celebraci\u00f3n del 80.\u00ba aniversario de la devoci\u00f3n al Beato Padre Eust\u00e1quio. Son familiares, entre ellos dos sobrinos del sacerdote, as\u00ed como devotos del Beato residentes en su pa\u00eds de origen.","breadcrumb":{"@id":"https:\/\/www.padreeustaquio.com.br\/grupo-de-devotos-holandeses-e-familiares-de-padre-eustaquio-virao-para-a-festa-do-beato\/#breadcrumb"},"inLanguage":"es","potentialAction":[{"@type":"ReadAction","target":["https:\/\/www.padreeustaquio.com.br\/grupo-de-devotos-holandeses-e-familiares-de-padre-eustaquio-virao-para-a-festa-do-beato\/"]}]},{"@type":"ImageObject","inLanguage":"es","@id":"https:\/\/www.padreeustaquio.com.br\/grupo-de-devotos-holandeses-e-familiares-de-padre-eustaquio-virao-para-a-festa-do-beato\/#primaryimage","url":"https:\/\/www.padreeustaquio.com.br\/wp-content\/uploads\/2023\/08\/Irmaos-van-den-boomen.jpeg","contentUrl":"https:\/\/www.padreeustaquio.com.br\/wp-content\/uploads\/2023\/08\/Irmaos-van-den-boomen.jpeg","width":1024,"height":768,"caption":"Os irm\u00e3os Will e Jan van den Boomen, sobrinhos do Beato, gravando para o Canal Padre Eust\u00e1quio"},{"@type":"BreadcrumbList","@id":"https:\/\/www.padreeustaquio.com.br\/grupo-de-devotos-holandeses-e-familiares-de-padre-eustaquio-virao-para-a-festa-do-beato\/#breadcrumb","itemListElement":[{"@type":"ListItem","position":1,"name":"In\u00edcio","item":"https:\/\/www.padreeustaquio.com.br\/"},{"@type":"ListItem","position":2,"name":"Grupo de devotos holandeses e familiares de Padre Eust\u00e1quio vir\u00e3o para a Festa do Beato"}]},{"@type":"WebSite","@id":"https:\/\/www.padreeustaquio.com.br\/#website","url":"https:\/\/www.padreeustaquio.com.br\/","name":"Padre Eustace","description":"Salud y Paz","publisher":{"@id":"https:\/\/www.padreeustaquio.com.br\/#organization"},"potentialAction":[{"@type":"SearchAction","target":{"@type":"EntryPoint","urlTemplate":"https:\/\/www.padreeustaquio.com.br\/?s={search_term_string}"},"query-input":{"@type":"PropertyValueSpecification","valueRequired":true,"valueName":"search_term_string"}}],"inLanguage":"es"},{"@type":"Organization","@id":"https:\/\/www.padreeustaquio.com.br\/#organization","name":"Padre Eustace","url":"https:\/\/www.padreeustaquio.com.br\/","logo":{"@type":"ImageObject","inLanguage":"es","@id":"https:\/\/www.padreeustaquio.com.br\/#\/schema\/logo\/image\/","url":"https:\/\/www.padreeustaquio.com.br\/wp-content\/uploads\/2019\/08\/marca.png","contentUrl":"https:\/\/www.padreeustaquio.com.br\/wp-content\/uploads\/2019\/08\/marca.png","width":350,"height":400,"caption":"Padre Eust\u00e1quio"},"image":{"@id":"https:\/\/www.padreeustaquio.com.br\/#\/schema\/logo\/image\/"},"sameAs":["https:\/\/www.facebook.com\/beatopadreeustaquio\/","https:\/\/x.com\/beatopeustaquio","https:\/\/www.instagram.com\/beatopadreeustaquio\/","https:\/\/www.youtube.com\/channel\/UCRhw7vfabnajwLxb1ZXMeIw"]},{"@type":"Person","@id":"https:\/\/www.padreeustaquio.com.br\/#\/schema\/person\/a2a51db1d00f1a7af0204a0f1ddb1566","name":"@sscc","image":{"@type":"ImageObject","inLanguage":"es","@id":"https:\/\/secure.gravatar.com\/avatar\/68cfafa5f44617fea54071e215026e0ff06be366c3d54a8425f04fdcb86f8c5f?s=96&d=mm&r=g","url":"https:\/\/secure.gravatar.com\/avatar\/68cfafa5f44617fea54071e215026e0ff06be366c3d54a8425f04fdcb86f8c5f?s=96&d=mm&r=g","contentUrl":"https:\/\/secure.gravatar.com\/avatar\/68cfafa5f44617fea54071e215026e0ff06be366c3d54a8425f04fdcb86f8c5f?s=96&d=mm&r=g","caption":"@sscc"},"url":"https:\/\/www.padreeustaquio.com.br\/es\/author\/sscc\/"}]}},"_links":{"self":[{"href":"https:\/\/www.padreeustaquio.com.br\/es\/wp-json\/wp\/v2\/posts\/10827","targetHints":{"allow":["GET"]}}],"collection":[{"href":"https:\/\/www.padreeustaquio.com.br\/es\/wp-json\/wp\/v2\/posts"}],"about":[{"href":"https:\/\/www.padreeustaquio.com.br\/es\/wp-json\/wp\/v2\/types\/post"}],"author":[{"embeddable":true,"href":"https:\/\/www.padreeustaquio.com.br\/es\/wp-json\/wp\/v2\/users\/2"}],"replies":[{"embeddable":true,"href":"https:\/\/www.padreeustaquio.com.br\/es\/wp-json\/wp\/v2\/comments?post=10827"}],"version-history":[{"count":0,"href":"https:\/\/www.padreeustaquio.com.br\/es\/wp-json\/wp\/v2\/posts\/10827\/revisions"}],"wp:featuredmedia":[{"embeddable":true,"href":"https:\/\/www.padreeustaquio.com.br\/es\/wp-json\/wp\/v2\/media\/10829"}],"wp:attachment":[{"href":"https:\/\/www.padreeustaquio.com.br\/es\/wp-json\/wp\/v2\/media?parent=10827"}],"wp:term":[{"taxonomy":"category","embeddable":true,"href":"https:\/\/www.padreeustaquio.com.br\/es\/wp-json\/wp\/v2\/categories?post=10827"},{"taxonomy":"post_tag","embeddable":true,"href":"https:\/\/www.padreeustaquio.com.br\/es\/wp-json\/wp\/v2\/tags?post=10827"}],"curies":[{"name":"wp","href":"https:\/\/api.w.org\/{rel}","templated":true}]}}