{"id":10822,"date":"2023-08-23T08:32:42","date_gmt":"2023-08-23T11:32:42","guid":{"rendered":"https:\/\/www.padreeustaquio.com.br\/?p=10822"},"modified":"2023-08-23T08:32:42","modified_gmt":"2023-08-23T11:32:42","slug":"coro-infantil-de-carmopolis-de-minas-participa-de-celebracion-en-el-santuario","status":"publish","type":"post","link":"https:\/\/www.padreeustaquio.com.br\/es\/coro-infantil-de-carmopolis-de-minas-participa-de-celebracion-en-el-santuario\/","title":{"rendered":"Coro infantil de Carm\u00f3polis de Minas participa de celebraci\u00f3n en el Santuario."},"content":{"rendered":"<p>El Coro de los Peque\u00f1os Cantores de los Sagrados Corazones, de Carm\u00f3polis de Minas, en la regi\u00f3n occidental de Minas Gerais, se present\u00f3 este domingo en el Santuario Arquidiocesano de Salud y Paz, la Iglesia del Beato Padre Eust\u00e1quio. Este es el segundo a\u00f1o que el grupo se presenta en la festividad del Beato.<\/p>\n<p>Un total de 23 ni\u00f1os cantaron durante la Santa Misa de las 17:00 h, un domingo festivo para la comunidad de devotos del Padre Eust\u00e1quio. La celebraci\u00f3n se transmiti\u00f3 en vivo por el canal de YouTube del Padre Eust\u00e1quio., <a href=\"https:\/\/www.youtube.com\/watch?v=3fLQKV90uvI\">REVISAR AQU\u00cd<\/a>.<\/p>\n<p>Al final de la celebraci\u00f3n, los ni\u00f1os rindieron homenaje al Sagrado Coraz\u00f3n de Jes\u00fas y al Inmaculado Coraz\u00f3n de Mar\u00eda en una coronaci\u00f3n llena de m\u00fasica y emoci\u00f3n. Muchos asistentes a la misa lloraron al ver tanta belleza en las canciones infantiles.<\/p>\n<p>Despu\u00e9s de la misa, el equipo de Catequesis recibi\u00f3 a los ni\u00f1os, padres, m\u00fasicos y coordinadores en uno de los salones del Santuario con un refrigerio y mucha gratitud. El a\u00f1o pasado, los Peque\u00f1os Cantores tambi\u00e9n se presentaron en el festival Padre Eust\u00e1quio, y ahora ya est\u00e1n pensando en el festival del pr\u00f3ximo a\u00f1o.<\/p>\n<p><strong>Peque\u00f1os Cantores de los Sagrados Corazones<\/p>\n<p><\/strong>El Coro &quot;Peque\u00f1os Cantores de los Sagrados Corazones&quot; se cre\u00f3 en junio de 1997, con el apoyo del difunto p\u00e1rroco, Padre Jos\u00e9 Erlei de Almeida. El grupo no tiene requisitos de edad ni de tiempo para dejar el coro, por lo que el l\u00edmite de perseverancia depende de cada ni\u00f1o. Sin embargo, la edad promedio de los ni\u00f1os y adolescentes es de 6 a 14 a\u00f1os.<\/p>\n<p>El trabajo es voluntario, con el apoyo de las familias y el p\u00e1rroco. La principal actividad de los j\u00f3venes cantantes es la evangelizaci\u00f3n, especialmente durante las celebraciones lit\u00fargicas como la Pascua, la Coronaci\u00f3n del Sagrado Coraz\u00f3n de Jes\u00fas y la Navidad. Cuando son invitados, tambi\u00e9n act\u00faan en pueblos vecinos de Carm\u00f3polis de Minas.<\/p>","protected":false},"excerpt":{"rendered":"<p>O Coral dos Pequenos Cantores dos Sagrados Cora\u00e7\u00f5es, de Carm\u00f3polis de Minas, regi\u00e3o oeste de Minas Gerais, se apresentou nesse domingo, no Santu\u00e1rio Arquidiocesano da Sa\u00fade e da Paz, a Igreja do Beato Padre Eust\u00e1quio. Este \u00e9 o segundo ano que o grupo se apresenta na festa do Beato. Ao todo 23 crian\u00e7as cantaram durante a Santa Missa das 17h, num domingo festivo para a comunidade de devotos de Padre Eust\u00e1quio. Toda a celebra\u00e7\u00e3o foi transmitida, ao vivo, pelo YouTube Canal Padre Eust\u00e1quio, REVEJA AQUI. Ao final da celebra\u00e7\u00e3o, as crian\u00e7as fizeram uma homenagem ao Sagrado Cora\u00e7\u00e3o de Jesus e [&hellip;]<\/p>\n","protected":false},"author":2,"featured_media":10824,"comment_status":"open","ping_status":"closed","sticky":false,"template":"","format":"standard","meta":{"_acf_changed":false,"footnotes":""},"categories":[611],"tags":[],"class_list":["post-10822","post","type-post","status-publish","format-standard","has-post-thumbnail","hentry","category-noticias"],"acf":[],"yoast_head":"<!-- This site is optimized with the Yoast SEO plugin v27.2 - https:\/\/yoast.com\/product\/yoast-seo-wordpress\/ -->\n<title>Coral infantil de Carm\u00f3polis de Minas participa de celebra\u00e7\u00e3o no Santu\u00e1rio<\/title>\n<meta name=\"description\" content=\"O Coral dos Pequenos Cantores dos Sagrados Cora\u00e7\u00f5es, de Carm\u00f3polis de Minas, regi\u00e3o oeste de Minas Gerais, se apresentou nesse domingo, no Santu\u00e1rio Arquidiocesano da Sa\u00fade e da Paz, a Igreja do Beato Padre Eust\u00e1quio. Este \u00e9 o segundo ano que o grupo se apresenta na festa do Beato.\" \/>\n<meta name=\"robots\" content=\"index, follow, max-snippet:-1, max-image-preview:large, max-video-preview:-1\" \/>\n<link rel=\"canonical\" href=\"https:\/\/www.padreeustaquio.com.br\/es\/coro-infantil-de-carmopolis-de-minas-participa-de-celebracion-en-el-santuario\/\" \/>\n<meta property=\"og:locale\" content=\"es_ES\" \/>\n<meta property=\"og:type\" content=\"article\" \/>\n<meta property=\"og:title\" content=\"Coral infantil de Carm\u00f3polis de Minas participa de celebra\u00e7\u00e3o no Santu\u00e1rio\" \/>\n<meta property=\"og:description\" content=\"O Coral dos Pequenos Cantores dos Sagrados Cora\u00e7\u00f5es, de Carm\u00f3polis de Minas, regi\u00e3o oeste de Minas Gerais, se apresentou nesse domingo, no Santu\u00e1rio Arquidiocesano da Sa\u00fade e da Paz, a Igreja do Beato Padre Eust\u00e1quio. Este \u00e9 o segundo ano que o grupo se apresenta na festa do Beato.\" \/>\n<meta property=\"og:url\" content=\"https:\/\/www.padreeustaquio.com.br\/es\/coro-infantil-de-carmopolis-de-minas-participa-de-celebracion-en-el-santuario\/\" \/>\n<meta property=\"og:site_name\" content=\"Padre Eust\u00e1quio\" \/>\n<meta property=\"article:publisher\" content=\"https:\/\/www.facebook.com\/beatopadreeustaquio\/\" \/>\n<meta property=\"article:published_time\" content=\"2023-08-23T11:32:42+00:00\" \/>\n<meta property=\"og:image\" content=\"https:\/\/www.padreeustaquio.com.br\/wp-content\/uploads\/2023\/08\/Coral-pequenos-cantores-carmopolis.jpeg\" \/>\n\t<meta property=\"og:image:width\" content=\"1024\" \/>\n\t<meta property=\"og:image:height\" content=\"768\" \/>\n\t<meta property=\"og:image:type\" content=\"image\/jpeg\" \/>\n<meta name=\"author\" content=\"@sscc\" \/>\n<meta name=\"twitter:card\" content=\"summary_large_image\" \/>\n<meta name=\"twitter:creator\" content=\"@beatopeustaquio\" \/>\n<meta name=\"twitter:site\" content=\"@beatopeustaquio\" \/>\n<meta name=\"twitter:label1\" content=\"Escrito por\" \/>\n\t<meta name=\"twitter:data1\" content=\"@sscc\" \/>\n\t<meta name=\"twitter:label2\" content=\"Tiempo de lectura\" \/>\n\t<meta name=\"twitter:data2\" content=\"2 minutos\" \/>\n<script type=\"application\/ld+json\" class=\"yoast-schema-graph\">{\"@context\":\"https:\/\/schema.org\",\"@graph\":[{\"@type\":\"Article\",\"@id\":\"https:\/\/www.padreeustaquio.com.br\/coral-infantil-de-carmopolis-de-minas-participa-de-celebracao-no-santuario\/#article\",\"isPartOf\":{\"@id\":\"https:\/\/www.padreeustaquio.com.br\/coral-infantil-de-carmopolis-de-minas-participa-de-celebracao-no-santuario\/\"},\"author\":{\"name\":\"@sscc\",\"@id\":\"https:\/\/www.padreeustaquio.com.br\/#\/schema\/person\/a2a51db1d00f1a7af0204a0f1ddb1566\"},\"headline\":\"Coral infantil de Carm\u00f3polis de Minas participa de celebra\u00e7\u00e3o no Santu\u00e1rio\",\"datePublished\":\"2023-08-23T11:32:42+00:00\",\"mainEntityOfPage\":{\"@id\":\"https:\/\/www.padreeustaquio.com.br\/coral-infantil-de-carmopolis-de-minas-participa-de-celebracao-no-santuario\/\"},\"wordCount\":353,\"commentCount\":0,\"publisher\":{\"@id\":\"https:\/\/www.padreeustaquio.com.br\/#organization\"},\"image\":{\"@id\":\"https:\/\/www.padreeustaquio.com.br\/coral-infantil-de-carmopolis-de-minas-participa-de-celebracao-no-santuario\/#primaryimage\"},\"thumbnailUrl\":\"https:\/\/www.padreeustaquio.com.br\/wp-content\/uploads\/2023\/08\/Coral-pequenos-cantores-carmopolis.jpeg\",\"articleSection\":[\"Not\u00edcias\"],\"inLanguage\":\"es\",\"potentialAction\":[{\"@type\":\"CommentAction\",\"name\":\"Comment\",\"target\":[\"https:\/\/www.padreeustaquio.com.br\/coral-infantil-de-carmopolis-de-minas-participa-de-celebracao-no-santuario\/#respond\"]}]},{\"@type\":\"WebPage\",\"@id\":\"https:\/\/www.padreeustaquio.com.br\/coral-infantil-de-carmopolis-de-minas-participa-de-celebracao-no-santuario\/\",\"url\":\"https:\/\/www.padreeustaquio.com.br\/coral-infantil-de-carmopolis-de-minas-participa-de-celebracao-no-santuario\/\",\"name\":\"Coral infantil de Carm\u00f3polis de Minas participa de celebra\u00e7\u00e3o no Santu\u00e1rio\",\"isPartOf\":{\"@id\":\"https:\/\/www.padreeustaquio.com.br\/#website\"},\"primaryImageOfPage\":{\"@id\":\"https:\/\/www.padreeustaquio.com.br\/coral-infantil-de-carmopolis-de-minas-participa-de-celebracao-no-santuario\/#primaryimage\"},\"image\":{\"@id\":\"https:\/\/www.padreeustaquio.com.br\/coral-infantil-de-carmopolis-de-minas-participa-de-celebracao-no-santuario\/#primaryimage\"},\"thumbnailUrl\":\"https:\/\/www.padreeustaquio.com.br\/wp-content\/uploads\/2023\/08\/Coral-pequenos-cantores-carmopolis.jpeg\",\"datePublished\":\"2023-08-23T11:32:42+00:00\",\"description\":\"O Coral dos Pequenos Cantores dos Sagrados Cora\u00e7\u00f5es, de Carm\u00f3polis de Minas, regi\u00e3o oeste de Minas Gerais, se apresentou nesse domingo, no Santu\u00e1rio Arquidiocesano da Sa\u00fade e da Paz, a Igreja do Beato Padre Eust\u00e1quio. Este \u00e9 o segundo ano que o grupo se apresenta na festa do Beato.\",\"breadcrumb\":{\"@id\":\"https:\/\/www.padreeustaquio.com.br\/coral-infantil-de-carmopolis-de-minas-participa-de-celebracao-no-santuario\/#breadcrumb\"},\"inLanguage\":\"es\",\"potentialAction\":[{\"@type\":\"ReadAction\",\"target\":[\"https:\/\/www.padreeustaquio.com.br\/coral-infantil-de-carmopolis-de-minas-participa-de-celebracao-no-santuario\/\"]}]},{\"@type\":\"ImageObject\",\"inLanguage\":\"es\",\"@id\":\"https:\/\/www.padreeustaquio.com.br\/coral-infantil-de-carmopolis-de-minas-participa-de-celebracao-no-santuario\/#primaryimage\",\"url\":\"https:\/\/www.padreeustaquio.com.br\/wp-content\/uploads\/2023\/08\/Coral-pequenos-cantores-carmopolis.jpeg\",\"contentUrl\":\"https:\/\/www.padreeustaquio.com.br\/wp-content\/uploads\/2023\/08\/Coral-pequenos-cantores-carmopolis.jpeg\",\"width\":1024,\"height\":768},{\"@type\":\"BreadcrumbList\",\"@id\":\"https:\/\/www.padreeustaquio.com.br\/coral-infantil-de-carmopolis-de-minas-participa-de-celebracao-no-santuario\/#breadcrumb\",\"itemListElement\":[{\"@type\":\"ListItem\",\"position\":1,\"name\":\"In\u00edcio\",\"item\":\"https:\/\/www.padreeustaquio.com.br\/\"},{\"@type\":\"ListItem\",\"position\":2,\"name\":\"Coral infantil de Carm\u00f3polis de Minas participa de celebra\u00e7\u00e3o no Santu\u00e1rio\"}]},{\"@type\":\"WebSite\",\"@id\":\"https:\/\/www.padreeustaquio.com.br\/#website\",\"url\":\"https:\/\/www.padreeustaquio.com.br\/\",\"name\":\"Padre Eust\u00e1quio\",\"description\":\"Sa\u00fade e Paz\",\"publisher\":{\"@id\":\"https:\/\/www.padreeustaquio.com.br\/#organization\"},\"potentialAction\":[{\"@type\":\"SearchAction\",\"target\":{\"@type\":\"EntryPoint\",\"urlTemplate\":\"https:\/\/www.padreeustaquio.com.br\/?s={search_term_string}\"},\"query-input\":{\"@type\":\"PropertyValueSpecification\",\"valueRequired\":true,\"valueName\":\"search_term_string\"}}],\"inLanguage\":\"es\"},{\"@type\":\"Organization\",\"@id\":\"https:\/\/www.padreeustaquio.com.br\/#organization\",\"name\":\"Padre Eust\u00e1quio\",\"url\":\"https:\/\/www.padreeustaquio.com.br\/\",\"logo\":{\"@type\":\"ImageObject\",\"inLanguage\":\"es\",\"@id\":\"https:\/\/www.padreeustaquio.com.br\/#\/schema\/logo\/image\/\",\"url\":\"https:\/\/www.padreeustaquio.com.br\/wp-content\/uploads\/2019\/08\/marca.png\",\"contentUrl\":\"https:\/\/www.padreeustaquio.com.br\/wp-content\/uploads\/2019\/08\/marca.png\",\"width\":350,\"height\":400,\"caption\":\"Padre Eust\u00e1quio\"},\"image\":{\"@id\":\"https:\/\/www.padreeustaquio.com.br\/#\/schema\/logo\/image\/\"},\"sameAs\":[\"https:\/\/www.facebook.com\/beatopadreeustaquio\/\",\"https:\/\/x.com\/beatopeustaquio\",\"https:\/\/www.instagram.com\/beatopadreeustaquio\/\",\"https:\/\/www.youtube.com\/channel\/UCRhw7vfabnajwLxb1ZXMeIw\"]},{\"@type\":\"Person\",\"@id\":\"https:\/\/www.padreeustaquio.com.br\/#\/schema\/person\/a2a51db1d00f1a7af0204a0f1ddb1566\",\"name\":\"@sscc\",\"image\":{\"@type\":\"ImageObject\",\"inLanguage\":\"es\",\"@id\":\"https:\/\/secure.gravatar.com\/avatar\/68cfafa5f44617fea54071e215026e0ff06be366c3d54a8425f04fdcb86f8c5f?s=96&d=mm&r=g\",\"url\":\"https:\/\/secure.gravatar.com\/avatar\/68cfafa5f44617fea54071e215026e0ff06be366c3d54a8425f04fdcb86f8c5f?s=96&d=mm&r=g\",\"contentUrl\":\"https:\/\/secure.gravatar.com\/avatar\/68cfafa5f44617fea54071e215026e0ff06be366c3d54a8425f04fdcb86f8c5f?s=96&d=mm&r=g\",\"caption\":\"@sscc\"},\"url\":\"https:\/\/www.padreeustaquio.com.br\/es\/author\/sscc\/\"}]}<\/script>\n<!-- \/ Yoast SEO plugin. -->","yoast_head_json":{"title":"Coro infantil de Carm\u00f3polis de Minas participa de celebraci\u00f3n en el Santuario.","description":"El Coro de los Peque\u00f1os Cantores de los Sagrados Corazones, de Carm\u00f3polis de Minas, en la regi\u00f3n occidental de Minas Gerais, se present\u00f3 este domingo en el Santuario Arquidiocesano de Salud y Paz, la Iglesia del Beato Padre Eust\u00e1quio. Este es el segundo a\u00f1o que el grupo se presenta en la festividad del Beato.","robots":{"index":"index","follow":"follow","max-snippet":"max-snippet:-1","max-image-preview":"max-image-preview:large","max-video-preview":"max-video-preview:-1"},"canonical":"https:\/\/www.padreeustaquio.com.br\/es\/coro-infantil-de-carmopolis-de-minas-participa-de-celebracion-en-el-santuario\/","og_locale":"es_ES","og_type":"article","og_title":"Coral infantil de Carm\u00f3polis de Minas participa de celebra\u00e7\u00e3o no Santu\u00e1rio","og_description":"O Coral dos Pequenos Cantores dos Sagrados Cora\u00e7\u00f5es, de Carm\u00f3polis de Minas, regi\u00e3o oeste de Minas Gerais, se apresentou nesse domingo, no Santu\u00e1rio Arquidiocesano da Sa\u00fade e da Paz, a Igreja do Beato Padre Eust\u00e1quio. Este \u00e9 o segundo ano que o grupo se apresenta na festa do Beato.","og_url":"https:\/\/www.padreeustaquio.com.br\/es\/coro-infantil-de-carmopolis-de-minas-participa-de-celebracion-en-el-santuario\/","og_site_name":"Padre Eust\u00e1quio","article_publisher":"https:\/\/www.facebook.com\/beatopadreeustaquio\/","article_published_time":"2023-08-23T11:32:42+00:00","og_image":[{"width":1024,"height":768,"url":"https:\/\/www.padreeustaquio.com.br\/wp-content\/uploads\/2023\/08\/Coral-pequenos-cantores-carmopolis.jpeg","type":"image\/jpeg"}],"author":"@sscc","twitter_card":"summary_large_image","twitter_creator":"@beatopeustaquio","twitter_site":"@beatopeustaquio","twitter_misc":{"Escrito por":"@sscc","Tiempo de lectura":"2 minutos"},"schema":{"@context":"https:\/\/schema.org","@graph":[{"@type":"Article","@id":"https:\/\/www.padreeustaquio.com.br\/coral-infantil-de-carmopolis-de-minas-participa-de-celebracao-no-santuario\/#article","isPartOf":{"@id":"https:\/\/www.padreeustaquio.com.br\/coral-infantil-de-carmopolis-de-minas-participa-de-celebracao-no-santuario\/"},"author":{"name":"@sscc","@id":"https:\/\/www.padreeustaquio.com.br\/#\/schema\/person\/a2a51db1d00f1a7af0204a0f1ddb1566"},"headline":"Coral infantil de Carm\u00f3polis de Minas participa de celebra\u00e7\u00e3o no Santu\u00e1rio","datePublished":"2023-08-23T11:32:42+00:00","mainEntityOfPage":{"@id":"https:\/\/www.padreeustaquio.com.br\/coral-infantil-de-carmopolis-de-minas-participa-de-celebracao-no-santuario\/"},"wordCount":353,"commentCount":0,"publisher":{"@id":"https:\/\/www.padreeustaquio.com.br\/#organization"},"image":{"@id":"https:\/\/www.padreeustaquio.com.br\/coral-infantil-de-carmopolis-de-minas-participa-de-celebracao-no-santuario\/#primaryimage"},"thumbnailUrl":"https:\/\/www.padreeustaquio.com.br\/wp-content\/uploads\/2023\/08\/Coral-pequenos-cantores-carmopolis.jpeg","articleSection":["Not\u00edcias"],"inLanguage":"es","potentialAction":[{"@type":"CommentAction","name":"Comment","target":["https:\/\/www.padreeustaquio.com.br\/coral-infantil-de-carmopolis-de-minas-participa-de-celebracao-no-santuario\/#respond"]}]},{"@type":"WebPage","@id":"https:\/\/www.padreeustaquio.com.br\/coral-infantil-de-carmopolis-de-minas-participa-de-celebracao-no-santuario\/","url":"https:\/\/www.padreeustaquio.com.br\/coral-infantil-de-carmopolis-de-minas-participa-de-celebracao-no-santuario\/","name":"Coro infantil de Carm\u00f3polis de Minas participa de celebraci\u00f3n en el Santuario.","isPartOf":{"@id":"https:\/\/www.padreeustaquio.com.br\/#website"},"primaryImageOfPage":{"@id":"https:\/\/www.padreeustaquio.com.br\/coral-infantil-de-carmopolis-de-minas-participa-de-celebracao-no-santuario\/#primaryimage"},"image":{"@id":"https:\/\/www.padreeustaquio.com.br\/coral-infantil-de-carmopolis-de-minas-participa-de-celebracao-no-santuario\/#primaryimage"},"thumbnailUrl":"https:\/\/www.padreeustaquio.com.br\/wp-content\/uploads\/2023\/08\/Coral-pequenos-cantores-carmopolis.jpeg","datePublished":"2023-08-23T11:32:42+00:00","description":"El Coro de los Peque\u00f1os Cantores de los Sagrados Corazones, de Carm\u00f3polis de Minas, en la regi\u00f3n occidental de Minas Gerais, se present\u00f3 este domingo en el Santuario Arquidiocesano de Salud y Paz, la Iglesia del Beato Padre Eust\u00e1quio. Este es el segundo a\u00f1o que el grupo se presenta en la festividad del Beato.","breadcrumb":{"@id":"https:\/\/www.padreeustaquio.com.br\/coral-infantil-de-carmopolis-de-minas-participa-de-celebracao-no-santuario\/#breadcrumb"},"inLanguage":"es","potentialAction":[{"@type":"ReadAction","target":["https:\/\/www.padreeustaquio.com.br\/coral-infantil-de-carmopolis-de-minas-participa-de-celebracao-no-santuario\/"]}]},{"@type":"ImageObject","inLanguage":"es","@id":"https:\/\/www.padreeustaquio.com.br\/coral-infantil-de-carmopolis-de-minas-participa-de-celebracao-no-santuario\/#primaryimage","url":"https:\/\/www.padreeustaquio.com.br\/wp-content\/uploads\/2023\/08\/Coral-pequenos-cantores-carmopolis.jpeg","contentUrl":"https:\/\/www.padreeustaquio.com.br\/wp-content\/uploads\/2023\/08\/Coral-pequenos-cantores-carmopolis.jpeg","width":1024,"height":768},{"@type":"BreadcrumbList","@id":"https:\/\/www.padreeustaquio.com.br\/coral-infantil-de-carmopolis-de-minas-participa-de-celebracao-no-santuario\/#breadcrumb","itemListElement":[{"@type":"ListItem","position":1,"name":"In\u00edcio","item":"https:\/\/www.padreeustaquio.com.br\/"},{"@type":"ListItem","position":2,"name":"Coral infantil de Carm\u00f3polis de Minas participa de celebra\u00e7\u00e3o no Santu\u00e1rio"}]},{"@type":"WebSite","@id":"https:\/\/www.padreeustaquio.com.br\/#website","url":"https:\/\/www.padreeustaquio.com.br\/","name":"Padre Eustace","description":"Salud y Paz","publisher":{"@id":"https:\/\/www.padreeustaquio.com.br\/#organization"},"potentialAction":[{"@type":"SearchAction","target":{"@type":"EntryPoint","urlTemplate":"https:\/\/www.padreeustaquio.com.br\/?s={search_term_string}"},"query-input":{"@type":"PropertyValueSpecification","valueRequired":true,"valueName":"search_term_string"}}],"inLanguage":"es"},{"@type":"Organization","@id":"https:\/\/www.padreeustaquio.com.br\/#organization","name":"Padre Eustace","url":"https:\/\/www.padreeustaquio.com.br\/","logo":{"@type":"ImageObject","inLanguage":"es","@id":"https:\/\/www.padreeustaquio.com.br\/#\/schema\/logo\/image\/","url":"https:\/\/www.padreeustaquio.com.br\/wp-content\/uploads\/2019\/08\/marca.png","contentUrl":"https:\/\/www.padreeustaquio.com.br\/wp-content\/uploads\/2019\/08\/marca.png","width":350,"height":400,"caption":"Padre Eust\u00e1quio"},"image":{"@id":"https:\/\/www.padreeustaquio.com.br\/#\/schema\/logo\/image\/"},"sameAs":["https:\/\/www.facebook.com\/beatopadreeustaquio\/","https:\/\/x.com\/beatopeustaquio","https:\/\/www.instagram.com\/beatopadreeustaquio\/","https:\/\/www.youtube.com\/channel\/UCRhw7vfabnajwLxb1ZXMeIw"]},{"@type":"Person","@id":"https:\/\/www.padreeustaquio.com.br\/#\/schema\/person\/a2a51db1d00f1a7af0204a0f1ddb1566","name":"@sscc","image":{"@type":"ImageObject","inLanguage":"es","@id":"https:\/\/secure.gravatar.com\/avatar\/68cfafa5f44617fea54071e215026e0ff06be366c3d54a8425f04fdcb86f8c5f?s=96&d=mm&r=g","url":"https:\/\/secure.gravatar.com\/avatar\/68cfafa5f44617fea54071e215026e0ff06be366c3d54a8425f04fdcb86f8c5f?s=96&d=mm&r=g","contentUrl":"https:\/\/secure.gravatar.com\/avatar\/68cfafa5f44617fea54071e215026e0ff06be366c3d54a8425f04fdcb86f8c5f?s=96&d=mm&r=g","caption":"@sscc"},"url":"https:\/\/www.padreeustaquio.com.br\/es\/author\/sscc\/"}]}},"_links":{"self":[{"href":"https:\/\/www.padreeustaquio.com.br\/es\/wp-json\/wp\/v2\/posts\/10822","targetHints":{"allow":["GET"]}}],"collection":[{"href":"https:\/\/www.padreeustaquio.com.br\/es\/wp-json\/wp\/v2\/posts"}],"about":[{"href":"https:\/\/www.padreeustaquio.com.br\/es\/wp-json\/wp\/v2\/types\/post"}],"author":[{"embeddable":true,"href":"https:\/\/www.padreeustaquio.com.br\/es\/wp-json\/wp\/v2\/users\/2"}],"replies":[{"embeddable":true,"href":"https:\/\/www.padreeustaquio.com.br\/es\/wp-json\/wp\/v2\/comments?post=10822"}],"version-history":[{"count":0,"href":"https:\/\/www.padreeustaquio.com.br\/es\/wp-json\/wp\/v2\/posts\/10822\/revisions"}],"wp:featuredmedia":[{"embeddable":true,"href":"https:\/\/www.padreeustaquio.com.br\/es\/wp-json\/wp\/v2\/media\/10824"}],"wp:attachment":[{"href":"https:\/\/www.padreeustaquio.com.br\/es\/wp-json\/wp\/v2\/media?parent=10822"}],"wp:term":[{"taxonomy":"category","embeddable":true,"href":"https:\/\/www.padreeustaquio.com.br\/es\/wp-json\/wp\/v2\/categories?post=10822"},{"taxonomy":"post_tag","embeddable":true,"href":"https:\/\/www.padreeustaquio.com.br\/es\/wp-json\/wp\/v2\/tags?post=10822"}],"curies":[{"name":"wp","href":"https:\/\/api.w.org\/{rel}","templated":true}]}}