{"id":10817,"date":"2023-08-22T11:59:26","date_gmt":"2023-08-22T14:59:26","guid":{"rendered":"https:\/\/www.padreeustaquio.com.br\/?p=10817"},"modified":"2023-08-22T12:10:42","modified_gmt":"2023-08-22T15:10:42","slug":"busto-del-padre-eustaquio-es-reinaugurado-en-la-plaza-de-la-iglesia-en-belo-horizonte","status":"publish","type":"post","link":"https:\/\/www.padreeustaquio.com.br\/es\/busto-del-padre-eustaquio-es-reinaugurado-en-la-plaza-de-la-iglesia-en-belo-horizonte\/","title":{"rendered":"Busto del Padre Eust\u00e1quio es reinaugurado en la plaza de la iglesia en Belo Horizonte."},"content":{"rendered":"<p>Exactamente 30 a\u00f1os despu\u00e9s de su inauguraci\u00f3n, el busto del Beato Padre Eust\u00e1quio fue restaurado y develado este lunes 21 de agosto en la plaza de la iglesia. La ceremonia tuvo lugar el primer d\u00eda de la novena y forma parte de las celebraciones de su 80.\u00ba cumplea\u00f1os en Sa\u00fade e Paz.<\/p>\n<p>La develaci\u00f3n de la escultura tuvo lugar inmediatamente despu\u00e9s de la misa, conmemorando el primer d\u00eda de la novena. El Padre Silvano Dias de \u00c1vila, SSCC, y decenas de fieles acudieron a la plaza para develar la nueva imagen. Tras invitar a la Sra. Nat\u00e1lia (esposa del escultor Mateo) y a sus hijos, responsables de la restauraci\u00f3n, la imagen fue develada entre los aplausos de los devotos.<\/p>\n<p>Tras la ceremonia, la escultura fue bendecida al son de la S\u00faplica al Padre Eust\u00e1quio, cantada espont\u00e1neamente por los presentes. En el Espa\u00e7o Molokai tambi\u00e9n hab\u00eda puestos de reposter\u00eda, gachas de ma\u00edz, perritos calientes y bebidas.<\/p>\n<p><strong>La escultura<\/strong><\/p>\n<p>El busto del Padre Eust\u00e1quio se inaugur\u00f3 el 30 de agosto de 1993, durante la conmemoraci\u00f3n del 50.\u00ba aniversario de su fallecimiento. En aquella ocasi\u00f3n, el matrimonio Xisto Silveira Braga y Elza Machado Silveira Braga donaron la imagen, que fue esculpida por Mateo y colocada a la derecha de la entrada de la iglesia.<\/p>\n<p>A partir de esa fecha, el 30 de agosto de cada a\u00f1o, el escultor limpiaba y reparaba la imagen. Tras su fallecimiento, su hijo Nilo se hizo cargo de esta tarea.<\/p>\n<p>Este a\u00f1o, para darle mayor protagonismo a la imagen, se reubic\u00f3 en la entrada de los fieles, en la calle Ces\u00e1rio Alvim. Con este cambio, Nilo ayud\u00f3 a retirar la imagen en julio de este a\u00f1o, la llev\u00f3 al taller familiar y trabaj\u00f3 en una restauraci\u00f3n m\u00e1s profunda, aplicando pintura anticorrosiva y realizando otras reparaciones.<\/p>\n<p>&nbsp;<\/p>","protected":false},"excerpt":{"rendered":"<p>Exatos 30 anos depois de inaugurado, o busto do Beato Padre Eust\u00e1quio, foi restaurado e inaugurado, nessa segunda-feira, dia 21 de agosto, na pra\u00e7a da Igreja. O ato foi realizado no primeiro dia da novena e faz parte das comemora\u00e7\u00f5es dos 80 anos de Sa\u00fade e Paz. O descerramento da escultura foi feito logo ap\u00f3s a Missa com o primeiro dia da novena. Padre Silvano Dias de \u00c1vila, SSCC e dezenas de fi\u00e9is se dirigiram \u00e0 pra\u00e7a para revelar a nova imagem. Depois de convidar dona Nat\u00e1lia (esposa do escultor Mateo) e os filhos, respons\u00e1veis pela restaura\u00e7\u00e3o, a imagem foi [&hellip;]<\/p>\n","protected":false},"author":2,"featured_media":10820,"comment_status":"open","ping_status":"closed","sticky":false,"template":"","format":"standard","meta":{"_acf_changed":false,"footnotes":""},"categories":[611],"tags":[],"class_list":["post-10817","post","type-post","status-publish","format-standard","has-post-thumbnail","hentry","category-noticias"],"acf":[],"yoast_head":"<!-- This site is optimized with the Yoast SEO plugin v27.2 - https:\/\/yoast.com\/product\/yoast-seo-wordpress\/ -->\n<title>Busto de Padre Eust\u00e1quio \u00e9 reinaugurado na pra\u00e7a da Igreja em BH<\/title>\n<meta name=\"description\" content=\"Exatos 30 anos depois de inaugurado, o busto do Beato Padre Eust\u00e1quio, foi restaurado e inaugurado, nessa segunda-feira, dia 21 de agosto, na pra\u00e7a da Igreja. O ato foi realizado no primeiro dia da novena e faz parte das comemora\u00e7\u00f5es dos 80 anos de Sa\u00fade e Paz.\" \/>\n<meta name=\"robots\" content=\"index, follow, max-snippet:-1, max-image-preview:large, max-video-preview:-1\" \/>\n<link rel=\"canonical\" href=\"https:\/\/www.padreeustaquio.com.br\/es\/busto-del-padre-eustaquio-es-reinaugurado-en-la-plaza-de-la-iglesia-en-belo-horizonte\/\" \/>\n<meta property=\"og:locale\" content=\"es_ES\" \/>\n<meta property=\"og:type\" content=\"article\" \/>\n<meta property=\"og:title\" content=\"Busto de Padre Eust\u00e1quio \u00e9 reinaugurado na pra\u00e7a da Igreja em BH\" \/>\n<meta property=\"og:description\" content=\"Exatos 30 anos depois de inaugurado, o busto do Beato Padre Eust\u00e1quio, foi restaurado e inaugurado, nessa segunda-feira, dia 21 de agosto, na pra\u00e7a da Igreja. O ato foi realizado no primeiro dia da novena e faz parte das comemora\u00e7\u00f5es dos 80 anos de Sa\u00fade e Paz.\" \/>\n<meta property=\"og:url\" content=\"https:\/\/www.padreeustaquio.com.br\/es\/busto-del-padre-eustaquio-es-reinaugurado-en-la-plaza-de-la-iglesia-en-belo-horizonte\/\" \/>\n<meta property=\"og:site_name\" content=\"Padre Eust\u00e1quio\" \/>\n<meta property=\"article:publisher\" content=\"https:\/\/www.facebook.com\/beatopadreeustaquio\/\" \/>\n<meta property=\"article:published_time\" content=\"2023-08-22T14:59:26+00:00\" \/>\n<meta property=\"article:modified_time\" content=\"2023-08-22T15:10:42+00:00\" \/>\n<meta property=\"og:image\" content=\"https:\/\/www.padreeustaquio.com.br\/wp-content\/uploads\/2023\/08\/busto-padre-eustaquio.png\" \/>\n\t<meta property=\"og:image:width\" content=\"434\" \/>\n\t<meta property=\"og:image:height\" content=\"250\" \/>\n\t<meta property=\"og:image:type\" content=\"image\/png\" \/>\n<meta name=\"author\" content=\"@sscc\" \/>\n<meta name=\"twitter:card\" content=\"summary_large_image\" \/>\n<meta name=\"twitter:creator\" content=\"@beatopeustaquio\" \/>\n<meta name=\"twitter:site\" content=\"@beatopeustaquio\" \/>\n<meta name=\"twitter:label1\" content=\"Escrito por\" \/>\n\t<meta name=\"twitter:data1\" content=\"@sscc\" \/>\n\t<meta name=\"twitter:label2\" content=\"Tiempo de lectura\" \/>\n\t<meta name=\"twitter:data2\" content=\"2 minutos\" \/>\n<script type=\"application\/ld+json\" class=\"yoast-schema-graph\">{\"@context\":\"https:\/\/schema.org\",\"@graph\":[{\"@type\":\"Article\",\"@id\":\"https:\/\/www.padreeustaquio.com.br\/busto-de-padre-eustaquio-e-reinaugurado-na-praca-da-igreja-em-bh\/#article\",\"isPartOf\":{\"@id\":\"https:\/\/www.padreeustaquio.com.br\/busto-de-padre-eustaquio-e-reinaugurado-na-praca-da-igreja-em-bh\/\"},\"author\":{\"name\":\"@sscc\",\"@id\":\"https:\/\/www.padreeustaquio.com.br\/#\/schema\/person\/a2a51db1d00f1a7af0204a0f1ddb1566\"},\"headline\":\"Busto de Padre Eust\u00e1quio \u00e9 reinaugurado na pra\u00e7a da Igreja em BH\",\"datePublished\":\"2023-08-22T14:59:26+00:00\",\"dateModified\":\"2023-08-22T15:10:42+00:00\",\"mainEntityOfPage\":{\"@id\":\"https:\/\/www.padreeustaquio.com.br\/busto-de-padre-eustaquio-e-reinaugurado-na-praca-da-igreja-em-bh\/\"},\"wordCount\":319,\"commentCount\":0,\"publisher\":{\"@id\":\"https:\/\/www.padreeustaquio.com.br\/#organization\"},\"image\":{\"@id\":\"https:\/\/www.padreeustaquio.com.br\/busto-de-padre-eustaquio-e-reinaugurado-na-praca-da-igreja-em-bh\/#primaryimage\"},\"thumbnailUrl\":\"https:\/\/www.padreeustaquio.com.br\/wp-content\/uploads\/2023\/08\/busto-padre-eustaquio.png\",\"articleSection\":[\"Not\u00edcias\"],\"inLanguage\":\"es\",\"potentialAction\":[{\"@type\":\"CommentAction\",\"name\":\"Comment\",\"target\":[\"https:\/\/www.padreeustaquio.com.br\/busto-de-padre-eustaquio-e-reinaugurado-na-praca-da-igreja-em-bh\/#respond\"]}]},{\"@type\":\"WebPage\",\"@id\":\"https:\/\/www.padreeustaquio.com.br\/busto-de-padre-eustaquio-e-reinaugurado-na-praca-da-igreja-em-bh\/\",\"url\":\"https:\/\/www.padreeustaquio.com.br\/busto-de-padre-eustaquio-e-reinaugurado-na-praca-da-igreja-em-bh\/\",\"name\":\"Busto de Padre Eust\u00e1quio \u00e9 reinaugurado na pra\u00e7a da Igreja em BH\",\"isPartOf\":{\"@id\":\"https:\/\/www.padreeustaquio.com.br\/#website\"},\"primaryImageOfPage\":{\"@id\":\"https:\/\/www.padreeustaquio.com.br\/busto-de-padre-eustaquio-e-reinaugurado-na-praca-da-igreja-em-bh\/#primaryimage\"},\"image\":{\"@id\":\"https:\/\/www.padreeustaquio.com.br\/busto-de-padre-eustaquio-e-reinaugurado-na-praca-da-igreja-em-bh\/#primaryimage\"},\"thumbnailUrl\":\"https:\/\/www.padreeustaquio.com.br\/wp-content\/uploads\/2023\/08\/busto-padre-eustaquio.png\",\"datePublished\":\"2023-08-22T14:59:26+00:00\",\"dateModified\":\"2023-08-22T15:10:42+00:00\",\"description\":\"Exatos 30 anos depois de inaugurado, o busto do Beato Padre Eust\u00e1quio, foi restaurado e inaugurado, nessa segunda-feira, dia 21 de agosto, na pra\u00e7a da Igreja. O ato foi realizado no primeiro dia da novena e faz parte das comemora\u00e7\u00f5es dos 80 anos de Sa\u00fade e Paz.\",\"breadcrumb\":{\"@id\":\"https:\/\/www.padreeustaquio.com.br\/busto-de-padre-eustaquio-e-reinaugurado-na-praca-da-igreja-em-bh\/#breadcrumb\"},\"inLanguage\":\"es\",\"potentialAction\":[{\"@type\":\"ReadAction\",\"target\":[\"https:\/\/www.padreeustaquio.com.br\/busto-de-padre-eustaquio-e-reinaugurado-na-praca-da-igreja-em-bh\/\"]}]},{\"@type\":\"ImageObject\",\"inLanguage\":\"es\",\"@id\":\"https:\/\/www.padreeustaquio.com.br\/busto-de-padre-eustaquio-e-reinaugurado-na-praca-da-igreja-em-bh\/#primaryimage\",\"url\":\"https:\/\/www.padreeustaquio.com.br\/wp-content\/uploads\/2023\/08\/busto-padre-eustaquio.png\",\"contentUrl\":\"https:\/\/www.padreeustaquio.com.br\/wp-content\/uploads\/2023\/08\/busto-padre-eustaquio.png\",\"width\":434,\"height\":250},{\"@type\":\"BreadcrumbList\",\"@id\":\"https:\/\/www.padreeustaquio.com.br\/busto-de-padre-eustaquio-e-reinaugurado-na-praca-da-igreja-em-bh\/#breadcrumb\",\"itemListElement\":[{\"@type\":\"ListItem\",\"position\":1,\"name\":\"In\u00edcio\",\"item\":\"https:\/\/www.padreeustaquio.com.br\/\"},{\"@type\":\"ListItem\",\"position\":2,\"name\":\"Busto de Padre Eust\u00e1quio \u00e9 reinaugurado na pra\u00e7a da Igreja em BH\"}]},{\"@type\":\"WebSite\",\"@id\":\"https:\/\/www.padreeustaquio.com.br\/#website\",\"url\":\"https:\/\/www.padreeustaquio.com.br\/\",\"name\":\"Padre Eust\u00e1quio\",\"description\":\"Sa\u00fade e Paz\",\"publisher\":{\"@id\":\"https:\/\/www.padreeustaquio.com.br\/#organization\"},\"potentialAction\":[{\"@type\":\"SearchAction\",\"target\":{\"@type\":\"EntryPoint\",\"urlTemplate\":\"https:\/\/www.padreeustaquio.com.br\/?s={search_term_string}\"},\"query-input\":{\"@type\":\"PropertyValueSpecification\",\"valueRequired\":true,\"valueName\":\"search_term_string\"}}],\"inLanguage\":\"es\"},{\"@type\":\"Organization\",\"@id\":\"https:\/\/www.padreeustaquio.com.br\/#organization\",\"name\":\"Padre Eust\u00e1quio\",\"url\":\"https:\/\/www.padreeustaquio.com.br\/\",\"logo\":{\"@type\":\"ImageObject\",\"inLanguage\":\"es\",\"@id\":\"https:\/\/www.padreeustaquio.com.br\/#\/schema\/logo\/image\/\",\"url\":\"https:\/\/www.padreeustaquio.com.br\/wp-content\/uploads\/2019\/08\/marca.png\",\"contentUrl\":\"https:\/\/www.padreeustaquio.com.br\/wp-content\/uploads\/2019\/08\/marca.png\",\"width\":350,\"height\":400,\"caption\":\"Padre Eust\u00e1quio\"},\"image\":{\"@id\":\"https:\/\/www.padreeustaquio.com.br\/#\/schema\/logo\/image\/\"},\"sameAs\":[\"https:\/\/www.facebook.com\/beatopadreeustaquio\/\",\"https:\/\/x.com\/beatopeustaquio\",\"https:\/\/www.instagram.com\/beatopadreeustaquio\/\",\"https:\/\/www.youtube.com\/channel\/UCRhw7vfabnajwLxb1ZXMeIw\"]},{\"@type\":\"Person\",\"@id\":\"https:\/\/www.padreeustaquio.com.br\/#\/schema\/person\/a2a51db1d00f1a7af0204a0f1ddb1566\",\"name\":\"@sscc\",\"image\":{\"@type\":\"ImageObject\",\"inLanguage\":\"es\",\"@id\":\"https:\/\/secure.gravatar.com\/avatar\/68cfafa5f44617fea54071e215026e0ff06be366c3d54a8425f04fdcb86f8c5f?s=96&d=mm&r=g\",\"url\":\"https:\/\/secure.gravatar.com\/avatar\/68cfafa5f44617fea54071e215026e0ff06be366c3d54a8425f04fdcb86f8c5f?s=96&d=mm&r=g\",\"contentUrl\":\"https:\/\/secure.gravatar.com\/avatar\/68cfafa5f44617fea54071e215026e0ff06be366c3d54a8425f04fdcb86f8c5f?s=96&d=mm&r=g\",\"caption\":\"@sscc\"},\"url\":\"https:\/\/www.padreeustaquio.com.br\/es\/author\/sscc\/\"}]}<\/script>\n<!-- \/ Yoast SEO plugin. -->","yoast_head_json":{"title":"Busto del Padre Eust\u00e1quio es reinaugurado en la plaza de la iglesia en Belo Horizonte.","description":"Exactamente 30 a\u00f1os despu\u00e9s de su inauguraci\u00f3n, el busto del Beato Padre Eust\u00e1quio fue restaurado y develado este lunes 21 de agosto en la plaza de la iglesia. La ceremonia tuvo lugar el primer d\u00eda de la novena y forma parte de las celebraciones de su 80.\u00ba cumplea\u00f1os en Sa\u00fade e Paz.","robots":{"index":"index","follow":"follow","max-snippet":"max-snippet:-1","max-image-preview":"max-image-preview:large","max-video-preview":"max-video-preview:-1"},"canonical":"https:\/\/www.padreeustaquio.com.br\/es\/busto-del-padre-eustaquio-es-reinaugurado-en-la-plaza-de-la-iglesia-en-belo-horizonte\/","og_locale":"es_ES","og_type":"article","og_title":"Busto de Padre Eust\u00e1quio \u00e9 reinaugurado na pra\u00e7a da Igreja em BH","og_description":"Exatos 30 anos depois de inaugurado, o busto do Beato Padre Eust\u00e1quio, foi restaurado e inaugurado, nessa segunda-feira, dia 21 de agosto, na pra\u00e7a da Igreja. O ato foi realizado no primeiro dia da novena e faz parte das comemora\u00e7\u00f5es dos 80 anos de Sa\u00fade e Paz.","og_url":"https:\/\/www.padreeustaquio.com.br\/es\/busto-del-padre-eustaquio-es-reinaugurado-en-la-plaza-de-la-iglesia-en-belo-horizonte\/","og_site_name":"Padre Eust\u00e1quio","article_publisher":"https:\/\/www.facebook.com\/beatopadreeustaquio\/","article_published_time":"2023-08-22T14:59:26+00:00","article_modified_time":"2023-08-22T15:10:42+00:00","og_image":[{"width":434,"height":250,"url":"https:\/\/www.padreeustaquio.com.br\/wp-content\/uploads\/2023\/08\/busto-padre-eustaquio.png","type":"image\/png"}],"author":"@sscc","twitter_card":"summary_large_image","twitter_creator":"@beatopeustaquio","twitter_site":"@beatopeustaquio","twitter_misc":{"Escrito por":"@sscc","Tiempo de lectura":"2 minutos"},"schema":{"@context":"https:\/\/schema.org","@graph":[{"@type":"Article","@id":"https:\/\/www.padreeustaquio.com.br\/busto-de-padre-eustaquio-e-reinaugurado-na-praca-da-igreja-em-bh\/#article","isPartOf":{"@id":"https:\/\/www.padreeustaquio.com.br\/busto-de-padre-eustaquio-e-reinaugurado-na-praca-da-igreja-em-bh\/"},"author":{"name":"@sscc","@id":"https:\/\/www.padreeustaquio.com.br\/#\/schema\/person\/a2a51db1d00f1a7af0204a0f1ddb1566"},"headline":"Busto de Padre Eust\u00e1quio \u00e9 reinaugurado na pra\u00e7a da Igreja em BH","datePublished":"2023-08-22T14:59:26+00:00","dateModified":"2023-08-22T15:10:42+00:00","mainEntityOfPage":{"@id":"https:\/\/www.padreeustaquio.com.br\/busto-de-padre-eustaquio-e-reinaugurado-na-praca-da-igreja-em-bh\/"},"wordCount":319,"commentCount":0,"publisher":{"@id":"https:\/\/www.padreeustaquio.com.br\/#organization"},"image":{"@id":"https:\/\/www.padreeustaquio.com.br\/busto-de-padre-eustaquio-e-reinaugurado-na-praca-da-igreja-em-bh\/#primaryimage"},"thumbnailUrl":"https:\/\/www.padreeustaquio.com.br\/wp-content\/uploads\/2023\/08\/busto-padre-eustaquio.png","articleSection":["Not\u00edcias"],"inLanguage":"es","potentialAction":[{"@type":"CommentAction","name":"Comment","target":["https:\/\/www.padreeustaquio.com.br\/busto-de-padre-eustaquio-e-reinaugurado-na-praca-da-igreja-em-bh\/#respond"]}]},{"@type":"WebPage","@id":"https:\/\/www.padreeustaquio.com.br\/busto-de-padre-eustaquio-e-reinaugurado-na-praca-da-igreja-em-bh\/","url":"https:\/\/www.padreeustaquio.com.br\/busto-de-padre-eustaquio-e-reinaugurado-na-praca-da-igreja-em-bh\/","name":"Busto del Padre Eust\u00e1quio es reinaugurado en la plaza de la iglesia en Belo Horizonte.","isPartOf":{"@id":"https:\/\/www.padreeustaquio.com.br\/#website"},"primaryImageOfPage":{"@id":"https:\/\/www.padreeustaquio.com.br\/busto-de-padre-eustaquio-e-reinaugurado-na-praca-da-igreja-em-bh\/#primaryimage"},"image":{"@id":"https:\/\/www.padreeustaquio.com.br\/busto-de-padre-eustaquio-e-reinaugurado-na-praca-da-igreja-em-bh\/#primaryimage"},"thumbnailUrl":"https:\/\/www.padreeustaquio.com.br\/wp-content\/uploads\/2023\/08\/busto-padre-eustaquio.png","datePublished":"2023-08-22T14:59:26+00:00","dateModified":"2023-08-22T15:10:42+00:00","description":"Exactamente 30 a\u00f1os despu\u00e9s de su inauguraci\u00f3n, el busto del Beato Padre Eust\u00e1quio fue restaurado y develado este lunes 21 de agosto en la plaza de la iglesia. La ceremonia tuvo lugar el primer d\u00eda de la novena y forma parte de las celebraciones de su 80.\u00ba cumplea\u00f1os en Sa\u00fade e Paz.","breadcrumb":{"@id":"https:\/\/www.padreeustaquio.com.br\/busto-de-padre-eustaquio-e-reinaugurado-na-praca-da-igreja-em-bh\/#breadcrumb"},"inLanguage":"es","potentialAction":[{"@type":"ReadAction","target":["https:\/\/www.padreeustaquio.com.br\/busto-de-padre-eustaquio-e-reinaugurado-na-praca-da-igreja-em-bh\/"]}]},{"@type":"ImageObject","inLanguage":"es","@id":"https:\/\/www.padreeustaquio.com.br\/busto-de-padre-eustaquio-e-reinaugurado-na-praca-da-igreja-em-bh\/#primaryimage","url":"https:\/\/www.padreeustaquio.com.br\/wp-content\/uploads\/2023\/08\/busto-padre-eustaquio.png","contentUrl":"https:\/\/www.padreeustaquio.com.br\/wp-content\/uploads\/2023\/08\/busto-padre-eustaquio.png","width":434,"height":250},{"@type":"BreadcrumbList","@id":"https:\/\/www.padreeustaquio.com.br\/busto-de-padre-eustaquio-e-reinaugurado-na-praca-da-igreja-em-bh\/#breadcrumb","itemListElement":[{"@type":"ListItem","position":1,"name":"In\u00edcio","item":"https:\/\/www.padreeustaquio.com.br\/"},{"@type":"ListItem","position":2,"name":"Busto de Padre Eust\u00e1quio \u00e9 reinaugurado na pra\u00e7a da Igreja em BH"}]},{"@type":"WebSite","@id":"https:\/\/www.padreeustaquio.com.br\/#website","url":"https:\/\/www.padreeustaquio.com.br\/","name":"Padre Eustace","description":"Salud y Paz","publisher":{"@id":"https:\/\/www.padreeustaquio.com.br\/#organization"},"potentialAction":[{"@type":"SearchAction","target":{"@type":"EntryPoint","urlTemplate":"https:\/\/www.padreeustaquio.com.br\/?s={search_term_string}"},"query-input":{"@type":"PropertyValueSpecification","valueRequired":true,"valueName":"search_term_string"}}],"inLanguage":"es"},{"@type":"Organization","@id":"https:\/\/www.padreeustaquio.com.br\/#organization","name":"Padre Eustace","url":"https:\/\/www.padreeustaquio.com.br\/","logo":{"@type":"ImageObject","inLanguage":"es","@id":"https:\/\/www.padreeustaquio.com.br\/#\/schema\/logo\/image\/","url":"https:\/\/www.padreeustaquio.com.br\/wp-content\/uploads\/2019\/08\/marca.png","contentUrl":"https:\/\/www.padreeustaquio.com.br\/wp-content\/uploads\/2019\/08\/marca.png","width":350,"height":400,"caption":"Padre Eust\u00e1quio"},"image":{"@id":"https:\/\/www.padreeustaquio.com.br\/#\/schema\/logo\/image\/"},"sameAs":["https:\/\/www.facebook.com\/beatopadreeustaquio\/","https:\/\/x.com\/beatopeustaquio","https:\/\/www.instagram.com\/beatopadreeustaquio\/","https:\/\/www.youtube.com\/channel\/UCRhw7vfabnajwLxb1ZXMeIw"]},{"@type":"Person","@id":"https:\/\/www.padreeustaquio.com.br\/#\/schema\/person\/a2a51db1d00f1a7af0204a0f1ddb1566","name":"@sscc","image":{"@type":"ImageObject","inLanguage":"es","@id":"https:\/\/secure.gravatar.com\/avatar\/68cfafa5f44617fea54071e215026e0ff06be366c3d54a8425f04fdcb86f8c5f?s=96&d=mm&r=g","url":"https:\/\/secure.gravatar.com\/avatar\/68cfafa5f44617fea54071e215026e0ff06be366c3d54a8425f04fdcb86f8c5f?s=96&d=mm&r=g","contentUrl":"https:\/\/secure.gravatar.com\/avatar\/68cfafa5f44617fea54071e215026e0ff06be366c3d54a8425f04fdcb86f8c5f?s=96&d=mm&r=g","caption":"@sscc"},"url":"https:\/\/www.padreeustaquio.com.br\/es\/author\/sscc\/"}]}},"_links":{"self":[{"href":"https:\/\/www.padreeustaquio.com.br\/es\/wp-json\/wp\/v2\/posts\/10817","targetHints":{"allow":["GET"]}}],"collection":[{"href":"https:\/\/www.padreeustaquio.com.br\/es\/wp-json\/wp\/v2\/posts"}],"about":[{"href":"https:\/\/www.padreeustaquio.com.br\/es\/wp-json\/wp\/v2\/types\/post"}],"author":[{"embeddable":true,"href":"https:\/\/www.padreeustaquio.com.br\/es\/wp-json\/wp\/v2\/users\/2"}],"replies":[{"embeddable":true,"href":"https:\/\/www.padreeustaquio.com.br\/es\/wp-json\/wp\/v2\/comments?post=10817"}],"version-history":[{"count":0,"href":"https:\/\/www.padreeustaquio.com.br\/es\/wp-json\/wp\/v2\/posts\/10817\/revisions"}],"wp:featuredmedia":[{"embeddable":true,"href":"https:\/\/www.padreeustaquio.com.br\/es\/wp-json\/wp\/v2\/media\/10820"}],"wp:attachment":[{"href":"https:\/\/www.padreeustaquio.com.br\/es\/wp-json\/wp\/v2\/media?parent=10817"}],"wp:term":[{"taxonomy":"category","embeddable":true,"href":"https:\/\/www.padreeustaquio.com.br\/es\/wp-json\/wp\/v2\/categories?post=10817"},{"taxonomy":"post_tag","embeddable":true,"href":"https:\/\/www.padreeustaquio.com.br\/es\/wp-json\/wp\/v2\/tags?post=10817"}],"curies":[{"name":"wp","href":"https:\/\/api.w.org\/{rel}","templated":true}]}}