{"id":10812,"date":"2023-08-21T08:43:28","date_gmt":"2023-08-21T11:43:28","guid":{"rendered":"https:\/\/www.padreeustaquio.com.br\/?p=10812"},"modified":"2023-08-21T14:17:30","modified_gmt":"2023-08-21T17:17:30","slug":"cantantes-de-dios-inauguran-el-festival-del-beato-padre-eustaquio-2023","status":"publish","type":"post","link":"https:\/\/www.padreeustaquio.com.br\/es\/cantantes-de-dios-inauguran-el-festival-del-beato-padre-eustaquio-2023\/","title":{"rendered":"Cantores de Dios inauguran la Fiesta del Beato Padre Eustaquio 2023"},"content":{"rendered":"<p>El grupo Cantores de Deus, fundado por el Padre Zezinho, inaugur\u00f3 las celebraciones del d\u00eda del Beato Padre Eust\u00e1quio. En el a\u00f1o en que los fieles conmemoran 80 a\u00f1os de devoci\u00f3n al Beato, los vocalistas de la banda conmovieron al p\u00fablico dentro de la iglesia.<\/p>\n<p>Andr\u00e9ia Zanardi, Dalva Ten\u00f3rio y Karla Fioravante interpretaron canciones tradicionales, repasando \u00e9xitos de su carrera, propiciando momentos de reflexi\u00f3n y oraci\u00f3n, y recordando a muchos sus d\u00edas de catecismo. Vuelve a ver la actuaci\u00f3n. <a href=\"https:\/\/www.youtube.com\/watch?v=w593LYFvM1Q\">AQU\u00cd<\/a><\/p>\n<p>Entre las canciones del repertorio se encontraban grandes \u00e9xitos del grupo y del padre Zezinho, como Maria de Minha Inf\u00e2ncia (Mar\u00eda de mi infancia), Ora\u00e7\u00e3o pela Fam\u00edlia (Oraci\u00f3n por la familia), Eu vim de l\u00e1 do Interior (Vine del campo) y S\u00f3 T\u00fa tens o poder (S\u00f3lo t\u00fa tienes el poder). El grupo tambi\u00e9n cant\u00f3 canciones de otros cantantes cat\u00f3licos como Eliana Ribeiro y Walmir Alencar.<\/p>\n<p>En un momento, Dalva Ten\u00f3rio llam\u00f3 al rector, padre Vin\u00edcius Maciel, y al cantante Rha\u00edme Ferreira. Junto al grupo cantaron la S\u00faplica al Padre Eust\u00e1quio, composici\u00f3n del Padre L\u00facio Dumont Prado, SSCC, y lograron que el p\u00fablico cantara.<\/p>","protected":false},"excerpt":{"rendered":"<p>O grupo Cantores de Deus, idealizado pelo Pe Zezinho, abriu as comemora\u00e7\u00f5es pelo dia do Beato Padre Eust\u00e1quio. No ano em que os fi\u00e9is relembram os 80 anos de devo\u00e7\u00e3o ao Beato, as vocalistas da banda emocionaram o p\u00fablico dentro da igreja. Andr\u00e9ia Zanardi, Dalva Ten\u00f3rio e Karla Fioravante cantaram m\u00fasicas tradicionais, relembrando os sucessos da carreira, fizeram momentos de reflex\u00e3o e ora\u00e7\u00e3o, al\u00e9m de terem feito muita gente voltar aos tempos de catequese. Reveja a apresenta\u00e7\u00e3o AQUI Dentre as m\u00fasicas do repert\u00f3rio, estavam grandes sucessos do grupo e do Pe Zezinho como Maria de Minha Inf\u00e2ncia, Ora\u00e7\u00e3o pela Fam\u00edlia, [&hellip;]<\/p>\n","protected":false},"author":2,"featured_media":10813,"comment_status":"open","ping_status":"closed","sticky":false,"template":"","format":"standard","meta":{"_acf_changed":false,"footnotes":""},"categories":[611],"tags":[],"class_list":["post-10812","post","type-post","status-publish","format-standard","has-post-thumbnail","hentry","category-noticias"],"acf":[],"yoast_head":"<!-- This site is optimized with the Yoast SEO plugin v27.2 - https:\/\/yoast.com\/product\/yoast-seo-wordpress\/ -->\n<title>Cantores de Deus abrem a Festa do Beato Padre Eust\u00e1quio 2023<\/title>\n<meta name=\"robots\" content=\"index, follow, max-snippet:-1, max-image-preview:large, max-video-preview:-1\" \/>\n<link rel=\"canonical\" href=\"https:\/\/www.padreeustaquio.com.br\/es\/cantantes-de-dios-inauguran-el-festival-del-beato-padre-eustaquio-2023\/\" \/>\n<meta property=\"og:locale\" content=\"es_ES\" \/>\n<meta property=\"og:type\" content=\"article\" \/>\n<meta property=\"og:title\" content=\"Cantores de Deus abrem a Festa do Beato Padre Eust\u00e1quio 2023\" \/>\n<meta property=\"og:description\" content=\"O grupo Cantores de Deus, idealizado pelo Pe Zezinho, abriu as comemora\u00e7\u00f5es pelo dia do Beato Padre Eust\u00e1quio. No ano em que os fi\u00e9is relembram os 80 anos de devo\u00e7\u00e3o ao Beato, as vocalistas da banda emocionaram o p\u00fablico dentro da igreja. Andr\u00e9ia Zanardi, Dalva Ten\u00f3rio e Karla Fioravante cantaram m\u00fasicas tradicionais, relembrando os sucessos da carreira, fizeram momentos de reflex\u00e3o e ora\u00e7\u00e3o, al\u00e9m de terem feito muita gente voltar aos tempos de catequese. Reveja a apresenta\u00e7\u00e3o AQUI Dentre as m\u00fasicas do repert\u00f3rio, estavam grandes sucessos do grupo e do Pe Zezinho como Maria de Minha Inf\u00e2ncia, Ora\u00e7\u00e3o pela Fam\u00edlia, [&hellip;]\" \/>\n<meta property=\"og:url\" content=\"https:\/\/www.padreeustaquio.com.br\/es\/cantantes-de-dios-inauguran-el-festival-del-beato-padre-eustaquio-2023\/\" \/>\n<meta property=\"og:site_name\" content=\"Padre Eust\u00e1quio\" \/>\n<meta property=\"article:publisher\" content=\"https:\/\/www.facebook.com\/beatopadreeustaquio\/\" \/>\n<meta property=\"article:published_time\" content=\"2023-08-21T11:43:28+00:00\" \/>\n<meta property=\"article:modified_time\" content=\"2023-08-21T17:17:30+00:00\" \/>\n<meta property=\"og:image\" content=\"https:\/\/www.padreeustaquio.com.br\/wp-content\/uploads\/2023\/08\/cantores-de-deus-em-bh-e1692618193886.jpeg\" \/>\n\t<meta property=\"og:image:width\" content=\"1024\" \/>\n\t<meta property=\"og:image:height\" content=\"585\" \/>\n\t<meta property=\"og:image:type\" content=\"image\/jpeg\" \/>\n<meta name=\"author\" content=\"@sscc\" \/>\n<meta name=\"twitter:card\" content=\"summary_large_image\" \/>\n<meta name=\"twitter:creator\" content=\"@beatopeustaquio\" \/>\n<meta name=\"twitter:site\" content=\"@beatopeustaquio\" \/>\n<meta name=\"twitter:label1\" content=\"Escrito por\" \/>\n\t<meta name=\"twitter:data1\" content=\"@sscc\" \/>\n\t<meta name=\"twitter:label2\" content=\"Tiempo de lectura\" \/>\n\t<meta name=\"twitter:data2\" content=\"1 minuto\" \/>\n<script type=\"application\/ld+json\" class=\"yoast-schema-graph\">{\"@context\":\"https:\/\/schema.org\",\"@graph\":[{\"@type\":\"Article\",\"@id\":\"https:\/\/www.padreeustaquio.com.br\/cantores-de-deus-abrem-a-festa-do-beato-padre-eustaquio-2023\/#article\",\"isPartOf\":{\"@id\":\"https:\/\/www.padreeustaquio.com.br\/cantores-de-deus-abrem-a-festa-do-beato-padre-eustaquio-2023\/\"},\"author\":{\"name\":\"@sscc\",\"@id\":\"https:\/\/www.padreeustaquio.com.br\/#\/schema\/person\/a2a51db1d00f1a7af0204a0f1ddb1566\"},\"headline\":\"Cantores de Deus abrem a Festa do Beato Padre Eust\u00e1quio 2023\",\"datePublished\":\"2023-08-21T11:43:28+00:00\",\"dateModified\":\"2023-08-21T17:17:30+00:00\",\"mainEntityOfPage\":{\"@id\":\"https:\/\/www.padreeustaquio.com.br\/cantores-de-deus-abrem-a-festa-do-beato-padre-eustaquio-2023\/\"},\"wordCount\":207,\"commentCount\":0,\"publisher\":{\"@id\":\"https:\/\/www.padreeustaquio.com.br\/#organization\"},\"image\":{\"@id\":\"https:\/\/www.padreeustaquio.com.br\/cantores-de-deus-abrem-a-festa-do-beato-padre-eustaquio-2023\/#primaryimage\"},\"thumbnailUrl\":\"https:\/\/www.padreeustaquio.com.br\/wp-content\/uploads\/2023\/08\/cantores-de-deus-em-bh-e1692618193886.jpeg\",\"articleSection\":[\"Not\u00edcias\"],\"inLanguage\":\"es\",\"potentialAction\":[{\"@type\":\"CommentAction\",\"name\":\"Comment\",\"target\":[\"https:\/\/www.padreeustaquio.com.br\/cantores-de-deus-abrem-a-festa-do-beato-padre-eustaquio-2023\/#respond\"]}]},{\"@type\":\"WebPage\",\"@id\":\"https:\/\/www.padreeustaquio.com.br\/cantores-de-deus-abrem-a-festa-do-beato-padre-eustaquio-2023\/\",\"url\":\"https:\/\/www.padreeustaquio.com.br\/cantores-de-deus-abrem-a-festa-do-beato-padre-eustaquio-2023\/\",\"name\":\"Cantores de Deus abrem a Festa do Beato Padre Eust\u00e1quio 2023\",\"isPartOf\":{\"@id\":\"https:\/\/www.padreeustaquio.com.br\/#website\"},\"primaryImageOfPage\":{\"@id\":\"https:\/\/www.padreeustaquio.com.br\/cantores-de-deus-abrem-a-festa-do-beato-padre-eustaquio-2023\/#primaryimage\"},\"image\":{\"@id\":\"https:\/\/www.padreeustaquio.com.br\/cantores-de-deus-abrem-a-festa-do-beato-padre-eustaquio-2023\/#primaryimage\"},\"thumbnailUrl\":\"https:\/\/www.padreeustaquio.com.br\/wp-content\/uploads\/2023\/08\/cantores-de-deus-em-bh-e1692618193886.jpeg\",\"datePublished\":\"2023-08-21T11:43:28+00:00\",\"dateModified\":\"2023-08-21T17:17:30+00:00\",\"breadcrumb\":{\"@id\":\"https:\/\/www.padreeustaquio.com.br\/cantores-de-deus-abrem-a-festa-do-beato-padre-eustaquio-2023\/#breadcrumb\"},\"inLanguage\":\"es\",\"potentialAction\":[{\"@type\":\"ReadAction\",\"target\":[\"https:\/\/www.padreeustaquio.com.br\/cantores-de-deus-abrem-a-festa-do-beato-padre-eustaquio-2023\/\"]}]},{\"@type\":\"ImageObject\",\"inLanguage\":\"es\",\"@id\":\"https:\/\/www.padreeustaquio.com.br\/cantores-de-deus-abrem-a-festa-do-beato-padre-eustaquio-2023\/#primaryimage\",\"url\":\"https:\/\/www.padreeustaquio.com.br\/wp-content\/uploads\/2023\/08\/cantores-de-deus-em-bh-e1692618193886.jpeg\",\"contentUrl\":\"https:\/\/www.padreeustaquio.com.br\/wp-content\/uploads\/2023\/08\/cantores-de-deus-em-bh-e1692618193886.jpeg\",\"width\":1024,\"height\":585},{\"@type\":\"BreadcrumbList\",\"@id\":\"https:\/\/www.padreeustaquio.com.br\/cantores-de-deus-abrem-a-festa-do-beato-padre-eustaquio-2023\/#breadcrumb\",\"itemListElement\":[{\"@type\":\"ListItem\",\"position\":1,\"name\":\"In\u00edcio\",\"item\":\"https:\/\/www.padreeustaquio.com.br\/\"},{\"@type\":\"ListItem\",\"position\":2,\"name\":\"Cantores de Deus abrem a Festa do Beato Padre Eust\u00e1quio 2023\"}]},{\"@type\":\"WebSite\",\"@id\":\"https:\/\/www.padreeustaquio.com.br\/#website\",\"url\":\"https:\/\/www.padreeustaquio.com.br\/\",\"name\":\"Padre Eust\u00e1quio\",\"description\":\"Sa\u00fade e Paz\",\"publisher\":{\"@id\":\"https:\/\/www.padreeustaquio.com.br\/#organization\"},\"potentialAction\":[{\"@type\":\"SearchAction\",\"target\":{\"@type\":\"EntryPoint\",\"urlTemplate\":\"https:\/\/www.padreeustaquio.com.br\/?s={search_term_string}\"},\"query-input\":{\"@type\":\"PropertyValueSpecification\",\"valueRequired\":true,\"valueName\":\"search_term_string\"}}],\"inLanguage\":\"es\"},{\"@type\":\"Organization\",\"@id\":\"https:\/\/www.padreeustaquio.com.br\/#organization\",\"name\":\"Padre Eust\u00e1quio\",\"url\":\"https:\/\/www.padreeustaquio.com.br\/\",\"logo\":{\"@type\":\"ImageObject\",\"inLanguage\":\"es\",\"@id\":\"https:\/\/www.padreeustaquio.com.br\/#\/schema\/logo\/image\/\",\"url\":\"https:\/\/www.padreeustaquio.com.br\/wp-content\/uploads\/2019\/08\/marca.png\",\"contentUrl\":\"https:\/\/www.padreeustaquio.com.br\/wp-content\/uploads\/2019\/08\/marca.png\",\"width\":350,\"height\":400,\"caption\":\"Padre Eust\u00e1quio\"},\"image\":{\"@id\":\"https:\/\/www.padreeustaquio.com.br\/#\/schema\/logo\/image\/\"},\"sameAs\":[\"https:\/\/www.facebook.com\/beatopadreeustaquio\/\",\"https:\/\/x.com\/beatopeustaquio\",\"https:\/\/www.instagram.com\/beatopadreeustaquio\/\",\"https:\/\/www.youtube.com\/channel\/UCRhw7vfabnajwLxb1ZXMeIw\"]},{\"@type\":\"Person\",\"@id\":\"https:\/\/www.padreeustaquio.com.br\/#\/schema\/person\/a2a51db1d00f1a7af0204a0f1ddb1566\",\"name\":\"@sscc\",\"image\":{\"@type\":\"ImageObject\",\"inLanguage\":\"es\",\"@id\":\"https:\/\/secure.gravatar.com\/avatar\/68cfafa5f44617fea54071e215026e0ff06be366c3d54a8425f04fdcb86f8c5f?s=96&d=mm&r=g\",\"url\":\"https:\/\/secure.gravatar.com\/avatar\/68cfafa5f44617fea54071e215026e0ff06be366c3d54a8425f04fdcb86f8c5f?s=96&d=mm&r=g\",\"contentUrl\":\"https:\/\/secure.gravatar.com\/avatar\/68cfafa5f44617fea54071e215026e0ff06be366c3d54a8425f04fdcb86f8c5f?s=96&d=mm&r=g\",\"caption\":\"@sscc\"},\"url\":\"https:\/\/www.padreeustaquio.com.br\/es\/author\/sscc\/\"}]}<\/script>\n<!-- \/ Yoast SEO plugin. -->","yoast_head_json":{"title":"Cantores de Dios inauguran la Fiesta del Beato Padre Eustaquio 2023","robots":{"index":"index","follow":"follow","max-snippet":"max-snippet:-1","max-image-preview":"max-image-preview:large","max-video-preview":"max-video-preview:-1"},"canonical":"https:\/\/www.padreeustaquio.com.br\/es\/cantantes-de-dios-inauguran-el-festival-del-beato-padre-eustaquio-2023\/","og_locale":"es_ES","og_type":"article","og_title":"Cantores de Deus abrem a Festa do Beato Padre Eust\u00e1quio 2023","og_description":"O grupo Cantores de Deus, idealizado pelo Pe Zezinho, abriu as comemora\u00e7\u00f5es pelo dia do Beato Padre Eust\u00e1quio. No ano em que os fi\u00e9is relembram os 80 anos de devo\u00e7\u00e3o ao Beato, as vocalistas da banda emocionaram o p\u00fablico dentro da igreja. Andr\u00e9ia Zanardi, Dalva Ten\u00f3rio e Karla Fioravante cantaram m\u00fasicas tradicionais, relembrando os sucessos da carreira, fizeram momentos de reflex\u00e3o e ora\u00e7\u00e3o, al\u00e9m de terem feito muita gente voltar aos tempos de catequese. Reveja a apresenta\u00e7\u00e3o AQUI Dentre as m\u00fasicas do repert\u00f3rio, estavam grandes sucessos do grupo e do Pe Zezinho como Maria de Minha Inf\u00e2ncia, Ora\u00e7\u00e3o pela Fam\u00edlia, [&hellip;]","og_url":"https:\/\/www.padreeustaquio.com.br\/es\/cantantes-de-dios-inauguran-el-festival-del-beato-padre-eustaquio-2023\/","og_site_name":"Padre Eust\u00e1quio","article_publisher":"https:\/\/www.facebook.com\/beatopadreeustaquio\/","article_published_time":"2023-08-21T11:43:28+00:00","article_modified_time":"2023-08-21T17:17:30+00:00","og_image":[{"width":1024,"height":585,"url":"https:\/\/www.padreeustaquio.com.br\/wp-content\/uploads\/2023\/08\/cantores-de-deus-em-bh-e1692618193886.jpeg","type":"image\/jpeg"}],"author":"@sscc","twitter_card":"summary_large_image","twitter_creator":"@beatopeustaquio","twitter_site":"@beatopeustaquio","twitter_misc":{"Escrito por":"@sscc","Tiempo de lectura":"1 minuto"},"schema":{"@context":"https:\/\/schema.org","@graph":[{"@type":"Article","@id":"https:\/\/www.padreeustaquio.com.br\/cantores-de-deus-abrem-a-festa-do-beato-padre-eustaquio-2023\/#article","isPartOf":{"@id":"https:\/\/www.padreeustaquio.com.br\/cantores-de-deus-abrem-a-festa-do-beato-padre-eustaquio-2023\/"},"author":{"name":"@sscc","@id":"https:\/\/www.padreeustaquio.com.br\/#\/schema\/person\/a2a51db1d00f1a7af0204a0f1ddb1566"},"headline":"Cantores de Deus abrem a Festa do Beato Padre Eust\u00e1quio 2023","datePublished":"2023-08-21T11:43:28+00:00","dateModified":"2023-08-21T17:17:30+00:00","mainEntityOfPage":{"@id":"https:\/\/www.padreeustaquio.com.br\/cantores-de-deus-abrem-a-festa-do-beato-padre-eustaquio-2023\/"},"wordCount":207,"commentCount":0,"publisher":{"@id":"https:\/\/www.padreeustaquio.com.br\/#organization"},"image":{"@id":"https:\/\/www.padreeustaquio.com.br\/cantores-de-deus-abrem-a-festa-do-beato-padre-eustaquio-2023\/#primaryimage"},"thumbnailUrl":"https:\/\/www.padreeustaquio.com.br\/wp-content\/uploads\/2023\/08\/cantores-de-deus-em-bh-e1692618193886.jpeg","articleSection":["Not\u00edcias"],"inLanguage":"es","potentialAction":[{"@type":"CommentAction","name":"Comment","target":["https:\/\/www.padreeustaquio.com.br\/cantores-de-deus-abrem-a-festa-do-beato-padre-eustaquio-2023\/#respond"]}]},{"@type":"WebPage","@id":"https:\/\/www.padreeustaquio.com.br\/cantores-de-deus-abrem-a-festa-do-beato-padre-eustaquio-2023\/","url":"https:\/\/www.padreeustaquio.com.br\/cantores-de-deus-abrem-a-festa-do-beato-padre-eustaquio-2023\/","name":"Cantores de Dios inauguran la Fiesta del Beato Padre Eustaquio 2023","isPartOf":{"@id":"https:\/\/www.padreeustaquio.com.br\/#website"},"primaryImageOfPage":{"@id":"https:\/\/www.padreeustaquio.com.br\/cantores-de-deus-abrem-a-festa-do-beato-padre-eustaquio-2023\/#primaryimage"},"image":{"@id":"https:\/\/www.padreeustaquio.com.br\/cantores-de-deus-abrem-a-festa-do-beato-padre-eustaquio-2023\/#primaryimage"},"thumbnailUrl":"https:\/\/www.padreeustaquio.com.br\/wp-content\/uploads\/2023\/08\/cantores-de-deus-em-bh-e1692618193886.jpeg","datePublished":"2023-08-21T11:43:28+00:00","dateModified":"2023-08-21T17:17:30+00:00","breadcrumb":{"@id":"https:\/\/www.padreeustaquio.com.br\/cantores-de-deus-abrem-a-festa-do-beato-padre-eustaquio-2023\/#breadcrumb"},"inLanguage":"es","potentialAction":[{"@type":"ReadAction","target":["https:\/\/www.padreeustaquio.com.br\/cantores-de-deus-abrem-a-festa-do-beato-padre-eustaquio-2023\/"]}]},{"@type":"ImageObject","inLanguage":"es","@id":"https:\/\/www.padreeustaquio.com.br\/cantores-de-deus-abrem-a-festa-do-beato-padre-eustaquio-2023\/#primaryimage","url":"https:\/\/www.padreeustaquio.com.br\/wp-content\/uploads\/2023\/08\/cantores-de-deus-em-bh-e1692618193886.jpeg","contentUrl":"https:\/\/www.padreeustaquio.com.br\/wp-content\/uploads\/2023\/08\/cantores-de-deus-em-bh-e1692618193886.jpeg","width":1024,"height":585},{"@type":"BreadcrumbList","@id":"https:\/\/www.padreeustaquio.com.br\/cantores-de-deus-abrem-a-festa-do-beato-padre-eustaquio-2023\/#breadcrumb","itemListElement":[{"@type":"ListItem","position":1,"name":"In\u00edcio","item":"https:\/\/www.padreeustaquio.com.br\/"},{"@type":"ListItem","position":2,"name":"Cantores de Deus abrem a Festa do Beato Padre Eust\u00e1quio 2023"}]},{"@type":"WebSite","@id":"https:\/\/www.padreeustaquio.com.br\/#website","url":"https:\/\/www.padreeustaquio.com.br\/","name":"Padre Eustace","description":"Salud y Paz","publisher":{"@id":"https:\/\/www.padreeustaquio.com.br\/#organization"},"potentialAction":[{"@type":"SearchAction","target":{"@type":"EntryPoint","urlTemplate":"https:\/\/www.padreeustaquio.com.br\/?s={search_term_string}"},"query-input":{"@type":"PropertyValueSpecification","valueRequired":true,"valueName":"search_term_string"}}],"inLanguage":"es"},{"@type":"Organization","@id":"https:\/\/www.padreeustaquio.com.br\/#organization","name":"Padre Eustace","url":"https:\/\/www.padreeustaquio.com.br\/","logo":{"@type":"ImageObject","inLanguage":"es","@id":"https:\/\/www.padreeustaquio.com.br\/#\/schema\/logo\/image\/","url":"https:\/\/www.padreeustaquio.com.br\/wp-content\/uploads\/2019\/08\/marca.png","contentUrl":"https:\/\/www.padreeustaquio.com.br\/wp-content\/uploads\/2019\/08\/marca.png","width":350,"height":400,"caption":"Padre Eust\u00e1quio"},"image":{"@id":"https:\/\/www.padreeustaquio.com.br\/#\/schema\/logo\/image\/"},"sameAs":["https:\/\/www.facebook.com\/beatopadreeustaquio\/","https:\/\/x.com\/beatopeustaquio","https:\/\/www.instagram.com\/beatopadreeustaquio\/","https:\/\/www.youtube.com\/channel\/UCRhw7vfabnajwLxb1ZXMeIw"]},{"@type":"Person","@id":"https:\/\/www.padreeustaquio.com.br\/#\/schema\/person\/a2a51db1d00f1a7af0204a0f1ddb1566","name":"@sscc","image":{"@type":"ImageObject","inLanguage":"es","@id":"https:\/\/secure.gravatar.com\/avatar\/68cfafa5f44617fea54071e215026e0ff06be366c3d54a8425f04fdcb86f8c5f?s=96&d=mm&r=g","url":"https:\/\/secure.gravatar.com\/avatar\/68cfafa5f44617fea54071e215026e0ff06be366c3d54a8425f04fdcb86f8c5f?s=96&d=mm&r=g","contentUrl":"https:\/\/secure.gravatar.com\/avatar\/68cfafa5f44617fea54071e215026e0ff06be366c3d54a8425f04fdcb86f8c5f?s=96&d=mm&r=g","caption":"@sscc"},"url":"https:\/\/www.padreeustaquio.com.br\/es\/author\/sscc\/"}]}},"_links":{"self":[{"href":"https:\/\/www.padreeustaquio.com.br\/es\/wp-json\/wp\/v2\/posts\/10812","targetHints":{"allow":["GET"]}}],"collection":[{"href":"https:\/\/www.padreeustaquio.com.br\/es\/wp-json\/wp\/v2\/posts"}],"about":[{"href":"https:\/\/www.padreeustaquio.com.br\/es\/wp-json\/wp\/v2\/types\/post"}],"author":[{"embeddable":true,"href":"https:\/\/www.padreeustaquio.com.br\/es\/wp-json\/wp\/v2\/users\/2"}],"replies":[{"embeddable":true,"href":"https:\/\/www.padreeustaquio.com.br\/es\/wp-json\/wp\/v2\/comments?post=10812"}],"version-history":[{"count":0,"href":"https:\/\/www.padreeustaquio.com.br\/es\/wp-json\/wp\/v2\/posts\/10812\/revisions"}],"wp:featuredmedia":[{"embeddable":true,"href":"https:\/\/www.padreeustaquio.com.br\/es\/wp-json\/wp\/v2\/media\/10813"}],"wp:attachment":[{"href":"https:\/\/www.padreeustaquio.com.br\/es\/wp-json\/wp\/v2\/media?parent=10812"}],"wp:term":[{"taxonomy":"category","embeddable":true,"href":"https:\/\/www.padreeustaquio.com.br\/es\/wp-json\/wp\/v2\/categories?post=10812"},{"taxonomy":"post_tag","embeddable":true,"href":"https:\/\/www.padreeustaquio.com.br\/es\/wp-json\/wp\/v2\/tags?post=10812"}],"curies":[{"name":"wp","href":"https:\/\/api.w.org\/{rel}","templated":true}]}}