{"id":10807,"date":"2023-08-17T06:26:31","date_gmt":"2023-08-17T09:26:31","guid":{"rendered":"https:\/\/www.padreeustaquio.com.br\/?p=10807"},"modified":"2023-08-16T20:51:37","modified_gmt":"2023-08-16T23:51:37","slug":"consulta-el-programa-completo-del-festival-del-beato-padre-eustaquio-2023-y-unete-a-nosotros","status":"publish","type":"post","link":"https:\/\/www.padreeustaquio.com.br\/es\/consulta-el-programa-completo-del-festival-del-beato-padre-eustaquio-2023-y-unete-a-nosotros\/","title":{"rendered":"\u00a1Consulta el calendario completo del festival del Beato Padre Eustaquio 2023 y \u00fanete a nosotros!"},"content":{"rendered":"<p>Este a\u00f1o, los devotos del Beato Padre Eustaquio conmemoran 80 a\u00f1os de devoci\u00f3n a la figura religiosa, fallecida el 30 de agosto de 1943. En Belo Horizonte, en el Santuario de la Salud y la Paz, Iglesia del Padre Eustaquio, las festividades comienzan el pr\u00f3ximo s\u00e1bado.<\/p>\n<p>El programa incluye misas, adoraciones, rosarios y presentaciones art\u00edsticas y culturales. El 19, el festival inaugurar\u00e1 con un espect\u00e1culo de los Cantores de Dios. Del 21 al 29, se invita a los fieles a rezar la novena. Y el 30 de agosto, fecha lit\u00fargica dedicada al beato, se celebrar\u00e1n misas cada dos horas en honor al sacerdote holand\u00e9s.<\/p>\n<p>\u00a1Consulta la programaci\u00f3n completa y \u00fanete a nosotros!<\/p>\n<p>19 de agosto \u2013 s\u00e1bado<br \/>\n7 am y 5 pm \u2013 Misa<br \/>\n10:00 \u2013 Misa en el Colegio Marista Padre Eust\u00e1quio<br \/>\n6 PM \u2013 Puestos de comida<br \/>\n8 PM \u2013 Espect\u00e1culo de Cantantes de Dios<\/p>\n<p>20\/08 \u2013 DOMINGO<br \/>\nMisas a las 7:00 AM \/ 8:30 AM \/ 10:00 AM \/ 5:00 PM \/ 7:00 PM<br \/>\n10:00 AM \u2013 Participaci\u00f3n del Padre Reginaldo Martins da Silva y peregrinos de la Parroquia de Nuestra Se\u00f1ora de Lourdes de Po\u00e1\/SP, en la Misa.<br \/>\n12:00 h \u2013 Feijoada Ben\u00e9fica en el Centro Comunitario \u2013 Entradas anticipadas disponibles<br \/>\n17:00 horas \u2013 Misa con la participaci\u00f3n de los Peque\u00f1os Cantores de los Sagrados Corazones \u2013 Carm\u00f3polis\/MG<\/p>\n<p><strong>Novena al Beato Padre Eustaquio<\/strong><\/p>\n<p>21\/08 \u2013 LUNES \u2013 1er D\u00cdA<br \/>\n17:30 h \u2013 Salida de la caravana desde el Colegio Sagrado Coraz\u00f3n de Jes\u00fas<br \/>\n6 PM \u2013 Puestos de comida<br \/>\n19:00 \u2013 Misa presidida por el P. Jorge Alves Filho, Director Espiritual de la ECC Regional Este 2 \u2013 Parroquia Santa Clara de Assis \u2013 Buritis<br \/>\n20:00 horas \u2013 Reapertura del Busto del Padre Eust\u00e1quio<\/p>\n<p>22\/08 MARTES \u2013 2\u00ba D\u00cdA DE LA NOVENA<br \/>\n7 am y 12 pm \u2013 Misa<br \/>\n6 PM \u2013 Puestos de comida<br \/>\n19:00 \u2013 Misa presidida por el P. J\u00fanior Vasconcelos, Vicario Episcopal de Rense<\/p>\n<p>23 de agosto \u2013 Mi\u00e9rcoles \u2013 3er d\u00eda de la Novena<br \/>\n7 am y 12 pm \u2013 Misa<br \/>\n6 PM \u2013 Puestos de comida<br \/>\n19.00 horas \u2013 Misa presidida por el Padre Emanuel Castro Costa, Vicario For\u00e1neo \u2013 concelebrada por los p\u00e1rrocos y vicarios de las parroquias del Decanato de S\u00e3o Francisco das Chagas.<\/p>\n<p>24 de agosto \u2013 Jueves \u2013 4\u00ba D\u00eda de la Novena<br \/>\n7 am y 12 pm \u2013 Misa<br \/>\n6 PM \u2013 Puestos de comida<br \/>\n19:00 \u2013 Misa presidida por el P. Jos\u00e9 Cl\u00e1udio Teixeira, CSsR, Rector del Santuario de S\u00e3o Jos\u00e9<\/p>\n<p>25 de agosto \u2013 Viernes \u2013 5\u00ba D\u00eda de la Novena<br \/>\n7 am y 12 pm \u2013 Misa<br \/>\n6 PM \u2013 Puestos de comida<br \/>\n19.00 horas \u2013 Misa presidida por el Padre Samuel Fid\u00e9lis (TV Horizonte), Prorrector de la Bas\u00edlica Santuario de Nuestra Se\u00f1ora de la Piedad.<\/p>\n<p>26 de agosto \u2013 S\u00e1bado \u2013 6\u00ba D\u00eda de la Novena<br \/>\n7:00 AM - Misa<br \/>\n15:00 \u2013 Misa por los enfermos<br \/>\n4 PM \u2013 Puestos<br \/>\n17:00 \u2013 Misa presidida por Dom Joaquim Mol \u2013 Obispo encargado de RENSE<\/p>\n<p>27 de agosto \u2013 Domingo \u2013 7\u00ba d\u00eda de la Novena<br \/>\nMisas a las 7:00 AM \/ 8:30 AM \/ 10:00 AM \/ 5:00 PM \/ 7:00 PM<br \/>\n14.00 horas \u2013 Procesi\u00f3n con la imagen del Sant\u00edsimo por las calles del barrio Padre Eust\u00e1quio.<br \/>\n16:00 horas \u2013 Bendici\u00f3n de autom\u00f3viles en la plaza de la iglesia y puestos de comida.<\/p>\n<p>28 de agosto \u2013 Lunes \u2013 8\u00ba d\u00eda de la Novena<br \/>\n6 PM \u2013 Puestos de comida<br \/>\n19:00 horas \u2013 Misa con los Rectores de los Seminarios Arquidiocesanos y de las Di\u00f3cesis residentes en Belo Horizonte<\/p>\n<p>29 de agosto \u2013 Martes \u2013 9\u00ba D\u00eda de la Novena<br \/>\n7 am y 12 pm \u2013 Misa<br \/>\nCampa\u00f1a de Donaci\u00f3n de Sangre en el Centro Comunitario en colaboraci\u00f3n con HEMOSERVICE. Las citas para donaciones se pueden programar en la Secretar\u00eda.<br \/>\n6 PM \u2013 Puestos de comida<br \/>\n19.00 horas \u2013 Misa presidida por el P. Alexandre de Campos Leite, SS.CC, Vicario Parroquial del Santuario de la Salud y la Paz.<\/p>\n<p><strong>Fiesta del Beato Padre Eustaquio<\/strong><\/p>\n<p>30\/08 \u2013 MI\u00c9RCOLES<br \/>\nMisas 6:00, 7:00, 9:00, 11:00, 13:00, 15:00, 17:00<br \/>\n19.00 horas \u2013 Misa solemne seguida de procesi\u00f3n con velas.<br \/>\nPuestos de comida abiertos todo el d\u00eda.<\/p>","protected":false},"excerpt":{"rendered":"<p>Neste ano, os devotos do Beato Padre Eust\u00e1quio, relembram os 80 anos de devo\u00e7\u00e3o ao religioso, falecido no dia 30 de agosto de 1943. Em Belo Horizonte, no Santu\u00e1rio da Sa\u00fade e da Paz, a Igreja do Padre Eust\u00e1quio, os festejos come\u00e7am j\u00e1 no pr\u00f3ximo s\u00e1bado. Dentre a programa\u00e7\u00e3o est\u00e3o missas, adora\u00e7\u00f5es, ter\u00e7os, apresenta\u00e7\u00f5es art\u00edsticas e culturais. Dia 19 haver\u00e1 a abertura da festa em um Show dos Cantores de Deus. Do o dia 21 ao dia 29 os fi\u00e9is s\u00e3o convidados a rezar a novena. E, no dia 30 de agosto, data lit\u00fargica dedicada ao Beato, missas a cada [&hellip;]<\/p>\n","protected":false},"author":2,"featured_media":10809,"comment_status":"open","ping_status":"closed","sticky":false,"template":"","format":"standard","meta":{"_acf_changed":false,"footnotes":""},"categories":[611],"tags":[],"class_list":["post-10807","post","type-post","status-publish","format-standard","has-post-thumbnail","hentry","category-noticias"],"acf":[],"yoast_head":"<!-- This site is optimized with the Yoast SEO plugin v27.2 - https:\/\/yoast.com\/product\/yoast-seo-wordpress\/ -->\n<title>Confira a programa\u00e7\u00e3o completa da festa do Beato Padre Eust\u00e1quio 2023 e participe conosco! - Padre Eust\u00e1quio<\/title>\n<meta name=\"robots\" content=\"index, follow, max-snippet:-1, max-image-preview:large, max-video-preview:-1\" \/>\n<link rel=\"canonical\" href=\"https:\/\/www.padreeustaquio.com.br\/es\/consulta-el-programa-completo-del-festival-del-beato-padre-eustaquio-2023-y-unete-a-nosotros\/\" \/>\n<meta property=\"og:locale\" content=\"es_ES\" \/>\n<meta property=\"og:type\" content=\"article\" \/>\n<meta property=\"og:title\" content=\"Confira a programa\u00e7\u00e3o completa da festa do Beato Padre Eust\u00e1quio 2023 e participe conosco! - Padre Eust\u00e1quio\" \/>\n<meta property=\"og:description\" content=\"Neste ano, os devotos do Beato Padre Eust\u00e1quio, relembram os 80 anos de devo\u00e7\u00e3o ao religioso, falecido no dia 30 de agosto de 1943. Em Belo Horizonte, no Santu\u00e1rio da Sa\u00fade e da Paz, a Igreja do Padre Eust\u00e1quio, os festejos come\u00e7am j\u00e1 no pr\u00f3ximo s\u00e1bado. Dentre a programa\u00e7\u00e3o est\u00e3o missas, adora\u00e7\u00f5es, ter\u00e7os, apresenta\u00e7\u00f5es art\u00edsticas e culturais. Dia 19 haver\u00e1 a abertura da festa em um Show dos Cantores de Deus. Do o dia 21 ao dia 29 os fi\u00e9is s\u00e3o convidados a rezar a novena. E, no dia 30 de agosto, data lit\u00fargica dedicada ao Beato, missas a cada [&hellip;]\" \/>\n<meta property=\"og:url\" content=\"https:\/\/www.padreeustaquio.com.br\/es\/consulta-el-programa-completo-del-festival-del-beato-padre-eustaquio-2023-y-unete-a-nosotros\/\" \/>\n<meta property=\"og:site_name\" content=\"Padre Eust\u00e1quio\" \/>\n<meta property=\"article:publisher\" content=\"https:\/\/www.facebook.com\/beatopadreeustaquio\/\" \/>\n<meta property=\"article:published_time\" content=\"2023-08-17T09:26:31+00:00\" \/>\n<meta property=\"og:image\" content=\"https:\/\/www.padreeustaquio.com.br\/wp-content\/uploads\/2023\/08\/MG_9517-scaled-e1692229842465.jpg\" \/>\n\t<meta property=\"og:image:width\" content=\"2560\" \/>\n\t<meta property=\"og:image:height\" content=\"1395\" \/>\n\t<meta property=\"og:image:type\" content=\"image\/jpeg\" \/>\n<meta name=\"author\" content=\"@sscc\" \/>\n<meta name=\"twitter:card\" content=\"summary_large_image\" \/>\n<meta name=\"twitter:creator\" content=\"@beatopeustaquio\" \/>\n<meta name=\"twitter:site\" content=\"@beatopeustaquio\" \/>\n<meta name=\"twitter:label1\" content=\"Escrito por\" \/>\n\t<meta name=\"twitter:data1\" content=\"@sscc\" \/>\n\t<meta name=\"twitter:label2\" content=\"Tiempo de lectura\" \/>\n\t<meta name=\"twitter:data2\" content=\"3 minutos\" \/>\n<script type=\"application\/ld+json\" class=\"yoast-schema-graph\">{\"@context\":\"https:\/\/schema.org\",\"@graph\":[{\"@type\":\"Article\",\"@id\":\"https:\/\/www.padreeustaquio.com.br\/confira-a-programacao-completa-da-festa-do-beato-padre-eustaquio-2023-e-participe-conosco\/#article\",\"isPartOf\":{\"@id\":\"https:\/\/www.padreeustaquio.com.br\/confira-a-programacao-completa-da-festa-do-beato-padre-eustaquio-2023-e-participe-conosco\/\"},\"author\":{\"name\":\"@sscc\",\"@id\":\"https:\/\/www.padreeustaquio.com.br\/#\/schema\/person\/a2a51db1d00f1a7af0204a0f1ddb1566\"},\"headline\":\"Confira a programa\u00e7\u00e3o completa da festa do Beato Padre Eust\u00e1quio 2023 e participe conosco!\",\"datePublished\":\"2023-08-17T09:26:31+00:00\",\"mainEntityOfPage\":{\"@id\":\"https:\/\/www.padreeustaquio.com.br\/confira-a-programacao-completa-da-festa-do-beato-padre-eustaquio-2023-e-participe-conosco\/\"},\"wordCount\":559,\"commentCount\":0,\"publisher\":{\"@id\":\"https:\/\/www.padreeustaquio.com.br\/#organization\"},\"image\":{\"@id\":\"https:\/\/www.padreeustaquio.com.br\/confira-a-programacao-completa-da-festa-do-beato-padre-eustaquio-2023-e-participe-conosco\/#primaryimage\"},\"thumbnailUrl\":\"https:\/\/www.padreeustaquio.com.br\/wp-content\/uploads\/2023\/08\/MG_9517-scaled-e1692229842465.jpg\",\"articleSection\":[\"Not\u00edcias\"],\"inLanguage\":\"es\",\"potentialAction\":[{\"@type\":\"CommentAction\",\"name\":\"Comment\",\"target\":[\"https:\/\/www.padreeustaquio.com.br\/confira-a-programacao-completa-da-festa-do-beato-padre-eustaquio-2023-e-participe-conosco\/#respond\"]}]},{\"@type\":\"WebPage\",\"@id\":\"https:\/\/www.padreeustaquio.com.br\/confira-a-programacao-completa-da-festa-do-beato-padre-eustaquio-2023-e-participe-conosco\/\",\"url\":\"https:\/\/www.padreeustaquio.com.br\/confira-a-programacao-completa-da-festa-do-beato-padre-eustaquio-2023-e-participe-conosco\/\",\"name\":\"Confira a programa\u00e7\u00e3o completa da festa do Beato Padre Eust\u00e1quio 2023 e participe conosco! - Padre Eust\u00e1quio\",\"isPartOf\":{\"@id\":\"https:\/\/www.padreeustaquio.com.br\/#website\"},\"primaryImageOfPage\":{\"@id\":\"https:\/\/www.padreeustaquio.com.br\/confira-a-programacao-completa-da-festa-do-beato-padre-eustaquio-2023-e-participe-conosco\/#primaryimage\"},\"image\":{\"@id\":\"https:\/\/www.padreeustaquio.com.br\/confira-a-programacao-completa-da-festa-do-beato-padre-eustaquio-2023-e-participe-conosco\/#primaryimage\"},\"thumbnailUrl\":\"https:\/\/www.padreeustaquio.com.br\/wp-content\/uploads\/2023\/08\/MG_9517-scaled-e1692229842465.jpg\",\"datePublished\":\"2023-08-17T09:26:31+00:00\",\"breadcrumb\":{\"@id\":\"https:\/\/www.padreeustaquio.com.br\/confira-a-programacao-completa-da-festa-do-beato-padre-eustaquio-2023-e-participe-conosco\/#breadcrumb\"},\"inLanguage\":\"es\",\"potentialAction\":[{\"@type\":\"ReadAction\",\"target\":[\"https:\/\/www.padreeustaquio.com.br\/confira-a-programacao-completa-da-festa-do-beato-padre-eustaquio-2023-e-participe-conosco\/\"]}]},{\"@type\":\"ImageObject\",\"inLanguage\":\"es\",\"@id\":\"https:\/\/www.padreeustaquio.com.br\/confira-a-programacao-completa-da-festa-do-beato-padre-eustaquio-2023-e-participe-conosco\/#primaryimage\",\"url\":\"https:\/\/www.padreeustaquio.com.br\/wp-content\/uploads\/2023\/08\/MG_9517-scaled-e1692229842465.jpg\",\"contentUrl\":\"https:\/\/www.padreeustaquio.com.br\/wp-content\/uploads\/2023\/08\/MG_9517-scaled-e1692229842465.jpg\",\"width\":2560,\"height\":1395},{\"@type\":\"BreadcrumbList\",\"@id\":\"https:\/\/www.padreeustaquio.com.br\/confira-a-programacao-completa-da-festa-do-beato-padre-eustaquio-2023-e-participe-conosco\/#breadcrumb\",\"itemListElement\":[{\"@type\":\"ListItem\",\"position\":1,\"name\":\"In\u00edcio\",\"item\":\"https:\/\/www.padreeustaquio.com.br\/\"},{\"@type\":\"ListItem\",\"position\":2,\"name\":\"Confira a programa\u00e7\u00e3o completa da festa do Beato Padre Eust\u00e1quio 2023 e participe conosco!\"}]},{\"@type\":\"WebSite\",\"@id\":\"https:\/\/www.padreeustaquio.com.br\/#website\",\"url\":\"https:\/\/www.padreeustaquio.com.br\/\",\"name\":\"Padre Eust\u00e1quio\",\"description\":\"Sa\u00fade e Paz\",\"publisher\":{\"@id\":\"https:\/\/www.padreeustaquio.com.br\/#organization\"},\"potentialAction\":[{\"@type\":\"SearchAction\",\"target\":{\"@type\":\"EntryPoint\",\"urlTemplate\":\"https:\/\/www.padreeustaquio.com.br\/?s={search_term_string}\"},\"query-input\":{\"@type\":\"PropertyValueSpecification\",\"valueRequired\":true,\"valueName\":\"search_term_string\"}}],\"inLanguage\":\"es\"},{\"@type\":\"Organization\",\"@id\":\"https:\/\/www.padreeustaquio.com.br\/#organization\",\"name\":\"Padre Eust\u00e1quio\",\"url\":\"https:\/\/www.padreeustaquio.com.br\/\",\"logo\":{\"@type\":\"ImageObject\",\"inLanguage\":\"es\",\"@id\":\"https:\/\/www.padreeustaquio.com.br\/#\/schema\/logo\/image\/\",\"url\":\"https:\/\/www.padreeustaquio.com.br\/wp-content\/uploads\/2019\/08\/marca.png\",\"contentUrl\":\"https:\/\/www.padreeustaquio.com.br\/wp-content\/uploads\/2019\/08\/marca.png\",\"width\":350,\"height\":400,\"caption\":\"Padre Eust\u00e1quio\"},\"image\":{\"@id\":\"https:\/\/www.padreeustaquio.com.br\/#\/schema\/logo\/image\/\"},\"sameAs\":[\"https:\/\/www.facebook.com\/beatopadreeustaquio\/\",\"https:\/\/x.com\/beatopeustaquio\",\"https:\/\/www.instagram.com\/beatopadreeustaquio\/\",\"https:\/\/www.youtube.com\/channel\/UCRhw7vfabnajwLxb1ZXMeIw\"]},{\"@type\":\"Person\",\"@id\":\"https:\/\/www.padreeustaquio.com.br\/#\/schema\/person\/a2a51db1d00f1a7af0204a0f1ddb1566\",\"name\":\"@sscc\",\"image\":{\"@type\":\"ImageObject\",\"inLanguage\":\"es\",\"@id\":\"https:\/\/secure.gravatar.com\/avatar\/68cfafa5f44617fea54071e215026e0ff06be366c3d54a8425f04fdcb86f8c5f?s=96&d=mm&r=g\",\"url\":\"https:\/\/secure.gravatar.com\/avatar\/68cfafa5f44617fea54071e215026e0ff06be366c3d54a8425f04fdcb86f8c5f?s=96&d=mm&r=g\",\"contentUrl\":\"https:\/\/secure.gravatar.com\/avatar\/68cfafa5f44617fea54071e215026e0ff06be366c3d54a8425f04fdcb86f8c5f?s=96&d=mm&r=g\",\"caption\":\"@sscc\"},\"url\":\"https:\/\/www.padreeustaquio.com.br\/es\/author\/sscc\/\"}]}<\/script>\n<!-- \/ Yoast SEO plugin. -->","yoast_head_json":{"title":"\u00a1Consulta el programa completo del festival del Beato Padre Eustaquio 2023 y \u00fanete a nosotros! - Padre Eustaquio","robots":{"index":"index","follow":"follow","max-snippet":"max-snippet:-1","max-image-preview":"max-image-preview:large","max-video-preview":"max-video-preview:-1"},"canonical":"https:\/\/www.padreeustaquio.com.br\/es\/consulta-el-programa-completo-del-festival-del-beato-padre-eustaquio-2023-y-unete-a-nosotros\/","og_locale":"es_ES","og_type":"article","og_title":"Confira a programa\u00e7\u00e3o completa da festa do Beato Padre Eust\u00e1quio 2023 e participe conosco! - Padre Eust\u00e1quio","og_description":"Neste ano, os devotos do Beato Padre Eust\u00e1quio, relembram os 80 anos de devo\u00e7\u00e3o ao religioso, falecido no dia 30 de agosto de 1943. Em Belo Horizonte, no Santu\u00e1rio da Sa\u00fade e da Paz, a Igreja do Padre Eust\u00e1quio, os festejos come\u00e7am j\u00e1 no pr\u00f3ximo s\u00e1bado. Dentre a programa\u00e7\u00e3o est\u00e3o missas, adora\u00e7\u00f5es, ter\u00e7os, apresenta\u00e7\u00f5es art\u00edsticas e culturais. Dia 19 haver\u00e1 a abertura da festa em um Show dos Cantores de Deus. Do o dia 21 ao dia 29 os fi\u00e9is s\u00e3o convidados a rezar a novena. E, no dia 30 de agosto, data lit\u00fargica dedicada ao Beato, missas a cada [&hellip;]","og_url":"https:\/\/www.padreeustaquio.com.br\/es\/consulta-el-programa-completo-del-festival-del-beato-padre-eustaquio-2023-y-unete-a-nosotros\/","og_site_name":"Padre Eust\u00e1quio","article_publisher":"https:\/\/www.facebook.com\/beatopadreeustaquio\/","article_published_time":"2023-08-17T09:26:31+00:00","og_image":[{"width":2560,"height":1395,"url":"https:\/\/www.padreeustaquio.com.br\/wp-content\/uploads\/2023\/08\/MG_9517-scaled-e1692229842465.jpg","type":"image\/jpeg"}],"author":"@sscc","twitter_card":"summary_large_image","twitter_creator":"@beatopeustaquio","twitter_site":"@beatopeustaquio","twitter_misc":{"Escrito por":"@sscc","Tiempo de lectura":"3 minutos"},"schema":{"@context":"https:\/\/schema.org","@graph":[{"@type":"Article","@id":"https:\/\/www.padreeustaquio.com.br\/confira-a-programacao-completa-da-festa-do-beato-padre-eustaquio-2023-e-participe-conosco\/#article","isPartOf":{"@id":"https:\/\/www.padreeustaquio.com.br\/confira-a-programacao-completa-da-festa-do-beato-padre-eustaquio-2023-e-participe-conosco\/"},"author":{"name":"@sscc","@id":"https:\/\/www.padreeustaquio.com.br\/#\/schema\/person\/a2a51db1d00f1a7af0204a0f1ddb1566"},"headline":"Confira a programa\u00e7\u00e3o completa da festa do Beato Padre Eust\u00e1quio 2023 e participe conosco!","datePublished":"2023-08-17T09:26:31+00:00","mainEntityOfPage":{"@id":"https:\/\/www.padreeustaquio.com.br\/confira-a-programacao-completa-da-festa-do-beato-padre-eustaquio-2023-e-participe-conosco\/"},"wordCount":559,"commentCount":0,"publisher":{"@id":"https:\/\/www.padreeustaquio.com.br\/#organization"},"image":{"@id":"https:\/\/www.padreeustaquio.com.br\/confira-a-programacao-completa-da-festa-do-beato-padre-eustaquio-2023-e-participe-conosco\/#primaryimage"},"thumbnailUrl":"https:\/\/www.padreeustaquio.com.br\/wp-content\/uploads\/2023\/08\/MG_9517-scaled-e1692229842465.jpg","articleSection":["Not\u00edcias"],"inLanguage":"es","potentialAction":[{"@type":"CommentAction","name":"Comment","target":["https:\/\/www.padreeustaquio.com.br\/confira-a-programacao-completa-da-festa-do-beato-padre-eustaquio-2023-e-participe-conosco\/#respond"]}]},{"@type":"WebPage","@id":"https:\/\/www.padreeustaquio.com.br\/confira-a-programacao-completa-da-festa-do-beato-padre-eustaquio-2023-e-participe-conosco\/","url":"https:\/\/www.padreeustaquio.com.br\/confira-a-programacao-completa-da-festa-do-beato-padre-eustaquio-2023-e-participe-conosco\/","name":"\u00a1Consulta el programa completo del festival del Beato Padre Eustaquio 2023 y \u00fanete a nosotros! - Padre Eustaquio","isPartOf":{"@id":"https:\/\/www.padreeustaquio.com.br\/#website"},"primaryImageOfPage":{"@id":"https:\/\/www.padreeustaquio.com.br\/confira-a-programacao-completa-da-festa-do-beato-padre-eustaquio-2023-e-participe-conosco\/#primaryimage"},"image":{"@id":"https:\/\/www.padreeustaquio.com.br\/confira-a-programacao-completa-da-festa-do-beato-padre-eustaquio-2023-e-participe-conosco\/#primaryimage"},"thumbnailUrl":"https:\/\/www.padreeustaquio.com.br\/wp-content\/uploads\/2023\/08\/MG_9517-scaled-e1692229842465.jpg","datePublished":"2023-08-17T09:26:31+00:00","breadcrumb":{"@id":"https:\/\/www.padreeustaquio.com.br\/confira-a-programacao-completa-da-festa-do-beato-padre-eustaquio-2023-e-participe-conosco\/#breadcrumb"},"inLanguage":"es","potentialAction":[{"@type":"ReadAction","target":["https:\/\/www.padreeustaquio.com.br\/confira-a-programacao-completa-da-festa-do-beato-padre-eustaquio-2023-e-participe-conosco\/"]}]},{"@type":"ImageObject","inLanguage":"es","@id":"https:\/\/www.padreeustaquio.com.br\/confira-a-programacao-completa-da-festa-do-beato-padre-eustaquio-2023-e-participe-conosco\/#primaryimage","url":"https:\/\/www.padreeustaquio.com.br\/wp-content\/uploads\/2023\/08\/MG_9517-scaled-e1692229842465.jpg","contentUrl":"https:\/\/www.padreeustaquio.com.br\/wp-content\/uploads\/2023\/08\/MG_9517-scaled-e1692229842465.jpg","width":2560,"height":1395},{"@type":"BreadcrumbList","@id":"https:\/\/www.padreeustaquio.com.br\/confira-a-programacao-completa-da-festa-do-beato-padre-eustaquio-2023-e-participe-conosco\/#breadcrumb","itemListElement":[{"@type":"ListItem","position":1,"name":"In\u00edcio","item":"https:\/\/www.padreeustaquio.com.br\/"},{"@type":"ListItem","position":2,"name":"Confira a programa\u00e7\u00e3o completa da festa do Beato Padre Eust\u00e1quio 2023 e participe conosco!"}]},{"@type":"WebSite","@id":"https:\/\/www.padreeustaquio.com.br\/#website","url":"https:\/\/www.padreeustaquio.com.br\/","name":"Padre Eustace","description":"Salud y Paz","publisher":{"@id":"https:\/\/www.padreeustaquio.com.br\/#organization"},"potentialAction":[{"@type":"SearchAction","target":{"@type":"EntryPoint","urlTemplate":"https:\/\/www.padreeustaquio.com.br\/?s={search_term_string}"},"query-input":{"@type":"PropertyValueSpecification","valueRequired":true,"valueName":"search_term_string"}}],"inLanguage":"es"},{"@type":"Organization","@id":"https:\/\/www.padreeustaquio.com.br\/#organization","name":"Padre Eustace","url":"https:\/\/www.padreeustaquio.com.br\/","logo":{"@type":"ImageObject","inLanguage":"es","@id":"https:\/\/www.padreeustaquio.com.br\/#\/schema\/logo\/image\/","url":"https:\/\/www.padreeustaquio.com.br\/wp-content\/uploads\/2019\/08\/marca.png","contentUrl":"https:\/\/www.padreeustaquio.com.br\/wp-content\/uploads\/2019\/08\/marca.png","width":350,"height":400,"caption":"Padre Eust\u00e1quio"},"image":{"@id":"https:\/\/www.padreeustaquio.com.br\/#\/schema\/logo\/image\/"},"sameAs":["https:\/\/www.facebook.com\/beatopadreeustaquio\/","https:\/\/x.com\/beatopeustaquio","https:\/\/www.instagram.com\/beatopadreeustaquio\/","https:\/\/www.youtube.com\/channel\/UCRhw7vfabnajwLxb1ZXMeIw"]},{"@type":"Person","@id":"https:\/\/www.padreeustaquio.com.br\/#\/schema\/person\/a2a51db1d00f1a7af0204a0f1ddb1566","name":"@sscc","image":{"@type":"ImageObject","inLanguage":"es","@id":"https:\/\/secure.gravatar.com\/avatar\/68cfafa5f44617fea54071e215026e0ff06be366c3d54a8425f04fdcb86f8c5f?s=96&d=mm&r=g","url":"https:\/\/secure.gravatar.com\/avatar\/68cfafa5f44617fea54071e215026e0ff06be366c3d54a8425f04fdcb86f8c5f?s=96&d=mm&r=g","contentUrl":"https:\/\/secure.gravatar.com\/avatar\/68cfafa5f44617fea54071e215026e0ff06be366c3d54a8425f04fdcb86f8c5f?s=96&d=mm&r=g","caption":"@sscc"},"url":"https:\/\/www.padreeustaquio.com.br\/es\/author\/sscc\/"}]}},"_links":{"self":[{"href":"https:\/\/www.padreeustaquio.com.br\/es\/wp-json\/wp\/v2\/posts\/10807","targetHints":{"allow":["GET"]}}],"collection":[{"href":"https:\/\/www.padreeustaquio.com.br\/es\/wp-json\/wp\/v2\/posts"}],"about":[{"href":"https:\/\/www.padreeustaquio.com.br\/es\/wp-json\/wp\/v2\/types\/post"}],"author":[{"embeddable":true,"href":"https:\/\/www.padreeustaquio.com.br\/es\/wp-json\/wp\/v2\/users\/2"}],"replies":[{"embeddable":true,"href":"https:\/\/www.padreeustaquio.com.br\/es\/wp-json\/wp\/v2\/comments?post=10807"}],"version-history":[{"count":0,"href":"https:\/\/www.padreeustaquio.com.br\/es\/wp-json\/wp\/v2\/posts\/10807\/revisions"}],"wp:featuredmedia":[{"embeddable":true,"href":"https:\/\/www.padreeustaquio.com.br\/es\/wp-json\/wp\/v2\/media\/10809"}],"wp:attachment":[{"href":"https:\/\/www.padreeustaquio.com.br\/es\/wp-json\/wp\/v2\/media?parent=10807"}],"wp:term":[{"taxonomy":"category","embeddable":true,"href":"https:\/\/www.padreeustaquio.com.br\/es\/wp-json\/wp\/v2\/categories?post=10807"},{"taxonomy":"post_tag","embeddable":true,"href":"https:\/\/www.padreeustaquio.com.br\/es\/wp-json\/wp\/v2\/tags?post=10807"}],"curies":[{"name":"wp","href":"https:\/\/api.w.org\/{rel}","templated":true}]}}