{"id":10801,"date":"2023-08-14T05:01:24","date_gmt":"2023-08-14T08:01:24","guid":{"rendered":"https:\/\/www.padreeustaquio.com.br\/?p=10801"},"modified":"2023-08-13T21:08:39","modified_gmt":"2023-08-14T00:08:39","slug":"los-fieles-del-santuario-celebraran-manana-a-nuestra-senora-de-la-abadia","status":"publish","type":"post","link":"https:\/\/www.padreeustaquio.com.br\/es\/los-fieles-del-santuario-celebraran-manana-a-nuestra-senora-de-la-abadia\/","title":{"rendered":"Los fieles del Santuario celebran ma\u00f1ana a Nuestra Se\u00f1ora de la Abad\u00eda."},"content":{"rendered":"<p>Ma\u00f1ana, 15 de agosto, la Iglesia celebra la Asunci\u00f3n de Nuestra Se\u00f1ora. En algunas ciudades brasile\u00f1as, ser\u00e1 feriado para que los devotos puedan celebrar la festividad de su santo patrono. En el Santuario de la Salud y la Paz de Belo Horizonte, la celebraci\u00f3n estar\u00e1 dedicada a Nuestra Se\u00f1ora de la Abad\u00eda de \u00c1gua Suja, advocaci\u00f3n del Beato Padre Eust\u00e1quio. Las celebraciones forman parte del Mes del Padre Eust\u00e1quio, que conmemora el 80.\u00ba aniversario de la muerte de este religioso.<\/p>\n<p>En la Iglesia del Beato Padre Eust\u00e1quio de Belo Horizonte, se celebrar\u00e1n misas a las 7:00, 17:00 y 19:00. Inmediatamente despu\u00e9s de la misa de las 17:00, los devotos recorrer\u00e1n las calles del barrio en procesi\u00f3n con la imagen de Nuestra Se\u00f1ora de la Abad\u00eda (una r\u00e9plica de la original, tra\u00edda de la regi\u00f3n del Tri\u00e1ngulo Minero). El d\u00eda tambi\u00e9n habr\u00e1 puestos de comida a partir de las 16:00.<\/p>\n<p>Al llegar a Brasil en 1925, el Padre Eust\u00e1quio y otros dos sacerdotes emprendieron misiones en ciudades de la regi\u00f3n del Tri\u00e1ngulo Minero, una de ellas \u00c1gua Suja (actual Romaria), donde ya exist\u00eda una devoci\u00f3n heredada de los portugueses a Nuestra Se\u00f1ora de la Abad\u00eda. All\u00ed, el Padre Eust\u00e1quio construy\u00f3 el actual Santuario, que anualmente recibe a miles de personas para la festividad del 15 de agosto.<\/p>\n<p>En honor a esta devoci\u00f3n del Padre Eust\u00e1quio, los devotos de Belo Horizonte celebrar\u00e1n una gran fiesta. Las festividades, que comienzan este martes, continuar\u00e1n durante el resto del mes en conmemoraci\u00f3n del Padre Eust\u00e1quio. El s\u00e1bado 19, se ha programado un gran concierto con los Cantores de Deus dentro de la iglesia, con canciones del grupo y composiciones del Padre Zezinho, SCJ.<\/p>\n<p><span style=\"font-size: 1.21429rem;\">Oremos juntos por la salud y la paz para nosotros y nuestras familias, por la intercesi\u00f3n del Padre Eustaquio y Nuestra Se\u00f1ora de la Abad\u00eda. Como dijo el Sant\u00edsimo: &quot;\u00a1Ay\u00fadanos, Nuestra Se\u00f1ora de la Abad\u00eda!&quot;\u201c<\/span><\/p>","protected":false},"excerpt":{"rendered":"<p>Amanh\u00e3, dia 15 de agosto, a Igreja celebra a Assun\u00e7\u00e3o de Nossa Senhora. Em algumas cidades brasileiras ser\u00e1 feriado para que os devotos possam celebrar a festa de sua padroeira. No Santu\u00e1rio da Sa\u00fade e da Paz, em Belo Horizonte, a comemora\u00e7\u00e3o ser\u00e1 dedicada \u00e0 Nossa Senhora da Abadia da \u00c1gua Suja, uma devo\u00e7\u00e3o do Beato Padre Eust\u00e1quio. As comemora\u00e7\u00f5es fazem parte da programa\u00e7\u00e3o do M\u00eas de Padre Eust\u00e1quio, que relembram os 80 anos da morte do religioso. Na Igreja do Beato Padre Eust\u00e1quio, em BH, haver\u00e1 missas \u00e0s 7h, 17h e 19h, sendo que, logo ap\u00f3s a missa das [&hellip;]<\/p>\n","protected":false},"author":2,"featured_media":9084,"comment_status":"open","ping_status":"closed","sticky":false,"template":"","format":"standard","meta":{"_acf_changed":false,"footnotes":""},"categories":[611],"tags":[],"class_list":["post-10801","post","type-post","status-publish","format-standard","has-post-thumbnail","hentry","category-noticias"],"acf":[],"yoast_head":"<!-- This site is optimized with the Yoast SEO plugin v27.2 - https:\/\/yoast.com\/product\/yoast-seo-wordpress\/ -->\n<title>Fi\u00e9is do Santu\u00e1rio celebram amanh\u00e3 Nossa Senhora da Abadia<\/title>\n<meta name=\"description\" content=\"Amanh\u00e3, dia 15 de agosto, a Igreja celebra a Assun\u00e7\u00e3o de Nossa Senhora. Em algumas cidades brasileiras ser\u00e1 feriado para que os devotos possam celebrar a festa de sua padroeira. No Santu\u00e1rio da Sa\u00fade e da Paz, em Belo Horizonte, a comemora\u00e7\u00e3o ser\u00e1 dedicada \u00e0 Nossa Senhora da Abadia da \u00c1gua Suja, uma devo\u00e7\u00e3o do Beato Padre Eust\u00e1quio. As comemora\u00e7\u00f5es fazem parte da programa\u00e7\u00e3o do M\u00eas de Padre Eust\u00e1quio, que relembram os 80 anos da morte do religioso.\" \/>\n<meta name=\"robots\" content=\"index, follow, max-snippet:-1, max-image-preview:large, max-video-preview:-1\" \/>\n<link rel=\"canonical\" href=\"https:\/\/www.padreeustaquio.com.br\/es\/los-fieles-del-santuario-celebraran-manana-a-nuestra-senora-de-la-abadia\/\" \/>\n<meta property=\"og:locale\" content=\"es_ES\" \/>\n<meta property=\"og:type\" content=\"article\" \/>\n<meta property=\"og:title\" content=\"Fi\u00e9is do Santu\u00e1rio celebram amanh\u00e3 Nossa Senhora da Abadia\" \/>\n<meta property=\"og:description\" content=\"Amanh\u00e3, dia 15 de agosto, a Igreja celebra a Assun\u00e7\u00e3o de Nossa Senhora. Em algumas cidades brasileiras ser\u00e1 feriado para que os devotos possam celebrar a festa de sua padroeira. No Santu\u00e1rio da Sa\u00fade e da Paz, em Belo Horizonte, a comemora\u00e7\u00e3o ser\u00e1 dedicada \u00e0 Nossa Senhora da Abadia da \u00c1gua Suja, uma devo\u00e7\u00e3o do Beato Padre Eust\u00e1quio. As comemora\u00e7\u00f5es fazem parte da programa\u00e7\u00e3o do M\u00eas de Padre Eust\u00e1quio, que relembram os 80 anos da morte do religioso.\" \/>\n<meta property=\"og:url\" content=\"https:\/\/www.padreeustaquio.com.br\/es\/los-fieles-del-santuario-celebraran-manana-a-nuestra-senora-de-la-abadia\/\" \/>\n<meta property=\"og:site_name\" content=\"Padre Eust\u00e1quio\" \/>\n<meta property=\"article:publisher\" content=\"https:\/\/www.facebook.com\/beatopadreeustaquio\/\" \/>\n<meta property=\"article:published_time\" content=\"2023-08-14T08:01:24+00:00\" \/>\n<meta property=\"og:image\" content=\"https:\/\/www.padreeustaquio.com.br\/wp-content\/uploads\/2022\/08\/Festa-Abadia-6-e1691971696165.jpeg\" \/>\n\t<meta property=\"og:image:width\" content=\"1200\" \/>\n\t<meta property=\"og:image:height\" content=\"717\" \/>\n\t<meta property=\"og:image:type\" content=\"image\/jpeg\" \/>\n<meta name=\"author\" content=\"@sscc\" \/>\n<meta name=\"twitter:card\" content=\"summary_large_image\" \/>\n<meta name=\"twitter:creator\" content=\"@beatopeustaquio\" \/>\n<meta name=\"twitter:site\" content=\"@beatopeustaquio\" \/>\n<meta name=\"twitter:label1\" content=\"Escrito por\" \/>\n\t<meta name=\"twitter:data1\" content=\"@sscc\" \/>\n\t<meta name=\"twitter:label2\" content=\"Tiempo de lectura\" \/>\n\t<meta name=\"twitter:data2\" content=\"2 minutos\" \/>\n<script type=\"application\/ld+json\" class=\"yoast-schema-graph\">{\"@context\":\"https:\/\/schema.org\",\"@graph\":[{\"@type\":\"Article\",\"@id\":\"https:\/\/www.padreeustaquio.com.br\/fieis-do-santuario-celebram-amanha-nossa-senhora-da-abadia\/#article\",\"isPartOf\":{\"@id\":\"https:\/\/www.padreeustaquio.com.br\/fieis-do-santuario-celebram-amanha-nossa-senhora-da-abadia\/\"},\"author\":{\"name\":\"@sscc\",\"@id\":\"https:\/\/www.padreeustaquio.com.br\/#\/schema\/person\/a2a51db1d00f1a7af0204a0f1ddb1566\"},\"headline\":\"Fi\u00e9is do Santu\u00e1rio celebram amanh\u00e3 Nossa Senhora da Abadia\",\"datePublished\":\"2023-08-14T08:01:24+00:00\",\"mainEntityOfPage\":{\"@id\":\"https:\/\/www.padreeustaquio.com.br\/fieis-do-santuario-celebram-amanha-nossa-senhora-da-abadia\/\"},\"wordCount\":337,\"commentCount\":0,\"publisher\":{\"@id\":\"https:\/\/www.padreeustaquio.com.br\/#organization\"},\"image\":{\"@id\":\"https:\/\/www.padreeustaquio.com.br\/fieis-do-santuario-celebram-amanha-nossa-senhora-da-abadia\/#primaryimage\"},\"thumbnailUrl\":\"https:\/\/www.padreeustaquio.com.br\/wp-content\/uploads\/2022\/08\/Festa-Abadia-6-e1691971696165.jpeg\",\"articleSection\":[\"Not\u00edcias\"],\"inLanguage\":\"es\",\"potentialAction\":[{\"@type\":\"CommentAction\",\"name\":\"Comment\",\"target\":[\"https:\/\/www.padreeustaquio.com.br\/fieis-do-santuario-celebram-amanha-nossa-senhora-da-abadia\/#respond\"]}]},{\"@type\":\"WebPage\",\"@id\":\"https:\/\/www.padreeustaquio.com.br\/fieis-do-santuario-celebram-amanha-nossa-senhora-da-abadia\/\",\"url\":\"https:\/\/www.padreeustaquio.com.br\/fieis-do-santuario-celebram-amanha-nossa-senhora-da-abadia\/\",\"name\":\"Fi\u00e9is do Santu\u00e1rio celebram amanh\u00e3 Nossa Senhora da Abadia\",\"isPartOf\":{\"@id\":\"https:\/\/www.padreeustaquio.com.br\/#website\"},\"primaryImageOfPage\":{\"@id\":\"https:\/\/www.padreeustaquio.com.br\/fieis-do-santuario-celebram-amanha-nossa-senhora-da-abadia\/#primaryimage\"},\"image\":{\"@id\":\"https:\/\/www.padreeustaquio.com.br\/fieis-do-santuario-celebram-amanha-nossa-senhora-da-abadia\/#primaryimage\"},\"thumbnailUrl\":\"https:\/\/www.padreeustaquio.com.br\/wp-content\/uploads\/2022\/08\/Festa-Abadia-6-e1691971696165.jpeg\",\"datePublished\":\"2023-08-14T08:01:24+00:00\",\"description\":\"Amanh\u00e3, dia 15 de agosto, a Igreja celebra a Assun\u00e7\u00e3o de Nossa Senhora. Em algumas cidades brasileiras ser\u00e1 feriado para que os devotos possam celebrar a festa de sua padroeira. No Santu\u00e1rio da Sa\u00fade e da Paz, em Belo Horizonte, a comemora\u00e7\u00e3o ser\u00e1 dedicada \u00e0 Nossa Senhora da Abadia da \u00c1gua Suja, uma devo\u00e7\u00e3o do Beato Padre Eust\u00e1quio. As comemora\u00e7\u00f5es fazem parte da programa\u00e7\u00e3o do M\u00eas de Padre Eust\u00e1quio, que relembram os 80 anos da morte do religioso.\",\"breadcrumb\":{\"@id\":\"https:\/\/www.padreeustaquio.com.br\/fieis-do-santuario-celebram-amanha-nossa-senhora-da-abadia\/#breadcrumb\"},\"inLanguage\":\"es\",\"potentialAction\":[{\"@type\":\"ReadAction\",\"target\":[\"https:\/\/www.padreeustaquio.com.br\/fieis-do-santuario-celebram-amanha-nossa-senhora-da-abadia\/\"]}]},{\"@type\":\"ImageObject\",\"inLanguage\":\"es\",\"@id\":\"https:\/\/www.padreeustaquio.com.br\/fieis-do-santuario-celebram-amanha-nossa-senhora-da-abadia\/#primaryimage\",\"url\":\"https:\/\/www.padreeustaquio.com.br\/wp-content\/uploads\/2022\/08\/Festa-Abadia-6-e1691971696165.jpeg\",\"contentUrl\":\"https:\/\/www.padreeustaquio.com.br\/wp-content\/uploads\/2022\/08\/Festa-Abadia-6-e1691971696165.jpeg\",\"width\":1200,\"height\":717},{\"@type\":\"BreadcrumbList\",\"@id\":\"https:\/\/www.padreeustaquio.com.br\/fieis-do-santuario-celebram-amanha-nossa-senhora-da-abadia\/#breadcrumb\",\"itemListElement\":[{\"@type\":\"ListItem\",\"position\":1,\"name\":\"In\u00edcio\",\"item\":\"https:\/\/www.padreeustaquio.com.br\/\"},{\"@type\":\"ListItem\",\"position\":2,\"name\":\"Fi\u00e9is do Santu\u00e1rio celebram amanh\u00e3 Nossa Senhora da Abadia\"}]},{\"@type\":\"WebSite\",\"@id\":\"https:\/\/www.padreeustaquio.com.br\/#website\",\"url\":\"https:\/\/www.padreeustaquio.com.br\/\",\"name\":\"Padre Eust\u00e1quio\",\"description\":\"Sa\u00fade e Paz\",\"publisher\":{\"@id\":\"https:\/\/www.padreeustaquio.com.br\/#organization\"},\"potentialAction\":[{\"@type\":\"SearchAction\",\"target\":{\"@type\":\"EntryPoint\",\"urlTemplate\":\"https:\/\/www.padreeustaquio.com.br\/?s={search_term_string}\"},\"query-input\":{\"@type\":\"PropertyValueSpecification\",\"valueRequired\":true,\"valueName\":\"search_term_string\"}}],\"inLanguage\":\"es\"},{\"@type\":\"Organization\",\"@id\":\"https:\/\/www.padreeustaquio.com.br\/#organization\",\"name\":\"Padre Eust\u00e1quio\",\"url\":\"https:\/\/www.padreeustaquio.com.br\/\",\"logo\":{\"@type\":\"ImageObject\",\"inLanguage\":\"es\",\"@id\":\"https:\/\/www.padreeustaquio.com.br\/#\/schema\/logo\/image\/\",\"url\":\"https:\/\/www.padreeustaquio.com.br\/wp-content\/uploads\/2019\/08\/marca.png\",\"contentUrl\":\"https:\/\/www.padreeustaquio.com.br\/wp-content\/uploads\/2019\/08\/marca.png\",\"width\":350,\"height\":400,\"caption\":\"Padre Eust\u00e1quio\"},\"image\":{\"@id\":\"https:\/\/www.padreeustaquio.com.br\/#\/schema\/logo\/image\/\"},\"sameAs\":[\"https:\/\/www.facebook.com\/beatopadreeustaquio\/\",\"https:\/\/x.com\/beatopeustaquio\",\"https:\/\/www.instagram.com\/beatopadreeustaquio\/\",\"https:\/\/www.youtube.com\/channel\/UCRhw7vfabnajwLxb1ZXMeIw\"]},{\"@type\":\"Person\",\"@id\":\"https:\/\/www.padreeustaquio.com.br\/#\/schema\/person\/a2a51db1d00f1a7af0204a0f1ddb1566\",\"name\":\"@sscc\",\"image\":{\"@type\":\"ImageObject\",\"inLanguage\":\"es\",\"@id\":\"https:\/\/secure.gravatar.com\/avatar\/68cfafa5f44617fea54071e215026e0ff06be366c3d54a8425f04fdcb86f8c5f?s=96&d=mm&r=g\",\"url\":\"https:\/\/secure.gravatar.com\/avatar\/68cfafa5f44617fea54071e215026e0ff06be366c3d54a8425f04fdcb86f8c5f?s=96&d=mm&r=g\",\"contentUrl\":\"https:\/\/secure.gravatar.com\/avatar\/68cfafa5f44617fea54071e215026e0ff06be366c3d54a8425f04fdcb86f8c5f?s=96&d=mm&r=g\",\"caption\":\"@sscc\"},\"url\":\"https:\/\/www.padreeustaquio.com.br\/es\/author\/sscc\/\"}]}<\/script>\n<!-- \/ Yoast SEO plugin. -->","yoast_head_json":{"title":"Los fieles del Santuario celebran ma\u00f1ana a Nuestra Se\u00f1ora de la Abad\u00eda.","description":"Ma\u00f1ana, 15 de agosto, la Iglesia celebra la Asunci\u00f3n de Nuestra Se\u00f1ora. En algunas ciudades brasile\u00f1as, ser\u00e1 feriado para que los devotos puedan celebrar la festividad de su santo patrono. En el Santuario de la Salud y la Paz de Belo Horizonte, la celebraci\u00f3n estar\u00e1 dedicada a Nuestra Se\u00f1ora de la Abad\u00eda de \u00c1gua Suja, advocaci\u00f3n del Beato Padre Eust\u00e1quio. Las celebraciones forman parte del Mes del Padre Eust\u00e1quio, que conmemora el 80.\u00ba aniversario de la muerte de este religioso.","robots":{"index":"index","follow":"follow","max-snippet":"max-snippet:-1","max-image-preview":"max-image-preview:large","max-video-preview":"max-video-preview:-1"},"canonical":"https:\/\/www.padreeustaquio.com.br\/es\/los-fieles-del-santuario-celebraran-manana-a-nuestra-senora-de-la-abadia\/","og_locale":"es_ES","og_type":"article","og_title":"Fi\u00e9is do Santu\u00e1rio celebram amanh\u00e3 Nossa Senhora da Abadia","og_description":"Amanh\u00e3, dia 15 de agosto, a Igreja celebra a Assun\u00e7\u00e3o de Nossa Senhora. Em algumas cidades brasileiras ser\u00e1 feriado para que os devotos possam celebrar a festa de sua padroeira. No Santu\u00e1rio da Sa\u00fade e da Paz, em Belo Horizonte, a comemora\u00e7\u00e3o ser\u00e1 dedicada \u00e0 Nossa Senhora da Abadia da \u00c1gua Suja, uma devo\u00e7\u00e3o do Beato Padre Eust\u00e1quio. As comemora\u00e7\u00f5es fazem parte da programa\u00e7\u00e3o do M\u00eas de Padre Eust\u00e1quio, que relembram os 80 anos da morte do religioso.","og_url":"https:\/\/www.padreeustaquio.com.br\/es\/los-fieles-del-santuario-celebraran-manana-a-nuestra-senora-de-la-abadia\/","og_site_name":"Padre Eust\u00e1quio","article_publisher":"https:\/\/www.facebook.com\/beatopadreeustaquio\/","article_published_time":"2023-08-14T08:01:24+00:00","og_image":[{"width":1200,"height":717,"url":"https:\/\/www.padreeustaquio.com.br\/wp-content\/uploads\/2022\/08\/Festa-Abadia-6-e1691971696165.jpeg","type":"image\/jpeg"}],"author":"@sscc","twitter_card":"summary_large_image","twitter_creator":"@beatopeustaquio","twitter_site":"@beatopeustaquio","twitter_misc":{"Escrito por":"@sscc","Tiempo de lectura":"2 minutos"},"schema":{"@context":"https:\/\/schema.org","@graph":[{"@type":"Article","@id":"https:\/\/www.padreeustaquio.com.br\/fieis-do-santuario-celebram-amanha-nossa-senhora-da-abadia\/#article","isPartOf":{"@id":"https:\/\/www.padreeustaquio.com.br\/fieis-do-santuario-celebram-amanha-nossa-senhora-da-abadia\/"},"author":{"name":"@sscc","@id":"https:\/\/www.padreeustaquio.com.br\/#\/schema\/person\/a2a51db1d00f1a7af0204a0f1ddb1566"},"headline":"Fi\u00e9is do Santu\u00e1rio celebram amanh\u00e3 Nossa Senhora da Abadia","datePublished":"2023-08-14T08:01:24+00:00","mainEntityOfPage":{"@id":"https:\/\/www.padreeustaquio.com.br\/fieis-do-santuario-celebram-amanha-nossa-senhora-da-abadia\/"},"wordCount":337,"commentCount":0,"publisher":{"@id":"https:\/\/www.padreeustaquio.com.br\/#organization"},"image":{"@id":"https:\/\/www.padreeustaquio.com.br\/fieis-do-santuario-celebram-amanha-nossa-senhora-da-abadia\/#primaryimage"},"thumbnailUrl":"https:\/\/www.padreeustaquio.com.br\/wp-content\/uploads\/2022\/08\/Festa-Abadia-6-e1691971696165.jpeg","articleSection":["Not\u00edcias"],"inLanguage":"es","potentialAction":[{"@type":"CommentAction","name":"Comment","target":["https:\/\/www.padreeustaquio.com.br\/fieis-do-santuario-celebram-amanha-nossa-senhora-da-abadia\/#respond"]}]},{"@type":"WebPage","@id":"https:\/\/www.padreeustaquio.com.br\/fieis-do-santuario-celebram-amanha-nossa-senhora-da-abadia\/","url":"https:\/\/www.padreeustaquio.com.br\/fieis-do-santuario-celebram-amanha-nossa-senhora-da-abadia\/","name":"Los fieles del Santuario celebran ma\u00f1ana a Nuestra Se\u00f1ora de la Abad\u00eda.","isPartOf":{"@id":"https:\/\/www.padreeustaquio.com.br\/#website"},"primaryImageOfPage":{"@id":"https:\/\/www.padreeustaquio.com.br\/fieis-do-santuario-celebram-amanha-nossa-senhora-da-abadia\/#primaryimage"},"image":{"@id":"https:\/\/www.padreeustaquio.com.br\/fieis-do-santuario-celebram-amanha-nossa-senhora-da-abadia\/#primaryimage"},"thumbnailUrl":"https:\/\/www.padreeustaquio.com.br\/wp-content\/uploads\/2022\/08\/Festa-Abadia-6-e1691971696165.jpeg","datePublished":"2023-08-14T08:01:24+00:00","description":"Ma\u00f1ana, 15 de agosto, la Iglesia celebra la Asunci\u00f3n de Nuestra Se\u00f1ora. En algunas ciudades brasile\u00f1as, ser\u00e1 feriado para que los devotos puedan celebrar la festividad de su santo patrono. En el Santuario de la Salud y la Paz de Belo Horizonte, la celebraci\u00f3n estar\u00e1 dedicada a Nuestra Se\u00f1ora de la Abad\u00eda de \u00c1gua Suja, advocaci\u00f3n del Beato Padre Eust\u00e1quio. Las celebraciones forman parte del Mes del Padre Eust\u00e1quio, que conmemora el 80.\u00ba aniversario de la muerte de este religioso.","breadcrumb":{"@id":"https:\/\/www.padreeustaquio.com.br\/fieis-do-santuario-celebram-amanha-nossa-senhora-da-abadia\/#breadcrumb"},"inLanguage":"es","potentialAction":[{"@type":"ReadAction","target":["https:\/\/www.padreeustaquio.com.br\/fieis-do-santuario-celebram-amanha-nossa-senhora-da-abadia\/"]}]},{"@type":"ImageObject","inLanguage":"es","@id":"https:\/\/www.padreeustaquio.com.br\/fieis-do-santuario-celebram-amanha-nossa-senhora-da-abadia\/#primaryimage","url":"https:\/\/www.padreeustaquio.com.br\/wp-content\/uploads\/2022\/08\/Festa-Abadia-6-e1691971696165.jpeg","contentUrl":"https:\/\/www.padreeustaquio.com.br\/wp-content\/uploads\/2022\/08\/Festa-Abadia-6-e1691971696165.jpeg","width":1200,"height":717},{"@type":"BreadcrumbList","@id":"https:\/\/www.padreeustaquio.com.br\/fieis-do-santuario-celebram-amanha-nossa-senhora-da-abadia\/#breadcrumb","itemListElement":[{"@type":"ListItem","position":1,"name":"In\u00edcio","item":"https:\/\/www.padreeustaquio.com.br\/"},{"@type":"ListItem","position":2,"name":"Fi\u00e9is do Santu\u00e1rio celebram amanh\u00e3 Nossa Senhora da Abadia"}]},{"@type":"WebSite","@id":"https:\/\/www.padreeustaquio.com.br\/#website","url":"https:\/\/www.padreeustaquio.com.br\/","name":"Padre Eustace","description":"Salud y Paz","publisher":{"@id":"https:\/\/www.padreeustaquio.com.br\/#organization"},"potentialAction":[{"@type":"SearchAction","target":{"@type":"EntryPoint","urlTemplate":"https:\/\/www.padreeustaquio.com.br\/?s={search_term_string}"},"query-input":{"@type":"PropertyValueSpecification","valueRequired":true,"valueName":"search_term_string"}}],"inLanguage":"es"},{"@type":"Organization","@id":"https:\/\/www.padreeustaquio.com.br\/#organization","name":"Padre Eustace","url":"https:\/\/www.padreeustaquio.com.br\/","logo":{"@type":"ImageObject","inLanguage":"es","@id":"https:\/\/www.padreeustaquio.com.br\/#\/schema\/logo\/image\/","url":"https:\/\/www.padreeustaquio.com.br\/wp-content\/uploads\/2019\/08\/marca.png","contentUrl":"https:\/\/www.padreeustaquio.com.br\/wp-content\/uploads\/2019\/08\/marca.png","width":350,"height":400,"caption":"Padre Eust\u00e1quio"},"image":{"@id":"https:\/\/www.padreeustaquio.com.br\/#\/schema\/logo\/image\/"},"sameAs":["https:\/\/www.facebook.com\/beatopadreeustaquio\/","https:\/\/x.com\/beatopeustaquio","https:\/\/www.instagram.com\/beatopadreeustaquio\/","https:\/\/www.youtube.com\/channel\/UCRhw7vfabnajwLxb1ZXMeIw"]},{"@type":"Person","@id":"https:\/\/www.padreeustaquio.com.br\/#\/schema\/person\/a2a51db1d00f1a7af0204a0f1ddb1566","name":"@sscc","image":{"@type":"ImageObject","inLanguage":"es","@id":"https:\/\/secure.gravatar.com\/avatar\/68cfafa5f44617fea54071e215026e0ff06be366c3d54a8425f04fdcb86f8c5f?s=96&d=mm&r=g","url":"https:\/\/secure.gravatar.com\/avatar\/68cfafa5f44617fea54071e215026e0ff06be366c3d54a8425f04fdcb86f8c5f?s=96&d=mm&r=g","contentUrl":"https:\/\/secure.gravatar.com\/avatar\/68cfafa5f44617fea54071e215026e0ff06be366c3d54a8425f04fdcb86f8c5f?s=96&d=mm&r=g","caption":"@sscc"},"url":"https:\/\/www.padreeustaquio.com.br\/es\/author\/sscc\/"}]}},"_links":{"self":[{"href":"https:\/\/www.padreeustaquio.com.br\/es\/wp-json\/wp\/v2\/posts\/10801","targetHints":{"allow":["GET"]}}],"collection":[{"href":"https:\/\/www.padreeustaquio.com.br\/es\/wp-json\/wp\/v2\/posts"}],"about":[{"href":"https:\/\/www.padreeustaquio.com.br\/es\/wp-json\/wp\/v2\/types\/post"}],"author":[{"embeddable":true,"href":"https:\/\/www.padreeustaquio.com.br\/es\/wp-json\/wp\/v2\/users\/2"}],"replies":[{"embeddable":true,"href":"https:\/\/www.padreeustaquio.com.br\/es\/wp-json\/wp\/v2\/comments?post=10801"}],"version-history":[{"count":0,"href":"https:\/\/www.padreeustaquio.com.br\/es\/wp-json\/wp\/v2\/posts\/10801\/revisions"}],"wp:featuredmedia":[{"embeddable":true,"href":"https:\/\/www.padreeustaquio.com.br\/es\/wp-json\/wp\/v2\/media\/9084"}],"wp:attachment":[{"href":"https:\/\/www.padreeustaquio.com.br\/es\/wp-json\/wp\/v2\/media?parent=10801"}],"wp:term":[{"taxonomy":"category","embeddable":true,"href":"https:\/\/www.padreeustaquio.com.br\/es\/wp-json\/wp\/v2\/categories?post=10801"},{"taxonomy":"post_tag","embeddable":true,"href":"https:\/\/www.padreeustaquio.com.br\/es\/wp-json\/wp\/v2\/tags?post=10801"}],"curies":[{"name":"wp","href":"https:\/\/api.w.org\/{rel}","templated":true}]}}