{"id":10797,"date":"2023-08-12T12:11:33","date_gmt":"2023-08-12T15:11:33","guid":{"rendered":"https:\/\/www.padreeustaquio.com.br\/?p=10797"},"modified":"2023-08-10T16:21:15","modified_gmt":"2023-08-10T19:21:15","slug":"feligreses-y-visitantes-intercambian-entradas-para-el-espectaculo-de-los-cantores-de-dios","status":"publish","type":"post","link":"https:\/\/www.padreeustaquio.com.br\/es\/feligreses-y-visitantes-intercambian-entradas-para-el-espectaculo-de-los-cantores-de-dios\/","title":{"rendered":"Feligreses y visitantes intercambian entradas para el concierto de Cantores de Deus."},"content":{"rendered":"<p>El 19 de agosto, los Cantores de Deus ofrecer\u00e1n un gran concierto en el Santuario de la Salud y la Paz. La funci\u00f3n est\u00e1 programada para las 20:00 h y marcar\u00e1 el inicio de la celebraci\u00f3n del 80.\u00ba aniversario de la devoci\u00f3n al Beato Padre Eust\u00e1quio.<\/p>\n<p>Quienes deseen asistir al espect\u00e1culo pueden canjear su entrada por dos latas de refresco de 350 ml (Coca-Cola o Guaran\u00e1) en la oficina parroquial. El aforo es limitado debido al aforo m\u00e1ximo del Santuario. La funci\u00f3n tendr\u00e1 lugar dentro de la iglesia y las puertas de acceso se cerrar\u00e1n 10 minutos despu\u00e9s de su inicio.<\/p>\n<p>Los beb\u00e9s de hasta 2 a\u00f1os no necesitan billete; los ni\u00f1os de 3 a 10 a\u00f1os necesitan un billete infantil (con posibilidad de cambio de latas); los ni\u00f1os de 11 a\u00f1os o m\u00e1s deber\u00e1n cambiar su billete de forma normal.<\/p>\n<p>Se puede solicitar m\u00e1s informaci\u00f3n y normas para la recogida de entradas directamente en la oficina parroquial al (31)\u00a0<a href=\"https:\/\/www.google.com\/search?gs_ssp=eJzj4tZP1zcsSTErSc9JN2C0UjaoSDSzNDcyMjUxNTNOTkmxMqgwtLBIS7I0MTaxMLZIM0qy9JIuTswrKU0sysxXSElUKE4sTUlVSAUxCxKrAIbPF7c&amp;q=santuario+da+saude+e+da+paz&amp;oq=sant&amp;aqs=chrome.1.69i57j46i39i175i199i650j46i67i650j0i67i650j0i433i512j46i67i650j46i131i433i512j0i67i650j46i67i650j0i271.2055039239j0j15&amp;sourceid=chrome&amp;ie=UTF-8#\" data-dtype=\"d3ph\" data-local-attribute=\"d3ph\" data-ved=\"2ahUKEwjfjsyV8biAAxUxl5UCHeGYAkAQkAgoAHoECEkQAw\"><span aria-label=\"Llama al (31) 3462-6557\">3462-6557<\/span><\/a>.<\/p>\n<p><strong>Los Cantantes de Dios<\/strong><\/p>\n<p>El grupo Cantores de Deus naci\u00f3 en 1997 del coraz\u00f3n del Padre Zezinho, scj, quien deseaba ser acompa\u00f1ado en sus espect\u00e1culos, viajes y misiones por cantantes comprometidos con la fe cat\u00f3lica. Inicialmente estaba formada por Luan, Vanessa, Suely Ferreira, Dalva Ten\u00f3rio y Karla Fioravante. Con esta formaci\u00f3n grabaron los CD \u201cEm verso e em can\u00e7\u00e3o\u201d (1997), \u201cEn verso y en Canci\u00f3n\u201d (1998), \u201cIguais\u201d (2000) y \u201cDe olho no mundo\u201d (2002). En 2003, Luan y Vanessa se mudaron a Estados Unidos, dejando la misi\u00f3n. Ese mismo a\u00f1o, Cantores de Deus dio la bienvenida a Robson Jr., y en 2004, con la salida de Suely, se incorpor\u00f3 Andr\u00e9ia Zanardi. Con la nueva formaci\u00f3n grabaron el CD \u201cNas ruas do pa\u00eds\u201d (2004).<\/p>\n<p>Entre 2000 y 2002, el grupo present\u00f3 el programa de televisi\u00f3n &quot;Palavras que n\u00e3o passam&quot; (Palabras que no pasan), transmitido por la Rede Vida Televisi\u00f3n, junto al Padre Zezinho, scj. Poco despu\u00e9s, obtuvieron su propio programa, &quot;Universo em Can\u00e7\u00e3o&quot;, transmitido tambi\u00e9n por la Rede Vida, hasta 2004.<\/p>\n<p>Con el lanzamiento del CD &quot;Nas ruas do pa\u00eds&quot; (En las calles del pa\u00eds) en la nueva formaci\u00f3n, ahora con Karla Fioravante, Dalva Ten\u00f3rio, Andr\u00e9ia Zanardi y Robson Jr., recibieron un doble disco de oro de su sello discogr\u00e1fico, Paulinas Comep, por las ventas de los CD: &quot;Em verso e em can\u00e7\u00e3o&quot; (En verso y en canci\u00f3n) e &quot;Iguais&quot; (Iguales). En diciembre de 2006, Robson Jr. falleci\u00f3, y luego, a pesar de tantos cambios, el grupo Cantores de Deus decidi\u00f3 continuar. En 2007, para celebrar 10 a\u00f1os de evangelizaci\u00f3n, se lanz\u00f3 el CD &quot;Nossa Hist\u00f3ria&quot; (Nuestra Historia), con la participaci\u00f3n de antiguos miembros y regrabaciones de canciones del primer CD con un nuevo arreglo.<\/p>\n<p>Tambi\u00e9n en 2007, particip\u00f3 en la visita del Papa Benedicto XVI a Brasil, as\u00ed como en la misa de canonizaci\u00f3n de Frei Galv\u00e3o. En 2011, tuvo el honor de participar en la Jornada Mundial de la Juventud en Madrid con el Papa Benedicto XVI y, en 2013, en R\u00edo de Janeiro, con el Papa Francisco.<\/p>\n<p>En agosto de 2009, lanzaron el CD &quot;Mulheres&quot;, su s\u00e9ptimo \u00e1lbum, que refleja la nueva etapa del grupo con sus tres integrantes: Karla, Dalva y Andr\u00e9ia. En diciembre de 2011, se lanz\u00f3 el DVD &quot;Mulheres ao vivo&quot;, consolidando esta nueva identidad, y a principios de 2012, el CD &quot;Mulheres ao vivo&quot;. El DVD &quot;Mulheres&quot; incluye una selecci\u00f3n de canciones que marcaron sus 15 a\u00f1os de evangelizaci\u00f3n, adem\u00e1s de dos canciones nuevas.<\/p>\n<p>Entre los que participaron de este momento se encontraban amigos de la m\u00fasica cat\u00f3lica: el P. Zezinho, scj, Ziza Fernandes, Suely Fa\u00e7anha, Walmir Alencar, Eliana Ribeiro y Oswaldinho do Acordeon.<\/p>\n<p>Adem\u00e1s de tres premios al mejor grupo vocal cat\u00f3lico en el &quot;Trof\u00e9u Louvemos o Senhor&quot; de TV S\u00e9culo 21, en 2012 el grupo Cantores de Deus recibi\u00f3 el trofeo al mejor DVD de 2011 y tambi\u00e9n una nominaci\u00f3n al &quot;Latin Grammy&quot; al mejor \u00e1lbum cristiano, con el CD Mulheres ao vivo.<\/p>\n<p>Con una s\u00f3lida trayectoria en la m\u00fasica cat\u00f3lica, en 2015 lanz\u00f3 el CD original titulado &quot;Mujeres en Foco, Fuerza y Fe&quot;, que traduce, en canciones, la fuerza y la belleza de las mujeres que tienen fe y que, a pesar de las dificultades, se sostienen en el amor de Dios. En 2019, Andr\u00e9ia Zanardi, Karla Fioravante y Dalva Ten\u00f3rio lanzaron el EP &quot;Mujeres de Fe en la Fe&quot;, con canciones que invitan a reflexionar sobre el sentido de la vida, sobre amar y sentirse amado, sobre consolar el dolor de los seres queridos. No son una &quot;cura milagrosa&quot;, sino un consuelo para las heridas del coraz\u00f3n.<\/p>\n<p>El grupo Cantores de Deus sigue marcando la historia y se mantiene firme en su deseo de transformar corazones mediante la m\u00fasica evangelizadora. \u00a1Que este canto de fe, amor y esperanza llegue a m\u00e1s y m\u00e1s vidas cada d\u00eda!<\/p>","protected":false},"excerpt":{"rendered":"<p>No dia 19 de agosto os Cantores de Deus far\u00e3o um grande show no Santu\u00e1rio da Sa\u00fade e da Paz. A apresenta\u00e7\u00e3o est\u00e1 marcada para \u00e0s 20h e marcar\u00e1 o in\u00edcio da festa de 80 anos da devo\u00e7\u00e3o ao Beato Padre Eust\u00e1quio. Quem quiser assistir ao show basta trocar o ingresso por duas latinhas de refrigerante (coca ou guaran\u00e1) de 350ml na secretaria paroquial. Os bilhetes s\u00e3o limitados por conta da lota\u00e7\u00e3o m\u00e1xima do Santu\u00e1rio. A apresenta\u00e7\u00e3o ser\u00e1 dentro da igreja e as portas de acesso ser\u00e3o fechadas 10 minutos ap\u00f3s o in\u00edcio. Crian\u00e7as de colo, at\u00e9 2 anos, n\u00e3o [&hellip;]<\/p>\n","protected":false},"author":2,"featured_media":10798,"comment_status":"open","ping_status":"closed","sticky":false,"template":"","format":"standard","meta":{"_acf_changed":false,"footnotes":""},"categories":[611],"tags":[],"class_list":["post-10797","post","type-post","status-publish","format-standard","has-post-thumbnail","hentry","category-noticias"],"acf":[],"yoast_head":"<!-- This site is optimized with the Yoast SEO plugin v27.2 - https:\/\/yoast.com\/product\/yoast-seo-wordpress\/ -->\n<title>Paroquianos e visitantes trocam ingressos para o show dos Cantores de Deus<\/title>\n<meta name=\"description\" content=\"No dia 19 de agosto os Cantores de Deus far\u00e3o um grande show no Santu\u00e1rio da Sa\u00fade e da Paz. A apresenta\u00e7\u00e3o est\u00e1 marcada para \u00e0s 20h e marcar\u00e1 o in\u00edcio da festa de 80 anos da devo\u00e7\u00e3o ao Beato Padre Eust\u00e1quio.\" \/>\n<meta name=\"robots\" content=\"index, follow, max-snippet:-1, max-image-preview:large, max-video-preview:-1\" \/>\n<link rel=\"canonical\" href=\"https:\/\/www.padreeustaquio.com.br\/es\/feligreses-y-visitantes-intercambian-entradas-para-el-espectaculo-de-los-cantores-de-dios\/\" \/>\n<meta property=\"og:locale\" content=\"es_ES\" \/>\n<meta property=\"og:type\" content=\"article\" \/>\n<meta property=\"og:title\" content=\"Paroquianos e visitantes trocam ingressos para o show dos Cantores de Deus\" \/>\n<meta property=\"og:description\" content=\"No dia 19 de agosto os Cantores de Deus far\u00e3o um grande show no Santu\u00e1rio da Sa\u00fade e da Paz. A apresenta\u00e7\u00e3o est\u00e1 marcada para \u00e0s 20h e marcar\u00e1 o in\u00edcio da festa de 80 anos da devo\u00e7\u00e3o ao Beato Padre Eust\u00e1quio.\" \/>\n<meta property=\"og:url\" content=\"https:\/\/www.padreeustaquio.com.br\/es\/feligreses-y-visitantes-intercambian-entradas-para-el-espectaculo-de-los-cantores-de-dios\/\" \/>\n<meta property=\"og:site_name\" content=\"Padre Eust\u00e1quio\" \/>\n<meta property=\"article:publisher\" content=\"https:\/\/www.facebook.com\/beatopadreeustaquio\/\" \/>\n<meta property=\"article:published_time\" content=\"2023-08-12T15:11:33+00:00\" \/>\n<meta property=\"og:image\" content=\"https:\/\/www.padreeustaquio.com.br\/wp-content\/uploads\/2023\/08\/ingresso-cantores-de-deus-e1691695264176.jpeg\" \/>\n\t<meta property=\"og:image:width\" content=\"768\" \/>\n\t<meta property=\"og:image:height\" content=\"542\" \/>\n\t<meta property=\"og:image:type\" content=\"image\/jpeg\" \/>\n<meta name=\"author\" content=\"@sscc\" \/>\n<meta name=\"twitter:card\" content=\"summary_large_image\" \/>\n<meta name=\"twitter:creator\" content=\"@beatopeustaquio\" \/>\n<meta name=\"twitter:site\" content=\"@beatopeustaquio\" \/>\n<meta name=\"twitter:label1\" content=\"Escrito por\" \/>\n\t<meta name=\"twitter:data1\" content=\"@sscc\" \/>\n\t<meta name=\"twitter:label2\" content=\"Tiempo de lectura\" \/>\n\t<meta name=\"twitter:data2\" content=\"5 minutos\" \/>\n<script type=\"application\/ld+json\" class=\"yoast-schema-graph\">{\"@context\":\"https:\/\/schema.org\",\"@graph\":[{\"@type\":\"Article\",\"@id\":\"https:\/\/www.padreeustaquio.com.br\/paroquianos-e-visitantes-trocam-ingressos-para-o-show-dos-cantores-de-deus\/#article\",\"isPartOf\":{\"@id\":\"https:\/\/www.padreeustaquio.com.br\/paroquianos-e-visitantes-trocam-ingressos-para-o-show-dos-cantores-de-deus\/\"},\"author\":{\"name\":\"@sscc\",\"@id\":\"https:\/\/www.padreeustaquio.com.br\/#\/schema\/person\/a2a51db1d00f1a7af0204a0f1ddb1566\"},\"headline\":\"Paroquianos e visitantes trocam ingressos para o show dos Cantores de Deus\",\"datePublished\":\"2023-08-12T15:11:33+00:00\",\"mainEntityOfPage\":{\"@id\":\"https:\/\/www.padreeustaquio.com.br\/paroquianos-e-visitantes-trocam-ingressos-para-o-show-dos-cantores-de-deus\/\"},\"wordCount\":842,\"commentCount\":0,\"publisher\":{\"@id\":\"https:\/\/www.padreeustaquio.com.br\/#organization\"},\"image\":{\"@id\":\"https:\/\/www.padreeustaquio.com.br\/paroquianos-e-visitantes-trocam-ingressos-para-o-show-dos-cantores-de-deus\/#primaryimage\"},\"thumbnailUrl\":\"https:\/\/www.padreeustaquio.com.br\/wp-content\/uploads\/2023\/08\/ingresso-cantores-de-deus-e1691695264176.jpeg\",\"articleSection\":[\"Not\u00edcias\"],\"inLanguage\":\"es\",\"potentialAction\":[{\"@type\":\"CommentAction\",\"name\":\"Comment\",\"target\":[\"https:\/\/www.padreeustaquio.com.br\/paroquianos-e-visitantes-trocam-ingressos-para-o-show-dos-cantores-de-deus\/#respond\"]}]},{\"@type\":\"WebPage\",\"@id\":\"https:\/\/www.padreeustaquio.com.br\/paroquianos-e-visitantes-trocam-ingressos-para-o-show-dos-cantores-de-deus\/\",\"url\":\"https:\/\/www.padreeustaquio.com.br\/paroquianos-e-visitantes-trocam-ingressos-para-o-show-dos-cantores-de-deus\/\",\"name\":\"Paroquianos e visitantes trocam ingressos para o show dos Cantores de Deus\",\"isPartOf\":{\"@id\":\"https:\/\/www.padreeustaquio.com.br\/#website\"},\"primaryImageOfPage\":{\"@id\":\"https:\/\/www.padreeustaquio.com.br\/paroquianos-e-visitantes-trocam-ingressos-para-o-show-dos-cantores-de-deus\/#primaryimage\"},\"image\":{\"@id\":\"https:\/\/www.padreeustaquio.com.br\/paroquianos-e-visitantes-trocam-ingressos-para-o-show-dos-cantores-de-deus\/#primaryimage\"},\"thumbnailUrl\":\"https:\/\/www.padreeustaquio.com.br\/wp-content\/uploads\/2023\/08\/ingresso-cantores-de-deus-e1691695264176.jpeg\",\"datePublished\":\"2023-08-12T15:11:33+00:00\",\"description\":\"No dia 19 de agosto os Cantores de Deus far\u00e3o um grande show no Santu\u00e1rio da Sa\u00fade e da Paz. A apresenta\u00e7\u00e3o est\u00e1 marcada para \u00e0s 20h e marcar\u00e1 o in\u00edcio da festa de 80 anos da devo\u00e7\u00e3o ao Beato Padre Eust\u00e1quio.\",\"breadcrumb\":{\"@id\":\"https:\/\/www.padreeustaquio.com.br\/paroquianos-e-visitantes-trocam-ingressos-para-o-show-dos-cantores-de-deus\/#breadcrumb\"},\"inLanguage\":\"es\",\"potentialAction\":[{\"@type\":\"ReadAction\",\"target\":[\"https:\/\/www.padreeustaquio.com.br\/paroquianos-e-visitantes-trocam-ingressos-para-o-show-dos-cantores-de-deus\/\"]}]},{\"@type\":\"ImageObject\",\"inLanguage\":\"es\",\"@id\":\"https:\/\/www.padreeustaquio.com.br\/paroquianos-e-visitantes-trocam-ingressos-para-o-show-dos-cantores-de-deus\/#primaryimage\",\"url\":\"https:\/\/www.padreeustaquio.com.br\/wp-content\/uploads\/2023\/08\/ingresso-cantores-de-deus-e1691695264176.jpeg\",\"contentUrl\":\"https:\/\/www.padreeustaquio.com.br\/wp-content\/uploads\/2023\/08\/ingresso-cantores-de-deus-e1691695264176.jpeg\",\"width\":768,\"height\":542},{\"@type\":\"BreadcrumbList\",\"@id\":\"https:\/\/www.padreeustaquio.com.br\/paroquianos-e-visitantes-trocam-ingressos-para-o-show-dos-cantores-de-deus\/#breadcrumb\",\"itemListElement\":[{\"@type\":\"ListItem\",\"position\":1,\"name\":\"In\u00edcio\",\"item\":\"https:\/\/www.padreeustaquio.com.br\/\"},{\"@type\":\"ListItem\",\"position\":2,\"name\":\"Paroquianos e visitantes trocam ingressos para o show dos Cantores de Deus\"}]},{\"@type\":\"WebSite\",\"@id\":\"https:\/\/www.padreeustaquio.com.br\/#website\",\"url\":\"https:\/\/www.padreeustaquio.com.br\/\",\"name\":\"Padre Eust\u00e1quio\",\"description\":\"Sa\u00fade e Paz\",\"publisher\":{\"@id\":\"https:\/\/www.padreeustaquio.com.br\/#organization\"},\"potentialAction\":[{\"@type\":\"SearchAction\",\"target\":{\"@type\":\"EntryPoint\",\"urlTemplate\":\"https:\/\/www.padreeustaquio.com.br\/?s={search_term_string}\"},\"query-input\":{\"@type\":\"PropertyValueSpecification\",\"valueRequired\":true,\"valueName\":\"search_term_string\"}}],\"inLanguage\":\"es\"},{\"@type\":\"Organization\",\"@id\":\"https:\/\/www.padreeustaquio.com.br\/#organization\",\"name\":\"Padre Eust\u00e1quio\",\"url\":\"https:\/\/www.padreeustaquio.com.br\/\",\"logo\":{\"@type\":\"ImageObject\",\"inLanguage\":\"es\",\"@id\":\"https:\/\/www.padreeustaquio.com.br\/#\/schema\/logo\/image\/\",\"url\":\"https:\/\/www.padreeustaquio.com.br\/wp-content\/uploads\/2019\/08\/marca.png\",\"contentUrl\":\"https:\/\/www.padreeustaquio.com.br\/wp-content\/uploads\/2019\/08\/marca.png\",\"width\":350,\"height\":400,\"caption\":\"Padre Eust\u00e1quio\"},\"image\":{\"@id\":\"https:\/\/www.padreeustaquio.com.br\/#\/schema\/logo\/image\/\"},\"sameAs\":[\"https:\/\/www.facebook.com\/beatopadreeustaquio\/\",\"https:\/\/x.com\/beatopeustaquio\",\"https:\/\/www.instagram.com\/beatopadreeustaquio\/\",\"https:\/\/www.youtube.com\/channel\/UCRhw7vfabnajwLxb1ZXMeIw\"]},{\"@type\":\"Person\",\"@id\":\"https:\/\/www.padreeustaquio.com.br\/#\/schema\/person\/a2a51db1d00f1a7af0204a0f1ddb1566\",\"name\":\"@sscc\",\"image\":{\"@type\":\"ImageObject\",\"inLanguage\":\"es\",\"@id\":\"https:\/\/secure.gravatar.com\/avatar\/68cfafa5f44617fea54071e215026e0ff06be366c3d54a8425f04fdcb86f8c5f?s=96&d=mm&r=g\",\"url\":\"https:\/\/secure.gravatar.com\/avatar\/68cfafa5f44617fea54071e215026e0ff06be366c3d54a8425f04fdcb86f8c5f?s=96&d=mm&r=g\",\"contentUrl\":\"https:\/\/secure.gravatar.com\/avatar\/68cfafa5f44617fea54071e215026e0ff06be366c3d54a8425f04fdcb86f8c5f?s=96&d=mm&r=g\",\"caption\":\"@sscc\"},\"url\":\"https:\/\/www.padreeustaquio.com.br\/es\/author\/sscc\/\"}]}<\/script>\n<!-- \/ Yoast SEO plugin. -->","yoast_head_json":{"title":"Feligreses y visitantes intercambian entradas para el concierto de Cantores de Deus.","description":"El 19 de agosto, los Cantores de Deus ofrecer\u00e1n un gran concierto en el Santuario de la Salud y la Paz. La funci\u00f3n est\u00e1 programada para las 20:00 h y marcar\u00e1 el inicio de la celebraci\u00f3n del 80.\u00ba aniversario de la devoci\u00f3n al Beato Padre Eust\u00e1quio.","robots":{"index":"index","follow":"follow","max-snippet":"max-snippet:-1","max-image-preview":"max-image-preview:large","max-video-preview":"max-video-preview:-1"},"canonical":"https:\/\/www.padreeustaquio.com.br\/es\/feligreses-y-visitantes-intercambian-entradas-para-el-espectaculo-de-los-cantores-de-dios\/","og_locale":"es_ES","og_type":"article","og_title":"Paroquianos e visitantes trocam ingressos para o show dos Cantores de Deus","og_description":"No dia 19 de agosto os Cantores de Deus far\u00e3o um grande show no Santu\u00e1rio da Sa\u00fade e da Paz. A apresenta\u00e7\u00e3o est\u00e1 marcada para \u00e0s 20h e marcar\u00e1 o in\u00edcio da festa de 80 anos da devo\u00e7\u00e3o ao Beato Padre Eust\u00e1quio.","og_url":"https:\/\/www.padreeustaquio.com.br\/es\/feligreses-y-visitantes-intercambian-entradas-para-el-espectaculo-de-los-cantores-de-dios\/","og_site_name":"Padre Eust\u00e1quio","article_publisher":"https:\/\/www.facebook.com\/beatopadreeustaquio\/","article_published_time":"2023-08-12T15:11:33+00:00","og_image":[{"width":768,"height":542,"url":"https:\/\/www.padreeustaquio.com.br\/wp-content\/uploads\/2023\/08\/ingresso-cantores-de-deus-e1691695264176.jpeg","type":"image\/jpeg"}],"author":"@sscc","twitter_card":"summary_large_image","twitter_creator":"@beatopeustaquio","twitter_site":"@beatopeustaquio","twitter_misc":{"Escrito por":"@sscc","Tiempo de lectura":"5 minutos"},"schema":{"@context":"https:\/\/schema.org","@graph":[{"@type":"Article","@id":"https:\/\/www.padreeustaquio.com.br\/paroquianos-e-visitantes-trocam-ingressos-para-o-show-dos-cantores-de-deus\/#article","isPartOf":{"@id":"https:\/\/www.padreeustaquio.com.br\/paroquianos-e-visitantes-trocam-ingressos-para-o-show-dos-cantores-de-deus\/"},"author":{"name":"@sscc","@id":"https:\/\/www.padreeustaquio.com.br\/#\/schema\/person\/a2a51db1d00f1a7af0204a0f1ddb1566"},"headline":"Paroquianos e visitantes trocam ingressos para o show dos Cantores de Deus","datePublished":"2023-08-12T15:11:33+00:00","mainEntityOfPage":{"@id":"https:\/\/www.padreeustaquio.com.br\/paroquianos-e-visitantes-trocam-ingressos-para-o-show-dos-cantores-de-deus\/"},"wordCount":842,"commentCount":0,"publisher":{"@id":"https:\/\/www.padreeustaquio.com.br\/#organization"},"image":{"@id":"https:\/\/www.padreeustaquio.com.br\/paroquianos-e-visitantes-trocam-ingressos-para-o-show-dos-cantores-de-deus\/#primaryimage"},"thumbnailUrl":"https:\/\/www.padreeustaquio.com.br\/wp-content\/uploads\/2023\/08\/ingresso-cantores-de-deus-e1691695264176.jpeg","articleSection":["Not\u00edcias"],"inLanguage":"es","potentialAction":[{"@type":"CommentAction","name":"Comment","target":["https:\/\/www.padreeustaquio.com.br\/paroquianos-e-visitantes-trocam-ingressos-para-o-show-dos-cantores-de-deus\/#respond"]}]},{"@type":"WebPage","@id":"https:\/\/www.padreeustaquio.com.br\/paroquianos-e-visitantes-trocam-ingressos-para-o-show-dos-cantores-de-deus\/","url":"https:\/\/www.padreeustaquio.com.br\/paroquianos-e-visitantes-trocam-ingressos-para-o-show-dos-cantores-de-deus\/","name":"Feligreses y visitantes intercambian entradas para el concierto de Cantores de Deus.","isPartOf":{"@id":"https:\/\/www.padreeustaquio.com.br\/#website"},"primaryImageOfPage":{"@id":"https:\/\/www.padreeustaquio.com.br\/paroquianos-e-visitantes-trocam-ingressos-para-o-show-dos-cantores-de-deus\/#primaryimage"},"image":{"@id":"https:\/\/www.padreeustaquio.com.br\/paroquianos-e-visitantes-trocam-ingressos-para-o-show-dos-cantores-de-deus\/#primaryimage"},"thumbnailUrl":"https:\/\/www.padreeustaquio.com.br\/wp-content\/uploads\/2023\/08\/ingresso-cantores-de-deus-e1691695264176.jpeg","datePublished":"2023-08-12T15:11:33+00:00","description":"El 19 de agosto, los Cantores de Deus ofrecer\u00e1n un gran concierto en el Santuario de la Salud y la Paz. La funci\u00f3n est\u00e1 programada para las 20:00 h y marcar\u00e1 el inicio de la celebraci\u00f3n del 80.\u00ba aniversario de la devoci\u00f3n al Beato Padre Eust\u00e1quio.","breadcrumb":{"@id":"https:\/\/www.padreeustaquio.com.br\/paroquianos-e-visitantes-trocam-ingressos-para-o-show-dos-cantores-de-deus\/#breadcrumb"},"inLanguage":"es","potentialAction":[{"@type":"ReadAction","target":["https:\/\/www.padreeustaquio.com.br\/paroquianos-e-visitantes-trocam-ingressos-para-o-show-dos-cantores-de-deus\/"]}]},{"@type":"ImageObject","inLanguage":"es","@id":"https:\/\/www.padreeustaquio.com.br\/paroquianos-e-visitantes-trocam-ingressos-para-o-show-dos-cantores-de-deus\/#primaryimage","url":"https:\/\/www.padreeustaquio.com.br\/wp-content\/uploads\/2023\/08\/ingresso-cantores-de-deus-e1691695264176.jpeg","contentUrl":"https:\/\/www.padreeustaquio.com.br\/wp-content\/uploads\/2023\/08\/ingresso-cantores-de-deus-e1691695264176.jpeg","width":768,"height":542},{"@type":"BreadcrumbList","@id":"https:\/\/www.padreeustaquio.com.br\/paroquianos-e-visitantes-trocam-ingressos-para-o-show-dos-cantores-de-deus\/#breadcrumb","itemListElement":[{"@type":"ListItem","position":1,"name":"In\u00edcio","item":"https:\/\/www.padreeustaquio.com.br\/"},{"@type":"ListItem","position":2,"name":"Paroquianos e visitantes trocam ingressos para o show dos Cantores de Deus"}]},{"@type":"WebSite","@id":"https:\/\/www.padreeustaquio.com.br\/#website","url":"https:\/\/www.padreeustaquio.com.br\/","name":"Padre Eustace","description":"Salud y Paz","publisher":{"@id":"https:\/\/www.padreeustaquio.com.br\/#organization"},"potentialAction":[{"@type":"SearchAction","target":{"@type":"EntryPoint","urlTemplate":"https:\/\/www.padreeustaquio.com.br\/?s={search_term_string}"},"query-input":{"@type":"PropertyValueSpecification","valueRequired":true,"valueName":"search_term_string"}}],"inLanguage":"es"},{"@type":"Organization","@id":"https:\/\/www.padreeustaquio.com.br\/#organization","name":"Padre Eustace","url":"https:\/\/www.padreeustaquio.com.br\/","logo":{"@type":"ImageObject","inLanguage":"es","@id":"https:\/\/www.padreeustaquio.com.br\/#\/schema\/logo\/image\/","url":"https:\/\/www.padreeustaquio.com.br\/wp-content\/uploads\/2019\/08\/marca.png","contentUrl":"https:\/\/www.padreeustaquio.com.br\/wp-content\/uploads\/2019\/08\/marca.png","width":350,"height":400,"caption":"Padre Eust\u00e1quio"},"image":{"@id":"https:\/\/www.padreeustaquio.com.br\/#\/schema\/logo\/image\/"},"sameAs":["https:\/\/www.facebook.com\/beatopadreeustaquio\/","https:\/\/x.com\/beatopeustaquio","https:\/\/www.instagram.com\/beatopadreeustaquio\/","https:\/\/www.youtube.com\/channel\/UCRhw7vfabnajwLxb1ZXMeIw"]},{"@type":"Person","@id":"https:\/\/www.padreeustaquio.com.br\/#\/schema\/person\/a2a51db1d00f1a7af0204a0f1ddb1566","name":"@sscc","image":{"@type":"ImageObject","inLanguage":"es","@id":"https:\/\/secure.gravatar.com\/avatar\/68cfafa5f44617fea54071e215026e0ff06be366c3d54a8425f04fdcb86f8c5f?s=96&d=mm&r=g","url":"https:\/\/secure.gravatar.com\/avatar\/68cfafa5f44617fea54071e215026e0ff06be366c3d54a8425f04fdcb86f8c5f?s=96&d=mm&r=g","contentUrl":"https:\/\/secure.gravatar.com\/avatar\/68cfafa5f44617fea54071e215026e0ff06be366c3d54a8425f04fdcb86f8c5f?s=96&d=mm&r=g","caption":"@sscc"},"url":"https:\/\/www.padreeustaquio.com.br\/es\/author\/sscc\/"}]}},"_links":{"self":[{"href":"https:\/\/www.padreeustaquio.com.br\/es\/wp-json\/wp\/v2\/posts\/10797","targetHints":{"allow":["GET"]}}],"collection":[{"href":"https:\/\/www.padreeustaquio.com.br\/es\/wp-json\/wp\/v2\/posts"}],"about":[{"href":"https:\/\/www.padreeustaquio.com.br\/es\/wp-json\/wp\/v2\/types\/post"}],"author":[{"embeddable":true,"href":"https:\/\/www.padreeustaquio.com.br\/es\/wp-json\/wp\/v2\/users\/2"}],"replies":[{"embeddable":true,"href":"https:\/\/www.padreeustaquio.com.br\/es\/wp-json\/wp\/v2\/comments?post=10797"}],"version-history":[{"count":0,"href":"https:\/\/www.padreeustaquio.com.br\/es\/wp-json\/wp\/v2\/posts\/10797\/revisions"}],"wp:featuredmedia":[{"embeddable":true,"href":"https:\/\/www.padreeustaquio.com.br\/es\/wp-json\/wp\/v2\/media\/10798"}],"wp:attachment":[{"href":"https:\/\/www.padreeustaquio.com.br\/es\/wp-json\/wp\/v2\/media?parent=10797"}],"wp:term":[{"taxonomy":"category","embeddable":true,"href":"https:\/\/www.padreeustaquio.com.br\/es\/wp-json\/wp\/v2\/categories?post=10797"},{"taxonomy":"post_tag","embeddable":true,"href":"https:\/\/www.padreeustaquio.com.br\/es\/wp-json\/wp\/v2\/tags?post=10797"}],"curies":[{"name":"wp","href":"https:\/\/api.w.org\/{rel}","templated":true}]}}