{"id":10794,"date":"2023-08-11T06:41:29","date_gmt":"2023-08-11T09:41:29","guid":{"rendered":"https:\/\/www.padreeustaquio.com.br\/?p=10794"},"modified":"2023-08-08T17:20:42","modified_gmt":"2023-08-08T20:20:42","slug":"las-inscripciones-estan-abiertas-para-el-curso-prematrimonial-en-el-santuario","status":"publish","type":"post","link":"https:\/\/www.padreeustaquio.com.br\/es\/las-inscripciones-estan-abiertas-para-el-curso-prematrimonial-en-el-santuario\/","title":{"rendered":"Ya est\u00e1n abiertas las inscripciones para el Curso Prematrimonial en el Santuario."},"content":{"rendered":"<p>Ya est\u00e1 abierta la inscripci\u00f3n para el programa de Catequesis Matrimonial en el Santuario de Salud y Paz, Iglesia del Beato Padre Eustaquio. El plazo de inscripci\u00f3n comenz\u00f3 a principios de este mes y se extiende hasta el 15 de septiembre.<\/p>\n<p>La reuni\u00f3n, conocida como Curso Prematrimonial, se llevar\u00e1 a cabo el 23 de septiembre, de 14:00 a 19:00, en el mismo Santuario. Es un tiempo de crecimiento en pareja y espiritualidad para todos los participantes.<\/p>\n<p>Los interesados pueden inscribirse en la Secretar\u00eda Parroquial del Santuario o por tel\u00e9fono al (31) 3462-6557. Esta es una iniciativa del Ministerio de Familia.<\/p>","protected":false},"excerpt":{"rendered":"<p>Est\u00e3o abertas as inscri\u00e7\u00f5es para a Catequese Matrimonial do Santu\u00e1rio da Sa\u00fade e da Paz, Igreja do Beato padre Eust\u00e1quio. O prazo para se inscrever come\u00e7ou no inicio desse m\u00eas e vai at\u00e9 o dia 15\/09. O encontro, conhecido como Curso de Noivos, ser\u00e1 realizado no dia 23 de setembro, das 14h \u00e0s 19h, no pr\u00f3prio Santu\u00e1rio. Um momento de crescimento como casal e na espiritualidade para todos os participantes. Os interessados podem se inscrever na Secretaria Paroquial do Santu\u00e1rio, ou pelo telefone (31) 3462-6557. Essa \u00e9 uma iniciativa da Pastoral Familiar.<\/p>","protected":false},"author":2,"featured_media":10795,"comment_status":"open","ping_status":"closed","sticky":false,"template":"","format":"standard","meta":{"_acf_changed":false,"footnotes":""},"categories":[611],"tags":[],"class_list":["post-10794","post","type-post","status-publish","format-standard","has-post-thumbnail","hentry","category-noticias"],"acf":[],"yoast_head":"<!-- This site is optimized with the Yoast SEO plugin v27.2 - https:\/\/yoast.com\/product\/yoast-seo-wordpress\/ -->\n<title>Abertas as inscri\u00e7\u00f5es para o Curso de Noivos no Santu\u00e1rio<\/title>\n<meta name=\"description\" content=\"Est\u00e3o abertas as inscri\u00e7\u00f5es para a Catequese Matrimonial do Santu\u00e1rio da Sa\u00fade e da Paz, Igreja do Beato padre Eust\u00e1quio. O prazo para se inscrever come\u00e7ou no inicio desse m\u00eas e vai at\u00e9 o dia 15\/09.\" \/>\n<meta name=\"robots\" content=\"index, follow, max-snippet:-1, max-image-preview:large, max-video-preview:-1\" \/>\n<link rel=\"canonical\" href=\"https:\/\/www.padreeustaquio.com.br\/es\/las-inscripciones-estan-abiertas-para-el-curso-prematrimonial-en-el-santuario\/\" \/>\n<meta property=\"og:locale\" content=\"es_ES\" \/>\n<meta property=\"og:type\" content=\"article\" \/>\n<meta property=\"og:title\" content=\"Abertas as inscri\u00e7\u00f5es para o Curso de Noivos no Santu\u00e1rio\" \/>\n<meta property=\"og:description\" content=\"Est\u00e3o abertas as inscri\u00e7\u00f5es para a Catequese Matrimonial do Santu\u00e1rio da Sa\u00fade e da Paz, Igreja do Beato padre Eust\u00e1quio. O prazo para se inscrever come\u00e7ou no inicio desse m\u00eas e vai at\u00e9 o dia 15\/09.\" \/>\n<meta property=\"og:url\" content=\"https:\/\/www.padreeustaquio.com.br\/es\/las-inscripciones-estan-abiertas-para-el-curso-prematrimonial-en-el-santuario\/\" \/>\n<meta property=\"og:site_name\" content=\"Padre Eust\u00e1quio\" \/>\n<meta property=\"article:publisher\" content=\"https:\/\/www.facebook.com\/beatopadreeustaquio\/\" \/>\n<meta property=\"article:published_time\" content=\"2023-08-11T09:41:29+00:00\" \/>\n<meta property=\"og:image\" content=\"https:\/\/www.padreeustaquio.com.br\/wp-content\/uploads\/2023\/08\/curso-de-noivos-catequese-matrimonial.jpeg\" \/>\n\t<meta property=\"og:image:width\" content=\"1600\" \/>\n\t<meta property=\"og:image:height\" content=\"900\" \/>\n\t<meta property=\"og:image:type\" content=\"image\/jpeg\" \/>\n<meta name=\"author\" content=\"@sscc\" \/>\n<meta name=\"twitter:card\" content=\"summary_large_image\" \/>\n<meta name=\"twitter:creator\" content=\"@beatopeustaquio\" \/>\n<meta name=\"twitter:site\" content=\"@beatopeustaquio\" \/>\n<meta name=\"twitter:label1\" content=\"Escrito por\" \/>\n\t<meta name=\"twitter:data1\" content=\"@sscc\" \/>\n\t<meta name=\"twitter:label2\" content=\"Tiempo de lectura\" \/>\n\t<meta name=\"twitter:data2\" content=\"1 minuto\" \/>\n<script type=\"application\/ld+json\" class=\"yoast-schema-graph\">{\"@context\":\"https:\/\/schema.org\",\"@graph\":[{\"@type\":\"Article\",\"@id\":\"https:\/\/www.padreeustaquio.com.br\/abertas-as-inscricoes-para-o-curso-de-noivos-no-santuario\/#article\",\"isPartOf\":{\"@id\":\"https:\/\/www.padreeustaquio.com.br\/abertas-as-inscricoes-para-o-curso-de-noivos-no-santuario\/\"},\"author\":{\"name\":\"@sscc\",\"@id\":\"https:\/\/www.padreeustaquio.com.br\/#\/schema\/person\/a2a51db1d00f1a7af0204a0f1ddb1566\"},\"headline\":\"Abertas as inscri\u00e7\u00f5es para o Curso de Noivos no Santu\u00e1rio\",\"datePublished\":\"2023-08-11T09:41:29+00:00\",\"mainEntityOfPage\":{\"@id\":\"https:\/\/www.padreeustaquio.com.br\/abertas-as-inscricoes-para-o-curso-de-noivos-no-santuario\/\"},\"wordCount\":110,\"commentCount\":0,\"publisher\":{\"@id\":\"https:\/\/www.padreeustaquio.com.br\/#organization\"},\"image\":{\"@id\":\"https:\/\/www.padreeustaquio.com.br\/abertas-as-inscricoes-para-o-curso-de-noivos-no-santuario\/#primaryimage\"},\"thumbnailUrl\":\"https:\/\/www.padreeustaquio.com.br\/wp-content\/uploads\/2023\/08\/curso-de-noivos-catequese-matrimonial.jpeg\",\"articleSection\":[\"Not\u00edcias\"],\"inLanguage\":\"es\",\"potentialAction\":[{\"@type\":\"CommentAction\",\"name\":\"Comment\",\"target\":[\"https:\/\/www.padreeustaquio.com.br\/abertas-as-inscricoes-para-o-curso-de-noivos-no-santuario\/#respond\"]}]},{\"@type\":\"WebPage\",\"@id\":\"https:\/\/www.padreeustaquio.com.br\/abertas-as-inscricoes-para-o-curso-de-noivos-no-santuario\/\",\"url\":\"https:\/\/www.padreeustaquio.com.br\/abertas-as-inscricoes-para-o-curso-de-noivos-no-santuario\/\",\"name\":\"Abertas as inscri\u00e7\u00f5es para o Curso de Noivos no Santu\u00e1rio\",\"isPartOf\":{\"@id\":\"https:\/\/www.padreeustaquio.com.br\/#website\"},\"primaryImageOfPage\":{\"@id\":\"https:\/\/www.padreeustaquio.com.br\/abertas-as-inscricoes-para-o-curso-de-noivos-no-santuario\/#primaryimage\"},\"image\":{\"@id\":\"https:\/\/www.padreeustaquio.com.br\/abertas-as-inscricoes-para-o-curso-de-noivos-no-santuario\/#primaryimage\"},\"thumbnailUrl\":\"https:\/\/www.padreeustaquio.com.br\/wp-content\/uploads\/2023\/08\/curso-de-noivos-catequese-matrimonial.jpeg\",\"datePublished\":\"2023-08-11T09:41:29+00:00\",\"description\":\"Est\u00e3o abertas as inscri\u00e7\u00f5es para a Catequese Matrimonial do Santu\u00e1rio da Sa\u00fade e da Paz, Igreja do Beato padre Eust\u00e1quio. O prazo para se inscrever come\u00e7ou no inicio desse m\u00eas e vai at\u00e9 o dia 15\/09.\",\"breadcrumb\":{\"@id\":\"https:\/\/www.padreeustaquio.com.br\/abertas-as-inscricoes-para-o-curso-de-noivos-no-santuario\/#breadcrumb\"},\"inLanguage\":\"es\",\"potentialAction\":[{\"@type\":\"ReadAction\",\"target\":[\"https:\/\/www.padreeustaquio.com.br\/abertas-as-inscricoes-para-o-curso-de-noivos-no-santuario\/\"]}]},{\"@type\":\"ImageObject\",\"inLanguage\":\"es\",\"@id\":\"https:\/\/www.padreeustaquio.com.br\/abertas-as-inscricoes-para-o-curso-de-noivos-no-santuario\/#primaryimage\",\"url\":\"https:\/\/www.padreeustaquio.com.br\/wp-content\/uploads\/2023\/08\/curso-de-noivos-catequese-matrimonial.jpeg\",\"contentUrl\":\"https:\/\/www.padreeustaquio.com.br\/wp-content\/uploads\/2023\/08\/curso-de-noivos-catequese-matrimonial.jpeg\",\"width\":1600,\"height\":900},{\"@type\":\"BreadcrumbList\",\"@id\":\"https:\/\/www.padreeustaquio.com.br\/abertas-as-inscricoes-para-o-curso-de-noivos-no-santuario\/#breadcrumb\",\"itemListElement\":[{\"@type\":\"ListItem\",\"position\":1,\"name\":\"In\u00edcio\",\"item\":\"https:\/\/www.padreeustaquio.com.br\/\"},{\"@type\":\"ListItem\",\"position\":2,\"name\":\"Abertas as inscri\u00e7\u00f5es para o Curso de Noivos no Santu\u00e1rio\"}]},{\"@type\":\"WebSite\",\"@id\":\"https:\/\/www.padreeustaquio.com.br\/#website\",\"url\":\"https:\/\/www.padreeustaquio.com.br\/\",\"name\":\"Padre Eust\u00e1quio\",\"description\":\"Sa\u00fade e Paz\",\"publisher\":{\"@id\":\"https:\/\/www.padreeustaquio.com.br\/#organization\"},\"potentialAction\":[{\"@type\":\"SearchAction\",\"target\":{\"@type\":\"EntryPoint\",\"urlTemplate\":\"https:\/\/www.padreeustaquio.com.br\/?s={search_term_string}\"},\"query-input\":{\"@type\":\"PropertyValueSpecification\",\"valueRequired\":true,\"valueName\":\"search_term_string\"}}],\"inLanguage\":\"es\"},{\"@type\":\"Organization\",\"@id\":\"https:\/\/www.padreeustaquio.com.br\/#organization\",\"name\":\"Padre Eust\u00e1quio\",\"url\":\"https:\/\/www.padreeustaquio.com.br\/\",\"logo\":{\"@type\":\"ImageObject\",\"inLanguage\":\"es\",\"@id\":\"https:\/\/www.padreeustaquio.com.br\/#\/schema\/logo\/image\/\",\"url\":\"https:\/\/www.padreeustaquio.com.br\/wp-content\/uploads\/2019\/08\/marca.png\",\"contentUrl\":\"https:\/\/www.padreeustaquio.com.br\/wp-content\/uploads\/2019\/08\/marca.png\",\"width\":350,\"height\":400,\"caption\":\"Padre Eust\u00e1quio\"},\"image\":{\"@id\":\"https:\/\/www.padreeustaquio.com.br\/#\/schema\/logo\/image\/\"},\"sameAs\":[\"https:\/\/www.facebook.com\/beatopadreeustaquio\/\",\"https:\/\/x.com\/beatopeustaquio\",\"https:\/\/www.instagram.com\/beatopadreeustaquio\/\",\"https:\/\/www.youtube.com\/channel\/UCRhw7vfabnajwLxb1ZXMeIw\"]},{\"@type\":\"Person\",\"@id\":\"https:\/\/www.padreeustaquio.com.br\/#\/schema\/person\/a2a51db1d00f1a7af0204a0f1ddb1566\",\"name\":\"@sscc\",\"image\":{\"@type\":\"ImageObject\",\"inLanguage\":\"es\",\"@id\":\"https:\/\/secure.gravatar.com\/avatar\/68cfafa5f44617fea54071e215026e0ff06be366c3d54a8425f04fdcb86f8c5f?s=96&d=mm&r=g\",\"url\":\"https:\/\/secure.gravatar.com\/avatar\/68cfafa5f44617fea54071e215026e0ff06be366c3d54a8425f04fdcb86f8c5f?s=96&d=mm&r=g\",\"contentUrl\":\"https:\/\/secure.gravatar.com\/avatar\/68cfafa5f44617fea54071e215026e0ff06be366c3d54a8425f04fdcb86f8c5f?s=96&d=mm&r=g\",\"caption\":\"@sscc\"},\"url\":\"https:\/\/www.padreeustaquio.com.br\/es\/author\/sscc\/\"}]}<\/script>\n<!-- \/ Yoast SEO plugin. -->","yoast_head_json":{"title":"Ya est\u00e1n abiertas las inscripciones para el Curso Prematrimonial en el Santuario.","description":"Ya est\u00e1 abierta la inscripci\u00f3n para el programa de Catequesis Matrimonial en el Santuario de Salud y Paz, Iglesia del Beato Padre Eustaquio. El plazo de inscripci\u00f3n comenz\u00f3 a principios de este mes y se extiende hasta el 15 de septiembre.","robots":{"index":"index","follow":"follow","max-snippet":"max-snippet:-1","max-image-preview":"max-image-preview:large","max-video-preview":"max-video-preview:-1"},"canonical":"https:\/\/www.padreeustaquio.com.br\/es\/las-inscripciones-estan-abiertas-para-el-curso-prematrimonial-en-el-santuario\/","og_locale":"es_ES","og_type":"article","og_title":"Abertas as inscri\u00e7\u00f5es para o Curso de Noivos no Santu\u00e1rio","og_description":"Est\u00e3o abertas as inscri\u00e7\u00f5es para a Catequese Matrimonial do Santu\u00e1rio da Sa\u00fade e da Paz, Igreja do Beato padre Eust\u00e1quio. O prazo para se inscrever come\u00e7ou no inicio desse m\u00eas e vai at\u00e9 o dia 15\/09.","og_url":"https:\/\/www.padreeustaquio.com.br\/es\/las-inscripciones-estan-abiertas-para-el-curso-prematrimonial-en-el-santuario\/","og_site_name":"Padre Eust\u00e1quio","article_publisher":"https:\/\/www.facebook.com\/beatopadreeustaquio\/","article_published_time":"2023-08-11T09:41:29+00:00","og_image":[{"width":1600,"height":900,"url":"https:\/\/www.padreeustaquio.com.br\/wp-content\/uploads\/2023\/08\/curso-de-noivos-catequese-matrimonial.jpeg","type":"image\/jpeg"}],"author":"@sscc","twitter_card":"summary_large_image","twitter_creator":"@beatopeustaquio","twitter_site":"@beatopeustaquio","twitter_misc":{"Escrito por":"@sscc","Tiempo de lectura":"1 minuto"},"schema":{"@context":"https:\/\/schema.org","@graph":[{"@type":"Article","@id":"https:\/\/www.padreeustaquio.com.br\/abertas-as-inscricoes-para-o-curso-de-noivos-no-santuario\/#article","isPartOf":{"@id":"https:\/\/www.padreeustaquio.com.br\/abertas-as-inscricoes-para-o-curso-de-noivos-no-santuario\/"},"author":{"name":"@sscc","@id":"https:\/\/www.padreeustaquio.com.br\/#\/schema\/person\/a2a51db1d00f1a7af0204a0f1ddb1566"},"headline":"Abertas as inscri\u00e7\u00f5es para o Curso de Noivos no Santu\u00e1rio","datePublished":"2023-08-11T09:41:29+00:00","mainEntityOfPage":{"@id":"https:\/\/www.padreeustaquio.com.br\/abertas-as-inscricoes-para-o-curso-de-noivos-no-santuario\/"},"wordCount":110,"commentCount":0,"publisher":{"@id":"https:\/\/www.padreeustaquio.com.br\/#organization"},"image":{"@id":"https:\/\/www.padreeustaquio.com.br\/abertas-as-inscricoes-para-o-curso-de-noivos-no-santuario\/#primaryimage"},"thumbnailUrl":"https:\/\/www.padreeustaquio.com.br\/wp-content\/uploads\/2023\/08\/curso-de-noivos-catequese-matrimonial.jpeg","articleSection":["Not\u00edcias"],"inLanguage":"es","potentialAction":[{"@type":"CommentAction","name":"Comment","target":["https:\/\/www.padreeustaquio.com.br\/abertas-as-inscricoes-para-o-curso-de-noivos-no-santuario\/#respond"]}]},{"@type":"WebPage","@id":"https:\/\/www.padreeustaquio.com.br\/abertas-as-inscricoes-para-o-curso-de-noivos-no-santuario\/","url":"https:\/\/www.padreeustaquio.com.br\/abertas-as-inscricoes-para-o-curso-de-noivos-no-santuario\/","name":"Ya est\u00e1n abiertas las inscripciones para el Curso Prematrimonial en el Santuario.","isPartOf":{"@id":"https:\/\/www.padreeustaquio.com.br\/#website"},"primaryImageOfPage":{"@id":"https:\/\/www.padreeustaquio.com.br\/abertas-as-inscricoes-para-o-curso-de-noivos-no-santuario\/#primaryimage"},"image":{"@id":"https:\/\/www.padreeustaquio.com.br\/abertas-as-inscricoes-para-o-curso-de-noivos-no-santuario\/#primaryimage"},"thumbnailUrl":"https:\/\/www.padreeustaquio.com.br\/wp-content\/uploads\/2023\/08\/curso-de-noivos-catequese-matrimonial.jpeg","datePublished":"2023-08-11T09:41:29+00:00","description":"Ya est\u00e1 abierta la inscripci\u00f3n para el programa de Catequesis Matrimonial en el Santuario de Salud y Paz, Iglesia del Beato Padre Eustaquio. El plazo de inscripci\u00f3n comenz\u00f3 a principios de este mes y se extiende hasta el 15 de septiembre.","breadcrumb":{"@id":"https:\/\/www.padreeustaquio.com.br\/abertas-as-inscricoes-para-o-curso-de-noivos-no-santuario\/#breadcrumb"},"inLanguage":"es","potentialAction":[{"@type":"ReadAction","target":["https:\/\/www.padreeustaquio.com.br\/abertas-as-inscricoes-para-o-curso-de-noivos-no-santuario\/"]}]},{"@type":"ImageObject","inLanguage":"es","@id":"https:\/\/www.padreeustaquio.com.br\/abertas-as-inscricoes-para-o-curso-de-noivos-no-santuario\/#primaryimage","url":"https:\/\/www.padreeustaquio.com.br\/wp-content\/uploads\/2023\/08\/curso-de-noivos-catequese-matrimonial.jpeg","contentUrl":"https:\/\/www.padreeustaquio.com.br\/wp-content\/uploads\/2023\/08\/curso-de-noivos-catequese-matrimonial.jpeg","width":1600,"height":900},{"@type":"BreadcrumbList","@id":"https:\/\/www.padreeustaquio.com.br\/abertas-as-inscricoes-para-o-curso-de-noivos-no-santuario\/#breadcrumb","itemListElement":[{"@type":"ListItem","position":1,"name":"In\u00edcio","item":"https:\/\/www.padreeustaquio.com.br\/"},{"@type":"ListItem","position":2,"name":"Abertas as inscri\u00e7\u00f5es para o Curso de Noivos no Santu\u00e1rio"}]},{"@type":"WebSite","@id":"https:\/\/www.padreeustaquio.com.br\/#website","url":"https:\/\/www.padreeustaquio.com.br\/","name":"Padre Eustace","description":"Salud y Paz","publisher":{"@id":"https:\/\/www.padreeustaquio.com.br\/#organization"},"potentialAction":[{"@type":"SearchAction","target":{"@type":"EntryPoint","urlTemplate":"https:\/\/www.padreeustaquio.com.br\/?s={search_term_string}"},"query-input":{"@type":"PropertyValueSpecification","valueRequired":true,"valueName":"search_term_string"}}],"inLanguage":"es"},{"@type":"Organization","@id":"https:\/\/www.padreeustaquio.com.br\/#organization","name":"Padre Eustace","url":"https:\/\/www.padreeustaquio.com.br\/","logo":{"@type":"ImageObject","inLanguage":"es","@id":"https:\/\/www.padreeustaquio.com.br\/#\/schema\/logo\/image\/","url":"https:\/\/www.padreeustaquio.com.br\/wp-content\/uploads\/2019\/08\/marca.png","contentUrl":"https:\/\/www.padreeustaquio.com.br\/wp-content\/uploads\/2019\/08\/marca.png","width":350,"height":400,"caption":"Padre Eust\u00e1quio"},"image":{"@id":"https:\/\/www.padreeustaquio.com.br\/#\/schema\/logo\/image\/"},"sameAs":["https:\/\/www.facebook.com\/beatopadreeustaquio\/","https:\/\/x.com\/beatopeustaquio","https:\/\/www.instagram.com\/beatopadreeustaquio\/","https:\/\/www.youtube.com\/channel\/UCRhw7vfabnajwLxb1ZXMeIw"]},{"@type":"Person","@id":"https:\/\/www.padreeustaquio.com.br\/#\/schema\/person\/a2a51db1d00f1a7af0204a0f1ddb1566","name":"@sscc","image":{"@type":"ImageObject","inLanguage":"es","@id":"https:\/\/secure.gravatar.com\/avatar\/68cfafa5f44617fea54071e215026e0ff06be366c3d54a8425f04fdcb86f8c5f?s=96&d=mm&r=g","url":"https:\/\/secure.gravatar.com\/avatar\/68cfafa5f44617fea54071e215026e0ff06be366c3d54a8425f04fdcb86f8c5f?s=96&d=mm&r=g","contentUrl":"https:\/\/secure.gravatar.com\/avatar\/68cfafa5f44617fea54071e215026e0ff06be366c3d54a8425f04fdcb86f8c5f?s=96&d=mm&r=g","caption":"@sscc"},"url":"https:\/\/www.padreeustaquio.com.br\/es\/author\/sscc\/"}]}},"_links":{"self":[{"href":"https:\/\/www.padreeustaquio.com.br\/es\/wp-json\/wp\/v2\/posts\/10794","targetHints":{"allow":["GET"]}}],"collection":[{"href":"https:\/\/www.padreeustaquio.com.br\/es\/wp-json\/wp\/v2\/posts"}],"about":[{"href":"https:\/\/www.padreeustaquio.com.br\/es\/wp-json\/wp\/v2\/types\/post"}],"author":[{"embeddable":true,"href":"https:\/\/www.padreeustaquio.com.br\/es\/wp-json\/wp\/v2\/users\/2"}],"replies":[{"embeddable":true,"href":"https:\/\/www.padreeustaquio.com.br\/es\/wp-json\/wp\/v2\/comments?post=10794"}],"version-history":[{"count":0,"href":"https:\/\/www.padreeustaquio.com.br\/es\/wp-json\/wp\/v2\/posts\/10794\/revisions"}],"wp:featuredmedia":[{"embeddable":true,"href":"https:\/\/www.padreeustaquio.com.br\/es\/wp-json\/wp\/v2\/media\/10795"}],"wp:attachment":[{"href":"https:\/\/www.padreeustaquio.com.br\/es\/wp-json\/wp\/v2\/media?parent=10794"}],"wp:term":[{"taxonomy":"category","embeddable":true,"href":"https:\/\/www.padreeustaquio.com.br\/es\/wp-json\/wp\/v2\/categories?post=10794"},{"taxonomy":"post_tag","embeddable":true,"href":"https:\/\/www.padreeustaquio.com.br\/es\/wp-json\/wp\/v2\/tags?post=10794"}],"curies":[{"name":"wp","href":"https:\/\/api.w.org\/{rel}","templated":true}]}}