{"id":10791,"date":"2023-08-10T06:40:22","date_gmt":"2023-08-10T09:40:22","guid":{"rendered":"https:\/\/www.padreeustaquio.com.br\/?p=10791"},"modified":"2023-08-10T07:41:38","modified_gmt":"2023-08-10T10:41:38","slug":"agosto-el-don-de-las-vocaciones","status":"publish","type":"post","link":"https:\/\/www.padreeustaquio.com.br\/es\/agosto-el-don-de-las-vocaciones\/","title":{"rendered":"AGOSTO \u2013 El don de las vocaciones"},"content":{"rendered":"<p>La vocaci\u00f3n es un don de pura gracia de Dios, dirigido a la humanidad y con el deseo de llamarla a contar con \u00c9l en su plan de amor. En alg\u00fan momento de la vida, podemos detenernos a preguntarnos sobre el sentido de nuestra existencia, qu\u00e9 fuimos llamados a hacer para marcar nuestro paso por este mundo. Las inquietudes que llevamos en el coraz\u00f3n son toques de Dios en nuestras vidas, es su voz que nos llama. Al Se\u00f1or que llama, debemos responder.<\/p>\n<p>Cuando hablamos de dones, palabras como servicio, talento, algo que se da, pueden venir inmediatamente a la mente. En nuestra vida diaria, a veces decimos: Fulano canta tan bien que tiene un don. Entendemos que un don es algo muy espec\u00edfico, una caracter\u00edstica destacada en una persona. De igual manera, cuando hablamos de vocaci\u00f3n, entramos en la din\u00e1mica de los dones, pues entendemos que la vocaci\u00f3n es un llamado de Dios, el Se\u00f1or, quien, por pura gracia, nos llama y desea contar con nosotros en su proyecto de amor.<\/p>\n<p>De muchas maneras, Dios nos habla al coraz\u00f3n, a menudo en las cosas m\u00e1s sencillas de la vida. Cuando hablamos de llamado, ciertamente podemos caer en la tentaci\u00f3n de imaginar las situaciones m\u00e1s fant\u00e1sticas, incluso con elementos sobrenaturales. Sin embargo, el Se\u00f1or puede hablarnos con fuerza de diversas maneras: en nuestra capacidad de ser sensibles a las situaciones de injusticia, dolor y miseria humana. Tambi\u00e9n en la alegr\u00eda de la vida comunitaria, sinti\u00e9ndonos tocados por el Se\u00f1or en la belleza de la liturgia de la Santa Misa, en la predicaci\u00f3n de mi p\u00e1rroco, en el ejemplo de vida de un santo al que soy devoto. Estas son las realidades que, en la din\u00e1mica del llamado, nos llevan a cuestionar el sentido de nuestras vidas, por qu\u00e9 vinimos a este mundo, c\u00f3mo marcaremos nuestro camino en esta tierra.<\/p>\n<p>La vocaci\u00f3n siempre estar\u00e1 en el \u00e1mbito del misterio, en la relaci\u00f3n entre el hombre y Dios. Lo cierto es que todo ser humano lleva dentro una sed de Dios. San Agust\u00edn, expresando bien esta realidad, dijo: \u201cHas creado mi coraz\u00f3n para ti, Se\u00f1or, y mi coraz\u00f3n estar\u00e1 inquieto hasta que descanse en ti\u201d. Ante el Se\u00f1or que llama, cada uno debe dar su respuesta. Lo cierto es que no es una respuesta est\u00e1tica, sino que se renueva cada d\u00eda, en las situaciones cotidianas que cuestionan mi elecci\u00f3n, que desaf\u00edan mi fe y mi opci\u00f3n por Jesucristo.<\/p>\n<p>Finalmente, ante el don de la vocaci\u00f3n, esta acci\u00f3n misteriosa del Creador en el coraz\u00f3n humano, nuestra actitud debe ser siempre de entrega y confianza. Las inquietudes conmueven el esp\u00edritu; el miedo y la incertidumbre ante tantas posibilidades pueden hablar con fuerza en el proceso de discernimiento. Solo es posible escuchar con claridad la llamada cuando, ante las realidades que nos desaf\u00edan, somos capaces de guardar silencio y, mediante la oraci\u00f3n, buscamos conocer la voluntad de Dios para nuestras vidas. Toda decisi\u00f3n requiere discernimiento, toda elecci\u00f3n de vida conlleva sus desaf\u00edos, pero cuando se encuentra la vocaci\u00f3n a la que Dios llama, la felicidad est\u00e1 garantizada.<\/p>\n<p><em><strong>Publicado por: sscc.org.br<\/strong><\/em><\/p>","protected":false},"excerpt":{"rendered":"<p>A voca\u00e7\u00e3o \u00e9 um dom de pura gratuidade de Deus que se volta ao ser humano e deseja chama-lo para contar com ele em seu plano de amor. Em algum momento da vida podemos parar para nos perguntar sobre o sentido de nossa exist\u00eancia, a que fui chamado para marcar minha passagem por este mundo. As inquieta\u00e7\u00f5es que trazemos no cora\u00e7\u00e3o s\u00e3o os toques de Deus em nossa vida, \u00e9 sua voz a nos chamar. Ao Senhor que chama precisamos dar uma resposta. Quando falamos sobre dom, imediatamente pode nos vir em mente palavras como servi\u00e7o, talento, algo que \u00e9 [&hellip;]<\/p>\n","protected":false},"author":2,"featured_media":10792,"comment_status":"open","ping_status":"closed","sticky":false,"template":"","format":"standard","meta":{"_acf_changed":false,"footnotes":""},"categories":[611],"tags":[],"class_list":["post-10791","post","type-post","status-publish","format-standard","has-post-thumbnail","hentry","category-noticias"],"acf":[],"yoast_head":"<!-- This site is optimized with the Yoast SEO plugin v27.2 - https:\/\/yoast.com\/product\/yoast-seo-wordpress\/ -->\n<title>AGOSTO - O dom das Voca\u00e7\u00f5es<\/title>\n<meta name=\"description\" content=\"A voca\u00e7\u00e3o \u00e9 um dom de pura gratuidade de Deus que se volta ao ser humano e deseja chama-lo para contar com ele em seu plano de amor. Em algum momento da vida podemos parar para nos perguntar sobre o sentido de nossa exist\u00eancia, a que fui chamado para marcar minha passagem por este mundo. As inquieta\u00e7\u00f5es que trazemos no cora\u00e7\u00e3o s\u00e3o os toques de Deus em nossa vida, \u00e9 sua voz a nos chamar.\" \/>\n<meta name=\"robots\" content=\"index, follow, max-snippet:-1, max-image-preview:large, max-video-preview:-1\" \/>\n<link rel=\"canonical\" href=\"https:\/\/www.padreeustaquio.com.br\/es\/agosto-el-don-de-las-vocaciones\/\" \/>\n<meta property=\"og:locale\" content=\"es_ES\" \/>\n<meta property=\"og:type\" content=\"article\" \/>\n<meta property=\"og:title\" content=\"AGOSTO - O dom das Voca\u00e7\u00f5es\" \/>\n<meta property=\"og:description\" content=\"A voca\u00e7\u00e3o \u00e9 um dom de pura gratuidade de Deus que se volta ao ser humano e deseja chama-lo para contar com ele em seu plano de amor. Em algum momento da vida podemos parar para nos perguntar sobre o sentido de nossa exist\u00eancia, a que fui chamado para marcar minha passagem por este mundo. As inquieta\u00e7\u00f5es que trazemos no cora\u00e7\u00e3o s\u00e3o os toques de Deus em nossa vida, \u00e9 sua voz a nos chamar.\" \/>\n<meta property=\"og:url\" content=\"https:\/\/www.padreeustaquio.com.br\/es\/agosto-el-don-de-las-vocaciones\/\" \/>\n<meta property=\"og:site_name\" content=\"Padre Eust\u00e1quio\" \/>\n<meta property=\"article:publisher\" content=\"https:\/\/www.facebook.com\/beatopadreeustaquio\/\" \/>\n<meta property=\"article:published_time\" content=\"2023-08-10T09:40:22+00:00\" \/>\n<meta property=\"article:modified_time\" content=\"2023-08-10T10:41:38+00:00\" \/>\n<meta property=\"og:image\" content=\"https:\/\/www.padreeustaquio.com.br\/wp-content\/uploads\/2023\/08\/Dia-do-padre-agosto-mes-das-vocacoes-e1691664081913.jpeg\" \/>\n\t<meta property=\"og:image:width\" content=\"1600\" \/>\n\t<meta property=\"og:image:height\" content=\"826\" \/>\n\t<meta property=\"og:image:type\" content=\"image\/jpeg\" \/>\n<meta name=\"author\" content=\"@sscc\" \/>\n<meta name=\"twitter:card\" content=\"summary_large_image\" \/>\n<meta name=\"twitter:creator\" content=\"@beatopeustaquio\" \/>\n<meta name=\"twitter:site\" content=\"@beatopeustaquio\" \/>\n<meta name=\"twitter:label1\" content=\"Escrito por\" \/>\n\t<meta name=\"twitter:data1\" content=\"@sscc\" \/>\n\t<meta name=\"twitter:label2\" content=\"Tiempo de lectura\" \/>\n\t<meta name=\"twitter:data2\" content=\"3 minutos\" \/>\n<script type=\"application\/ld+json\" class=\"yoast-schema-graph\">{\"@context\":\"https:\/\/schema.org\",\"@graph\":[{\"@type\":\"Article\",\"@id\":\"https:\/\/www.padreeustaquio.com.br\/agosto-o-dom-das-vocacoes\/#article\",\"isPartOf\":{\"@id\":\"https:\/\/www.padreeustaquio.com.br\/agosto-o-dom-das-vocacoes\/\"},\"author\":{\"name\":\"@sscc\",\"@id\":\"https:\/\/www.padreeustaquio.com.br\/#\/schema\/person\/a2a51db1d00f1a7af0204a0f1ddb1566\"},\"headline\":\"AGOSTO &#8211; O dom das Voca\u00e7\u00f5es\",\"datePublished\":\"2023-08-10T09:40:22+00:00\",\"dateModified\":\"2023-08-10T10:41:38+00:00\",\"mainEntityOfPage\":{\"@id\":\"https:\/\/www.padreeustaquio.com.br\/agosto-o-dom-das-vocacoes\/\"},\"wordCount\":543,\"commentCount\":0,\"publisher\":{\"@id\":\"https:\/\/www.padreeustaquio.com.br\/#organization\"},\"image\":{\"@id\":\"https:\/\/www.padreeustaquio.com.br\/agosto-o-dom-das-vocacoes\/#primaryimage\"},\"thumbnailUrl\":\"https:\/\/www.padreeustaquio.com.br\/wp-content\/uploads\/2023\/08\/Dia-do-padre-agosto-mes-das-vocacoes-e1691664081913.jpeg\",\"articleSection\":[\"Not\u00edcias\"],\"inLanguage\":\"es\",\"potentialAction\":[{\"@type\":\"CommentAction\",\"name\":\"Comment\",\"target\":[\"https:\/\/www.padreeustaquio.com.br\/agosto-o-dom-das-vocacoes\/#respond\"]}]},{\"@type\":\"WebPage\",\"@id\":\"https:\/\/www.padreeustaquio.com.br\/agosto-o-dom-das-vocacoes\/\",\"url\":\"https:\/\/www.padreeustaquio.com.br\/agosto-o-dom-das-vocacoes\/\",\"name\":\"AGOSTO - O dom das Voca\u00e7\u00f5es\",\"isPartOf\":{\"@id\":\"https:\/\/www.padreeustaquio.com.br\/#website\"},\"primaryImageOfPage\":{\"@id\":\"https:\/\/www.padreeustaquio.com.br\/agosto-o-dom-das-vocacoes\/#primaryimage\"},\"image\":{\"@id\":\"https:\/\/www.padreeustaquio.com.br\/agosto-o-dom-das-vocacoes\/#primaryimage\"},\"thumbnailUrl\":\"https:\/\/www.padreeustaquio.com.br\/wp-content\/uploads\/2023\/08\/Dia-do-padre-agosto-mes-das-vocacoes-e1691664081913.jpeg\",\"datePublished\":\"2023-08-10T09:40:22+00:00\",\"dateModified\":\"2023-08-10T10:41:38+00:00\",\"description\":\"A voca\u00e7\u00e3o \u00e9 um dom de pura gratuidade de Deus que se volta ao ser humano e deseja chama-lo para contar com ele em seu plano de amor. Em algum momento da vida podemos parar para nos perguntar sobre o sentido de nossa exist\u00eancia, a que fui chamado para marcar minha passagem por este mundo. As inquieta\u00e7\u00f5es que trazemos no cora\u00e7\u00e3o s\u00e3o os toques de Deus em nossa vida, \u00e9 sua voz a nos chamar.\",\"breadcrumb\":{\"@id\":\"https:\/\/www.padreeustaquio.com.br\/agosto-o-dom-das-vocacoes\/#breadcrumb\"},\"inLanguage\":\"es\",\"potentialAction\":[{\"@type\":\"ReadAction\",\"target\":[\"https:\/\/www.padreeustaquio.com.br\/agosto-o-dom-das-vocacoes\/\"]}]},{\"@type\":\"ImageObject\",\"inLanguage\":\"es\",\"@id\":\"https:\/\/www.padreeustaquio.com.br\/agosto-o-dom-das-vocacoes\/#primaryimage\",\"url\":\"https:\/\/www.padreeustaquio.com.br\/wp-content\/uploads\/2023\/08\/Dia-do-padre-agosto-mes-das-vocacoes-e1691664081913.jpeg\",\"contentUrl\":\"https:\/\/www.padreeustaquio.com.br\/wp-content\/uploads\/2023\/08\/Dia-do-padre-agosto-mes-das-vocacoes-e1691664081913.jpeg\",\"width\":1600,\"height\":826},{\"@type\":\"BreadcrumbList\",\"@id\":\"https:\/\/www.padreeustaquio.com.br\/agosto-o-dom-das-vocacoes\/#breadcrumb\",\"itemListElement\":[{\"@type\":\"ListItem\",\"position\":1,\"name\":\"In\u00edcio\",\"item\":\"https:\/\/www.padreeustaquio.com.br\/\"},{\"@type\":\"ListItem\",\"position\":2,\"name\":\"AGOSTO &#8211; O dom das Voca\u00e7\u00f5es\"}]},{\"@type\":\"WebSite\",\"@id\":\"https:\/\/www.padreeustaquio.com.br\/#website\",\"url\":\"https:\/\/www.padreeustaquio.com.br\/\",\"name\":\"Padre Eust\u00e1quio\",\"description\":\"Sa\u00fade e Paz\",\"publisher\":{\"@id\":\"https:\/\/www.padreeustaquio.com.br\/#organization\"},\"potentialAction\":[{\"@type\":\"SearchAction\",\"target\":{\"@type\":\"EntryPoint\",\"urlTemplate\":\"https:\/\/www.padreeustaquio.com.br\/?s={search_term_string}\"},\"query-input\":{\"@type\":\"PropertyValueSpecification\",\"valueRequired\":true,\"valueName\":\"search_term_string\"}}],\"inLanguage\":\"es\"},{\"@type\":\"Organization\",\"@id\":\"https:\/\/www.padreeustaquio.com.br\/#organization\",\"name\":\"Padre Eust\u00e1quio\",\"url\":\"https:\/\/www.padreeustaquio.com.br\/\",\"logo\":{\"@type\":\"ImageObject\",\"inLanguage\":\"es\",\"@id\":\"https:\/\/www.padreeustaquio.com.br\/#\/schema\/logo\/image\/\",\"url\":\"https:\/\/www.padreeustaquio.com.br\/wp-content\/uploads\/2019\/08\/marca.png\",\"contentUrl\":\"https:\/\/www.padreeustaquio.com.br\/wp-content\/uploads\/2019\/08\/marca.png\",\"width\":350,\"height\":400,\"caption\":\"Padre Eust\u00e1quio\"},\"image\":{\"@id\":\"https:\/\/www.padreeustaquio.com.br\/#\/schema\/logo\/image\/\"},\"sameAs\":[\"https:\/\/www.facebook.com\/beatopadreeustaquio\/\",\"https:\/\/x.com\/beatopeustaquio\",\"https:\/\/www.instagram.com\/beatopadreeustaquio\/\",\"https:\/\/www.youtube.com\/channel\/UCRhw7vfabnajwLxb1ZXMeIw\"]},{\"@type\":\"Person\",\"@id\":\"https:\/\/www.padreeustaquio.com.br\/#\/schema\/person\/a2a51db1d00f1a7af0204a0f1ddb1566\",\"name\":\"@sscc\",\"image\":{\"@type\":\"ImageObject\",\"inLanguage\":\"es\",\"@id\":\"https:\/\/secure.gravatar.com\/avatar\/68cfafa5f44617fea54071e215026e0ff06be366c3d54a8425f04fdcb86f8c5f?s=96&d=mm&r=g\",\"url\":\"https:\/\/secure.gravatar.com\/avatar\/68cfafa5f44617fea54071e215026e0ff06be366c3d54a8425f04fdcb86f8c5f?s=96&d=mm&r=g\",\"contentUrl\":\"https:\/\/secure.gravatar.com\/avatar\/68cfafa5f44617fea54071e215026e0ff06be366c3d54a8425f04fdcb86f8c5f?s=96&d=mm&r=g\",\"caption\":\"@sscc\"},\"url\":\"https:\/\/www.padreeustaquio.com.br\/es\/author\/sscc\/\"}]}<\/script>\n<!-- \/ Yoast SEO plugin. -->","yoast_head_json":{"title":"AGOSTO - El Don de las Vocaciones","description":"La vocaci\u00f3n es un don de pura gracia de Dios, dirigido a la humanidad y con el deseo de llamarla a contar con \u00c9l en su plan de amor. En alg\u00fan momento de la vida, podemos detenernos a preguntarnos sobre el sentido de nuestra existencia, qu\u00e9 fuimos llamados a hacer para marcar nuestro paso por este mundo. Las inquietudes que llevamos en el coraz\u00f3n son toques de Dios en nuestras vidas; es su voz que nos llama.","robots":{"index":"index","follow":"follow","max-snippet":"max-snippet:-1","max-image-preview":"max-image-preview:large","max-video-preview":"max-video-preview:-1"},"canonical":"https:\/\/www.padreeustaquio.com.br\/es\/agosto-el-don-de-las-vocaciones\/","og_locale":"es_ES","og_type":"article","og_title":"AGOSTO - O dom das Voca\u00e7\u00f5es","og_description":"A voca\u00e7\u00e3o \u00e9 um dom de pura gratuidade de Deus que se volta ao ser humano e deseja chama-lo para contar com ele em seu plano de amor. Em algum momento da vida podemos parar para nos perguntar sobre o sentido de nossa exist\u00eancia, a que fui chamado para marcar minha passagem por este mundo. As inquieta\u00e7\u00f5es que trazemos no cora\u00e7\u00e3o s\u00e3o os toques de Deus em nossa vida, \u00e9 sua voz a nos chamar.","og_url":"https:\/\/www.padreeustaquio.com.br\/es\/agosto-el-don-de-las-vocaciones\/","og_site_name":"Padre Eust\u00e1quio","article_publisher":"https:\/\/www.facebook.com\/beatopadreeustaquio\/","article_published_time":"2023-08-10T09:40:22+00:00","article_modified_time":"2023-08-10T10:41:38+00:00","og_image":[{"width":1600,"height":826,"url":"https:\/\/www.padreeustaquio.com.br\/wp-content\/uploads\/2023\/08\/Dia-do-padre-agosto-mes-das-vocacoes-e1691664081913.jpeg","type":"image\/jpeg"}],"author":"@sscc","twitter_card":"summary_large_image","twitter_creator":"@beatopeustaquio","twitter_site":"@beatopeustaquio","twitter_misc":{"Escrito por":"@sscc","Tiempo de lectura":"3 minutos"},"schema":{"@context":"https:\/\/schema.org","@graph":[{"@type":"Article","@id":"https:\/\/www.padreeustaquio.com.br\/agosto-o-dom-das-vocacoes\/#article","isPartOf":{"@id":"https:\/\/www.padreeustaquio.com.br\/agosto-o-dom-das-vocacoes\/"},"author":{"name":"@sscc","@id":"https:\/\/www.padreeustaquio.com.br\/#\/schema\/person\/a2a51db1d00f1a7af0204a0f1ddb1566"},"headline":"AGOSTO &#8211; O dom das Voca\u00e7\u00f5es","datePublished":"2023-08-10T09:40:22+00:00","dateModified":"2023-08-10T10:41:38+00:00","mainEntityOfPage":{"@id":"https:\/\/www.padreeustaquio.com.br\/agosto-o-dom-das-vocacoes\/"},"wordCount":543,"commentCount":0,"publisher":{"@id":"https:\/\/www.padreeustaquio.com.br\/#organization"},"image":{"@id":"https:\/\/www.padreeustaquio.com.br\/agosto-o-dom-das-vocacoes\/#primaryimage"},"thumbnailUrl":"https:\/\/www.padreeustaquio.com.br\/wp-content\/uploads\/2023\/08\/Dia-do-padre-agosto-mes-das-vocacoes-e1691664081913.jpeg","articleSection":["Not\u00edcias"],"inLanguage":"es","potentialAction":[{"@type":"CommentAction","name":"Comment","target":["https:\/\/www.padreeustaquio.com.br\/agosto-o-dom-das-vocacoes\/#respond"]}]},{"@type":"WebPage","@id":"https:\/\/www.padreeustaquio.com.br\/agosto-o-dom-das-vocacoes\/","url":"https:\/\/www.padreeustaquio.com.br\/agosto-o-dom-das-vocacoes\/","name":"AGOSTO - El Don de las Vocaciones","isPartOf":{"@id":"https:\/\/www.padreeustaquio.com.br\/#website"},"primaryImageOfPage":{"@id":"https:\/\/www.padreeustaquio.com.br\/agosto-o-dom-das-vocacoes\/#primaryimage"},"image":{"@id":"https:\/\/www.padreeustaquio.com.br\/agosto-o-dom-das-vocacoes\/#primaryimage"},"thumbnailUrl":"https:\/\/www.padreeustaquio.com.br\/wp-content\/uploads\/2023\/08\/Dia-do-padre-agosto-mes-das-vocacoes-e1691664081913.jpeg","datePublished":"2023-08-10T09:40:22+00:00","dateModified":"2023-08-10T10:41:38+00:00","description":"La vocaci\u00f3n es un don de pura gracia de Dios, dirigido a la humanidad y con el deseo de llamarla a contar con \u00c9l en su plan de amor. En alg\u00fan momento de la vida, podemos detenernos a preguntarnos sobre el sentido de nuestra existencia, qu\u00e9 fuimos llamados a hacer para marcar nuestro paso por este mundo. Las inquietudes que llevamos en el coraz\u00f3n son toques de Dios en nuestras vidas; es su voz que nos llama.","breadcrumb":{"@id":"https:\/\/www.padreeustaquio.com.br\/agosto-o-dom-das-vocacoes\/#breadcrumb"},"inLanguage":"es","potentialAction":[{"@type":"ReadAction","target":["https:\/\/www.padreeustaquio.com.br\/agosto-o-dom-das-vocacoes\/"]}]},{"@type":"ImageObject","inLanguage":"es","@id":"https:\/\/www.padreeustaquio.com.br\/agosto-o-dom-das-vocacoes\/#primaryimage","url":"https:\/\/www.padreeustaquio.com.br\/wp-content\/uploads\/2023\/08\/Dia-do-padre-agosto-mes-das-vocacoes-e1691664081913.jpeg","contentUrl":"https:\/\/www.padreeustaquio.com.br\/wp-content\/uploads\/2023\/08\/Dia-do-padre-agosto-mes-das-vocacoes-e1691664081913.jpeg","width":1600,"height":826},{"@type":"BreadcrumbList","@id":"https:\/\/www.padreeustaquio.com.br\/agosto-o-dom-das-vocacoes\/#breadcrumb","itemListElement":[{"@type":"ListItem","position":1,"name":"In\u00edcio","item":"https:\/\/www.padreeustaquio.com.br\/"},{"@type":"ListItem","position":2,"name":"AGOSTO &#8211; O dom das Voca\u00e7\u00f5es"}]},{"@type":"WebSite","@id":"https:\/\/www.padreeustaquio.com.br\/#website","url":"https:\/\/www.padreeustaquio.com.br\/","name":"Padre Eustace","description":"Salud y Paz","publisher":{"@id":"https:\/\/www.padreeustaquio.com.br\/#organization"},"potentialAction":[{"@type":"SearchAction","target":{"@type":"EntryPoint","urlTemplate":"https:\/\/www.padreeustaquio.com.br\/?s={search_term_string}"},"query-input":{"@type":"PropertyValueSpecification","valueRequired":true,"valueName":"search_term_string"}}],"inLanguage":"es"},{"@type":"Organization","@id":"https:\/\/www.padreeustaquio.com.br\/#organization","name":"Padre Eustace","url":"https:\/\/www.padreeustaquio.com.br\/","logo":{"@type":"ImageObject","inLanguage":"es","@id":"https:\/\/www.padreeustaquio.com.br\/#\/schema\/logo\/image\/","url":"https:\/\/www.padreeustaquio.com.br\/wp-content\/uploads\/2019\/08\/marca.png","contentUrl":"https:\/\/www.padreeustaquio.com.br\/wp-content\/uploads\/2019\/08\/marca.png","width":350,"height":400,"caption":"Padre Eust\u00e1quio"},"image":{"@id":"https:\/\/www.padreeustaquio.com.br\/#\/schema\/logo\/image\/"},"sameAs":["https:\/\/www.facebook.com\/beatopadreeustaquio\/","https:\/\/x.com\/beatopeustaquio","https:\/\/www.instagram.com\/beatopadreeustaquio\/","https:\/\/www.youtube.com\/channel\/UCRhw7vfabnajwLxb1ZXMeIw"]},{"@type":"Person","@id":"https:\/\/www.padreeustaquio.com.br\/#\/schema\/person\/a2a51db1d00f1a7af0204a0f1ddb1566","name":"@sscc","image":{"@type":"ImageObject","inLanguage":"es","@id":"https:\/\/secure.gravatar.com\/avatar\/68cfafa5f44617fea54071e215026e0ff06be366c3d54a8425f04fdcb86f8c5f?s=96&d=mm&r=g","url":"https:\/\/secure.gravatar.com\/avatar\/68cfafa5f44617fea54071e215026e0ff06be366c3d54a8425f04fdcb86f8c5f?s=96&d=mm&r=g","contentUrl":"https:\/\/secure.gravatar.com\/avatar\/68cfafa5f44617fea54071e215026e0ff06be366c3d54a8425f04fdcb86f8c5f?s=96&d=mm&r=g","caption":"@sscc"},"url":"https:\/\/www.padreeustaquio.com.br\/es\/author\/sscc\/"}]}},"_links":{"self":[{"href":"https:\/\/www.padreeustaquio.com.br\/es\/wp-json\/wp\/v2\/posts\/10791","targetHints":{"allow":["GET"]}}],"collection":[{"href":"https:\/\/www.padreeustaquio.com.br\/es\/wp-json\/wp\/v2\/posts"}],"about":[{"href":"https:\/\/www.padreeustaquio.com.br\/es\/wp-json\/wp\/v2\/types\/post"}],"author":[{"embeddable":true,"href":"https:\/\/www.padreeustaquio.com.br\/es\/wp-json\/wp\/v2\/users\/2"}],"replies":[{"embeddable":true,"href":"https:\/\/www.padreeustaquio.com.br\/es\/wp-json\/wp\/v2\/comments?post=10791"}],"version-history":[{"count":0,"href":"https:\/\/www.padreeustaquio.com.br\/es\/wp-json\/wp\/v2\/posts\/10791\/revisions"}],"wp:featuredmedia":[{"embeddable":true,"href":"https:\/\/www.padreeustaquio.com.br\/es\/wp-json\/wp\/v2\/media\/10792"}],"wp:attachment":[{"href":"https:\/\/www.padreeustaquio.com.br\/es\/wp-json\/wp\/v2\/media?parent=10791"}],"wp:term":[{"taxonomy":"category","embeddable":true,"href":"https:\/\/www.padreeustaquio.com.br\/es\/wp-json\/wp\/v2\/categories?post=10791"},{"taxonomy":"post_tag","embeddable":true,"href":"https:\/\/www.padreeustaquio.com.br\/es\/wp-json\/wp\/v2\/tags?post=10791"}],"curies":[{"name":"wp","href":"https:\/\/api.w.org\/{rel}","templated":true}]}}