{"id":10779,"date":"2023-08-08T06:30:35","date_gmt":"2023-08-08T09:30:35","guid":{"rendered":"https:\/\/www.padreeustaquio.com.br\/?p=10779"},"modified":"2023-08-08T14:21:52","modified_gmt":"2023-08-08T17:21:52","slug":"el-retiro-parroquial-reune-a-los-lideres-para-momentos-de-oracion-y-reflexion","status":"publish","type":"post","link":"https:\/\/www.padreeustaquio.com.br\/es\/el-retiro-parroquial-reune-a-los-lideres-para-momentos-de-oracion-y-reflexion\/","title":{"rendered":"El retiro parroquial re\u00fane a los l\u00edderes para momentos de oraci\u00f3n y reflexi\u00f3n."},"content":{"rendered":"<p>El Retiro Parroquial, celebrado el pasado fin de semana, reuni\u00f3 a aproximadamente 40 personas, entre l\u00edderes y miembros de grupos, movimientos y ministerios pastorales del Santuario Arquidiocesano de Salud y Paz.<\/p>\n<div id=\"attachment_10781\" style=\"width: 310px\" class=\"wp-caption alignleft\"><img decoding=\"async\" aria-describedby=\"caption-attachment-10781\" class=\"size-medium wp-image-10781\" src=\"https:\/\/www.padreeustaquio.com.br\/wp-content\/uploads\/2023\/08\/palestra-padre-vinicius-e1691368919142-300x156.jpeg\" alt=\"\" width=\"300\" height=\"156\" srcset=\"https:\/\/www.padreeustaquio.com.br\/wp-content\/uploads\/2023\/08\/palestra-padre-vinicius-e1691368919142-300x156.jpeg 300w, https:\/\/www.padreeustaquio.com.br\/wp-content\/uploads\/2023\/08\/palestra-padre-vinicius-e1691368919142-1024x532.jpeg 1024w, https:\/\/www.padreeustaquio.com.br\/wp-content\/uploads\/2023\/08\/palestra-padre-vinicius-e1691368919142-768x399.jpeg 768w, https:\/\/www.padreeustaquio.com.br\/wp-content\/uploads\/2023\/08\/palestra-padre-vinicius-e1691368919142.jpeg 1039w\" sizes=\"(max-width: 300px) 100vw, 300px\" \/><p id=\"caption-attachment-10781\" class=\"wp-caption-text\">El retiro estuvo a cargo del Padre Vinicius Maciel, SSCC.<\/p><\/div>\n<p>La reuni\u00f3n brind\u00f3 a los participantes la oportunidad de tomarse un respiro de sus ajetreadas vidas y reflexionar sobre su trayectoria con sus compa\u00f1eros feligreses. Durante la reuni\u00f3n, dirigida por el p\u00e1rroco, P. Vinicius Maciel, SSCC, los sacerdotes que celebran la misa en la Iglesia del Beato Padre Eustaquio tambi\u00e9n dirigieron momentos de reflexi\u00f3n.<\/p>\n<div id=\"attachment_10782\" style=\"width: 310px\" class=\"wp-caption alignright\"><img fetchpriority=\"high\" decoding=\"async\" aria-describedby=\"caption-attachment-10782\" class=\"size-medium wp-image-10782\" src=\"https:\/\/www.padreeustaquio.com.br\/wp-content\/uploads\/2023\/08\/Ir.-Vanildo-animou-os-participantes-com-muita-musica-boa-300x169.jpeg\" alt=\"\" width=\"300\" height=\"169\" srcset=\"https:\/\/www.padreeustaquio.com.br\/wp-content\/uploads\/2023\/08\/Ir.-Vanildo-animou-os-participantes-com-muita-musica-boa-300x169.jpeg 300w, https:\/\/www.padreeustaquio.com.br\/wp-content\/uploads\/2023\/08\/Ir.-Vanildo-animou-os-participantes-com-muita-musica-boa-1024x576.jpeg 1024w, https:\/\/www.padreeustaquio.com.br\/wp-content\/uploads\/2023\/08\/Ir.-Vanildo-animou-os-participantes-com-muita-musica-boa-768x432.jpeg 768w, https:\/\/www.padreeustaquio.com.br\/wp-content\/uploads\/2023\/08\/Ir.-Vanildo-animou-os-participantes-com-muita-musica-boa-1536x864.jpeg 1536w, https:\/\/www.padreeustaquio.com.br\/wp-content\/uploads\/2023\/08\/Ir.-Vanildo-animou-os-participantes-com-muita-musica-boa-400x225.jpeg 400w, https:\/\/www.padreeustaquio.com.br\/wp-content\/uploads\/2023\/08\/Ir.-Vanildo-animou-os-participantes-com-muita-musica-boa-600x338.jpeg 600w, https:\/\/www.padreeustaquio.com.br\/wp-content\/uploads\/2023\/08\/Ir.-Vanildo-animou-os-participantes-com-muita-musica-boa-800x450.jpeg 800w, https:\/\/www.padreeustaquio.com.br\/wp-content\/uploads\/2023\/08\/Ir.-Vanildo-animou-os-participantes-com-muita-musica-boa-1200x675.jpeg 1200w, https:\/\/www.padreeustaquio.com.br\/wp-content\/uploads\/2023\/08\/Ir.-Vanildo-animou-os-participantes-com-muita-musica-boa.jpeg 1600w\" sizes=\"(max-width: 300px) 100vw, 300px\" \/><p id=\"caption-attachment-10782\" class=\"wp-caption-text\">El hermano Vanildo entretuvo a los participantes con mucha buena m\u00fasica.<\/p><\/div>\n<p>La Casa de Retiros S\u00e3o Vicente, en Igarap\u00e9, regi\u00f3n metropolitana de Belo Horizonte, fue el lugar elegido para el retiro. Al finalizar la reuni\u00f3n, se invit\u00f3 a los participantes a la Santa Misa de las 17:00 h en el Santuario de Belo Horizonte, como parte del programa de clausura.<\/p>","protected":false},"excerpt":{"rendered":"<p>O Retiro Paroquial, realizado nesse final de semana, reuniu cerca de 40 pessoas, entre lideran\u00e7as e membros de grupos, movimentos e pastorais do Santu\u00e1rio Arquidiocesano da Sa\u00fade e da Paz. O encontro foi uma oportunidade para os participantes darem uma pausa na vida apressada e refletirem sobre a caminhada junto aos irm\u00e3os paroquianos. Durante o encontro, que foi dirigido pelo p\u00e1roco, Pe Vinicius Maciel, SSCC, padres que celebram na Igreja do Beato Padre Eust\u00e1quio, tamb\u00e9m promoveram momentos de reflex\u00e3o. A casa de Retiro S\u00e3o Vicente, em Igarap\u00e9, regi\u00e3o metropolitana de Belo Horizonte, foi o local escolhido para o retiro. Ao [&hellip;]<\/p>\n","protected":false},"author":2,"featured_media":10780,"comment_status":"open","ping_status":"closed","sticky":false,"template":"","format":"standard","meta":{"_acf_changed":false,"footnotes":""},"categories":[611],"tags":[],"class_list":["post-10779","post","type-post","status-publish","format-standard","has-post-thumbnail","hentry","category-noticias"],"acf":[],"yoast_head":"<!-- This site is optimized with the Yoast SEO plugin v27.2 - https:\/\/yoast.com\/product\/yoast-seo-wordpress\/ -->\n<title>Retiro paroquial re\u00fane lideran\u00e7as para momentos de ora\u00e7\u00e3o e reflex\u00e3o<\/title>\n<meta name=\"description\" content=\"O Retiro Paroquial, realizado nesse final de semana, reuniu cerca de 40 pessoas, entre lideran\u00e7as e membros de grupos, movimentos e pastorais do Santu\u00e1rio Arquidiocesano da Sa\u00fade e da Paz.\u00a0\" \/>\n<meta name=\"robots\" content=\"index, follow, max-snippet:-1, max-image-preview:large, max-video-preview:-1\" \/>\n<link rel=\"canonical\" href=\"https:\/\/www.padreeustaquio.com.br\/es\/el-retiro-parroquial-reune-a-los-lideres-para-momentos-de-oracion-y-reflexion\/\" \/>\n<meta property=\"og:locale\" content=\"es_ES\" \/>\n<meta property=\"og:type\" content=\"article\" \/>\n<meta property=\"og:title\" content=\"Retiro paroquial re\u00fane lideran\u00e7as para momentos de ora\u00e7\u00e3o e reflex\u00e3o\" \/>\n<meta property=\"og:description\" content=\"O Retiro Paroquial, realizado nesse final de semana, reuniu cerca de 40 pessoas, entre lideran\u00e7as e membros de grupos, movimentos e pastorais do Santu\u00e1rio Arquidiocesano da Sa\u00fade e da Paz.\u00a0\" \/>\n<meta property=\"og:url\" content=\"https:\/\/www.padreeustaquio.com.br\/es\/el-retiro-parroquial-reune-a-los-lideres-para-momentos-de-oracion-y-reflexion\/\" \/>\n<meta property=\"og:site_name\" content=\"Padre Eust\u00e1quio\" \/>\n<meta property=\"article:publisher\" content=\"https:\/\/www.facebook.com\/beatopadreeustaquio\/\" \/>\n<meta property=\"article:published_time\" content=\"2023-08-08T09:30:35+00:00\" \/>\n<meta property=\"article:modified_time\" content=\"2023-08-08T17:21:52+00:00\" \/>\n<meta property=\"og:image\" content=\"https:\/\/www.padreeustaquio.com.br\/wp-content\/uploads\/2023\/08\/retiro-paroquial-em-agosto-e1691369192631.jpeg\" \/>\n\t<meta property=\"og:image:width\" content=\"1024\" \/>\n\t<meta property=\"og:image:height\" content=\"629\" \/>\n\t<meta property=\"og:image:type\" content=\"image\/jpeg\" \/>\n<meta name=\"author\" content=\"@sscc\" \/>\n<meta name=\"twitter:card\" content=\"summary_large_image\" \/>\n<meta name=\"twitter:creator\" content=\"@beatopeustaquio\" \/>\n<meta name=\"twitter:site\" content=\"@beatopeustaquio\" \/>\n<meta name=\"twitter:label1\" content=\"Escrito por\" \/>\n\t<meta name=\"twitter:data1\" content=\"@sscc\" \/>\n\t<meta name=\"twitter:label2\" content=\"Tiempo de lectura\" \/>\n\t<meta name=\"twitter:data2\" content=\"2 minutos\" \/>\n<script type=\"application\/ld+json\" class=\"yoast-schema-graph\">{\"@context\":\"https:\/\/schema.org\",\"@graph\":[{\"@type\":\"Article\",\"@id\":\"https:\/\/www.padreeustaquio.com.br\/retiro-paroquial-reune-liderancas-para-momentos-de-oracao-e-reflexao\/#article\",\"isPartOf\":{\"@id\":\"https:\/\/www.padreeustaquio.com.br\/retiro-paroquial-reune-liderancas-para-momentos-de-oracao-e-reflexao\/\"},\"author\":{\"name\":\"@sscc\",\"@id\":\"https:\/\/www.padreeustaquio.com.br\/#\/schema\/person\/a2a51db1d00f1a7af0204a0f1ddb1566\"},\"headline\":\"Retiro paroquial re\u00fane lideran\u00e7as para momentos de ora\u00e7\u00e3o e reflex\u00e3o\",\"datePublished\":\"2023-08-08T09:30:35+00:00\",\"dateModified\":\"2023-08-08T17:21:52+00:00\",\"mainEntityOfPage\":{\"@id\":\"https:\/\/www.padreeustaquio.com.br\/retiro-paroquial-reune-liderancas-para-momentos-de-oracao-e-reflexao\/\"},\"wordCount\":185,\"commentCount\":0,\"publisher\":{\"@id\":\"https:\/\/www.padreeustaquio.com.br\/#organization\"},\"image\":{\"@id\":\"https:\/\/www.padreeustaquio.com.br\/retiro-paroquial-reune-liderancas-para-momentos-de-oracao-e-reflexao\/#primaryimage\"},\"thumbnailUrl\":\"https:\/\/www.padreeustaquio.com.br\/wp-content\/uploads\/2023\/08\/retiro-paroquial-em-agosto-e1691369192631.jpeg\",\"articleSection\":[\"Not\u00edcias\"],\"inLanguage\":\"es\",\"potentialAction\":[{\"@type\":\"CommentAction\",\"name\":\"Comment\",\"target\":[\"https:\/\/www.padreeustaquio.com.br\/retiro-paroquial-reune-liderancas-para-momentos-de-oracao-e-reflexao\/#respond\"]}]},{\"@type\":\"WebPage\",\"@id\":\"https:\/\/www.padreeustaquio.com.br\/retiro-paroquial-reune-liderancas-para-momentos-de-oracao-e-reflexao\/\",\"url\":\"https:\/\/www.padreeustaquio.com.br\/retiro-paroquial-reune-liderancas-para-momentos-de-oracao-e-reflexao\/\",\"name\":\"Retiro paroquial re\u00fane lideran\u00e7as para momentos de ora\u00e7\u00e3o e reflex\u00e3o\",\"isPartOf\":{\"@id\":\"https:\/\/www.padreeustaquio.com.br\/#website\"},\"primaryImageOfPage\":{\"@id\":\"https:\/\/www.padreeustaquio.com.br\/retiro-paroquial-reune-liderancas-para-momentos-de-oracao-e-reflexao\/#primaryimage\"},\"image\":{\"@id\":\"https:\/\/www.padreeustaquio.com.br\/retiro-paroquial-reune-liderancas-para-momentos-de-oracao-e-reflexao\/#primaryimage\"},\"thumbnailUrl\":\"https:\/\/www.padreeustaquio.com.br\/wp-content\/uploads\/2023\/08\/retiro-paroquial-em-agosto-e1691369192631.jpeg\",\"datePublished\":\"2023-08-08T09:30:35+00:00\",\"dateModified\":\"2023-08-08T17:21:52+00:00\",\"description\":\"O Retiro Paroquial, realizado nesse final de semana, reuniu cerca de 40 pessoas, entre lideran\u00e7as e membros de grupos, movimentos e pastorais do Santu\u00e1rio Arquidiocesano da Sa\u00fade e da Paz.\u00a0\",\"breadcrumb\":{\"@id\":\"https:\/\/www.padreeustaquio.com.br\/retiro-paroquial-reune-liderancas-para-momentos-de-oracao-e-reflexao\/#breadcrumb\"},\"inLanguage\":\"es\",\"potentialAction\":[{\"@type\":\"ReadAction\",\"target\":[\"https:\/\/www.padreeustaquio.com.br\/retiro-paroquial-reune-liderancas-para-momentos-de-oracao-e-reflexao\/\"]}]},{\"@type\":\"ImageObject\",\"inLanguage\":\"es\",\"@id\":\"https:\/\/www.padreeustaquio.com.br\/retiro-paroquial-reune-liderancas-para-momentos-de-oracao-e-reflexao\/#primaryimage\",\"url\":\"https:\/\/www.padreeustaquio.com.br\/wp-content\/uploads\/2023\/08\/retiro-paroquial-em-agosto-e1691369192631.jpeg\",\"contentUrl\":\"https:\/\/www.padreeustaquio.com.br\/wp-content\/uploads\/2023\/08\/retiro-paroquial-em-agosto-e1691369192631.jpeg\",\"width\":1024,\"height\":629},{\"@type\":\"BreadcrumbList\",\"@id\":\"https:\/\/www.padreeustaquio.com.br\/retiro-paroquial-reune-liderancas-para-momentos-de-oracao-e-reflexao\/#breadcrumb\",\"itemListElement\":[{\"@type\":\"ListItem\",\"position\":1,\"name\":\"In\u00edcio\",\"item\":\"https:\/\/www.padreeustaquio.com.br\/\"},{\"@type\":\"ListItem\",\"position\":2,\"name\":\"Retiro paroquial re\u00fane lideran\u00e7as para momentos de ora\u00e7\u00e3o e reflex\u00e3o\"}]},{\"@type\":\"WebSite\",\"@id\":\"https:\/\/www.padreeustaquio.com.br\/#website\",\"url\":\"https:\/\/www.padreeustaquio.com.br\/\",\"name\":\"Padre Eust\u00e1quio\",\"description\":\"Sa\u00fade e Paz\",\"publisher\":{\"@id\":\"https:\/\/www.padreeustaquio.com.br\/#organization\"},\"potentialAction\":[{\"@type\":\"SearchAction\",\"target\":{\"@type\":\"EntryPoint\",\"urlTemplate\":\"https:\/\/www.padreeustaquio.com.br\/?s={search_term_string}\"},\"query-input\":{\"@type\":\"PropertyValueSpecification\",\"valueRequired\":true,\"valueName\":\"search_term_string\"}}],\"inLanguage\":\"es\"},{\"@type\":\"Organization\",\"@id\":\"https:\/\/www.padreeustaquio.com.br\/#organization\",\"name\":\"Padre Eust\u00e1quio\",\"url\":\"https:\/\/www.padreeustaquio.com.br\/\",\"logo\":{\"@type\":\"ImageObject\",\"inLanguage\":\"es\",\"@id\":\"https:\/\/www.padreeustaquio.com.br\/#\/schema\/logo\/image\/\",\"url\":\"https:\/\/www.padreeustaquio.com.br\/wp-content\/uploads\/2019\/08\/marca.png\",\"contentUrl\":\"https:\/\/www.padreeustaquio.com.br\/wp-content\/uploads\/2019\/08\/marca.png\",\"width\":350,\"height\":400,\"caption\":\"Padre Eust\u00e1quio\"},\"image\":{\"@id\":\"https:\/\/www.padreeustaquio.com.br\/#\/schema\/logo\/image\/\"},\"sameAs\":[\"https:\/\/www.facebook.com\/beatopadreeustaquio\/\",\"https:\/\/x.com\/beatopeustaquio\",\"https:\/\/www.instagram.com\/beatopadreeustaquio\/\",\"https:\/\/www.youtube.com\/channel\/UCRhw7vfabnajwLxb1ZXMeIw\"]},{\"@type\":\"Person\",\"@id\":\"https:\/\/www.padreeustaquio.com.br\/#\/schema\/person\/a2a51db1d00f1a7af0204a0f1ddb1566\",\"name\":\"@sscc\",\"image\":{\"@type\":\"ImageObject\",\"inLanguage\":\"es\",\"@id\":\"https:\/\/secure.gravatar.com\/avatar\/68cfafa5f44617fea54071e215026e0ff06be366c3d54a8425f04fdcb86f8c5f?s=96&d=mm&r=g\",\"url\":\"https:\/\/secure.gravatar.com\/avatar\/68cfafa5f44617fea54071e215026e0ff06be366c3d54a8425f04fdcb86f8c5f?s=96&d=mm&r=g\",\"contentUrl\":\"https:\/\/secure.gravatar.com\/avatar\/68cfafa5f44617fea54071e215026e0ff06be366c3d54a8425f04fdcb86f8c5f?s=96&d=mm&r=g\",\"caption\":\"@sscc\"},\"url\":\"https:\/\/www.padreeustaquio.com.br\/es\/author\/sscc\/\"}]}<\/script>\n<!-- \/ Yoast SEO plugin. -->","yoast_head_json":{"title":"El retiro parroquial re\u00fane a los l\u00edderes para momentos de oraci\u00f3n y reflexi\u00f3n.","description":"El Retiro Parroquial, celebrado el pasado fin de semana, reuni\u00f3 a aproximadamente 40 personas, entre l\u00edderes y miembros de grupos, movimientos y ministerios pastorales del Santuario Arquidiocesano de Salud y Paz.\u00a0","robots":{"index":"index","follow":"follow","max-snippet":"max-snippet:-1","max-image-preview":"max-image-preview:large","max-video-preview":"max-video-preview:-1"},"canonical":"https:\/\/www.padreeustaquio.com.br\/es\/el-retiro-parroquial-reune-a-los-lideres-para-momentos-de-oracion-y-reflexion\/","og_locale":"es_ES","og_type":"article","og_title":"Retiro paroquial re\u00fane lideran\u00e7as para momentos de ora\u00e7\u00e3o e reflex\u00e3o","og_description":"O Retiro Paroquial, realizado nesse final de semana, reuniu cerca de 40 pessoas, entre lideran\u00e7as e membros de grupos, movimentos e pastorais do Santu\u00e1rio Arquidiocesano da Sa\u00fade e da Paz.\u00a0","og_url":"https:\/\/www.padreeustaquio.com.br\/es\/el-retiro-parroquial-reune-a-los-lideres-para-momentos-de-oracion-y-reflexion\/","og_site_name":"Padre Eust\u00e1quio","article_publisher":"https:\/\/www.facebook.com\/beatopadreeustaquio\/","article_published_time":"2023-08-08T09:30:35+00:00","article_modified_time":"2023-08-08T17:21:52+00:00","og_image":[{"width":1024,"height":629,"url":"https:\/\/www.padreeustaquio.com.br\/wp-content\/uploads\/2023\/08\/retiro-paroquial-em-agosto-e1691369192631.jpeg","type":"image\/jpeg"}],"author":"@sscc","twitter_card":"summary_large_image","twitter_creator":"@beatopeustaquio","twitter_site":"@beatopeustaquio","twitter_misc":{"Escrito por":"@sscc","Tiempo de lectura":"2 minutos"},"schema":{"@context":"https:\/\/schema.org","@graph":[{"@type":"Article","@id":"https:\/\/www.padreeustaquio.com.br\/retiro-paroquial-reune-liderancas-para-momentos-de-oracao-e-reflexao\/#article","isPartOf":{"@id":"https:\/\/www.padreeustaquio.com.br\/retiro-paroquial-reune-liderancas-para-momentos-de-oracao-e-reflexao\/"},"author":{"name":"@sscc","@id":"https:\/\/www.padreeustaquio.com.br\/#\/schema\/person\/a2a51db1d00f1a7af0204a0f1ddb1566"},"headline":"Retiro paroquial re\u00fane lideran\u00e7as para momentos de ora\u00e7\u00e3o e reflex\u00e3o","datePublished":"2023-08-08T09:30:35+00:00","dateModified":"2023-08-08T17:21:52+00:00","mainEntityOfPage":{"@id":"https:\/\/www.padreeustaquio.com.br\/retiro-paroquial-reune-liderancas-para-momentos-de-oracao-e-reflexao\/"},"wordCount":185,"commentCount":0,"publisher":{"@id":"https:\/\/www.padreeustaquio.com.br\/#organization"},"image":{"@id":"https:\/\/www.padreeustaquio.com.br\/retiro-paroquial-reune-liderancas-para-momentos-de-oracao-e-reflexao\/#primaryimage"},"thumbnailUrl":"https:\/\/www.padreeustaquio.com.br\/wp-content\/uploads\/2023\/08\/retiro-paroquial-em-agosto-e1691369192631.jpeg","articleSection":["Not\u00edcias"],"inLanguage":"es","potentialAction":[{"@type":"CommentAction","name":"Comment","target":["https:\/\/www.padreeustaquio.com.br\/retiro-paroquial-reune-liderancas-para-momentos-de-oracao-e-reflexao\/#respond"]}]},{"@type":"WebPage","@id":"https:\/\/www.padreeustaquio.com.br\/retiro-paroquial-reune-liderancas-para-momentos-de-oracao-e-reflexao\/","url":"https:\/\/www.padreeustaquio.com.br\/retiro-paroquial-reune-liderancas-para-momentos-de-oracao-e-reflexao\/","name":"El retiro parroquial re\u00fane a los l\u00edderes para momentos de oraci\u00f3n y reflexi\u00f3n.","isPartOf":{"@id":"https:\/\/www.padreeustaquio.com.br\/#website"},"primaryImageOfPage":{"@id":"https:\/\/www.padreeustaquio.com.br\/retiro-paroquial-reune-liderancas-para-momentos-de-oracao-e-reflexao\/#primaryimage"},"image":{"@id":"https:\/\/www.padreeustaquio.com.br\/retiro-paroquial-reune-liderancas-para-momentos-de-oracao-e-reflexao\/#primaryimage"},"thumbnailUrl":"https:\/\/www.padreeustaquio.com.br\/wp-content\/uploads\/2023\/08\/retiro-paroquial-em-agosto-e1691369192631.jpeg","datePublished":"2023-08-08T09:30:35+00:00","dateModified":"2023-08-08T17:21:52+00:00","description":"El Retiro Parroquial, celebrado el pasado fin de semana, reuni\u00f3 a aproximadamente 40 personas, entre l\u00edderes y miembros de grupos, movimientos y ministerios pastorales del Santuario Arquidiocesano de Salud y Paz.\u00a0","breadcrumb":{"@id":"https:\/\/www.padreeustaquio.com.br\/retiro-paroquial-reune-liderancas-para-momentos-de-oracao-e-reflexao\/#breadcrumb"},"inLanguage":"es","potentialAction":[{"@type":"ReadAction","target":["https:\/\/www.padreeustaquio.com.br\/retiro-paroquial-reune-liderancas-para-momentos-de-oracao-e-reflexao\/"]}]},{"@type":"ImageObject","inLanguage":"es","@id":"https:\/\/www.padreeustaquio.com.br\/retiro-paroquial-reune-liderancas-para-momentos-de-oracao-e-reflexao\/#primaryimage","url":"https:\/\/www.padreeustaquio.com.br\/wp-content\/uploads\/2023\/08\/retiro-paroquial-em-agosto-e1691369192631.jpeg","contentUrl":"https:\/\/www.padreeustaquio.com.br\/wp-content\/uploads\/2023\/08\/retiro-paroquial-em-agosto-e1691369192631.jpeg","width":1024,"height":629},{"@type":"BreadcrumbList","@id":"https:\/\/www.padreeustaquio.com.br\/retiro-paroquial-reune-liderancas-para-momentos-de-oracao-e-reflexao\/#breadcrumb","itemListElement":[{"@type":"ListItem","position":1,"name":"In\u00edcio","item":"https:\/\/www.padreeustaquio.com.br\/"},{"@type":"ListItem","position":2,"name":"Retiro paroquial re\u00fane lideran\u00e7as para momentos de ora\u00e7\u00e3o e reflex\u00e3o"}]},{"@type":"WebSite","@id":"https:\/\/www.padreeustaquio.com.br\/#website","url":"https:\/\/www.padreeustaquio.com.br\/","name":"Padre Eustace","description":"Salud y Paz","publisher":{"@id":"https:\/\/www.padreeustaquio.com.br\/#organization"},"potentialAction":[{"@type":"SearchAction","target":{"@type":"EntryPoint","urlTemplate":"https:\/\/www.padreeustaquio.com.br\/?s={search_term_string}"},"query-input":{"@type":"PropertyValueSpecification","valueRequired":true,"valueName":"search_term_string"}}],"inLanguage":"es"},{"@type":"Organization","@id":"https:\/\/www.padreeustaquio.com.br\/#organization","name":"Padre Eustace","url":"https:\/\/www.padreeustaquio.com.br\/","logo":{"@type":"ImageObject","inLanguage":"es","@id":"https:\/\/www.padreeustaquio.com.br\/#\/schema\/logo\/image\/","url":"https:\/\/www.padreeustaquio.com.br\/wp-content\/uploads\/2019\/08\/marca.png","contentUrl":"https:\/\/www.padreeustaquio.com.br\/wp-content\/uploads\/2019\/08\/marca.png","width":350,"height":400,"caption":"Padre Eust\u00e1quio"},"image":{"@id":"https:\/\/www.padreeustaquio.com.br\/#\/schema\/logo\/image\/"},"sameAs":["https:\/\/www.facebook.com\/beatopadreeustaquio\/","https:\/\/x.com\/beatopeustaquio","https:\/\/www.instagram.com\/beatopadreeustaquio\/","https:\/\/www.youtube.com\/channel\/UCRhw7vfabnajwLxb1ZXMeIw"]},{"@type":"Person","@id":"https:\/\/www.padreeustaquio.com.br\/#\/schema\/person\/a2a51db1d00f1a7af0204a0f1ddb1566","name":"@sscc","image":{"@type":"ImageObject","inLanguage":"es","@id":"https:\/\/secure.gravatar.com\/avatar\/68cfafa5f44617fea54071e215026e0ff06be366c3d54a8425f04fdcb86f8c5f?s=96&d=mm&r=g","url":"https:\/\/secure.gravatar.com\/avatar\/68cfafa5f44617fea54071e215026e0ff06be366c3d54a8425f04fdcb86f8c5f?s=96&d=mm&r=g","contentUrl":"https:\/\/secure.gravatar.com\/avatar\/68cfafa5f44617fea54071e215026e0ff06be366c3d54a8425f04fdcb86f8c5f?s=96&d=mm&r=g","caption":"@sscc"},"url":"https:\/\/www.padreeustaquio.com.br\/es\/author\/sscc\/"}]}},"_links":{"self":[{"href":"https:\/\/www.padreeustaquio.com.br\/es\/wp-json\/wp\/v2\/posts\/10779","targetHints":{"allow":["GET"]}}],"collection":[{"href":"https:\/\/www.padreeustaquio.com.br\/es\/wp-json\/wp\/v2\/posts"}],"about":[{"href":"https:\/\/www.padreeustaquio.com.br\/es\/wp-json\/wp\/v2\/types\/post"}],"author":[{"embeddable":true,"href":"https:\/\/www.padreeustaquio.com.br\/es\/wp-json\/wp\/v2\/users\/2"}],"replies":[{"embeddable":true,"href":"https:\/\/www.padreeustaquio.com.br\/es\/wp-json\/wp\/v2\/comments?post=10779"}],"version-history":[{"count":0,"href":"https:\/\/www.padreeustaquio.com.br\/es\/wp-json\/wp\/v2\/posts\/10779\/revisions"}],"wp:featuredmedia":[{"embeddable":true,"href":"https:\/\/www.padreeustaquio.com.br\/es\/wp-json\/wp\/v2\/media\/10780"}],"wp:attachment":[{"href":"https:\/\/www.padreeustaquio.com.br\/es\/wp-json\/wp\/v2\/media?parent=10779"}],"wp:term":[{"taxonomy":"category","embeddable":true,"href":"https:\/\/www.padreeustaquio.com.br\/es\/wp-json\/wp\/v2\/categories?post=10779"},{"taxonomy":"post_tag","embeddable":true,"href":"https:\/\/www.padreeustaquio.com.br\/es\/wp-json\/wp\/v2\/tags?post=10779"}],"curies":[{"name":"wp","href":"https:\/\/api.w.org\/{rel}","templated":true}]}}