{"id":10641,"date":"2023-07-04T06:08:35","date_gmt":"2023-07-04T09:08:35","guid":{"rendered":"https:\/\/www.padreeustaquio.com.br\/?p=10641"},"modified":"2023-07-01T19:32:04","modified_gmt":"2023-07-01T22:32:04","slug":"mas-de-150-jovenes-se-reunen-para-un-retiro-de-confirmacion-con-el-padre-eustaquio-en-nova-lima-mg","status":"publish","type":"post","link":"https:\/\/www.padreeustaquio.com.br\/es\/mas-de-150-jovenes-se-reunen-para-un-retiro-de-confirmacion-con-el-padre-eustaquio-en-nova-lima-mg\/","title":{"rendered":"M\u00e1s de 150 j\u00f3venes se re\u00fanen para el Retiro de Confirmaci\u00f3n Padre Eust\u00e1quio en Macacos-MG."},"content":{"rendered":"<p>El Campamento MPC en Macacos, distrito de Nova Lima, en la regi\u00f3n metropolitana de Belo Horizonte, recibi\u00f3 a 155 j\u00f3venes y adolescentes para el Retiro de Confirmaci\u00f3n de la Parroquia Sagrados Corazones, Iglesia Padre Eust\u00e1quio. Fueron tres d\u00edas de encuentro con amigos, con Dios y consigo mismos.<\/p>\n<p>Los participantes se reunieron el viernes por la noche en el Centro Comunitario de la Iglesia Padre Eust\u00e1quio. Tras recibir el apoyo del equipo organizador, abordaron autobuses rumbo al lugar del retiro. A lo largo de los d\u00edas, charlas, oraciones, momentos de alabanza, juegos y mucha diversi\u00f3n permitieron a los adolescentes y j\u00f3venes vivir momentos incre\u00edbles.<\/p>\n<p>El tema del retiro de este a\u00f1o fue: \u201cAl\u00e9grense conmigo, porque he encontrado mi oveja perdida\u201d (Lucas 15,6). Entre las charlas, los participantes escucharon testimonios y predicaciones sobre el tema y la sinodalidad. El Padre Vin\u00edcius Maciel, SSCC, p\u00e1rroco y rector del Santuario, particip\u00f3 en una de las sesiones de formaci\u00f3n y qued\u00f3 encantado con tantos j\u00f3venes y con la espiritualidad del grupo.<\/p>\n<p>El retiro tambi\u00e9n incluy\u00f3 momentos en la piscina con Alabanza Acu\u00e1tica y, por la noche, alrededor de la fogata. El domingo, al finalizar el encuentro, los j\u00f3venes regresaron a Belo Horizonte, donde participaron en la Santa Misa, dando por concluido el retiro.<\/p>","protected":false},"excerpt":{"rendered":"<p>O Acampamento MPC em Macacos, distrito de Nova Lima, na regi\u00e3o metropolitana de Belo Horizonte, recebeu 155 jovens e adolescentes para o Retiro da Crisma da Par\u00f3quia dos Sagrados Cora\u00e7\u00f5es, Igreja do Padre Eust\u00e1quio. Foram tr\u00eas dias de encontro com os amigos, com Deus e com eles mesmos. Os participantes se reuniram na sexta-feira \u00e0 noite no Centro Comunit\u00e1rio da Igreja Padre Eust\u00e1quio. Depois de animados pela equipe organizadora, eles embarcaram nos \u00f4nibus para o local do retiro. Ao longo dos dias, palestras, ora\u00e7\u00f5es, momentos de louvor, brincadeiras e muita descontra\u00e7\u00e3o fizeram com que os adolescentes e jovens vivenciassem momentos [&hellip;]<\/p>\n","protected":false},"author":2,"featured_media":10642,"comment_status":"open","ping_status":"closed","sticky":false,"template":"","format":"standard","meta":{"_acf_changed":false,"footnotes":""},"categories":[611],"tags":[],"class_list":["post-10641","post","type-post","status-publish","format-standard","has-post-thumbnail","hentry","category-noticias"],"acf":[],"yoast_head":"<!-- This site is optimized with the Yoast SEO plugin v27.2 - https:\/\/yoast.com\/product\/yoast-seo-wordpress\/ -->\n<title>Mais de 150 jovens se re\u00fanem em Retiro da Crisma Padre Eust\u00e1quio em Macacos-MG - Padre Eust\u00e1quio<\/title>\n<meta name=\"robots\" content=\"index, follow, max-snippet:-1, max-image-preview:large, max-video-preview:-1\" \/>\n<link rel=\"canonical\" href=\"https:\/\/www.padreeustaquio.com.br\/es\/mas-de-150-jovenes-se-reunen-para-un-retiro-de-confirmacion-con-el-padre-eustaquio-en-nova-lima-mg\/\" \/>\n<meta property=\"og:locale\" content=\"es_ES\" \/>\n<meta property=\"og:type\" content=\"article\" \/>\n<meta property=\"og:title\" content=\"Mais de 150 jovens se re\u00fanem em Retiro da Crisma Padre Eust\u00e1quio em Macacos-MG - Padre Eust\u00e1quio\" \/>\n<meta property=\"og:description\" content=\"O Acampamento MPC em Macacos, distrito de Nova Lima, na regi\u00e3o metropolitana de Belo Horizonte, recebeu 155 jovens e adolescentes para o Retiro da Crisma da Par\u00f3quia dos Sagrados Cora\u00e7\u00f5es, Igreja do Padre Eust\u00e1quio. Foram tr\u00eas dias de encontro com os amigos, com Deus e com eles mesmos. Os participantes se reuniram na sexta-feira \u00e0 noite no Centro Comunit\u00e1rio da Igreja Padre Eust\u00e1quio. Depois de animados pela equipe organizadora, eles embarcaram nos \u00f4nibus para o local do retiro. Ao longo dos dias, palestras, ora\u00e7\u00f5es, momentos de louvor, brincadeiras e muita descontra\u00e7\u00e3o fizeram com que os adolescentes e jovens vivenciassem momentos [&hellip;]\" \/>\n<meta property=\"og:url\" content=\"https:\/\/www.padreeustaquio.com.br\/es\/mas-de-150-jovenes-se-reunen-para-un-retiro-de-confirmacion-con-el-padre-eustaquio-en-nova-lima-mg\/\" \/>\n<meta property=\"og:site_name\" content=\"Padre Eust\u00e1quio\" \/>\n<meta property=\"article:publisher\" content=\"https:\/\/www.facebook.com\/beatopadreeustaquio\/\" \/>\n<meta property=\"article:published_time\" content=\"2023-07-04T09:08:35+00:00\" \/>\n<meta property=\"og:image\" content=\"https:\/\/www.padreeustaquio.com.br\/wp-content\/uploads\/2023\/07\/retiro-crisma.png\" \/>\n\t<meta property=\"og:image:width\" content=\"305\" \/>\n\t<meta property=\"og:image:height\" content=\"233\" \/>\n\t<meta property=\"og:image:type\" content=\"image\/png\" \/>\n<meta name=\"author\" content=\"@sscc\" \/>\n<meta name=\"twitter:card\" content=\"summary_large_image\" \/>\n<meta name=\"twitter:creator\" content=\"@beatopeustaquio\" \/>\n<meta name=\"twitter:site\" content=\"@beatopeustaquio\" \/>\n<meta name=\"twitter:label1\" content=\"Escrito por\" \/>\n\t<meta name=\"twitter:data1\" content=\"@sscc\" \/>\n\t<meta name=\"twitter:label2\" content=\"Tiempo de lectura\" \/>\n\t<meta name=\"twitter:data2\" content=\"2 minutos\" \/>\n<script type=\"application\/ld+json\" class=\"yoast-schema-graph\">{\"@context\":\"https:\/\/schema.org\",\"@graph\":[{\"@type\":\"Article\",\"@id\":\"https:\/\/www.padreeustaquio.com.br\/mais-de-150-jovens-se-reunem-em-retiro-da-crisma-padre-eustaquio-em-nova-lima-mg\/#article\",\"isPartOf\":{\"@id\":\"https:\/\/www.padreeustaquio.com.br\/mais-de-150-jovens-se-reunem-em-retiro-da-crisma-padre-eustaquio-em-nova-lima-mg\/\"},\"author\":{\"name\":\"@sscc\",\"@id\":\"https:\/\/www.padreeustaquio.com.br\/#\/schema\/person\/a2a51db1d00f1a7af0204a0f1ddb1566\"},\"headline\":\"Mais de 150 jovens se re\u00fanem em Retiro da Crisma Padre Eust\u00e1quio em Macacos-MG\",\"datePublished\":\"2023-07-04T09:08:35+00:00\",\"mainEntityOfPage\":{\"@id\":\"https:\/\/www.padreeustaquio.com.br\/mais-de-150-jovens-se-reunem-em-retiro-da-crisma-padre-eustaquio-em-nova-lima-mg\/\"},\"wordCount\":227,\"commentCount\":0,\"publisher\":{\"@id\":\"https:\/\/www.padreeustaquio.com.br\/#organization\"},\"image\":{\"@id\":\"https:\/\/www.padreeustaquio.com.br\/mais-de-150-jovens-se-reunem-em-retiro-da-crisma-padre-eustaquio-em-nova-lima-mg\/#primaryimage\"},\"thumbnailUrl\":\"https:\/\/www.padreeustaquio.com.br\/wp-content\/uploads\/2023\/07\/retiro-crisma.png\",\"articleSection\":[\"Not\u00edcias\"],\"inLanguage\":\"es\",\"potentialAction\":[{\"@type\":\"CommentAction\",\"name\":\"Comment\",\"target\":[\"https:\/\/www.padreeustaquio.com.br\/mais-de-150-jovens-se-reunem-em-retiro-da-crisma-padre-eustaquio-em-nova-lima-mg\/#respond\"]}]},{\"@type\":\"WebPage\",\"@id\":\"https:\/\/www.padreeustaquio.com.br\/mais-de-150-jovens-se-reunem-em-retiro-da-crisma-padre-eustaquio-em-nova-lima-mg\/\",\"url\":\"https:\/\/www.padreeustaquio.com.br\/mais-de-150-jovens-se-reunem-em-retiro-da-crisma-padre-eustaquio-em-nova-lima-mg\/\",\"name\":\"Mais de 150 jovens se re\u00fanem em Retiro da Crisma Padre Eust\u00e1quio em Macacos-MG - Padre Eust\u00e1quio\",\"isPartOf\":{\"@id\":\"https:\/\/www.padreeustaquio.com.br\/#website\"},\"primaryImageOfPage\":{\"@id\":\"https:\/\/www.padreeustaquio.com.br\/mais-de-150-jovens-se-reunem-em-retiro-da-crisma-padre-eustaquio-em-nova-lima-mg\/#primaryimage\"},\"image\":{\"@id\":\"https:\/\/www.padreeustaquio.com.br\/mais-de-150-jovens-se-reunem-em-retiro-da-crisma-padre-eustaquio-em-nova-lima-mg\/#primaryimage\"},\"thumbnailUrl\":\"https:\/\/www.padreeustaquio.com.br\/wp-content\/uploads\/2023\/07\/retiro-crisma.png\",\"datePublished\":\"2023-07-04T09:08:35+00:00\",\"breadcrumb\":{\"@id\":\"https:\/\/www.padreeustaquio.com.br\/mais-de-150-jovens-se-reunem-em-retiro-da-crisma-padre-eustaquio-em-nova-lima-mg\/#breadcrumb\"},\"inLanguage\":\"es\",\"potentialAction\":[{\"@type\":\"ReadAction\",\"target\":[\"https:\/\/www.padreeustaquio.com.br\/mais-de-150-jovens-se-reunem-em-retiro-da-crisma-padre-eustaquio-em-nova-lima-mg\/\"]}]},{\"@type\":\"ImageObject\",\"inLanguage\":\"es\",\"@id\":\"https:\/\/www.padreeustaquio.com.br\/mais-de-150-jovens-se-reunem-em-retiro-da-crisma-padre-eustaquio-em-nova-lima-mg\/#primaryimage\",\"url\":\"https:\/\/www.padreeustaquio.com.br\/wp-content\/uploads\/2023\/07\/retiro-crisma.png\",\"contentUrl\":\"https:\/\/www.padreeustaquio.com.br\/wp-content\/uploads\/2023\/07\/retiro-crisma.png\",\"width\":305,\"height\":233},{\"@type\":\"BreadcrumbList\",\"@id\":\"https:\/\/www.padreeustaquio.com.br\/mais-de-150-jovens-se-reunem-em-retiro-da-crisma-padre-eustaquio-em-nova-lima-mg\/#breadcrumb\",\"itemListElement\":[{\"@type\":\"ListItem\",\"position\":1,\"name\":\"In\u00edcio\",\"item\":\"https:\/\/www.padreeustaquio.com.br\/\"},{\"@type\":\"ListItem\",\"position\":2,\"name\":\"Mais de 150 jovens se re\u00fanem em Retiro da Crisma Padre Eust\u00e1quio em Macacos-MG\"}]},{\"@type\":\"WebSite\",\"@id\":\"https:\/\/www.padreeustaquio.com.br\/#website\",\"url\":\"https:\/\/www.padreeustaquio.com.br\/\",\"name\":\"Padre Eust\u00e1quio\",\"description\":\"Sa\u00fade e Paz\",\"publisher\":{\"@id\":\"https:\/\/www.padreeustaquio.com.br\/#organization\"},\"potentialAction\":[{\"@type\":\"SearchAction\",\"target\":{\"@type\":\"EntryPoint\",\"urlTemplate\":\"https:\/\/www.padreeustaquio.com.br\/?s={search_term_string}\"},\"query-input\":{\"@type\":\"PropertyValueSpecification\",\"valueRequired\":true,\"valueName\":\"search_term_string\"}}],\"inLanguage\":\"es\"},{\"@type\":\"Organization\",\"@id\":\"https:\/\/www.padreeustaquio.com.br\/#organization\",\"name\":\"Padre Eust\u00e1quio\",\"url\":\"https:\/\/www.padreeustaquio.com.br\/\",\"logo\":{\"@type\":\"ImageObject\",\"inLanguage\":\"es\",\"@id\":\"https:\/\/www.padreeustaquio.com.br\/#\/schema\/logo\/image\/\",\"url\":\"https:\/\/www.padreeustaquio.com.br\/wp-content\/uploads\/2019\/08\/marca.png\",\"contentUrl\":\"https:\/\/www.padreeustaquio.com.br\/wp-content\/uploads\/2019\/08\/marca.png\",\"width\":350,\"height\":400,\"caption\":\"Padre Eust\u00e1quio\"},\"image\":{\"@id\":\"https:\/\/www.padreeustaquio.com.br\/#\/schema\/logo\/image\/\"},\"sameAs\":[\"https:\/\/www.facebook.com\/beatopadreeustaquio\/\",\"https:\/\/x.com\/beatopeustaquio\",\"https:\/\/www.instagram.com\/beatopadreeustaquio\/\",\"https:\/\/www.youtube.com\/channel\/UCRhw7vfabnajwLxb1ZXMeIw\"]},{\"@type\":\"Person\",\"@id\":\"https:\/\/www.padreeustaquio.com.br\/#\/schema\/person\/a2a51db1d00f1a7af0204a0f1ddb1566\",\"name\":\"@sscc\",\"image\":{\"@type\":\"ImageObject\",\"inLanguage\":\"es\",\"@id\":\"https:\/\/secure.gravatar.com\/avatar\/68cfafa5f44617fea54071e215026e0ff06be366c3d54a8425f04fdcb86f8c5f?s=96&d=mm&r=g\",\"url\":\"https:\/\/secure.gravatar.com\/avatar\/68cfafa5f44617fea54071e215026e0ff06be366c3d54a8425f04fdcb86f8c5f?s=96&d=mm&r=g\",\"contentUrl\":\"https:\/\/secure.gravatar.com\/avatar\/68cfafa5f44617fea54071e215026e0ff06be366c3d54a8425f04fdcb86f8c5f?s=96&d=mm&r=g\",\"caption\":\"@sscc\"},\"url\":\"https:\/\/www.padreeustaquio.com.br\/es\/author\/sscc\/\"}]}<\/script>\n<!-- \/ Yoast SEO plugin. -->","yoast_head_json":{"title":"M\u00e1s de 150 j\u00f3venes se re\u00fanen para el Retiro de Confirmaci\u00f3n del Padre Eust\u00e1quio en Macacos-MG - Padre Eust\u00e1quio","robots":{"index":"index","follow":"follow","max-snippet":"max-snippet:-1","max-image-preview":"max-image-preview:large","max-video-preview":"max-video-preview:-1"},"canonical":"https:\/\/www.padreeustaquio.com.br\/es\/mas-de-150-jovenes-se-reunen-para-un-retiro-de-confirmacion-con-el-padre-eustaquio-en-nova-lima-mg\/","og_locale":"es_ES","og_type":"article","og_title":"Mais de 150 jovens se re\u00fanem em Retiro da Crisma Padre Eust\u00e1quio em Macacos-MG - Padre Eust\u00e1quio","og_description":"O Acampamento MPC em Macacos, distrito de Nova Lima, na regi\u00e3o metropolitana de Belo Horizonte, recebeu 155 jovens e adolescentes para o Retiro da Crisma da Par\u00f3quia dos Sagrados Cora\u00e7\u00f5es, Igreja do Padre Eust\u00e1quio. Foram tr\u00eas dias de encontro com os amigos, com Deus e com eles mesmos. Os participantes se reuniram na sexta-feira \u00e0 noite no Centro Comunit\u00e1rio da Igreja Padre Eust\u00e1quio. Depois de animados pela equipe organizadora, eles embarcaram nos \u00f4nibus para o local do retiro. Ao longo dos dias, palestras, ora\u00e7\u00f5es, momentos de louvor, brincadeiras e muita descontra\u00e7\u00e3o fizeram com que os adolescentes e jovens vivenciassem momentos [&hellip;]","og_url":"https:\/\/www.padreeustaquio.com.br\/es\/mas-de-150-jovenes-se-reunen-para-un-retiro-de-confirmacion-con-el-padre-eustaquio-en-nova-lima-mg\/","og_site_name":"Padre Eust\u00e1quio","article_publisher":"https:\/\/www.facebook.com\/beatopadreeustaquio\/","article_published_time":"2023-07-04T09:08:35+00:00","og_image":[{"width":305,"height":233,"url":"https:\/\/www.padreeustaquio.com.br\/wp-content\/uploads\/2023\/07\/retiro-crisma.png","type":"image\/png"}],"author":"@sscc","twitter_card":"summary_large_image","twitter_creator":"@beatopeustaquio","twitter_site":"@beatopeustaquio","twitter_misc":{"Escrito por":"@sscc","Tiempo de lectura":"2 minutos"},"schema":{"@context":"https:\/\/schema.org","@graph":[{"@type":"Article","@id":"https:\/\/www.padreeustaquio.com.br\/mais-de-150-jovens-se-reunem-em-retiro-da-crisma-padre-eustaquio-em-nova-lima-mg\/#article","isPartOf":{"@id":"https:\/\/www.padreeustaquio.com.br\/mais-de-150-jovens-se-reunem-em-retiro-da-crisma-padre-eustaquio-em-nova-lima-mg\/"},"author":{"name":"@sscc","@id":"https:\/\/www.padreeustaquio.com.br\/#\/schema\/person\/a2a51db1d00f1a7af0204a0f1ddb1566"},"headline":"Mais de 150 jovens se re\u00fanem em Retiro da Crisma Padre Eust\u00e1quio em Macacos-MG","datePublished":"2023-07-04T09:08:35+00:00","mainEntityOfPage":{"@id":"https:\/\/www.padreeustaquio.com.br\/mais-de-150-jovens-se-reunem-em-retiro-da-crisma-padre-eustaquio-em-nova-lima-mg\/"},"wordCount":227,"commentCount":0,"publisher":{"@id":"https:\/\/www.padreeustaquio.com.br\/#organization"},"image":{"@id":"https:\/\/www.padreeustaquio.com.br\/mais-de-150-jovens-se-reunem-em-retiro-da-crisma-padre-eustaquio-em-nova-lima-mg\/#primaryimage"},"thumbnailUrl":"https:\/\/www.padreeustaquio.com.br\/wp-content\/uploads\/2023\/07\/retiro-crisma.png","articleSection":["Not\u00edcias"],"inLanguage":"es","potentialAction":[{"@type":"CommentAction","name":"Comment","target":["https:\/\/www.padreeustaquio.com.br\/mais-de-150-jovens-se-reunem-em-retiro-da-crisma-padre-eustaquio-em-nova-lima-mg\/#respond"]}]},{"@type":"WebPage","@id":"https:\/\/www.padreeustaquio.com.br\/mais-de-150-jovens-se-reunem-em-retiro-da-crisma-padre-eustaquio-em-nova-lima-mg\/","url":"https:\/\/www.padreeustaquio.com.br\/mais-de-150-jovens-se-reunem-em-retiro-da-crisma-padre-eustaquio-em-nova-lima-mg\/","name":"M\u00e1s de 150 j\u00f3venes se re\u00fanen para el Retiro de Confirmaci\u00f3n del Padre Eust\u00e1quio en Macacos-MG - Padre Eust\u00e1quio","isPartOf":{"@id":"https:\/\/www.padreeustaquio.com.br\/#website"},"primaryImageOfPage":{"@id":"https:\/\/www.padreeustaquio.com.br\/mais-de-150-jovens-se-reunem-em-retiro-da-crisma-padre-eustaquio-em-nova-lima-mg\/#primaryimage"},"image":{"@id":"https:\/\/www.padreeustaquio.com.br\/mais-de-150-jovens-se-reunem-em-retiro-da-crisma-padre-eustaquio-em-nova-lima-mg\/#primaryimage"},"thumbnailUrl":"https:\/\/www.padreeustaquio.com.br\/wp-content\/uploads\/2023\/07\/retiro-crisma.png","datePublished":"2023-07-04T09:08:35+00:00","breadcrumb":{"@id":"https:\/\/www.padreeustaquio.com.br\/mais-de-150-jovens-se-reunem-em-retiro-da-crisma-padre-eustaquio-em-nova-lima-mg\/#breadcrumb"},"inLanguage":"es","potentialAction":[{"@type":"ReadAction","target":["https:\/\/www.padreeustaquio.com.br\/mais-de-150-jovens-se-reunem-em-retiro-da-crisma-padre-eustaquio-em-nova-lima-mg\/"]}]},{"@type":"ImageObject","inLanguage":"es","@id":"https:\/\/www.padreeustaquio.com.br\/mais-de-150-jovens-se-reunem-em-retiro-da-crisma-padre-eustaquio-em-nova-lima-mg\/#primaryimage","url":"https:\/\/www.padreeustaquio.com.br\/wp-content\/uploads\/2023\/07\/retiro-crisma.png","contentUrl":"https:\/\/www.padreeustaquio.com.br\/wp-content\/uploads\/2023\/07\/retiro-crisma.png","width":305,"height":233},{"@type":"BreadcrumbList","@id":"https:\/\/www.padreeustaquio.com.br\/mais-de-150-jovens-se-reunem-em-retiro-da-crisma-padre-eustaquio-em-nova-lima-mg\/#breadcrumb","itemListElement":[{"@type":"ListItem","position":1,"name":"In\u00edcio","item":"https:\/\/www.padreeustaquio.com.br\/"},{"@type":"ListItem","position":2,"name":"Mais de 150 jovens se re\u00fanem em Retiro da Crisma Padre Eust\u00e1quio em Macacos-MG"}]},{"@type":"WebSite","@id":"https:\/\/www.padreeustaquio.com.br\/#website","url":"https:\/\/www.padreeustaquio.com.br\/","name":"Padre Eustace","description":"Salud y Paz","publisher":{"@id":"https:\/\/www.padreeustaquio.com.br\/#organization"},"potentialAction":[{"@type":"SearchAction","target":{"@type":"EntryPoint","urlTemplate":"https:\/\/www.padreeustaquio.com.br\/?s={search_term_string}"},"query-input":{"@type":"PropertyValueSpecification","valueRequired":true,"valueName":"search_term_string"}}],"inLanguage":"es"},{"@type":"Organization","@id":"https:\/\/www.padreeustaquio.com.br\/#organization","name":"Padre Eustace","url":"https:\/\/www.padreeustaquio.com.br\/","logo":{"@type":"ImageObject","inLanguage":"es","@id":"https:\/\/www.padreeustaquio.com.br\/#\/schema\/logo\/image\/","url":"https:\/\/www.padreeustaquio.com.br\/wp-content\/uploads\/2019\/08\/marca.png","contentUrl":"https:\/\/www.padreeustaquio.com.br\/wp-content\/uploads\/2019\/08\/marca.png","width":350,"height":400,"caption":"Padre Eust\u00e1quio"},"image":{"@id":"https:\/\/www.padreeustaquio.com.br\/#\/schema\/logo\/image\/"},"sameAs":["https:\/\/www.facebook.com\/beatopadreeustaquio\/","https:\/\/x.com\/beatopeustaquio","https:\/\/www.instagram.com\/beatopadreeustaquio\/","https:\/\/www.youtube.com\/channel\/UCRhw7vfabnajwLxb1ZXMeIw"]},{"@type":"Person","@id":"https:\/\/www.padreeustaquio.com.br\/#\/schema\/person\/a2a51db1d00f1a7af0204a0f1ddb1566","name":"@sscc","image":{"@type":"ImageObject","inLanguage":"es","@id":"https:\/\/secure.gravatar.com\/avatar\/68cfafa5f44617fea54071e215026e0ff06be366c3d54a8425f04fdcb86f8c5f?s=96&d=mm&r=g","url":"https:\/\/secure.gravatar.com\/avatar\/68cfafa5f44617fea54071e215026e0ff06be366c3d54a8425f04fdcb86f8c5f?s=96&d=mm&r=g","contentUrl":"https:\/\/secure.gravatar.com\/avatar\/68cfafa5f44617fea54071e215026e0ff06be366c3d54a8425f04fdcb86f8c5f?s=96&d=mm&r=g","caption":"@sscc"},"url":"https:\/\/www.padreeustaquio.com.br\/es\/author\/sscc\/"}]}},"_links":{"self":[{"href":"https:\/\/www.padreeustaquio.com.br\/es\/wp-json\/wp\/v2\/posts\/10641","targetHints":{"allow":["GET"]}}],"collection":[{"href":"https:\/\/www.padreeustaquio.com.br\/es\/wp-json\/wp\/v2\/posts"}],"about":[{"href":"https:\/\/www.padreeustaquio.com.br\/es\/wp-json\/wp\/v2\/types\/post"}],"author":[{"embeddable":true,"href":"https:\/\/www.padreeustaquio.com.br\/es\/wp-json\/wp\/v2\/users\/2"}],"replies":[{"embeddable":true,"href":"https:\/\/www.padreeustaquio.com.br\/es\/wp-json\/wp\/v2\/comments?post=10641"}],"version-history":[{"count":0,"href":"https:\/\/www.padreeustaquio.com.br\/es\/wp-json\/wp\/v2\/posts\/10641\/revisions"}],"wp:featuredmedia":[{"embeddable":true,"href":"https:\/\/www.padreeustaquio.com.br\/es\/wp-json\/wp\/v2\/media\/10642"}],"wp:attachment":[{"href":"https:\/\/www.padreeustaquio.com.br\/es\/wp-json\/wp\/v2\/media?parent=10641"}],"wp:term":[{"taxonomy":"category","embeddable":true,"href":"https:\/\/www.padreeustaquio.com.br\/es\/wp-json\/wp\/v2\/categories?post=10641"},{"taxonomy":"post_tag","embeddable":true,"href":"https:\/\/www.padreeustaquio.com.br\/es\/wp-json\/wp\/v2\/tags?post=10641"}],"curies":[{"name":"wp","href":"https:\/\/api.w.org\/{rel}","templated":true}]}}