{"id":10637,"date":"2023-07-03T06:43:31","date_gmt":"2023-07-03T09:43:31","guid":{"rendered":"https:\/\/www.padreeustaquio.com.br\/?p=10637"},"modified":"2023-07-03T08:47:28","modified_gmt":"2023-07-03T11:47:28","slug":"clases-de-catecismo-de-una-parroquia-de-belo-horizonte-visitan-la-iglesia-del-padre-eustaquio","status":"publish","type":"post","link":"https:\/\/www.padreeustaquio.com.br\/es\/clases-de-catecismo-de-una-parroquia-de-belo-horizonte-visitan-la-iglesia-del-padre-eustaquio\/","title":{"rendered":"Clases de catecismo de una parroquia de Belo Horizonte visitan la Iglesia del Padre Eust\u00e1quio."},"content":{"rendered":"<p>Cinco clases de catecismo de la Parroquia Maria Serva do Senhor, en el barrio de Al\u00edpio de Melo, al noroeste de Belo Horizonte, visitaron el Santuario de la Salud y la Paz, la Iglesia del Beato Padre Eust\u00e1quio, la ma\u00f1ana del pasado s\u00e1bado 1 de julio. Participaron unos 80 ni\u00f1os.<\/p>\n<p>Los estudiantes y catequistas llegaron al Santuario alrededor de las 9:00 a. m. y fueron recibidos por el Hermano Vanildo Lima Sena, SSCC, en el Centro Comunitario. Tras conocer un poco la historia del lugar, los catec\u00famenos visitaron los puntos importantes del templo.<\/p>\n<p>En el Memorial Padre Eust\u00e1quio, donde se encuentra la tumba del sacerdote, los ni\u00f1os aprendieron el significado de cada elemento del lugar: los vitrales, las formas, los contornos y la propia tumba. Adem\u00e1s, aprendieron sobre la historia del beato, cuyo fallecimiento marcar\u00e1 su 80.\u00ba aniversario en agosto.<\/p>\n<p>Adem\u00e1s de estar encantados con la visita, el rector y la comunidad del Santuario agradecen la amistad y las oraciones del Padre Gleicion Adriano Silva, p\u00e1rroco de la Parroquia de Mar\u00eda, Sierva del Se\u00f1or. Que el Beato Padre Eustace interceda por todos ustedes y por sus oraciones.<\/p>","protected":false},"excerpt":{"rendered":"<p>Cinco turmas de catequese da Par\u00f3quia Maria Serva do Senhor, do bairro Al\u00edpio de Melo, regi\u00e3o noroeste de Belo Horizonte, visitaram na manh\u00e3 do \u00faltimo s\u00e1bado (dia 1\u00ba de julho) o Santu\u00e1rio da Sa\u00fade e da Paz, a Igreja do Beato Padre Eust\u00e1quio. Cerca de 80 crian\u00e7as participaram da visita. Alunos e catequistas chegaram ao Santu\u00e1rio por volta das 9h e foram recepcionados pelo Ir. Vanildo Lima Sena, SSCC, no Centro Comunit\u00e1rio. Depois de ouvirem um pouco da hist\u00f3ria do local, os catequizandos passaram pelos pontos importantes do templo. No Memorial do Padre Eust\u00e1quio, onde est\u00e1 o t\u00famulo do religioso, [&hellip;]<\/p>\n","protected":false},"author":2,"featured_media":10638,"comment_status":"open","ping_status":"closed","sticky":false,"template":"","format":"standard","meta":{"_acf_changed":false,"footnotes":""},"categories":[611],"tags":[],"class_list":["post-10637","post","type-post","status-publish","format-standard","has-post-thumbnail","hentry","category-noticias"],"acf":[],"yoast_head":"<!-- This site is optimized with the Yoast SEO plugin v27.2 - https:\/\/yoast.com\/product\/yoast-seo-wordpress\/ -->\n<title>Turmas de Catequese de par\u00f3quia de Belo Horizonte visitam Igreja do Padre Eust\u00e1quio<\/title>\n<meta name=\"description\" content=\"Cinco turmas de catequese da Par\u00f3quia Maria Serva do Senhor, do bairro Al\u00edpio de Melo, regi\u00e3o noroeste de Belo Horizonte, visitaram na manh\u00e3 do \u00faltimo s\u00e1bado (dia 1\u00ba de julho) o Santu\u00e1rio da Sa\u00fade e da Paz, a Igreja do Beato Padre Eust\u00e1quio. Cerca de 80 crian\u00e7as participaram da visita.\" \/>\n<meta name=\"robots\" content=\"index, follow, max-snippet:-1, max-image-preview:large, max-video-preview:-1\" \/>\n<link rel=\"canonical\" href=\"https:\/\/www.padreeustaquio.com.br\/es\/clases-de-catecismo-de-una-parroquia-de-belo-horizonte-visitan-la-iglesia-del-padre-eustaquio\/\" \/>\n<meta property=\"og:locale\" content=\"es_ES\" \/>\n<meta property=\"og:type\" content=\"article\" \/>\n<meta property=\"og:title\" content=\"Turmas de Catequese de par\u00f3quia de Belo Horizonte visitam Igreja do Padre Eust\u00e1quio\" \/>\n<meta property=\"og:description\" content=\"Cinco turmas de catequese da Par\u00f3quia Maria Serva do Senhor, do bairro Al\u00edpio de Melo, regi\u00e3o noroeste de Belo Horizonte, visitaram na manh\u00e3 do \u00faltimo s\u00e1bado (dia 1\u00ba de julho) o Santu\u00e1rio da Sa\u00fade e da Paz, a Igreja do Beato Padre Eust\u00e1quio. Cerca de 80 crian\u00e7as participaram da visita.\" \/>\n<meta property=\"og:url\" content=\"https:\/\/www.padreeustaquio.com.br\/es\/clases-de-catecismo-de-una-parroquia-de-belo-horizonte-visitan-la-iglesia-del-padre-eustaquio\/\" \/>\n<meta property=\"og:site_name\" content=\"Padre Eust\u00e1quio\" \/>\n<meta property=\"article:publisher\" content=\"https:\/\/www.facebook.com\/beatopadreeustaquio\/\" \/>\n<meta property=\"article:published_time\" content=\"2023-07-03T09:43:31+00:00\" \/>\n<meta property=\"article:modified_time\" content=\"2023-07-03T11:47:28+00:00\" \/>\n<meta property=\"og:image\" content=\"https:\/\/www.padreeustaquio.com.br\/wp-content\/uploads\/2023\/07\/visita-maria-serva.jpeg\" \/>\n\t<meta property=\"og:image:width\" content=\"1600\" \/>\n\t<meta property=\"og:image:height\" content=\"901\" \/>\n\t<meta property=\"og:image:type\" content=\"image\/jpeg\" \/>\n<meta name=\"author\" content=\"@sscc\" \/>\n<meta name=\"twitter:card\" content=\"summary_large_image\" \/>\n<meta name=\"twitter:creator\" content=\"@beatopeustaquio\" \/>\n<meta name=\"twitter:site\" content=\"@beatopeustaquio\" \/>\n<meta name=\"twitter:label1\" content=\"Escrito por\" \/>\n\t<meta name=\"twitter:data1\" content=\"@sscc\" \/>\n\t<meta name=\"twitter:label2\" content=\"Tiempo de lectura\" \/>\n\t<meta name=\"twitter:data2\" content=\"1 minuto\" \/>\n<script type=\"application\/ld+json\" class=\"yoast-schema-graph\">{\"@context\":\"https:\/\/schema.org\",\"@graph\":[{\"@type\":\"Article\",\"@id\":\"https:\/\/www.padreeustaquio.com.br\/turmas-de-catequese-de-paroquia-de-belo-horizonte-visita-igreja-do-padre-eustaquio\/#article\",\"isPartOf\":{\"@id\":\"https:\/\/www.padreeustaquio.com.br\/turmas-de-catequese-de-paroquia-de-belo-horizonte-visita-igreja-do-padre-eustaquio\/\"},\"author\":{\"name\":\"@sscc\",\"@id\":\"https:\/\/www.padreeustaquio.com.br\/#\/schema\/person\/a2a51db1d00f1a7af0204a0f1ddb1566\"},\"headline\":\"Turmas de Catequese de par\u00f3quia de Belo Horizonte visitam Igreja do Padre Eust\u00e1quio\",\"datePublished\":\"2023-07-03T09:43:31+00:00\",\"dateModified\":\"2023-07-03T11:47:28+00:00\",\"mainEntityOfPage\":{\"@id\":\"https:\/\/www.padreeustaquio.com.br\/turmas-de-catequese-de-paroquia-de-belo-horizonte-visita-igreja-do-padre-eustaquio\/\"},\"wordCount\":217,\"commentCount\":0,\"publisher\":{\"@id\":\"https:\/\/www.padreeustaquio.com.br\/#organization\"},\"image\":{\"@id\":\"https:\/\/www.padreeustaquio.com.br\/turmas-de-catequese-de-paroquia-de-belo-horizonte-visita-igreja-do-padre-eustaquio\/#primaryimage\"},\"thumbnailUrl\":\"https:\/\/www.padreeustaquio.com.br\/wp-content\/uploads\/2023\/07\/visita-maria-serva.jpeg\",\"articleSection\":[\"Not\u00edcias\"],\"inLanguage\":\"es\",\"potentialAction\":[{\"@type\":\"CommentAction\",\"name\":\"Comment\",\"target\":[\"https:\/\/www.padreeustaquio.com.br\/turmas-de-catequese-de-paroquia-de-belo-horizonte-visita-igreja-do-padre-eustaquio\/#respond\"]}]},{\"@type\":\"WebPage\",\"@id\":\"https:\/\/www.padreeustaquio.com.br\/turmas-de-catequese-de-paroquia-de-belo-horizonte-visita-igreja-do-padre-eustaquio\/\",\"url\":\"https:\/\/www.padreeustaquio.com.br\/turmas-de-catequese-de-paroquia-de-belo-horizonte-visita-igreja-do-padre-eustaquio\/\",\"name\":\"Turmas de Catequese de par\u00f3quia de Belo Horizonte visitam Igreja do Padre Eust\u00e1quio\",\"isPartOf\":{\"@id\":\"https:\/\/www.padreeustaquio.com.br\/#website\"},\"primaryImageOfPage\":{\"@id\":\"https:\/\/www.padreeustaquio.com.br\/turmas-de-catequese-de-paroquia-de-belo-horizonte-visita-igreja-do-padre-eustaquio\/#primaryimage\"},\"image\":{\"@id\":\"https:\/\/www.padreeustaquio.com.br\/turmas-de-catequese-de-paroquia-de-belo-horizonte-visita-igreja-do-padre-eustaquio\/#primaryimage\"},\"thumbnailUrl\":\"https:\/\/www.padreeustaquio.com.br\/wp-content\/uploads\/2023\/07\/visita-maria-serva.jpeg\",\"datePublished\":\"2023-07-03T09:43:31+00:00\",\"dateModified\":\"2023-07-03T11:47:28+00:00\",\"description\":\"Cinco turmas de catequese da Par\u00f3quia Maria Serva do Senhor, do bairro Al\u00edpio de Melo, regi\u00e3o noroeste de Belo Horizonte, visitaram na manh\u00e3 do \u00faltimo s\u00e1bado (dia 1\u00ba de julho) o Santu\u00e1rio da Sa\u00fade e da Paz, a Igreja do Beato Padre Eust\u00e1quio. Cerca de 80 crian\u00e7as participaram da visita.\",\"breadcrumb\":{\"@id\":\"https:\/\/www.padreeustaquio.com.br\/turmas-de-catequese-de-paroquia-de-belo-horizonte-visita-igreja-do-padre-eustaquio\/#breadcrumb\"},\"inLanguage\":\"es\",\"potentialAction\":[{\"@type\":\"ReadAction\",\"target\":[\"https:\/\/www.padreeustaquio.com.br\/turmas-de-catequese-de-paroquia-de-belo-horizonte-visita-igreja-do-padre-eustaquio\/\"]}]},{\"@type\":\"ImageObject\",\"inLanguage\":\"es\",\"@id\":\"https:\/\/www.padreeustaquio.com.br\/turmas-de-catequese-de-paroquia-de-belo-horizonte-visita-igreja-do-padre-eustaquio\/#primaryimage\",\"url\":\"https:\/\/www.padreeustaquio.com.br\/wp-content\/uploads\/2023\/07\/visita-maria-serva.jpeg\",\"contentUrl\":\"https:\/\/www.padreeustaquio.com.br\/wp-content\/uploads\/2023\/07\/visita-maria-serva.jpeg\",\"width\":1600,\"height\":901},{\"@type\":\"BreadcrumbList\",\"@id\":\"https:\/\/www.padreeustaquio.com.br\/turmas-de-catequese-de-paroquia-de-belo-horizonte-visita-igreja-do-padre-eustaquio\/#breadcrumb\",\"itemListElement\":[{\"@type\":\"ListItem\",\"position\":1,\"name\":\"In\u00edcio\",\"item\":\"https:\/\/www.padreeustaquio.com.br\/\"},{\"@type\":\"ListItem\",\"position\":2,\"name\":\"Turmas de Catequese de par\u00f3quia de Belo Horizonte visitam Igreja do Padre Eust\u00e1quio\"}]},{\"@type\":\"WebSite\",\"@id\":\"https:\/\/www.padreeustaquio.com.br\/#website\",\"url\":\"https:\/\/www.padreeustaquio.com.br\/\",\"name\":\"Padre Eust\u00e1quio\",\"description\":\"Sa\u00fade e Paz\",\"publisher\":{\"@id\":\"https:\/\/www.padreeustaquio.com.br\/#organization\"},\"potentialAction\":[{\"@type\":\"SearchAction\",\"target\":{\"@type\":\"EntryPoint\",\"urlTemplate\":\"https:\/\/www.padreeustaquio.com.br\/?s={search_term_string}\"},\"query-input\":{\"@type\":\"PropertyValueSpecification\",\"valueRequired\":true,\"valueName\":\"search_term_string\"}}],\"inLanguage\":\"es\"},{\"@type\":\"Organization\",\"@id\":\"https:\/\/www.padreeustaquio.com.br\/#organization\",\"name\":\"Padre Eust\u00e1quio\",\"url\":\"https:\/\/www.padreeustaquio.com.br\/\",\"logo\":{\"@type\":\"ImageObject\",\"inLanguage\":\"es\",\"@id\":\"https:\/\/www.padreeustaquio.com.br\/#\/schema\/logo\/image\/\",\"url\":\"https:\/\/www.padreeustaquio.com.br\/wp-content\/uploads\/2019\/08\/marca.png\",\"contentUrl\":\"https:\/\/www.padreeustaquio.com.br\/wp-content\/uploads\/2019\/08\/marca.png\",\"width\":350,\"height\":400,\"caption\":\"Padre Eust\u00e1quio\"},\"image\":{\"@id\":\"https:\/\/www.padreeustaquio.com.br\/#\/schema\/logo\/image\/\"},\"sameAs\":[\"https:\/\/www.facebook.com\/beatopadreeustaquio\/\",\"https:\/\/x.com\/beatopeustaquio\",\"https:\/\/www.instagram.com\/beatopadreeustaquio\/\",\"https:\/\/www.youtube.com\/channel\/UCRhw7vfabnajwLxb1ZXMeIw\"]},{\"@type\":\"Person\",\"@id\":\"https:\/\/www.padreeustaquio.com.br\/#\/schema\/person\/a2a51db1d00f1a7af0204a0f1ddb1566\",\"name\":\"@sscc\",\"image\":{\"@type\":\"ImageObject\",\"inLanguage\":\"es\",\"@id\":\"https:\/\/secure.gravatar.com\/avatar\/68cfafa5f44617fea54071e215026e0ff06be366c3d54a8425f04fdcb86f8c5f?s=96&d=mm&r=g\",\"url\":\"https:\/\/secure.gravatar.com\/avatar\/68cfafa5f44617fea54071e215026e0ff06be366c3d54a8425f04fdcb86f8c5f?s=96&d=mm&r=g\",\"contentUrl\":\"https:\/\/secure.gravatar.com\/avatar\/68cfafa5f44617fea54071e215026e0ff06be366c3d54a8425f04fdcb86f8c5f?s=96&d=mm&r=g\",\"caption\":\"@sscc\"},\"url\":\"https:\/\/www.padreeustaquio.com.br\/es\/author\/sscc\/\"}]}<\/script>\n<!-- \/ Yoast SEO plugin. -->","yoast_head_json":{"title":"Clases de catecismo de una parroquia de Belo Horizonte visitan la Iglesia del Padre Eust\u00e1quio.","description":"Cinco clases de catecismo de la Parroquia Maria Serva do Senhor, en el barrio de Al\u00edpio de Melo, al noroeste de Belo Horizonte, visitaron el Santuario de la Salud y la Paz, la Iglesia del Beato Padre Eust\u00e1quio, la ma\u00f1ana del pasado s\u00e1bado 1 de julio. Participaron unos 80 ni\u00f1os.","robots":{"index":"index","follow":"follow","max-snippet":"max-snippet:-1","max-image-preview":"max-image-preview:large","max-video-preview":"max-video-preview:-1"},"canonical":"https:\/\/www.padreeustaquio.com.br\/es\/clases-de-catecismo-de-una-parroquia-de-belo-horizonte-visitan-la-iglesia-del-padre-eustaquio\/","og_locale":"es_ES","og_type":"article","og_title":"Turmas de Catequese de par\u00f3quia de Belo Horizonte visitam Igreja do Padre Eust\u00e1quio","og_description":"Cinco turmas de catequese da Par\u00f3quia Maria Serva do Senhor, do bairro Al\u00edpio de Melo, regi\u00e3o noroeste de Belo Horizonte, visitaram na manh\u00e3 do \u00faltimo s\u00e1bado (dia 1\u00ba de julho) o Santu\u00e1rio da Sa\u00fade e da Paz, a Igreja do Beato Padre Eust\u00e1quio. Cerca de 80 crian\u00e7as participaram da visita.","og_url":"https:\/\/www.padreeustaquio.com.br\/es\/clases-de-catecismo-de-una-parroquia-de-belo-horizonte-visitan-la-iglesia-del-padre-eustaquio\/","og_site_name":"Padre Eust\u00e1quio","article_publisher":"https:\/\/www.facebook.com\/beatopadreeustaquio\/","article_published_time":"2023-07-03T09:43:31+00:00","article_modified_time":"2023-07-03T11:47:28+00:00","og_image":[{"width":1600,"height":901,"url":"https:\/\/www.padreeustaquio.com.br\/wp-content\/uploads\/2023\/07\/visita-maria-serva.jpeg","type":"image\/jpeg"}],"author":"@sscc","twitter_card":"summary_large_image","twitter_creator":"@beatopeustaquio","twitter_site":"@beatopeustaquio","twitter_misc":{"Escrito por":"@sscc","Tiempo de lectura":"1 minuto"},"schema":{"@context":"https:\/\/schema.org","@graph":[{"@type":"Article","@id":"https:\/\/www.padreeustaquio.com.br\/turmas-de-catequese-de-paroquia-de-belo-horizonte-visita-igreja-do-padre-eustaquio\/#article","isPartOf":{"@id":"https:\/\/www.padreeustaquio.com.br\/turmas-de-catequese-de-paroquia-de-belo-horizonte-visita-igreja-do-padre-eustaquio\/"},"author":{"name":"@sscc","@id":"https:\/\/www.padreeustaquio.com.br\/#\/schema\/person\/a2a51db1d00f1a7af0204a0f1ddb1566"},"headline":"Turmas de Catequese de par\u00f3quia de Belo Horizonte visitam Igreja do Padre Eust\u00e1quio","datePublished":"2023-07-03T09:43:31+00:00","dateModified":"2023-07-03T11:47:28+00:00","mainEntityOfPage":{"@id":"https:\/\/www.padreeustaquio.com.br\/turmas-de-catequese-de-paroquia-de-belo-horizonte-visita-igreja-do-padre-eustaquio\/"},"wordCount":217,"commentCount":0,"publisher":{"@id":"https:\/\/www.padreeustaquio.com.br\/#organization"},"image":{"@id":"https:\/\/www.padreeustaquio.com.br\/turmas-de-catequese-de-paroquia-de-belo-horizonte-visita-igreja-do-padre-eustaquio\/#primaryimage"},"thumbnailUrl":"https:\/\/www.padreeustaquio.com.br\/wp-content\/uploads\/2023\/07\/visita-maria-serva.jpeg","articleSection":["Not\u00edcias"],"inLanguage":"es","potentialAction":[{"@type":"CommentAction","name":"Comment","target":["https:\/\/www.padreeustaquio.com.br\/turmas-de-catequese-de-paroquia-de-belo-horizonte-visita-igreja-do-padre-eustaquio\/#respond"]}]},{"@type":"WebPage","@id":"https:\/\/www.padreeustaquio.com.br\/turmas-de-catequese-de-paroquia-de-belo-horizonte-visita-igreja-do-padre-eustaquio\/","url":"https:\/\/www.padreeustaquio.com.br\/turmas-de-catequese-de-paroquia-de-belo-horizonte-visita-igreja-do-padre-eustaquio\/","name":"Clases de catecismo de una parroquia de Belo Horizonte visitan la Iglesia del Padre Eust\u00e1quio.","isPartOf":{"@id":"https:\/\/www.padreeustaquio.com.br\/#website"},"primaryImageOfPage":{"@id":"https:\/\/www.padreeustaquio.com.br\/turmas-de-catequese-de-paroquia-de-belo-horizonte-visita-igreja-do-padre-eustaquio\/#primaryimage"},"image":{"@id":"https:\/\/www.padreeustaquio.com.br\/turmas-de-catequese-de-paroquia-de-belo-horizonte-visita-igreja-do-padre-eustaquio\/#primaryimage"},"thumbnailUrl":"https:\/\/www.padreeustaquio.com.br\/wp-content\/uploads\/2023\/07\/visita-maria-serva.jpeg","datePublished":"2023-07-03T09:43:31+00:00","dateModified":"2023-07-03T11:47:28+00:00","description":"Cinco clases de catecismo de la Parroquia Maria Serva do Senhor, en el barrio de Al\u00edpio de Melo, al noroeste de Belo Horizonte, visitaron el Santuario de la Salud y la Paz, la Iglesia del Beato Padre Eust\u00e1quio, la ma\u00f1ana del pasado s\u00e1bado 1 de julio. Participaron unos 80 ni\u00f1os.","breadcrumb":{"@id":"https:\/\/www.padreeustaquio.com.br\/turmas-de-catequese-de-paroquia-de-belo-horizonte-visita-igreja-do-padre-eustaquio\/#breadcrumb"},"inLanguage":"es","potentialAction":[{"@type":"ReadAction","target":["https:\/\/www.padreeustaquio.com.br\/turmas-de-catequese-de-paroquia-de-belo-horizonte-visita-igreja-do-padre-eustaquio\/"]}]},{"@type":"ImageObject","inLanguage":"es","@id":"https:\/\/www.padreeustaquio.com.br\/turmas-de-catequese-de-paroquia-de-belo-horizonte-visita-igreja-do-padre-eustaquio\/#primaryimage","url":"https:\/\/www.padreeustaquio.com.br\/wp-content\/uploads\/2023\/07\/visita-maria-serva.jpeg","contentUrl":"https:\/\/www.padreeustaquio.com.br\/wp-content\/uploads\/2023\/07\/visita-maria-serva.jpeg","width":1600,"height":901},{"@type":"BreadcrumbList","@id":"https:\/\/www.padreeustaquio.com.br\/turmas-de-catequese-de-paroquia-de-belo-horizonte-visita-igreja-do-padre-eustaquio\/#breadcrumb","itemListElement":[{"@type":"ListItem","position":1,"name":"In\u00edcio","item":"https:\/\/www.padreeustaquio.com.br\/"},{"@type":"ListItem","position":2,"name":"Turmas de Catequese de par\u00f3quia de Belo Horizonte visitam Igreja do Padre Eust\u00e1quio"}]},{"@type":"WebSite","@id":"https:\/\/www.padreeustaquio.com.br\/#website","url":"https:\/\/www.padreeustaquio.com.br\/","name":"Padre Eustace","description":"Salud y Paz","publisher":{"@id":"https:\/\/www.padreeustaquio.com.br\/#organization"},"potentialAction":[{"@type":"SearchAction","target":{"@type":"EntryPoint","urlTemplate":"https:\/\/www.padreeustaquio.com.br\/?s={search_term_string}"},"query-input":{"@type":"PropertyValueSpecification","valueRequired":true,"valueName":"search_term_string"}}],"inLanguage":"es"},{"@type":"Organization","@id":"https:\/\/www.padreeustaquio.com.br\/#organization","name":"Padre Eustace","url":"https:\/\/www.padreeustaquio.com.br\/","logo":{"@type":"ImageObject","inLanguage":"es","@id":"https:\/\/www.padreeustaquio.com.br\/#\/schema\/logo\/image\/","url":"https:\/\/www.padreeustaquio.com.br\/wp-content\/uploads\/2019\/08\/marca.png","contentUrl":"https:\/\/www.padreeustaquio.com.br\/wp-content\/uploads\/2019\/08\/marca.png","width":350,"height":400,"caption":"Padre Eust\u00e1quio"},"image":{"@id":"https:\/\/www.padreeustaquio.com.br\/#\/schema\/logo\/image\/"},"sameAs":["https:\/\/www.facebook.com\/beatopadreeustaquio\/","https:\/\/x.com\/beatopeustaquio","https:\/\/www.instagram.com\/beatopadreeustaquio\/","https:\/\/www.youtube.com\/channel\/UCRhw7vfabnajwLxb1ZXMeIw"]},{"@type":"Person","@id":"https:\/\/www.padreeustaquio.com.br\/#\/schema\/person\/a2a51db1d00f1a7af0204a0f1ddb1566","name":"@sscc","image":{"@type":"ImageObject","inLanguage":"es","@id":"https:\/\/secure.gravatar.com\/avatar\/68cfafa5f44617fea54071e215026e0ff06be366c3d54a8425f04fdcb86f8c5f?s=96&d=mm&r=g","url":"https:\/\/secure.gravatar.com\/avatar\/68cfafa5f44617fea54071e215026e0ff06be366c3d54a8425f04fdcb86f8c5f?s=96&d=mm&r=g","contentUrl":"https:\/\/secure.gravatar.com\/avatar\/68cfafa5f44617fea54071e215026e0ff06be366c3d54a8425f04fdcb86f8c5f?s=96&d=mm&r=g","caption":"@sscc"},"url":"https:\/\/www.padreeustaquio.com.br\/es\/author\/sscc\/"}]}},"_links":{"self":[{"href":"https:\/\/www.padreeustaquio.com.br\/es\/wp-json\/wp\/v2\/posts\/10637","targetHints":{"allow":["GET"]}}],"collection":[{"href":"https:\/\/www.padreeustaquio.com.br\/es\/wp-json\/wp\/v2\/posts"}],"about":[{"href":"https:\/\/www.padreeustaquio.com.br\/es\/wp-json\/wp\/v2\/types\/post"}],"author":[{"embeddable":true,"href":"https:\/\/www.padreeustaquio.com.br\/es\/wp-json\/wp\/v2\/users\/2"}],"replies":[{"embeddable":true,"href":"https:\/\/www.padreeustaquio.com.br\/es\/wp-json\/wp\/v2\/comments?post=10637"}],"version-history":[{"count":0,"href":"https:\/\/www.padreeustaquio.com.br\/es\/wp-json\/wp\/v2\/posts\/10637\/revisions"}],"wp:featuredmedia":[{"embeddable":true,"href":"https:\/\/www.padreeustaquio.com.br\/es\/wp-json\/wp\/v2\/media\/10638"}],"wp:attachment":[{"href":"https:\/\/www.padreeustaquio.com.br\/es\/wp-json\/wp\/v2\/media?parent=10637"}],"wp:term":[{"taxonomy":"category","embeddable":true,"href":"https:\/\/www.padreeustaquio.com.br\/es\/wp-json\/wp\/v2\/categories?post=10637"},{"taxonomy":"post_tag","embeddable":true,"href":"https:\/\/www.padreeustaquio.com.br\/es\/wp-json\/wp\/v2\/tags?post=10637"}],"curies":[{"name":"wp","href":"https:\/\/api.w.org\/{rel}","templated":true}]}}