{"id":10618,"date":"2023-06-30T06:08:50","date_gmt":"2023-06-30T09:08:50","guid":{"rendered":"https:\/\/www.padreeustaquio.com.br\/?p=10618"},"modified":"2023-06-27T10:35:53","modified_gmt":"2023-06-27T13:35:53","slug":"un-espectaculo-de-cantores-de-dios-abrira-las-celebraciones-del-80-aniversario-de-la-fiesta-del-padre-eustaquio","status":"publish","type":"post","link":"https:\/\/www.padreeustaquio.com.br\/es\/un-espectaculo-de-cantores-de-dios-abrira-las-celebraciones-del-80-aniversario-de-la-fiesta-del-padre-eustaquio\/","title":{"rendered":"Un concierto de los &quot;Cantores de Deus&quot; dar\u00e1 inicio a las celebraciones del 80 aniversario del Festival Padre Eust\u00e1quio."},"content":{"rendered":"<p>La inauguraci\u00f3n oficial del Festival del Beato Padre Eustaquio 2023 est\u00e1 prevista para el 19 de agosto. Con el tema: 80 A\u00f1os de Salud y Paz, las celebraciones comienzan con un concierto del grupo Cantores de Deus.<\/p>\n<p>La presentaci\u00f3n est\u00e1 programada para las 19:00 h en la Iglesia del Beato Padre Eust\u00e1quio. Los feligreses y devotos del beato, que este a\u00f1o conmemoran el 80.\u00ba aniversario de su fallecimiento, est\u00e1n invitados a asistir sin costo de entrada.<\/p>\n<p>Los organizadores del evento est\u00e1n evaluando c\u00f3mo se controlar\u00e1 la entrada y pronto tendremos m\u00e1s informaci\u00f3n.<\/p>\n<p><strong>Los Cantantes de Dios<\/p>\n<p><\/strong>El grupo Cantores de Deus naci\u00f3 en 1997 del coraz\u00f3n del Padre Zezinho, scj, quien deseaba ser acompa\u00f1ado en sus espect\u00e1culos, viajes y misiones por cantantes comprometidos con la fe cat\u00f3lica. Inicialmente estaba formada por Luan, Vanessa, Suely Ferreira, Dalva Ten\u00f3rio y Karla Fioravante. Con esta formaci\u00f3n grabaron los CD \u201cEm verso e em can\u00e7\u00e3o\u201d (1997), \u201cEn verso y en Canci\u00f3n\u201d (1998), \u201cIguais\u201d (2000) y \u201cDe olho no mundo\u201d (2002). En 2003, Luan y Vanessa se mudaron a Estados Unidos, dejando la misi\u00f3n. Ese mismo a\u00f1o, Cantores de Deus dio la bienvenida a Robson Jr., y en 2004, con la salida de Suely, se incorpor\u00f3 Andr\u00e9ia Zanardi. Con la nueva formaci\u00f3n grabaron el CD \u201cNas ruas do pa\u00eds\u201d (2004).<\/p>\n<p>Entre 2000 y 2002, el grupo present\u00f3 el programa de televisi\u00f3n &quot;Palavras que n\u00e3o passam&quot; (Palabras que no pasan), transmitido por la Rede Vida Televisi\u00f3n, junto al Padre Zezinho, scj. Poco despu\u00e9s, obtuvieron su propio programa, &quot;Universo em Can\u00e7\u00e3o&quot;, transmitido tambi\u00e9n por la Rede Vida, hasta 2004.<\/p>\n<p>Con el lanzamiento del CD &quot;Nas ruas do pa\u00eds&quot; (En las calles del pa\u00eds) en la nueva formaci\u00f3n, ahora con Karla Fioravante, Dalva Ten\u00f3rio, Andr\u00e9ia Zanardi y Robson Jr., recibieron un doble disco de oro de su sello discogr\u00e1fico, Paulinas Comep, por las ventas de los CD: &quot;Em verso e em can\u00e7\u00e3o&quot; (En verso y en canci\u00f3n) e &quot;Iguais&quot; (Iguales). En diciembre de 2006, Robson Jr. falleci\u00f3, y luego, a pesar de tantos cambios, el grupo Cantores de Deus decidi\u00f3 continuar. En 2007, para celebrar 10 a\u00f1os de evangelizaci\u00f3n, se lanz\u00f3 el CD &quot;Nossa Hist\u00f3ria&quot; (Nuestra Historia), con la participaci\u00f3n de antiguos miembros y regrabaciones de canciones del primer CD con un nuevo arreglo.<\/p>\n<p>Tambi\u00e9n en 2007, particip\u00f3 en la visita del Papa Benedicto XVI a Brasil, as\u00ed como en la misa de canonizaci\u00f3n de Frei Galv\u00e3o. En 2011, tuvo el honor de participar en la Jornada Mundial de la Juventud en Madrid con el Papa Benedicto XVI y, en 2013, en R\u00edo de Janeiro, con el Papa Francisco.<\/p>\n<p>En agosto de 2009, lanzaron el CD &quot;Mulheres&quot;, su s\u00e9ptimo \u00e1lbum, que refleja la nueva etapa del grupo con sus tres integrantes: Karla, Dalva y Andr\u00e9ia. En diciembre de 2011, se lanz\u00f3 el DVD &quot;Mulheres ao vivo&quot;, consolidando esta nueva identidad, y a principios de 2012, el CD &quot;Mulheres ao vivo&quot;. El DVD &quot;Mulheres&quot; incluye una selecci\u00f3n de canciones que marcaron sus 15 a\u00f1os de evangelizaci\u00f3n, adem\u00e1s de dos canciones nuevas.<\/p>\n<p>Entre los que participaron de este momento se encontraban amigos de la m\u00fasica cat\u00f3lica: el P. Zezinho, scj, Ziza Fernandes, Suely Fa\u00e7anha, Walmir Alencar, Eliana Ribeiro y Oswaldinho do Acordeon.<\/p>\n<p>Adem\u00e1s de tres premios al mejor grupo vocal cat\u00f3lico en el &quot;Trof\u00e9u Louvemos o Senhor&quot; de TV S\u00e9culo 21, en 2012 el grupo Cantores de Deus recibi\u00f3 el trofeo al mejor DVD de 2011 y tambi\u00e9n una nominaci\u00f3n al &quot;Latin Grammy&quot; al mejor \u00e1lbum cristiano, con el CD Mulheres ao vivo.<\/p>\n<p>Con una s\u00f3lida trayectoria en la m\u00fasica cat\u00f3lica, en 2015 lanz\u00f3 el CD original titulado &quot;Mujeres en Foco, Fuerza y Fe&quot;, que traduce, en canciones, la fuerza y la belleza de las mujeres que tienen fe y que, a pesar de las dificultades, se sostienen en el amor de Dios. En 2019, Andr\u00e9ia Zanardi, Karla Fioravante y Dalva Ten\u00f3rio lanzaron el EP &quot;Mujeres de Fe en la Fe&quot;, con canciones que invitan a reflexionar sobre el sentido de la vida, sobre amar y sentirse amado, sobre consolar el dolor de los seres queridos. No son una &quot;cura milagrosa&quot;, sino un consuelo para las heridas del coraz\u00f3n.<\/p>\n<p>El grupo Cantores de Deus sigue marcando la historia y se mantiene firme en su deseo de transformar corazones mediante la m\u00fasica evangelizadora. \u00a1Que este canto de fe, amor y esperanza llegue a m\u00e1s y m\u00e1s vidas cada d\u00eda!<\/p>","protected":false},"excerpt":{"rendered":"<p>Est\u00e1 marcada para o dia 19 de agosto a abertura oficial da Festa do Beato Padre Eust\u00e1quio 2023. Com o tema: 80 anos de Sa\u00fade e Paz, as comemora\u00e7\u00f5es come\u00e7am com um show com o grupo Cantores de Deus. A apresenta\u00e7\u00e3o est\u00e1 prevista para acontecer na Igreja do Beato Padre Eust\u00e1quio, \u00e0s 19h. Paroquianos e devotos do beato, que este ano relembram 80 anos de morte do bem-aventurado, est\u00e3o convidados a assistirem a apresenta\u00e7\u00e3o sem precisar pagar por ingresso. A organiza\u00e7\u00e3o do evento est\u00e1 avaliando como ser\u00e1 o controle de entrada e em breve teremos mais informa\u00e7\u00f5es. Os Cantores de [&hellip;]<\/p>\n","protected":false},"author":2,"featured_media":10619,"comment_status":"open","ping_status":"closed","sticky":false,"template":"","format":"standard","meta":{"_acf_changed":false,"footnotes":""},"categories":[611],"tags":[],"class_list":["post-10618","post","type-post","status-publish","format-standard","has-post-thumbnail","hentry","category-noticias"],"acf":[],"yoast_head":"<!-- This site is optimized with the Yoast SEO plugin v27.2 - https:\/\/yoast.com\/product\/yoast-seo-wordpress\/ -->\n<title>Show com os Cantores de Deus abrir\u00e1 os 80 anos da Festa de Padre Eust\u00e1quio<\/title>\n<meta name=\"description\" content=\"Est\u00e1 marcada para o dia 19 de agosto a abertura oficial da Festa do Beato Padre Eust\u00e1quio 2023. Com o tema: 80 anos de Sa\u00fade e Paz, as comemora\u00e7\u00f5es come\u00e7am com um show com o grupo Cantores de Deus.\" \/>\n<meta name=\"robots\" content=\"index, follow, max-snippet:-1, max-image-preview:large, max-video-preview:-1\" \/>\n<link rel=\"canonical\" href=\"https:\/\/www.padreeustaquio.com.br\/es\/un-espectaculo-de-cantores-de-dios-abrira-las-celebraciones-del-80-aniversario-de-la-fiesta-del-padre-eustaquio\/\" \/>\n<meta property=\"og:locale\" content=\"es_ES\" \/>\n<meta property=\"og:type\" content=\"article\" \/>\n<meta property=\"og:title\" content=\"Show com os Cantores de Deus abrir\u00e1 os 80 anos da Festa de Padre Eust\u00e1quio\" \/>\n<meta property=\"og:description\" content=\"Est\u00e1 marcada para o dia 19 de agosto a abertura oficial da Festa do Beato Padre Eust\u00e1quio 2023. Com o tema: 80 anos de Sa\u00fade e Paz, as comemora\u00e7\u00f5es come\u00e7am com um show com o grupo Cantores de Deus.\" \/>\n<meta property=\"og:url\" content=\"https:\/\/www.padreeustaquio.com.br\/es\/un-espectaculo-de-cantores-de-dios-abrira-las-celebraciones-del-80-aniversario-de-la-fiesta-del-padre-eustaquio\/\" \/>\n<meta property=\"og:site_name\" content=\"Padre Eust\u00e1quio\" \/>\n<meta property=\"article:publisher\" content=\"https:\/\/www.facebook.com\/beatopadreeustaquio\/\" \/>\n<meta property=\"article:published_time\" content=\"2023-06-30T09:08:50+00:00\" \/>\n<meta property=\"og:image\" content=\"https:\/\/www.padreeustaquio.com.br\/wp-content\/uploads\/2023\/06\/CANTORES-DE-DEUS.png\" \/>\n\t<meta property=\"og:image:width\" content=\"875\" \/>\n\t<meta property=\"og:image:height\" content=\"591\" \/>\n\t<meta property=\"og:image:type\" content=\"image\/png\" \/>\n<meta name=\"author\" content=\"@sscc\" \/>\n<meta name=\"twitter:card\" content=\"summary_large_image\" \/>\n<meta name=\"twitter:creator\" content=\"@beatopeustaquio\" \/>\n<meta name=\"twitter:site\" content=\"@beatopeustaquio\" \/>\n<meta name=\"twitter:label1\" content=\"Escrito por\" \/>\n\t<meta name=\"twitter:data1\" content=\"@sscc\" \/>\n\t<meta name=\"twitter:label2\" content=\"Tiempo de lectura\" \/>\n\t<meta name=\"twitter:data2\" content=\"4 minutos\" \/>\n<script type=\"application\/ld+json\" class=\"yoast-schema-graph\">{\"@context\":\"https:\/\/schema.org\",\"@graph\":[{\"@type\":\"Article\",\"@id\":\"https:\/\/www.padreeustaquio.com.br\/show-com-os-cantores-de-deus-abrira-os-80-anos-da-festa-de-padre-eustaquio\/#article\",\"isPartOf\":{\"@id\":\"https:\/\/www.padreeustaquio.com.br\/show-com-os-cantores-de-deus-abrira-os-80-anos-da-festa-de-padre-eustaquio\/\"},\"author\":{\"name\":\"@sscc\",\"@id\":\"https:\/\/www.padreeustaquio.com.br\/#\/schema\/person\/a2a51db1d00f1a7af0204a0f1ddb1566\"},\"headline\":\"Show com os Cantores de Deus abrir\u00e1 os 80 anos da Festa de Padre Eust\u00e1quio\",\"datePublished\":\"2023-06-30T09:08:50+00:00\",\"mainEntityOfPage\":{\"@id\":\"https:\/\/www.padreeustaquio.com.br\/show-com-os-cantores-de-deus-abrira-os-80-anos-da-festa-de-padre-eustaquio\/\"},\"wordCount\":784,\"commentCount\":0,\"publisher\":{\"@id\":\"https:\/\/www.padreeustaquio.com.br\/#organization\"},\"image\":{\"@id\":\"https:\/\/www.padreeustaquio.com.br\/show-com-os-cantores-de-deus-abrira-os-80-anos-da-festa-de-padre-eustaquio\/#primaryimage\"},\"thumbnailUrl\":\"https:\/\/www.padreeustaquio.com.br\/wp-content\/uploads\/2023\/06\/CANTORES-DE-DEUS.png\",\"articleSection\":[\"Not\u00edcias\"],\"inLanguage\":\"es\",\"potentialAction\":[{\"@type\":\"CommentAction\",\"name\":\"Comment\",\"target\":[\"https:\/\/www.padreeustaquio.com.br\/show-com-os-cantores-de-deus-abrira-os-80-anos-da-festa-de-padre-eustaquio\/#respond\"]}]},{\"@type\":\"WebPage\",\"@id\":\"https:\/\/www.padreeustaquio.com.br\/show-com-os-cantores-de-deus-abrira-os-80-anos-da-festa-de-padre-eustaquio\/\",\"url\":\"https:\/\/www.padreeustaquio.com.br\/show-com-os-cantores-de-deus-abrira-os-80-anos-da-festa-de-padre-eustaquio\/\",\"name\":\"Show com os Cantores de Deus abrir\u00e1 os 80 anos da Festa de Padre Eust\u00e1quio\",\"isPartOf\":{\"@id\":\"https:\/\/www.padreeustaquio.com.br\/#website\"},\"primaryImageOfPage\":{\"@id\":\"https:\/\/www.padreeustaquio.com.br\/show-com-os-cantores-de-deus-abrira-os-80-anos-da-festa-de-padre-eustaquio\/#primaryimage\"},\"image\":{\"@id\":\"https:\/\/www.padreeustaquio.com.br\/show-com-os-cantores-de-deus-abrira-os-80-anos-da-festa-de-padre-eustaquio\/#primaryimage\"},\"thumbnailUrl\":\"https:\/\/www.padreeustaquio.com.br\/wp-content\/uploads\/2023\/06\/CANTORES-DE-DEUS.png\",\"datePublished\":\"2023-06-30T09:08:50+00:00\",\"description\":\"Est\u00e1 marcada para o dia 19 de agosto a abertura oficial da Festa do Beato Padre Eust\u00e1quio 2023. Com o tema: 80 anos de Sa\u00fade e Paz, as comemora\u00e7\u00f5es come\u00e7am com um show com o grupo Cantores de Deus.\",\"breadcrumb\":{\"@id\":\"https:\/\/www.padreeustaquio.com.br\/show-com-os-cantores-de-deus-abrira-os-80-anos-da-festa-de-padre-eustaquio\/#breadcrumb\"},\"inLanguage\":\"es\",\"potentialAction\":[{\"@type\":\"ReadAction\",\"target\":[\"https:\/\/www.padreeustaquio.com.br\/show-com-os-cantores-de-deus-abrira-os-80-anos-da-festa-de-padre-eustaquio\/\"]}]},{\"@type\":\"ImageObject\",\"inLanguage\":\"es\",\"@id\":\"https:\/\/www.padreeustaquio.com.br\/show-com-os-cantores-de-deus-abrira-os-80-anos-da-festa-de-padre-eustaquio\/#primaryimage\",\"url\":\"https:\/\/www.padreeustaquio.com.br\/wp-content\/uploads\/2023\/06\/CANTORES-DE-DEUS.png\",\"contentUrl\":\"https:\/\/www.padreeustaquio.com.br\/wp-content\/uploads\/2023\/06\/CANTORES-DE-DEUS.png\",\"width\":875,\"height\":591,\"caption\":\"Foto: Juliene Barros\"},{\"@type\":\"BreadcrumbList\",\"@id\":\"https:\/\/www.padreeustaquio.com.br\/show-com-os-cantores-de-deus-abrira-os-80-anos-da-festa-de-padre-eustaquio\/#breadcrumb\",\"itemListElement\":[{\"@type\":\"ListItem\",\"position\":1,\"name\":\"In\u00edcio\",\"item\":\"https:\/\/www.padreeustaquio.com.br\/\"},{\"@type\":\"ListItem\",\"position\":2,\"name\":\"Show com os Cantores de Deus abrir\u00e1 os 80 anos da Festa de Padre Eust\u00e1quio\"}]},{\"@type\":\"WebSite\",\"@id\":\"https:\/\/www.padreeustaquio.com.br\/#website\",\"url\":\"https:\/\/www.padreeustaquio.com.br\/\",\"name\":\"Padre Eust\u00e1quio\",\"description\":\"Sa\u00fade e Paz\",\"publisher\":{\"@id\":\"https:\/\/www.padreeustaquio.com.br\/#organization\"},\"potentialAction\":[{\"@type\":\"SearchAction\",\"target\":{\"@type\":\"EntryPoint\",\"urlTemplate\":\"https:\/\/www.padreeustaquio.com.br\/?s={search_term_string}\"},\"query-input\":{\"@type\":\"PropertyValueSpecification\",\"valueRequired\":true,\"valueName\":\"search_term_string\"}}],\"inLanguage\":\"es\"},{\"@type\":\"Organization\",\"@id\":\"https:\/\/www.padreeustaquio.com.br\/#organization\",\"name\":\"Padre Eust\u00e1quio\",\"url\":\"https:\/\/www.padreeustaquio.com.br\/\",\"logo\":{\"@type\":\"ImageObject\",\"inLanguage\":\"es\",\"@id\":\"https:\/\/www.padreeustaquio.com.br\/#\/schema\/logo\/image\/\",\"url\":\"https:\/\/www.padreeustaquio.com.br\/wp-content\/uploads\/2019\/08\/marca.png\",\"contentUrl\":\"https:\/\/www.padreeustaquio.com.br\/wp-content\/uploads\/2019\/08\/marca.png\",\"width\":350,\"height\":400,\"caption\":\"Padre Eust\u00e1quio\"},\"image\":{\"@id\":\"https:\/\/www.padreeustaquio.com.br\/#\/schema\/logo\/image\/\"},\"sameAs\":[\"https:\/\/www.facebook.com\/beatopadreeustaquio\/\",\"https:\/\/x.com\/beatopeustaquio\",\"https:\/\/www.instagram.com\/beatopadreeustaquio\/\",\"https:\/\/www.youtube.com\/channel\/UCRhw7vfabnajwLxb1ZXMeIw\"]},{\"@type\":\"Person\",\"@id\":\"https:\/\/www.padreeustaquio.com.br\/#\/schema\/person\/a2a51db1d00f1a7af0204a0f1ddb1566\",\"name\":\"@sscc\",\"image\":{\"@type\":\"ImageObject\",\"inLanguage\":\"es\",\"@id\":\"https:\/\/secure.gravatar.com\/avatar\/68cfafa5f44617fea54071e215026e0ff06be366c3d54a8425f04fdcb86f8c5f?s=96&d=mm&r=g\",\"url\":\"https:\/\/secure.gravatar.com\/avatar\/68cfafa5f44617fea54071e215026e0ff06be366c3d54a8425f04fdcb86f8c5f?s=96&d=mm&r=g\",\"contentUrl\":\"https:\/\/secure.gravatar.com\/avatar\/68cfafa5f44617fea54071e215026e0ff06be366c3d54a8425f04fdcb86f8c5f?s=96&d=mm&r=g\",\"caption\":\"@sscc\"},\"url\":\"https:\/\/www.padreeustaquio.com.br\/es\/author\/sscc\/\"}]}<\/script>\n<!-- \/ Yoast SEO plugin. -->","yoast_head_json":{"title":"Un concierto de los &quot;Cantores de Deus&quot; dar\u00e1 inicio a las celebraciones del 80 aniversario del Festival Padre Eust\u00e1quio.","description":"La inauguraci\u00f3n oficial del Festival del Beato Padre Eustaquio 2023 est\u00e1 prevista para el 19 de agosto. Con el tema: 80 A\u00f1os de Salud y Paz, las celebraciones comienzan con un concierto del grupo Cantores de Deus.","robots":{"index":"index","follow":"follow","max-snippet":"max-snippet:-1","max-image-preview":"max-image-preview:large","max-video-preview":"max-video-preview:-1"},"canonical":"https:\/\/www.padreeustaquio.com.br\/es\/un-espectaculo-de-cantores-de-dios-abrira-las-celebraciones-del-80-aniversario-de-la-fiesta-del-padre-eustaquio\/","og_locale":"es_ES","og_type":"article","og_title":"Show com os Cantores de Deus abrir\u00e1 os 80 anos da Festa de Padre Eust\u00e1quio","og_description":"Est\u00e1 marcada para o dia 19 de agosto a abertura oficial da Festa do Beato Padre Eust\u00e1quio 2023. Com o tema: 80 anos de Sa\u00fade e Paz, as comemora\u00e7\u00f5es come\u00e7am com um show com o grupo Cantores de Deus.","og_url":"https:\/\/www.padreeustaquio.com.br\/es\/un-espectaculo-de-cantores-de-dios-abrira-las-celebraciones-del-80-aniversario-de-la-fiesta-del-padre-eustaquio\/","og_site_name":"Padre Eust\u00e1quio","article_publisher":"https:\/\/www.facebook.com\/beatopadreeustaquio\/","article_published_time":"2023-06-30T09:08:50+00:00","og_image":[{"width":875,"height":591,"url":"https:\/\/www.padreeustaquio.com.br\/wp-content\/uploads\/2023\/06\/CANTORES-DE-DEUS.png","type":"image\/png"}],"author":"@sscc","twitter_card":"summary_large_image","twitter_creator":"@beatopeustaquio","twitter_site":"@beatopeustaquio","twitter_misc":{"Escrito por":"@sscc","Tiempo de lectura":"4 minutos"},"schema":{"@context":"https:\/\/schema.org","@graph":[{"@type":"Article","@id":"https:\/\/www.padreeustaquio.com.br\/show-com-os-cantores-de-deus-abrira-os-80-anos-da-festa-de-padre-eustaquio\/#article","isPartOf":{"@id":"https:\/\/www.padreeustaquio.com.br\/show-com-os-cantores-de-deus-abrira-os-80-anos-da-festa-de-padre-eustaquio\/"},"author":{"name":"@sscc","@id":"https:\/\/www.padreeustaquio.com.br\/#\/schema\/person\/a2a51db1d00f1a7af0204a0f1ddb1566"},"headline":"Show com os Cantores de Deus abrir\u00e1 os 80 anos da Festa de Padre Eust\u00e1quio","datePublished":"2023-06-30T09:08:50+00:00","mainEntityOfPage":{"@id":"https:\/\/www.padreeustaquio.com.br\/show-com-os-cantores-de-deus-abrira-os-80-anos-da-festa-de-padre-eustaquio\/"},"wordCount":784,"commentCount":0,"publisher":{"@id":"https:\/\/www.padreeustaquio.com.br\/#organization"},"image":{"@id":"https:\/\/www.padreeustaquio.com.br\/show-com-os-cantores-de-deus-abrira-os-80-anos-da-festa-de-padre-eustaquio\/#primaryimage"},"thumbnailUrl":"https:\/\/www.padreeustaquio.com.br\/wp-content\/uploads\/2023\/06\/CANTORES-DE-DEUS.png","articleSection":["Not\u00edcias"],"inLanguage":"es","potentialAction":[{"@type":"CommentAction","name":"Comment","target":["https:\/\/www.padreeustaquio.com.br\/show-com-os-cantores-de-deus-abrira-os-80-anos-da-festa-de-padre-eustaquio\/#respond"]}]},{"@type":"WebPage","@id":"https:\/\/www.padreeustaquio.com.br\/show-com-os-cantores-de-deus-abrira-os-80-anos-da-festa-de-padre-eustaquio\/","url":"https:\/\/www.padreeustaquio.com.br\/show-com-os-cantores-de-deus-abrira-os-80-anos-da-festa-de-padre-eustaquio\/","name":"Un concierto de los &quot;Cantores de Deus&quot; dar\u00e1 inicio a las celebraciones del 80 aniversario del Festival Padre Eust\u00e1quio.","isPartOf":{"@id":"https:\/\/www.padreeustaquio.com.br\/#website"},"primaryImageOfPage":{"@id":"https:\/\/www.padreeustaquio.com.br\/show-com-os-cantores-de-deus-abrira-os-80-anos-da-festa-de-padre-eustaquio\/#primaryimage"},"image":{"@id":"https:\/\/www.padreeustaquio.com.br\/show-com-os-cantores-de-deus-abrira-os-80-anos-da-festa-de-padre-eustaquio\/#primaryimage"},"thumbnailUrl":"https:\/\/www.padreeustaquio.com.br\/wp-content\/uploads\/2023\/06\/CANTORES-DE-DEUS.png","datePublished":"2023-06-30T09:08:50+00:00","description":"La inauguraci\u00f3n oficial del Festival del Beato Padre Eustaquio 2023 est\u00e1 prevista para el 19 de agosto. Con el tema: 80 A\u00f1os de Salud y Paz, las celebraciones comienzan con un concierto del grupo Cantores de Deus.","breadcrumb":{"@id":"https:\/\/www.padreeustaquio.com.br\/show-com-os-cantores-de-deus-abrira-os-80-anos-da-festa-de-padre-eustaquio\/#breadcrumb"},"inLanguage":"es","potentialAction":[{"@type":"ReadAction","target":["https:\/\/www.padreeustaquio.com.br\/show-com-os-cantores-de-deus-abrira-os-80-anos-da-festa-de-padre-eustaquio\/"]}]},{"@type":"ImageObject","inLanguage":"es","@id":"https:\/\/www.padreeustaquio.com.br\/show-com-os-cantores-de-deus-abrira-os-80-anos-da-festa-de-padre-eustaquio\/#primaryimage","url":"https:\/\/www.padreeustaquio.com.br\/wp-content\/uploads\/2023\/06\/CANTORES-DE-DEUS.png","contentUrl":"https:\/\/www.padreeustaquio.com.br\/wp-content\/uploads\/2023\/06\/CANTORES-DE-DEUS.png","width":875,"height":591,"caption":"Foto: Juliene Barros"},{"@type":"BreadcrumbList","@id":"https:\/\/www.padreeustaquio.com.br\/show-com-os-cantores-de-deus-abrira-os-80-anos-da-festa-de-padre-eustaquio\/#breadcrumb","itemListElement":[{"@type":"ListItem","position":1,"name":"In\u00edcio","item":"https:\/\/www.padreeustaquio.com.br\/"},{"@type":"ListItem","position":2,"name":"Show com os Cantores de Deus abrir\u00e1 os 80 anos da Festa de Padre Eust\u00e1quio"}]},{"@type":"WebSite","@id":"https:\/\/www.padreeustaquio.com.br\/#website","url":"https:\/\/www.padreeustaquio.com.br\/","name":"Padre Eustace","description":"Salud y Paz","publisher":{"@id":"https:\/\/www.padreeustaquio.com.br\/#organization"},"potentialAction":[{"@type":"SearchAction","target":{"@type":"EntryPoint","urlTemplate":"https:\/\/www.padreeustaquio.com.br\/?s={search_term_string}"},"query-input":{"@type":"PropertyValueSpecification","valueRequired":true,"valueName":"search_term_string"}}],"inLanguage":"es"},{"@type":"Organization","@id":"https:\/\/www.padreeustaquio.com.br\/#organization","name":"Padre Eustace","url":"https:\/\/www.padreeustaquio.com.br\/","logo":{"@type":"ImageObject","inLanguage":"es","@id":"https:\/\/www.padreeustaquio.com.br\/#\/schema\/logo\/image\/","url":"https:\/\/www.padreeustaquio.com.br\/wp-content\/uploads\/2019\/08\/marca.png","contentUrl":"https:\/\/www.padreeustaquio.com.br\/wp-content\/uploads\/2019\/08\/marca.png","width":350,"height":400,"caption":"Padre Eust\u00e1quio"},"image":{"@id":"https:\/\/www.padreeustaquio.com.br\/#\/schema\/logo\/image\/"},"sameAs":["https:\/\/www.facebook.com\/beatopadreeustaquio\/","https:\/\/x.com\/beatopeustaquio","https:\/\/www.instagram.com\/beatopadreeustaquio\/","https:\/\/www.youtube.com\/channel\/UCRhw7vfabnajwLxb1ZXMeIw"]},{"@type":"Person","@id":"https:\/\/www.padreeustaquio.com.br\/#\/schema\/person\/a2a51db1d00f1a7af0204a0f1ddb1566","name":"@sscc","image":{"@type":"ImageObject","inLanguage":"es","@id":"https:\/\/secure.gravatar.com\/avatar\/68cfafa5f44617fea54071e215026e0ff06be366c3d54a8425f04fdcb86f8c5f?s=96&d=mm&r=g","url":"https:\/\/secure.gravatar.com\/avatar\/68cfafa5f44617fea54071e215026e0ff06be366c3d54a8425f04fdcb86f8c5f?s=96&d=mm&r=g","contentUrl":"https:\/\/secure.gravatar.com\/avatar\/68cfafa5f44617fea54071e215026e0ff06be366c3d54a8425f04fdcb86f8c5f?s=96&d=mm&r=g","caption":"@sscc"},"url":"https:\/\/www.padreeustaquio.com.br\/es\/author\/sscc\/"}]}},"_links":{"self":[{"href":"https:\/\/www.padreeustaquio.com.br\/es\/wp-json\/wp\/v2\/posts\/10618","targetHints":{"allow":["GET"]}}],"collection":[{"href":"https:\/\/www.padreeustaquio.com.br\/es\/wp-json\/wp\/v2\/posts"}],"about":[{"href":"https:\/\/www.padreeustaquio.com.br\/es\/wp-json\/wp\/v2\/types\/post"}],"author":[{"embeddable":true,"href":"https:\/\/www.padreeustaquio.com.br\/es\/wp-json\/wp\/v2\/users\/2"}],"replies":[{"embeddable":true,"href":"https:\/\/www.padreeustaquio.com.br\/es\/wp-json\/wp\/v2\/comments?post=10618"}],"version-history":[{"count":0,"href":"https:\/\/www.padreeustaquio.com.br\/es\/wp-json\/wp\/v2\/posts\/10618\/revisions"}],"wp:featuredmedia":[{"embeddable":true,"href":"https:\/\/www.padreeustaquio.com.br\/es\/wp-json\/wp\/v2\/media\/10619"}],"wp:attachment":[{"href":"https:\/\/www.padreeustaquio.com.br\/es\/wp-json\/wp\/v2\/media?parent=10618"}],"wp:term":[{"taxonomy":"category","embeddable":true,"href":"https:\/\/www.padreeustaquio.com.br\/es\/wp-json\/wp\/v2\/categories?post=10618"},{"taxonomy":"post_tag","embeddable":true,"href":"https:\/\/www.padreeustaquio.com.br\/es\/wp-json\/wp\/v2\/tags?post=10618"}],"curies":[{"name":"wp","href":"https:\/\/api.w.org\/{rel}","templated":true}]}}