{"id":10614,"date":"2023-06-28T06:39:09","date_gmt":"2023-06-28T09:39:09","guid":{"rendered":"https:\/\/www.padreeustaquio.com.br\/?p=10614"},"modified":"2023-06-28T09:57:30","modified_gmt":"2023-06-28T12:57:30","slug":"el-santuario-arquidiocesano-de-salud-y-paz-acoge-la-segunda-feria-catequetica","status":"publish","type":"post","link":"https:\/\/www.padreeustaquio.com.br\/es\/el-santuario-arquidiocesano-de-salud-y-paz-acoge-la-segunda-feria-catequetica\/","title":{"rendered":"El Lunes Catequ\u00e9tico se celebra en el Santuario de la Salud y la Paz."},"content":{"rendered":"<p>El Santuario de Salud y Paz, Iglesia del Beato Padre Eustaquio, alberg\u00f3 la segunda edici\u00f3n de la Feria Catequ\u00e9tica el pasado domingo 25 de junio. La exposici\u00f3n es una forma de animar a los catec\u00famenos a vivir la Palabra de Dios.<\/p>\n<p>Todas las clases de catecismo participaron en el evento, celebrado en el Centro Comunitario Sagrados Corazones. Algunos de los temas tratados fueron: Dios creador de todas las cosas, los santos, las alfombras de Corpus Christi, las Bienaventuranzas, la vida adulta de Jes\u00fas, nosotros como Iglesia, las Par\u00e1bolas y la Muerte y Resurrecci\u00f3n de Cristo.<\/p>\n<p>Quienes visitaron la feria durante la ma\u00f1ana del domingo pasado pudieron aprender sobre cada tema y escuchar una explicaci\u00f3n de cada catec\u00fameno sobre lo expuesto. El espacio tambi\u00e9n cont\u00f3 con exposiciones de curiosidades sobre la Biblia, la misa a trav\u00e9s de los medios de comunicaci\u00f3n, la historia del pueblo jud\u00edo, la Santa Misa, Mar\u00eda la Madre de Dios y el Domingo del Se\u00f1or.<\/p>\n<p>La clase de precatequesis en el Santuario tambi\u00e9n present\u00f3 el trabajo de los catec\u00famenos. Nat\u00e1lia y Thalita hablaron sobre la Anunciaci\u00f3n de Jes\u00fas y usaron fotos de las madres embarazadas de los estudiantes.<\/p>\n<p>Tambi\u00e9n fue posible ver presentaciones sobre la infancia de Jes\u00fas, los Diez Mandamientos y el pueblo de Dios en los tiempos modernos.<\/p>\n<p>La Feria Catequ\u00e9tica, adem\u00e1s de promover la experiencia de la Palabra de Dios, tambi\u00e9n busca unir a las familias y a la comunidad para que recurran a la Sagrada Escritura y tomen conciencia de la importancia de difundir el Evangelio. La pr\u00f3xima feria est\u00e1 programada para finales de este a\u00f1o.<\/p>\n<p>Vea algunas fotos:<\/p>\n\n\t\t<style type=\"text\/css\">\n\t\t\t#gallery-1 {\n\t\t\t\tmargin: auto;\n\t\t\t}\n\t\t\t#gallery-1 .gallery-item {\n\t\t\t\tfloat: left;\n\t\t\t\tmargin-top: 10px;\n\t\t\t\ttext-align: center;\n\t\t\t\twidth: 33%;\n\t\t\t}\n\t\t\t#gallery-1 img {\n\t\t\t\tborder: 2px solid #cfcfcf;\n\t\t\t}\n\t\t\t#gallery-1 .gallery-caption {\n\t\t\t\tmargin-left: 0;\n\t\t\t}\n\t\t\t\/* see gallery_shortcode() in wp-includes\/media.php *\/\n\t\t<\/style>\n\t\t<div id='gallery-1' class='gallery galleryid-10614 gallery-columns-3 gallery-size-thumbnail'><dl class='gallery-item'>\n\t\t\t<dt class='gallery-icon landscape'>\n\t\t\t\t<a href='https:\/\/www.padreeustaquio.com.br\/es\/el-santuario-arquidiocesano-de-salud-y-paz-acoge-la-segunda-feria-catequetica\/ii-feira-catequetica-1\/'><img decoding=\"async\" width=\"150\" height=\"150\" src=\"https:\/\/www.padreeustaquio.com.br\/wp-content\/uploads\/2023\/06\/II-Feira-Catequetica-1-150x150.jpeg\" class=\"attachment-thumbnail size-thumbnail\" alt=\"\" srcset=\"https:\/\/www.padreeustaquio.com.br\/wp-content\/uploads\/2023\/06\/II-Feira-Catequetica-1-150x150.jpeg 150w, https:\/\/www.padreeustaquio.com.br\/wp-content\/uploads\/2023\/06\/II-Feira-Catequetica-1-75x75.jpeg 75w, https:\/\/www.padreeustaquio.com.br\/wp-content\/uploads\/2023\/06\/II-Feira-Catequetica-1-180x180.jpeg 180w, https:\/\/www.padreeustaquio.com.br\/wp-content\/uploads\/2023\/06\/II-Feira-Catequetica-1-400x400.jpeg 400w, https:\/\/www.padreeustaquio.com.br\/wp-content\/uploads\/2023\/06\/II-Feira-Catequetica-1-600x600.jpeg 600w\" sizes=\"(max-width: 150px) 100vw, 150px\" \/><\/a>\n\t\t\t<\/dt><\/dl><dl class='gallery-item'>\n\t\t\t<dt class='gallery-icon landscape'>\n\t\t\t\t<a href='https:\/\/www.padreeustaquio.com.br\/es\/el-santuario-arquidiocesano-de-salud-y-paz-acoge-la-segunda-feria-catequetica\/ii-feira-catequetica-2\/'><img decoding=\"async\" width=\"150\" height=\"150\" src=\"https:\/\/www.padreeustaquio.com.br\/wp-content\/uploads\/2023\/06\/II-Feira-Catequetica-2-150x150.jpeg\" class=\"attachment-thumbnail size-thumbnail\" alt=\"\" srcset=\"https:\/\/www.padreeustaquio.com.br\/wp-content\/uploads\/2023\/06\/II-Feira-Catequetica-2-150x150.jpeg 150w, https:\/\/www.padreeustaquio.com.br\/wp-content\/uploads\/2023\/06\/II-Feira-Catequetica-2-75x75.jpeg 75w, https:\/\/www.padreeustaquio.com.br\/wp-content\/uploads\/2023\/06\/II-Feira-Catequetica-2-180x180.jpeg 180w, https:\/\/www.padreeustaquio.com.br\/wp-content\/uploads\/2023\/06\/II-Feira-Catequetica-2-400x400.jpeg 400w, https:\/\/www.padreeustaquio.com.br\/wp-content\/uploads\/2023\/06\/II-Feira-Catequetica-2-600x600.jpeg 600w\" sizes=\"(max-width: 150px) 100vw, 150px\" \/><\/a>\n\t\t\t<\/dt><\/dl><dl class='gallery-item'>\n\t\t\t<dt class='gallery-icon landscape'>\n\t\t\t\t<a href='https:\/\/www.padreeustaquio.com.br\/es\/el-santuario-arquidiocesano-de-salud-y-paz-acoge-la-segunda-feria-catequetica\/ii-feira-catequetica-3\/'><img decoding=\"async\" width=\"150\" height=\"150\" src=\"https:\/\/www.padreeustaquio.com.br\/wp-content\/uploads\/2023\/06\/II-Feira-Catequetica-3-150x150.jpeg\" class=\"attachment-thumbnail size-thumbnail\" alt=\"\" srcset=\"https:\/\/www.padreeustaquio.com.br\/wp-content\/uploads\/2023\/06\/II-Feira-Catequetica-3-150x150.jpeg 150w, https:\/\/www.padreeustaquio.com.br\/wp-content\/uploads\/2023\/06\/II-Feira-Catequetica-3-75x75.jpeg 75w, https:\/\/www.padreeustaquio.com.br\/wp-content\/uploads\/2023\/06\/II-Feira-Catequetica-3-180x180.jpeg 180w, https:\/\/www.padreeustaquio.com.br\/wp-content\/uploads\/2023\/06\/II-Feira-Catequetica-3-400x400.jpeg 400w, https:\/\/www.padreeustaquio.com.br\/wp-content\/uploads\/2023\/06\/II-Feira-Catequetica-3-600x600.jpeg 600w\" sizes=\"(max-width: 150px) 100vw, 150px\" \/><\/a>\n\t\t\t<\/dt><\/dl><br style=\"clear: both\" \/><dl class='gallery-item'>\n\t\t\t<dt class='gallery-icon landscape'>\n\t\t\t\t<a href='https:\/\/www.padreeustaquio.com.br\/es\/el-santuario-arquidiocesano-de-salud-y-paz-acoge-la-segunda-feria-catequetica\/ii-feira-catequetica-4\/'><img loading=\"lazy\" decoding=\"async\" width=\"150\" height=\"150\" src=\"https:\/\/www.padreeustaquio.com.br\/wp-content\/uploads\/2023\/06\/II-Feira-Catequetica-4-150x150.jpeg\" class=\"attachment-thumbnail size-thumbnail\" alt=\"\" srcset=\"https:\/\/www.padreeustaquio.com.br\/wp-content\/uploads\/2023\/06\/II-Feira-Catequetica-4-150x150.jpeg 150w, https:\/\/www.padreeustaquio.com.br\/wp-content\/uploads\/2023\/06\/II-Feira-Catequetica-4-75x75.jpeg 75w, https:\/\/www.padreeustaquio.com.br\/wp-content\/uploads\/2023\/06\/II-Feira-Catequetica-4-180x180.jpeg 180w, https:\/\/www.padreeustaquio.com.br\/wp-content\/uploads\/2023\/06\/II-Feira-Catequetica-4-400x400.jpeg 400w, https:\/\/www.padreeustaquio.com.br\/wp-content\/uploads\/2023\/06\/II-Feira-Catequetica-4-600x600.jpeg 600w\" sizes=\"(max-width: 150px) 100vw, 150px\" \/><\/a>\n\t\t\t<\/dt><\/dl><dl class='gallery-item'>\n\t\t\t<dt class='gallery-icon landscape'>\n\t\t\t\t<a href='https:\/\/www.padreeustaquio.com.br\/es\/el-santuario-arquidiocesano-de-salud-y-paz-acoge-la-segunda-feria-catequetica\/ii-feira-catequetica-5\/'><img loading=\"lazy\" decoding=\"async\" width=\"150\" height=\"150\" src=\"https:\/\/www.padreeustaquio.com.br\/wp-content\/uploads\/2023\/06\/II-Feira-Catequetica-5-150x150.jpeg\" class=\"attachment-thumbnail size-thumbnail\" alt=\"\" srcset=\"https:\/\/www.padreeustaquio.com.br\/wp-content\/uploads\/2023\/06\/II-Feira-Catequetica-5-150x150.jpeg 150w, https:\/\/www.padreeustaquio.com.br\/wp-content\/uploads\/2023\/06\/II-Feira-Catequetica-5-75x75.jpeg 75w, https:\/\/www.padreeustaquio.com.br\/wp-content\/uploads\/2023\/06\/II-Feira-Catequetica-5-180x180.jpeg 180w, https:\/\/www.padreeustaquio.com.br\/wp-content\/uploads\/2023\/06\/II-Feira-Catequetica-5-400x400.jpeg 400w, https:\/\/www.padreeustaquio.com.br\/wp-content\/uploads\/2023\/06\/II-Feira-Catequetica-5-600x600.jpeg 600w\" sizes=\"(max-width: 150px) 100vw, 150px\" \/><\/a>\n\t\t\t<\/dt><\/dl><dl class='gallery-item'>\n\t\t\t<dt class='gallery-icon landscape'>\n\t\t\t\t<a href='https:\/\/www.padreeustaquio.com.br\/es\/el-santuario-arquidiocesano-de-salud-y-paz-acoge-la-segunda-feria-catequetica\/ii-feira-catequetica-6\/'><img loading=\"lazy\" decoding=\"async\" width=\"150\" height=\"150\" src=\"https:\/\/www.padreeustaquio.com.br\/wp-content\/uploads\/2023\/06\/II-Feira-Catequetica-6-150x150.jpeg\" class=\"attachment-thumbnail size-thumbnail\" alt=\"\" srcset=\"https:\/\/www.padreeustaquio.com.br\/wp-content\/uploads\/2023\/06\/II-Feira-Catequetica-6-150x150.jpeg 150w, https:\/\/www.padreeustaquio.com.br\/wp-content\/uploads\/2023\/06\/II-Feira-Catequetica-6-75x75.jpeg 75w, https:\/\/www.padreeustaquio.com.br\/wp-content\/uploads\/2023\/06\/II-Feira-Catequetica-6-180x180.jpeg 180w, https:\/\/www.padreeustaquio.com.br\/wp-content\/uploads\/2023\/06\/II-Feira-Catequetica-6-400x400.jpeg 400w, https:\/\/www.padreeustaquio.com.br\/wp-content\/uploads\/2023\/06\/II-Feira-Catequetica-6-600x600.jpeg 600w\" sizes=\"(max-width: 150px) 100vw, 150px\" \/><\/a>\n\t\t\t<\/dt><\/dl><br style=\"clear: both\" \/><dl class='gallery-item'>\n\t\t\t<dt class='gallery-icon landscape'>\n\t\t\t\t<a href='https:\/\/www.padreeustaquio.com.br\/es\/el-santuario-arquidiocesano-de-salud-y-paz-acoge-la-segunda-feria-catequetica\/ii-feira-catequetica-7\/'><img loading=\"lazy\" decoding=\"async\" width=\"150\" height=\"150\" src=\"https:\/\/www.padreeustaquio.com.br\/wp-content\/uploads\/2023\/06\/II-Feira-Catequetica-7-150x150.jpeg\" class=\"attachment-thumbnail size-thumbnail\" alt=\"\" srcset=\"https:\/\/www.padreeustaquio.com.br\/wp-content\/uploads\/2023\/06\/II-Feira-Catequetica-7-150x150.jpeg 150w, https:\/\/www.padreeustaquio.com.br\/wp-content\/uploads\/2023\/06\/II-Feira-Catequetica-7-75x75.jpeg 75w, https:\/\/www.padreeustaquio.com.br\/wp-content\/uploads\/2023\/06\/II-Feira-Catequetica-7-180x180.jpeg 180w, https:\/\/www.padreeustaquio.com.br\/wp-content\/uploads\/2023\/06\/II-Feira-Catequetica-7-400x400.jpeg 400w, https:\/\/www.padreeustaquio.com.br\/wp-content\/uploads\/2023\/06\/II-Feira-Catequetica-7-600x600.jpeg 600w\" sizes=\"(max-width: 150px) 100vw, 150px\" \/><\/a>\n\t\t\t<\/dt><\/dl><dl class='gallery-item'>\n\t\t\t<dt class='gallery-icon landscape'>\n\t\t\t\t<a href='https:\/\/www.padreeustaquio.com.br\/es\/el-santuario-arquidiocesano-de-salud-y-paz-acoge-la-segunda-feria-catequetica\/ii-feira-catequetica-9\/'><img loading=\"lazy\" decoding=\"async\" width=\"150\" height=\"150\" src=\"https:\/\/www.padreeustaquio.com.br\/wp-content\/uploads\/2023\/06\/II-Feira-Catequetica-9-150x150.jpeg\" class=\"attachment-thumbnail size-thumbnail\" alt=\"\" srcset=\"https:\/\/www.padreeustaquio.com.br\/wp-content\/uploads\/2023\/06\/II-Feira-Catequetica-9-150x150.jpeg 150w, https:\/\/www.padreeustaquio.com.br\/wp-content\/uploads\/2023\/06\/II-Feira-Catequetica-9-75x75.jpeg 75w, https:\/\/www.padreeustaquio.com.br\/wp-content\/uploads\/2023\/06\/II-Feira-Catequetica-9-180x180.jpeg 180w, https:\/\/www.padreeustaquio.com.br\/wp-content\/uploads\/2023\/06\/II-Feira-Catequetica-9-400x400.jpeg 400w, https:\/\/www.padreeustaquio.com.br\/wp-content\/uploads\/2023\/06\/II-Feira-Catequetica-9-600x600.jpeg 600w\" sizes=\"(max-width: 150px) 100vw, 150px\" \/><\/a>\n\t\t\t<\/dt><\/dl>\n\t\t\t<br style='clear: both' \/>\n\t\t<\/div>","protected":false},"excerpt":{"rendered":"<p>O Santu\u00e1rio da Sa\u00fade e da Paz, Igreja do Beato Padre Eust\u00e1quio, recebeu no \u00faltimo domingo, 25 de junho, a segunda edi\u00e7\u00e3o da Feira Catequ\u00e9tica. A mostra \u00e9 uma forma de estimular os catequizandos para a viv\u00eancia da Palavra de Deus. Todas as turmas de catequese participaram do evento, que foi realizado no Centro Comunit\u00e1rio dos Sagrados Cora\u00e7\u00f5es. Alguns dos temas apresentados foram: Deus criador de todas as coisas, os Santos, Tapetes de Corpus Christi, as Bem Aventuran\u00e7as, a vida Adulta de Jesus, N\u00f3s como Igreja, as Par\u00e1bolas e a Morte e Ressurrei\u00e7\u00e3o de Cristo. Quem passou pela feira durante [&hellip;]<\/p>\n","protected":false},"author":2,"featured_media":10616,"comment_status":"open","ping_status":"closed","sticky":false,"template":"","format":"standard","meta":{"_acf_changed":false,"footnotes":""},"categories":[611],"tags":[],"class_list":["post-10614","post","type-post","status-publish","format-standard","has-post-thumbnail","hentry","category-noticias"],"acf":[],"yoast_head":"<!-- This site is optimized with the Yoast SEO plugin v27.2 - https:\/\/yoast.com\/product\/yoast-seo-wordpress\/ -->\n<title>Segunda Feira Catequ\u00e9tica \u00e9 realizada no Santu\u00e1rio da Sa\u00fade e da Paz<\/title>\n<meta name=\"description\" content=\"O Santu\u00e1rio da Sa\u00fade e da Paz, Igreja do Beato Padre Eust\u00e1quio, recebeu no \u00faltimo domingo, 25 de junho, a segunda edi\u00e7\u00e3o da Feira Catequ\u00e9tica. A mostra \u00e9 uma forma de estimular os catequizandos para a viv\u00eancia da Palavra de Deus.\" \/>\n<meta name=\"robots\" content=\"index, follow, max-snippet:-1, max-image-preview:large, max-video-preview:-1\" \/>\n<link rel=\"canonical\" href=\"https:\/\/www.padreeustaquio.com.br\/es\/el-santuario-arquidiocesano-de-salud-y-paz-acoge-la-segunda-feria-catequetica\/\" \/>\n<meta property=\"og:locale\" content=\"es_ES\" \/>\n<meta property=\"og:type\" content=\"article\" \/>\n<meta property=\"og:title\" content=\"Segunda Feira Catequ\u00e9tica \u00e9 realizada no Santu\u00e1rio da Sa\u00fade e da Paz\" \/>\n<meta property=\"og:description\" content=\"O Santu\u00e1rio da Sa\u00fade e da Paz, Igreja do Beato Padre Eust\u00e1quio, recebeu no \u00faltimo domingo, 25 de junho, a segunda edi\u00e7\u00e3o da Feira Catequ\u00e9tica. A mostra \u00e9 uma forma de estimular os catequizandos para a viv\u00eancia da Palavra de Deus.\" \/>\n<meta property=\"og:url\" content=\"https:\/\/www.padreeustaquio.com.br\/es\/el-santuario-arquidiocesano-de-salud-y-paz-acoge-la-segunda-feria-catequetica\/\" \/>\n<meta property=\"og:site_name\" content=\"Padre Eust\u00e1quio\" \/>\n<meta property=\"article:publisher\" content=\"https:\/\/www.facebook.com\/beatopadreeustaquio\/\" \/>\n<meta property=\"article:published_time\" content=\"2023-06-28T09:39:09+00:00\" \/>\n<meta property=\"article:modified_time\" content=\"2023-06-28T12:57:30+00:00\" \/>\n<meta property=\"og:image\" content=\"https:\/\/www.padreeustaquio.com.br\/wp-content\/uploads\/2023\/06\/II-Feira-Catequetica-8.jpeg\" \/>\n\t<meta property=\"og:image:width\" content=\"1600\" \/>\n\t<meta property=\"og:image:height\" content=\"901\" \/>\n\t<meta property=\"og:image:type\" content=\"image\/jpeg\" \/>\n<meta name=\"author\" content=\"@sscc\" \/>\n<meta name=\"twitter:card\" content=\"summary_large_image\" \/>\n<meta name=\"twitter:creator\" content=\"@beatopeustaquio\" \/>\n<meta name=\"twitter:site\" content=\"@beatopeustaquio\" \/>\n<meta name=\"twitter:label1\" content=\"Escrito por\" \/>\n\t<meta name=\"twitter:data1\" content=\"@sscc\" \/>\n\t<meta name=\"twitter:label2\" content=\"Tiempo de lectura\" \/>\n\t<meta name=\"twitter:data2\" content=\"2 minutos\" \/>\n<script type=\"application\/ld+json\" class=\"yoast-schema-graph\">{\"@context\":\"https:\/\/schema.org\",\"@graph\":[{\"@type\":\"Article\",\"@id\":\"https:\/\/www.padreeustaquio.com.br\/santuario-arquidiocesano-da-saude-e-da-paz-recebe-segunda-feira-catequetica\/#article\",\"isPartOf\":{\"@id\":\"https:\/\/www.padreeustaquio.com.br\/santuario-arquidiocesano-da-saude-e-da-paz-recebe-segunda-feira-catequetica\/\"},\"author\":{\"name\":\"@sscc\",\"@id\":\"https:\/\/www.padreeustaquio.com.br\/#\/schema\/person\/a2a51db1d00f1a7af0204a0f1ddb1566\"},\"headline\":\"Segunda Feira Catequ\u00e9tica \u00e9 realizada no Santu\u00e1rio da Sa\u00fade e da Paz\",\"datePublished\":\"2023-06-28T09:39:09+00:00\",\"dateModified\":\"2023-06-28T12:57:30+00:00\",\"mainEntityOfPage\":{\"@id\":\"https:\/\/www.padreeustaquio.com.br\/santuario-arquidiocesano-da-saude-e-da-paz-recebe-segunda-feira-catequetica\/\"},\"wordCount\":314,\"commentCount\":0,\"publisher\":{\"@id\":\"https:\/\/www.padreeustaquio.com.br\/#organization\"},\"image\":{\"@id\":\"https:\/\/www.padreeustaquio.com.br\/santuario-arquidiocesano-da-saude-e-da-paz-recebe-segunda-feira-catequetica\/#primaryimage\"},\"thumbnailUrl\":\"https:\/\/www.padreeustaquio.com.br\/wp-content\/uploads\/2023\/06\/II-Feira-Catequetica-8.jpeg\",\"articleSection\":[\"Not\u00edcias\"],\"inLanguage\":\"es\",\"potentialAction\":[{\"@type\":\"CommentAction\",\"name\":\"Comment\",\"target\":[\"https:\/\/www.padreeustaquio.com.br\/santuario-arquidiocesano-da-saude-e-da-paz-recebe-segunda-feira-catequetica\/#respond\"]}]},{\"@type\":\"WebPage\",\"@id\":\"https:\/\/www.padreeustaquio.com.br\/santuario-arquidiocesano-da-saude-e-da-paz-recebe-segunda-feira-catequetica\/\",\"url\":\"https:\/\/www.padreeustaquio.com.br\/santuario-arquidiocesano-da-saude-e-da-paz-recebe-segunda-feira-catequetica\/\",\"name\":\"Segunda Feira Catequ\u00e9tica \u00e9 realizada no Santu\u00e1rio da Sa\u00fade e da Paz\",\"isPartOf\":{\"@id\":\"https:\/\/www.padreeustaquio.com.br\/#website\"},\"primaryImageOfPage\":{\"@id\":\"https:\/\/www.padreeustaquio.com.br\/santuario-arquidiocesano-da-saude-e-da-paz-recebe-segunda-feira-catequetica\/#primaryimage\"},\"image\":{\"@id\":\"https:\/\/www.padreeustaquio.com.br\/santuario-arquidiocesano-da-saude-e-da-paz-recebe-segunda-feira-catequetica\/#primaryimage\"},\"thumbnailUrl\":\"https:\/\/www.padreeustaquio.com.br\/wp-content\/uploads\/2023\/06\/II-Feira-Catequetica-8.jpeg\",\"datePublished\":\"2023-06-28T09:39:09+00:00\",\"dateModified\":\"2023-06-28T12:57:30+00:00\",\"description\":\"O Santu\u00e1rio da Sa\u00fade e da Paz, Igreja do Beato Padre Eust\u00e1quio, recebeu no \u00faltimo domingo, 25 de junho, a segunda edi\u00e7\u00e3o da Feira Catequ\u00e9tica. A mostra \u00e9 uma forma de estimular os catequizandos para a viv\u00eancia da Palavra de Deus.\",\"breadcrumb\":{\"@id\":\"https:\/\/www.padreeustaquio.com.br\/santuario-arquidiocesano-da-saude-e-da-paz-recebe-segunda-feira-catequetica\/#breadcrumb\"},\"inLanguage\":\"es\",\"potentialAction\":[{\"@type\":\"ReadAction\",\"target\":[\"https:\/\/www.padreeustaquio.com.br\/santuario-arquidiocesano-da-saude-e-da-paz-recebe-segunda-feira-catequetica\/\"]}]},{\"@type\":\"ImageObject\",\"inLanguage\":\"es\",\"@id\":\"https:\/\/www.padreeustaquio.com.br\/santuario-arquidiocesano-da-saude-e-da-paz-recebe-segunda-feira-catequetica\/#primaryimage\",\"url\":\"https:\/\/www.padreeustaquio.com.br\/wp-content\/uploads\/2023\/06\/II-Feira-Catequetica-8.jpeg\",\"contentUrl\":\"https:\/\/www.padreeustaquio.com.br\/wp-content\/uploads\/2023\/06\/II-Feira-Catequetica-8.jpeg\",\"width\":1600,\"height\":901},{\"@type\":\"BreadcrumbList\",\"@id\":\"https:\/\/www.padreeustaquio.com.br\/santuario-arquidiocesano-da-saude-e-da-paz-recebe-segunda-feira-catequetica\/#breadcrumb\",\"itemListElement\":[{\"@type\":\"ListItem\",\"position\":1,\"name\":\"In\u00edcio\",\"item\":\"https:\/\/www.padreeustaquio.com.br\/\"},{\"@type\":\"ListItem\",\"position\":2,\"name\":\"Segunda Feira Catequ\u00e9tica \u00e9 realizada no Santu\u00e1rio da Sa\u00fade e da Paz\"}]},{\"@type\":\"WebSite\",\"@id\":\"https:\/\/www.padreeustaquio.com.br\/#website\",\"url\":\"https:\/\/www.padreeustaquio.com.br\/\",\"name\":\"Padre Eust\u00e1quio\",\"description\":\"Sa\u00fade e Paz\",\"publisher\":{\"@id\":\"https:\/\/www.padreeustaquio.com.br\/#organization\"},\"potentialAction\":[{\"@type\":\"SearchAction\",\"target\":{\"@type\":\"EntryPoint\",\"urlTemplate\":\"https:\/\/www.padreeustaquio.com.br\/?s={search_term_string}\"},\"query-input\":{\"@type\":\"PropertyValueSpecification\",\"valueRequired\":true,\"valueName\":\"search_term_string\"}}],\"inLanguage\":\"es\"},{\"@type\":\"Organization\",\"@id\":\"https:\/\/www.padreeustaquio.com.br\/#organization\",\"name\":\"Padre Eust\u00e1quio\",\"url\":\"https:\/\/www.padreeustaquio.com.br\/\",\"logo\":{\"@type\":\"ImageObject\",\"inLanguage\":\"es\",\"@id\":\"https:\/\/www.padreeustaquio.com.br\/#\/schema\/logo\/image\/\",\"url\":\"https:\/\/www.padreeustaquio.com.br\/wp-content\/uploads\/2019\/08\/marca.png\",\"contentUrl\":\"https:\/\/www.padreeustaquio.com.br\/wp-content\/uploads\/2019\/08\/marca.png\",\"width\":350,\"height\":400,\"caption\":\"Padre Eust\u00e1quio\"},\"image\":{\"@id\":\"https:\/\/www.padreeustaquio.com.br\/#\/schema\/logo\/image\/\"},\"sameAs\":[\"https:\/\/www.facebook.com\/beatopadreeustaquio\/\",\"https:\/\/x.com\/beatopeustaquio\",\"https:\/\/www.instagram.com\/beatopadreeustaquio\/\",\"https:\/\/www.youtube.com\/channel\/UCRhw7vfabnajwLxb1ZXMeIw\"]},{\"@type\":\"Person\",\"@id\":\"https:\/\/www.padreeustaquio.com.br\/#\/schema\/person\/a2a51db1d00f1a7af0204a0f1ddb1566\",\"name\":\"@sscc\",\"image\":{\"@type\":\"ImageObject\",\"inLanguage\":\"es\",\"@id\":\"https:\/\/secure.gravatar.com\/avatar\/68cfafa5f44617fea54071e215026e0ff06be366c3d54a8425f04fdcb86f8c5f?s=96&d=mm&r=g\",\"url\":\"https:\/\/secure.gravatar.com\/avatar\/68cfafa5f44617fea54071e215026e0ff06be366c3d54a8425f04fdcb86f8c5f?s=96&d=mm&r=g\",\"contentUrl\":\"https:\/\/secure.gravatar.com\/avatar\/68cfafa5f44617fea54071e215026e0ff06be366c3d54a8425f04fdcb86f8c5f?s=96&d=mm&r=g\",\"caption\":\"@sscc\"},\"url\":\"https:\/\/www.padreeustaquio.com.br\/es\/author\/sscc\/\"}]}<\/script>\n<!-- \/ Yoast SEO plugin. -->","yoast_head_json":{"title":"El Lunes Catequ\u00e9tico se celebra en el Santuario de la Salud y la Paz.","description":"El Santuario de Salud y Paz, Iglesia del Beato Padre Eustaquio, alberg\u00f3 la segunda edici\u00f3n de la Feria Catequ\u00e9tica el pasado domingo 25 de junio. La exposici\u00f3n es una forma de animar a los catec\u00famenos a vivir la Palabra de Dios.","robots":{"index":"index","follow":"follow","max-snippet":"max-snippet:-1","max-image-preview":"max-image-preview:large","max-video-preview":"max-video-preview:-1"},"canonical":"https:\/\/www.padreeustaquio.com.br\/es\/el-santuario-arquidiocesano-de-salud-y-paz-acoge-la-segunda-feria-catequetica\/","og_locale":"es_ES","og_type":"article","og_title":"Segunda Feira Catequ\u00e9tica \u00e9 realizada no Santu\u00e1rio da Sa\u00fade e da Paz","og_description":"O Santu\u00e1rio da Sa\u00fade e da Paz, Igreja do Beato Padre Eust\u00e1quio, recebeu no \u00faltimo domingo, 25 de junho, a segunda edi\u00e7\u00e3o da Feira Catequ\u00e9tica. A mostra \u00e9 uma forma de estimular os catequizandos para a viv\u00eancia da Palavra de Deus.","og_url":"https:\/\/www.padreeustaquio.com.br\/es\/el-santuario-arquidiocesano-de-salud-y-paz-acoge-la-segunda-feria-catequetica\/","og_site_name":"Padre Eust\u00e1quio","article_publisher":"https:\/\/www.facebook.com\/beatopadreeustaquio\/","article_published_time":"2023-06-28T09:39:09+00:00","article_modified_time":"2023-06-28T12:57:30+00:00","og_image":[{"width":1600,"height":901,"url":"https:\/\/www.padreeustaquio.com.br\/wp-content\/uploads\/2023\/06\/II-Feira-Catequetica-8.jpeg","type":"image\/jpeg"}],"author":"@sscc","twitter_card":"summary_large_image","twitter_creator":"@beatopeustaquio","twitter_site":"@beatopeustaquio","twitter_misc":{"Escrito por":"@sscc","Tiempo de lectura":"2 minutos"},"schema":{"@context":"https:\/\/schema.org","@graph":[{"@type":"Article","@id":"https:\/\/www.padreeustaquio.com.br\/santuario-arquidiocesano-da-saude-e-da-paz-recebe-segunda-feira-catequetica\/#article","isPartOf":{"@id":"https:\/\/www.padreeustaquio.com.br\/santuario-arquidiocesano-da-saude-e-da-paz-recebe-segunda-feira-catequetica\/"},"author":{"name":"@sscc","@id":"https:\/\/www.padreeustaquio.com.br\/#\/schema\/person\/a2a51db1d00f1a7af0204a0f1ddb1566"},"headline":"Segunda Feira Catequ\u00e9tica \u00e9 realizada no Santu\u00e1rio da Sa\u00fade e da Paz","datePublished":"2023-06-28T09:39:09+00:00","dateModified":"2023-06-28T12:57:30+00:00","mainEntityOfPage":{"@id":"https:\/\/www.padreeustaquio.com.br\/santuario-arquidiocesano-da-saude-e-da-paz-recebe-segunda-feira-catequetica\/"},"wordCount":314,"commentCount":0,"publisher":{"@id":"https:\/\/www.padreeustaquio.com.br\/#organization"},"image":{"@id":"https:\/\/www.padreeustaquio.com.br\/santuario-arquidiocesano-da-saude-e-da-paz-recebe-segunda-feira-catequetica\/#primaryimage"},"thumbnailUrl":"https:\/\/www.padreeustaquio.com.br\/wp-content\/uploads\/2023\/06\/II-Feira-Catequetica-8.jpeg","articleSection":["Not\u00edcias"],"inLanguage":"es","potentialAction":[{"@type":"CommentAction","name":"Comment","target":["https:\/\/www.padreeustaquio.com.br\/santuario-arquidiocesano-da-saude-e-da-paz-recebe-segunda-feira-catequetica\/#respond"]}]},{"@type":"WebPage","@id":"https:\/\/www.padreeustaquio.com.br\/santuario-arquidiocesano-da-saude-e-da-paz-recebe-segunda-feira-catequetica\/","url":"https:\/\/www.padreeustaquio.com.br\/santuario-arquidiocesano-da-saude-e-da-paz-recebe-segunda-feira-catequetica\/","name":"El Lunes Catequ\u00e9tico se celebra en el Santuario de la Salud y la Paz.","isPartOf":{"@id":"https:\/\/www.padreeustaquio.com.br\/#website"},"primaryImageOfPage":{"@id":"https:\/\/www.padreeustaquio.com.br\/santuario-arquidiocesano-da-saude-e-da-paz-recebe-segunda-feira-catequetica\/#primaryimage"},"image":{"@id":"https:\/\/www.padreeustaquio.com.br\/santuario-arquidiocesano-da-saude-e-da-paz-recebe-segunda-feira-catequetica\/#primaryimage"},"thumbnailUrl":"https:\/\/www.padreeustaquio.com.br\/wp-content\/uploads\/2023\/06\/II-Feira-Catequetica-8.jpeg","datePublished":"2023-06-28T09:39:09+00:00","dateModified":"2023-06-28T12:57:30+00:00","description":"El Santuario de Salud y Paz, Iglesia del Beato Padre Eustaquio, alberg\u00f3 la segunda edici\u00f3n de la Feria Catequ\u00e9tica el pasado domingo 25 de junio. La exposici\u00f3n es una forma de animar a los catec\u00famenos a vivir la Palabra de Dios.","breadcrumb":{"@id":"https:\/\/www.padreeustaquio.com.br\/santuario-arquidiocesano-da-saude-e-da-paz-recebe-segunda-feira-catequetica\/#breadcrumb"},"inLanguage":"es","potentialAction":[{"@type":"ReadAction","target":["https:\/\/www.padreeustaquio.com.br\/santuario-arquidiocesano-da-saude-e-da-paz-recebe-segunda-feira-catequetica\/"]}]},{"@type":"ImageObject","inLanguage":"es","@id":"https:\/\/www.padreeustaquio.com.br\/santuario-arquidiocesano-da-saude-e-da-paz-recebe-segunda-feira-catequetica\/#primaryimage","url":"https:\/\/www.padreeustaquio.com.br\/wp-content\/uploads\/2023\/06\/II-Feira-Catequetica-8.jpeg","contentUrl":"https:\/\/www.padreeustaquio.com.br\/wp-content\/uploads\/2023\/06\/II-Feira-Catequetica-8.jpeg","width":1600,"height":901},{"@type":"BreadcrumbList","@id":"https:\/\/www.padreeustaquio.com.br\/santuario-arquidiocesano-da-saude-e-da-paz-recebe-segunda-feira-catequetica\/#breadcrumb","itemListElement":[{"@type":"ListItem","position":1,"name":"In\u00edcio","item":"https:\/\/www.padreeustaquio.com.br\/"},{"@type":"ListItem","position":2,"name":"Segunda Feira Catequ\u00e9tica \u00e9 realizada no Santu\u00e1rio da Sa\u00fade e da Paz"}]},{"@type":"WebSite","@id":"https:\/\/www.padreeustaquio.com.br\/#website","url":"https:\/\/www.padreeustaquio.com.br\/","name":"Padre Eustace","description":"Salud y Paz","publisher":{"@id":"https:\/\/www.padreeustaquio.com.br\/#organization"},"potentialAction":[{"@type":"SearchAction","target":{"@type":"EntryPoint","urlTemplate":"https:\/\/www.padreeustaquio.com.br\/?s={search_term_string}"},"query-input":{"@type":"PropertyValueSpecification","valueRequired":true,"valueName":"search_term_string"}}],"inLanguage":"es"},{"@type":"Organization","@id":"https:\/\/www.padreeustaquio.com.br\/#organization","name":"Padre Eustace","url":"https:\/\/www.padreeustaquio.com.br\/","logo":{"@type":"ImageObject","inLanguage":"es","@id":"https:\/\/www.padreeustaquio.com.br\/#\/schema\/logo\/image\/","url":"https:\/\/www.padreeustaquio.com.br\/wp-content\/uploads\/2019\/08\/marca.png","contentUrl":"https:\/\/www.padreeustaquio.com.br\/wp-content\/uploads\/2019\/08\/marca.png","width":350,"height":400,"caption":"Padre Eust\u00e1quio"},"image":{"@id":"https:\/\/www.padreeustaquio.com.br\/#\/schema\/logo\/image\/"},"sameAs":["https:\/\/www.facebook.com\/beatopadreeustaquio\/","https:\/\/x.com\/beatopeustaquio","https:\/\/www.instagram.com\/beatopadreeustaquio\/","https:\/\/www.youtube.com\/channel\/UCRhw7vfabnajwLxb1ZXMeIw"]},{"@type":"Person","@id":"https:\/\/www.padreeustaquio.com.br\/#\/schema\/person\/a2a51db1d00f1a7af0204a0f1ddb1566","name":"@sscc","image":{"@type":"ImageObject","inLanguage":"es","@id":"https:\/\/secure.gravatar.com\/avatar\/68cfafa5f44617fea54071e215026e0ff06be366c3d54a8425f04fdcb86f8c5f?s=96&d=mm&r=g","url":"https:\/\/secure.gravatar.com\/avatar\/68cfafa5f44617fea54071e215026e0ff06be366c3d54a8425f04fdcb86f8c5f?s=96&d=mm&r=g","contentUrl":"https:\/\/secure.gravatar.com\/avatar\/68cfafa5f44617fea54071e215026e0ff06be366c3d54a8425f04fdcb86f8c5f?s=96&d=mm&r=g","caption":"@sscc"},"url":"https:\/\/www.padreeustaquio.com.br\/es\/author\/sscc\/"}]}},"_links":{"self":[{"href":"https:\/\/www.padreeustaquio.com.br\/es\/wp-json\/wp\/v2\/posts\/10614","targetHints":{"allow":["GET"]}}],"collection":[{"href":"https:\/\/www.padreeustaquio.com.br\/es\/wp-json\/wp\/v2\/posts"}],"about":[{"href":"https:\/\/www.padreeustaquio.com.br\/es\/wp-json\/wp\/v2\/types\/post"}],"author":[{"embeddable":true,"href":"https:\/\/www.padreeustaquio.com.br\/es\/wp-json\/wp\/v2\/users\/2"}],"replies":[{"embeddable":true,"href":"https:\/\/www.padreeustaquio.com.br\/es\/wp-json\/wp\/v2\/comments?post=10614"}],"version-history":[{"count":0,"href":"https:\/\/www.padreeustaquio.com.br\/es\/wp-json\/wp\/v2\/posts\/10614\/revisions"}],"wp:featuredmedia":[{"embeddable":true,"href":"https:\/\/www.padreeustaquio.com.br\/es\/wp-json\/wp\/v2\/media\/10616"}],"wp:attachment":[{"href":"https:\/\/www.padreeustaquio.com.br\/es\/wp-json\/wp\/v2\/media?parent=10614"}],"wp:term":[{"taxonomy":"category","embeddable":true,"href":"https:\/\/www.padreeustaquio.com.br\/es\/wp-json\/wp\/v2\/categories?post=10614"},{"taxonomy":"post_tag","embeddable":true,"href":"https:\/\/www.padreeustaquio.com.br\/es\/wp-json\/wp\/v2\/tags?post=10614"}],"curies":[{"name":"wp","href":"https:\/\/api.w.org\/{rel}","templated":true}]}}