{"id":10605,"date":"2023-06-26T08:54:20","date_gmt":"2023-06-26T11:54:20","guid":{"rendered":"https:\/\/www.padreeustaquio.com.br\/?p=10605"},"modified":"2023-06-26T08:54:20","modified_gmt":"2023-06-26T11:54:20","slug":"miles-de-personas-participan-en-la-fiesta-de-los-sagrados-corazones-2023","status":"publish","type":"post","link":"https:\/\/www.padreeustaquio.com.br\/es\/miles-de-personas-participan-en-la-fiesta-de-los-sagrados-corazones-2023\/","title":{"rendered":"Miles de personas participan en la Fiesta de los Sagrados Corazones 2023."},"content":{"rendered":"<p>Con entusiasmo y gran unidad, la comunidad parroquial y los visitantes del Santuario de la Salud y la Paz participaron en la Fiesta de los Sagrados Corazones en Belo Horizonte durante los \u00faltimos 10 d\u00edas. La primera semana estuvo llena de celebraciones solemnes, mientras que la segunda brind\u00f3 mucho baile y diversi\u00f3n.<\/p>\n<p>Tras celebrar las solemnidades del Sagrado Coraz\u00f3n de Jes\u00fas y del Sagrado Coraz\u00f3n de Mar\u00eda, los devotos dedicaron la semana a reflexionar sobre temas relacionados con los Sagrados Corazones. El viernes pasado, comidas y bebidas t\u00edpicas animaron el \u00e1rea exterior del Santuario. El grupo de danza Jil\u00f3 com Mel Quadrilha actu\u00f3, entreteniendo a los presentes.<\/p>\n<p>El s\u00e1bado, justo despu\u00e9s de la misa de las 17:00, el grupo juvenil Padre Eust\u00e1quio realiz\u00f3 un baile en cuadrilla que emocion\u00f3 la noche y anim\u00f3 a los participantes. El domingo, la comunidad recibi\u00f3 la primera misa del Padre Wanderson, SSCC, en la capital de Minas Gerais.<\/p>\n<p>Por la tarde, miles de personas se congregaron en la plaza para la \u00faltima noche de las festividades. Un a\u00f1o m\u00e1s, el grupo de danza Quadrilha Trem D&#039;Minas clausur\u00f3 los puestos de comida con una actuaci\u00f3n que deleit\u00f3 a todos.<\/p>","protected":false},"excerpt":{"rendered":"<p>Com entusiasmo e muita uni\u00e3o, a comunidade paroquial e os visitantes do Santu\u00e1rio da Sa\u00fade e da Paz, participaram durante os \u00faltimos 10 dias, da Festa dos Sagrados Cora\u00e7\u00f5es em Belo Horizonte. A primeira semana foi de celebra\u00e7\u00f5es solenes, j\u00e1 a segunda contou com muita dan\u00e7a e divers\u00e3o. Depois de celebrar as solenidades do Cora\u00e7\u00e3o de Jesus e de Maria, os devotos passaram a semana refletindo sobre temas ligados aos Sagrados Cora\u00e7\u00f5es. J\u00e1 na \u00faltima sexta-feira, comidas e bebidas t\u00edpicas movimentaram a parte externa do Santu\u00e1rio. A Quadrilha Jil\u00f3 com Mel se apresentou, animando quem esteve presente. No s\u00e1bado, logo [&hellip;]<\/p>\n","protected":false},"author":2,"featured_media":10606,"comment_status":"open","ping_status":"closed","sticky":false,"template":"","format":"standard","meta":{"_acf_changed":false,"footnotes":""},"categories":[611],"tags":[],"class_list":["post-10605","post","type-post","status-publish","format-standard","has-post-thumbnail","hentry","category-noticias"],"acf":[],"yoast_head":"<!-- This site is optimized with the Yoast SEO plugin v27.2 - https:\/\/yoast.com\/product\/yoast-seo-wordpress\/ -->\n<title>Milhares de pessoas participam da Festa dos Sagrados Cora\u00e7\u00f5es 2023<\/title>\n<meta name=\"description\" content=\"Com entusiasmo e muita uni\u00e3o, a comunidade paroquial e os visitantes do Santu\u00e1rio da Sa\u00fade e da Paz, participaram durante os \u00faltimos 10 dias, da Festa dos Sagrados Cora\u00e7\u00f5es em Belo Horizonte. A primeira semana foi de celebra\u00e7\u00f5es solenes, j\u00e1 a segunda contou com muita dan\u00e7a e divers\u00e3o.\" \/>\n<meta name=\"robots\" content=\"index, follow, max-snippet:-1, max-image-preview:large, max-video-preview:-1\" \/>\n<link rel=\"canonical\" href=\"https:\/\/www.padreeustaquio.com.br\/es\/miles-de-personas-participan-en-la-fiesta-de-los-sagrados-corazones-2023\/\" \/>\n<meta property=\"og:locale\" content=\"es_ES\" \/>\n<meta property=\"og:type\" content=\"article\" \/>\n<meta property=\"og:title\" content=\"Milhares de pessoas participam da Festa dos Sagrados Cora\u00e7\u00f5es 2023\" \/>\n<meta property=\"og:description\" content=\"Com entusiasmo e muita uni\u00e3o, a comunidade paroquial e os visitantes do Santu\u00e1rio da Sa\u00fade e da Paz, participaram durante os \u00faltimos 10 dias, da Festa dos Sagrados Cora\u00e7\u00f5es em Belo Horizonte. A primeira semana foi de celebra\u00e7\u00f5es solenes, j\u00e1 a segunda contou com muita dan\u00e7a e divers\u00e3o.\" \/>\n<meta property=\"og:url\" content=\"https:\/\/www.padreeustaquio.com.br\/es\/miles-de-personas-participan-en-la-fiesta-de-los-sagrados-corazones-2023\/\" \/>\n<meta property=\"og:site_name\" content=\"Padre Eust\u00e1quio\" \/>\n<meta property=\"article:publisher\" content=\"https:\/\/www.facebook.com\/beatopadreeustaquio\/\" \/>\n<meta property=\"article:published_time\" content=\"2023-06-26T11:54:20+00:00\" \/>\n<meta property=\"og:image\" content=\"https:\/\/www.padreeustaquio.com.br\/wp-content\/uploads\/2023\/06\/Quadrilha-do-Padre-Eustaquio.jpeg\" \/>\n\t<meta property=\"og:image:width\" content=\"1600\" \/>\n\t<meta property=\"og:image:height\" content=\"1200\" \/>\n\t<meta property=\"og:image:type\" content=\"image\/jpeg\" \/>\n<meta name=\"author\" content=\"@sscc\" \/>\n<meta name=\"twitter:card\" content=\"summary_large_image\" \/>\n<meta name=\"twitter:creator\" content=\"@beatopeustaquio\" \/>\n<meta name=\"twitter:site\" content=\"@beatopeustaquio\" \/>\n<meta name=\"twitter:label1\" content=\"Escrito por\" \/>\n\t<meta name=\"twitter:data1\" content=\"@sscc\" \/>\n\t<meta name=\"twitter:label2\" content=\"Tiempo de lectura\" \/>\n\t<meta name=\"twitter:data2\" content=\"1 minuto\" \/>\n<script type=\"application\/ld+json\" class=\"yoast-schema-graph\">{\"@context\":\"https:\/\/schema.org\",\"@graph\":[{\"@type\":\"Article\",\"@id\":\"https:\/\/www.padreeustaquio.com.br\/milhares-de-pessoas-participam-da-festa-dos-sagrados-coracoes-2023\/#article\",\"isPartOf\":{\"@id\":\"https:\/\/www.padreeustaquio.com.br\/milhares-de-pessoas-participam-da-festa-dos-sagrados-coracoes-2023\/\"},\"author\":{\"name\":\"@sscc\",\"@id\":\"https:\/\/www.padreeustaquio.com.br\/#\/schema\/person\/a2a51db1d00f1a7af0204a0f1ddb1566\"},\"headline\":\"Milhares de pessoas participam da Festa dos Sagrados Cora\u00e7\u00f5es 2023\",\"datePublished\":\"2023-06-26T11:54:20+00:00\",\"mainEntityOfPage\":{\"@id\":\"https:\/\/www.padreeustaquio.com.br\/milhares-de-pessoas-participam-da-festa-dos-sagrados-coracoes-2023\/\"},\"wordCount\":197,\"commentCount\":0,\"publisher\":{\"@id\":\"https:\/\/www.padreeustaquio.com.br\/#organization\"},\"image\":{\"@id\":\"https:\/\/www.padreeustaquio.com.br\/milhares-de-pessoas-participam-da-festa-dos-sagrados-coracoes-2023\/#primaryimage\"},\"thumbnailUrl\":\"https:\/\/www.padreeustaquio.com.br\/wp-content\/uploads\/2023\/06\/Quadrilha-do-Padre-Eustaquio.jpeg\",\"articleSection\":[\"Not\u00edcias\"],\"inLanguage\":\"es\",\"potentialAction\":[{\"@type\":\"CommentAction\",\"name\":\"Comment\",\"target\":[\"https:\/\/www.padreeustaquio.com.br\/milhares-de-pessoas-participam-da-festa-dos-sagrados-coracoes-2023\/#respond\"]}]},{\"@type\":\"WebPage\",\"@id\":\"https:\/\/www.padreeustaquio.com.br\/milhares-de-pessoas-participam-da-festa-dos-sagrados-coracoes-2023\/\",\"url\":\"https:\/\/www.padreeustaquio.com.br\/milhares-de-pessoas-participam-da-festa-dos-sagrados-coracoes-2023\/\",\"name\":\"Milhares de pessoas participam da Festa dos Sagrados Cora\u00e7\u00f5es 2023\",\"isPartOf\":{\"@id\":\"https:\/\/www.padreeustaquio.com.br\/#website\"},\"primaryImageOfPage\":{\"@id\":\"https:\/\/www.padreeustaquio.com.br\/milhares-de-pessoas-participam-da-festa-dos-sagrados-coracoes-2023\/#primaryimage\"},\"image\":{\"@id\":\"https:\/\/www.padreeustaquio.com.br\/milhares-de-pessoas-participam-da-festa-dos-sagrados-coracoes-2023\/#primaryimage\"},\"thumbnailUrl\":\"https:\/\/www.padreeustaquio.com.br\/wp-content\/uploads\/2023\/06\/Quadrilha-do-Padre-Eustaquio.jpeg\",\"datePublished\":\"2023-06-26T11:54:20+00:00\",\"description\":\"Com entusiasmo e muita uni\u00e3o, a comunidade paroquial e os visitantes do Santu\u00e1rio da Sa\u00fade e da Paz, participaram durante os \u00faltimos 10 dias, da Festa dos Sagrados Cora\u00e7\u00f5es em Belo Horizonte. A primeira semana foi de celebra\u00e7\u00f5es solenes, j\u00e1 a segunda contou com muita dan\u00e7a e divers\u00e3o.\",\"breadcrumb\":{\"@id\":\"https:\/\/www.padreeustaquio.com.br\/milhares-de-pessoas-participam-da-festa-dos-sagrados-coracoes-2023\/#breadcrumb\"},\"inLanguage\":\"es\",\"potentialAction\":[{\"@type\":\"ReadAction\",\"target\":[\"https:\/\/www.padreeustaquio.com.br\/milhares-de-pessoas-participam-da-festa-dos-sagrados-coracoes-2023\/\"]}]},{\"@type\":\"ImageObject\",\"inLanguage\":\"es\",\"@id\":\"https:\/\/www.padreeustaquio.com.br\/milhares-de-pessoas-participam-da-festa-dos-sagrados-coracoes-2023\/#primaryimage\",\"url\":\"https:\/\/www.padreeustaquio.com.br\/wp-content\/uploads\/2023\/06\/Quadrilha-do-Padre-Eustaquio.jpeg\",\"contentUrl\":\"https:\/\/www.padreeustaquio.com.br\/wp-content\/uploads\/2023\/06\/Quadrilha-do-Padre-Eustaquio.jpeg\",\"width\":1600,\"height\":1200},{\"@type\":\"BreadcrumbList\",\"@id\":\"https:\/\/www.padreeustaquio.com.br\/milhares-de-pessoas-participam-da-festa-dos-sagrados-coracoes-2023\/#breadcrumb\",\"itemListElement\":[{\"@type\":\"ListItem\",\"position\":1,\"name\":\"In\u00edcio\",\"item\":\"https:\/\/www.padreeustaquio.com.br\/\"},{\"@type\":\"ListItem\",\"position\":2,\"name\":\"Milhares de pessoas participam da Festa dos Sagrados Cora\u00e7\u00f5es 2023\"}]},{\"@type\":\"WebSite\",\"@id\":\"https:\/\/www.padreeustaquio.com.br\/#website\",\"url\":\"https:\/\/www.padreeustaquio.com.br\/\",\"name\":\"Padre Eust\u00e1quio\",\"description\":\"Sa\u00fade e Paz\",\"publisher\":{\"@id\":\"https:\/\/www.padreeustaquio.com.br\/#organization\"},\"potentialAction\":[{\"@type\":\"SearchAction\",\"target\":{\"@type\":\"EntryPoint\",\"urlTemplate\":\"https:\/\/www.padreeustaquio.com.br\/?s={search_term_string}\"},\"query-input\":{\"@type\":\"PropertyValueSpecification\",\"valueRequired\":true,\"valueName\":\"search_term_string\"}}],\"inLanguage\":\"es\"},{\"@type\":\"Organization\",\"@id\":\"https:\/\/www.padreeustaquio.com.br\/#organization\",\"name\":\"Padre Eust\u00e1quio\",\"url\":\"https:\/\/www.padreeustaquio.com.br\/\",\"logo\":{\"@type\":\"ImageObject\",\"inLanguage\":\"es\",\"@id\":\"https:\/\/www.padreeustaquio.com.br\/#\/schema\/logo\/image\/\",\"url\":\"https:\/\/www.padreeustaquio.com.br\/wp-content\/uploads\/2019\/08\/marca.png\",\"contentUrl\":\"https:\/\/www.padreeustaquio.com.br\/wp-content\/uploads\/2019\/08\/marca.png\",\"width\":350,\"height\":400,\"caption\":\"Padre Eust\u00e1quio\"},\"image\":{\"@id\":\"https:\/\/www.padreeustaquio.com.br\/#\/schema\/logo\/image\/\"},\"sameAs\":[\"https:\/\/www.facebook.com\/beatopadreeustaquio\/\",\"https:\/\/x.com\/beatopeustaquio\",\"https:\/\/www.instagram.com\/beatopadreeustaquio\/\",\"https:\/\/www.youtube.com\/channel\/UCRhw7vfabnajwLxb1ZXMeIw\"]},{\"@type\":\"Person\",\"@id\":\"https:\/\/www.padreeustaquio.com.br\/#\/schema\/person\/a2a51db1d00f1a7af0204a0f1ddb1566\",\"name\":\"@sscc\",\"image\":{\"@type\":\"ImageObject\",\"inLanguage\":\"es\",\"@id\":\"https:\/\/secure.gravatar.com\/avatar\/68cfafa5f44617fea54071e215026e0ff06be366c3d54a8425f04fdcb86f8c5f?s=96&d=mm&r=g\",\"url\":\"https:\/\/secure.gravatar.com\/avatar\/68cfafa5f44617fea54071e215026e0ff06be366c3d54a8425f04fdcb86f8c5f?s=96&d=mm&r=g\",\"contentUrl\":\"https:\/\/secure.gravatar.com\/avatar\/68cfafa5f44617fea54071e215026e0ff06be366c3d54a8425f04fdcb86f8c5f?s=96&d=mm&r=g\",\"caption\":\"@sscc\"},\"url\":\"https:\/\/www.padreeustaquio.com.br\/es\/author\/sscc\/\"}]}<\/script>\n<!-- \/ Yoast SEO plugin. -->","yoast_head_json":{"title":"Miles de personas participan en la Fiesta de los Sagrados Corazones 2023.","description":"Con entusiasmo y gran unidad, la comunidad parroquial y los visitantes del Santuario de la Salud y la Paz participaron en la Fiesta de los Sagrados Corazones en Belo Horizonte durante los \u00faltimos 10 d\u00edas. La primera semana estuvo llena de celebraciones solemnes, mientras que la segunda brind\u00f3 mucho baile y diversi\u00f3n.","robots":{"index":"index","follow":"follow","max-snippet":"max-snippet:-1","max-image-preview":"max-image-preview:large","max-video-preview":"max-video-preview:-1"},"canonical":"https:\/\/www.padreeustaquio.com.br\/es\/miles-de-personas-participan-en-la-fiesta-de-los-sagrados-corazones-2023\/","og_locale":"es_ES","og_type":"article","og_title":"Milhares de pessoas participam da Festa dos Sagrados Cora\u00e7\u00f5es 2023","og_description":"Com entusiasmo e muita uni\u00e3o, a comunidade paroquial e os visitantes do Santu\u00e1rio da Sa\u00fade e da Paz, participaram durante os \u00faltimos 10 dias, da Festa dos Sagrados Cora\u00e7\u00f5es em Belo Horizonte. A primeira semana foi de celebra\u00e7\u00f5es solenes, j\u00e1 a segunda contou com muita dan\u00e7a e divers\u00e3o.","og_url":"https:\/\/www.padreeustaquio.com.br\/es\/miles-de-personas-participan-en-la-fiesta-de-los-sagrados-corazones-2023\/","og_site_name":"Padre Eust\u00e1quio","article_publisher":"https:\/\/www.facebook.com\/beatopadreeustaquio\/","article_published_time":"2023-06-26T11:54:20+00:00","og_image":[{"width":1600,"height":1200,"url":"https:\/\/www.padreeustaquio.com.br\/wp-content\/uploads\/2023\/06\/Quadrilha-do-Padre-Eustaquio.jpeg","type":"image\/jpeg"}],"author":"@sscc","twitter_card":"summary_large_image","twitter_creator":"@beatopeustaquio","twitter_site":"@beatopeustaquio","twitter_misc":{"Escrito por":"@sscc","Tiempo de lectura":"1 minuto"},"schema":{"@context":"https:\/\/schema.org","@graph":[{"@type":"Article","@id":"https:\/\/www.padreeustaquio.com.br\/milhares-de-pessoas-participam-da-festa-dos-sagrados-coracoes-2023\/#article","isPartOf":{"@id":"https:\/\/www.padreeustaquio.com.br\/milhares-de-pessoas-participam-da-festa-dos-sagrados-coracoes-2023\/"},"author":{"name":"@sscc","@id":"https:\/\/www.padreeustaquio.com.br\/#\/schema\/person\/a2a51db1d00f1a7af0204a0f1ddb1566"},"headline":"Milhares de pessoas participam da Festa dos Sagrados Cora\u00e7\u00f5es 2023","datePublished":"2023-06-26T11:54:20+00:00","mainEntityOfPage":{"@id":"https:\/\/www.padreeustaquio.com.br\/milhares-de-pessoas-participam-da-festa-dos-sagrados-coracoes-2023\/"},"wordCount":197,"commentCount":0,"publisher":{"@id":"https:\/\/www.padreeustaquio.com.br\/#organization"},"image":{"@id":"https:\/\/www.padreeustaquio.com.br\/milhares-de-pessoas-participam-da-festa-dos-sagrados-coracoes-2023\/#primaryimage"},"thumbnailUrl":"https:\/\/www.padreeustaquio.com.br\/wp-content\/uploads\/2023\/06\/Quadrilha-do-Padre-Eustaquio.jpeg","articleSection":["Not\u00edcias"],"inLanguage":"es","potentialAction":[{"@type":"CommentAction","name":"Comment","target":["https:\/\/www.padreeustaquio.com.br\/milhares-de-pessoas-participam-da-festa-dos-sagrados-coracoes-2023\/#respond"]}]},{"@type":"WebPage","@id":"https:\/\/www.padreeustaquio.com.br\/milhares-de-pessoas-participam-da-festa-dos-sagrados-coracoes-2023\/","url":"https:\/\/www.padreeustaquio.com.br\/milhares-de-pessoas-participam-da-festa-dos-sagrados-coracoes-2023\/","name":"Miles de personas participan en la Fiesta de los Sagrados Corazones 2023.","isPartOf":{"@id":"https:\/\/www.padreeustaquio.com.br\/#website"},"primaryImageOfPage":{"@id":"https:\/\/www.padreeustaquio.com.br\/milhares-de-pessoas-participam-da-festa-dos-sagrados-coracoes-2023\/#primaryimage"},"image":{"@id":"https:\/\/www.padreeustaquio.com.br\/milhares-de-pessoas-participam-da-festa-dos-sagrados-coracoes-2023\/#primaryimage"},"thumbnailUrl":"https:\/\/www.padreeustaquio.com.br\/wp-content\/uploads\/2023\/06\/Quadrilha-do-Padre-Eustaquio.jpeg","datePublished":"2023-06-26T11:54:20+00:00","description":"Con entusiasmo y gran unidad, la comunidad parroquial y los visitantes del Santuario de la Salud y la Paz participaron en la Fiesta de los Sagrados Corazones en Belo Horizonte durante los \u00faltimos 10 d\u00edas. La primera semana estuvo llena de celebraciones solemnes, mientras que la segunda brind\u00f3 mucho baile y diversi\u00f3n.","breadcrumb":{"@id":"https:\/\/www.padreeustaquio.com.br\/milhares-de-pessoas-participam-da-festa-dos-sagrados-coracoes-2023\/#breadcrumb"},"inLanguage":"es","potentialAction":[{"@type":"ReadAction","target":["https:\/\/www.padreeustaquio.com.br\/milhares-de-pessoas-participam-da-festa-dos-sagrados-coracoes-2023\/"]}]},{"@type":"ImageObject","inLanguage":"es","@id":"https:\/\/www.padreeustaquio.com.br\/milhares-de-pessoas-participam-da-festa-dos-sagrados-coracoes-2023\/#primaryimage","url":"https:\/\/www.padreeustaquio.com.br\/wp-content\/uploads\/2023\/06\/Quadrilha-do-Padre-Eustaquio.jpeg","contentUrl":"https:\/\/www.padreeustaquio.com.br\/wp-content\/uploads\/2023\/06\/Quadrilha-do-Padre-Eustaquio.jpeg","width":1600,"height":1200},{"@type":"BreadcrumbList","@id":"https:\/\/www.padreeustaquio.com.br\/milhares-de-pessoas-participam-da-festa-dos-sagrados-coracoes-2023\/#breadcrumb","itemListElement":[{"@type":"ListItem","position":1,"name":"In\u00edcio","item":"https:\/\/www.padreeustaquio.com.br\/"},{"@type":"ListItem","position":2,"name":"Milhares de pessoas participam da Festa dos Sagrados Cora\u00e7\u00f5es 2023"}]},{"@type":"WebSite","@id":"https:\/\/www.padreeustaquio.com.br\/#website","url":"https:\/\/www.padreeustaquio.com.br\/","name":"Padre Eustace","description":"Salud y Paz","publisher":{"@id":"https:\/\/www.padreeustaquio.com.br\/#organization"},"potentialAction":[{"@type":"SearchAction","target":{"@type":"EntryPoint","urlTemplate":"https:\/\/www.padreeustaquio.com.br\/?s={search_term_string}"},"query-input":{"@type":"PropertyValueSpecification","valueRequired":true,"valueName":"search_term_string"}}],"inLanguage":"es"},{"@type":"Organization","@id":"https:\/\/www.padreeustaquio.com.br\/#organization","name":"Padre Eustace","url":"https:\/\/www.padreeustaquio.com.br\/","logo":{"@type":"ImageObject","inLanguage":"es","@id":"https:\/\/www.padreeustaquio.com.br\/#\/schema\/logo\/image\/","url":"https:\/\/www.padreeustaquio.com.br\/wp-content\/uploads\/2019\/08\/marca.png","contentUrl":"https:\/\/www.padreeustaquio.com.br\/wp-content\/uploads\/2019\/08\/marca.png","width":350,"height":400,"caption":"Padre Eust\u00e1quio"},"image":{"@id":"https:\/\/www.padreeustaquio.com.br\/#\/schema\/logo\/image\/"},"sameAs":["https:\/\/www.facebook.com\/beatopadreeustaquio\/","https:\/\/x.com\/beatopeustaquio","https:\/\/www.instagram.com\/beatopadreeustaquio\/","https:\/\/www.youtube.com\/channel\/UCRhw7vfabnajwLxb1ZXMeIw"]},{"@type":"Person","@id":"https:\/\/www.padreeustaquio.com.br\/#\/schema\/person\/a2a51db1d00f1a7af0204a0f1ddb1566","name":"@sscc","image":{"@type":"ImageObject","inLanguage":"es","@id":"https:\/\/secure.gravatar.com\/avatar\/68cfafa5f44617fea54071e215026e0ff06be366c3d54a8425f04fdcb86f8c5f?s=96&d=mm&r=g","url":"https:\/\/secure.gravatar.com\/avatar\/68cfafa5f44617fea54071e215026e0ff06be366c3d54a8425f04fdcb86f8c5f?s=96&d=mm&r=g","contentUrl":"https:\/\/secure.gravatar.com\/avatar\/68cfafa5f44617fea54071e215026e0ff06be366c3d54a8425f04fdcb86f8c5f?s=96&d=mm&r=g","caption":"@sscc"},"url":"https:\/\/www.padreeustaquio.com.br\/es\/author\/sscc\/"}]}},"_links":{"self":[{"href":"https:\/\/www.padreeustaquio.com.br\/es\/wp-json\/wp\/v2\/posts\/10605","targetHints":{"allow":["GET"]}}],"collection":[{"href":"https:\/\/www.padreeustaquio.com.br\/es\/wp-json\/wp\/v2\/posts"}],"about":[{"href":"https:\/\/www.padreeustaquio.com.br\/es\/wp-json\/wp\/v2\/types\/post"}],"author":[{"embeddable":true,"href":"https:\/\/www.padreeustaquio.com.br\/es\/wp-json\/wp\/v2\/users\/2"}],"replies":[{"embeddable":true,"href":"https:\/\/www.padreeustaquio.com.br\/es\/wp-json\/wp\/v2\/comments?post=10605"}],"version-history":[{"count":0,"href":"https:\/\/www.padreeustaquio.com.br\/es\/wp-json\/wp\/v2\/posts\/10605\/revisions"}],"wp:featuredmedia":[{"embeddable":true,"href":"https:\/\/www.padreeustaquio.com.br\/es\/wp-json\/wp\/v2\/media\/10606"}],"wp:attachment":[{"href":"https:\/\/www.padreeustaquio.com.br\/es\/wp-json\/wp\/v2\/media?parent=10605"}],"wp:term":[{"taxonomy":"category","embeddable":true,"href":"https:\/\/www.padreeustaquio.com.br\/es\/wp-json\/wp\/v2\/categories?post=10605"},{"taxonomy":"post_tag","embeddable":true,"href":"https:\/\/www.padreeustaquio.com.br\/es\/wp-json\/wp\/v2\/tags?post=10605"}],"curies":[{"name":"wp","href":"https:\/\/api.w.org\/{rel}","templated":true}]}}