{"id":10602,"date":"2023-06-22T06:54:04","date_gmt":"2023-06-22T09:54:04","guid":{"rendered":"https:\/\/www.padreeustaquio.com.br\/?p=10602"},"modified":"2023-06-21T17:20:09","modified_gmt":"2023-06-21T20:20:09","slug":"el-proximo-domingo-el-padre-wanderson-celebrara-la-misa-por-primera-vez-en-el-santuario","status":"publish","type":"post","link":"https:\/\/www.padreeustaquio.com.br\/es\/el-proximo-domingo-el-padre-wanderson-celebrara-la-misa-por-primera-vez-en-el-santuario\/","title":{"rendered":"El pr\u00f3ximo domingo, el Padre Wanderson celebrar\u00e1 por primera vez la Misa en el Santuario."},"content":{"rendered":"<p>El reci\u00e9n ordenado sacerdote, el Padre Wanderson de Souza Alves, SSCC, celebrar\u00e1 la Santa Misa por primera vez en Belo Horizonte. La Celebraci\u00f3n Eucar\u00edstica tendr\u00e1 lugar este domingo 25 a las 10:00 h y se transmitir\u00e1 en vivo por el Canal Padre Eust\u00e1quio en YouTube.<\/p>\n<p>El Padre Wanderson fue ordenado sacerdote el 10 de junio en R\u00edo de Janeiro mediante la imposici\u00f3n de manos y la oraci\u00f3n consagratoria de Dom Paulo Alves Rom\u00e3o, obispo auxiliar de la Arquidi\u00f3cesis de R\u00edo de Janeiro. En esa ocasi\u00f3n, varios fieles de Belo Horizonte viajaron a R\u00edo de Janeiro para asistir a la ceremonia.<\/p>\n<p>Actualmente, el sacerdote presta servicios pastorales en la parroquia S\u00e3o Dami\u00e3o de Molokai, en Patroc\u00ednio-MG. El padre Wanderson tambi\u00e9n ha presidido las celebraciones en las parroquias de Nossa Senhora Aparecida y Nossa Senhora do Desterro, ambas en R\u00edo de Janeiro.<\/p>\n<p><strong>Padre Wanderson de Souza Alves, SSCC<\/strong><\/p>\n<p>Wanderson de Souza Alves naci\u00f3 en R\u00edo de Janeiro el 14 de abril de 1993. Es hijo de Francisco Carlos Alves y Sheila Gama de Souza Alves (fallecida). Ingres\u00f3 en la Congregaci\u00f3n en 2012. Complet\u00f3 su noviciado en 2015 en Cerrillos de Curacav\u00ed, Chile, e hizo sus primeros votos el 17 de enero de 2016 en la Parroquia Nossa Senhora do Desterro en Campo Grande, R\u00edo de Janeiro. En 2019, comenz\u00f3 a residir en la comunidad religiosa del Santuario de la Salud y la Paz en Belo Horizonte, donde ejerci\u00f3 la pastoral hasta 2022.<\/p>\n<p>Hizo su Profesi\u00f3n Perpetua el 16 de enero de 2021, tambi\u00e9n en Belo Horizonte. Complet\u00f3 sus estudios de Teolog\u00eda en 2021 en la Facultad Jesuita y fue ordenado Di\u00e1cono el 29 de agosto de 2022.<\/p>","protected":false},"excerpt":{"rendered":"<p>O neo-sacerdote, Padre Wanderson de Souza Alves, SSCC, vai celebrar a Santa Missa pela primeira vez em Belo Horizonte. A Celebra\u00e7\u00e3o Eucar\u00edstica ser\u00e1 neste domingo, dia 25, \u00e0s 10h e ser\u00e1 transmitida ao vivo pelo Canal Padre Eust\u00e1quio no YouTube. Padre Wanderson foi ordenado no \u00faltimo dia 10 de junho no Rio de Janeiro pela imposi\u00e7\u00e3o das m\u00e3os e ora\u00e7\u00e3o consecrat\u00f3ria de Dom Paulo Alves Rom\u00e3o, bispo auxiliar da Arquidiocese carioca. Na oportunidade, v\u00e1rios fi\u00e9is de Belo Horizonte foram at\u00e9 o Rio de Janeiro para acompanhar a cerim\u00f4nia. Atualmente, o sacerdote atua pastoralmente na par\u00f3quia S\u00e3o Dami\u00e3o de Molokai em [&hellip;]<\/p>\n","protected":false},"author":2,"featured_media":10603,"comment_status":"open","ping_status":"closed","sticky":false,"template":"","format":"standard","meta":{"_acf_changed":false,"footnotes":""},"categories":[611],"tags":[],"class_list":["post-10602","post","type-post","status-publish","format-standard","has-post-thumbnail","hentry","category-noticias"],"acf":[],"yoast_head":"<!-- This site is optimized with the Yoast SEO plugin v27.2 - https:\/\/yoast.com\/product\/yoast-seo-wordpress\/ -->\n<title>No pr\u00f3ximo domingo padre Wanderson celebrar\u00e1 pela primeira vez no Santu\u00e1rio<\/title>\n<meta name=\"description\" content=\"O neo-sacerdote, Padre Wanderson de Souza Alves, SSCC, vai celebrar a Santa Missa pela primeira vez em Belo Horizonte. A Celebra\u00e7\u00e3o Eucar\u00edstica ser\u00e1 neste domingo, dia 25, \u00e0s 10h e ser\u00e1 transmitida ao vivo pelo Canal Padre Eust\u00e1quio no YouTube.\" \/>\n<meta name=\"robots\" content=\"index, follow, max-snippet:-1, max-image-preview:large, max-video-preview:-1\" \/>\n<link rel=\"canonical\" href=\"https:\/\/www.padreeustaquio.com.br\/es\/el-proximo-domingo-el-padre-wanderson-celebrara-la-misa-por-primera-vez-en-el-santuario\/\" \/>\n<meta property=\"og:locale\" content=\"es_ES\" \/>\n<meta property=\"og:type\" content=\"article\" \/>\n<meta property=\"og:title\" content=\"No pr\u00f3ximo domingo padre Wanderson celebrar\u00e1 pela primeira vez no Santu\u00e1rio\" \/>\n<meta property=\"og:description\" content=\"O neo-sacerdote, Padre Wanderson de Souza Alves, SSCC, vai celebrar a Santa Missa pela primeira vez em Belo Horizonte. A Celebra\u00e7\u00e3o Eucar\u00edstica ser\u00e1 neste domingo, dia 25, \u00e0s 10h e ser\u00e1 transmitida ao vivo pelo Canal Padre Eust\u00e1quio no YouTube.\" \/>\n<meta property=\"og:url\" content=\"https:\/\/www.padreeustaquio.com.br\/es\/el-proximo-domingo-el-padre-wanderson-celebrara-la-misa-por-primera-vez-en-el-santuario\/\" \/>\n<meta property=\"og:site_name\" content=\"Padre Eust\u00e1quio\" \/>\n<meta property=\"article:publisher\" content=\"https:\/\/www.facebook.com\/beatopadreeustaquio\/\" \/>\n<meta property=\"article:published_time\" content=\"2023-06-22T09:54:04+00:00\" \/>\n<meta property=\"og:image\" content=\"https:\/\/www.padreeustaquio.com.br\/wp-content\/uploads\/2023\/06\/Padre-Wanderson.jpeg\" \/>\n\t<meta property=\"og:image:width\" content=\"1024\" \/>\n\t<meta property=\"og:image:height\" content=\"683\" \/>\n\t<meta property=\"og:image:type\" content=\"image\/jpeg\" \/>\n<meta name=\"author\" content=\"@sscc\" \/>\n<meta name=\"twitter:card\" content=\"summary_large_image\" \/>\n<meta name=\"twitter:creator\" content=\"@beatopeustaquio\" \/>\n<meta name=\"twitter:site\" content=\"@beatopeustaquio\" \/>\n<meta name=\"twitter:label1\" content=\"Escrito por\" \/>\n\t<meta name=\"twitter:data1\" content=\"@sscc\" \/>\n\t<meta name=\"twitter:label2\" content=\"Tiempo de lectura\" \/>\n\t<meta name=\"twitter:data2\" content=\"2 minutos\" \/>\n<script type=\"application\/ld+json\" class=\"yoast-schema-graph\">{\"@context\":\"https:\/\/schema.org\",\"@graph\":[{\"@type\":\"Article\",\"@id\":\"https:\/\/www.padreeustaquio.com.br\/no-proximo-domingo-padre-wanderson-celebrara-pela-primeira-vez-no-santuario\/#article\",\"isPartOf\":{\"@id\":\"https:\/\/www.padreeustaquio.com.br\/no-proximo-domingo-padre-wanderson-celebrara-pela-primeira-vez-no-santuario\/\"},\"author\":{\"name\":\"@sscc\",\"@id\":\"https:\/\/www.padreeustaquio.com.br\/#\/schema\/person\/a2a51db1d00f1a7af0204a0f1ddb1566\"},\"headline\":\"No pr\u00f3ximo domingo padre Wanderson celebrar\u00e1 pela primeira vez no Santu\u00e1rio\",\"datePublished\":\"2023-06-22T09:54:04+00:00\",\"mainEntityOfPage\":{\"@id\":\"https:\/\/www.padreeustaquio.com.br\/no-proximo-domingo-padre-wanderson-celebrara-pela-primeira-vez-no-santuario\/\"},\"wordCount\":274,\"commentCount\":0,\"publisher\":{\"@id\":\"https:\/\/www.padreeustaquio.com.br\/#organization\"},\"image\":{\"@id\":\"https:\/\/www.padreeustaquio.com.br\/no-proximo-domingo-padre-wanderson-celebrara-pela-primeira-vez-no-santuario\/#primaryimage\"},\"thumbnailUrl\":\"https:\/\/www.padreeustaquio.com.br\/wp-content\/uploads\/2023\/06\/Padre-Wanderson.jpeg\",\"articleSection\":[\"Not\u00edcias\"],\"inLanguage\":\"es\",\"potentialAction\":[{\"@type\":\"CommentAction\",\"name\":\"Comment\",\"target\":[\"https:\/\/www.padreeustaquio.com.br\/no-proximo-domingo-padre-wanderson-celebrara-pela-primeira-vez-no-santuario\/#respond\"]}]},{\"@type\":\"WebPage\",\"@id\":\"https:\/\/www.padreeustaquio.com.br\/no-proximo-domingo-padre-wanderson-celebrara-pela-primeira-vez-no-santuario\/\",\"url\":\"https:\/\/www.padreeustaquio.com.br\/no-proximo-domingo-padre-wanderson-celebrara-pela-primeira-vez-no-santuario\/\",\"name\":\"No pr\u00f3ximo domingo padre Wanderson celebrar\u00e1 pela primeira vez no Santu\u00e1rio\",\"isPartOf\":{\"@id\":\"https:\/\/www.padreeustaquio.com.br\/#website\"},\"primaryImageOfPage\":{\"@id\":\"https:\/\/www.padreeustaquio.com.br\/no-proximo-domingo-padre-wanderson-celebrara-pela-primeira-vez-no-santuario\/#primaryimage\"},\"image\":{\"@id\":\"https:\/\/www.padreeustaquio.com.br\/no-proximo-domingo-padre-wanderson-celebrara-pela-primeira-vez-no-santuario\/#primaryimage\"},\"thumbnailUrl\":\"https:\/\/www.padreeustaquio.com.br\/wp-content\/uploads\/2023\/06\/Padre-Wanderson.jpeg\",\"datePublished\":\"2023-06-22T09:54:04+00:00\",\"description\":\"O neo-sacerdote, Padre Wanderson de Souza Alves, SSCC, vai celebrar a Santa Missa pela primeira vez em Belo Horizonte. A Celebra\u00e7\u00e3o Eucar\u00edstica ser\u00e1 neste domingo, dia 25, \u00e0s 10h e ser\u00e1 transmitida ao vivo pelo Canal Padre Eust\u00e1quio no YouTube.\",\"breadcrumb\":{\"@id\":\"https:\/\/www.padreeustaquio.com.br\/no-proximo-domingo-padre-wanderson-celebrara-pela-primeira-vez-no-santuario\/#breadcrumb\"},\"inLanguage\":\"es\",\"potentialAction\":[{\"@type\":\"ReadAction\",\"target\":[\"https:\/\/www.padreeustaquio.com.br\/no-proximo-domingo-padre-wanderson-celebrara-pela-primeira-vez-no-santuario\/\"]}]},{\"@type\":\"ImageObject\",\"inLanguage\":\"es\",\"@id\":\"https:\/\/www.padreeustaquio.com.br\/no-proximo-domingo-padre-wanderson-celebrara-pela-primeira-vez-no-santuario\/#primaryimage\",\"url\":\"https:\/\/www.padreeustaquio.com.br\/wp-content\/uploads\/2023\/06\/Padre-Wanderson.jpeg\",\"contentUrl\":\"https:\/\/www.padreeustaquio.com.br\/wp-content\/uploads\/2023\/06\/Padre-Wanderson.jpeg\",\"width\":1024,\"height\":683},{\"@type\":\"BreadcrumbList\",\"@id\":\"https:\/\/www.padreeustaquio.com.br\/no-proximo-domingo-padre-wanderson-celebrara-pela-primeira-vez-no-santuario\/#breadcrumb\",\"itemListElement\":[{\"@type\":\"ListItem\",\"position\":1,\"name\":\"In\u00edcio\",\"item\":\"https:\/\/www.padreeustaquio.com.br\/\"},{\"@type\":\"ListItem\",\"position\":2,\"name\":\"No pr\u00f3ximo domingo padre Wanderson celebrar\u00e1 pela primeira vez no Santu\u00e1rio\"}]},{\"@type\":\"WebSite\",\"@id\":\"https:\/\/www.padreeustaquio.com.br\/#website\",\"url\":\"https:\/\/www.padreeustaquio.com.br\/\",\"name\":\"Padre Eust\u00e1quio\",\"description\":\"Sa\u00fade e Paz\",\"publisher\":{\"@id\":\"https:\/\/www.padreeustaquio.com.br\/#organization\"},\"potentialAction\":[{\"@type\":\"SearchAction\",\"target\":{\"@type\":\"EntryPoint\",\"urlTemplate\":\"https:\/\/www.padreeustaquio.com.br\/?s={search_term_string}\"},\"query-input\":{\"@type\":\"PropertyValueSpecification\",\"valueRequired\":true,\"valueName\":\"search_term_string\"}}],\"inLanguage\":\"es\"},{\"@type\":\"Organization\",\"@id\":\"https:\/\/www.padreeustaquio.com.br\/#organization\",\"name\":\"Padre Eust\u00e1quio\",\"url\":\"https:\/\/www.padreeustaquio.com.br\/\",\"logo\":{\"@type\":\"ImageObject\",\"inLanguage\":\"es\",\"@id\":\"https:\/\/www.padreeustaquio.com.br\/#\/schema\/logo\/image\/\",\"url\":\"https:\/\/www.padreeustaquio.com.br\/wp-content\/uploads\/2019\/08\/marca.png\",\"contentUrl\":\"https:\/\/www.padreeustaquio.com.br\/wp-content\/uploads\/2019\/08\/marca.png\",\"width\":350,\"height\":400,\"caption\":\"Padre Eust\u00e1quio\"},\"image\":{\"@id\":\"https:\/\/www.padreeustaquio.com.br\/#\/schema\/logo\/image\/\"},\"sameAs\":[\"https:\/\/www.facebook.com\/beatopadreeustaquio\/\",\"https:\/\/x.com\/beatopeustaquio\",\"https:\/\/www.instagram.com\/beatopadreeustaquio\/\",\"https:\/\/www.youtube.com\/channel\/UCRhw7vfabnajwLxb1ZXMeIw\"]},{\"@type\":\"Person\",\"@id\":\"https:\/\/www.padreeustaquio.com.br\/#\/schema\/person\/a2a51db1d00f1a7af0204a0f1ddb1566\",\"name\":\"@sscc\",\"image\":{\"@type\":\"ImageObject\",\"inLanguage\":\"es\",\"@id\":\"https:\/\/secure.gravatar.com\/avatar\/68cfafa5f44617fea54071e215026e0ff06be366c3d54a8425f04fdcb86f8c5f?s=96&d=mm&r=g\",\"url\":\"https:\/\/secure.gravatar.com\/avatar\/68cfafa5f44617fea54071e215026e0ff06be366c3d54a8425f04fdcb86f8c5f?s=96&d=mm&r=g\",\"contentUrl\":\"https:\/\/secure.gravatar.com\/avatar\/68cfafa5f44617fea54071e215026e0ff06be366c3d54a8425f04fdcb86f8c5f?s=96&d=mm&r=g\",\"caption\":\"@sscc\"},\"url\":\"https:\/\/www.padreeustaquio.com.br\/es\/author\/sscc\/\"}]}<\/script>\n<!-- \/ Yoast SEO plugin. -->","yoast_head_json":{"title":"El pr\u00f3ximo domingo, el Padre Wanderson celebrar\u00e1 por primera vez la Misa en el Santuario.","description":"El reci\u00e9n ordenado sacerdote, el Padre Wanderson de Souza Alves, SSCC, celebrar\u00e1 la Santa Misa por primera vez en Belo Horizonte. La Celebraci\u00f3n Eucar\u00edstica tendr\u00e1 lugar este domingo 25 a las 10:00 h y se transmitir\u00e1 en vivo por el Canal Padre Eust\u00e1quio en YouTube.","robots":{"index":"index","follow":"follow","max-snippet":"max-snippet:-1","max-image-preview":"max-image-preview:large","max-video-preview":"max-video-preview:-1"},"canonical":"https:\/\/www.padreeustaquio.com.br\/es\/el-proximo-domingo-el-padre-wanderson-celebrara-la-misa-por-primera-vez-en-el-santuario\/","og_locale":"es_ES","og_type":"article","og_title":"No pr\u00f3ximo domingo padre Wanderson celebrar\u00e1 pela primeira vez no Santu\u00e1rio","og_description":"O neo-sacerdote, Padre Wanderson de Souza Alves, SSCC, vai celebrar a Santa Missa pela primeira vez em Belo Horizonte. A Celebra\u00e7\u00e3o Eucar\u00edstica ser\u00e1 neste domingo, dia 25, \u00e0s 10h e ser\u00e1 transmitida ao vivo pelo Canal Padre Eust\u00e1quio no YouTube.","og_url":"https:\/\/www.padreeustaquio.com.br\/es\/el-proximo-domingo-el-padre-wanderson-celebrara-la-misa-por-primera-vez-en-el-santuario\/","og_site_name":"Padre Eust\u00e1quio","article_publisher":"https:\/\/www.facebook.com\/beatopadreeustaquio\/","article_published_time":"2023-06-22T09:54:04+00:00","og_image":[{"width":1024,"height":683,"url":"https:\/\/www.padreeustaquio.com.br\/wp-content\/uploads\/2023\/06\/Padre-Wanderson.jpeg","type":"image\/jpeg"}],"author":"@sscc","twitter_card":"summary_large_image","twitter_creator":"@beatopeustaquio","twitter_site":"@beatopeustaquio","twitter_misc":{"Escrito por":"@sscc","Tiempo de lectura":"2 minutos"},"schema":{"@context":"https:\/\/schema.org","@graph":[{"@type":"Article","@id":"https:\/\/www.padreeustaquio.com.br\/no-proximo-domingo-padre-wanderson-celebrara-pela-primeira-vez-no-santuario\/#article","isPartOf":{"@id":"https:\/\/www.padreeustaquio.com.br\/no-proximo-domingo-padre-wanderson-celebrara-pela-primeira-vez-no-santuario\/"},"author":{"name":"@sscc","@id":"https:\/\/www.padreeustaquio.com.br\/#\/schema\/person\/a2a51db1d00f1a7af0204a0f1ddb1566"},"headline":"No pr\u00f3ximo domingo padre Wanderson celebrar\u00e1 pela primeira vez no Santu\u00e1rio","datePublished":"2023-06-22T09:54:04+00:00","mainEntityOfPage":{"@id":"https:\/\/www.padreeustaquio.com.br\/no-proximo-domingo-padre-wanderson-celebrara-pela-primeira-vez-no-santuario\/"},"wordCount":274,"commentCount":0,"publisher":{"@id":"https:\/\/www.padreeustaquio.com.br\/#organization"},"image":{"@id":"https:\/\/www.padreeustaquio.com.br\/no-proximo-domingo-padre-wanderson-celebrara-pela-primeira-vez-no-santuario\/#primaryimage"},"thumbnailUrl":"https:\/\/www.padreeustaquio.com.br\/wp-content\/uploads\/2023\/06\/Padre-Wanderson.jpeg","articleSection":["Not\u00edcias"],"inLanguage":"es","potentialAction":[{"@type":"CommentAction","name":"Comment","target":["https:\/\/www.padreeustaquio.com.br\/no-proximo-domingo-padre-wanderson-celebrara-pela-primeira-vez-no-santuario\/#respond"]}]},{"@type":"WebPage","@id":"https:\/\/www.padreeustaquio.com.br\/no-proximo-domingo-padre-wanderson-celebrara-pela-primeira-vez-no-santuario\/","url":"https:\/\/www.padreeustaquio.com.br\/no-proximo-domingo-padre-wanderson-celebrara-pela-primeira-vez-no-santuario\/","name":"El pr\u00f3ximo domingo, el Padre Wanderson celebrar\u00e1 por primera vez la Misa en el Santuario.","isPartOf":{"@id":"https:\/\/www.padreeustaquio.com.br\/#website"},"primaryImageOfPage":{"@id":"https:\/\/www.padreeustaquio.com.br\/no-proximo-domingo-padre-wanderson-celebrara-pela-primeira-vez-no-santuario\/#primaryimage"},"image":{"@id":"https:\/\/www.padreeustaquio.com.br\/no-proximo-domingo-padre-wanderson-celebrara-pela-primeira-vez-no-santuario\/#primaryimage"},"thumbnailUrl":"https:\/\/www.padreeustaquio.com.br\/wp-content\/uploads\/2023\/06\/Padre-Wanderson.jpeg","datePublished":"2023-06-22T09:54:04+00:00","description":"El reci\u00e9n ordenado sacerdote, el Padre Wanderson de Souza Alves, SSCC, celebrar\u00e1 la Santa Misa por primera vez en Belo Horizonte. La Celebraci\u00f3n Eucar\u00edstica tendr\u00e1 lugar este domingo 25 a las 10:00 h y se transmitir\u00e1 en vivo por el Canal Padre Eust\u00e1quio en YouTube.","breadcrumb":{"@id":"https:\/\/www.padreeustaquio.com.br\/no-proximo-domingo-padre-wanderson-celebrara-pela-primeira-vez-no-santuario\/#breadcrumb"},"inLanguage":"es","potentialAction":[{"@type":"ReadAction","target":["https:\/\/www.padreeustaquio.com.br\/no-proximo-domingo-padre-wanderson-celebrara-pela-primeira-vez-no-santuario\/"]}]},{"@type":"ImageObject","inLanguage":"es","@id":"https:\/\/www.padreeustaquio.com.br\/no-proximo-domingo-padre-wanderson-celebrara-pela-primeira-vez-no-santuario\/#primaryimage","url":"https:\/\/www.padreeustaquio.com.br\/wp-content\/uploads\/2023\/06\/Padre-Wanderson.jpeg","contentUrl":"https:\/\/www.padreeustaquio.com.br\/wp-content\/uploads\/2023\/06\/Padre-Wanderson.jpeg","width":1024,"height":683},{"@type":"BreadcrumbList","@id":"https:\/\/www.padreeustaquio.com.br\/no-proximo-domingo-padre-wanderson-celebrara-pela-primeira-vez-no-santuario\/#breadcrumb","itemListElement":[{"@type":"ListItem","position":1,"name":"In\u00edcio","item":"https:\/\/www.padreeustaquio.com.br\/"},{"@type":"ListItem","position":2,"name":"No pr\u00f3ximo domingo padre Wanderson celebrar\u00e1 pela primeira vez no Santu\u00e1rio"}]},{"@type":"WebSite","@id":"https:\/\/www.padreeustaquio.com.br\/#website","url":"https:\/\/www.padreeustaquio.com.br\/","name":"Padre Eustace","description":"Salud y Paz","publisher":{"@id":"https:\/\/www.padreeustaquio.com.br\/#organization"},"potentialAction":[{"@type":"SearchAction","target":{"@type":"EntryPoint","urlTemplate":"https:\/\/www.padreeustaquio.com.br\/?s={search_term_string}"},"query-input":{"@type":"PropertyValueSpecification","valueRequired":true,"valueName":"search_term_string"}}],"inLanguage":"es"},{"@type":"Organization","@id":"https:\/\/www.padreeustaquio.com.br\/#organization","name":"Padre Eustace","url":"https:\/\/www.padreeustaquio.com.br\/","logo":{"@type":"ImageObject","inLanguage":"es","@id":"https:\/\/www.padreeustaquio.com.br\/#\/schema\/logo\/image\/","url":"https:\/\/www.padreeustaquio.com.br\/wp-content\/uploads\/2019\/08\/marca.png","contentUrl":"https:\/\/www.padreeustaquio.com.br\/wp-content\/uploads\/2019\/08\/marca.png","width":350,"height":400,"caption":"Padre Eust\u00e1quio"},"image":{"@id":"https:\/\/www.padreeustaquio.com.br\/#\/schema\/logo\/image\/"},"sameAs":["https:\/\/www.facebook.com\/beatopadreeustaquio\/","https:\/\/x.com\/beatopeustaquio","https:\/\/www.instagram.com\/beatopadreeustaquio\/","https:\/\/www.youtube.com\/channel\/UCRhw7vfabnajwLxb1ZXMeIw"]},{"@type":"Person","@id":"https:\/\/www.padreeustaquio.com.br\/#\/schema\/person\/a2a51db1d00f1a7af0204a0f1ddb1566","name":"@sscc","image":{"@type":"ImageObject","inLanguage":"es","@id":"https:\/\/secure.gravatar.com\/avatar\/68cfafa5f44617fea54071e215026e0ff06be366c3d54a8425f04fdcb86f8c5f?s=96&d=mm&r=g","url":"https:\/\/secure.gravatar.com\/avatar\/68cfafa5f44617fea54071e215026e0ff06be366c3d54a8425f04fdcb86f8c5f?s=96&d=mm&r=g","contentUrl":"https:\/\/secure.gravatar.com\/avatar\/68cfafa5f44617fea54071e215026e0ff06be366c3d54a8425f04fdcb86f8c5f?s=96&d=mm&r=g","caption":"@sscc"},"url":"https:\/\/www.padreeustaquio.com.br\/es\/author\/sscc\/"}]}},"_links":{"self":[{"href":"https:\/\/www.padreeustaquio.com.br\/es\/wp-json\/wp\/v2\/posts\/10602","targetHints":{"allow":["GET"]}}],"collection":[{"href":"https:\/\/www.padreeustaquio.com.br\/es\/wp-json\/wp\/v2\/posts"}],"about":[{"href":"https:\/\/www.padreeustaquio.com.br\/es\/wp-json\/wp\/v2\/types\/post"}],"author":[{"embeddable":true,"href":"https:\/\/www.padreeustaquio.com.br\/es\/wp-json\/wp\/v2\/users\/2"}],"replies":[{"embeddable":true,"href":"https:\/\/www.padreeustaquio.com.br\/es\/wp-json\/wp\/v2\/comments?post=10602"}],"version-history":[{"count":0,"href":"https:\/\/www.padreeustaquio.com.br\/es\/wp-json\/wp\/v2\/posts\/10602\/revisions"}],"wp:featuredmedia":[{"embeddable":true,"href":"https:\/\/www.padreeustaquio.com.br\/es\/wp-json\/wp\/v2\/media\/10603"}],"wp:attachment":[{"href":"https:\/\/www.padreeustaquio.com.br\/es\/wp-json\/wp\/v2\/media?parent=10602"}],"wp:term":[{"taxonomy":"category","embeddable":true,"href":"https:\/\/www.padreeustaquio.com.br\/es\/wp-json\/wp\/v2\/categories?post=10602"},{"taxonomy":"post_tag","embeddable":true,"href":"https:\/\/www.padreeustaquio.com.br\/es\/wp-json\/wp\/v2\/tags?post=10602"}],"curies":[{"name":"wp","href":"https:\/\/api.w.org\/{rel}","templated":true}]}}