{"id":10598,"date":"2023-06-21T06:33:26","date_gmt":"2023-06-21T09:33:26","guid":{"rendered":"https:\/\/www.padreeustaquio.com.br\/?p=10598"},"modified":"2023-06-20T11:40:15","modified_gmt":"2023-06-20T14:40:15","slug":"el-proximo-domingo-se-realizara-la-feria-catequetica","status":"publish","type":"post","link":"https:\/\/www.padreeustaquio.com.br\/es\/el-proximo-domingo-se-realizara-la-feria-catequetica\/","title":{"rendered":"El pr\u00f3ximo domingo se realizar\u00e1 la Feria Catequ\u00e9tica."},"content":{"rendered":"<div>La segunda edici\u00f3n de <strong>Feria Catequ\u00e9tica<\/strong> La exposici\u00f3n tendr\u00e1 lugar el pr\u00f3ximo domingo 25 de junio en el Santuario de la Salud y la Paz. La exposici\u00f3n est\u00e1 siendo desarrollada por las clases de catecismo que preparan para la Primera Comuni\u00f3n en el Santuario.<\/p>\n<p>La iniciativa busca animar a los catec\u00famenos y adolescentes a vivir la Palabra de Dios. Tambi\u00e9n busca unir a las familias y a la comunidad para que recurran a la Sagrada Escritura y tomen conciencia de la importancia de difundir el Evangelio.<\/p>\n<p>El evento reunir\u00e1 a catec\u00famenos de la comunidad parroquial \u2013ni\u00f1os, adolescentes y j\u00f3venes\u2013 junto a sus familias, para disfrutar de presentaciones realizadas a trav\u00e9s de maquetas, dibujos y experimentos que buscan explicar textos b\u00edblicos que relatan la vida de Jesucristo.<\/p>\n<p>La feria se llevar\u00e1 a cabo en el Centro Comunitario de la Iglesia Padre Eustaquio, de 8:00 a. m. a 12:00 p. m. Se abordar\u00e1n temas como la vida de Jes\u00fas, los santos y la Iglesia.<\/p>\n<\/div>","protected":false},"excerpt":{"rendered":"<p>A segunda edi\u00e7\u00e3o da Feira Catequ\u00e9tica ser\u00e1 realizada no pr\u00f3ximo domingo, 25 de junho, no Santu\u00e1rio da Sa\u00fade e da paz. A mostra est\u00e1 sendo desenvolvida pelas turmas de catequese para Primeira Eucaristia do Santu\u00e1rio. A iniciativa tem como objetivo estimular os catequizandos e adolescentes para a viv\u00eancia da Palavra de Deus . Tamb\u00e9m visa reunir as fam\u00edlias e a comunidade para que se voltem para a Sagrada Escritura tomando consci\u00eancia da import\u00e2ncia de se divulgar o Evangelho. O evento vai reunir os catequizandos da comunidade paroquial, crian\u00e7as, adolescentes e jovens, juntamente com seus familiares, para prestigiar as apresenta\u00e7\u00f5es que [&hellip;]<\/p>\n","protected":false},"author":2,"featured_media":10599,"comment_status":"open","ping_status":"closed","sticky":false,"template":"","format":"standard","meta":{"_acf_changed":false,"footnotes":""},"categories":[611],"tags":[],"class_list":["post-10598","post","type-post","status-publish","format-standard","has-post-thumbnail","hentry","category-noticias"],"acf":[],"yoast_head":"<!-- This site is optimized with the Yoast SEO plugin v27.2 - https:\/\/yoast.com\/product\/yoast-seo-wordpress\/ -->\n<title>Feira Catequ\u00e9tica ser\u00e1 realizada no pr\u00f3ximo domingo<\/title>\n<meta name=\"description\" content=\"A segunda edi\u00e7\u00e3o da Feira Catequ\u00e9tica ser\u00e1 realizada no pr\u00f3ximo domingo, 25 de junho, no Santu\u00e1rio da Sa\u00fade e da paz. A mostra est\u00e1 sendo desenvolvida pelas turmas de catequese para Primeira Eucaristia do Santu\u00e1rio.\u00a0\" \/>\n<meta name=\"robots\" content=\"index, follow, max-snippet:-1, max-image-preview:large, max-video-preview:-1\" \/>\n<link rel=\"canonical\" href=\"https:\/\/www.padreeustaquio.com.br\/es\/el-proximo-domingo-se-realizara-la-feria-catequetica\/\" \/>\n<meta property=\"og:locale\" content=\"es_ES\" \/>\n<meta property=\"og:type\" content=\"article\" \/>\n<meta property=\"og:title\" content=\"Feira Catequ\u00e9tica ser\u00e1 realizada no pr\u00f3ximo domingo\" \/>\n<meta property=\"og:description\" content=\"A segunda edi\u00e7\u00e3o da Feira Catequ\u00e9tica ser\u00e1 realizada no pr\u00f3ximo domingo, 25 de junho, no Santu\u00e1rio da Sa\u00fade e da paz. A mostra est\u00e1 sendo desenvolvida pelas turmas de catequese para Primeira Eucaristia do Santu\u00e1rio.\u00a0\" \/>\n<meta property=\"og:url\" content=\"https:\/\/www.padreeustaquio.com.br\/es\/el-proximo-domingo-se-realizara-la-feria-catequetica\/\" \/>\n<meta property=\"og:site_name\" content=\"Padre Eust\u00e1quio\" \/>\n<meta property=\"article:publisher\" content=\"https:\/\/www.facebook.com\/beatopadreeustaquio\/\" \/>\n<meta property=\"article:published_time\" content=\"2023-06-21T09:33:26+00:00\" \/>\n<meta property=\"og:image\" content=\"https:\/\/www.padreeustaquio.com.br\/wp-content\/uploads\/2023\/06\/Feira-Catequetica-2022.jpeg\" \/>\n\t<meta property=\"og:image:width\" content=\"1600\" \/>\n\t<meta property=\"og:image:height\" content=\"1200\" \/>\n\t<meta property=\"og:image:type\" content=\"image\/jpeg\" \/>\n<meta name=\"author\" content=\"@sscc\" \/>\n<meta name=\"twitter:card\" content=\"summary_large_image\" \/>\n<meta name=\"twitter:creator\" content=\"@beatopeustaquio\" \/>\n<meta name=\"twitter:site\" content=\"@beatopeustaquio\" \/>\n<meta name=\"twitter:label1\" content=\"Escrito por\" \/>\n\t<meta name=\"twitter:data1\" content=\"@sscc\" \/>\n\t<meta name=\"twitter:label2\" content=\"Tiempo de lectura\" \/>\n\t<meta name=\"twitter:data2\" content=\"1 minuto\" \/>\n<script type=\"application\/ld+json\" class=\"yoast-schema-graph\">{\"@context\":\"https:\/\/schema.org\",\"@graph\":[{\"@type\":\"Article\",\"@id\":\"https:\/\/www.padreeustaquio.com.br\/feira-catequetica-sera-realizada-no-proximo-domingo\/#article\",\"isPartOf\":{\"@id\":\"https:\/\/www.padreeustaquio.com.br\/feira-catequetica-sera-realizada-no-proximo-domingo\/\"},\"author\":{\"name\":\"@sscc\",\"@id\":\"https:\/\/www.padreeustaquio.com.br\/#\/schema\/person\/a2a51db1d00f1a7af0204a0f1ddb1566\"},\"headline\":\"Feira Catequ\u00e9tica ser\u00e1 realizada no pr\u00f3ximo domingo\",\"datePublished\":\"2023-06-21T09:33:26+00:00\",\"mainEntityOfPage\":{\"@id\":\"https:\/\/www.padreeustaquio.com.br\/feira-catequetica-sera-realizada-no-proximo-domingo\/\"},\"wordCount\":173,\"commentCount\":0,\"publisher\":{\"@id\":\"https:\/\/www.padreeustaquio.com.br\/#organization\"},\"image\":{\"@id\":\"https:\/\/www.padreeustaquio.com.br\/feira-catequetica-sera-realizada-no-proximo-domingo\/#primaryimage\"},\"thumbnailUrl\":\"https:\/\/www.padreeustaquio.com.br\/wp-content\/uploads\/2023\/06\/Feira-Catequetica-2022.jpeg\",\"articleSection\":[\"Not\u00edcias\"],\"inLanguage\":\"es\",\"potentialAction\":[{\"@type\":\"CommentAction\",\"name\":\"Comment\",\"target\":[\"https:\/\/www.padreeustaquio.com.br\/feira-catequetica-sera-realizada-no-proximo-domingo\/#respond\"]}]},{\"@type\":\"WebPage\",\"@id\":\"https:\/\/www.padreeustaquio.com.br\/feira-catequetica-sera-realizada-no-proximo-domingo\/\",\"url\":\"https:\/\/www.padreeustaquio.com.br\/feira-catequetica-sera-realizada-no-proximo-domingo\/\",\"name\":\"Feira Catequ\u00e9tica ser\u00e1 realizada no pr\u00f3ximo domingo\",\"isPartOf\":{\"@id\":\"https:\/\/www.padreeustaquio.com.br\/#website\"},\"primaryImageOfPage\":{\"@id\":\"https:\/\/www.padreeustaquio.com.br\/feira-catequetica-sera-realizada-no-proximo-domingo\/#primaryimage\"},\"image\":{\"@id\":\"https:\/\/www.padreeustaquio.com.br\/feira-catequetica-sera-realizada-no-proximo-domingo\/#primaryimage\"},\"thumbnailUrl\":\"https:\/\/www.padreeustaquio.com.br\/wp-content\/uploads\/2023\/06\/Feira-Catequetica-2022.jpeg\",\"datePublished\":\"2023-06-21T09:33:26+00:00\",\"description\":\"A segunda edi\u00e7\u00e3o da Feira Catequ\u00e9tica ser\u00e1 realizada no pr\u00f3ximo domingo, 25 de junho, no Santu\u00e1rio da Sa\u00fade e da paz. A mostra est\u00e1 sendo desenvolvida pelas turmas de catequese para Primeira Eucaristia do Santu\u00e1rio.\u00a0\",\"breadcrumb\":{\"@id\":\"https:\/\/www.padreeustaquio.com.br\/feira-catequetica-sera-realizada-no-proximo-domingo\/#breadcrumb\"},\"inLanguage\":\"es\",\"potentialAction\":[{\"@type\":\"ReadAction\",\"target\":[\"https:\/\/www.padreeustaquio.com.br\/feira-catequetica-sera-realizada-no-proximo-domingo\/\"]}]},{\"@type\":\"ImageObject\",\"inLanguage\":\"es\",\"@id\":\"https:\/\/www.padreeustaquio.com.br\/feira-catequetica-sera-realizada-no-proximo-domingo\/#primaryimage\",\"url\":\"https:\/\/www.padreeustaquio.com.br\/wp-content\/uploads\/2023\/06\/Feira-Catequetica-2022.jpeg\",\"contentUrl\":\"https:\/\/www.padreeustaquio.com.br\/wp-content\/uploads\/2023\/06\/Feira-Catequetica-2022.jpeg\",\"width\":1600,\"height\":1200,\"caption\":\"No ano passado, a Feira Catequ\u00e9tica tamb\u00e9m falou sobre Padre Eust\u00e1quio\"},{\"@type\":\"BreadcrumbList\",\"@id\":\"https:\/\/www.padreeustaquio.com.br\/feira-catequetica-sera-realizada-no-proximo-domingo\/#breadcrumb\",\"itemListElement\":[{\"@type\":\"ListItem\",\"position\":1,\"name\":\"In\u00edcio\",\"item\":\"https:\/\/www.padreeustaquio.com.br\/\"},{\"@type\":\"ListItem\",\"position\":2,\"name\":\"Feira Catequ\u00e9tica ser\u00e1 realizada no pr\u00f3ximo domingo\"}]},{\"@type\":\"WebSite\",\"@id\":\"https:\/\/www.padreeustaquio.com.br\/#website\",\"url\":\"https:\/\/www.padreeustaquio.com.br\/\",\"name\":\"Padre Eust\u00e1quio\",\"description\":\"Sa\u00fade e Paz\",\"publisher\":{\"@id\":\"https:\/\/www.padreeustaquio.com.br\/#organization\"},\"potentialAction\":[{\"@type\":\"SearchAction\",\"target\":{\"@type\":\"EntryPoint\",\"urlTemplate\":\"https:\/\/www.padreeustaquio.com.br\/?s={search_term_string}\"},\"query-input\":{\"@type\":\"PropertyValueSpecification\",\"valueRequired\":true,\"valueName\":\"search_term_string\"}}],\"inLanguage\":\"es\"},{\"@type\":\"Organization\",\"@id\":\"https:\/\/www.padreeustaquio.com.br\/#organization\",\"name\":\"Padre Eust\u00e1quio\",\"url\":\"https:\/\/www.padreeustaquio.com.br\/\",\"logo\":{\"@type\":\"ImageObject\",\"inLanguage\":\"es\",\"@id\":\"https:\/\/www.padreeustaquio.com.br\/#\/schema\/logo\/image\/\",\"url\":\"https:\/\/www.padreeustaquio.com.br\/wp-content\/uploads\/2019\/08\/marca.png\",\"contentUrl\":\"https:\/\/www.padreeustaquio.com.br\/wp-content\/uploads\/2019\/08\/marca.png\",\"width\":350,\"height\":400,\"caption\":\"Padre Eust\u00e1quio\"},\"image\":{\"@id\":\"https:\/\/www.padreeustaquio.com.br\/#\/schema\/logo\/image\/\"},\"sameAs\":[\"https:\/\/www.facebook.com\/beatopadreeustaquio\/\",\"https:\/\/x.com\/beatopeustaquio\",\"https:\/\/www.instagram.com\/beatopadreeustaquio\/\",\"https:\/\/www.youtube.com\/channel\/UCRhw7vfabnajwLxb1ZXMeIw\"]},{\"@type\":\"Person\",\"@id\":\"https:\/\/www.padreeustaquio.com.br\/#\/schema\/person\/a2a51db1d00f1a7af0204a0f1ddb1566\",\"name\":\"@sscc\",\"image\":{\"@type\":\"ImageObject\",\"inLanguage\":\"es\",\"@id\":\"https:\/\/secure.gravatar.com\/avatar\/68cfafa5f44617fea54071e215026e0ff06be366c3d54a8425f04fdcb86f8c5f?s=96&d=mm&r=g\",\"url\":\"https:\/\/secure.gravatar.com\/avatar\/68cfafa5f44617fea54071e215026e0ff06be366c3d54a8425f04fdcb86f8c5f?s=96&d=mm&r=g\",\"contentUrl\":\"https:\/\/secure.gravatar.com\/avatar\/68cfafa5f44617fea54071e215026e0ff06be366c3d54a8425f04fdcb86f8c5f?s=96&d=mm&r=g\",\"caption\":\"@sscc\"},\"url\":\"https:\/\/www.padreeustaquio.com.br\/es\/author\/sscc\/\"}]}<\/script>\n<!-- \/ Yoast SEO plugin. -->","yoast_head_json":{"title":"El pr\u00f3ximo domingo se realizar\u00e1 la Feria Catequ\u00e9tica.","description":"La segunda edici\u00f3n de la Feria Catequ\u00e9tica se celebrar\u00e1 el pr\u00f3ximo domingo 25 de junio en el Santuario de la Salud y la Paz. La exposici\u00f3n est\u00e1 siendo desarrollada por las clases de catequesis de Primera Comuni\u00f3n del Santuario.\u00a0","robots":{"index":"index","follow":"follow","max-snippet":"max-snippet:-1","max-image-preview":"max-image-preview:large","max-video-preview":"max-video-preview:-1"},"canonical":"https:\/\/www.padreeustaquio.com.br\/es\/el-proximo-domingo-se-realizara-la-feria-catequetica\/","og_locale":"es_ES","og_type":"article","og_title":"Feira Catequ\u00e9tica ser\u00e1 realizada no pr\u00f3ximo domingo","og_description":"A segunda edi\u00e7\u00e3o da Feira Catequ\u00e9tica ser\u00e1 realizada no pr\u00f3ximo domingo, 25 de junho, no Santu\u00e1rio da Sa\u00fade e da paz. A mostra est\u00e1 sendo desenvolvida pelas turmas de catequese para Primeira Eucaristia do Santu\u00e1rio.\u00a0","og_url":"https:\/\/www.padreeustaquio.com.br\/es\/el-proximo-domingo-se-realizara-la-feria-catequetica\/","og_site_name":"Padre Eust\u00e1quio","article_publisher":"https:\/\/www.facebook.com\/beatopadreeustaquio\/","article_published_time":"2023-06-21T09:33:26+00:00","og_image":[{"width":1600,"height":1200,"url":"https:\/\/www.padreeustaquio.com.br\/wp-content\/uploads\/2023\/06\/Feira-Catequetica-2022.jpeg","type":"image\/jpeg"}],"author":"@sscc","twitter_card":"summary_large_image","twitter_creator":"@beatopeustaquio","twitter_site":"@beatopeustaquio","twitter_misc":{"Escrito por":"@sscc","Tiempo de lectura":"1 minuto"},"schema":{"@context":"https:\/\/schema.org","@graph":[{"@type":"Article","@id":"https:\/\/www.padreeustaquio.com.br\/feira-catequetica-sera-realizada-no-proximo-domingo\/#article","isPartOf":{"@id":"https:\/\/www.padreeustaquio.com.br\/feira-catequetica-sera-realizada-no-proximo-domingo\/"},"author":{"name":"@sscc","@id":"https:\/\/www.padreeustaquio.com.br\/#\/schema\/person\/a2a51db1d00f1a7af0204a0f1ddb1566"},"headline":"Feira Catequ\u00e9tica ser\u00e1 realizada no pr\u00f3ximo domingo","datePublished":"2023-06-21T09:33:26+00:00","mainEntityOfPage":{"@id":"https:\/\/www.padreeustaquio.com.br\/feira-catequetica-sera-realizada-no-proximo-domingo\/"},"wordCount":173,"commentCount":0,"publisher":{"@id":"https:\/\/www.padreeustaquio.com.br\/#organization"},"image":{"@id":"https:\/\/www.padreeustaquio.com.br\/feira-catequetica-sera-realizada-no-proximo-domingo\/#primaryimage"},"thumbnailUrl":"https:\/\/www.padreeustaquio.com.br\/wp-content\/uploads\/2023\/06\/Feira-Catequetica-2022.jpeg","articleSection":["Not\u00edcias"],"inLanguage":"es","potentialAction":[{"@type":"CommentAction","name":"Comment","target":["https:\/\/www.padreeustaquio.com.br\/feira-catequetica-sera-realizada-no-proximo-domingo\/#respond"]}]},{"@type":"WebPage","@id":"https:\/\/www.padreeustaquio.com.br\/feira-catequetica-sera-realizada-no-proximo-domingo\/","url":"https:\/\/www.padreeustaquio.com.br\/feira-catequetica-sera-realizada-no-proximo-domingo\/","name":"El pr\u00f3ximo domingo se realizar\u00e1 la Feria Catequ\u00e9tica.","isPartOf":{"@id":"https:\/\/www.padreeustaquio.com.br\/#website"},"primaryImageOfPage":{"@id":"https:\/\/www.padreeustaquio.com.br\/feira-catequetica-sera-realizada-no-proximo-domingo\/#primaryimage"},"image":{"@id":"https:\/\/www.padreeustaquio.com.br\/feira-catequetica-sera-realizada-no-proximo-domingo\/#primaryimage"},"thumbnailUrl":"https:\/\/www.padreeustaquio.com.br\/wp-content\/uploads\/2023\/06\/Feira-Catequetica-2022.jpeg","datePublished":"2023-06-21T09:33:26+00:00","description":"La segunda edici\u00f3n de la Feria Catequ\u00e9tica se celebrar\u00e1 el pr\u00f3ximo domingo 25 de junio en el Santuario de la Salud y la Paz. La exposici\u00f3n est\u00e1 siendo desarrollada por las clases de catequesis de Primera Comuni\u00f3n del Santuario.\u00a0","breadcrumb":{"@id":"https:\/\/www.padreeustaquio.com.br\/feira-catequetica-sera-realizada-no-proximo-domingo\/#breadcrumb"},"inLanguage":"es","potentialAction":[{"@type":"ReadAction","target":["https:\/\/www.padreeustaquio.com.br\/feira-catequetica-sera-realizada-no-proximo-domingo\/"]}]},{"@type":"ImageObject","inLanguage":"es","@id":"https:\/\/www.padreeustaquio.com.br\/feira-catequetica-sera-realizada-no-proximo-domingo\/#primaryimage","url":"https:\/\/www.padreeustaquio.com.br\/wp-content\/uploads\/2023\/06\/Feira-Catequetica-2022.jpeg","contentUrl":"https:\/\/www.padreeustaquio.com.br\/wp-content\/uploads\/2023\/06\/Feira-Catequetica-2022.jpeg","width":1600,"height":1200,"caption":"No ano passado, a Feira Catequ\u00e9tica tamb\u00e9m falou sobre Padre Eust\u00e1quio"},{"@type":"BreadcrumbList","@id":"https:\/\/www.padreeustaquio.com.br\/feira-catequetica-sera-realizada-no-proximo-domingo\/#breadcrumb","itemListElement":[{"@type":"ListItem","position":1,"name":"In\u00edcio","item":"https:\/\/www.padreeustaquio.com.br\/"},{"@type":"ListItem","position":2,"name":"Feira Catequ\u00e9tica ser\u00e1 realizada no pr\u00f3ximo domingo"}]},{"@type":"WebSite","@id":"https:\/\/www.padreeustaquio.com.br\/#website","url":"https:\/\/www.padreeustaquio.com.br\/","name":"Padre Eustace","description":"Salud y Paz","publisher":{"@id":"https:\/\/www.padreeustaquio.com.br\/#organization"},"potentialAction":[{"@type":"SearchAction","target":{"@type":"EntryPoint","urlTemplate":"https:\/\/www.padreeustaquio.com.br\/?s={search_term_string}"},"query-input":{"@type":"PropertyValueSpecification","valueRequired":true,"valueName":"search_term_string"}}],"inLanguage":"es"},{"@type":"Organization","@id":"https:\/\/www.padreeustaquio.com.br\/#organization","name":"Padre Eustace","url":"https:\/\/www.padreeustaquio.com.br\/","logo":{"@type":"ImageObject","inLanguage":"es","@id":"https:\/\/www.padreeustaquio.com.br\/#\/schema\/logo\/image\/","url":"https:\/\/www.padreeustaquio.com.br\/wp-content\/uploads\/2019\/08\/marca.png","contentUrl":"https:\/\/www.padreeustaquio.com.br\/wp-content\/uploads\/2019\/08\/marca.png","width":350,"height":400,"caption":"Padre Eust\u00e1quio"},"image":{"@id":"https:\/\/www.padreeustaquio.com.br\/#\/schema\/logo\/image\/"},"sameAs":["https:\/\/www.facebook.com\/beatopadreeustaquio\/","https:\/\/x.com\/beatopeustaquio","https:\/\/www.instagram.com\/beatopadreeustaquio\/","https:\/\/www.youtube.com\/channel\/UCRhw7vfabnajwLxb1ZXMeIw"]},{"@type":"Person","@id":"https:\/\/www.padreeustaquio.com.br\/#\/schema\/person\/a2a51db1d00f1a7af0204a0f1ddb1566","name":"@sscc","image":{"@type":"ImageObject","inLanguage":"es","@id":"https:\/\/secure.gravatar.com\/avatar\/68cfafa5f44617fea54071e215026e0ff06be366c3d54a8425f04fdcb86f8c5f?s=96&d=mm&r=g","url":"https:\/\/secure.gravatar.com\/avatar\/68cfafa5f44617fea54071e215026e0ff06be366c3d54a8425f04fdcb86f8c5f?s=96&d=mm&r=g","contentUrl":"https:\/\/secure.gravatar.com\/avatar\/68cfafa5f44617fea54071e215026e0ff06be366c3d54a8425f04fdcb86f8c5f?s=96&d=mm&r=g","caption":"@sscc"},"url":"https:\/\/www.padreeustaquio.com.br\/es\/author\/sscc\/"}]}},"_links":{"self":[{"href":"https:\/\/www.padreeustaquio.com.br\/es\/wp-json\/wp\/v2\/posts\/10598","targetHints":{"allow":["GET"]}}],"collection":[{"href":"https:\/\/www.padreeustaquio.com.br\/es\/wp-json\/wp\/v2\/posts"}],"about":[{"href":"https:\/\/www.padreeustaquio.com.br\/es\/wp-json\/wp\/v2\/types\/post"}],"author":[{"embeddable":true,"href":"https:\/\/www.padreeustaquio.com.br\/es\/wp-json\/wp\/v2\/users\/2"}],"replies":[{"embeddable":true,"href":"https:\/\/www.padreeustaquio.com.br\/es\/wp-json\/wp\/v2\/comments?post=10598"}],"version-history":[{"count":0,"href":"https:\/\/www.padreeustaquio.com.br\/es\/wp-json\/wp\/v2\/posts\/10598\/revisions"}],"wp:featuredmedia":[{"embeddable":true,"href":"https:\/\/www.padreeustaquio.com.br\/es\/wp-json\/wp\/v2\/media\/10599"}],"wp:attachment":[{"href":"https:\/\/www.padreeustaquio.com.br\/es\/wp-json\/wp\/v2\/media?parent=10598"}],"wp:term":[{"taxonomy":"category","embeddable":true,"href":"https:\/\/www.padreeustaquio.com.br\/es\/wp-json\/wp\/v2\/categories?post=10598"},{"taxonomy":"post_tag","embeddable":true,"href":"https:\/\/www.padreeustaquio.com.br\/es\/wp-json\/wp\/v2\/tags?post=10598"}],"curies":[{"name":"wp","href":"https:\/\/api.w.org\/{rel}","templated":true}]}}