{"id":10489,"date":"2023-06-02T12:58:33","date_gmt":"2023-06-02T15:58:33","guid":{"rendered":"https:\/\/www.padreeustaquio.com.br\/?p=10489"},"modified":"2023-06-02T12:58:33","modified_gmt":"2023-06-02T15:58:33","slug":"la-devocion-del-padre-eustace-a-los-sagrados-corazones","status":"publish","type":"post","link":"https:\/\/www.padreeustaquio.com.br\/es\/la-devocion-del-padre-eustace-a-los-sagrados-corazones\/","title":{"rendered":"La devoci\u00f3n del Padre Eustace a los Sagrados Corazones"},"content":{"rendered":"<p>Junio es el mes de los Sagrados Corazones, y el Beato Padre Eustaquio aliment\u00f3 durante toda su vida una gran devoci\u00f3n al Sagrado Coraz\u00f3n de Jes\u00fas y al Inmaculado Coraz\u00f3n de Mar\u00eda, siendo miembro de la Congregaci\u00f3n de los Sagrados Corazones.<\/p>\n<p>En sus archivos personales se encuentran numerosos objetos devocionales relacionados con los Sagrados Corazones, y especialmente numerosos escritos sobre el tema. En uno de estos textos, el Sant\u00edsimo habla de c\u00f3mo el Coraz\u00f3n de Jes\u00fas es fuente de gracia para todos nosotros, y c\u00f3mo el Coraz\u00f3n de Mar\u00eda es el canal de esta gracia.<\/p>\n<p>Lea el siguiente texto:<\/p>\n<p><em>Los Sagrados Corazones<\/em><\/p>\n<p><em>Dos corazones que jam\u00e1s podremos separar: el Coraz\u00f3n de Jes\u00fas y el Coraz\u00f3n de Mar\u00eda. El Coraz\u00f3n de Jes\u00fas es la fuente de la gracia, el Coraz\u00f3n de Mar\u00eda, su canal. Y para obtener la gracia de esta fuente, debemos tener la convicci\u00f3n de que necesitamos estar continuamente en relaci\u00f3n con Mar\u00eda y entregarnos totalmente a su Coraz\u00f3n para pertenecer al Coraz\u00f3n de Jes\u00fas. <\/em><\/p>\n<p><em>Mar\u00eda es el firmamento azul; el Coraz\u00f3n de Jes\u00fas es el sol que irradia sus rayos sobre nosotros. Queremos aprovechar este sol; debemos salir de nuestros hogares y estar bajo el firmamento azul, para disfrutar del brillo y la calidez de este Sagrado Coraz\u00f3n. Debemos ser santos y santificadores; sin la gracia de Cristo nada podemos hacer; sin la gracia, ning\u00fan fruto del apostolado. Dios quiso que lo tuvi\u00e9ramos todo por medio de Mar\u00eda.<\/em><\/p>\n<p>&nbsp;<\/p>","protected":false},"excerpt":{"rendered":"<p>Junho \u00e9 o m\u00eas dos Sagrados Cora\u00e7\u00f5es e o Beato Padre Eust\u00e1quio nutriu durante toda vida, grande devo\u00e7\u00e3o ao Sagrado Cora\u00e7\u00e3o de Jesus e ao Imaculado Cora\u00e7\u00e3o de Maria, fazendo parte da Congrega\u00e7\u00e3o dos Sagrados Cora\u00e7\u00f5es. Em seus arquivos pessoais \u00e9 poss\u00edvel encontrar muitos objetos de devo\u00e7\u00e3o ligados aos Sagrados Cora\u00e7\u00f5es, principalmente, muitos escritos sobre o tema. Em um desses textos, o Beato fala como o Cora\u00e7\u00e3o de Jesus \u00e9 fonte de gra\u00e7a para todos n\u00f3s, e como o Cora\u00e7\u00e3o de Maria \u00e9 o canal para essa gra\u00e7a. Leia o texto a seguir: Os Sagrados Cora\u00e7\u00f5es Dois cora\u00e7\u00f5es que nunca [&hellip;]<\/p>\n","protected":false},"author":2,"featured_media":10490,"comment_status":"open","ping_status":"closed","sticky":false,"template":"","format":"standard","meta":{"_acf_changed":false,"footnotes":""},"categories":[611],"tags":[],"class_list":["post-10489","post","type-post","status-publish","format-standard","has-post-thumbnail","hentry","category-noticias"],"acf":[],"yoast_head":"<!-- This site is optimized with the Yoast SEO plugin v27.2 - https:\/\/yoast.com\/product\/yoast-seo-wordpress\/ -->\n<title>A devo\u00e7\u00e3o de Padre Eust\u00e1quio aos Sagrados Cora\u00e7\u00f5es<\/title>\n<meta name=\"description\" content=\"Junho \u00e9 o m\u00eas dos Sagrados Cora\u00e7\u00f5es e o Beato Padre Eust\u00e1quio nutriu durante toda vida, grande devo\u00e7\u00e3o ao Sagrado Cora\u00e7\u00e3o de Jesus e ao Imaculado Cora\u00e7\u00e3o de Maria, fazendo inclusive, parte da Congrega\u00e7\u00e3o dos Sagrados Cora\u00e7\u00f5es.\" \/>\n<meta name=\"robots\" content=\"index, follow, max-snippet:-1, max-image-preview:large, max-video-preview:-1\" \/>\n<link rel=\"canonical\" href=\"https:\/\/www.padreeustaquio.com.br\/es\/la-devocion-del-padre-eustace-a-los-sagrados-corazones\/\" \/>\n<meta property=\"og:locale\" content=\"es_ES\" \/>\n<meta property=\"og:type\" content=\"article\" \/>\n<meta property=\"og:title\" content=\"A devo\u00e7\u00e3o de Padre Eust\u00e1quio aos Sagrados Cora\u00e7\u00f5es\" \/>\n<meta property=\"og:description\" content=\"Junho \u00e9 o m\u00eas dos Sagrados Cora\u00e7\u00f5es e o Beato Padre Eust\u00e1quio nutriu durante toda vida, grande devo\u00e7\u00e3o ao Sagrado Cora\u00e7\u00e3o de Jesus e ao Imaculado Cora\u00e7\u00e3o de Maria, fazendo inclusive, parte da Congrega\u00e7\u00e3o dos Sagrados Cora\u00e7\u00f5es.\" \/>\n<meta property=\"og:url\" content=\"https:\/\/www.padreeustaquio.com.br\/es\/la-devocion-del-padre-eustace-a-los-sagrados-corazones\/\" \/>\n<meta property=\"og:site_name\" content=\"Padre Eust\u00e1quio\" \/>\n<meta property=\"article:publisher\" content=\"https:\/\/www.facebook.com\/beatopadreeustaquio\/\" \/>\n<meta property=\"article:published_time\" content=\"2023-06-02T15:58:33+00:00\" \/>\n<meta property=\"og:image\" content=\"https:\/\/www.padreeustaquio.com.br\/wp-content\/uploads\/2023\/06\/padre-eustaquio-e-os-sscc.jpeg\" \/>\n\t<meta property=\"og:image:width\" content=\"1600\" \/>\n\t<meta property=\"og:image:height\" content=\"1080\" \/>\n\t<meta property=\"og:image:type\" content=\"image\/jpeg\" \/>\n<meta name=\"author\" content=\"@sscc\" \/>\n<meta name=\"twitter:card\" content=\"summary_large_image\" \/>\n<meta name=\"twitter:creator\" content=\"@beatopeustaquio\" \/>\n<meta name=\"twitter:site\" content=\"@beatopeustaquio\" \/>\n<meta name=\"twitter:label1\" content=\"Escrito por\" \/>\n\t<meta name=\"twitter:data1\" content=\"@sscc\" \/>\n\t<meta name=\"twitter:label2\" content=\"Tiempo de lectura\" \/>\n\t<meta name=\"twitter:data2\" content=\"2 minutos\" \/>\n<script type=\"application\/ld+json\" class=\"yoast-schema-graph\">{\"@context\":\"https:\/\/schema.org\",\"@graph\":[{\"@type\":\"Article\",\"@id\":\"https:\/\/www.padreeustaquio.com.br\/a-devocao-de-padre-eustaquio-aos-sagrados-coracoes\/#article\",\"isPartOf\":{\"@id\":\"https:\/\/www.padreeustaquio.com.br\/a-devocao-de-padre-eustaquio-aos-sagrados-coracoes\/\"},\"author\":{\"name\":\"@sscc\",\"@id\":\"https:\/\/www.padreeustaquio.com.br\/#\/schema\/person\/a2a51db1d00f1a7af0204a0f1ddb1566\"},\"headline\":\"A devo\u00e7\u00e3o de Padre Eust\u00e1quio aos Sagrados Cora\u00e7\u00f5es\",\"datePublished\":\"2023-06-02T15:58:33+00:00\",\"mainEntityOfPage\":{\"@id\":\"https:\/\/www.padreeustaquio.com.br\/a-devocao-de-padre-eustaquio-aos-sagrados-coracoes\/\"},\"wordCount\":279,\"commentCount\":0,\"publisher\":{\"@id\":\"https:\/\/www.padreeustaquio.com.br\/#organization\"},\"image\":{\"@id\":\"https:\/\/www.padreeustaquio.com.br\/a-devocao-de-padre-eustaquio-aos-sagrados-coracoes\/#primaryimage\"},\"thumbnailUrl\":\"https:\/\/www.padreeustaquio.com.br\/wp-content\/uploads\/2023\/06\/padre-eustaquio-e-os-sscc.jpeg\",\"articleSection\":[\"Not\u00edcias\"],\"inLanguage\":\"es\",\"potentialAction\":[{\"@type\":\"CommentAction\",\"name\":\"Comment\",\"target\":[\"https:\/\/www.padreeustaquio.com.br\/a-devocao-de-padre-eustaquio-aos-sagrados-coracoes\/#respond\"]}]},{\"@type\":\"WebPage\",\"@id\":\"https:\/\/www.padreeustaquio.com.br\/a-devocao-de-padre-eustaquio-aos-sagrados-coracoes\/\",\"url\":\"https:\/\/www.padreeustaquio.com.br\/a-devocao-de-padre-eustaquio-aos-sagrados-coracoes\/\",\"name\":\"A devo\u00e7\u00e3o de Padre Eust\u00e1quio aos Sagrados Cora\u00e7\u00f5es\",\"isPartOf\":{\"@id\":\"https:\/\/www.padreeustaquio.com.br\/#website\"},\"primaryImageOfPage\":{\"@id\":\"https:\/\/www.padreeustaquio.com.br\/a-devocao-de-padre-eustaquio-aos-sagrados-coracoes\/#primaryimage\"},\"image\":{\"@id\":\"https:\/\/www.padreeustaquio.com.br\/a-devocao-de-padre-eustaquio-aos-sagrados-coracoes\/#primaryimage\"},\"thumbnailUrl\":\"https:\/\/www.padreeustaquio.com.br\/wp-content\/uploads\/2023\/06\/padre-eustaquio-e-os-sscc.jpeg\",\"datePublished\":\"2023-06-02T15:58:33+00:00\",\"description\":\"Junho \u00e9 o m\u00eas dos Sagrados Cora\u00e7\u00f5es e o Beato Padre Eust\u00e1quio nutriu durante toda vida, grande devo\u00e7\u00e3o ao Sagrado Cora\u00e7\u00e3o de Jesus e ao Imaculado Cora\u00e7\u00e3o de Maria, fazendo inclusive, parte da Congrega\u00e7\u00e3o dos Sagrados Cora\u00e7\u00f5es.\",\"breadcrumb\":{\"@id\":\"https:\/\/www.padreeustaquio.com.br\/a-devocao-de-padre-eustaquio-aos-sagrados-coracoes\/#breadcrumb\"},\"inLanguage\":\"es\",\"potentialAction\":[{\"@type\":\"ReadAction\",\"target\":[\"https:\/\/www.padreeustaquio.com.br\/a-devocao-de-padre-eustaquio-aos-sagrados-coracoes\/\"]}]},{\"@type\":\"ImageObject\",\"inLanguage\":\"es\",\"@id\":\"https:\/\/www.padreeustaquio.com.br\/a-devocao-de-padre-eustaquio-aos-sagrados-coracoes\/#primaryimage\",\"url\":\"https:\/\/www.padreeustaquio.com.br\/wp-content\/uploads\/2023\/06\/padre-eustaquio-e-os-sscc.jpeg\",\"contentUrl\":\"https:\/\/www.padreeustaquio.com.br\/wp-content\/uploads\/2023\/06\/padre-eustaquio-e-os-sscc.jpeg\",\"width\":1600,\"height\":1080},{\"@type\":\"BreadcrumbList\",\"@id\":\"https:\/\/www.padreeustaquio.com.br\/a-devocao-de-padre-eustaquio-aos-sagrados-coracoes\/#breadcrumb\",\"itemListElement\":[{\"@type\":\"ListItem\",\"position\":1,\"name\":\"In\u00edcio\",\"item\":\"https:\/\/www.padreeustaquio.com.br\/\"},{\"@type\":\"ListItem\",\"position\":2,\"name\":\"A devo\u00e7\u00e3o de Padre Eust\u00e1quio aos Sagrados Cora\u00e7\u00f5es\"}]},{\"@type\":\"WebSite\",\"@id\":\"https:\/\/www.padreeustaquio.com.br\/#website\",\"url\":\"https:\/\/www.padreeustaquio.com.br\/\",\"name\":\"Padre Eust\u00e1quio\",\"description\":\"Sa\u00fade e Paz\",\"publisher\":{\"@id\":\"https:\/\/www.padreeustaquio.com.br\/#organization\"},\"potentialAction\":[{\"@type\":\"SearchAction\",\"target\":{\"@type\":\"EntryPoint\",\"urlTemplate\":\"https:\/\/www.padreeustaquio.com.br\/?s={search_term_string}\"},\"query-input\":{\"@type\":\"PropertyValueSpecification\",\"valueRequired\":true,\"valueName\":\"search_term_string\"}}],\"inLanguage\":\"es\"},{\"@type\":\"Organization\",\"@id\":\"https:\/\/www.padreeustaquio.com.br\/#organization\",\"name\":\"Padre Eust\u00e1quio\",\"url\":\"https:\/\/www.padreeustaquio.com.br\/\",\"logo\":{\"@type\":\"ImageObject\",\"inLanguage\":\"es\",\"@id\":\"https:\/\/www.padreeustaquio.com.br\/#\/schema\/logo\/image\/\",\"url\":\"https:\/\/www.padreeustaquio.com.br\/wp-content\/uploads\/2019\/08\/marca.png\",\"contentUrl\":\"https:\/\/www.padreeustaquio.com.br\/wp-content\/uploads\/2019\/08\/marca.png\",\"width\":350,\"height\":400,\"caption\":\"Padre Eust\u00e1quio\"},\"image\":{\"@id\":\"https:\/\/www.padreeustaquio.com.br\/#\/schema\/logo\/image\/\"},\"sameAs\":[\"https:\/\/www.facebook.com\/beatopadreeustaquio\/\",\"https:\/\/x.com\/beatopeustaquio\",\"https:\/\/www.instagram.com\/beatopadreeustaquio\/\",\"https:\/\/www.youtube.com\/channel\/UCRhw7vfabnajwLxb1ZXMeIw\"]},{\"@type\":\"Person\",\"@id\":\"https:\/\/www.padreeustaquio.com.br\/#\/schema\/person\/a2a51db1d00f1a7af0204a0f1ddb1566\",\"name\":\"@sscc\",\"image\":{\"@type\":\"ImageObject\",\"inLanguage\":\"es\",\"@id\":\"https:\/\/secure.gravatar.com\/avatar\/68cfafa5f44617fea54071e215026e0ff06be366c3d54a8425f04fdcb86f8c5f?s=96&d=mm&r=g\",\"url\":\"https:\/\/secure.gravatar.com\/avatar\/68cfafa5f44617fea54071e215026e0ff06be366c3d54a8425f04fdcb86f8c5f?s=96&d=mm&r=g\",\"contentUrl\":\"https:\/\/secure.gravatar.com\/avatar\/68cfafa5f44617fea54071e215026e0ff06be366c3d54a8425f04fdcb86f8c5f?s=96&d=mm&r=g\",\"caption\":\"@sscc\"},\"url\":\"https:\/\/www.padreeustaquio.com.br\/es\/author\/sscc\/\"}]}<\/script>\n<!-- \/ Yoast SEO plugin. -->","yoast_head_json":{"title":"La devoci\u00f3n del Padre Eustace a los Sagrados Corazones","description":"Junio es el mes de los Sagrados Corazones, y el Beato Padre Eustaquio aliment\u00f3 durante toda su vida una gran devoci\u00f3n al Sagrado Coraz\u00f3n de Jes\u00fas y al Inmaculado Coraz\u00f3n de Mar\u00eda, siendo incluso miembro de la Congregaci\u00f3n de los Sagrados Corazones.","robots":{"index":"index","follow":"follow","max-snippet":"max-snippet:-1","max-image-preview":"max-image-preview:large","max-video-preview":"max-video-preview:-1"},"canonical":"https:\/\/www.padreeustaquio.com.br\/es\/la-devocion-del-padre-eustace-a-los-sagrados-corazones\/","og_locale":"es_ES","og_type":"article","og_title":"A devo\u00e7\u00e3o de Padre Eust\u00e1quio aos Sagrados Cora\u00e7\u00f5es","og_description":"Junho \u00e9 o m\u00eas dos Sagrados Cora\u00e7\u00f5es e o Beato Padre Eust\u00e1quio nutriu durante toda vida, grande devo\u00e7\u00e3o ao Sagrado Cora\u00e7\u00e3o de Jesus e ao Imaculado Cora\u00e7\u00e3o de Maria, fazendo inclusive, parte da Congrega\u00e7\u00e3o dos Sagrados Cora\u00e7\u00f5es.","og_url":"https:\/\/www.padreeustaquio.com.br\/es\/la-devocion-del-padre-eustace-a-los-sagrados-corazones\/","og_site_name":"Padre Eust\u00e1quio","article_publisher":"https:\/\/www.facebook.com\/beatopadreeustaquio\/","article_published_time":"2023-06-02T15:58:33+00:00","og_image":[{"width":1600,"height":1080,"url":"https:\/\/www.padreeustaquio.com.br\/wp-content\/uploads\/2023\/06\/padre-eustaquio-e-os-sscc.jpeg","type":"image\/jpeg"}],"author":"@sscc","twitter_card":"summary_large_image","twitter_creator":"@beatopeustaquio","twitter_site":"@beatopeustaquio","twitter_misc":{"Escrito por":"@sscc","Tiempo de lectura":"2 minutos"},"schema":{"@context":"https:\/\/schema.org","@graph":[{"@type":"Article","@id":"https:\/\/www.padreeustaquio.com.br\/a-devocao-de-padre-eustaquio-aos-sagrados-coracoes\/#article","isPartOf":{"@id":"https:\/\/www.padreeustaquio.com.br\/a-devocao-de-padre-eustaquio-aos-sagrados-coracoes\/"},"author":{"name":"@sscc","@id":"https:\/\/www.padreeustaquio.com.br\/#\/schema\/person\/a2a51db1d00f1a7af0204a0f1ddb1566"},"headline":"A devo\u00e7\u00e3o de Padre Eust\u00e1quio aos Sagrados Cora\u00e7\u00f5es","datePublished":"2023-06-02T15:58:33+00:00","mainEntityOfPage":{"@id":"https:\/\/www.padreeustaquio.com.br\/a-devocao-de-padre-eustaquio-aos-sagrados-coracoes\/"},"wordCount":279,"commentCount":0,"publisher":{"@id":"https:\/\/www.padreeustaquio.com.br\/#organization"},"image":{"@id":"https:\/\/www.padreeustaquio.com.br\/a-devocao-de-padre-eustaquio-aos-sagrados-coracoes\/#primaryimage"},"thumbnailUrl":"https:\/\/www.padreeustaquio.com.br\/wp-content\/uploads\/2023\/06\/padre-eustaquio-e-os-sscc.jpeg","articleSection":["Not\u00edcias"],"inLanguage":"es","potentialAction":[{"@type":"CommentAction","name":"Comment","target":["https:\/\/www.padreeustaquio.com.br\/a-devocao-de-padre-eustaquio-aos-sagrados-coracoes\/#respond"]}]},{"@type":"WebPage","@id":"https:\/\/www.padreeustaquio.com.br\/a-devocao-de-padre-eustaquio-aos-sagrados-coracoes\/","url":"https:\/\/www.padreeustaquio.com.br\/a-devocao-de-padre-eustaquio-aos-sagrados-coracoes\/","name":"La devoci\u00f3n del Padre Eustace a los Sagrados Corazones","isPartOf":{"@id":"https:\/\/www.padreeustaquio.com.br\/#website"},"primaryImageOfPage":{"@id":"https:\/\/www.padreeustaquio.com.br\/a-devocao-de-padre-eustaquio-aos-sagrados-coracoes\/#primaryimage"},"image":{"@id":"https:\/\/www.padreeustaquio.com.br\/a-devocao-de-padre-eustaquio-aos-sagrados-coracoes\/#primaryimage"},"thumbnailUrl":"https:\/\/www.padreeustaquio.com.br\/wp-content\/uploads\/2023\/06\/padre-eustaquio-e-os-sscc.jpeg","datePublished":"2023-06-02T15:58:33+00:00","description":"Junio es el mes de los Sagrados Corazones, y el Beato Padre Eustaquio aliment\u00f3 durante toda su vida una gran devoci\u00f3n al Sagrado Coraz\u00f3n de Jes\u00fas y al Inmaculado Coraz\u00f3n de Mar\u00eda, siendo incluso miembro de la Congregaci\u00f3n de los Sagrados Corazones.","breadcrumb":{"@id":"https:\/\/www.padreeustaquio.com.br\/a-devocao-de-padre-eustaquio-aos-sagrados-coracoes\/#breadcrumb"},"inLanguage":"es","potentialAction":[{"@type":"ReadAction","target":["https:\/\/www.padreeustaquio.com.br\/a-devocao-de-padre-eustaquio-aos-sagrados-coracoes\/"]}]},{"@type":"ImageObject","inLanguage":"es","@id":"https:\/\/www.padreeustaquio.com.br\/a-devocao-de-padre-eustaquio-aos-sagrados-coracoes\/#primaryimage","url":"https:\/\/www.padreeustaquio.com.br\/wp-content\/uploads\/2023\/06\/padre-eustaquio-e-os-sscc.jpeg","contentUrl":"https:\/\/www.padreeustaquio.com.br\/wp-content\/uploads\/2023\/06\/padre-eustaquio-e-os-sscc.jpeg","width":1600,"height":1080},{"@type":"BreadcrumbList","@id":"https:\/\/www.padreeustaquio.com.br\/a-devocao-de-padre-eustaquio-aos-sagrados-coracoes\/#breadcrumb","itemListElement":[{"@type":"ListItem","position":1,"name":"In\u00edcio","item":"https:\/\/www.padreeustaquio.com.br\/"},{"@type":"ListItem","position":2,"name":"A devo\u00e7\u00e3o de Padre Eust\u00e1quio aos Sagrados Cora\u00e7\u00f5es"}]},{"@type":"WebSite","@id":"https:\/\/www.padreeustaquio.com.br\/#website","url":"https:\/\/www.padreeustaquio.com.br\/","name":"Padre Eustace","description":"Salud y Paz","publisher":{"@id":"https:\/\/www.padreeustaquio.com.br\/#organization"},"potentialAction":[{"@type":"SearchAction","target":{"@type":"EntryPoint","urlTemplate":"https:\/\/www.padreeustaquio.com.br\/?s={search_term_string}"},"query-input":{"@type":"PropertyValueSpecification","valueRequired":true,"valueName":"search_term_string"}}],"inLanguage":"es"},{"@type":"Organization","@id":"https:\/\/www.padreeustaquio.com.br\/#organization","name":"Padre Eustace","url":"https:\/\/www.padreeustaquio.com.br\/","logo":{"@type":"ImageObject","inLanguage":"es","@id":"https:\/\/www.padreeustaquio.com.br\/#\/schema\/logo\/image\/","url":"https:\/\/www.padreeustaquio.com.br\/wp-content\/uploads\/2019\/08\/marca.png","contentUrl":"https:\/\/www.padreeustaquio.com.br\/wp-content\/uploads\/2019\/08\/marca.png","width":350,"height":400,"caption":"Padre Eust\u00e1quio"},"image":{"@id":"https:\/\/www.padreeustaquio.com.br\/#\/schema\/logo\/image\/"},"sameAs":["https:\/\/www.facebook.com\/beatopadreeustaquio\/","https:\/\/x.com\/beatopeustaquio","https:\/\/www.instagram.com\/beatopadreeustaquio\/","https:\/\/www.youtube.com\/channel\/UCRhw7vfabnajwLxb1ZXMeIw"]},{"@type":"Person","@id":"https:\/\/www.padreeustaquio.com.br\/#\/schema\/person\/a2a51db1d00f1a7af0204a0f1ddb1566","name":"@sscc","image":{"@type":"ImageObject","inLanguage":"es","@id":"https:\/\/secure.gravatar.com\/avatar\/68cfafa5f44617fea54071e215026e0ff06be366c3d54a8425f04fdcb86f8c5f?s=96&d=mm&r=g","url":"https:\/\/secure.gravatar.com\/avatar\/68cfafa5f44617fea54071e215026e0ff06be366c3d54a8425f04fdcb86f8c5f?s=96&d=mm&r=g","contentUrl":"https:\/\/secure.gravatar.com\/avatar\/68cfafa5f44617fea54071e215026e0ff06be366c3d54a8425f04fdcb86f8c5f?s=96&d=mm&r=g","caption":"@sscc"},"url":"https:\/\/www.padreeustaquio.com.br\/es\/author\/sscc\/"}]}},"_links":{"self":[{"href":"https:\/\/www.padreeustaquio.com.br\/es\/wp-json\/wp\/v2\/posts\/10489","targetHints":{"allow":["GET"]}}],"collection":[{"href":"https:\/\/www.padreeustaquio.com.br\/es\/wp-json\/wp\/v2\/posts"}],"about":[{"href":"https:\/\/www.padreeustaquio.com.br\/es\/wp-json\/wp\/v2\/types\/post"}],"author":[{"embeddable":true,"href":"https:\/\/www.padreeustaquio.com.br\/es\/wp-json\/wp\/v2\/users\/2"}],"replies":[{"embeddable":true,"href":"https:\/\/www.padreeustaquio.com.br\/es\/wp-json\/wp\/v2\/comments?post=10489"}],"version-history":[{"count":0,"href":"https:\/\/www.padreeustaquio.com.br\/es\/wp-json\/wp\/v2\/posts\/10489\/revisions"}],"wp:featuredmedia":[{"embeddable":true,"href":"https:\/\/www.padreeustaquio.com.br\/es\/wp-json\/wp\/v2\/media\/10490"}],"wp:attachment":[{"href":"https:\/\/www.padreeustaquio.com.br\/es\/wp-json\/wp\/v2\/media?parent=10489"}],"wp:term":[{"taxonomy":"category","embeddable":true,"href":"https:\/\/www.padreeustaquio.com.br\/es\/wp-json\/wp\/v2\/categories?post=10489"},{"taxonomy":"post_tag","embeddable":true,"href":"https:\/\/www.padreeustaquio.com.br\/es\/wp-json\/wp\/v2\/tags?post=10489"}],"curies":[{"name":"wp","href":"https:\/\/api.w.org\/{rel}","templated":true}]}}