{"id":10480,"date":"2023-06-01T09:15:46","date_gmt":"2023-06-01T12:15:46","guid":{"rendered":"https:\/\/www.padreeustaquio.com.br\/?p=10480"},"modified":"2023-06-01T09:16:52","modified_gmt":"2023-06-01T12:16:52","slug":"jovenes-trabajan-elaborando-alfombras-de-aserrin-para-el-corpus-christi","status":"publish","type":"post","link":"https:\/\/www.padreeustaquio.com.br\/es\/jovenes-trabajan-elaborando-alfombras-de-aserrin-para-el-corpus-christi\/","title":{"rendered":"J\u00f3venes trabajan en la elaboraci\u00f3n de alfombras de aserr\u00edn para el Corpus Christi."},"content":{"rendered":"<p>Los j\u00f3venes activos en el Santuario de Salud y Paz han estado reunidos en la iglesia para preparar el material que se utilizar\u00e1 el pr\u00f3ximo jueves 8 de junio, cuando la Iglesia celebra el d\u00eda de Corpus Christi.<\/p>\n<p>Est\u00e1n recibiendo aserr\u00edn de la comunidad para te\u00f1irlo de varios colores y crear los dise\u00f1os que conformar\u00e1n las alfombras del D\u00eda de Corpus Christi. Si saben d\u00f3nde podemos conseguir aserr\u00edn o si alguien puede donarlos, por favor, contacten con la Oficina Parroquial.<\/p>\n<p>Si usted est\u00e1 disponible para ayudar a te\u00f1ir el material, por favor llame al (31) 3462-6557 y cu\u00e9ntenos sobre su disposici\u00f3n a ayudar para que podamos contar con usted.<\/p>\n<p>El origen de la Solemnidad del Cuerpo y la Sangre de Cristo se remonta al siglo XIII. Esta solemnidad lit\u00fargica fue instituida por el papa Urbano IV (1262-1264) mediante la bula &quot;Transiturus&quot;, del 11 de agosto de 1264, para celebrarse el jueves posterior a la festividad de la Sant\u00edsima Trinidad, que se celebra el domingo despu\u00e9s de Pentecost\u00e9s. Urbano IV, antes de ser elegido papa, fue can\u00f3nigo de Lieja (B\u00e9lgica) y se llamaba Santiago Pantale\u00f3n de Troyes, el mismo que recibi\u00f3 el secreto de las visiones de la monja Juliana de Lieja, quien solicit\u00f3 una festividad de la Eucarist\u00eda en el calendario lit\u00fargico.<\/p>\n<p>Esta solemnidad est\u00e1 incluida en el calendario lit\u00fargico de la Iglesia para resaltar y enfatizar la presencia real del Se\u00f1or Jes\u00fas en el pan y el c\u00e1liz consagrados. Despu\u00e9s de la consagraci\u00f3n, se convierte en: Jes\u00fas en el Sacramento. La historia cuenta que un sacerdote llamado Pedro de Praga, muy piadoso y celoso pastoralmente, viv\u00eda angustiado por las dudas sobre la presencia real de Cristo en el pan consagrado. Entonces decidi\u00f3 ir en peregrinaci\u00f3n a la tumba de los ap\u00f3stoles Pedro y Pablo en Roma para pedir el don de la fe. Mientras pasaba por Bolsena (Italia), mientras celebraba la Santa Misa, fue nuevamente abrumado por la duda. En el momento de la consagraci\u00f3n, la respuesta le lleg\u00f3 en forma de un milagro: La sagrada hostia blanca se transform\u00f3 en carne viva, goteando sangre, manchando el corporal (el pa\u00f1o blanco sobre el que se colocan las sagradas especies consagradas), el purificador (el pa\u00f1o usado para limpiar el c\u00e1liz) y el mantel del altar.<\/p>\n<p>A petici\u00f3n del Papa Urbano IV, los objetos milagrosos fueron llevados a Orvieto en una solemne procesi\u00f3n. Esta fue la primera procesi\u00f3n del corporal eucar\u00edstico. El 11 de agosto de 1264, el Papa promulg\u00f3 desde Orvieto al mundo cat\u00f3lico el precepto de una solemne fiesta en honor del Cuerpo y la Sangre del Se\u00f1or.<\/p>\n<p>&nbsp;<\/p>\n<p>**con informaci\u00f3n de cnbb.org<\/p>","protected":false},"excerpt":{"rendered":"<p>Os jovens atuantes no Santu\u00e1rio da Sa\u00fade e da Paz t\u00eam se reunido na igreja para preparar o material que ser\u00e1 usado na pr\u00f3xima quinta-feira, dia 8 de junho, quando a Igreja celebra o Dia de Corpus Christi. Eles est\u00e3o recebendo serragens da comunidade para tingir em v\u00e1rias cores para formar os desenhos que ir\u00e3o compor os tapetes no dia de Corpus Christi. Ent\u00e3o, se voc\u00ea sabe onde podemos arrumar serragem ou de algu\u00e9m que possa doar o material, entre em contato com a Secretaria Paroquial. Se voc\u00ea tem disponibilidade para ajudar a tingir o material ligue para (31) 3462-6557 [&hellip;]<\/p>\n","protected":false},"author":2,"featured_media":10481,"comment_status":"open","ping_status":"closed","sticky":false,"template":"","format":"standard","meta":{"_acf_changed":false,"footnotes":""},"categories":[611],"tags":[],"class_list":["post-10480","post","type-post","status-publish","format-standard","has-post-thumbnail","hentry","category-noticias"],"acf":[],"yoast_head":"<!-- This site is optimized with the Yoast SEO plugin v27.2 - https:\/\/yoast.com\/product\/yoast-seo-wordpress\/ -->\n<title>Juventude trabalha na confec\u00e7\u00e3o de tapetes de serragem para Corpus Christi<\/title>\n<meta name=\"description\" content=\"Os jovens atuantes no Santu\u00e1rio da Sa\u00fade e da Paz t\u00eam se reunido na igreja para preparar o material que ser\u00e1 usado na pr\u00f3xima quinta-feira, dia 8 de junho, quando a Igreja celebra o Dia de Corpus Christi.\" \/>\n<meta name=\"robots\" content=\"index, follow, max-snippet:-1, max-image-preview:large, max-video-preview:-1\" \/>\n<link rel=\"canonical\" href=\"https:\/\/www.padreeustaquio.com.br\/es\/jovenes-trabajan-elaborando-alfombras-de-aserrin-para-el-corpus-christi\/\" \/>\n<meta property=\"og:locale\" content=\"es_ES\" \/>\n<meta property=\"og:type\" content=\"article\" \/>\n<meta property=\"og:title\" content=\"Juventude trabalha na confec\u00e7\u00e3o de tapetes de serragem para Corpus Christi\" \/>\n<meta property=\"og:description\" content=\"Os jovens atuantes no Santu\u00e1rio da Sa\u00fade e da Paz t\u00eam se reunido na igreja para preparar o material que ser\u00e1 usado na pr\u00f3xima quinta-feira, dia 8 de junho, quando a Igreja celebra o Dia de Corpus Christi.\" \/>\n<meta property=\"og:url\" content=\"https:\/\/www.padreeustaquio.com.br\/es\/jovenes-trabajan-elaborando-alfombras-de-aserrin-para-el-corpus-christi\/\" \/>\n<meta property=\"og:site_name\" content=\"Padre Eust\u00e1quio\" \/>\n<meta property=\"article:publisher\" content=\"https:\/\/www.facebook.com\/beatopadreeustaquio\/\" \/>\n<meta property=\"article:published_time\" content=\"2023-06-01T12:15:46+00:00\" \/>\n<meta property=\"article:modified_time\" content=\"2023-06-01T12:16:52+00:00\" \/>\n<meta property=\"og:image\" content=\"https:\/\/www.padreeustaquio.com.br\/wp-content\/uploads\/2023\/05\/WhatsApp-Image-2023-05-27-at-09.51.09-e1685476323586.jpeg\" \/>\n\t<meta property=\"og:image:width\" content=\"900\" \/>\n\t<meta property=\"og:image:height\" content=\"528\" \/>\n\t<meta property=\"og:image:type\" content=\"image\/jpeg\" \/>\n<meta name=\"author\" content=\"@sscc\" \/>\n<meta name=\"twitter:card\" content=\"summary_large_image\" \/>\n<meta name=\"twitter:creator\" content=\"@beatopeustaquio\" \/>\n<meta name=\"twitter:site\" content=\"@beatopeustaquio\" \/>\n<meta name=\"twitter:label1\" content=\"Escrito por\" \/>\n\t<meta name=\"twitter:data1\" content=\"@sscc\" \/>\n\t<meta name=\"twitter:label2\" content=\"Tiempo de lectura\" \/>\n\t<meta name=\"twitter:data2\" content=\"3 minutos\" \/>\n<script type=\"application\/ld+json\" class=\"yoast-schema-graph\">{\"@context\":\"https:\/\/schema.org\",\"@graph\":[{\"@type\":\"Article\",\"@id\":\"https:\/\/www.padreeustaquio.com.br\/juventude-trabalha-na-confeccao-de-tapetes-de-serragem-para-corpus-christi\/#article\",\"isPartOf\":{\"@id\":\"https:\/\/www.padreeustaquio.com.br\/juventude-trabalha-na-confeccao-de-tapetes-de-serragem-para-corpus-christi\/\"},\"author\":{\"name\":\"@sscc\",\"@id\":\"https:\/\/www.padreeustaquio.com.br\/#\/schema\/person\/a2a51db1d00f1a7af0204a0f1ddb1566\"},\"headline\":\"Juventude trabalha na confec\u00e7\u00e3o de tapetes de serragem para Corpus Christi\",\"datePublished\":\"2023-06-01T12:15:46+00:00\",\"dateModified\":\"2023-06-01T12:16:52+00:00\",\"mainEntityOfPage\":{\"@id\":\"https:\/\/www.padreeustaquio.com.br\/juventude-trabalha-na-confeccao-de-tapetes-de-serragem-para-corpus-christi\/\"},\"wordCount\":460,\"commentCount\":0,\"publisher\":{\"@id\":\"https:\/\/www.padreeustaquio.com.br\/#organization\"},\"image\":{\"@id\":\"https:\/\/www.padreeustaquio.com.br\/juventude-trabalha-na-confeccao-de-tapetes-de-serragem-para-corpus-christi\/#primaryimage\"},\"thumbnailUrl\":\"https:\/\/www.padreeustaquio.com.br\/wp-content\/uploads\/2023\/05\/WhatsApp-Image-2023-05-27-at-09.51.09-e1685476323586.jpeg\",\"articleSection\":[\"Not\u00edcias\"],\"inLanguage\":\"es\",\"potentialAction\":[{\"@type\":\"CommentAction\",\"name\":\"Comment\",\"target\":[\"https:\/\/www.padreeustaquio.com.br\/juventude-trabalha-na-confeccao-de-tapetes-de-serragem-para-corpus-christi\/#respond\"]}]},{\"@type\":\"WebPage\",\"@id\":\"https:\/\/www.padreeustaquio.com.br\/juventude-trabalha-na-confeccao-de-tapetes-de-serragem-para-corpus-christi\/\",\"url\":\"https:\/\/www.padreeustaquio.com.br\/juventude-trabalha-na-confeccao-de-tapetes-de-serragem-para-corpus-christi\/\",\"name\":\"Juventude trabalha na confec\u00e7\u00e3o de tapetes de serragem para Corpus Christi\",\"isPartOf\":{\"@id\":\"https:\/\/www.padreeustaquio.com.br\/#website\"},\"primaryImageOfPage\":{\"@id\":\"https:\/\/www.padreeustaquio.com.br\/juventude-trabalha-na-confeccao-de-tapetes-de-serragem-para-corpus-christi\/#primaryimage\"},\"image\":{\"@id\":\"https:\/\/www.padreeustaquio.com.br\/juventude-trabalha-na-confeccao-de-tapetes-de-serragem-para-corpus-christi\/#primaryimage\"},\"thumbnailUrl\":\"https:\/\/www.padreeustaquio.com.br\/wp-content\/uploads\/2023\/05\/WhatsApp-Image-2023-05-27-at-09.51.09-e1685476323586.jpeg\",\"datePublished\":\"2023-06-01T12:15:46+00:00\",\"dateModified\":\"2023-06-01T12:16:52+00:00\",\"description\":\"Os jovens atuantes no Santu\u00e1rio da Sa\u00fade e da Paz t\u00eam se reunido na igreja para preparar o material que ser\u00e1 usado na pr\u00f3xima quinta-feira, dia 8 de junho, quando a Igreja celebra o Dia de Corpus Christi.\",\"breadcrumb\":{\"@id\":\"https:\/\/www.padreeustaquio.com.br\/juventude-trabalha-na-confeccao-de-tapetes-de-serragem-para-corpus-christi\/#breadcrumb\"},\"inLanguage\":\"es\",\"potentialAction\":[{\"@type\":\"ReadAction\",\"target\":[\"https:\/\/www.padreeustaquio.com.br\/juventude-trabalha-na-confeccao-de-tapetes-de-serragem-para-corpus-christi\/\"]}]},{\"@type\":\"ImageObject\",\"inLanguage\":\"es\",\"@id\":\"https:\/\/www.padreeustaquio.com.br\/juventude-trabalha-na-confeccao-de-tapetes-de-serragem-para-corpus-christi\/#primaryimage\",\"url\":\"https:\/\/www.padreeustaquio.com.br\/wp-content\/uploads\/2023\/05\/WhatsApp-Image-2023-05-27-at-09.51.09-e1685476323586.jpeg\",\"contentUrl\":\"https:\/\/www.padreeustaquio.com.br\/wp-content\/uploads\/2023\/05\/WhatsApp-Image-2023-05-27-at-09.51.09-e1685476323586.jpeg\",\"width\":900,\"height\":528},{\"@type\":\"BreadcrumbList\",\"@id\":\"https:\/\/www.padreeustaquio.com.br\/juventude-trabalha-na-confeccao-de-tapetes-de-serragem-para-corpus-christi\/#breadcrumb\",\"itemListElement\":[{\"@type\":\"ListItem\",\"position\":1,\"name\":\"In\u00edcio\",\"item\":\"https:\/\/www.padreeustaquio.com.br\/\"},{\"@type\":\"ListItem\",\"position\":2,\"name\":\"Juventude trabalha na confec\u00e7\u00e3o de tapetes de serragem para Corpus Christi\"}]},{\"@type\":\"WebSite\",\"@id\":\"https:\/\/www.padreeustaquio.com.br\/#website\",\"url\":\"https:\/\/www.padreeustaquio.com.br\/\",\"name\":\"Padre Eust\u00e1quio\",\"description\":\"Sa\u00fade e Paz\",\"publisher\":{\"@id\":\"https:\/\/www.padreeustaquio.com.br\/#organization\"},\"potentialAction\":[{\"@type\":\"SearchAction\",\"target\":{\"@type\":\"EntryPoint\",\"urlTemplate\":\"https:\/\/www.padreeustaquio.com.br\/?s={search_term_string}\"},\"query-input\":{\"@type\":\"PropertyValueSpecification\",\"valueRequired\":true,\"valueName\":\"search_term_string\"}}],\"inLanguage\":\"es\"},{\"@type\":\"Organization\",\"@id\":\"https:\/\/www.padreeustaquio.com.br\/#organization\",\"name\":\"Padre Eust\u00e1quio\",\"url\":\"https:\/\/www.padreeustaquio.com.br\/\",\"logo\":{\"@type\":\"ImageObject\",\"inLanguage\":\"es\",\"@id\":\"https:\/\/www.padreeustaquio.com.br\/#\/schema\/logo\/image\/\",\"url\":\"https:\/\/www.padreeustaquio.com.br\/wp-content\/uploads\/2019\/08\/marca.png\",\"contentUrl\":\"https:\/\/www.padreeustaquio.com.br\/wp-content\/uploads\/2019\/08\/marca.png\",\"width\":350,\"height\":400,\"caption\":\"Padre Eust\u00e1quio\"},\"image\":{\"@id\":\"https:\/\/www.padreeustaquio.com.br\/#\/schema\/logo\/image\/\"},\"sameAs\":[\"https:\/\/www.facebook.com\/beatopadreeustaquio\/\",\"https:\/\/x.com\/beatopeustaquio\",\"https:\/\/www.instagram.com\/beatopadreeustaquio\/\",\"https:\/\/www.youtube.com\/channel\/UCRhw7vfabnajwLxb1ZXMeIw\"]},{\"@type\":\"Person\",\"@id\":\"https:\/\/www.padreeustaquio.com.br\/#\/schema\/person\/a2a51db1d00f1a7af0204a0f1ddb1566\",\"name\":\"@sscc\",\"image\":{\"@type\":\"ImageObject\",\"inLanguage\":\"es\",\"@id\":\"https:\/\/secure.gravatar.com\/avatar\/68cfafa5f44617fea54071e215026e0ff06be366c3d54a8425f04fdcb86f8c5f?s=96&d=mm&r=g\",\"url\":\"https:\/\/secure.gravatar.com\/avatar\/68cfafa5f44617fea54071e215026e0ff06be366c3d54a8425f04fdcb86f8c5f?s=96&d=mm&r=g\",\"contentUrl\":\"https:\/\/secure.gravatar.com\/avatar\/68cfafa5f44617fea54071e215026e0ff06be366c3d54a8425f04fdcb86f8c5f?s=96&d=mm&r=g\",\"caption\":\"@sscc\"},\"url\":\"https:\/\/www.padreeustaquio.com.br\/es\/author\/sscc\/\"}]}<\/script>\n<!-- \/ Yoast SEO plugin. -->","yoast_head_json":{"title":"J\u00f3venes trabajan en la elaboraci\u00f3n de alfombras de aserr\u00edn para el Corpus Christi.","description":"Los j\u00f3venes activos en el Santuario de Salud y Paz han estado reunidos en la iglesia para preparar el material que se utilizar\u00e1 el pr\u00f3ximo jueves 8 de junio, cuando la Iglesia celebra el d\u00eda de Corpus Christi.","robots":{"index":"index","follow":"follow","max-snippet":"max-snippet:-1","max-image-preview":"max-image-preview:large","max-video-preview":"max-video-preview:-1"},"canonical":"https:\/\/www.padreeustaquio.com.br\/es\/jovenes-trabajan-elaborando-alfombras-de-aserrin-para-el-corpus-christi\/","og_locale":"es_ES","og_type":"article","og_title":"Juventude trabalha na confec\u00e7\u00e3o de tapetes de serragem para Corpus Christi","og_description":"Os jovens atuantes no Santu\u00e1rio da Sa\u00fade e da Paz t\u00eam se reunido na igreja para preparar o material que ser\u00e1 usado na pr\u00f3xima quinta-feira, dia 8 de junho, quando a Igreja celebra o Dia de Corpus Christi.","og_url":"https:\/\/www.padreeustaquio.com.br\/es\/jovenes-trabajan-elaborando-alfombras-de-aserrin-para-el-corpus-christi\/","og_site_name":"Padre Eust\u00e1quio","article_publisher":"https:\/\/www.facebook.com\/beatopadreeustaquio\/","article_published_time":"2023-06-01T12:15:46+00:00","article_modified_time":"2023-06-01T12:16:52+00:00","og_image":[{"width":900,"height":528,"url":"https:\/\/www.padreeustaquio.com.br\/wp-content\/uploads\/2023\/05\/WhatsApp-Image-2023-05-27-at-09.51.09-e1685476323586.jpeg","type":"image\/jpeg"}],"author":"@sscc","twitter_card":"summary_large_image","twitter_creator":"@beatopeustaquio","twitter_site":"@beatopeustaquio","twitter_misc":{"Escrito por":"@sscc","Tiempo de lectura":"3 minutos"},"schema":{"@context":"https:\/\/schema.org","@graph":[{"@type":"Article","@id":"https:\/\/www.padreeustaquio.com.br\/juventude-trabalha-na-confeccao-de-tapetes-de-serragem-para-corpus-christi\/#article","isPartOf":{"@id":"https:\/\/www.padreeustaquio.com.br\/juventude-trabalha-na-confeccao-de-tapetes-de-serragem-para-corpus-christi\/"},"author":{"name":"@sscc","@id":"https:\/\/www.padreeustaquio.com.br\/#\/schema\/person\/a2a51db1d00f1a7af0204a0f1ddb1566"},"headline":"Juventude trabalha na confec\u00e7\u00e3o de tapetes de serragem para Corpus Christi","datePublished":"2023-06-01T12:15:46+00:00","dateModified":"2023-06-01T12:16:52+00:00","mainEntityOfPage":{"@id":"https:\/\/www.padreeustaquio.com.br\/juventude-trabalha-na-confeccao-de-tapetes-de-serragem-para-corpus-christi\/"},"wordCount":460,"commentCount":0,"publisher":{"@id":"https:\/\/www.padreeustaquio.com.br\/#organization"},"image":{"@id":"https:\/\/www.padreeustaquio.com.br\/juventude-trabalha-na-confeccao-de-tapetes-de-serragem-para-corpus-christi\/#primaryimage"},"thumbnailUrl":"https:\/\/www.padreeustaquio.com.br\/wp-content\/uploads\/2023\/05\/WhatsApp-Image-2023-05-27-at-09.51.09-e1685476323586.jpeg","articleSection":["Not\u00edcias"],"inLanguage":"es","potentialAction":[{"@type":"CommentAction","name":"Comment","target":["https:\/\/www.padreeustaquio.com.br\/juventude-trabalha-na-confeccao-de-tapetes-de-serragem-para-corpus-christi\/#respond"]}]},{"@type":"WebPage","@id":"https:\/\/www.padreeustaquio.com.br\/juventude-trabalha-na-confeccao-de-tapetes-de-serragem-para-corpus-christi\/","url":"https:\/\/www.padreeustaquio.com.br\/juventude-trabalha-na-confeccao-de-tapetes-de-serragem-para-corpus-christi\/","name":"J\u00f3venes trabajan en la elaboraci\u00f3n de alfombras de aserr\u00edn para el Corpus Christi.","isPartOf":{"@id":"https:\/\/www.padreeustaquio.com.br\/#website"},"primaryImageOfPage":{"@id":"https:\/\/www.padreeustaquio.com.br\/juventude-trabalha-na-confeccao-de-tapetes-de-serragem-para-corpus-christi\/#primaryimage"},"image":{"@id":"https:\/\/www.padreeustaquio.com.br\/juventude-trabalha-na-confeccao-de-tapetes-de-serragem-para-corpus-christi\/#primaryimage"},"thumbnailUrl":"https:\/\/www.padreeustaquio.com.br\/wp-content\/uploads\/2023\/05\/WhatsApp-Image-2023-05-27-at-09.51.09-e1685476323586.jpeg","datePublished":"2023-06-01T12:15:46+00:00","dateModified":"2023-06-01T12:16:52+00:00","description":"Los j\u00f3venes activos en el Santuario de Salud y Paz han estado reunidos en la iglesia para preparar el material que se utilizar\u00e1 el pr\u00f3ximo jueves 8 de junio, cuando la Iglesia celebra el d\u00eda de Corpus Christi.","breadcrumb":{"@id":"https:\/\/www.padreeustaquio.com.br\/juventude-trabalha-na-confeccao-de-tapetes-de-serragem-para-corpus-christi\/#breadcrumb"},"inLanguage":"es","potentialAction":[{"@type":"ReadAction","target":["https:\/\/www.padreeustaquio.com.br\/juventude-trabalha-na-confeccao-de-tapetes-de-serragem-para-corpus-christi\/"]}]},{"@type":"ImageObject","inLanguage":"es","@id":"https:\/\/www.padreeustaquio.com.br\/juventude-trabalha-na-confeccao-de-tapetes-de-serragem-para-corpus-christi\/#primaryimage","url":"https:\/\/www.padreeustaquio.com.br\/wp-content\/uploads\/2023\/05\/WhatsApp-Image-2023-05-27-at-09.51.09-e1685476323586.jpeg","contentUrl":"https:\/\/www.padreeustaquio.com.br\/wp-content\/uploads\/2023\/05\/WhatsApp-Image-2023-05-27-at-09.51.09-e1685476323586.jpeg","width":900,"height":528},{"@type":"BreadcrumbList","@id":"https:\/\/www.padreeustaquio.com.br\/juventude-trabalha-na-confeccao-de-tapetes-de-serragem-para-corpus-christi\/#breadcrumb","itemListElement":[{"@type":"ListItem","position":1,"name":"In\u00edcio","item":"https:\/\/www.padreeustaquio.com.br\/"},{"@type":"ListItem","position":2,"name":"Juventude trabalha na confec\u00e7\u00e3o de tapetes de serragem para Corpus Christi"}]},{"@type":"WebSite","@id":"https:\/\/www.padreeustaquio.com.br\/#website","url":"https:\/\/www.padreeustaquio.com.br\/","name":"Padre Eustace","description":"Salud y Paz","publisher":{"@id":"https:\/\/www.padreeustaquio.com.br\/#organization"},"potentialAction":[{"@type":"SearchAction","target":{"@type":"EntryPoint","urlTemplate":"https:\/\/www.padreeustaquio.com.br\/?s={search_term_string}"},"query-input":{"@type":"PropertyValueSpecification","valueRequired":true,"valueName":"search_term_string"}}],"inLanguage":"es"},{"@type":"Organization","@id":"https:\/\/www.padreeustaquio.com.br\/#organization","name":"Padre Eustace","url":"https:\/\/www.padreeustaquio.com.br\/","logo":{"@type":"ImageObject","inLanguage":"es","@id":"https:\/\/www.padreeustaquio.com.br\/#\/schema\/logo\/image\/","url":"https:\/\/www.padreeustaquio.com.br\/wp-content\/uploads\/2019\/08\/marca.png","contentUrl":"https:\/\/www.padreeustaquio.com.br\/wp-content\/uploads\/2019\/08\/marca.png","width":350,"height":400,"caption":"Padre Eust\u00e1quio"},"image":{"@id":"https:\/\/www.padreeustaquio.com.br\/#\/schema\/logo\/image\/"},"sameAs":["https:\/\/www.facebook.com\/beatopadreeustaquio\/","https:\/\/x.com\/beatopeustaquio","https:\/\/www.instagram.com\/beatopadreeustaquio\/","https:\/\/www.youtube.com\/channel\/UCRhw7vfabnajwLxb1ZXMeIw"]},{"@type":"Person","@id":"https:\/\/www.padreeustaquio.com.br\/#\/schema\/person\/a2a51db1d00f1a7af0204a0f1ddb1566","name":"@sscc","image":{"@type":"ImageObject","inLanguage":"es","@id":"https:\/\/secure.gravatar.com\/avatar\/68cfafa5f44617fea54071e215026e0ff06be366c3d54a8425f04fdcb86f8c5f?s=96&d=mm&r=g","url":"https:\/\/secure.gravatar.com\/avatar\/68cfafa5f44617fea54071e215026e0ff06be366c3d54a8425f04fdcb86f8c5f?s=96&d=mm&r=g","contentUrl":"https:\/\/secure.gravatar.com\/avatar\/68cfafa5f44617fea54071e215026e0ff06be366c3d54a8425f04fdcb86f8c5f?s=96&d=mm&r=g","caption":"@sscc"},"url":"https:\/\/www.padreeustaquio.com.br\/es\/author\/sscc\/"}]}},"_links":{"self":[{"href":"https:\/\/www.padreeustaquio.com.br\/es\/wp-json\/wp\/v2\/posts\/10480","targetHints":{"allow":["GET"]}}],"collection":[{"href":"https:\/\/www.padreeustaquio.com.br\/es\/wp-json\/wp\/v2\/posts"}],"about":[{"href":"https:\/\/www.padreeustaquio.com.br\/es\/wp-json\/wp\/v2\/types\/post"}],"author":[{"embeddable":true,"href":"https:\/\/www.padreeustaquio.com.br\/es\/wp-json\/wp\/v2\/users\/2"}],"replies":[{"embeddable":true,"href":"https:\/\/www.padreeustaquio.com.br\/es\/wp-json\/wp\/v2\/comments?post=10480"}],"version-history":[{"count":0,"href":"https:\/\/www.padreeustaquio.com.br\/es\/wp-json\/wp\/v2\/posts\/10480\/revisions"}],"wp:featuredmedia":[{"embeddable":true,"href":"https:\/\/www.padreeustaquio.com.br\/es\/wp-json\/wp\/v2\/media\/10481"}],"wp:attachment":[{"href":"https:\/\/www.padreeustaquio.com.br\/es\/wp-json\/wp\/v2\/media?parent=10480"}],"wp:term":[{"taxonomy":"category","embeddable":true,"href":"https:\/\/www.padreeustaquio.com.br\/es\/wp-json\/wp\/v2\/categories?post=10480"},{"taxonomy":"post_tag","embeddable":true,"href":"https:\/\/www.padreeustaquio.com.br\/es\/wp-json\/wp\/v2\/tags?post=10480"}],"curies":[{"name":"wp","href":"https:\/\/api.w.org\/{rel}","templated":true}]}}