{"id":10475,"date":"2023-05-31T06:16:53","date_gmt":"2023-05-31T09:16:53","guid":{"rendered":"https:\/\/www.padreeustaquio.com.br\/?p=10475"},"modified":"2023-05-30T15:49:56","modified_gmt":"2023-05-30T18:49:56","slug":"el-dia-8-se-celebrara-la-solemnidad-del-corpus-christi","status":"publish","type":"post","link":"https:\/\/www.padreeustaquio.com.br\/es\/el-dia-8-se-celebrara-la-solemnidad-del-corpus-christi\/","title":{"rendered":"El d\u00eda 8 se celebrar\u00e1 la Solemnidad del Corpus Christi."},"content":{"rendered":"<p>El pr\u00f3ximo jueves 8 de junio, la Iglesia en todo el mundo celebra... <strong>Solemnidad del Cuerpo y la Sangre de Cristo<\/strong>. Esta fecha es una oportunidad que nos da la Iglesia para expresar p\u00fablicamente nuestra fe en la Sant\u00edsima Eucarist\u00eda.<\/p>\n<p>En el Santuario de la Salud y la Paz, la Iglesia del Beato Padre Eustaquio, la comunidad se reunir\u00e1 para la <strong>Celebraci\u00f3n Solemne a las 4 p.m.<\/strong>. La Santa Misa se celebrar\u00e1 en la iglesia, e inmediatamente despu\u00e9s la procesi\u00f3n recorrer\u00e1 las calles del barrio para las tres bendiciones del Sant\u00edsimo Sacramento.<\/p>\n<p>Toda la celebraci\u00f3n y procesi\u00f3n se transmitir\u00e1n por el canal Padre Eust\u00e1quio en YouTube. Ese mismo d\u00eda, a las 7:00 a. m., tambi\u00e9n se celebrar\u00e1 una misa para quienes no puedan asistir a la celebraci\u00f3n principal.<\/p>\n<p>&nbsp;<\/p>","protected":false},"excerpt":{"rendered":"<p>No dia 8 de junho, quinta-feira da pr\u00f3xima semana, a Igreja em todo o mundo celebra a Solenidade do Corpo e Sangue de Cristo. A data \u00e9 uma oportunidade que a Igreja nos d\u00e1 para expressarmos publicamente nossa f\u00e9 na Sant\u00edssima Eucaristia. No Santu\u00e1rio da Sa\u00fade e da Paz, a Igreja do Beato Padre Eust\u00e1quio, a comunidade ir\u00e1 se reunir para a Celebra\u00e7\u00e3o Solene \u00e0s 16h. A Santa Missa ser\u00e1 presidida na igreja e logo em seguida a prociss\u00e3o sair\u00e1 pelas ruas do bairro para as tr\u00eas b\u00ean\u00e7\u00e3os do Sant\u00edssimo. Toda a celebra\u00e7\u00e3o e prociss\u00e3o ser\u00e3o transmitidas pelo Canal Padre [&hellip;]<\/p>\n","protected":false},"author":2,"featured_media":10476,"comment_status":"open","ping_status":"closed","sticky":false,"template":"","format":"standard","meta":{"_acf_changed":false,"footnotes":""},"categories":[611],"tags":[],"class_list":["post-10475","post","type-post","status-publish","format-standard","has-post-thumbnail","hentry","category-noticias"],"acf":[],"yoast_head":"<!-- This site is optimized with the Yoast SEO plugin v27.2 - https:\/\/yoast.com\/product\/yoast-seo-wordpress\/ -->\n<title>Solenidade de Corpus Christi ser\u00e1 celebrada no pr\u00f3ximo dia 8<\/title>\n<meta name=\"description\" content=\"No dia 8 de junho, quinta-feira da pr\u00f3xima semana, a Igreja em todo o mundo celebra a Solenidade do Corpo e Sangue de Cristo. A data \u00e9 uma oportunidade que a Igreja nos d\u00e1 para expressarmos publicamente nossa f\u00e9 na Sant\u00edssima Eucaristia.\" \/>\n<meta name=\"robots\" content=\"index, follow, max-snippet:-1, max-image-preview:large, max-video-preview:-1\" \/>\n<link rel=\"canonical\" href=\"https:\/\/www.padreeustaquio.com.br\/es\/el-dia-8-se-celebrara-la-solemnidad-del-corpus-christi\/\" \/>\n<meta property=\"og:locale\" content=\"es_ES\" \/>\n<meta property=\"og:type\" content=\"article\" \/>\n<meta property=\"og:title\" content=\"Solenidade de Corpus Christi ser\u00e1 celebrada no pr\u00f3ximo dia 8\" \/>\n<meta property=\"og:description\" content=\"No dia 8 de junho, quinta-feira da pr\u00f3xima semana, a Igreja em todo o mundo celebra a Solenidade do Corpo e Sangue de Cristo. A data \u00e9 uma oportunidade que a Igreja nos d\u00e1 para expressarmos publicamente nossa f\u00e9 na Sant\u00edssima Eucaristia.\" \/>\n<meta property=\"og:url\" content=\"https:\/\/www.padreeustaquio.com.br\/es\/el-dia-8-se-celebrara-la-solemnidad-del-corpus-christi\/\" \/>\n<meta property=\"og:site_name\" content=\"Padre Eust\u00e1quio\" \/>\n<meta property=\"article:publisher\" content=\"https:\/\/www.facebook.com\/beatopadreeustaquio\/\" \/>\n<meta property=\"article:published_time\" content=\"2023-05-31T09:16:53+00:00\" \/>\n<meta property=\"og:image\" content=\"https:\/\/www.padreeustaquio.com.br\/wp-content\/uploads\/2023\/05\/corpus-christi-1024x576.png\" \/>\n\t<meta property=\"og:image:width\" content=\"1024\" \/>\n\t<meta property=\"og:image:height\" content=\"576\" \/>\n\t<meta property=\"og:image:type\" content=\"image\/png\" \/>\n<meta name=\"author\" content=\"@sscc\" \/>\n<meta name=\"twitter:card\" content=\"summary_large_image\" \/>\n<meta name=\"twitter:creator\" content=\"@beatopeustaquio\" \/>\n<meta name=\"twitter:site\" content=\"@beatopeustaquio\" \/>\n<meta name=\"twitter:label1\" content=\"Escrito por\" \/>\n\t<meta name=\"twitter:data1\" content=\"@sscc\" \/>\n\t<meta name=\"twitter:label2\" content=\"Tiempo de lectura\" \/>\n\t<meta name=\"twitter:data2\" content=\"1 minuto\" \/>\n<script type=\"application\/ld+json\" class=\"yoast-schema-graph\">{\"@context\":\"https:\/\/schema.org\",\"@graph\":[{\"@type\":\"Article\",\"@id\":\"https:\/\/www.padreeustaquio.com.br\/solenidade-de-corpus-christi-sera-celebrada-no-proximo-dia-8\/#article\",\"isPartOf\":{\"@id\":\"https:\/\/www.padreeustaquio.com.br\/solenidade-de-corpus-christi-sera-celebrada-no-proximo-dia-8\/\"},\"author\":{\"name\":\"@sscc\",\"@id\":\"https:\/\/www.padreeustaquio.com.br\/#\/schema\/person\/a2a51db1d00f1a7af0204a0f1ddb1566\"},\"headline\":\"Solenidade de Corpus Christi ser\u00e1 celebrada no pr\u00f3ximo dia 8\",\"datePublished\":\"2023-05-31T09:16:53+00:00\",\"mainEntityOfPage\":{\"@id\":\"https:\/\/www.padreeustaquio.com.br\/solenidade-de-corpus-christi-sera-celebrada-no-proximo-dia-8\/\"},\"wordCount\":149,\"commentCount\":0,\"publisher\":{\"@id\":\"https:\/\/www.padreeustaquio.com.br\/#organization\"},\"image\":{\"@id\":\"https:\/\/www.padreeustaquio.com.br\/solenidade-de-corpus-christi-sera-celebrada-no-proximo-dia-8\/#primaryimage\"},\"thumbnailUrl\":\"https:\/\/www.padreeustaquio.com.br\/wp-content\/uploads\/2023\/05\/corpus-christi.png\",\"articleSection\":[\"Not\u00edcias\"],\"inLanguage\":\"es\",\"potentialAction\":[{\"@type\":\"CommentAction\",\"name\":\"Comment\",\"target\":[\"https:\/\/www.padreeustaquio.com.br\/solenidade-de-corpus-christi-sera-celebrada-no-proximo-dia-8\/#respond\"]}]},{\"@type\":\"WebPage\",\"@id\":\"https:\/\/www.padreeustaquio.com.br\/solenidade-de-corpus-christi-sera-celebrada-no-proximo-dia-8\/\",\"url\":\"https:\/\/www.padreeustaquio.com.br\/solenidade-de-corpus-christi-sera-celebrada-no-proximo-dia-8\/\",\"name\":\"Solenidade de Corpus Christi ser\u00e1 celebrada no pr\u00f3ximo dia 8\",\"isPartOf\":{\"@id\":\"https:\/\/www.padreeustaquio.com.br\/#website\"},\"primaryImageOfPage\":{\"@id\":\"https:\/\/www.padreeustaquio.com.br\/solenidade-de-corpus-christi-sera-celebrada-no-proximo-dia-8\/#primaryimage\"},\"image\":{\"@id\":\"https:\/\/www.padreeustaquio.com.br\/solenidade-de-corpus-christi-sera-celebrada-no-proximo-dia-8\/#primaryimage\"},\"thumbnailUrl\":\"https:\/\/www.padreeustaquio.com.br\/wp-content\/uploads\/2023\/05\/corpus-christi.png\",\"datePublished\":\"2023-05-31T09:16:53+00:00\",\"description\":\"No dia 8 de junho, quinta-feira da pr\u00f3xima semana, a Igreja em todo o mundo celebra a Solenidade do Corpo e Sangue de Cristo. A data \u00e9 uma oportunidade que a Igreja nos d\u00e1 para expressarmos publicamente nossa f\u00e9 na Sant\u00edssima Eucaristia.\",\"breadcrumb\":{\"@id\":\"https:\/\/www.padreeustaquio.com.br\/solenidade-de-corpus-christi-sera-celebrada-no-proximo-dia-8\/#breadcrumb\"},\"inLanguage\":\"es\",\"potentialAction\":[{\"@type\":\"ReadAction\",\"target\":[\"https:\/\/www.padreeustaquio.com.br\/solenidade-de-corpus-christi-sera-celebrada-no-proximo-dia-8\/\"]}]},{\"@type\":\"ImageObject\",\"inLanguage\":\"es\",\"@id\":\"https:\/\/www.padreeustaquio.com.br\/solenidade-de-corpus-christi-sera-celebrada-no-proximo-dia-8\/#primaryimage\",\"url\":\"https:\/\/www.padreeustaquio.com.br\/wp-content\/uploads\/2023\/05\/corpus-christi.png\",\"contentUrl\":\"https:\/\/www.padreeustaquio.com.br\/wp-content\/uploads\/2023\/05\/corpus-christi.png\",\"width\":1920,\"height\":1080},{\"@type\":\"BreadcrumbList\",\"@id\":\"https:\/\/www.padreeustaquio.com.br\/solenidade-de-corpus-christi-sera-celebrada-no-proximo-dia-8\/#breadcrumb\",\"itemListElement\":[{\"@type\":\"ListItem\",\"position\":1,\"name\":\"In\u00edcio\",\"item\":\"https:\/\/www.padreeustaquio.com.br\/\"},{\"@type\":\"ListItem\",\"position\":2,\"name\":\"Solenidade de Corpus Christi ser\u00e1 celebrada no pr\u00f3ximo dia 8\"}]},{\"@type\":\"WebSite\",\"@id\":\"https:\/\/www.padreeustaquio.com.br\/#website\",\"url\":\"https:\/\/www.padreeustaquio.com.br\/\",\"name\":\"Padre Eust\u00e1quio\",\"description\":\"Sa\u00fade e Paz\",\"publisher\":{\"@id\":\"https:\/\/www.padreeustaquio.com.br\/#organization\"},\"potentialAction\":[{\"@type\":\"SearchAction\",\"target\":{\"@type\":\"EntryPoint\",\"urlTemplate\":\"https:\/\/www.padreeustaquio.com.br\/?s={search_term_string}\"},\"query-input\":{\"@type\":\"PropertyValueSpecification\",\"valueRequired\":true,\"valueName\":\"search_term_string\"}}],\"inLanguage\":\"es\"},{\"@type\":\"Organization\",\"@id\":\"https:\/\/www.padreeustaquio.com.br\/#organization\",\"name\":\"Padre Eust\u00e1quio\",\"url\":\"https:\/\/www.padreeustaquio.com.br\/\",\"logo\":{\"@type\":\"ImageObject\",\"inLanguage\":\"es\",\"@id\":\"https:\/\/www.padreeustaquio.com.br\/#\/schema\/logo\/image\/\",\"url\":\"https:\/\/www.padreeustaquio.com.br\/wp-content\/uploads\/2019\/08\/marca.png\",\"contentUrl\":\"https:\/\/www.padreeustaquio.com.br\/wp-content\/uploads\/2019\/08\/marca.png\",\"width\":350,\"height\":400,\"caption\":\"Padre Eust\u00e1quio\"},\"image\":{\"@id\":\"https:\/\/www.padreeustaquio.com.br\/#\/schema\/logo\/image\/\"},\"sameAs\":[\"https:\/\/www.facebook.com\/beatopadreeustaquio\/\",\"https:\/\/x.com\/beatopeustaquio\",\"https:\/\/www.instagram.com\/beatopadreeustaquio\/\",\"https:\/\/www.youtube.com\/channel\/UCRhw7vfabnajwLxb1ZXMeIw\"]},{\"@type\":\"Person\",\"@id\":\"https:\/\/www.padreeustaquio.com.br\/#\/schema\/person\/a2a51db1d00f1a7af0204a0f1ddb1566\",\"name\":\"@sscc\",\"image\":{\"@type\":\"ImageObject\",\"inLanguage\":\"es\",\"@id\":\"https:\/\/secure.gravatar.com\/avatar\/68cfafa5f44617fea54071e215026e0ff06be366c3d54a8425f04fdcb86f8c5f?s=96&d=mm&r=g\",\"url\":\"https:\/\/secure.gravatar.com\/avatar\/68cfafa5f44617fea54071e215026e0ff06be366c3d54a8425f04fdcb86f8c5f?s=96&d=mm&r=g\",\"contentUrl\":\"https:\/\/secure.gravatar.com\/avatar\/68cfafa5f44617fea54071e215026e0ff06be366c3d54a8425f04fdcb86f8c5f?s=96&d=mm&r=g\",\"caption\":\"@sscc\"},\"url\":\"https:\/\/www.padreeustaquio.com.br\/es\/author\/sscc\/\"}]}<\/script>\n<!-- \/ Yoast SEO plugin. -->","yoast_head_json":{"title":"El d\u00eda 8 se celebrar\u00e1 la Solemnidad del Corpus Christi.","description":"El jueves 8 de junio, la Iglesia en todo el mundo celebra la Solemnidad del Cuerpo y la Sangre de Cristo. Esta fecha nos brinda la oportunidad de expresar p\u00fablicamente nuestra fe en la Sant\u00edsima Eucarist\u00eda.","robots":{"index":"index","follow":"follow","max-snippet":"max-snippet:-1","max-image-preview":"max-image-preview:large","max-video-preview":"max-video-preview:-1"},"canonical":"https:\/\/www.padreeustaquio.com.br\/es\/el-dia-8-se-celebrara-la-solemnidad-del-corpus-christi\/","og_locale":"es_ES","og_type":"article","og_title":"Solenidade de Corpus Christi ser\u00e1 celebrada no pr\u00f3ximo dia 8","og_description":"No dia 8 de junho, quinta-feira da pr\u00f3xima semana, a Igreja em todo o mundo celebra a Solenidade do Corpo e Sangue de Cristo. A data \u00e9 uma oportunidade que a Igreja nos d\u00e1 para expressarmos publicamente nossa f\u00e9 na Sant\u00edssima Eucaristia.","og_url":"https:\/\/www.padreeustaquio.com.br\/es\/el-dia-8-se-celebrara-la-solemnidad-del-corpus-christi\/","og_site_name":"Padre Eust\u00e1quio","article_publisher":"https:\/\/www.facebook.com\/beatopadreeustaquio\/","article_published_time":"2023-05-31T09:16:53+00:00","og_image":[{"width":1024,"height":576,"url":"https:\/\/www.padreeustaquio.com.br\/wp-content\/uploads\/2023\/05\/corpus-christi-1024x576.png","type":"image\/png"}],"author":"@sscc","twitter_card":"summary_large_image","twitter_creator":"@beatopeustaquio","twitter_site":"@beatopeustaquio","twitter_misc":{"Escrito por":"@sscc","Tiempo de lectura":"1 minuto"},"schema":{"@context":"https:\/\/schema.org","@graph":[{"@type":"Article","@id":"https:\/\/www.padreeustaquio.com.br\/solenidade-de-corpus-christi-sera-celebrada-no-proximo-dia-8\/#article","isPartOf":{"@id":"https:\/\/www.padreeustaquio.com.br\/solenidade-de-corpus-christi-sera-celebrada-no-proximo-dia-8\/"},"author":{"name":"@sscc","@id":"https:\/\/www.padreeustaquio.com.br\/#\/schema\/person\/a2a51db1d00f1a7af0204a0f1ddb1566"},"headline":"Solenidade de Corpus Christi ser\u00e1 celebrada no pr\u00f3ximo dia 8","datePublished":"2023-05-31T09:16:53+00:00","mainEntityOfPage":{"@id":"https:\/\/www.padreeustaquio.com.br\/solenidade-de-corpus-christi-sera-celebrada-no-proximo-dia-8\/"},"wordCount":149,"commentCount":0,"publisher":{"@id":"https:\/\/www.padreeustaquio.com.br\/#organization"},"image":{"@id":"https:\/\/www.padreeustaquio.com.br\/solenidade-de-corpus-christi-sera-celebrada-no-proximo-dia-8\/#primaryimage"},"thumbnailUrl":"https:\/\/www.padreeustaquio.com.br\/wp-content\/uploads\/2023\/05\/corpus-christi.png","articleSection":["Not\u00edcias"],"inLanguage":"es","potentialAction":[{"@type":"CommentAction","name":"Comment","target":["https:\/\/www.padreeustaquio.com.br\/solenidade-de-corpus-christi-sera-celebrada-no-proximo-dia-8\/#respond"]}]},{"@type":"WebPage","@id":"https:\/\/www.padreeustaquio.com.br\/solenidade-de-corpus-christi-sera-celebrada-no-proximo-dia-8\/","url":"https:\/\/www.padreeustaquio.com.br\/solenidade-de-corpus-christi-sera-celebrada-no-proximo-dia-8\/","name":"El d\u00eda 8 se celebrar\u00e1 la Solemnidad del Corpus Christi.","isPartOf":{"@id":"https:\/\/www.padreeustaquio.com.br\/#website"},"primaryImageOfPage":{"@id":"https:\/\/www.padreeustaquio.com.br\/solenidade-de-corpus-christi-sera-celebrada-no-proximo-dia-8\/#primaryimage"},"image":{"@id":"https:\/\/www.padreeustaquio.com.br\/solenidade-de-corpus-christi-sera-celebrada-no-proximo-dia-8\/#primaryimage"},"thumbnailUrl":"https:\/\/www.padreeustaquio.com.br\/wp-content\/uploads\/2023\/05\/corpus-christi.png","datePublished":"2023-05-31T09:16:53+00:00","description":"El jueves 8 de junio, la Iglesia en todo el mundo celebra la Solemnidad del Cuerpo y la Sangre de Cristo. Esta fecha nos brinda la oportunidad de expresar p\u00fablicamente nuestra fe en la Sant\u00edsima Eucarist\u00eda.","breadcrumb":{"@id":"https:\/\/www.padreeustaquio.com.br\/solenidade-de-corpus-christi-sera-celebrada-no-proximo-dia-8\/#breadcrumb"},"inLanguage":"es","potentialAction":[{"@type":"ReadAction","target":["https:\/\/www.padreeustaquio.com.br\/solenidade-de-corpus-christi-sera-celebrada-no-proximo-dia-8\/"]}]},{"@type":"ImageObject","inLanguage":"es","@id":"https:\/\/www.padreeustaquio.com.br\/solenidade-de-corpus-christi-sera-celebrada-no-proximo-dia-8\/#primaryimage","url":"https:\/\/www.padreeustaquio.com.br\/wp-content\/uploads\/2023\/05\/corpus-christi.png","contentUrl":"https:\/\/www.padreeustaquio.com.br\/wp-content\/uploads\/2023\/05\/corpus-christi.png","width":1920,"height":1080},{"@type":"BreadcrumbList","@id":"https:\/\/www.padreeustaquio.com.br\/solenidade-de-corpus-christi-sera-celebrada-no-proximo-dia-8\/#breadcrumb","itemListElement":[{"@type":"ListItem","position":1,"name":"In\u00edcio","item":"https:\/\/www.padreeustaquio.com.br\/"},{"@type":"ListItem","position":2,"name":"Solenidade de Corpus Christi ser\u00e1 celebrada no pr\u00f3ximo dia 8"}]},{"@type":"WebSite","@id":"https:\/\/www.padreeustaquio.com.br\/#website","url":"https:\/\/www.padreeustaquio.com.br\/","name":"Padre Eustace","description":"Salud y Paz","publisher":{"@id":"https:\/\/www.padreeustaquio.com.br\/#organization"},"potentialAction":[{"@type":"SearchAction","target":{"@type":"EntryPoint","urlTemplate":"https:\/\/www.padreeustaquio.com.br\/?s={search_term_string}"},"query-input":{"@type":"PropertyValueSpecification","valueRequired":true,"valueName":"search_term_string"}}],"inLanguage":"es"},{"@type":"Organization","@id":"https:\/\/www.padreeustaquio.com.br\/#organization","name":"Padre Eustace","url":"https:\/\/www.padreeustaquio.com.br\/","logo":{"@type":"ImageObject","inLanguage":"es","@id":"https:\/\/www.padreeustaquio.com.br\/#\/schema\/logo\/image\/","url":"https:\/\/www.padreeustaquio.com.br\/wp-content\/uploads\/2019\/08\/marca.png","contentUrl":"https:\/\/www.padreeustaquio.com.br\/wp-content\/uploads\/2019\/08\/marca.png","width":350,"height":400,"caption":"Padre Eust\u00e1quio"},"image":{"@id":"https:\/\/www.padreeustaquio.com.br\/#\/schema\/logo\/image\/"},"sameAs":["https:\/\/www.facebook.com\/beatopadreeustaquio\/","https:\/\/x.com\/beatopeustaquio","https:\/\/www.instagram.com\/beatopadreeustaquio\/","https:\/\/www.youtube.com\/channel\/UCRhw7vfabnajwLxb1ZXMeIw"]},{"@type":"Person","@id":"https:\/\/www.padreeustaquio.com.br\/#\/schema\/person\/a2a51db1d00f1a7af0204a0f1ddb1566","name":"@sscc","image":{"@type":"ImageObject","inLanguage":"es","@id":"https:\/\/secure.gravatar.com\/avatar\/68cfafa5f44617fea54071e215026e0ff06be366c3d54a8425f04fdcb86f8c5f?s=96&d=mm&r=g","url":"https:\/\/secure.gravatar.com\/avatar\/68cfafa5f44617fea54071e215026e0ff06be366c3d54a8425f04fdcb86f8c5f?s=96&d=mm&r=g","contentUrl":"https:\/\/secure.gravatar.com\/avatar\/68cfafa5f44617fea54071e215026e0ff06be366c3d54a8425f04fdcb86f8c5f?s=96&d=mm&r=g","caption":"@sscc"},"url":"https:\/\/www.padreeustaquio.com.br\/es\/author\/sscc\/"}]}},"_links":{"self":[{"href":"https:\/\/www.padreeustaquio.com.br\/es\/wp-json\/wp\/v2\/posts\/10475","targetHints":{"allow":["GET"]}}],"collection":[{"href":"https:\/\/www.padreeustaquio.com.br\/es\/wp-json\/wp\/v2\/posts"}],"about":[{"href":"https:\/\/www.padreeustaquio.com.br\/es\/wp-json\/wp\/v2\/types\/post"}],"author":[{"embeddable":true,"href":"https:\/\/www.padreeustaquio.com.br\/es\/wp-json\/wp\/v2\/users\/2"}],"replies":[{"embeddable":true,"href":"https:\/\/www.padreeustaquio.com.br\/es\/wp-json\/wp\/v2\/comments?post=10475"}],"version-history":[{"count":0,"href":"https:\/\/www.padreeustaquio.com.br\/es\/wp-json\/wp\/v2\/posts\/10475\/revisions"}],"wp:featuredmedia":[{"embeddable":true,"href":"https:\/\/www.padreeustaquio.com.br\/es\/wp-json\/wp\/v2\/media\/10476"}],"wp:attachment":[{"href":"https:\/\/www.padreeustaquio.com.br\/es\/wp-json\/wp\/v2\/media?parent=10475"}],"wp:term":[{"taxonomy":"category","embeddable":true,"href":"https:\/\/www.padreeustaquio.com.br\/es\/wp-json\/wp\/v2\/categories?post=10475"},{"taxonomy":"post_tag","embeddable":true,"href":"https:\/\/www.padreeustaquio.com.br\/es\/wp-json\/wp\/v2\/tags?post=10475"}],"curies":[{"name":"wp","href":"https:\/\/api.w.org\/{rel}","templated":true}]}}