{"id":10470,"date":"2023-05-30T14:57:23","date_gmt":"2023-05-30T17:57:23","guid":{"rendered":"https:\/\/www.padreeustaquio.com.br\/?p=10470"},"modified":"2023-05-30T14:57:23","modified_gmt":"2023-05-30T17:57:23","slug":"padre-eustaquio-el-misionero-que-llevo-salud-a-los-necesitados","status":"publish","type":"post","link":"https:\/\/www.padreeustaquio.com.br\/es\/padre-eustaquio-el-misionero-que-llevo-salud-a-los-necesitados\/","title":{"rendered":"Padre Eust\u00e1quio, el misionero que llev\u00f3 salud a los necesitados."},"content":{"rendered":"<div>A lo largo de su vida misionera, el Padre Eust\u00e1quio se destac\u00f3 por su costumbre de visitar y ayudar a los enfermos en las parroquias donde serv\u00eda. Siempre cuidaba de los enfermos, recomend\u00e1ndoles t\u00e9s y remedios naturales para curar heridas y enfermedades que causaban angustia, especialmente entre las personas m\u00e1s pobres a las que serv\u00eda.<\/div>\n<div><\/div>\n<div>El deseo de ayudar a los enfermos y a los que sufren surgi\u00f3 de la inspiraci\u00f3n de San Dami\u00e1n de Molokai, quien lo dej\u00f3 todo para cuidar a los leprosos y acab\u00f3 muriendo a causa de la enfermedad. Al ver esta disposici\u00f3n y disponibilidad para servir, el beato comenz\u00f3 a atender a los necesitados. A menudo, estas personas no ten\u00edan acceso a m\u00e9dicos y terminaban prolongando sus enfermedades durante muchos a\u00f1os por falta de atenci\u00f3n.<\/div>\n<div>\n<div><\/div>\n<div>Para llevar un registro de los enfermos, el padre Eust\u00e1quio llevaba un cuaderno donde anotaba los nombres de las personas a las que ayudaba. Adem\u00e1s, este cuaderno conten\u00eda las direcciones y, a menudo, las enfermedades de sus feligreses.<\/div>\n<div><\/div>\n<div>El diario forma parte de la colecci\u00f3n del Padre Eust\u00e1quio y preserva la historia del Beato.<\/div>\n<div><\/div>\n<\/div>\n<div><\/div>\n<div>\n\n\t\t<style type=\"text\/css\">\n\t\t\t#gallery-1 {\n\t\t\t\tmargin: auto;\n\t\t\t}\n\t\t\t#gallery-1 .gallery-item {\n\t\t\t\tfloat: left;\n\t\t\t\tmargin-top: 10px;\n\t\t\t\ttext-align: center;\n\t\t\t\twidth: 100%;\n\t\t\t}\n\t\t\t#gallery-1 img {\n\t\t\t\tborder: 2px solid #cfcfcf;\n\t\t\t}\n\t\t\t#gallery-1 .gallery-caption {\n\t\t\t\tmargin-left: 0;\n\t\t\t}\n\t\t\t\/* see gallery_shortcode() in wp-includes\/media.php *\/\n\t\t<\/style>\n\t\t<div id='gallery-1' class='gallery galleryid-10470 gallery-columns-1 gallery-size-thumbnail'><dl class='gallery-item'>\n\t\t\t<dt class='gallery-icon landscape'>\n\t\t\t\t<a href='https:\/\/www.padreeustaquio.com.br\/es\/padre-eustaquio-el-misionero-que-llevo-salud-a-los-necesitados\/agenda-do-padre-eustaquio\/'><img decoding=\"async\" width=\"150\" height=\"150\" src=\"https:\/\/www.padreeustaquio.com.br\/wp-content\/uploads\/2023\/05\/Agenda-do-padre-eustaquio-150x150.jpeg\" class=\"attachment-thumbnail size-thumbnail\" alt=\"\" aria-describedby=\"gallery-1-10471\" srcset=\"https:\/\/www.padreeustaquio.com.br\/wp-content\/uploads\/2023\/05\/Agenda-do-padre-eustaquio-150x150.jpeg 150w, https:\/\/www.padreeustaquio.com.br\/wp-content\/uploads\/2023\/05\/Agenda-do-padre-eustaquio-75x75.jpeg 75w, https:\/\/www.padreeustaquio.com.br\/wp-content\/uploads\/2023\/05\/Agenda-do-padre-eustaquio-180x180.jpeg 180w, https:\/\/www.padreeustaquio.com.br\/wp-content\/uploads\/2023\/05\/Agenda-do-padre-eustaquio-400x400.jpeg 400w, https:\/\/www.padreeustaquio.com.br\/wp-content\/uploads\/2023\/05\/Agenda-do-padre-eustaquio-600x600.jpeg 600w\" sizes=\"(max-width: 150px) 100vw, 150px\" \/><\/a>\n\t\t\t<\/dt>\n\t\t\t\t<dd class='wp-caption-text gallery-caption' id='gallery-1-10471'>\n\t\t\t\tFoto de uno de los diarios del Padre Eust\u00e1quio. Haga clic para ampliar.\n\t\t\t\t<\/dd><\/dl><br style=\"clear: both\" \/>\n\t\t<\/div>\n\n<p>&nbsp;<\/p>\n<\/div>","protected":false},"excerpt":{"rendered":"<p>Padre Eust\u00e1quio, em toda sua vida mission\u00e1ria, se destacava pelo costume de visitar e ajudar os doentes das par\u00f3quias por onde ele passava. Ele sempre cuidava dos enfermos, indicando ch\u00e1s e meios naturais para cuidar das feridas e doen\u00e7as que causavam afli\u00e7\u00e3o, principalmente entre a popula\u00e7\u00e3o mais pobre atendida por ele. A vontade de ajudar os doentes e sofredores surgiu por inspira\u00e7\u00e3o de S\u00e3o Dami\u00e3o de Molokai, que largou tudo para cuidar das pessoas que tinham lepra, e acabou morrendo da doen\u00e7a.\u00a0 Foi vendo essa vontade e disponibilidade em servir, que o Bem-aventurado come\u00e7ou a cuidar das pessoas que precisavam. [&hellip;]<\/p>\n","protected":false},"author":2,"featured_media":10471,"comment_status":"open","ping_status":"closed","sticky":false,"template":"","format":"standard","meta":{"_acf_changed":false,"footnotes":""},"categories":[611],"tags":[],"class_list":["post-10470","post","type-post","status-publish","format-standard","has-post-thumbnail","hentry","category-noticias"],"acf":[],"yoast_head":"<!-- This site is optimized with the Yoast SEO plugin v27.2 - https:\/\/yoast.com\/product\/yoast-seo-wordpress\/ -->\n<title>Padre Eust\u00e1quio, o mission\u00e1rio que levava sa\u00fade aos necessitados<\/title>\n<meta name=\"description\" content=\"Padre Eust\u00e1quio, em toda sua vida mission\u00e1ria, se destacava pelo costume de visitar e ajudar os doentes das par\u00f3quias por onde ele passava. Ele sempre cuidava dos enfermos, indicando ch\u00e1s e meios naturais para cuidar das feridas e doen\u00e7as que causavam afli\u00e7\u00e3o, principalmente entre a popula\u00e7\u00e3o mais pobre atendida por ele.\" \/>\n<meta name=\"robots\" content=\"index, follow, max-snippet:-1, max-image-preview:large, max-video-preview:-1\" \/>\n<link rel=\"canonical\" href=\"https:\/\/www.padreeustaquio.com.br\/es\/padre-eustaquio-el-misionero-que-llevo-salud-a-los-necesitados\/\" \/>\n<meta property=\"og:locale\" content=\"es_ES\" \/>\n<meta property=\"og:type\" content=\"article\" \/>\n<meta property=\"og:title\" content=\"Padre Eust\u00e1quio, o mission\u00e1rio que levava sa\u00fade aos necessitados\" \/>\n<meta property=\"og:description\" content=\"Padre Eust\u00e1quio, em toda sua vida mission\u00e1ria, se destacava pelo costume de visitar e ajudar os doentes das par\u00f3quias por onde ele passava. Ele sempre cuidava dos enfermos, indicando ch\u00e1s e meios naturais para cuidar das feridas e doen\u00e7as que causavam afli\u00e7\u00e3o, principalmente entre a popula\u00e7\u00e3o mais pobre atendida por ele.\" \/>\n<meta property=\"og:url\" content=\"https:\/\/www.padreeustaquio.com.br\/es\/padre-eustaquio-el-misionero-que-llevo-salud-a-los-necesitados\/\" \/>\n<meta property=\"og:site_name\" content=\"Padre Eust\u00e1quio\" \/>\n<meta property=\"article:publisher\" content=\"https:\/\/www.facebook.com\/beatopadreeustaquio\/\" \/>\n<meta property=\"article:published_time\" content=\"2023-05-30T17:57:23+00:00\" \/>\n<meta property=\"og:image\" content=\"https:\/\/www.padreeustaquio.com.br\/wp-content\/uploads\/2023\/05\/Agenda-do-padre-eustaquio.jpeg\" \/>\n\t<meta property=\"og:image:width\" content=\"1599\" \/>\n\t<meta property=\"og:image:height\" content=\"899\" \/>\n\t<meta property=\"og:image:type\" content=\"image\/jpeg\" \/>\n<meta name=\"author\" content=\"@sscc\" \/>\n<meta name=\"twitter:card\" content=\"summary_large_image\" \/>\n<meta name=\"twitter:creator\" content=\"@beatopeustaquio\" \/>\n<meta name=\"twitter:site\" content=\"@beatopeustaquio\" \/>\n<meta name=\"twitter:label1\" content=\"Escrito por\" \/>\n\t<meta name=\"twitter:data1\" content=\"@sscc\" \/>\n\t<meta name=\"twitter:label2\" content=\"Tiempo de lectura\" \/>\n\t<meta name=\"twitter:data2\" content=\"1 minuto\" \/>\n<script type=\"application\/ld+json\" class=\"yoast-schema-graph\">{\"@context\":\"https:\/\/schema.org\",\"@graph\":[{\"@type\":\"Article\",\"@id\":\"https:\/\/www.padreeustaquio.com.br\/padre-eustaquio-o-missionario-que-levava-saude-aos-necessitados\/#article\",\"isPartOf\":{\"@id\":\"https:\/\/www.padreeustaquio.com.br\/padre-eustaquio-o-missionario-que-levava-saude-aos-necessitados\/\"},\"author\":{\"name\":\"@sscc\",\"@id\":\"https:\/\/www.padreeustaquio.com.br\/#\/schema\/person\/a2a51db1d00f1a7af0204a0f1ddb1566\"},\"headline\":\"Padre Eust\u00e1quio, o mission\u00e1rio que levava sa\u00fade aos necessitados\",\"datePublished\":\"2023-05-30T17:57:23+00:00\",\"mainEntityOfPage\":{\"@id\":\"https:\/\/www.padreeustaquio.com.br\/padre-eustaquio-o-missionario-que-levava-saude-aos-necessitados\/\"},\"wordCount\":207,\"commentCount\":0,\"publisher\":{\"@id\":\"https:\/\/www.padreeustaquio.com.br\/#organization\"},\"image\":{\"@id\":\"https:\/\/www.padreeustaquio.com.br\/padre-eustaquio-o-missionario-que-levava-saude-aos-necessitados\/#primaryimage\"},\"thumbnailUrl\":\"https:\/\/www.padreeustaquio.com.br\/wp-content\/uploads\/2023\/05\/Agenda-do-padre-eustaquio.jpeg\",\"articleSection\":[\"Not\u00edcias\"],\"inLanguage\":\"es\",\"potentialAction\":[{\"@type\":\"CommentAction\",\"name\":\"Comment\",\"target\":[\"https:\/\/www.padreeustaquio.com.br\/padre-eustaquio-o-missionario-que-levava-saude-aos-necessitados\/#respond\"]}]},{\"@type\":\"WebPage\",\"@id\":\"https:\/\/www.padreeustaquio.com.br\/padre-eustaquio-o-missionario-que-levava-saude-aos-necessitados\/\",\"url\":\"https:\/\/www.padreeustaquio.com.br\/padre-eustaquio-o-missionario-que-levava-saude-aos-necessitados\/\",\"name\":\"Padre Eust\u00e1quio, o mission\u00e1rio que levava sa\u00fade aos necessitados\",\"isPartOf\":{\"@id\":\"https:\/\/www.padreeustaquio.com.br\/#website\"},\"primaryImageOfPage\":{\"@id\":\"https:\/\/www.padreeustaquio.com.br\/padre-eustaquio-o-missionario-que-levava-saude-aos-necessitados\/#primaryimage\"},\"image\":{\"@id\":\"https:\/\/www.padreeustaquio.com.br\/padre-eustaquio-o-missionario-que-levava-saude-aos-necessitados\/#primaryimage\"},\"thumbnailUrl\":\"https:\/\/www.padreeustaquio.com.br\/wp-content\/uploads\/2023\/05\/Agenda-do-padre-eustaquio.jpeg\",\"datePublished\":\"2023-05-30T17:57:23+00:00\",\"description\":\"Padre Eust\u00e1quio, em toda sua vida mission\u00e1ria, se destacava pelo costume de visitar e ajudar os doentes das par\u00f3quias por onde ele passava. Ele sempre cuidava dos enfermos, indicando ch\u00e1s e meios naturais para cuidar das feridas e doen\u00e7as que causavam afli\u00e7\u00e3o, principalmente entre a popula\u00e7\u00e3o mais pobre atendida por ele.\",\"breadcrumb\":{\"@id\":\"https:\/\/www.padreeustaquio.com.br\/padre-eustaquio-o-missionario-que-levava-saude-aos-necessitados\/#breadcrumb\"},\"inLanguage\":\"es\",\"potentialAction\":[{\"@type\":\"ReadAction\",\"target\":[\"https:\/\/www.padreeustaquio.com.br\/padre-eustaquio-o-missionario-que-levava-saude-aos-necessitados\/\"]}]},{\"@type\":\"ImageObject\",\"inLanguage\":\"es\",\"@id\":\"https:\/\/www.padreeustaquio.com.br\/padre-eustaquio-o-missionario-que-levava-saude-aos-necessitados\/#primaryimage\",\"url\":\"https:\/\/www.padreeustaquio.com.br\/wp-content\/uploads\/2023\/05\/Agenda-do-padre-eustaquio.jpeg\",\"contentUrl\":\"https:\/\/www.padreeustaquio.com.br\/wp-content\/uploads\/2023\/05\/Agenda-do-padre-eustaquio.jpeg\",\"width\":1599,\"height\":899,\"caption\":\"Foto de uma das agendas de Padre Eust\u00e1quio. Clique e amplie\"},{\"@type\":\"BreadcrumbList\",\"@id\":\"https:\/\/www.padreeustaquio.com.br\/padre-eustaquio-o-missionario-que-levava-saude-aos-necessitados\/#breadcrumb\",\"itemListElement\":[{\"@type\":\"ListItem\",\"position\":1,\"name\":\"In\u00edcio\",\"item\":\"https:\/\/www.padreeustaquio.com.br\/\"},{\"@type\":\"ListItem\",\"position\":2,\"name\":\"Padre Eust\u00e1quio, o mission\u00e1rio que levava sa\u00fade aos necessitados\"}]},{\"@type\":\"WebSite\",\"@id\":\"https:\/\/www.padreeustaquio.com.br\/#website\",\"url\":\"https:\/\/www.padreeustaquio.com.br\/\",\"name\":\"Padre Eust\u00e1quio\",\"description\":\"Sa\u00fade e Paz\",\"publisher\":{\"@id\":\"https:\/\/www.padreeustaquio.com.br\/#organization\"},\"potentialAction\":[{\"@type\":\"SearchAction\",\"target\":{\"@type\":\"EntryPoint\",\"urlTemplate\":\"https:\/\/www.padreeustaquio.com.br\/?s={search_term_string}\"},\"query-input\":{\"@type\":\"PropertyValueSpecification\",\"valueRequired\":true,\"valueName\":\"search_term_string\"}}],\"inLanguage\":\"es\"},{\"@type\":\"Organization\",\"@id\":\"https:\/\/www.padreeustaquio.com.br\/#organization\",\"name\":\"Padre Eust\u00e1quio\",\"url\":\"https:\/\/www.padreeustaquio.com.br\/\",\"logo\":{\"@type\":\"ImageObject\",\"inLanguage\":\"es\",\"@id\":\"https:\/\/www.padreeustaquio.com.br\/#\/schema\/logo\/image\/\",\"url\":\"https:\/\/www.padreeustaquio.com.br\/wp-content\/uploads\/2019\/08\/marca.png\",\"contentUrl\":\"https:\/\/www.padreeustaquio.com.br\/wp-content\/uploads\/2019\/08\/marca.png\",\"width\":350,\"height\":400,\"caption\":\"Padre Eust\u00e1quio\"},\"image\":{\"@id\":\"https:\/\/www.padreeustaquio.com.br\/#\/schema\/logo\/image\/\"},\"sameAs\":[\"https:\/\/www.facebook.com\/beatopadreeustaquio\/\",\"https:\/\/x.com\/beatopeustaquio\",\"https:\/\/www.instagram.com\/beatopadreeustaquio\/\",\"https:\/\/www.youtube.com\/channel\/UCRhw7vfabnajwLxb1ZXMeIw\"]},{\"@type\":\"Person\",\"@id\":\"https:\/\/www.padreeustaquio.com.br\/#\/schema\/person\/a2a51db1d00f1a7af0204a0f1ddb1566\",\"name\":\"@sscc\",\"image\":{\"@type\":\"ImageObject\",\"inLanguage\":\"es\",\"@id\":\"https:\/\/secure.gravatar.com\/avatar\/68cfafa5f44617fea54071e215026e0ff06be366c3d54a8425f04fdcb86f8c5f?s=96&d=mm&r=g\",\"url\":\"https:\/\/secure.gravatar.com\/avatar\/68cfafa5f44617fea54071e215026e0ff06be366c3d54a8425f04fdcb86f8c5f?s=96&d=mm&r=g\",\"contentUrl\":\"https:\/\/secure.gravatar.com\/avatar\/68cfafa5f44617fea54071e215026e0ff06be366c3d54a8425f04fdcb86f8c5f?s=96&d=mm&r=g\",\"caption\":\"@sscc\"},\"url\":\"https:\/\/www.padreeustaquio.com.br\/es\/author\/sscc\/\"}]}<\/script>\n<!-- \/ Yoast SEO plugin. -->","yoast_head_json":{"title":"Padre Eust\u00e1quio, el misionero que llev\u00f3 salud a los necesitados.","description":"A lo largo de su vida misionera, el Padre Eust\u00e1quio se destac\u00f3 por su costumbre de visitar y ayudar a los enfermos en las parroquias donde serv\u00eda. Siempre cuidaba de los enfermos, recomend\u00e1ndoles t\u00e9s y remedios naturales para curar heridas y enfermedades que causaban angustia, especialmente entre las personas m\u00e1s pobres a las que serv\u00eda.","robots":{"index":"index","follow":"follow","max-snippet":"max-snippet:-1","max-image-preview":"max-image-preview:large","max-video-preview":"max-video-preview:-1"},"canonical":"https:\/\/www.padreeustaquio.com.br\/es\/padre-eustaquio-el-misionero-que-llevo-salud-a-los-necesitados\/","og_locale":"es_ES","og_type":"article","og_title":"Padre Eust\u00e1quio, o mission\u00e1rio que levava sa\u00fade aos necessitados","og_description":"Padre Eust\u00e1quio, em toda sua vida mission\u00e1ria, se destacava pelo costume de visitar e ajudar os doentes das par\u00f3quias por onde ele passava. Ele sempre cuidava dos enfermos, indicando ch\u00e1s e meios naturais para cuidar das feridas e doen\u00e7as que causavam afli\u00e7\u00e3o, principalmente entre a popula\u00e7\u00e3o mais pobre atendida por ele.","og_url":"https:\/\/www.padreeustaquio.com.br\/es\/padre-eustaquio-el-misionero-que-llevo-salud-a-los-necesitados\/","og_site_name":"Padre Eust\u00e1quio","article_publisher":"https:\/\/www.facebook.com\/beatopadreeustaquio\/","article_published_time":"2023-05-30T17:57:23+00:00","og_image":[{"width":1599,"height":899,"url":"https:\/\/www.padreeustaquio.com.br\/wp-content\/uploads\/2023\/05\/Agenda-do-padre-eustaquio.jpeg","type":"image\/jpeg"}],"author":"@sscc","twitter_card":"summary_large_image","twitter_creator":"@beatopeustaquio","twitter_site":"@beatopeustaquio","twitter_misc":{"Escrito por":"@sscc","Tiempo de lectura":"1 minuto"},"schema":{"@context":"https:\/\/schema.org","@graph":[{"@type":"Article","@id":"https:\/\/www.padreeustaquio.com.br\/padre-eustaquio-o-missionario-que-levava-saude-aos-necessitados\/#article","isPartOf":{"@id":"https:\/\/www.padreeustaquio.com.br\/padre-eustaquio-o-missionario-que-levava-saude-aos-necessitados\/"},"author":{"name":"@sscc","@id":"https:\/\/www.padreeustaquio.com.br\/#\/schema\/person\/a2a51db1d00f1a7af0204a0f1ddb1566"},"headline":"Padre Eust\u00e1quio, o mission\u00e1rio que levava sa\u00fade aos necessitados","datePublished":"2023-05-30T17:57:23+00:00","mainEntityOfPage":{"@id":"https:\/\/www.padreeustaquio.com.br\/padre-eustaquio-o-missionario-que-levava-saude-aos-necessitados\/"},"wordCount":207,"commentCount":0,"publisher":{"@id":"https:\/\/www.padreeustaquio.com.br\/#organization"},"image":{"@id":"https:\/\/www.padreeustaquio.com.br\/padre-eustaquio-o-missionario-que-levava-saude-aos-necessitados\/#primaryimage"},"thumbnailUrl":"https:\/\/www.padreeustaquio.com.br\/wp-content\/uploads\/2023\/05\/Agenda-do-padre-eustaquio.jpeg","articleSection":["Not\u00edcias"],"inLanguage":"es","potentialAction":[{"@type":"CommentAction","name":"Comment","target":["https:\/\/www.padreeustaquio.com.br\/padre-eustaquio-o-missionario-que-levava-saude-aos-necessitados\/#respond"]}]},{"@type":"WebPage","@id":"https:\/\/www.padreeustaquio.com.br\/padre-eustaquio-o-missionario-que-levava-saude-aos-necessitados\/","url":"https:\/\/www.padreeustaquio.com.br\/padre-eustaquio-o-missionario-que-levava-saude-aos-necessitados\/","name":"Padre Eust\u00e1quio, el misionero que llev\u00f3 salud a los necesitados.","isPartOf":{"@id":"https:\/\/www.padreeustaquio.com.br\/#website"},"primaryImageOfPage":{"@id":"https:\/\/www.padreeustaquio.com.br\/padre-eustaquio-o-missionario-que-levava-saude-aos-necessitados\/#primaryimage"},"image":{"@id":"https:\/\/www.padreeustaquio.com.br\/padre-eustaquio-o-missionario-que-levava-saude-aos-necessitados\/#primaryimage"},"thumbnailUrl":"https:\/\/www.padreeustaquio.com.br\/wp-content\/uploads\/2023\/05\/Agenda-do-padre-eustaquio.jpeg","datePublished":"2023-05-30T17:57:23+00:00","description":"A lo largo de su vida misionera, el Padre Eust\u00e1quio se destac\u00f3 por su costumbre de visitar y ayudar a los enfermos en las parroquias donde serv\u00eda. Siempre cuidaba de los enfermos, recomend\u00e1ndoles t\u00e9s y remedios naturales para curar heridas y enfermedades que causaban angustia, especialmente entre las personas m\u00e1s pobres a las que serv\u00eda.","breadcrumb":{"@id":"https:\/\/www.padreeustaquio.com.br\/padre-eustaquio-o-missionario-que-levava-saude-aos-necessitados\/#breadcrumb"},"inLanguage":"es","potentialAction":[{"@type":"ReadAction","target":["https:\/\/www.padreeustaquio.com.br\/padre-eustaquio-o-missionario-que-levava-saude-aos-necessitados\/"]}]},{"@type":"ImageObject","inLanguage":"es","@id":"https:\/\/www.padreeustaquio.com.br\/padre-eustaquio-o-missionario-que-levava-saude-aos-necessitados\/#primaryimage","url":"https:\/\/www.padreeustaquio.com.br\/wp-content\/uploads\/2023\/05\/Agenda-do-padre-eustaquio.jpeg","contentUrl":"https:\/\/www.padreeustaquio.com.br\/wp-content\/uploads\/2023\/05\/Agenda-do-padre-eustaquio.jpeg","width":1599,"height":899,"caption":"Foto de uma das agendas de Padre Eust\u00e1quio. Clique e amplie"},{"@type":"BreadcrumbList","@id":"https:\/\/www.padreeustaquio.com.br\/padre-eustaquio-o-missionario-que-levava-saude-aos-necessitados\/#breadcrumb","itemListElement":[{"@type":"ListItem","position":1,"name":"In\u00edcio","item":"https:\/\/www.padreeustaquio.com.br\/"},{"@type":"ListItem","position":2,"name":"Padre Eust\u00e1quio, o mission\u00e1rio que levava sa\u00fade aos necessitados"}]},{"@type":"WebSite","@id":"https:\/\/www.padreeustaquio.com.br\/#website","url":"https:\/\/www.padreeustaquio.com.br\/","name":"Padre Eustace","description":"Salud y Paz","publisher":{"@id":"https:\/\/www.padreeustaquio.com.br\/#organization"},"potentialAction":[{"@type":"SearchAction","target":{"@type":"EntryPoint","urlTemplate":"https:\/\/www.padreeustaquio.com.br\/?s={search_term_string}"},"query-input":{"@type":"PropertyValueSpecification","valueRequired":true,"valueName":"search_term_string"}}],"inLanguage":"es"},{"@type":"Organization","@id":"https:\/\/www.padreeustaquio.com.br\/#organization","name":"Padre Eustace","url":"https:\/\/www.padreeustaquio.com.br\/","logo":{"@type":"ImageObject","inLanguage":"es","@id":"https:\/\/www.padreeustaquio.com.br\/#\/schema\/logo\/image\/","url":"https:\/\/www.padreeustaquio.com.br\/wp-content\/uploads\/2019\/08\/marca.png","contentUrl":"https:\/\/www.padreeustaquio.com.br\/wp-content\/uploads\/2019\/08\/marca.png","width":350,"height":400,"caption":"Padre Eust\u00e1quio"},"image":{"@id":"https:\/\/www.padreeustaquio.com.br\/#\/schema\/logo\/image\/"},"sameAs":["https:\/\/www.facebook.com\/beatopadreeustaquio\/","https:\/\/x.com\/beatopeustaquio","https:\/\/www.instagram.com\/beatopadreeustaquio\/","https:\/\/www.youtube.com\/channel\/UCRhw7vfabnajwLxb1ZXMeIw"]},{"@type":"Person","@id":"https:\/\/www.padreeustaquio.com.br\/#\/schema\/person\/a2a51db1d00f1a7af0204a0f1ddb1566","name":"@sscc","image":{"@type":"ImageObject","inLanguage":"es","@id":"https:\/\/secure.gravatar.com\/avatar\/68cfafa5f44617fea54071e215026e0ff06be366c3d54a8425f04fdcb86f8c5f?s=96&d=mm&r=g","url":"https:\/\/secure.gravatar.com\/avatar\/68cfafa5f44617fea54071e215026e0ff06be366c3d54a8425f04fdcb86f8c5f?s=96&d=mm&r=g","contentUrl":"https:\/\/secure.gravatar.com\/avatar\/68cfafa5f44617fea54071e215026e0ff06be366c3d54a8425f04fdcb86f8c5f?s=96&d=mm&r=g","caption":"@sscc"},"url":"https:\/\/www.padreeustaquio.com.br\/es\/author\/sscc\/"}]}},"_links":{"self":[{"href":"https:\/\/www.padreeustaquio.com.br\/es\/wp-json\/wp\/v2\/posts\/10470","targetHints":{"allow":["GET"]}}],"collection":[{"href":"https:\/\/www.padreeustaquio.com.br\/es\/wp-json\/wp\/v2\/posts"}],"about":[{"href":"https:\/\/www.padreeustaquio.com.br\/es\/wp-json\/wp\/v2\/types\/post"}],"author":[{"embeddable":true,"href":"https:\/\/www.padreeustaquio.com.br\/es\/wp-json\/wp\/v2\/users\/2"}],"replies":[{"embeddable":true,"href":"https:\/\/www.padreeustaquio.com.br\/es\/wp-json\/wp\/v2\/comments?post=10470"}],"version-history":[{"count":0,"href":"https:\/\/www.padreeustaquio.com.br\/es\/wp-json\/wp\/v2\/posts\/10470\/revisions"}],"wp:featuredmedia":[{"embeddable":true,"href":"https:\/\/www.padreeustaquio.com.br\/es\/wp-json\/wp\/v2\/media\/10471"}],"wp:attachment":[{"href":"https:\/\/www.padreeustaquio.com.br\/es\/wp-json\/wp\/v2\/media?parent=10470"}],"wp:term":[{"taxonomy":"category","embeddable":true,"href":"https:\/\/www.padreeustaquio.com.br\/es\/wp-json\/wp\/v2\/categories?post=10470"},{"taxonomy":"post_tag","embeddable":true,"href":"https:\/\/www.padreeustaquio.com.br\/es\/wp-json\/wp\/v2\/tags?post=10470"}],"curies":[{"name":"wp","href":"https:\/\/api.w.org\/{rel}","templated":true}]}}