{"id":10452,"date":"2023-05-25T06:02:10","date_gmt":"2023-05-25T09:02:10","guid":{"rendered":"https:\/\/www.padreeustaquio.com.br\/?p=10452"},"modified":"2023-05-24T16:11:54","modified_gmt":"2023-05-24T19:11:54","slug":"la-madre-teresa-del-corazon-de-maria-brasilena-es-declarada-venerable","status":"publish","type":"post","link":"https:\/\/www.padreeustaquio.com.br\/es\/la-madre-teresa-del-corazon-de-maria-brasilena-es-declarada-venerable\/","title":{"rendered":"La Madre Teresa del Coraz\u00f3n de Mar\u00eda brasile\u00f1a es declarada venerable."},"content":{"rendered":"<div>La monja carmelita brasile\u00f1a Madre Teresa Margarita del Coraz\u00f3n de Mar\u00eda fue declarada venerable el pasado s\u00e1bado 20 de mayo por la Santa Sede.<\/div>\n<div><\/div>\n<div>Madre Teresa Margarita del Coraz\u00f3n de Mar\u00eda naci\u00f3 el 24 de diciembre de 1915, en Borda da Mata (MG). Su nombre de bautismo fue Mar\u00eda Lu\u00edza.<\/div>\n<div><\/div>\n<div>Seg\u00fan la biograf\u00eda publicada en el sitio web de la beatificaci\u00f3n, sinti\u00f3 &quot;un primer toque del Se\u00f1or en su coraz\u00f3n por la vida claustral del Carmelo&quot; durante un retiro espiritual. Posteriormente, sinti\u00f3 de nuevo la llamada vocacional durante una visita a la capilla del Sant\u00edsimo Sacramento en la antigua bas\u00edlica de Aparecida (SP). La confirmaci\u00f3n lleg\u00f3 con la lectura de las Memorias de la Beata Isabel de la Trinidad.<\/div>\n<div><\/div>\n<div>Ingres\u00f3 en el convento carmelita de Mogi das Cruzes el 29 de mayo de 1937. Al recibir el h\u00e1bito de novicia, adopt\u00f3 el nombre de Teresa Margarita del Coraz\u00f3n de Mar\u00eda. La vida en el convento carmelita de Mogi das Cruzes se caracteriz\u00f3 por el rigor, la penitencia, el silencio y el trabajo.<\/div>\n<div><\/div>\n<div>En 1952, la comunidad se traslad\u00f3 a un nuevo monasterio carmelita construido en Aparecida. Tiempo despu\u00e9s, obispos de otros lugares pidieron al monasterio carmelita de Aparecida que fundara un nuevo monasterio carmelita en sus di\u00f3cesis.<\/div>\n<div><\/div>\n<div>Sor Teresa Margarita del Coraz\u00f3n de Mar\u00eda fue elegida para fundar el convento carmelita de Tr\u00eas Pontas, en la di\u00f3cesis de Campanha (MG), junto con otras siete hermanas. Llegaron a Tr\u00eas Pontas para comenzar la vida mon\u00e1stica en el nuevo monasterio. La monja ejerci\u00f3 como priora, subpriora y maestra de novicias.<\/div>\n<div><\/div>\n<div>El monasterio se convirti\u00f3 cada vez m\u00e1s en un punto de referencia para los fieles de la regi\u00f3n. Muchos acud\u00edan a la Madre Teresa en busca de consejo, gu\u00eda espiritual y ayuda. Pronto, como muestra de veneraci\u00f3n y cari\u00f1o, la gente comenz\u00f3 a llamarla \u201cNuestra Madre\u201d.<\/div>\n<div><\/div>\n<div>Ya de avanzada edad y con una salud fr\u00e1gil, siempre luchaba por cumplir con todos sus compromisos carmelitas. Cada vez m\u00e1s personas la buscaban en busca de consejo y direcci\u00f3n espiritual. Su debilidad se agrav\u00f3, y se manifestaron los primeros s\u00edntomas de la enfermedad que la condujo a un lento calvario de sufrimiento hasta su muerte.<\/div>\n<div><\/div>\n<div>La Madre Teresa Margarita del Coraz\u00f3n de Mar\u00eda falleci\u00f3 el 14 de noviembre de 2005, rodeada en su lecho por sacerdotes amigos y la comunidad. Numerosas personas acudieron a su funeral para despedir a la monja.<\/div>\n<div><\/div>\n<div>Debido a su fama de santidad y a las gracias obtenidas por su intercesi\u00f3n, el obispo de Diamantina, Dom Diamantino Prata de Carvalho, de acuerdo con la comunidad del convento carmelita de S\u00e3o Jos\u00e9, solicit\u00f3 la apertura del proceso de beatificaci\u00f3n de la monja. El proceso se abri\u00f3 en marzo de 2012.<\/div>\n<div><\/div>","protected":false},"excerpt":{"rendered":"<p>A carmelita brasileira madre Tereza Margarida do Cora\u00e7\u00e3o de Maria foi declarada vener\u00e1vel no \u00faltimo s\u00e1bado, 20 de maio, pela Santa S\u00e9. Madre Tereza Margarida do Cora\u00e7\u00e3o de Maria nasceu em 24 de dezembro de 1915, em Borda da Mata (MG). Seu nome de batismo era Maria Lu\u00edza. Segundo a biografia publicada pelo site da beatifica\u00e7\u00e3o, ela sentiu \u201cum primeiro toque do Senhor no seu cora\u00e7\u00e3o para a vida de clausura do Carmelo\u201d durante um retiro espiritual. Mais tarde, sentiu novamente o chamado vocacional em uma visita \u00e0 capela do Sant\u00edssimo na bas\u00edlica velha de Aparecida (SP). A confirma\u00e7\u00e3o veio [&hellip;]<\/p>\n","protected":false},"author":2,"featured_media":10453,"comment_status":"open","ping_status":"closed","sticky":false,"template":"","format":"standard","meta":{"_acf_changed":false,"footnotes":""},"categories":[611],"tags":[],"class_list":["post-10452","post","type-post","status-publish","format-standard","has-post-thumbnail","hentry","category-noticias"],"acf":[],"yoast_head":"<!-- This site is optimized with the Yoast SEO plugin v27.2 - https:\/\/yoast.com\/product\/yoast-seo-wordpress\/ -->\n<title>Brasileira madre Tereza do Cora\u00e7\u00e3o de Maria \u00e9 declarada vener\u00e1vel<\/title>\n<meta name=\"description\" content=\"A carmelita brasileira madre Tereza Margarida do Cora\u00e7\u00e3o de Maria foi declarada vener\u00e1vel no \u00faltimo s\u00e1bado, 20 de maio, pela Santa S\u00e9.\u00a0Madre Tereza Margarida do Cora\u00e7\u00e3o de Maria nasceu em 24 de dezembro de 1915, em Borda da Mata (MG). Seu nome de batismo era Maria Lu\u00edza.\" \/>\n<meta name=\"robots\" content=\"index, follow, max-snippet:-1, max-image-preview:large, max-video-preview:-1\" \/>\n<link rel=\"canonical\" href=\"https:\/\/www.padreeustaquio.com.br\/es\/la-madre-teresa-del-corazon-de-maria-brasilena-es-declarada-venerable\/\" \/>\n<meta property=\"og:locale\" content=\"es_ES\" \/>\n<meta property=\"og:type\" content=\"article\" \/>\n<meta property=\"og:title\" content=\"Brasileira madre Tereza do Cora\u00e7\u00e3o de Maria \u00e9 declarada vener\u00e1vel\" \/>\n<meta property=\"og:description\" content=\"A carmelita brasileira madre Tereza Margarida do Cora\u00e7\u00e3o de Maria foi declarada vener\u00e1vel no \u00faltimo s\u00e1bado, 20 de maio, pela Santa S\u00e9.\u00a0Madre Tereza Margarida do Cora\u00e7\u00e3o de Maria nasceu em 24 de dezembro de 1915, em Borda da Mata (MG). Seu nome de batismo era Maria Lu\u00edza.\" \/>\n<meta property=\"og:url\" content=\"https:\/\/www.padreeustaquio.com.br\/es\/la-madre-teresa-del-corazon-de-maria-brasilena-es-declarada-venerable\/\" \/>\n<meta property=\"og:site_name\" content=\"Padre Eust\u00e1quio\" \/>\n<meta property=\"article:publisher\" content=\"https:\/\/www.facebook.com\/beatopadreeustaquio\/\" \/>\n<meta property=\"article:published_time\" content=\"2023-05-25T09:02:10+00:00\" \/>\n<meta property=\"og:image\" content=\"https:\/\/www.padreeustaquio.com.br\/wp-content\/uploads\/2023\/05\/madre-tereza-do-coracao-de-maria.jpeg\" \/>\n\t<meta property=\"og:image:width\" content=\"1200\" \/>\n\t<meta property=\"og:image:height\" content=\"841\" \/>\n\t<meta property=\"og:image:type\" content=\"image\/jpeg\" \/>\n<meta name=\"author\" content=\"@sscc\" \/>\n<meta name=\"twitter:card\" content=\"summary_large_image\" \/>\n<meta name=\"twitter:creator\" content=\"@beatopeustaquio\" \/>\n<meta name=\"twitter:site\" content=\"@beatopeustaquio\" \/>\n<meta name=\"twitter:label1\" content=\"Escrito por\" \/>\n\t<meta name=\"twitter:data1\" content=\"@sscc\" \/>\n\t<meta name=\"twitter:label2\" content=\"Tiempo de lectura\" \/>\n\t<meta name=\"twitter:data2\" content=\"3 minutos\" \/>\n<script type=\"application\/ld+json\" class=\"yoast-schema-graph\">{\"@context\":\"https:\/\/schema.org\",\"@graph\":[{\"@type\":\"Article\",\"@id\":\"https:\/\/www.padreeustaquio.com.br\/brasileira-madre-tereza-do-coracao-de-maria-e-declarada-veneravel\/#article\",\"isPartOf\":{\"@id\":\"https:\/\/www.padreeustaquio.com.br\/brasileira-madre-tereza-do-coracao-de-maria-e-declarada-veneravel\/\"},\"author\":{\"name\":\"@sscc\",\"@id\":\"https:\/\/www.padreeustaquio.com.br\/#\/schema\/person\/a2a51db1d00f1a7af0204a0f1ddb1566\"},\"headline\":\"Brasileira madre Tereza do Cora\u00e7\u00e3o de Maria \u00e9 declarada vener\u00e1vel\",\"datePublished\":\"2023-05-25T09:02:10+00:00\",\"mainEntityOfPage\":{\"@id\":\"https:\/\/www.padreeustaquio.com.br\/brasileira-madre-tereza-do-coracao-de-maria-e-declarada-veneravel\/\"},\"wordCount\":465,\"commentCount\":0,\"publisher\":{\"@id\":\"https:\/\/www.padreeustaquio.com.br\/#organization\"},\"image\":{\"@id\":\"https:\/\/www.padreeustaquio.com.br\/brasileira-madre-tereza-do-coracao-de-maria-e-declarada-veneravel\/#primaryimage\"},\"thumbnailUrl\":\"https:\/\/www.padreeustaquio.com.br\/wp-content\/uploads\/2023\/05\/madre-tereza-do-coracao-de-maria.jpeg\",\"articleSection\":[\"Not\u00edcias\"],\"inLanguage\":\"es\",\"potentialAction\":[{\"@type\":\"CommentAction\",\"name\":\"Comment\",\"target\":[\"https:\/\/www.padreeustaquio.com.br\/brasileira-madre-tereza-do-coracao-de-maria-e-declarada-veneravel\/#respond\"]}]},{\"@type\":\"WebPage\",\"@id\":\"https:\/\/www.padreeustaquio.com.br\/brasileira-madre-tereza-do-coracao-de-maria-e-declarada-veneravel\/\",\"url\":\"https:\/\/www.padreeustaquio.com.br\/brasileira-madre-tereza-do-coracao-de-maria-e-declarada-veneravel\/\",\"name\":\"Brasileira madre Tereza do Cora\u00e7\u00e3o de Maria \u00e9 declarada vener\u00e1vel\",\"isPartOf\":{\"@id\":\"https:\/\/www.padreeustaquio.com.br\/#website\"},\"primaryImageOfPage\":{\"@id\":\"https:\/\/www.padreeustaquio.com.br\/brasileira-madre-tereza-do-coracao-de-maria-e-declarada-veneravel\/#primaryimage\"},\"image\":{\"@id\":\"https:\/\/www.padreeustaquio.com.br\/brasileira-madre-tereza-do-coracao-de-maria-e-declarada-veneravel\/#primaryimage\"},\"thumbnailUrl\":\"https:\/\/www.padreeustaquio.com.br\/wp-content\/uploads\/2023\/05\/madre-tereza-do-coracao-de-maria.jpeg\",\"datePublished\":\"2023-05-25T09:02:10+00:00\",\"description\":\"A carmelita brasileira madre Tereza Margarida do Cora\u00e7\u00e3o de Maria foi declarada vener\u00e1vel no \u00faltimo s\u00e1bado, 20 de maio, pela Santa S\u00e9.\u00a0Madre Tereza Margarida do Cora\u00e7\u00e3o de Maria nasceu em 24 de dezembro de 1915, em Borda da Mata (MG). Seu nome de batismo era Maria Lu\u00edza.\",\"breadcrumb\":{\"@id\":\"https:\/\/www.padreeustaquio.com.br\/brasileira-madre-tereza-do-coracao-de-maria-e-declarada-veneravel\/#breadcrumb\"},\"inLanguage\":\"es\",\"potentialAction\":[{\"@type\":\"ReadAction\",\"target\":[\"https:\/\/www.padreeustaquio.com.br\/brasileira-madre-tereza-do-coracao-de-maria-e-declarada-veneravel\/\"]}]},{\"@type\":\"ImageObject\",\"inLanguage\":\"es\",\"@id\":\"https:\/\/www.padreeustaquio.com.br\/brasileira-madre-tereza-do-coracao-de-maria-e-declarada-veneravel\/#primaryimage\",\"url\":\"https:\/\/www.padreeustaquio.com.br\/wp-content\/uploads\/2023\/05\/madre-tereza-do-coracao-de-maria.jpeg\",\"contentUrl\":\"https:\/\/www.padreeustaquio.com.br\/wp-content\/uploads\/2023\/05\/madre-tereza-do-coracao-de-maria.jpeg\",\"width\":1200,\"height\":841},{\"@type\":\"BreadcrumbList\",\"@id\":\"https:\/\/www.padreeustaquio.com.br\/brasileira-madre-tereza-do-coracao-de-maria-e-declarada-veneravel\/#breadcrumb\",\"itemListElement\":[{\"@type\":\"ListItem\",\"position\":1,\"name\":\"In\u00edcio\",\"item\":\"https:\/\/www.padreeustaquio.com.br\/\"},{\"@type\":\"ListItem\",\"position\":2,\"name\":\"Brasileira madre Tereza do Cora\u00e7\u00e3o de Maria \u00e9 declarada vener\u00e1vel\"}]},{\"@type\":\"WebSite\",\"@id\":\"https:\/\/www.padreeustaquio.com.br\/#website\",\"url\":\"https:\/\/www.padreeustaquio.com.br\/\",\"name\":\"Padre Eust\u00e1quio\",\"description\":\"Sa\u00fade e Paz\",\"publisher\":{\"@id\":\"https:\/\/www.padreeustaquio.com.br\/#organization\"},\"potentialAction\":[{\"@type\":\"SearchAction\",\"target\":{\"@type\":\"EntryPoint\",\"urlTemplate\":\"https:\/\/www.padreeustaquio.com.br\/?s={search_term_string}\"},\"query-input\":{\"@type\":\"PropertyValueSpecification\",\"valueRequired\":true,\"valueName\":\"search_term_string\"}}],\"inLanguage\":\"es\"},{\"@type\":\"Organization\",\"@id\":\"https:\/\/www.padreeustaquio.com.br\/#organization\",\"name\":\"Padre Eust\u00e1quio\",\"url\":\"https:\/\/www.padreeustaquio.com.br\/\",\"logo\":{\"@type\":\"ImageObject\",\"inLanguage\":\"es\",\"@id\":\"https:\/\/www.padreeustaquio.com.br\/#\/schema\/logo\/image\/\",\"url\":\"https:\/\/www.padreeustaquio.com.br\/wp-content\/uploads\/2019\/08\/marca.png\",\"contentUrl\":\"https:\/\/www.padreeustaquio.com.br\/wp-content\/uploads\/2019\/08\/marca.png\",\"width\":350,\"height\":400,\"caption\":\"Padre Eust\u00e1quio\"},\"image\":{\"@id\":\"https:\/\/www.padreeustaquio.com.br\/#\/schema\/logo\/image\/\"},\"sameAs\":[\"https:\/\/www.facebook.com\/beatopadreeustaquio\/\",\"https:\/\/x.com\/beatopeustaquio\",\"https:\/\/www.instagram.com\/beatopadreeustaquio\/\",\"https:\/\/www.youtube.com\/channel\/UCRhw7vfabnajwLxb1ZXMeIw\"]},{\"@type\":\"Person\",\"@id\":\"https:\/\/www.padreeustaquio.com.br\/#\/schema\/person\/a2a51db1d00f1a7af0204a0f1ddb1566\",\"name\":\"@sscc\",\"image\":{\"@type\":\"ImageObject\",\"inLanguage\":\"es\",\"@id\":\"https:\/\/secure.gravatar.com\/avatar\/68cfafa5f44617fea54071e215026e0ff06be366c3d54a8425f04fdcb86f8c5f?s=96&d=mm&r=g\",\"url\":\"https:\/\/secure.gravatar.com\/avatar\/68cfafa5f44617fea54071e215026e0ff06be366c3d54a8425f04fdcb86f8c5f?s=96&d=mm&r=g\",\"contentUrl\":\"https:\/\/secure.gravatar.com\/avatar\/68cfafa5f44617fea54071e215026e0ff06be366c3d54a8425f04fdcb86f8c5f?s=96&d=mm&r=g\",\"caption\":\"@sscc\"},\"url\":\"https:\/\/www.padreeustaquio.com.br\/es\/author\/sscc\/\"}]}<\/script>\n<!-- \/ Yoast SEO plugin. -->","yoast_head_json":{"title":"La Madre Teresa del Coraz\u00f3n de Mar\u00eda brasile\u00f1a es declarada venerable.","description":"La monja carmelita brasile\u00f1a Madre Teresa Margarita del Coraz\u00f3n de Mar\u00eda fue declarada venerable el pasado s\u00e1bado 20 de mayo por la Santa Sede. La Madre Teresa Margarita del Coraz\u00f3n de Mar\u00eda naci\u00f3 el 24 de diciembre de 1915 en Borda da Mata (MG). Su nombre de bautismo era Mar\u00eda Luisa.","robots":{"index":"index","follow":"follow","max-snippet":"max-snippet:-1","max-image-preview":"max-image-preview:large","max-video-preview":"max-video-preview:-1"},"canonical":"https:\/\/www.padreeustaquio.com.br\/es\/la-madre-teresa-del-corazon-de-maria-brasilena-es-declarada-venerable\/","og_locale":"es_ES","og_type":"article","og_title":"Brasileira madre Tereza do Cora\u00e7\u00e3o de Maria \u00e9 declarada vener\u00e1vel","og_description":"A carmelita brasileira madre Tereza Margarida do Cora\u00e7\u00e3o de Maria foi declarada vener\u00e1vel no \u00faltimo s\u00e1bado, 20 de maio, pela Santa S\u00e9.\u00a0Madre Tereza Margarida do Cora\u00e7\u00e3o de Maria nasceu em 24 de dezembro de 1915, em Borda da Mata (MG). Seu nome de batismo era Maria Lu\u00edza.","og_url":"https:\/\/www.padreeustaquio.com.br\/es\/la-madre-teresa-del-corazon-de-maria-brasilena-es-declarada-venerable\/","og_site_name":"Padre Eust\u00e1quio","article_publisher":"https:\/\/www.facebook.com\/beatopadreeustaquio\/","article_published_time":"2023-05-25T09:02:10+00:00","og_image":[{"width":1200,"height":841,"url":"https:\/\/www.padreeustaquio.com.br\/wp-content\/uploads\/2023\/05\/madre-tereza-do-coracao-de-maria.jpeg","type":"image\/jpeg"}],"author":"@sscc","twitter_card":"summary_large_image","twitter_creator":"@beatopeustaquio","twitter_site":"@beatopeustaquio","twitter_misc":{"Escrito por":"@sscc","Tiempo de lectura":"3 minutos"},"schema":{"@context":"https:\/\/schema.org","@graph":[{"@type":"Article","@id":"https:\/\/www.padreeustaquio.com.br\/brasileira-madre-tereza-do-coracao-de-maria-e-declarada-veneravel\/#article","isPartOf":{"@id":"https:\/\/www.padreeustaquio.com.br\/brasileira-madre-tereza-do-coracao-de-maria-e-declarada-veneravel\/"},"author":{"name":"@sscc","@id":"https:\/\/www.padreeustaquio.com.br\/#\/schema\/person\/a2a51db1d00f1a7af0204a0f1ddb1566"},"headline":"Brasileira madre Tereza do Cora\u00e7\u00e3o de Maria \u00e9 declarada vener\u00e1vel","datePublished":"2023-05-25T09:02:10+00:00","mainEntityOfPage":{"@id":"https:\/\/www.padreeustaquio.com.br\/brasileira-madre-tereza-do-coracao-de-maria-e-declarada-veneravel\/"},"wordCount":465,"commentCount":0,"publisher":{"@id":"https:\/\/www.padreeustaquio.com.br\/#organization"},"image":{"@id":"https:\/\/www.padreeustaquio.com.br\/brasileira-madre-tereza-do-coracao-de-maria-e-declarada-veneravel\/#primaryimage"},"thumbnailUrl":"https:\/\/www.padreeustaquio.com.br\/wp-content\/uploads\/2023\/05\/madre-tereza-do-coracao-de-maria.jpeg","articleSection":["Not\u00edcias"],"inLanguage":"es","potentialAction":[{"@type":"CommentAction","name":"Comment","target":["https:\/\/www.padreeustaquio.com.br\/brasileira-madre-tereza-do-coracao-de-maria-e-declarada-veneravel\/#respond"]}]},{"@type":"WebPage","@id":"https:\/\/www.padreeustaquio.com.br\/brasileira-madre-tereza-do-coracao-de-maria-e-declarada-veneravel\/","url":"https:\/\/www.padreeustaquio.com.br\/brasileira-madre-tereza-do-coracao-de-maria-e-declarada-veneravel\/","name":"La Madre Teresa del Coraz\u00f3n de Mar\u00eda brasile\u00f1a es declarada venerable.","isPartOf":{"@id":"https:\/\/www.padreeustaquio.com.br\/#website"},"primaryImageOfPage":{"@id":"https:\/\/www.padreeustaquio.com.br\/brasileira-madre-tereza-do-coracao-de-maria-e-declarada-veneravel\/#primaryimage"},"image":{"@id":"https:\/\/www.padreeustaquio.com.br\/brasileira-madre-tereza-do-coracao-de-maria-e-declarada-veneravel\/#primaryimage"},"thumbnailUrl":"https:\/\/www.padreeustaquio.com.br\/wp-content\/uploads\/2023\/05\/madre-tereza-do-coracao-de-maria.jpeg","datePublished":"2023-05-25T09:02:10+00:00","description":"La monja carmelita brasile\u00f1a Madre Teresa Margarita del Coraz\u00f3n de Mar\u00eda fue declarada venerable el pasado s\u00e1bado 20 de mayo por la Santa Sede. La Madre Teresa Margarita del Coraz\u00f3n de Mar\u00eda naci\u00f3 el 24 de diciembre de 1915 en Borda da Mata (MG). Su nombre de bautismo era Mar\u00eda Luisa.","breadcrumb":{"@id":"https:\/\/www.padreeustaquio.com.br\/brasileira-madre-tereza-do-coracao-de-maria-e-declarada-veneravel\/#breadcrumb"},"inLanguage":"es","potentialAction":[{"@type":"ReadAction","target":["https:\/\/www.padreeustaquio.com.br\/brasileira-madre-tereza-do-coracao-de-maria-e-declarada-veneravel\/"]}]},{"@type":"ImageObject","inLanguage":"es","@id":"https:\/\/www.padreeustaquio.com.br\/brasileira-madre-tereza-do-coracao-de-maria-e-declarada-veneravel\/#primaryimage","url":"https:\/\/www.padreeustaquio.com.br\/wp-content\/uploads\/2023\/05\/madre-tereza-do-coracao-de-maria.jpeg","contentUrl":"https:\/\/www.padreeustaquio.com.br\/wp-content\/uploads\/2023\/05\/madre-tereza-do-coracao-de-maria.jpeg","width":1200,"height":841},{"@type":"BreadcrumbList","@id":"https:\/\/www.padreeustaquio.com.br\/brasileira-madre-tereza-do-coracao-de-maria-e-declarada-veneravel\/#breadcrumb","itemListElement":[{"@type":"ListItem","position":1,"name":"In\u00edcio","item":"https:\/\/www.padreeustaquio.com.br\/"},{"@type":"ListItem","position":2,"name":"Brasileira madre Tereza do Cora\u00e7\u00e3o de Maria \u00e9 declarada vener\u00e1vel"}]},{"@type":"WebSite","@id":"https:\/\/www.padreeustaquio.com.br\/#website","url":"https:\/\/www.padreeustaquio.com.br\/","name":"Padre Eustace","description":"Salud y Paz","publisher":{"@id":"https:\/\/www.padreeustaquio.com.br\/#organization"},"potentialAction":[{"@type":"SearchAction","target":{"@type":"EntryPoint","urlTemplate":"https:\/\/www.padreeustaquio.com.br\/?s={search_term_string}"},"query-input":{"@type":"PropertyValueSpecification","valueRequired":true,"valueName":"search_term_string"}}],"inLanguage":"es"},{"@type":"Organization","@id":"https:\/\/www.padreeustaquio.com.br\/#organization","name":"Padre Eustace","url":"https:\/\/www.padreeustaquio.com.br\/","logo":{"@type":"ImageObject","inLanguage":"es","@id":"https:\/\/www.padreeustaquio.com.br\/#\/schema\/logo\/image\/","url":"https:\/\/www.padreeustaquio.com.br\/wp-content\/uploads\/2019\/08\/marca.png","contentUrl":"https:\/\/www.padreeustaquio.com.br\/wp-content\/uploads\/2019\/08\/marca.png","width":350,"height":400,"caption":"Padre Eust\u00e1quio"},"image":{"@id":"https:\/\/www.padreeustaquio.com.br\/#\/schema\/logo\/image\/"},"sameAs":["https:\/\/www.facebook.com\/beatopadreeustaquio\/","https:\/\/x.com\/beatopeustaquio","https:\/\/www.instagram.com\/beatopadreeustaquio\/","https:\/\/www.youtube.com\/channel\/UCRhw7vfabnajwLxb1ZXMeIw"]},{"@type":"Person","@id":"https:\/\/www.padreeustaquio.com.br\/#\/schema\/person\/a2a51db1d00f1a7af0204a0f1ddb1566","name":"@sscc","image":{"@type":"ImageObject","inLanguage":"es","@id":"https:\/\/secure.gravatar.com\/avatar\/68cfafa5f44617fea54071e215026e0ff06be366c3d54a8425f04fdcb86f8c5f?s=96&d=mm&r=g","url":"https:\/\/secure.gravatar.com\/avatar\/68cfafa5f44617fea54071e215026e0ff06be366c3d54a8425f04fdcb86f8c5f?s=96&d=mm&r=g","contentUrl":"https:\/\/secure.gravatar.com\/avatar\/68cfafa5f44617fea54071e215026e0ff06be366c3d54a8425f04fdcb86f8c5f?s=96&d=mm&r=g","caption":"@sscc"},"url":"https:\/\/www.padreeustaquio.com.br\/es\/author\/sscc\/"}]}},"_links":{"self":[{"href":"https:\/\/www.padreeustaquio.com.br\/es\/wp-json\/wp\/v2\/posts\/10452","targetHints":{"allow":["GET"]}}],"collection":[{"href":"https:\/\/www.padreeustaquio.com.br\/es\/wp-json\/wp\/v2\/posts"}],"about":[{"href":"https:\/\/www.padreeustaquio.com.br\/es\/wp-json\/wp\/v2\/types\/post"}],"author":[{"embeddable":true,"href":"https:\/\/www.padreeustaquio.com.br\/es\/wp-json\/wp\/v2\/users\/2"}],"replies":[{"embeddable":true,"href":"https:\/\/www.padreeustaquio.com.br\/es\/wp-json\/wp\/v2\/comments?post=10452"}],"version-history":[{"count":0,"href":"https:\/\/www.padreeustaquio.com.br\/es\/wp-json\/wp\/v2\/posts\/10452\/revisions"}],"wp:featuredmedia":[{"embeddable":true,"href":"https:\/\/www.padreeustaquio.com.br\/es\/wp-json\/wp\/v2\/media\/10453"}],"wp:attachment":[{"href":"https:\/\/www.padreeustaquio.com.br\/es\/wp-json\/wp\/v2\/media?parent=10452"}],"wp:term":[{"taxonomy":"category","embeddable":true,"href":"https:\/\/www.padreeustaquio.com.br\/es\/wp-json\/wp\/v2\/categories?post=10452"},{"taxonomy":"post_tag","embeddable":true,"href":"https:\/\/www.padreeustaquio.com.br\/es\/wp-json\/wp\/v2\/tags?post=10452"}],"curies":[{"name":"wp","href":"https:\/\/api.w.org\/{rel}","templated":true}]}}