{"id":10449,"date":"2023-05-24T08:59:45","date_gmt":"2023-05-24T11:59:45","guid":{"rendered":"https:\/\/www.padreeustaquio.com.br\/?p=10449"},"modified":"2023-05-24T09:27:46","modified_gmt":"2023-05-24T12:27:46","slug":"la-solemnidad-de-pentecostes-tendra-un-programa-especial-en-el-santuario","status":"publish","type":"post","link":"https:\/\/www.padreeustaquio.com.br\/es\/la-solemnidad-de-pentecostes-tendra-un-programa-especial-en-el-santuario\/","title":{"rendered":"La Solemnidad de Pentecost\u00e9s tendr\u00e1 un programa especial en el Santuario."},"content":{"rendered":"<p>El pr\u00f3ximo domingo 28 de mayo, la Iglesia celebra Pentecost\u00e9s. Esta solemnidad es<strong>\u00a0<\/strong>Celebrada cincuenta d\u00edas despu\u00e9s de la Pascua. Una festividad cristiana que tiene su origen en la liturgia jud\u00eda, que celebraba la fiesta de la cosecha. Tambi\u00e9n se llamaba la Fiesta de las Semanas, ya que se celebraba siete semanas despu\u00e9s de la Pascua jud\u00eda.<\/p>\n<p>Para los cristianos, la celebraci\u00f3n de Pentecost\u00e9s est\u00e1 marcada por la narraci\u00f3n del libro de los Hechos de los Ap\u00f3stoles, cap\u00edtulo 2, del momento en que los ap\u00f3stoles de Cristo reciben el Esp\u00edritu Santo. <em>\u201cCuando lleg\u00f3 el d\u00eda de Pentecost\u00e9s, estaban todos reunidos en un mismo lugar. De repente, un estruendo como de un viento impetuoso vino del cielo y llen\u00f3 toda la casa donde estaban sentados. Vieron como lenguas de fuego que se separaron y se posaron sobre cada uno de ellos. Todos fueron llenos del Esp\u00edritu Santo y comenzaron a hablar en otras lenguas, seg\u00fan el Esp\u00edritu les conced\u00eda expresarse. (Hechos 2:1-4).<\/em><\/p>\n<p>En el Santuario Arquidiocesano de Salud y Paz, el Domingo de Pentecost\u00e9s y la v\u00edspera de Pentecost\u00e9s estar\u00e1n marcados por celebraciones especiales.<\/p>\n<p><strong>S\u00e1bado<\/strong>, El d\u00eda 27 habr\u00e1 una <strong>Santa Misa de la Vigilia a las 17.00 horas<\/strong> que se transmitir\u00e1 por nuestro Canal Padre Eust\u00e1quio y, un poco m\u00e1s tarde, en <strong>8:30 PM un momento de Vigilia<\/strong> Dentro de la iglesia.<\/p>\n<p>Ya <strong>Domingo<\/strong>, hacia <strong>Celebraciones Eucar\u00edsticas<\/strong> con la liturgia de la Solemnidad teniendo lugar en <strong>7:00, 8:30, 10:00, 17:00 y 19:00<\/strong>. Las misas de las 10 am y de las 7 pm ser\u00e1n transmitidas por el canal de YouTube de Padre Eust\u00e1quio.<\/p>\n<p>\u00a1Ven a orar con nosotros, trae a tus amigos y familiares a participar en esta importante celebraci\u00f3n de la fe cristiana cat\u00f3lica!<\/p>\n<p>&nbsp;<\/p>","protected":false},"excerpt":{"rendered":"<p>No pr\u00f3ximo domingo, 28 de maio, a Igreja celebra o dia de Pentecostes. Esta solenidade \u00e9\u00a0celebrada cinquenta dias depois da P\u00e1scoa.\u00a0 Uma festa crist\u00e3 que tem origem na liturgia dos judeus que celebravam a festa das colheitas. Era tamb\u00e9m chamada festa das semanas, pois ela acontecia sete semanas depois da P\u00e1scoa. Para os crist\u00e3os, a comemora\u00e7\u00e3o do Pentecostes \u00e9 marcada pela narrativa no livro dos Atos dos Ap\u00f3stolos cap\u00edtulo 2, momento em que os ap\u00f3stolos de Cristo recebem o Esp\u00edrito Santo. \u201cChegando o dia de Pentecostes, estavam todos reunidos no mesmo lugar. De repente, veio do c\u00e9u um ru\u00eddo, como [&hellip;]<\/p>\n","protected":false},"author":2,"featured_media":10450,"comment_status":"open","ping_status":"closed","sticky":false,"template":"","format":"standard","meta":{"_acf_changed":false,"footnotes":""},"categories":[611],"tags":[],"class_list":["post-10449","post","type-post","status-publish","format-standard","has-post-thumbnail","hentry","category-noticias"],"acf":[],"yoast_head":"<!-- This site is optimized with the Yoast SEO plugin v27.2 - https:\/\/yoast.com\/product\/yoast-seo-wordpress\/ -->\n<title>Solenidade de Pentecostes ter\u00e1 programa\u00e7\u00e3o especial no Santu\u00e1rio<\/title>\n<meta name=\"description\" content=\"No Santu\u00e1rio Arquidiocesano da Sa\u00fade e da Paz, o dia de Pentecostes e a v\u00e9spera ser\u00e3o marcados por celebra\u00e7\u00f5es especiais. S\u00e1bado, dia 27, haver\u00e1 a Santa Missa da Vig\u00edlia \u00e0s 17h transmitida pelo Canal Padre Eust\u00e1quio e, \u00e0s 20h30 um momento de Vig\u00edlia dentro da igreja. No Domingo, as Celebra\u00e7\u00f5es Eucar\u00edsticas com a liturgia da Solenidade acontecem \u00e0s 7h, 8h30, 10h, 17h e 19h.\" \/>\n<meta name=\"robots\" content=\"index, follow, max-snippet:-1, max-image-preview:large, max-video-preview:-1\" \/>\n<link rel=\"canonical\" href=\"https:\/\/www.padreeustaquio.com.br\/es\/la-solemnidad-de-pentecostes-tendra-un-programa-especial-en-el-santuario\/\" \/>\n<meta property=\"og:locale\" content=\"es_ES\" \/>\n<meta property=\"og:type\" content=\"article\" \/>\n<meta property=\"og:title\" content=\"Solenidade de Pentecostes ter\u00e1 programa\u00e7\u00e3o especial no Santu\u00e1rio\" \/>\n<meta property=\"og:description\" content=\"No Santu\u00e1rio Arquidiocesano da Sa\u00fade e da Paz, o dia de Pentecostes e a v\u00e9spera ser\u00e3o marcados por celebra\u00e7\u00f5es especiais. S\u00e1bado, dia 27, haver\u00e1 a Santa Missa da Vig\u00edlia \u00e0s 17h transmitida pelo Canal Padre Eust\u00e1quio e, \u00e0s 20h30 um momento de Vig\u00edlia dentro da igreja. No Domingo, as Celebra\u00e7\u00f5es Eucar\u00edsticas com a liturgia da Solenidade acontecem \u00e0s 7h, 8h30, 10h, 17h e 19h.\" \/>\n<meta property=\"og:url\" content=\"https:\/\/www.padreeustaquio.com.br\/es\/la-solemnidad-de-pentecostes-tendra-un-programa-especial-en-el-santuario\/\" \/>\n<meta property=\"og:site_name\" content=\"Padre Eust\u00e1quio\" \/>\n<meta property=\"article:publisher\" content=\"https:\/\/www.facebook.com\/beatopadreeustaquio\/\" \/>\n<meta property=\"article:published_time\" content=\"2023-05-24T11:59:45+00:00\" \/>\n<meta property=\"article:modified_time\" content=\"2023-05-24T12:27:46+00:00\" \/>\n<meta property=\"og:image\" content=\"https:\/\/www.padreeustaquio.com.br\/wp-content\/uploads\/2023\/05\/Espirito-Santo-Pentecostes.webp\" \/>\n\t<meta property=\"og:image:width\" content=\"1229\" \/>\n\t<meta property=\"og:image:height\" content=\"882\" \/>\n\t<meta property=\"og:image:type\" content=\"image\/webp\" \/>\n<meta name=\"author\" content=\"@sscc\" \/>\n<meta name=\"twitter:card\" content=\"summary_large_image\" \/>\n<meta name=\"twitter:creator\" content=\"@beatopeustaquio\" \/>\n<meta name=\"twitter:site\" content=\"@beatopeustaquio\" \/>\n<meta name=\"twitter:label1\" content=\"Escrito por\" \/>\n\t<meta name=\"twitter:data1\" content=\"@sscc\" \/>\n\t<meta name=\"twitter:label2\" content=\"Tiempo de lectura\" \/>\n\t<meta name=\"twitter:data2\" content=\"2 minutos\" \/>\n<script type=\"application\/ld+json\" class=\"yoast-schema-graph\">{\"@context\":\"https:\/\/schema.org\",\"@graph\":[{\"@type\":\"Article\",\"@id\":\"https:\/\/www.padreeustaquio.com.br\/solenidade-de-pentecostes-tera-programacao-especial-no-santuario\/#article\",\"isPartOf\":{\"@id\":\"https:\/\/www.padreeustaquio.com.br\/solenidade-de-pentecostes-tera-programacao-especial-no-santuario\/\"},\"author\":{\"name\":\"@sscc\",\"@id\":\"https:\/\/www.padreeustaquio.com.br\/#\/schema\/person\/a2a51db1d00f1a7af0204a0f1ddb1566\"},\"headline\":\"Solenidade de Pentecostes ter\u00e1 programa\u00e7\u00e3o especial no Santu\u00e1rio\",\"datePublished\":\"2023-05-24T11:59:45+00:00\",\"dateModified\":\"2023-05-24T12:27:46+00:00\",\"mainEntityOfPage\":{\"@id\":\"https:\/\/www.padreeustaquio.com.br\/solenidade-de-pentecostes-tera-programacao-especial-no-santuario\/\"},\"wordCount\":299,\"commentCount\":0,\"publisher\":{\"@id\":\"https:\/\/www.padreeustaquio.com.br\/#organization\"},\"image\":{\"@id\":\"https:\/\/www.padreeustaquio.com.br\/solenidade-de-pentecostes-tera-programacao-especial-no-santuario\/#primaryimage\"},\"thumbnailUrl\":\"https:\/\/www.padreeustaquio.com.br\/wp-content\/uploads\/2023\/05\/Espirito-Santo-Pentecostes.webp\",\"articleSection\":[\"Not\u00edcias\"],\"inLanguage\":\"es\",\"potentialAction\":[{\"@type\":\"CommentAction\",\"name\":\"Comment\",\"target\":[\"https:\/\/www.padreeustaquio.com.br\/solenidade-de-pentecostes-tera-programacao-especial-no-santuario\/#respond\"]}]},{\"@type\":\"WebPage\",\"@id\":\"https:\/\/www.padreeustaquio.com.br\/solenidade-de-pentecostes-tera-programacao-especial-no-santuario\/\",\"url\":\"https:\/\/www.padreeustaquio.com.br\/solenidade-de-pentecostes-tera-programacao-especial-no-santuario\/\",\"name\":\"Solenidade de Pentecostes ter\u00e1 programa\u00e7\u00e3o especial no Santu\u00e1rio\",\"isPartOf\":{\"@id\":\"https:\/\/www.padreeustaquio.com.br\/#website\"},\"primaryImageOfPage\":{\"@id\":\"https:\/\/www.padreeustaquio.com.br\/solenidade-de-pentecostes-tera-programacao-especial-no-santuario\/#primaryimage\"},\"image\":{\"@id\":\"https:\/\/www.padreeustaquio.com.br\/solenidade-de-pentecostes-tera-programacao-especial-no-santuario\/#primaryimage\"},\"thumbnailUrl\":\"https:\/\/www.padreeustaquio.com.br\/wp-content\/uploads\/2023\/05\/Espirito-Santo-Pentecostes.webp\",\"datePublished\":\"2023-05-24T11:59:45+00:00\",\"dateModified\":\"2023-05-24T12:27:46+00:00\",\"description\":\"No Santu\u00e1rio Arquidiocesano da Sa\u00fade e da Paz, o dia de Pentecostes e a v\u00e9spera ser\u00e3o marcados por celebra\u00e7\u00f5es especiais. S\u00e1bado, dia 27, haver\u00e1 a Santa Missa da Vig\u00edlia \u00e0s 17h transmitida pelo Canal Padre Eust\u00e1quio e, \u00e0s 20h30 um momento de Vig\u00edlia dentro da igreja. No Domingo, as Celebra\u00e7\u00f5es Eucar\u00edsticas com a liturgia da Solenidade acontecem \u00e0s 7h, 8h30, 10h, 17h e 19h.\",\"breadcrumb\":{\"@id\":\"https:\/\/www.padreeustaquio.com.br\/solenidade-de-pentecostes-tera-programacao-especial-no-santuario\/#breadcrumb\"},\"inLanguage\":\"es\",\"potentialAction\":[{\"@type\":\"ReadAction\",\"target\":[\"https:\/\/www.padreeustaquio.com.br\/solenidade-de-pentecostes-tera-programacao-especial-no-santuario\/\"]}]},{\"@type\":\"ImageObject\",\"inLanguage\":\"es\",\"@id\":\"https:\/\/www.padreeustaquio.com.br\/solenidade-de-pentecostes-tera-programacao-especial-no-santuario\/#primaryimage\",\"url\":\"https:\/\/www.padreeustaquio.com.br\/wp-content\/uploads\/2023\/05\/Espirito-Santo-Pentecostes.webp\",\"contentUrl\":\"https:\/\/www.padreeustaquio.com.br\/wp-content\/uploads\/2023\/05\/Espirito-Santo-Pentecostes.webp\",\"width\":1229,\"height\":882},{\"@type\":\"BreadcrumbList\",\"@id\":\"https:\/\/www.padreeustaquio.com.br\/solenidade-de-pentecostes-tera-programacao-especial-no-santuario\/#breadcrumb\",\"itemListElement\":[{\"@type\":\"ListItem\",\"position\":1,\"name\":\"In\u00edcio\",\"item\":\"https:\/\/www.padreeustaquio.com.br\/\"},{\"@type\":\"ListItem\",\"position\":2,\"name\":\"Solenidade de Pentecostes ter\u00e1 programa\u00e7\u00e3o especial no Santu\u00e1rio\"}]},{\"@type\":\"WebSite\",\"@id\":\"https:\/\/www.padreeustaquio.com.br\/#website\",\"url\":\"https:\/\/www.padreeustaquio.com.br\/\",\"name\":\"Padre Eust\u00e1quio\",\"description\":\"Sa\u00fade e Paz\",\"publisher\":{\"@id\":\"https:\/\/www.padreeustaquio.com.br\/#organization\"},\"potentialAction\":[{\"@type\":\"SearchAction\",\"target\":{\"@type\":\"EntryPoint\",\"urlTemplate\":\"https:\/\/www.padreeustaquio.com.br\/?s={search_term_string}\"},\"query-input\":{\"@type\":\"PropertyValueSpecification\",\"valueRequired\":true,\"valueName\":\"search_term_string\"}}],\"inLanguage\":\"es\"},{\"@type\":\"Organization\",\"@id\":\"https:\/\/www.padreeustaquio.com.br\/#organization\",\"name\":\"Padre Eust\u00e1quio\",\"url\":\"https:\/\/www.padreeustaquio.com.br\/\",\"logo\":{\"@type\":\"ImageObject\",\"inLanguage\":\"es\",\"@id\":\"https:\/\/www.padreeustaquio.com.br\/#\/schema\/logo\/image\/\",\"url\":\"https:\/\/www.padreeustaquio.com.br\/wp-content\/uploads\/2019\/08\/marca.png\",\"contentUrl\":\"https:\/\/www.padreeustaquio.com.br\/wp-content\/uploads\/2019\/08\/marca.png\",\"width\":350,\"height\":400,\"caption\":\"Padre Eust\u00e1quio\"},\"image\":{\"@id\":\"https:\/\/www.padreeustaquio.com.br\/#\/schema\/logo\/image\/\"},\"sameAs\":[\"https:\/\/www.facebook.com\/beatopadreeustaquio\/\",\"https:\/\/x.com\/beatopeustaquio\",\"https:\/\/www.instagram.com\/beatopadreeustaquio\/\",\"https:\/\/www.youtube.com\/channel\/UCRhw7vfabnajwLxb1ZXMeIw\"]},{\"@type\":\"Person\",\"@id\":\"https:\/\/www.padreeustaquio.com.br\/#\/schema\/person\/a2a51db1d00f1a7af0204a0f1ddb1566\",\"name\":\"@sscc\",\"image\":{\"@type\":\"ImageObject\",\"inLanguage\":\"es\",\"@id\":\"https:\/\/secure.gravatar.com\/avatar\/68cfafa5f44617fea54071e215026e0ff06be366c3d54a8425f04fdcb86f8c5f?s=96&d=mm&r=g\",\"url\":\"https:\/\/secure.gravatar.com\/avatar\/68cfafa5f44617fea54071e215026e0ff06be366c3d54a8425f04fdcb86f8c5f?s=96&d=mm&r=g\",\"contentUrl\":\"https:\/\/secure.gravatar.com\/avatar\/68cfafa5f44617fea54071e215026e0ff06be366c3d54a8425f04fdcb86f8c5f?s=96&d=mm&r=g\",\"caption\":\"@sscc\"},\"url\":\"https:\/\/www.padreeustaquio.com.br\/es\/author\/sscc\/\"}]}<\/script>\n<!-- \/ Yoast SEO plugin. -->","yoast_head_json":{"title":"La Solemnidad de Pentecost\u00e9s tendr\u00e1 un programa especial en el Santuario.","description":"En el Santuario Arquidiocesano de Salud y Paz, el Domingo de Pentecost\u00e9s y su v\u00edspera estar\u00e1n marcados por celebraciones especiales. El s\u00e1bado 27, a las 17:00 h, se celebrar\u00e1 una Misa de Vigilia por el Canal Padre Eust\u00e1quio, y a las 20:30 h, se celebrar\u00e1 una Vigilia en el interior de la iglesia. El domingo, las Celebraciones Eucar\u00edsticas con la liturgia de la Solemnidad se llevar\u00e1n a cabo a las 7:00 h, 8:30 h, 10:00 h, 17:00 h y 19:00 h.","robots":{"index":"index","follow":"follow","max-snippet":"max-snippet:-1","max-image-preview":"max-image-preview:large","max-video-preview":"max-video-preview:-1"},"canonical":"https:\/\/www.padreeustaquio.com.br\/es\/la-solemnidad-de-pentecostes-tendra-un-programa-especial-en-el-santuario\/","og_locale":"es_ES","og_type":"article","og_title":"Solenidade de Pentecostes ter\u00e1 programa\u00e7\u00e3o especial no Santu\u00e1rio","og_description":"No Santu\u00e1rio Arquidiocesano da Sa\u00fade e da Paz, o dia de Pentecostes e a v\u00e9spera ser\u00e3o marcados por celebra\u00e7\u00f5es especiais. S\u00e1bado, dia 27, haver\u00e1 a Santa Missa da Vig\u00edlia \u00e0s 17h transmitida pelo Canal Padre Eust\u00e1quio e, \u00e0s 20h30 um momento de Vig\u00edlia dentro da igreja. No Domingo, as Celebra\u00e7\u00f5es Eucar\u00edsticas com a liturgia da Solenidade acontecem \u00e0s 7h, 8h30, 10h, 17h e 19h.","og_url":"https:\/\/www.padreeustaquio.com.br\/es\/la-solemnidad-de-pentecostes-tendra-un-programa-especial-en-el-santuario\/","og_site_name":"Padre Eust\u00e1quio","article_publisher":"https:\/\/www.facebook.com\/beatopadreeustaquio\/","article_published_time":"2023-05-24T11:59:45+00:00","article_modified_time":"2023-05-24T12:27:46+00:00","og_image":[{"width":1229,"height":882,"url":"https:\/\/www.padreeustaquio.com.br\/wp-content\/uploads\/2023\/05\/Espirito-Santo-Pentecostes.webp","type":"image\/webp"}],"author":"@sscc","twitter_card":"summary_large_image","twitter_creator":"@beatopeustaquio","twitter_site":"@beatopeustaquio","twitter_misc":{"Escrito por":"@sscc","Tiempo de lectura":"2 minutos"},"schema":{"@context":"https:\/\/schema.org","@graph":[{"@type":"Article","@id":"https:\/\/www.padreeustaquio.com.br\/solenidade-de-pentecostes-tera-programacao-especial-no-santuario\/#article","isPartOf":{"@id":"https:\/\/www.padreeustaquio.com.br\/solenidade-de-pentecostes-tera-programacao-especial-no-santuario\/"},"author":{"name":"@sscc","@id":"https:\/\/www.padreeustaquio.com.br\/#\/schema\/person\/a2a51db1d00f1a7af0204a0f1ddb1566"},"headline":"Solenidade de Pentecostes ter\u00e1 programa\u00e7\u00e3o especial no Santu\u00e1rio","datePublished":"2023-05-24T11:59:45+00:00","dateModified":"2023-05-24T12:27:46+00:00","mainEntityOfPage":{"@id":"https:\/\/www.padreeustaquio.com.br\/solenidade-de-pentecostes-tera-programacao-especial-no-santuario\/"},"wordCount":299,"commentCount":0,"publisher":{"@id":"https:\/\/www.padreeustaquio.com.br\/#organization"},"image":{"@id":"https:\/\/www.padreeustaquio.com.br\/solenidade-de-pentecostes-tera-programacao-especial-no-santuario\/#primaryimage"},"thumbnailUrl":"https:\/\/www.padreeustaquio.com.br\/wp-content\/uploads\/2023\/05\/Espirito-Santo-Pentecostes.webp","articleSection":["Not\u00edcias"],"inLanguage":"es","potentialAction":[{"@type":"CommentAction","name":"Comment","target":["https:\/\/www.padreeustaquio.com.br\/solenidade-de-pentecostes-tera-programacao-especial-no-santuario\/#respond"]}]},{"@type":"WebPage","@id":"https:\/\/www.padreeustaquio.com.br\/solenidade-de-pentecostes-tera-programacao-especial-no-santuario\/","url":"https:\/\/www.padreeustaquio.com.br\/solenidade-de-pentecostes-tera-programacao-especial-no-santuario\/","name":"La Solemnidad de Pentecost\u00e9s tendr\u00e1 un programa especial en el Santuario.","isPartOf":{"@id":"https:\/\/www.padreeustaquio.com.br\/#website"},"primaryImageOfPage":{"@id":"https:\/\/www.padreeustaquio.com.br\/solenidade-de-pentecostes-tera-programacao-especial-no-santuario\/#primaryimage"},"image":{"@id":"https:\/\/www.padreeustaquio.com.br\/solenidade-de-pentecostes-tera-programacao-especial-no-santuario\/#primaryimage"},"thumbnailUrl":"https:\/\/www.padreeustaquio.com.br\/wp-content\/uploads\/2023\/05\/Espirito-Santo-Pentecostes.webp","datePublished":"2023-05-24T11:59:45+00:00","dateModified":"2023-05-24T12:27:46+00:00","description":"En el Santuario Arquidiocesano de Salud y Paz, el Domingo de Pentecost\u00e9s y su v\u00edspera estar\u00e1n marcados por celebraciones especiales. El s\u00e1bado 27, a las 17:00 h, se celebrar\u00e1 una Misa de Vigilia por el Canal Padre Eust\u00e1quio, y a las 20:30 h, se celebrar\u00e1 una Vigilia en el interior de la iglesia. El domingo, las Celebraciones Eucar\u00edsticas con la liturgia de la Solemnidad se llevar\u00e1n a cabo a las 7:00 h, 8:30 h, 10:00 h, 17:00 h y 19:00 h.","breadcrumb":{"@id":"https:\/\/www.padreeustaquio.com.br\/solenidade-de-pentecostes-tera-programacao-especial-no-santuario\/#breadcrumb"},"inLanguage":"es","potentialAction":[{"@type":"ReadAction","target":["https:\/\/www.padreeustaquio.com.br\/solenidade-de-pentecostes-tera-programacao-especial-no-santuario\/"]}]},{"@type":"ImageObject","inLanguage":"es","@id":"https:\/\/www.padreeustaquio.com.br\/solenidade-de-pentecostes-tera-programacao-especial-no-santuario\/#primaryimage","url":"https:\/\/www.padreeustaquio.com.br\/wp-content\/uploads\/2023\/05\/Espirito-Santo-Pentecostes.webp","contentUrl":"https:\/\/www.padreeustaquio.com.br\/wp-content\/uploads\/2023\/05\/Espirito-Santo-Pentecostes.webp","width":1229,"height":882},{"@type":"BreadcrumbList","@id":"https:\/\/www.padreeustaquio.com.br\/solenidade-de-pentecostes-tera-programacao-especial-no-santuario\/#breadcrumb","itemListElement":[{"@type":"ListItem","position":1,"name":"In\u00edcio","item":"https:\/\/www.padreeustaquio.com.br\/"},{"@type":"ListItem","position":2,"name":"Solenidade de Pentecostes ter\u00e1 programa\u00e7\u00e3o especial no Santu\u00e1rio"}]},{"@type":"WebSite","@id":"https:\/\/www.padreeustaquio.com.br\/#website","url":"https:\/\/www.padreeustaquio.com.br\/","name":"Padre Eustace","description":"Salud y Paz","publisher":{"@id":"https:\/\/www.padreeustaquio.com.br\/#organization"},"potentialAction":[{"@type":"SearchAction","target":{"@type":"EntryPoint","urlTemplate":"https:\/\/www.padreeustaquio.com.br\/?s={search_term_string}"},"query-input":{"@type":"PropertyValueSpecification","valueRequired":true,"valueName":"search_term_string"}}],"inLanguage":"es"},{"@type":"Organization","@id":"https:\/\/www.padreeustaquio.com.br\/#organization","name":"Padre Eustace","url":"https:\/\/www.padreeustaquio.com.br\/","logo":{"@type":"ImageObject","inLanguage":"es","@id":"https:\/\/www.padreeustaquio.com.br\/#\/schema\/logo\/image\/","url":"https:\/\/www.padreeustaquio.com.br\/wp-content\/uploads\/2019\/08\/marca.png","contentUrl":"https:\/\/www.padreeustaquio.com.br\/wp-content\/uploads\/2019\/08\/marca.png","width":350,"height":400,"caption":"Padre Eust\u00e1quio"},"image":{"@id":"https:\/\/www.padreeustaquio.com.br\/#\/schema\/logo\/image\/"},"sameAs":["https:\/\/www.facebook.com\/beatopadreeustaquio\/","https:\/\/x.com\/beatopeustaquio","https:\/\/www.instagram.com\/beatopadreeustaquio\/","https:\/\/www.youtube.com\/channel\/UCRhw7vfabnajwLxb1ZXMeIw"]},{"@type":"Person","@id":"https:\/\/www.padreeustaquio.com.br\/#\/schema\/person\/a2a51db1d00f1a7af0204a0f1ddb1566","name":"@sscc","image":{"@type":"ImageObject","inLanguage":"es","@id":"https:\/\/secure.gravatar.com\/avatar\/68cfafa5f44617fea54071e215026e0ff06be366c3d54a8425f04fdcb86f8c5f?s=96&d=mm&r=g","url":"https:\/\/secure.gravatar.com\/avatar\/68cfafa5f44617fea54071e215026e0ff06be366c3d54a8425f04fdcb86f8c5f?s=96&d=mm&r=g","contentUrl":"https:\/\/secure.gravatar.com\/avatar\/68cfafa5f44617fea54071e215026e0ff06be366c3d54a8425f04fdcb86f8c5f?s=96&d=mm&r=g","caption":"@sscc"},"url":"https:\/\/www.padreeustaquio.com.br\/es\/author\/sscc\/"}]}},"_links":{"self":[{"href":"https:\/\/www.padreeustaquio.com.br\/es\/wp-json\/wp\/v2\/posts\/10449","targetHints":{"allow":["GET"]}}],"collection":[{"href":"https:\/\/www.padreeustaquio.com.br\/es\/wp-json\/wp\/v2\/posts"}],"about":[{"href":"https:\/\/www.padreeustaquio.com.br\/es\/wp-json\/wp\/v2\/types\/post"}],"author":[{"embeddable":true,"href":"https:\/\/www.padreeustaquio.com.br\/es\/wp-json\/wp\/v2\/users\/2"}],"replies":[{"embeddable":true,"href":"https:\/\/www.padreeustaquio.com.br\/es\/wp-json\/wp\/v2\/comments?post=10449"}],"version-history":[{"count":0,"href":"https:\/\/www.padreeustaquio.com.br\/es\/wp-json\/wp\/v2\/posts\/10449\/revisions"}],"wp:featuredmedia":[{"embeddable":true,"href":"https:\/\/www.padreeustaquio.com.br\/es\/wp-json\/wp\/v2\/media\/10450"}],"wp:attachment":[{"href":"https:\/\/www.padreeustaquio.com.br\/es\/wp-json\/wp\/v2\/media?parent=10449"}],"wp:term":[{"taxonomy":"category","embeddable":true,"href":"https:\/\/www.padreeustaquio.com.br\/es\/wp-json\/wp\/v2\/categories?post=10449"},{"taxonomy":"post_tag","embeddable":true,"href":"https:\/\/www.padreeustaquio.com.br\/es\/wp-json\/wp\/v2\/tags?post=10449"}],"curies":[{"name":"wp","href":"https:\/\/api.w.org\/{rel}","templated":true}]}}