{"id":10425,"date":"2023-05-22T06:45:00","date_gmt":"2023-05-22T09:45:00","guid":{"rendered":"https:\/\/www.padreeustaquio.com.br\/?p=10425"},"modified":"2023-05-19T14:53:03","modified_gmt":"2023-05-19T17:53:03","slug":"una-empresa-de-belo-horizonte-esta-realizando-una-colecta-de-ropa-en-colaboracion-con-el-santuario","status":"publish","type":"post","link":"https:\/\/www.padreeustaquio.com.br\/es\/una-empresa-de-belo-horizonte-esta-realizando-una-colecta-de-ropa-en-colaboracion-con-el-santuario\/","title":{"rendered":"Una empresa de Belo Horizonte est\u00e1 realizando una campa\u00f1a de recolecci\u00f3n de ropa de invierno en colaboraci\u00f3n con el Santuario."},"content":{"rendered":"<p>El Santuario de Salud y Paz, Iglesia del Beato Padre Eust\u00e1quio, est\u00e1 recolectando abrigos, mantas y ropa de invierno en general para donar a personas necesitadas. La iniciativa surgi\u00f3 de la empresa Penna Im\u00f3veis y cuenta con la colaboraci\u00f3n de voluntarios para la recolecci\u00f3n de materiales.<\/p>\n\n\n\n<p>La campa\u00f1a busca recolectar ropa, abrigos y mantas en buen estado. El lema es... <em>\u201c&quot;Tu donaci\u00f3n calienta un coraz\u00f3n.&quot;\u201d<\/em>, La empresa y el Santuario quieren ayudar a las personas necesitadas, especialmente en este momento en que la capital de Minas Gerais viene sufriendo bajas temperaturas.<\/p>\n\n\n\n<p>Para hacer su donaci\u00f3n, simplemente dir\u00edjase a un punto de recolecci\u00f3n en el Santuario o en Penna Im\u00f3veis (Rua Padre Eust\u00e1quio, 2408). Para m\u00e1s informaci\u00f3n, llame o env\u00ede un mensaje de WhatsApp al (31) 99125-4311.<\/p>\n\n\n\n<p><\/p>","protected":false},"excerpt":{"rendered":"<p>O Santu\u00e1rio da Sa\u00fade e da Paz, Igreja do Beato Padre Eust\u00e1quio, est\u00e1 recebendo agasalhos, cobertores e roupas de frio em geral para doar \u00e0s pessoas que precisam. A iniciativa partiu da empresa Penna Im\u00f3veis e conta com a colabora\u00e7\u00e3o de volunt\u00e1rios na arrecada\u00e7\u00e3o dos materiais. A campanha visa angariar roupas, agasalhos e cobertores que estejam em bom estado de uso. Com o slogan \u201cSua doa\u00e7\u00e3o aquece um cora\u00e7\u00e3o\u201d, a empresa e o Santu\u00e1rio querem ajudar as pessoas que precisam, principalmente, neste momento em que a capital mineira tem registrado baixas temperaturas. Para fazer sua doa\u00e7\u00e3o, basta ir at\u00e9 um [&hellip;]<\/p>\n","protected":false},"author":2,"featured_media":10426,"comment_status":"open","ping_status":"closed","sticky":false,"template":"","format":"standard","meta":{"_acf_changed":false,"footnotes":""},"categories":[611],"tags":[],"class_list":["post-10425","post","type-post","status-publish","format-standard","has-post-thumbnail","hentry","category-noticias"],"acf":[],"yoast_head":"<!-- This site is optimized with the Yoast SEO plugin v27.2 - https:\/\/yoast.com\/product\/yoast-seo-wordpress\/ -->\n<title>Empresa de BH realiza campanha do agasalho em parceria com o Santu\u00e1rio<\/title>\n<meta name=\"description\" content=\"O Santu\u00e1rio da Sa\u00fade e da Paz, Igreja do Beato Padre Eust\u00e1quio, est\u00e1 recebendo agasalhos, cobertores e roupas de frio em geral para doar \u00e0s pessoas que precisam. A iniciativa partiu da empresa Penna Im\u00f3veis e conta com a colabora\u00e7\u00e3o de volunt\u00e1rios na arrecada\u00e7\u00e3o dos materiais.\" \/>\n<meta name=\"robots\" content=\"index, follow, max-snippet:-1, max-image-preview:large, max-video-preview:-1\" \/>\n<link rel=\"canonical\" href=\"https:\/\/www.padreeustaquio.com.br\/es\/una-empresa-de-belo-horizonte-esta-realizando-una-colecta-de-ropa-en-colaboracion-con-el-santuario\/\" \/>\n<meta property=\"og:locale\" content=\"es_ES\" \/>\n<meta property=\"og:type\" content=\"article\" \/>\n<meta property=\"og:title\" content=\"Empresa de BH realiza campanha do agasalho em parceria com o Santu\u00e1rio\" \/>\n<meta property=\"og:description\" content=\"O Santu\u00e1rio da Sa\u00fade e da Paz, Igreja do Beato Padre Eust\u00e1quio, est\u00e1 recebendo agasalhos, cobertores e roupas de frio em geral para doar \u00e0s pessoas que precisam. A iniciativa partiu da empresa Penna Im\u00f3veis e conta com a colabora\u00e7\u00e3o de volunt\u00e1rios na arrecada\u00e7\u00e3o dos materiais.\" \/>\n<meta property=\"og:url\" content=\"https:\/\/www.padreeustaquio.com.br\/es\/una-empresa-de-belo-horizonte-esta-realizando-una-colecta-de-ropa-en-colaboracion-con-el-santuario\/\" \/>\n<meta property=\"og:site_name\" content=\"Padre Eust\u00e1quio\" \/>\n<meta property=\"article:publisher\" content=\"https:\/\/www.facebook.com\/beatopadreeustaquio\/\" \/>\n<meta property=\"article:published_time\" content=\"2023-05-22T09:45:00+00:00\" \/>\n<meta property=\"og:image\" content=\"https:\/\/www.padreeustaquio.com.br\/wp-content\/uploads\/2023\/05\/Campanha-do-agasalho.jpeg\" \/>\n\t<meta property=\"og:image:width\" content=\"1599\" \/>\n\t<meta property=\"og:image:height\" content=\"899\" \/>\n\t<meta property=\"og:image:type\" content=\"image\/jpeg\" \/>\n<meta name=\"author\" content=\"@sscc\" \/>\n<meta name=\"twitter:card\" content=\"summary_large_image\" \/>\n<meta name=\"twitter:creator\" content=\"@beatopeustaquio\" \/>\n<meta name=\"twitter:site\" content=\"@beatopeustaquio\" \/>\n<meta name=\"twitter:label1\" content=\"Escrito por\" \/>\n\t<meta name=\"twitter:data1\" content=\"@sscc\" \/>\n\t<meta name=\"twitter:label2\" content=\"Tiempo de lectura\" \/>\n\t<meta name=\"twitter:data2\" content=\"1 minuto\" \/>\n<script type=\"application\/ld+json\" class=\"yoast-schema-graph\">{\"@context\":\"https:\/\/schema.org\",\"@graph\":[{\"@type\":\"Article\",\"@id\":\"https:\/\/www.padreeustaquio.com.br\/empresa-de-bh-realiza-campanha-do-agasalho-em-parceria-com-o-santuario\/#article\",\"isPartOf\":{\"@id\":\"https:\/\/www.padreeustaquio.com.br\/empresa-de-bh-realiza-campanha-do-agasalho-em-parceria-com-o-santuario\/\"},\"author\":{\"name\":\"@sscc\",\"@id\":\"https:\/\/www.padreeustaquio.com.br\/#\/schema\/person\/a2a51db1d00f1a7af0204a0f1ddb1566\"},\"headline\":\"Empresa de BH realiza campanha do agasalho em parceria com o Santu\u00e1rio\",\"datePublished\":\"2023-05-22T09:45:00+00:00\",\"mainEntityOfPage\":{\"@id\":\"https:\/\/www.padreeustaquio.com.br\/empresa-de-bh-realiza-campanha-do-agasalho-em-parceria-com-o-santuario\/\"},\"wordCount\":150,\"commentCount\":0,\"publisher\":{\"@id\":\"https:\/\/www.padreeustaquio.com.br\/#organization\"},\"image\":{\"@id\":\"https:\/\/www.padreeustaquio.com.br\/empresa-de-bh-realiza-campanha-do-agasalho-em-parceria-com-o-santuario\/#primaryimage\"},\"thumbnailUrl\":\"https:\/\/www.padreeustaquio.com.br\/wp-content\/uploads\/2023\/05\/Campanha-do-agasalho.jpeg\",\"articleSection\":[\"Not\u00edcias\"],\"inLanguage\":\"es\",\"potentialAction\":[{\"@type\":\"CommentAction\",\"name\":\"Comment\",\"target\":[\"https:\/\/www.padreeustaquio.com.br\/empresa-de-bh-realiza-campanha-do-agasalho-em-parceria-com-o-santuario\/#respond\"]}]},{\"@type\":\"WebPage\",\"@id\":\"https:\/\/www.padreeustaquio.com.br\/empresa-de-bh-realiza-campanha-do-agasalho-em-parceria-com-o-santuario\/\",\"url\":\"https:\/\/www.padreeustaquio.com.br\/empresa-de-bh-realiza-campanha-do-agasalho-em-parceria-com-o-santuario\/\",\"name\":\"Empresa de BH realiza campanha do agasalho em parceria com o Santu\u00e1rio\",\"isPartOf\":{\"@id\":\"https:\/\/www.padreeustaquio.com.br\/#website\"},\"primaryImageOfPage\":{\"@id\":\"https:\/\/www.padreeustaquio.com.br\/empresa-de-bh-realiza-campanha-do-agasalho-em-parceria-com-o-santuario\/#primaryimage\"},\"image\":{\"@id\":\"https:\/\/www.padreeustaquio.com.br\/empresa-de-bh-realiza-campanha-do-agasalho-em-parceria-com-o-santuario\/#primaryimage\"},\"thumbnailUrl\":\"https:\/\/www.padreeustaquio.com.br\/wp-content\/uploads\/2023\/05\/Campanha-do-agasalho.jpeg\",\"datePublished\":\"2023-05-22T09:45:00+00:00\",\"description\":\"O Santu\u00e1rio da Sa\u00fade e da Paz, Igreja do Beato Padre Eust\u00e1quio, est\u00e1 recebendo agasalhos, cobertores e roupas de frio em geral para doar \u00e0s pessoas que precisam. A iniciativa partiu da empresa Penna Im\u00f3veis e conta com a colabora\u00e7\u00e3o de volunt\u00e1rios na arrecada\u00e7\u00e3o dos materiais.\",\"breadcrumb\":{\"@id\":\"https:\/\/www.padreeustaquio.com.br\/empresa-de-bh-realiza-campanha-do-agasalho-em-parceria-com-o-santuario\/#breadcrumb\"},\"inLanguage\":\"es\",\"potentialAction\":[{\"@type\":\"ReadAction\",\"target\":[\"https:\/\/www.padreeustaquio.com.br\/empresa-de-bh-realiza-campanha-do-agasalho-em-parceria-com-o-santuario\/\"]}]},{\"@type\":\"ImageObject\",\"inLanguage\":\"es\",\"@id\":\"https:\/\/www.padreeustaquio.com.br\/empresa-de-bh-realiza-campanha-do-agasalho-em-parceria-com-o-santuario\/#primaryimage\",\"url\":\"https:\/\/www.padreeustaquio.com.br\/wp-content\/uploads\/2023\/05\/Campanha-do-agasalho.jpeg\",\"contentUrl\":\"https:\/\/www.padreeustaquio.com.br\/wp-content\/uploads\/2023\/05\/Campanha-do-agasalho.jpeg\",\"width\":1599,\"height\":899},{\"@type\":\"BreadcrumbList\",\"@id\":\"https:\/\/www.padreeustaquio.com.br\/empresa-de-bh-realiza-campanha-do-agasalho-em-parceria-com-o-santuario\/#breadcrumb\",\"itemListElement\":[{\"@type\":\"ListItem\",\"position\":1,\"name\":\"In\u00edcio\",\"item\":\"https:\/\/www.padreeustaquio.com.br\/\"},{\"@type\":\"ListItem\",\"position\":2,\"name\":\"Empresa de BH realiza campanha do agasalho em parceria com o Santu\u00e1rio\"}]},{\"@type\":\"WebSite\",\"@id\":\"https:\/\/www.padreeustaquio.com.br\/#website\",\"url\":\"https:\/\/www.padreeustaquio.com.br\/\",\"name\":\"Padre Eust\u00e1quio\",\"description\":\"Sa\u00fade e Paz\",\"publisher\":{\"@id\":\"https:\/\/www.padreeustaquio.com.br\/#organization\"},\"potentialAction\":[{\"@type\":\"SearchAction\",\"target\":{\"@type\":\"EntryPoint\",\"urlTemplate\":\"https:\/\/www.padreeustaquio.com.br\/?s={search_term_string}\"},\"query-input\":{\"@type\":\"PropertyValueSpecification\",\"valueRequired\":true,\"valueName\":\"search_term_string\"}}],\"inLanguage\":\"es\"},{\"@type\":\"Organization\",\"@id\":\"https:\/\/www.padreeustaquio.com.br\/#organization\",\"name\":\"Padre Eust\u00e1quio\",\"url\":\"https:\/\/www.padreeustaquio.com.br\/\",\"logo\":{\"@type\":\"ImageObject\",\"inLanguage\":\"es\",\"@id\":\"https:\/\/www.padreeustaquio.com.br\/#\/schema\/logo\/image\/\",\"url\":\"https:\/\/www.padreeustaquio.com.br\/wp-content\/uploads\/2019\/08\/marca.png\",\"contentUrl\":\"https:\/\/www.padreeustaquio.com.br\/wp-content\/uploads\/2019\/08\/marca.png\",\"width\":350,\"height\":400,\"caption\":\"Padre Eust\u00e1quio\"},\"image\":{\"@id\":\"https:\/\/www.padreeustaquio.com.br\/#\/schema\/logo\/image\/\"},\"sameAs\":[\"https:\/\/www.facebook.com\/beatopadreeustaquio\/\",\"https:\/\/x.com\/beatopeustaquio\",\"https:\/\/www.instagram.com\/beatopadreeustaquio\/\",\"https:\/\/www.youtube.com\/channel\/UCRhw7vfabnajwLxb1ZXMeIw\"]},{\"@type\":\"Person\",\"@id\":\"https:\/\/www.padreeustaquio.com.br\/#\/schema\/person\/a2a51db1d00f1a7af0204a0f1ddb1566\",\"name\":\"@sscc\",\"image\":{\"@type\":\"ImageObject\",\"inLanguage\":\"es\",\"@id\":\"https:\/\/secure.gravatar.com\/avatar\/68cfafa5f44617fea54071e215026e0ff06be366c3d54a8425f04fdcb86f8c5f?s=96&d=mm&r=g\",\"url\":\"https:\/\/secure.gravatar.com\/avatar\/68cfafa5f44617fea54071e215026e0ff06be366c3d54a8425f04fdcb86f8c5f?s=96&d=mm&r=g\",\"contentUrl\":\"https:\/\/secure.gravatar.com\/avatar\/68cfafa5f44617fea54071e215026e0ff06be366c3d54a8425f04fdcb86f8c5f?s=96&d=mm&r=g\",\"caption\":\"@sscc\"},\"url\":\"https:\/\/www.padreeustaquio.com.br\/es\/author\/sscc\/\"}]}<\/script>\n<!-- \/ Yoast SEO plugin. -->","yoast_head_json":{"title":"Una empresa de Belo Horizonte est\u00e1 realizando una campa\u00f1a de recolecci\u00f3n de ropa de invierno en colaboraci\u00f3n con el Santuario.","description":"El Santuario de Salud y Paz, Iglesia del Beato Padre Eust\u00e1quio, est\u00e1 recolectando abrigos, mantas y ropa de invierno en general para donar a personas necesitadas. La iniciativa surgi\u00f3 de la empresa Penna Im\u00f3veis y cuenta con la colaboraci\u00f3n de voluntarios para la recolecci\u00f3n de materiales.","robots":{"index":"index","follow":"follow","max-snippet":"max-snippet:-1","max-image-preview":"max-image-preview:large","max-video-preview":"max-video-preview:-1"},"canonical":"https:\/\/www.padreeustaquio.com.br\/es\/una-empresa-de-belo-horizonte-esta-realizando-una-colecta-de-ropa-en-colaboracion-con-el-santuario\/","og_locale":"es_ES","og_type":"article","og_title":"Empresa de BH realiza campanha do agasalho em parceria com o Santu\u00e1rio","og_description":"O Santu\u00e1rio da Sa\u00fade e da Paz, Igreja do Beato Padre Eust\u00e1quio, est\u00e1 recebendo agasalhos, cobertores e roupas de frio em geral para doar \u00e0s pessoas que precisam. A iniciativa partiu da empresa Penna Im\u00f3veis e conta com a colabora\u00e7\u00e3o de volunt\u00e1rios na arrecada\u00e7\u00e3o dos materiais.","og_url":"https:\/\/www.padreeustaquio.com.br\/es\/una-empresa-de-belo-horizonte-esta-realizando-una-colecta-de-ropa-en-colaboracion-con-el-santuario\/","og_site_name":"Padre Eust\u00e1quio","article_publisher":"https:\/\/www.facebook.com\/beatopadreeustaquio\/","article_published_time":"2023-05-22T09:45:00+00:00","og_image":[{"width":1599,"height":899,"url":"https:\/\/www.padreeustaquio.com.br\/wp-content\/uploads\/2023\/05\/Campanha-do-agasalho.jpeg","type":"image\/jpeg"}],"author":"@sscc","twitter_card":"summary_large_image","twitter_creator":"@beatopeustaquio","twitter_site":"@beatopeustaquio","twitter_misc":{"Escrito por":"@sscc","Tiempo de lectura":"1 minuto"},"schema":{"@context":"https:\/\/schema.org","@graph":[{"@type":"Article","@id":"https:\/\/www.padreeustaquio.com.br\/empresa-de-bh-realiza-campanha-do-agasalho-em-parceria-com-o-santuario\/#article","isPartOf":{"@id":"https:\/\/www.padreeustaquio.com.br\/empresa-de-bh-realiza-campanha-do-agasalho-em-parceria-com-o-santuario\/"},"author":{"name":"@sscc","@id":"https:\/\/www.padreeustaquio.com.br\/#\/schema\/person\/a2a51db1d00f1a7af0204a0f1ddb1566"},"headline":"Empresa de BH realiza campanha do agasalho em parceria com o Santu\u00e1rio","datePublished":"2023-05-22T09:45:00+00:00","mainEntityOfPage":{"@id":"https:\/\/www.padreeustaquio.com.br\/empresa-de-bh-realiza-campanha-do-agasalho-em-parceria-com-o-santuario\/"},"wordCount":150,"commentCount":0,"publisher":{"@id":"https:\/\/www.padreeustaquio.com.br\/#organization"},"image":{"@id":"https:\/\/www.padreeustaquio.com.br\/empresa-de-bh-realiza-campanha-do-agasalho-em-parceria-com-o-santuario\/#primaryimage"},"thumbnailUrl":"https:\/\/www.padreeustaquio.com.br\/wp-content\/uploads\/2023\/05\/Campanha-do-agasalho.jpeg","articleSection":["Not\u00edcias"],"inLanguage":"es","potentialAction":[{"@type":"CommentAction","name":"Comment","target":["https:\/\/www.padreeustaquio.com.br\/empresa-de-bh-realiza-campanha-do-agasalho-em-parceria-com-o-santuario\/#respond"]}]},{"@type":"WebPage","@id":"https:\/\/www.padreeustaquio.com.br\/empresa-de-bh-realiza-campanha-do-agasalho-em-parceria-com-o-santuario\/","url":"https:\/\/www.padreeustaquio.com.br\/empresa-de-bh-realiza-campanha-do-agasalho-em-parceria-com-o-santuario\/","name":"Una empresa de Belo Horizonte est\u00e1 realizando una campa\u00f1a de recolecci\u00f3n de ropa de invierno en colaboraci\u00f3n con el Santuario.","isPartOf":{"@id":"https:\/\/www.padreeustaquio.com.br\/#website"},"primaryImageOfPage":{"@id":"https:\/\/www.padreeustaquio.com.br\/empresa-de-bh-realiza-campanha-do-agasalho-em-parceria-com-o-santuario\/#primaryimage"},"image":{"@id":"https:\/\/www.padreeustaquio.com.br\/empresa-de-bh-realiza-campanha-do-agasalho-em-parceria-com-o-santuario\/#primaryimage"},"thumbnailUrl":"https:\/\/www.padreeustaquio.com.br\/wp-content\/uploads\/2023\/05\/Campanha-do-agasalho.jpeg","datePublished":"2023-05-22T09:45:00+00:00","description":"El Santuario de Salud y Paz, Iglesia del Beato Padre Eust\u00e1quio, est\u00e1 recolectando abrigos, mantas y ropa de invierno en general para donar a personas necesitadas. La iniciativa surgi\u00f3 de la empresa Penna Im\u00f3veis y cuenta con la colaboraci\u00f3n de voluntarios para la recolecci\u00f3n de materiales.","breadcrumb":{"@id":"https:\/\/www.padreeustaquio.com.br\/empresa-de-bh-realiza-campanha-do-agasalho-em-parceria-com-o-santuario\/#breadcrumb"},"inLanguage":"es","potentialAction":[{"@type":"ReadAction","target":["https:\/\/www.padreeustaquio.com.br\/empresa-de-bh-realiza-campanha-do-agasalho-em-parceria-com-o-santuario\/"]}]},{"@type":"ImageObject","inLanguage":"es","@id":"https:\/\/www.padreeustaquio.com.br\/empresa-de-bh-realiza-campanha-do-agasalho-em-parceria-com-o-santuario\/#primaryimage","url":"https:\/\/www.padreeustaquio.com.br\/wp-content\/uploads\/2023\/05\/Campanha-do-agasalho.jpeg","contentUrl":"https:\/\/www.padreeustaquio.com.br\/wp-content\/uploads\/2023\/05\/Campanha-do-agasalho.jpeg","width":1599,"height":899},{"@type":"BreadcrumbList","@id":"https:\/\/www.padreeustaquio.com.br\/empresa-de-bh-realiza-campanha-do-agasalho-em-parceria-com-o-santuario\/#breadcrumb","itemListElement":[{"@type":"ListItem","position":1,"name":"In\u00edcio","item":"https:\/\/www.padreeustaquio.com.br\/"},{"@type":"ListItem","position":2,"name":"Empresa de BH realiza campanha do agasalho em parceria com o Santu\u00e1rio"}]},{"@type":"WebSite","@id":"https:\/\/www.padreeustaquio.com.br\/#website","url":"https:\/\/www.padreeustaquio.com.br\/","name":"Padre Eustace","description":"Salud y Paz","publisher":{"@id":"https:\/\/www.padreeustaquio.com.br\/#organization"},"potentialAction":[{"@type":"SearchAction","target":{"@type":"EntryPoint","urlTemplate":"https:\/\/www.padreeustaquio.com.br\/?s={search_term_string}"},"query-input":{"@type":"PropertyValueSpecification","valueRequired":true,"valueName":"search_term_string"}}],"inLanguage":"es"},{"@type":"Organization","@id":"https:\/\/www.padreeustaquio.com.br\/#organization","name":"Padre Eustace","url":"https:\/\/www.padreeustaquio.com.br\/","logo":{"@type":"ImageObject","inLanguage":"es","@id":"https:\/\/www.padreeustaquio.com.br\/#\/schema\/logo\/image\/","url":"https:\/\/www.padreeustaquio.com.br\/wp-content\/uploads\/2019\/08\/marca.png","contentUrl":"https:\/\/www.padreeustaquio.com.br\/wp-content\/uploads\/2019\/08\/marca.png","width":350,"height":400,"caption":"Padre Eust\u00e1quio"},"image":{"@id":"https:\/\/www.padreeustaquio.com.br\/#\/schema\/logo\/image\/"},"sameAs":["https:\/\/www.facebook.com\/beatopadreeustaquio\/","https:\/\/x.com\/beatopeustaquio","https:\/\/www.instagram.com\/beatopadreeustaquio\/","https:\/\/www.youtube.com\/channel\/UCRhw7vfabnajwLxb1ZXMeIw"]},{"@type":"Person","@id":"https:\/\/www.padreeustaquio.com.br\/#\/schema\/person\/a2a51db1d00f1a7af0204a0f1ddb1566","name":"@sscc","image":{"@type":"ImageObject","inLanguage":"es","@id":"https:\/\/secure.gravatar.com\/avatar\/68cfafa5f44617fea54071e215026e0ff06be366c3d54a8425f04fdcb86f8c5f?s=96&d=mm&r=g","url":"https:\/\/secure.gravatar.com\/avatar\/68cfafa5f44617fea54071e215026e0ff06be366c3d54a8425f04fdcb86f8c5f?s=96&d=mm&r=g","contentUrl":"https:\/\/secure.gravatar.com\/avatar\/68cfafa5f44617fea54071e215026e0ff06be366c3d54a8425f04fdcb86f8c5f?s=96&d=mm&r=g","caption":"@sscc"},"url":"https:\/\/www.padreeustaquio.com.br\/es\/author\/sscc\/"}]}},"_links":{"self":[{"href":"https:\/\/www.padreeustaquio.com.br\/es\/wp-json\/wp\/v2\/posts\/10425","targetHints":{"allow":["GET"]}}],"collection":[{"href":"https:\/\/www.padreeustaquio.com.br\/es\/wp-json\/wp\/v2\/posts"}],"about":[{"href":"https:\/\/www.padreeustaquio.com.br\/es\/wp-json\/wp\/v2\/types\/post"}],"author":[{"embeddable":true,"href":"https:\/\/www.padreeustaquio.com.br\/es\/wp-json\/wp\/v2\/users\/2"}],"replies":[{"embeddable":true,"href":"https:\/\/www.padreeustaquio.com.br\/es\/wp-json\/wp\/v2\/comments?post=10425"}],"version-history":[{"count":0,"href":"https:\/\/www.padreeustaquio.com.br\/es\/wp-json\/wp\/v2\/posts\/10425\/revisions"}],"wp:featuredmedia":[{"embeddable":true,"href":"https:\/\/www.padreeustaquio.com.br\/es\/wp-json\/wp\/v2\/media\/10426"}],"wp:attachment":[{"href":"https:\/\/www.padreeustaquio.com.br\/es\/wp-json\/wp\/v2\/media?parent=10425"}],"wp:term":[{"taxonomy":"category","embeddable":true,"href":"https:\/\/www.padreeustaquio.com.br\/es\/wp-json\/wp\/v2\/categories?post=10425"},{"taxonomy":"post_tag","embeddable":true,"href":"https:\/\/www.padreeustaquio.com.br\/es\/wp-json\/wp\/v2\/tags?post=10425"}],"curies":[{"name":"wp","href":"https:\/\/api.w.org\/{rel}","templated":true}]}}