{"id":10402,"date":"2023-05-19T06:53:00","date_gmt":"2023-05-19T09:53:00","guid":{"rendered":"https:\/\/www.padreeustaquio.com.br\/?p=10402"},"modified":"2023-05-16T11:17:45","modified_gmt":"2023-05-16T14:17:45","slug":"el-postulador-general-recibe-una-replica-de-la-estatua-de-la-iglesia-del-padre-eustace","status":"publish","type":"post","link":"https:\/\/www.padreeustaquio.com.br\/es\/el-postulador-general-recibe-una-replica-de-la-estatua-de-la-iglesia-del-padre-eustace\/","title":{"rendered":"El Postulador General recibe r\u00e9plica de estatua de la Iglesia del Padre Eustaquio"},"content":{"rendered":"<p>El Postulador General de las Causas de Beatificaci\u00f3n y Canonizaci\u00f3n de la Congregaci\u00f3n de los Sagrados Corazones, Padre Andrzej Lukawski, SSCC, recibi\u00f3 una r\u00e9plica de la estatua que se encuentra en los jardines del Memorial Padre Eust\u00e1quio en Belo Horizonte, Minas Gerais. El postulador tambi\u00e9n grab\u00f3 un mensaje para el Canal Padre Eust\u00e1quio.<\/p>\n\n\n\n<p>El obsequio fue entregado por el vicepostulador, responsable de la Causa de Canonizaci\u00f3n del Padre Eust\u00e1quio en Brasil, Padre Vin\u00edcius Maciel, SSCC. La imagen fue entregada durante una reuni\u00f3n entre ambos en Roma, hace poco m\u00e1s de dos semanas.<\/p>\n\n\n\n<p>El Padre Andrzej es polaco y ocupa uno de los cargos m\u00e1s importantes de la Congregaci\u00f3n. El postulador se mostr\u00f3 complacido al recibir la imagen y afirm\u00f3 que formar\u00e1 parte de su colecci\u00f3n personal. <\/p>\n\n\n\n<p>La imagen es una r\u00e9plica perfecta de la estatua ubicada en el Memorial del Padre Eust\u00e1quio, inaugurado en 2009. Fue creada por el artista paulista Edu Santos. La obra fue encargada por Jam van den Boomen, sobrino del Padre Eust\u00e1quio, al artista brasile\u00f1o. Para Edu, esta fue su primera obra a gran escala y, seg\u00fan \u00e9l, desde entonces, el Padre Eust\u00e1quio ha bendecido su obra porque le ha abierto muchas puertas. <\/p>\n\n\n\n<p>Lea m\u00e1s sobre las estatuas del Padre Eust\u00e1quio, realizadas por Edu Santos., <a href=\"https:\/\/www.padreeustaquio.com.br\/es\/un-escultor-de-sao-paulo-termina-una-estatua-del-padre-eustaquio-que-sera-enviada-a-los-paises-bajos\/\" target=\"_blank\" rel=\"noreferrer noopener\">Haga clic aqu\u00ed.<\/a><\/p>\n\n\n\n<p><\/p>\n\n\n\n<p>  <\/p>","protected":false},"excerpt":{"rendered":"<p>O Postulador-Geral das Causas de Beatifica\u00e7\u00e3o e Canoniza\u00e7\u00e3o da Congrega\u00e7\u00e3o dos Sagrados Cora\u00e7\u00f5es, o Padre Andrzej Lukawski, SSCC recebeu uma r\u00e9plica da est\u00e1tua que est\u00e1 nos jardins do Memorial Padre Eust\u00e1quio, em Belo Horizonte-MG. O postualdor tamb\u00e9m gravou uma mensagem para o Canal Padre Eust\u00e1quio. O presente foi dado pelo vice-postulador, respons\u00e1vel pela Causa de Canoniza\u00e7\u00e3o de Padre Eust\u00e1quio no Brasil, o Padre Vin\u00edcius Maciel, SSCC. A imagem foi entregue durante um encontro entre os dois em Roma, h\u00e1 pouco mais de duas semanas. Padre Andrzej \u00e9 polon\u00eas e ocupa um dos cargos mais importantes dentro da Congrega\u00e7\u00e3o. O postulador [&hellip;]<\/p>\n","protected":false},"author":2,"featured_media":10403,"comment_status":"open","ping_status":"closed","sticky":false,"template":"","format":"standard","meta":{"_acf_changed":false,"footnotes":""},"categories":[611],"tags":[],"class_list":["post-10402","post","type-post","status-publish","format-standard","has-post-thumbnail","hentry","category-noticias"],"acf":[],"yoast_head":"<!-- This site is optimized with the Yoast SEO plugin v27.2 - https:\/\/yoast.com\/product\/yoast-seo-wordpress\/ -->\n<title>Postulador-Geral recebe r\u00e9plica de est\u00e1tua da Igreja do Padre Eust\u00e1quio<\/title>\n<meta name=\"description\" content=\"O Postulador-Geral das Causas de Beatifica\u00e7\u00e3o e Canoniza\u00e7\u00e3o da Congrega\u00e7\u00e3o dos Sagrados Cora\u00e7\u00f5es, o Padre Andrzej Lukawski, SSCC recebeu uma r\u00e9plica da est\u00e1tua que est\u00e1 nos jardins do Memorial Padre Eust\u00e1quio, em Belo Horizonte-MG. O postualdor tamb\u00e9m gravou uma mensagem para o Canal Padre Eust\u00e1quio.\" \/>\n<meta name=\"robots\" content=\"index, follow, max-snippet:-1, max-image-preview:large, max-video-preview:-1\" \/>\n<link rel=\"canonical\" href=\"https:\/\/www.padreeustaquio.com.br\/es\/el-postulador-general-recibe-una-replica-de-la-estatua-de-la-iglesia-del-padre-eustace\/\" \/>\n<meta property=\"og:locale\" content=\"es_ES\" \/>\n<meta property=\"og:type\" content=\"article\" \/>\n<meta property=\"og:title\" content=\"Postulador-Geral recebe r\u00e9plica de est\u00e1tua da Igreja do Padre Eust\u00e1quio\" \/>\n<meta property=\"og:description\" content=\"O Postulador-Geral das Causas de Beatifica\u00e7\u00e3o e Canoniza\u00e7\u00e3o da Congrega\u00e7\u00e3o dos Sagrados Cora\u00e7\u00f5es, o Padre Andrzej Lukawski, SSCC recebeu uma r\u00e9plica da est\u00e1tua que est\u00e1 nos jardins do Memorial Padre Eust\u00e1quio, em Belo Horizonte-MG. O postualdor tamb\u00e9m gravou uma mensagem para o Canal Padre Eust\u00e1quio.\" \/>\n<meta property=\"og:url\" content=\"https:\/\/www.padreeustaquio.com.br\/es\/el-postulador-general-recibe-una-replica-de-la-estatua-de-la-iglesia-del-padre-eustace\/\" \/>\n<meta property=\"og:site_name\" content=\"Padre Eust\u00e1quio\" \/>\n<meta property=\"article:publisher\" content=\"https:\/\/www.facebook.com\/beatopadreeustaquio\/\" \/>\n<meta property=\"article:published_time\" content=\"2023-05-19T09:53:00+00:00\" \/>\n<meta property=\"og:image\" content=\"https:\/\/www.padreeustaquio.com.br\/wp-content\/uploads\/2023\/05\/estatua-a-padre-andrzej-e1684246608897.jpeg\" \/>\n\t<meta property=\"og:image:width\" content=\"1600\" \/>\n\t<meta property=\"og:image:height\" content=\"900\" \/>\n\t<meta property=\"og:image:type\" content=\"image\/jpeg\" \/>\n<meta name=\"author\" content=\"@sscc\" \/>\n<meta name=\"twitter:card\" content=\"summary_large_image\" \/>\n<meta name=\"twitter:creator\" content=\"@beatopeustaquio\" \/>\n<meta name=\"twitter:site\" content=\"@beatopeustaquio\" \/>\n<meta name=\"twitter:label1\" content=\"Escrito por\" \/>\n\t<meta name=\"twitter:data1\" content=\"@sscc\" \/>\n\t<meta name=\"twitter:label2\" content=\"Tiempo de lectura\" \/>\n\t<meta name=\"twitter:data2\" content=\"2 minutos\" \/>\n<script type=\"application\/ld+json\" class=\"yoast-schema-graph\">{\"@context\":\"https:\/\/schema.org\",\"@graph\":[{\"@type\":\"Article\",\"@id\":\"https:\/\/www.padreeustaquio.com.br\/postulador-geral-recebe-replica-de-estatua-da-igreja-do-padre-eustaquio\/#article\",\"isPartOf\":{\"@id\":\"https:\/\/www.padreeustaquio.com.br\/postulador-geral-recebe-replica-de-estatua-da-igreja-do-padre-eustaquio\/\"},\"author\":{\"name\":\"@sscc\",\"@id\":\"https:\/\/www.padreeustaquio.com.br\/#\/schema\/person\/a2a51db1d00f1a7af0204a0f1ddb1566\"},\"headline\":\"Postulador-Geral recebe r\u00e9plica de est\u00e1tua da Igreja do Padre Eust\u00e1quio\",\"datePublished\":\"2023-05-19T09:53:00+00:00\",\"mainEntityOfPage\":{\"@id\":\"https:\/\/www.padreeustaquio.com.br\/postulador-geral-recebe-replica-de-estatua-da-igreja-do-padre-eustaquio\/\"},\"wordCount\":238,\"commentCount\":0,\"publisher\":{\"@id\":\"https:\/\/www.padreeustaquio.com.br\/#organization\"},\"image\":{\"@id\":\"https:\/\/www.padreeustaquio.com.br\/postulador-geral-recebe-replica-de-estatua-da-igreja-do-padre-eustaquio\/#primaryimage\"},\"thumbnailUrl\":\"https:\/\/www.padreeustaquio.com.br\/wp-content\/uploads\/2023\/05\/estatua-a-padre-andrzej-e1684246608897.jpeg\",\"articleSection\":[\"Not\u00edcias\"],\"inLanguage\":\"es\",\"potentialAction\":[{\"@type\":\"CommentAction\",\"name\":\"Comment\",\"target\":[\"https:\/\/www.padreeustaquio.com.br\/postulador-geral-recebe-replica-de-estatua-da-igreja-do-padre-eustaquio\/#respond\"]}]},{\"@type\":\"WebPage\",\"@id\":\"https:\/\/www.padreeustaquio.com.br\/postulador-geral-recebe-replica-de-estatua-da-igreja-do-padre-eustaquio\/\",\"url\":\"https:\/\/www.padreeustaquio.com.br\/postulador-geral-recebe-replica-de-estatua-da-igreja-do-padre-eustaquio\/\",\"name\":\"Postulador-Geral recebe r\u00e9plica de est\u00e1tua da Igreja do Padre Eust\u00e1quio\",\"isPartOf\":{\"@id\":\"https:\/\/www.padreeustaquio.com.br\/#website\"},\"primaryImageOfPage\":{\"@id\":\"https:\/\/www.padreeustaquio.com.br\/postulador-geral-recebe-replica-de-estatua-da-igreja-do-padre-eustaquio\/#primaryimage\"},\"image\":{\"@id\":\"https:\/\/www.padreeustaquio.com.br\/postulador-geral-recebe-replica-de-estatua-da-igreja-do-padre-eustaquio\/#primaryimage\"},\"thumbnailUrl\":\"https:\/\/www.padreeustaquio.com.br\/wp-content\/uploads\/2023\/05\/estatua-a-padre-andrzej-e1684246608897.jpeg\",\"datePublished\":\"2023-05-19T09:53:00+00:00\",\"description\":\"O Postulador-Geral das Causas de Beatifica\u00e7\u00e3o e Canoniza\u00e7\u00e3o da Congrega\u00e7\u00e3o dos Sagrados Cora\u00e7\u00f5es, o Padre Andrzej Lukawski, SSCC recebeu uma r\u00e9plica da est\u00e1tua que est\u00e1 nos jardins do Memorial Padre Eust\u00e1quio, em Belo Horizonte-MG. O postualdor tamb\u00e9m gravou uma mensagem para o Canal Padre Eust\u00e1quio.\",\"breadcrumb\":{\"@id\":\"https:\/\/www.padreeustaquio.com.br\/postulador-geral-recebe-replica-de-estatua-da-igreja-do-padre-eustaquio\/#breadcrumb\"},\"inLanguage\":\"es\",\"potentialAction\":[{\"@type\":\"ReadAction\",\"target\":[\"https:\/\/www.padreeustaquio.com.br\/postulador-geral-recebe-replica-de-estatua-da-igreja-do-padre-eustaquio\/\"]}]},{\"@type\":\"ImageObject\",\"inLanguage\":\"es\",\"@id\":\"https:\/\/www.padreeustaquio.com.br\/postulador-geral-recebe-replica-de-estatua-da-igreja-do-padre-eustaquio\/#primaryimage\",\"url\":\"https:\/\/www.padreeustaquio.com.br\/wp-content\/uploads\/2023\/05\/estatua-a-padre-andrzej-e1684246608897.jpeg\",\"contentUrl\":\"https:\/\/www.padreeustaquio.com.br\/wp-content\/uploads\/2023\/05\/estatua-a-padre-andrzej-e1684246608897.jpeg\",\"width\":1600,\"height\":900},{\"@type\":\"BreadcrumbList\",\"@id\":\"https:\/\/www.padreeustaquio.com.br\/postulador-geral-recebe-replica-de-estatua-da-igreja-do-padre-eustaquio\/#breadcrumb\",\"itemListElement\":[{\"@type\":\"ListItem\",\"position\":1,\"name\":\"In\u00edcio\",\"item\":\"https:\/\/www.padreeustaquio.com.br\/\"},{\"@type\":\"ListItem\",\"position\":2,\"name\":\"Postulador-Geral recebe r\u00e9plica de est\u00e1tua da Igreja do Padre Eust\u00e1quio\"}]},{\"@type\":\"WebSite\",\"@id\":\"https:\/\/www.padreeustaquio.com.br\/#website\",\"url\":\"https:\/\/www.padreeustaquio.com.br\/\",\"name\":\"Padre Eust\u00e1quio\",\"description\":\"Sa\u00fade e Paz\",\"publisher\":{\"@id\":\"https:\/\/www.padreeustaquio.com.br\/#organization\"},\"potentialAction\":[{\"@type\":\"SearchAction\",\"target\":{\"@type\":\"EntryPoint\",\"urlTemplate\":\"https:\/\/www.padreeustaquio.com.br\/?s={search_term_string}\"},\"query-input\":{\"@type\":\"PropertyValueSpecification\",\"valueRequired\":true,\"valueName\":\"search_term_string\"}}],\"inLanguage\":\"es\"},{\"@type\":\"Organization\",\"@id\":\"https:\/\/www.padreeustaquio.com.br\/#organization\",\"name\":\"Padre Eust\u00e1quio\",\"url\":\"https:\/\/www.padreeustaquio.com.br\/\",\"logo\":{\"@type\":\"ImageObject\",\"inLanguage\":\"es\",\"@id\":\"https:\/\/www.padreeustaquio.com.br\/#\/schema\/logo\/image\/\",\"url\":\"https:\/\/www.padreeustaquio.com.br\/wp-content\/uploads\/2019\/08\/marca.png\",\"contentUrl\":\"https:\/\/www.padreeustaquio.com.br\/wp-content\/uploads\/2019\/08\/marca.png\",\"width\":350,\"height\":400,\"caption\":\"Padre Eust\u00e1quio\"},\"image\":{\"@id\":\"https:\/\/www.padreeustaquio.com.br\/#\/schema\/logo\/image\/\"},\"sameAs\":[\"https:\/\/www.facebook.com\/beatopadreeustaquio\/\",\"https:\/\/x.com\/beatopeustaquio\",\"https:\/\/www.instagram.com\/beatopadreeustaquio\/\",\"https:\/\/www.youtube.com\/channel\/UCRhw7vfabnajwLxb1ZXMeIw\"]},{\"@type\":\"Person\",\"@id\":\"https:\/\/www.padreeustaquio.com.br\/#\/schema\/person\/a2a51db1d00f1a7af0204a0f1ddb1566\",\"name\":\"@sscc\",\"image\":{\"@type\":\"ImageObject\",\"inLanguage\":\"es\",\"@id\":\"https:\/\/secure.gravatar.com\/avatar\/68cfafa5f44617fea54071e215026e0ff06be366c3d54a8425f04fdcb86f8c5f?s=96&d=mm&r=g\",\"url\":\"https:\/\/secure.gravatar.com\/avatar\/68cfafa5f44617fea54071e215026e0ff06be366c3d54a8425f04fdcb86f8c5f?s=96&d=mm&r=g\",\"contentUrl\":\"https:\/\/secure.gravatar.com\/avatar\/68cfafa5f44617fea54071e215026e0ff06be366c3d54a8425f04fdcb86f8c5f?s=96&d=mm&r=g\",\"caption\":\"@sscc\"},\"url\":\"https:\/\/www.padreeustaquio.com.br\/es\/author\/sscc\/\"}]}<\/script>\n<!-- \/ Yoast SEO plugin. -->","yoast_head_json":{"title":"El Postulador General recibe r\u00e9plica de estatua de la Iglesia del Padre Eustaquio","description":"El Postulador General de las Causas de Beatificaci\u00f3n y Canonizaci\u00f3n de la Congregaci\u00f3n de los Sagrados Corazones, Padre Andrzej Lukawski, SSCC, recibi\u00f3 una r\u00e9plica de la estatua que se encuentra en los jardines del Memorial Padre Eust\u00e1quio en Belo Horizonte, Minas Gerais. El postulador tambi\u00e9n grab\u00f3 un mensaje para el Canal Padre Eust\u00e1quio.","robots":{"index":"index","follow":"follow","max-snippet":"max-snippet:-1","max-image-preview":"max-image-preview:large","max-video-preview":"max-video-preview:-1"},"canonical":"https:\/\/www.padreeustaquio.com.br\/es\/el-postulador-general-recibe-una-replica-de-la-estatua-de-la-iglesia-del-padre-eustace\/","og_locale":"es_ES","og_type":"article","og_title":"Postulador-Geral recebe r\u00e9plica de est\u00e1tua da Igreja do Padre Eust\u00e1quio","og_description":"O Postulador-Geral das Causas de Beatifica\u00e7\u00e3o e Canoniza\u00e7\u00e3o da Congrega\u00e7\u00e3o dos Sagrados Cora\u00e7\u00f5es, o Padre Andrzej Lukawski, SSCC recebeu uma r\u00e9plica da est\u00e1tua que est\u00e1 nos jardins do Memorial Padre Eust\u00e1quio, em Belo Horizonte-MG. O postualdor tamb\u00e9m gravou uma mensagem para o Canal Padre Eust\u00e1quio.","og_url":"https:\/\/www.padreeustaquio.com.br\/es\/el-postulador-general-recibe-una-replica-de-la-estatua-de-la-iglesia-del-padre-eustace\/","og_site_name":"Padre Eust\u00e1quio","article_publisher":"https:\/\/www.facebook.com\/beatopadreeustaquio\/","article_published_time":"2023-05-19T09:53:00+00:00","og_image":[{"width":1600,"height":900,"url":"https:\/\/www.padreeustaquio.com.br\/wp-content\/uploads\/2023\/05\/estatua-a-padre-andrzej-e1684246608897.jpeg","type":"image\/jpeg"}],"author":"@sscc","twitter_card":"summary_large_image","twitter_creator":"@beatopeustaquio","twitter_site":"@beatopeustaquio","twitter_misc":{"Escrito por":"@sscc","Tiempo de lectura":"2 minutos"},"schema":{"@context":"https:\/\/schema.org","@graph":[{"@type":"Article","@id":"https:\/\/www.padreeustaquio.com.br\/postulador-geral-recebe-replica-de-estatua-da-igreja-do-padre-eustaquio\/#article","isPartOf":{"@id":"https:\/\/www.padreeustaquio.com.br\/postulador-geral-recebe-replica-de-estatua-da-igreja-do-padre-eustaquio\/"},"author":{"name":"@sscc","@id":"https:\/\/www.padreeustaquio.com.br\/#\/schema\/person\/a2a51db1d00f1a7af0204a0f1ddb1566"},"headline":"Postulador-Geral recebe r\u00e9plica de est\u00e1tua da Igreja do Padre Eust\u00e1quio","datePublished":"2023-05-19T09:53:00+00:00","mainEntityOfPage":{"@id":"https:\/\/www.padreeustaquio.com.br\/postulador-geral-recebe-replica-de-estatua-da-igreja-do-padre-eustaquio\/"},"wordCount":238,"commentCount":0,"publisher":{"@id":"https:\/\/www.padreeustaquio.com.br\/#organization"},"image":{"@id":"https:\/\/www.padreeustaquio.com.br\/postulador-geral-recebe-replica-de-estatua-da-igreja-do-padre-eustaquio\/#primaryimage"},"thumbnailUrl":"https:\/\/www.padreeustaquio.com.br\/wp-content\/uploads\/2023\/05\/estatua-a-padre-andrzej-e1684246608897.jpeg","articleSection":["Not\u00edcias"],"inLanguage":"es","potentialAction":[{"@type":"CommentAction","name":"Comment","target":["https:\/\/www.padreeustaquio.com.br\/postulador-geral-recebe-replica-de-estatua-da-igreja-do-padre-eustaquio\/#respond"]}]},{"@type":"WebPage","@id":"https:\/\/www.padreeustaquio.com.br\/postulador-geral-recebe-replica-de-estatua-da-igreja-do-padre-eustaquio\/","url":"https:\/\/www.padreeustaquio.com.br\/postulador-geral-recebe-replica-de-estatua-da-igreja-do-padre-eustaquio\/","name":"El Postulador General recibe r\u00e9plica de estatua de la Iglesia del Padre Eustaquio","isPartOf":{"@id":"https:\/\/www.padreeustaquio.com.br\/#website"},"primaryImageOfPage":{"@id":"https:\/\/www.padreeustaquio.com.br\/postulador-geral-recebe-replica-de-estatua-da-igreja-do-padre-eustaquio\/#primaryimage"},"image":{"@id":"https:\/\/www.padreeustaquio.com.br\/postulador-geral-recebe-replica-de-estatua-da-igreja-do-padre-eustaquio\/#primaryimage"},"thumbnailUrl":"https:\/\/www.padreeustaquio.com.br\/wp-content\/uploads\/2023\/05\/estatua-a-padre-andrzej-e1684246608897.jpeg","datePublished":"2023-05-19T09:53:00+00:00","description":"El Postulador General de las Causas de Beatificaci\u00f3n y Canonizaci\u00f3n de la Congregaci\u00f3n de los Sagrados Corazones, Padre Andrzej Lukawski, SSCC, recibi\u00f3 una r\u00e9plica de la estatua que se encuentra en los jardines del Memorial Padre Eust\u00e1quio en Belo Horizonte, Minas Gerais. El postulador tambi\u00e9n grab\u00f3 un mensaje para el Canal Padre Eust\u00e1quio.","breadcrumb":{"@id":"https:\/\/www.padreeustaquio.com.br\/postulador-geral-recebe-replica-de-estatua-da-igreja-do-padre-eustaquio\/#breadcrumb"},"inLanguage":"es","potentialAction":[{"@type":"ReadAction","target":["https:\/\/www.padreeustaquio.com.br\/postulador-geral-recebe-replica-de-estatua-da-igreja-do-padre-eustaquio\/"]}]},{"@type":"ImageObject","inLanguage":"es","@id":"https:\/\/www.padreeustaquio.com.br\/postulador-geral-recebe-replica-de-estatua-da-igreja-do-padre-eustaquio\/#primaryimage","url":"https:\/\/www.padreeustaquio.com.br\/wp-content\/uploads\/2023\/05\/estatua-a-padre-andrzej-e1684246608897.jpeg","contentUrl":"https:\/\/www.padreeustaquio.com.br\/wp-content\/uploads\/2023\/05\/estatua-a-padre-andrzej-e1684246608897.jpeg","width":1600,"height":900},{"@type":"BreadcrumbList","@id":"https:\/\/www.padreeustaquio.com.br\/postulador-geral-recebe-replica-de-estatua-da-igreja-do-padre-eustaquio\/#breadcrumb","itemListElement":[{"@type":"ListItem","position":1,"name":"In\u00edcio","item":"https:\/\/www.padreeustaquio.com.br\/"},{"@type":"ListItem","position":2,"name":"Postulador-Geral recebe r\u00e9plica de est\u00e1tua da Igreja do Padre Eust\u00e1quio"}]},{"@type":"WebSite","@id":"https:\/\/www.padreeustaquio.com.br\/#website","url":"https:\/\/www.padreeustaquio.com.br\/","name":"Padre Eustace","description":"Salud y Paz","publisher":{"@id":"https:\/\/www.padreeustaquio.com.br\/#organization"},"potentialAction":[{"@type":"SearchAction","target":{"@type":"EntryPoint","urlTemplate":"https:\/\/www.padreeustaquio.com.br\/?s={search_term_string}"},"query-input":{"@type":"PropertyValueSpecification","valueRequired":true,"valueName":"search_term_string"}}],"inLanguage":"es"},{"@type":"Organization","@id":"https:\/\/www.padreeustaquio.com.br\/#organization","name":"Padre Eustace","url":"https:\/\/www.padreeustaquio.com.br\/","logo":{"@type":"ImageObject","inLanguage":"es","@id":"https:\/\/www.padreeustaquio.com.br\/#\/schema\/logo\/image\/","url":"https:\/\/www.padreeustaquio.com.br\/wp-content\/uploads\/2019\/08\/marca.png","contentUrl":"https:\/\/www.padreeustaquio.com.br\/wp-content\/uploads\/2019\/08\/marca.png","width":350,"height":400,"caption":"Padre Eust\u00e1quio"},"image":{"@id":"https:\/\/www.padreeustaquio.com.br\/#\/schema\/logo\/image\/"},"sameAs":["https:\/\/www.facebook.com\/beatopadreeustaquio\/","https:\/\/x.com\/beatopeustaquio","https:\/\/www.instagram.com\/beatopadreeustaquio\/","https:\/\/www.youtube.com\/channel\/UCRhw7vfabnajwLxb1ZXMeIw"]},{"@type":"Person","@id":"https:\/\/www.padreeustaquio.com.br\/#\/schema\/person\/a2a51db1d00f1a7af0204a0f1ddb1566","name":"@sscc","image":{"@type":"ImageObject","inLanguage":"es","@id":"https:\/\/secure.gravatar.com\/avatar\/68cfafa5f44617fea54071e215026e0ff06be366c3d54a8425f04fdcb86f8c5f?s=96&d=mm&r=g","url":"https:\/\/secure.gravatar.com\/avatar\/68cfafa5f44617fea54071e215026e0ff06be366c3d54a8425f04fdcb86f8c5f?s=96&d=mm&r=g","contentUrl":"https:\/\/secure.gravatar.com\/avatar\/68cfafa5f44617fea54071e215026e0ff06be366c3d54a8425f04fdcb86f8c5f?s=96&d=mm&r=g","caption":"@sscc"},"url":"https:\/\/www.padreeustaquio.com.br\/es\/author\/sscc\/"}]}},"_links":{"self":[{"href":"https:\/\/www.padreeustaquio.com.br\/es\/wp-json\/wp\/v2\/posts\/10402","targetHints":{"allow":["GET"]}}],"collection":[{"href":"https:\/\/www.padreeustaquio.com.br\/es\/wp-json\/wp\/v2\/posts"}],"about":[{"href":"https:\/\/www.padreeustaquio.com.br\/es\/wp-json\/wp\/v2\/types\/post"}],"author":[{"embeddable":true,"href":"https:\/\/www.padreeustaquio.com.br\/es\/wp-json\/wp\/v2\/users\/2"}],"replies":[{"embeddable":true,"href":"https:\/\/www.padreeustaquio.com.br\/es\/wp-json\/wp\/v2\/comments?post=10402"}],"version-history":[{"count":0,"href":"https:\/\/www.padreeustaquio.com.br\/es\/wp-json\/wp\/v2\/posts\/10402\/revisions"}],"wp:featuredmedia":[{"embeddable":true,"href":"https:\/\/www.padreeustaquio.com.br\/es\/wp-json\/wp\/v2\/media\/10403"}],"wp:attachment":[{"href":"https:\/\/www.padreeustaquio.com.br\/es\/wp-json\/wp\/v2\/media?parent=10402"}],"wp:term":[{"taxonomy":"category","embeddable":true,"href":"https:\/\/www.padreeustaquio.com.br\/es\/wp-json\/wp\/v2\/categories?post=10402"},{"taxonomy":"post_tag","embeddable":true,"href":"https:\/\/www.padreeustaquio.com.br\/es\/wp-json\/wp\/v2\/tags?post=10402"}],"curies":[{"name":"wp","href":"https:\/\/api.w.org\/{rel}","templated":true}]}}