{"id":10399,"date":"2023-05-18T07:39:00","date_gmt":"2023-05-18T10:39:00","guid":{"rendered":"https:\/\/www.padreeustaquio.com.br\/?p=10399"},"modified":"2023-05-18T14:34:47","modified_gmt":"2023-05-18T17:34:47","slug":"el-rector-del-santuario-te-invita-a-un-retiro-espiritual-en-igarape-mg","status":"publish","type":"post","link":"https:\/\/www.padreeustaquio.com.br\/es\/el-rector-del-santuario-te-invita-a-un-retiro-espiritual-en-igarape-mg\/","title":{"rendered":"Santuario invita a fieles a un Retiro Espiritual en Igarap\u00e9-MG"},"content":{"rendered":"<p>Programado para los d\u00edas 3 y 4 de junio, se realizar\u00e1 el Retiro Parroquial del Santuario de la Salud y la Paz, Iglesia del Bienaventurado Padre Eust\u00e1quio, en Igarap\u00e9, en la regi\u00f3n metropolitana de Belo Horizonte.<\/p>\n\n\n\n<p>La reuni\u00f3n est\u00e1 programada para durar todo el d\u00eda con estancia de una noche en la Casa de Retiro de S\u00e3o Vicente (<a href=\"https:\/\/www.instagram.com\/retirovicentedepaulo\/\" target=\"_blank\" rel=\"noreferrer noopener\">Vea fotos del lugar aqu\u00ed.<\/a>El alojamiento y la pensi\u00f3n completa cuestan R$160.00 por persona. Deber\u00e1 traer su propia ropa de cama y toallas. <\/p>\n\n\n\n<p>La invitaci\u00f3n a participar fue extendida esta semana por el rector del Santuario, Padre Vin\u00edcius Maciel, SSCC. Los interesados deben dejar su nombre y n\u00famero de tel\u00e9fono en la Oficina Parroquial para que el propio sacerdote pueda llamarlos para confirmar su asistencia y programar una reuni\u00f3n preparatoria.<\/p>\n\n\n\n<p>Para mayor informaci\u00f3n por favor llamar a la oficina del Secretario Parroquial al: (31) <a href=\"https:\/\/www.google.com\/search?q=santuario+saude+e+paz&amp;oq=santuario+saude+e+paz&amp;aqs=chrome.0.0i355i512j46i175i199i512j69i64j0i22i30l4.6446j0j4&amp;sourceid=chrome&amp;ie=UTF-8#\">3462-6557<\/a><\/p>\n\n\n\n<p><\/p>","protected":false},"excerpt":{"rendered":"<p>Marcado para os dias 3 e 4 de junho, o Retiro Paroquial do Santu\u00e1rio da Sa\u00fade e da Paz, a Igreja do Beato Padre Eust\u00e1quio, ser\u00e1 realizado em Igarap\u00e9, na regi\u00e3o metropolitana de Belo Horizonte. O encontro est\u00e1 previsto para acontecer o dia todo com pernoite na Casa de Retiro S\u00e3o Vicente (veja fotos do local aqui). Os custos com hospedagem e alimenta\u00e7\u00e3o completa ficar\u00e3o em R$160,00 por pessoa. Ser\u00e1 necess\u00e1rio levar roupa de cama e de banho. O convite a participar foi feito esta semana pelo reitor do Santu\u00e1rio, o Padre Vin\u00edcius Maciel, SSCC. Os interessados dever\u00e3o deixar nome [&hellip;]<\/p>\n","protected":false},"author":2,"featured_media":10400,"comment_status":"open","ping_status":"closed","sticky":false,"template":"","format":"standard","meta":{"_acf_changed":false,"footnotes":""},"categories":[611],"tags":[],"class_list":["post-10399","post","type-post","status-publish","format-standard","has-post-thumbnail","hentry","category-noticias"],"acf":[],"yoast_head":"<!-- This site is optimized with the Yoast SEO plugin v27.2 - https:\/\/yoast.com\/product\/yoast-seo-wordpress\/ -->\n<title>Santu\u00e1rio convida fi\u00e9is para Retiro Espiritual em Igarap\u00e9-MG<\/title>\n<meta name=\"description\" content=\"Marcado para os dias 3 e 4 de junho, o Retiro Paroquial do Santu\u00e1rio da Sa\u00fade e da Paz, a Igreja do Beato Padre Eust\u00e1quio, ser\u00e1 realizado em Igarap\u00e9, na regi\u00e3o metropolitana de Belo Horizonte.\" \/>\n<meta name=\"robots\" content=\"index, follow, max-snippet:-1, max-image-preview:large, max-video-preview:-1\" \/>\n<link rel=\"canonical\" href=\"https:\/\/www.padreeustaquio.com.br\/es\/el-rector-del-santuario-te-invita-a-un-retiro-espiritual-en-igarape-mg\/\" \/>\n<meta property=\"og:locale\" content=\"es_ES\" \/>\n<meta property=\"og:type\" content=\"article\" \/>\n<meta property=\"og:title\" content=\"Santu\u00e1rio convida fi\u00e9is para Retiro Espiritual em Igarap\u00e9-MG\" \/>\n<meta property=\"og:description\" content=\"Marcado para os dias 3 e 4 de junho, o Retiro Paroquial do Santu\u00e1rio da Sa\u00fade e da Paz, a Igreja do Beato Padre Eust\u00e1quio, ser\u00e1 realizado em Igarap\u00e9, na regi\u00e3o metropolitana de Belo Horizonte.\" \/>\n<meta property=\"og:url\" content=\"https:\/\/www.padreeustaquio.com.br\/es\/el-rector-del-santuario-te-invita-a-un-retiro-espiritual-en-igarape-mg\/\" \/>\n<meta property=\"og:site_name\" content=\"Padre Eust\u00e1quio\" \/>\n<meta property=\"article:publisher\" content=\"https:\/\/www.facebook.com\/beatopadreeustaquio\/\" \/>\n<meta property=\"article:published_time\" content=\"2023-05-18T10:39:00+00:00\" \/>\n<meta property=\"article:modified_time\" content=\"2023-05-18T17:34:47+00:00\" \/>\n<meta property=\"og:image\" content=\"https:\/\/www.padreeustaquio.com.br\/wp-content\/uploads\/2023\/05\/casa-de-retiros-igarape.jpeg\" \/>\n\t<meta property=\"og:image:width\" content=\"640\" \/>\n\t<meta property=\"og:image:height\" content=\"480\" \/>\n\t<meta property=\"og:image:type\" content=\"image\/jpeg\" \/>\n<meta name=\"author\" content=\"@sscc\" \/>\n<meta name=\"twitter:card\" content=\"summary_large_image\" \/>\n<meta name=\"twitter:creator\" content=\"@beatopeustaquio\" \/>\n<meta name=\"twitter:site\" content=\"@beatopeustaquio\" \/>\n<meta name=\"twitter:label1\" content=\"Escrito por\" \/>\n\t<meta name=\"twitter:data1\" content=\"@sscc\" \/>\n\t<meta name=\"twitter:label2\" content=\"Tiempo de lectura\" \/>\n\t<meta name=\"twitter:data2\" content=\"1 minuto\" \/>\n<script type=\"application\/ld+json\" class=\"yoast-schema-graph\">{\"@context\":\"https:\/\/schema.org\",\"@graph\":[{\"@type\":\"Article\",\"@id\":\"https:\/\/www.padreeustaquio.com.br\/reitoria-do-santuario-convida-para-retiro-espiritual-em-igarape-mg\/#article\",\"isPartOf\":{\"@id\":\"https:\/\/www.padreeustaquio.com.br\/reitoria-do-santuario-convida-para-retiro-espiritual-em-igarape-mg\/\"},\"author\":{\"name\":\"@sscc\",\"@id\":\"https:\/\/www.padreeustaquio.com.br\/#\/schema\/person\/a2a51db1d00f1a7af0204a0f1ddb1566\"},\"headline\":\"Santu\u00e1rio convida fi\u00e9is para Retiro Espiritual em Igarap\u00e9-MG\",\"datePublished\":\"2023-05-18T10:39:00+00:00\",\"dateModified\":\"2023-05-18T17:34:47+00:00\",\"mainEntityOfPage\":{\"@id\":\"https:\/\/www.padreeustaquio.com.br\/reitoria-do-santuario-convida-para-retiro-espiritual-em-igarape-mg\/\"},\"wordCount\":156,\"commentCount\":0,\"publisher\":{\"@id\":\"https:\/\/www.padreeustaquio.com.br\/#organization\"},\"image\":{\"@id\":\"https:\/\/www.padreeustaquio.com.br\/reitoria-do-santuario-convida-para-retiro-espiritual-em-igarape-mg\/#primaryimage\"},\"thumbnailUrl\":\"https:\/\/www.padreeustaquio.com.br\/wp-content\/uploads\/2023\/05\/casa-de-retiros-igarape.jpeg\",\"articleSection\":[\"Not\u00edcias\"],\"inLanguage\":\"es\",\"potentialAction\":[{\"@type\":\"CommentAction\",\"name\":\"Comment\",\"target\":[\"https:\/\/www.padreeustaquio.com.br\/reitoria-do-santuario-convida-para-retiro-espiritual-em-igarape-mg\/#respond\"]}]},{\"@type\":\"WebPage\",\"@id\":\"https:\/\/www.padreeustaquio.com.br\/reitoria-do-santuario-convida-para-retiro-espiritual-em-igarape-mg\/\",\"url\":\"https:\/\/www.padreeustaquio.com.br\/reitoria-do-santuario-convida-para-retiro-espiritual-em-igarape-mg\/\",\"name\":\"Santu\u00e1rio convida fi\u00e9is para Retiro Espiritual em Igarap\u00e9-MG\",\"isPartOf\":{\"@id\":\"https:\/\/www.padreeustaquio.com.br\/#website\"},\"primaryImageOfPage\":{\"@id\":\"https:\/\/www.padreeustaquio.com.br\/reitoria-do-santuario-convida-para-retiro-espiritual-em-igarape-mg\/#primaryimage\"},\"image\":{\"@id\":\"https:\/\/www.padreeustaquio.com.br\/reitoria-do-santuario-convida-para-retiro-espiritual-em-igarape-mg\/#primaryimage\"},\"thumbnailUrl\":\"https:\/\/www.padreeustaquio.com.br\/wp-content\/uploads\/2023\/05\/casa-de-retiros-igarape.jpeg\",\"datePublished\":\"2023-05-18T10:39:00+00:00\",\"dateModified\":\"2023-05-18T17:34:47+00:00\",\"description\":\"Marcado para os dias 3 e 4 de junho, o Retiro Paroquial do Santu\u00e1rio da Sa\u00fade e da Paz, a Igreja do Beato Padre Eust\u00e1quio, ser\u00e1 realizado em Igarap\u00e9, na regi\u00e3o metropolitana de Belo Horizonte.\",\"breadcrumb\":{\"@id\":\"https:\/\/www.padreeustaquio.com.br\/reitoria-do-santuario-convida-para-retiro-espiritual-em-igarape-mg\/#breadcrumb\"},\"inLanguage\":\"es\",\"potentialAction\":[{\"@type\":\"ReadAction\",\"target\":[\"https:\/\/www.padreeustaquio.com.br\/reitoria-do-santuario-convida-para-retiro-espiritual-em-igarape-mg\/\"]}]},{\"@type\":\"ImageObject\",\"inLanguage\":\"es\",\"@id\":\"https:\/\/www.padreeustaquio.com.br\/reitoria-do-santuario-convida-para-retiro-espiritual-em-igarape-mg\/#primaryimage\",\"url\":\"https:\/\/www.padreeustaquio.com.br\/wp-content\/uploads\/2023\/05\/casa-de-retiros-igarape.jpeg\",\"contentUrl\":\"https:\/\/www.padreeustaquio.com.br\/wp-content\/uploads\/2023\/05\/casa-de-retiros-igarape.jpeg\",\"width\":640,\"height\":480},{\"@type\":\"BreadcrumbList\",\"@id\":\"https:\/\/www.padreeustaquio.com.br\/reitoria-do-santuario-convida-para-retiro-espiritual-em-igarape-mg\/#breadcrumb\",\"itemListElement\":[{\"@type\":\"ListItem\",\"position\":1,\"name\":\"In\u00edcio\",\"item\":\"https:\/\/www.padreeustaquio.com.br\/\"},{\"@type\":\"ListItem\",\"position\":2,\"name\":\"Santu\u00e1rio convida fi\u00e9is para Retiro Espiritual em Igarap\u00e9-MG\"}]},{\"@type\":\"WebSite\",\"@id\":\"https:\/\/www.padreeustaquio.com.br\/#website\",\"url\":\"https:\/\/www.padreeustaquio.com.br\/\",\"name\":\"Padre Eust\u00e1quio\",\"description\":\"Sa\u00fade e Paz\",\"publisher\":{\"@id\":\"https:\/\/www.padreeustaquio.com.br\/#organization\"},\"potentialAction\":[{\"@type\":\"SearchAction\",\"target\":{\"@type\":\"EntryPoint\",\"urlTemplate\":\"https:\/\/www.padreeustaquio.com.br\/?s={search_term_string}\"},\"query-input\":{\"@type\":\"PropertyValueSpecification\",\"valueRequired\":true,\"valueName\":\"search_term_string\"}}],\"inLanguage\":\"es\"},{\"@type\":\"Organization\",\"@id\":\"https:\/\/www.padreeustaquio.com.br\/#organization\",\"name\":\"Padre Eust\u00e1quio\",\"url\":\"https:\/\/www.padreeustaquio.com.br\/\",\"logo\":{\"@type\":\"ImageObject\",\"inLanguage\":\"es\",\"@id\":\"https:\/\/www.padreeustaquio.com.br\/#\/schema\/logo\/image\/\",\"url\":\"https:\/\/www.padreeustaquio.com.br\/wp-content\/uploads\/2019\/08\/marca.png\",\"contentUrl\":\"https:\/\/www.padreeustaquio.com.br\/wp-content\/uploads\/2019\/08\/marca.png\",\"width\":350,\"height\":400,\"caption\":\"Padre Eust\u00e1quio\"},\"image\":{\"@id\":\"https:\/\/www.padreeustaquio.com.br\/#\/schema\/logo\/image\/\"},\"sameAs\":[\"https:\/\/www.facebook.com\/beatopadreeustaquio\/\",\"https:\/\/x.com\/beatopeustaquio\",\"https:\/\/www.instagram.com\/beatopadreeustaquio\/\",\"https:\/\/www.youtube.com\/channel\/UCRhw7vfabnajwLxb1ZXMeIw\"]},{\"@type\":\"Person\",\"@id\":\"https:\/\/www.padreeustaquio.com.br\/#\/schema\/person\/a2a51db1d00f1a7af0204a0f1ddb1566\",\"name\":\"@sscc\",\"image\":{\"@type\":\"ImageObject\",\"inLanguage\":\"es\",\"@id\":\"https:\/\/secure.gravatar.com\/avatar\/68cfafa5f44617fea54071e215026e0ff06be366c3d54a8425f04fdcb86f8c5f?s=96&d=mm&r=g\",\"url\":\"https:\/\/secure.gravatar.com\/avatar\/68cfafa5f44617fea54071e215026e0ff06be366c3d54a8425f04fdcb86f8c5f?s=96&d=mm&r=g\",\"contentUrl\":\"https:\/\/secure.gravatar.com\/avatar\/68cfafa5f44617fea54071e215026e0ff06be366c3d54a8425f04fdcb86f8c5f?s=96&d=mm&r=g\",\"caption\":\"@sscc\"},\"url\":\"https:\/\/www.padreeustaquio.com.br\/es\/author\/sscc\/\"}]}<\/script>\n<!-- \/ Yoast SEO plugin. -->","yoast_head_json":{"title":"Santuario invita a fieles a un Retiro Espiritual en Igarap\u00e9-MG","description":"Programado para los d\u00edas 3 y 4 de junio, se realizar\u00e1 el Retiro Parroquial del Santuario de la Salud y la Paz, Iglesia del Bienaventurado Padre Eust\u00e1quio, en Igarap\u00e9, en la regi\u00f3n metropolitana de Belo Horizonte.","robots":{"index":"index","follow":"follow","max-snippet":"max-snippet:-1","max-image-preview":"max-image-preview:large","max-video-preview":"max-video-preview:-1"},"canonical":"https:\/\/www.padreeustaquio.com.br\/es\/el-rector-del-santuario-te-invita-a-un-retiro-espiritual-en-igarape-mg\/","og_locale":"es_ES","og_type":"article","og_title":"Santu\u00e1rio convida fi\u00e9is para Retiro Espiritual em Igarap\u00e9-MG","og_description":"Marcado para os dias 3 e 4 de junho, o Retiro Paroquial do Santu\u00e1rio da Sa\u00fade e da Paz, a Igreja do Beato Padre Eust\u00e1quio, ser\u00e1 realizado em Igarap\u00e9, na regi\u00e3o metropolitana de Belo Horizonte.","og_url":"https:\/\/www.padreeustaquio.com.br\/es\/el-rector-del-santuario-te-invita-a-un-retiro-espiritual-en-igarape-mg\/","og_site_name":"Padre Eust\u00e1quio","article_publisher":"https:\/\/www.facebook.com\/beatopadreeustaquio\/","article_published_time":"2023-05-18T10:39:00+00:00","article_modified_time":"2023-05-18T17:34:47+00:00","og_image":[{"width":640,"height":480,"url":"https:\/\/www.padreeustaquio.com.br\/wp-content\/uploads\/2023\/05\/casa-de-retiros-igarape.jpeg","type":"image\/jpeg"}],"author":"@sscc","twitter_card":"summary_large_image","twitter_creator":"@beatopeustaquio","twitter_site":"@beatopeustaquio","twitter_misc":{"Escrito por":"@sscc","Tiempo de lectura":"1 minuto"},"schema":{"@context":"https:\/\/schema.org","@graph":[{"@type":"Article","@id":"https:\/\/www.padreeustaquio.com.br\/reitoria-do-santuario-convida-para-retiro-espiritual-em-igarape-mg\/#article","isPartOf":{"@id":"https:\/\/www.padreeustaquio.com.br\/reitoria-do-santuario-convida-para-retiro-espiritual-em-igarape-mg\/"},"author":{"name":"@sscc","@id":"https:\/\/www.padreeustaquio.com.br\/#\/schema\/person\/a2a51db1d00f1a7af0204a0f1ddb1566"},"headline":"Santu\u00e1rio convida fi\u00e9is para Retiro Espiritual em Igarap\u00e9-MG","datePublished":"2023-05-18T10:39:00+00:00","dateModified":"2023-05-18T17:34:47+00:00","mainEntityOfPage":{"@id":"https:\/\/www.padreeustaquio.com.br\/reitoria-do-santuario-convida-para-retiro-espiritual-em-igarape-mg\/"},"wordCount":156,"commentCount":0,"publisher":{"@id":"https:\/\/www.padreeustaquio.com.br\/#organization"},"image":{"@id":"https:\/\/www.padreeustaquio.com.br\/reitoria-do-santuario-convida-para-retiro-espiritual-em-igarape-mg\/#primaryimage"},"thumbnailUrl":"https:\/\/www.padreeustaquio.com.br\/wp-content\/uploads\/2023\/05\/casa-de-retiros-igarape.jpeg","articleSection":["Not\u00edcias"],"inLanguage":"es","potentialAction":[{"@type":"CommentAction","name":"Comment","target":["https:\/\/www.padreeustaquio.com.br\/reitoria-do-santuario-convida-para-retiro-espiritual-em-igarape-mg\/#respond"]}]},{"@type":"WebPage","@id":"https:\/\/www.padreeustaquio.com.br\/reitoria-do-santuario-convida-para-retiro-espiritual-em-igarape-mg\/","url":"https:\/\/www.padreeustaquio.com.br\/reitoria-do-santuario-convida-para-retiro-espiritual-em-igarape-mg\/","name":"Santuario invita a fieles a un Retiro Espiritual en Igarap\u00e9-MG","isPartOf":{"@id":"https:\/\/www.padreeustaquio.com.br\/#website"},"primaryImageOfPage":{"@id":"https:\/\/www.padreeustaquio.com.br\/reitoria-do-santuario-convida-para-retiro-espiritual-em-igarape-mg\/#primaryimage"},"image":{"@id":"https:\/\/www.padreeustaquio.com.br\/reitoria-do-santuario-convida-para-retiro-espiritual-em-igarape-mg\/#primaryimage"},"thumbnailUrl":"https:\/\/www.padreeustaquio.com.br\/wp-content\/uploads\/2023\/05\/casa-de-retiros-igarape.jpeg","datePublished":"2023-05-18T10:39:00+00:00","dateModified":"2023-05-18T17:34:47+00:00","description":"Programado para los d\u00edas 3 y 4 de junio, se realizar\u00e1 el Retiro Parroquial del Santuario de la Salud y la Paz, Iglesia del Bienaventurado Padre Eust\u00e1quio, en Igarap\u00e9, en la regi\u00f3n metropolitana de Belo Horizonte.","breadcrumb":{"@id":"https:\/\/www.padreeustaquio.com.br\/reitoria-do-santuario-convida-para-retiro-espiritual-em-igarape-mg\/#breadcrumb"},"inLanguage":"es","potentialAction":[{"@type":"ReadAction","target":["https:\/\/www.padreeustaquio.com.br\/reitoria-do-santuario-convida-para-retiro-espiritual-em-igarape-mg\/"]}]},{"@type":"ImageObject","inLanguage":"es","@id":"https:\/\/www.padreeustaquio.com.br\/reitoria-do-santuario-convida-para-retiro-espiritual-em-igarape-mg\/#primaryimage","url":"https:\/\/www.padreeustaquio.com.br\/wp-content\/uploads\/2023\/05\/casa-de-retiros-igarape.jpeg","contentUrl":"https:\/\/www.padreeustaquio.com.br\/wp-content\/uploads\/2023\/05\/casa-de-retiros-igarape.jpeg","width":640,"height":480},{"@type":"BreadcrumbList","@id":"https:\/\/www.padreeustaquio.com.br\/reitoria-do-santuario-convida-para-retiro-espiritual-em-igarape-mg\/#breadcrumb","itemListElement":[{"@type":"ListItem","position":1,"name":"In\u00edcio","item":"https:\/\/www.padreeustaquio.com.br\/"},{"@type":"ListItem","position":2,"name":"Santu\u00e1rio convida fi\u00e9is para Retiro Espiritual em Igarap\u00e9-MG"}]},{"@type":"WebSite","@id":"https:\/\/www.padreeustaquio.com.br\/#website","url":"https:\/\/www.padreeustaquio.com.br\/","name":"Padre Eustace","description":"Salud y Paz","publisher":{"@id":"https:\/\/www.padreeustaquio.com.br\/#organization"},"potentialAction":[{"@type":"SearchAction","target":{"@type":"EntryPoint","urlTemplate":"https:\/\/www.padreeustaquio.com.br\/?s={search_term_string}"},"query-input":{"@type":"PropertyValueSpecification","valueRequired":true,"valueName":"search_term_string"}}],"inLanguage":"es"},{"@type":"Organization","@id":"https:\/\/www.padreeustaquio.com.br\/#organization","name":"Padre Eustace","url":"https:\/\/www.padreeustaquio.com.br\/","logo":{"@type":"ImageObject","inLanguage":"es","@id":"https:\/\/www.padreeustaquio.com.br\/#\/schema\/logo\/image\/","url":"https:\/\/www.padreeustaquio.com.br\/wp-content\/uploads\/2019\/08\/marca.png","contentUrl":"https:\/\/www.padreeustaquio.com.br\/wp-content\/uploads\/2019\/08\/marca.png","width":350,"height":400,"caption":"Padre Eust\u00e1quio"},"image":{"@id":"https:\/\/www.padreeustaquio.com.br\/#\/schema\/logo\/image\/"},"sameAs":["https:\/\/www.facebook.com\/beatopadreeustaquio\/","https:\/\/x.com\/beatopeustaquio","https:\/\/www.instagram.com\/beatopadreeustaquio\/","https:\/\/www.youtube.com\/channel\/UCRhw7vfabnajwLxb1ZXMeIw"]},{"@type":"Person","@id":"https:\/\/www.padreeustaquio.com.br\/#\/schema\/person\/a2a51db1d00f1a7af0204a0f1ddb1566","name":"@sscc","image":{"@type":"ImageObject","inLanguage":"es","@id":"https:\/\/secure.gravatar.com\/avatar\/68cfafa5f44617fea54071e215026e0ff06be366c3d54a8425f04fdcb86f8c5f?s=96&d=mm&r=g","url":"https:\/\/secure.gravatar.com\/avatar\/68cfafa5f44617fea54071e215026e0ff06be366c3d54a8425f04fdcb86f8c5f?s=96&d=mm&r=g","contentUrl":"https:\/\/secure.gravatar.com\/avatar\/68cfafa5f44617fea54071e215026e0ff06be366c3d54a8425f04fdcb86f8c5f?s=96&d=mm&r=g","caption":"@sscc"},"url":"https:\/\/www.padreeustaquio.com.br\/es\/author\/sscc\/"}]}},"_links":{"self":[{"href":"https:\/\/www.padreeustaquio.com.br\/es\/wp-json\/wp\/v2\/posts\/10399","targetHints":{"allow":["GET"]}}],"collection":[{"href":"https:\/\/www.padreeustaquio.com.br\/es\/wp-json\/wp\/v2\/posts"}],"about":[{"href":"https:\/\/www.padreeustaquio.com.br\/es\/wp-json\/wp\/v2\/types\/post"}],"author":[{"embeddable":true,"href":"https:\/\/www.padreeustaquio.com.br\/es\/wp-json\/wp\/v2\/users\/2"}],"replies":[{"embeddable":true,"href":"https:\/\/www.padreeustaquio.com.br\/es\/wp-json\/wp\/v2\/comments?post=10399"}],"version-history":[{"count":0,"href":"https:\/\/www.padreeustaquio.com.br\/es\/wp-json\/wp\/v2\/posts\/10399\/revisions"}],"wp:featuredmedia":[{"embeddable":true,"href":"https:\/\/www.padreeustaquio.com.br\/es\/wp-json\/wp\/v2\/media\/10400"}],"wp:attachment":[{"href":"https:\/\/www.padreeustaquio.com.br\/es\/wp-json\/wp\/v2\/media?parent=10399"}],"wp:term":[{"taxonomy":"category","embeddable":true,"href":"https:\/\/www.padreeustaquio.com.br\/es\/wp-json\/wp\/v2\/categories?post=10399"},{"taxonomy":"post_tag","embeddable":true,"href":"https:\/\/www.padreeustaquio.com.br\/es\/wp-json\/wp\/v2\/tags?post=10399"}],"curies":[{"name":"wp","href":"https:\/\/api.w.org\/{rel}","templated":true}]}}