{"id":10396,"date":"2023-05-17T08:32:00","date_gmt":"2023-05-17T11:32:00","guid":{"rendered":"https:\/\/www.padreeustaquio.com.br\/?p=10396"},"modified":"2023-05-16T10:39:05","modified_gmt":"2023-05-16T13:39:05","slug":"en-palabras-del-bienaventurado-estamos-llamados-a-servir-a-dios-y-al-projimo","status":"publish","type":"post","link":"https:\/\/www.padreeustaquio.com.br\/es\/en-palabras-del-bienaventurado-estamos-llamados-a-servir-a-dios-y-al-projimo\/","title":{"rendered":"Palabras del Sant\u00edsimo: estamos llamados a servir a Dios y al pr\u00f3jimo."},"content":{"rendered":"<p>Dios nos llama a cada instante. Quiere vernos participando en su obra, sirviendo y siendo obreros activos aqu\u00ed en la tierra.<\/p>\n\n\n\n<p>El Padre Eust\u00e1quio siempre vivi\u00f3 intensamente este llamado de Dios, dedic\u00e1ndose por completo al servicio de la Iglesia y del pr\u00f3jimo. Sobre este tema, escribi\u00f3 el siguiente texto:<\/p>\n\n\n\n<p><em>\u201c&quot;No s\u00f3lo debemos servir al Se\u00f1or nuestro Dios, sino que siempre podemos servir de alguna manera, incluso de las maneras m\u00e1s oscuras de todas.&quot;.<\/em><\/p>\n\n\n\n<p><em>S\u00ed, queridos hermanos, la mies es mucha, hay espacio y trabajo de sobra para todos, y s\u00f3lo depende de nuestra buena voluntad y celo realizar cualquier cosa, incluso la m\u00e1s humilde y sencilla tarea, en favor de la santa causa de Dios.<\/em><\/p>\n\n\n\n<p><em>Nada hay m\u00e1s digno, honorable ni justo que todos, sin excepci\u00f3n, seamos trabajadores activos y contentos en el servicio de la gloria del Se\u00f1or y del bien del pr\u00f3jimo, lo cual est\u00e1 a nuestro alcance y poder, pues absolutamente nada, dentro o fuera de nosotros mismos, podr\u00e1 jam\u00e1s imped\u00edrnoslo si verdaderamente queremos dedicar nuestros humildes esfuerzos a la m\u00e1s alta y principal de todas las obligaciones humanas.<\/em><\/p>\n\n\n\n<p><em>\u00bfQui\u00e9n, en efecto, entre nosotros puede considerarse exento de este primer y excelent\u00edsimo deber, cuyo cumplimiento redunda tambi\u00e9n en la salvaci\u00f3n de nuestra propia alma, que es el mayor bien personal del hombre?<\/em><\/p>\n\n\n\n<p><em>As\u00ed pues, se abordan los dos temas principales para el hombre en este mundo: la obligaci\u00f3n de servir a Dios, en primer lugar, y, en segundo lugar, la de salvar la propia alma o la del pr\u00f3jimo, con la ventaja a\u00f1adida de que, entregado a estas nobles tareas, el hombre goza del mayor bien interior y queda, por decirlo as\u00ed, libre de los males externos, porque ninguna defensa es tan poderosa como la armadura de la virtud fundada en Dios, Nuestro Se\u00f1or.<\/em><\/p>\n\n\n\n<p><em>Ya lo afirmaba el Divino Maestro en el Santo Evangelio: \u201cUna sola cosa es necesaria, porque, en efecto, todas las dem\u00e1s, por las que los hombres se afanan y son tan hostiles, no a\u00f1aden absolutamente ning\u00fan valor nuevo al hombre, sino que, por el contrario, tienden a desfigurarlo, haci\u00e9ndolo pose\u00eddo y no poseedor, tan grandes y graves son los riesgos y las trampas de las riquezas, de las posiciones y de las vanidades humanas\u201d.\u201d<\/em><\/p>\n\n\n\n<p><\/p>\n\n\n\n<p><strong>Texto tomado del Bolet\u00edn Parroquial Sagrados Corazones, de 1950\/1952.<\/strong><\/p>","protected":false},"excerpt":{"rendered":"<p>Deus nos chama a todo momento. Ele quer nos ver fazendo parte das obras Dele, servindo e sendo oper\u00e1rios ativos aqui na terra. Padre Eust\u00e1quio sempre viveu com intensidade esse chamado de Deus, se entregando inteiramente ao servi\u00e7o \u00e0 Igreja e ao pr\u00f3ximo. Sobre esse tema, ele escreveu o seguinte texto: \u201cAo Senhor Nosso Deus, n\u00e3o s\u00f3 devemos, mas, sempre podemos de algum modo, servir, ainda que pela forma mais ignorada de todas. Sim, caros irm\u00e3os, a messe \u00e9 grande, h\u00e1 lugar e servi\u00e7o demais para todos, dependendo apenas de nossa boa vontade e zelo realizar qualquer coisa, at\u00e9 a [&hellip;]<\/p>\n","protected":false},"author":2,"featured_media":10397,"comment_status":"open","ping_status":"closed","sticky":false,"template":"","format":"standard","meta":{"_acf_changed":false,"footnotes":""},"categories":[611],"tags":[],"class_list":["post-10396","post","type-post","status-publish","format-standard","has-post-thumbnail","hentry","category-noticias"],"acf":[],"yoast_head":"<!-- This site is optimized with the Yoast SEO plugin v27.2 - https:\/\/yoast.com\/product\/yoast-seo-wordpress\/ -->\n<title>Palavra do Beato: somos chamados a servir a Deus e ao pr\u00f3ximo<\/title>\n<meta name=\"description\" content=\"Deus nos chama a todo momento. Ele quer nos ver fazendo parte das obras Dele, servindo e sendo oper\u00e1rios ativos aqui na terra.Padre Eust\u00e1quio sempre viveu com intensidade esse chamado de Deus, se entregando inteiramente ao servi\u00e7o \u00e0 Igreja e ao pr\u00f3ximo. Sobre esse tema, ele escreveu o seguinte texto:\" \/>\n<meta name=\"robots\" content=\"index, follow, max-snippet:-1, max-image-preview:large, max-video-preview:-1\" \/>\n<link rel=\"canonical\" href=\"https:\/\/www.padreeustaquio.com.br\/es\/en-palabras-del-bienaventurado-estamos-llamados-a-servir-a-dios-y-al-projimo\/\" \/>\n<meta property=\"og:locale\" content=\"es_ES\" \/>\n<meta property=\"og:type\" content=\"article\" \/>\n<meta property=\"og:title\" content=\"Palavra do Beato: somos chamados a servir a Deus e ao pr\u00f3ximo\" \/>\n<meta property=\"og:description\" content=\"Deus nos chama a todo momento. Ele quer nos ver fazendo parte das obras Dele, servindo e sendo oper\u00e1rios ativos aqui na terra.Padre Eust\u00e1quio sempre viveu com intensidade esse chamado de Deus, se entregando inteiramente ao servi\u00e7o \u00e0 Igreja e ao pr\u00f3ximo. Sobre esse tema, ele escreveu o seguinte texto:\" \/>\n<meta property=\"og:url\" content=\"https:\/\/www.padreeustaquio.com.br\/es\/en-palabras-del-bienaventurado-estamos-llamados-a-servir-a-dios-y-al-projimo\/\" \/>\n<meta property=\"og:site_name\" content=\"Padre Eust\u00e1quio\" \/>\n<meta property=\"article:publisher\" content=\"https:\/\/www.facebook.com\/beatopadreeustaquio\/\" \/>\n<meta property=\"article:published_time\" content=\"2023-05-17T11:32:00+00:00\" \/>\n<meta property=\"og:image\" content=\"https:\/\/www.padreeustaquio.com.br\/wp-content\/uploads\/2023\/05\/WhatsApp-Image-2023-05-03-at-17.27.40.jpeg\" \/>\n\t<meta property=\"og:image:width\" content=\"1600\" \/>\n\t<meta property=\"og:image:height\" content=\"1105\" \/>\n\t<meta property=\"og:image:type\" content=\"image\/jpeg\" \/>\n<meta name=\"author\" content=\"@sscc\" \/>\n<meta name=\"twitter:card\" content=\"summary_large_image\" \/>\n<meta name=\"twitter:creator\" content=\"@beatopeustaquio\" \/>\n<meta name=\"twitter:site\" content=\"@beatopeustaquio\" \/>\n<meta name=\"twitter:label1\" content=\"Escrito por\" \/>\n\t<meta name=\"twitter:data1\" content=\"@sscc\" \/>\n\t<meta name=\"twitter:label2\" content=\"Tiempo de lectura\" \/>\n\t<meta name=\"twitter:data2\" content=\"3 minutos\" \/>\n<script type=\"application\/ld+json\" class=\"yoast-schema-graph\">{\"@context\":\"https:\/\/schema.org\",\"@graph\":[{\"@type\":\"Article\",\"@id\":\"https:\/\/www.padreeustaquio.com.br\/palavra-do-beato-somos-chamados-a-servir-a-deus-e-ao-proximo\/#article\",\"isPartOf\":{\"@id\":\"https:\/\/www.padreeustaquio.com.br\/palavra-do-beato-somos-chamados-a-servir-a-deus-e-ao-proximo\/\"},\"author\":{\"name\":\"@sscc\",\"@id\":\"https:\/\/www.padreeustaquio.com.br\/#\/schema\/person\/a2a51db1d00f1a7af0204a0f1ddb1566\"},\"headline\":\"Palavra do Beato: somos chamados a servir a Deus e ao pr\u00f3ximo\",\"datePublished\":\"2023-05-17T11:32:00+00:00\",\"mainEntityOfPage\":{\"@id\":\"https:\/\/www.padreeustaquio.com.br\/palavra-do-beato-somos-chamados-a-servir-a-deus-e-ao-proximo\/\"},\"wordCount\":406,\"commentCount\":0,\"publisher\":{\"@id\":\"https:\/\/www.padreeustaquio.com.br\/#organization\"},\"image\":{\"@id\":\"https:\/\/www.padreeustaquio.com.br\/palavra-do-beato-somos-chamados-a-servir-a-deus-e-ao-proximo\/#primaryimage\"},\"thumbnailUrl\":\"https:\/\/www.padreeustaquio.com.br\/wp-content\/uploads\/2023\/05\/WhatsApp-Image-2023-05-03-at-17.27.40.jpeg\",\"articleSection\":[\"Not\u00edcias\"],\"inLanguage\":\"es\",\"potentialAction\":[{\"@type\":\"CommentAction\",\"name\":\"Comment\",\"target\":[\"https:\/\/www.padreeustaquio.com.br\/palavra-do-beato-somos-chamados-a-servir-a-deus-e-ao-proximo\/#respond\"]}]},{\"@type\":\"WebPage\",\"@id\":\"https:\/\/www.padreeustaquio.com.br\/palavra-do-beato-somos-chamados-a-servir-a-deus-e-ao-proximo\/\",\"url\":\"https:\/\/www.padreeustaquio.com.br\/palavra-do-beato-somos-chamados-a-servir-a-deus-e-ao-proximo\/\",\"name\":\"Palavra do Beato: somos chamados a servir a Deus e ao pr\u00f3ximo\",\"isPartOf\":{\"@id\":\"https:\/\/www.padreeustaquio.com.br\/#website\"},\"primaryImageOfPage\":{\"@id\":\"https:\/\/www.padreeustaquio.com.br\/palavra-do-beato-somos-chamados-a-servir-a-deus-e-ao-proximo\/#primaryimage\"},\"image\":{\"@id\":\"https:\/\/www.padreeustaquio.com.br\/palavra-do-beato-somos-chamados-a-servir-a-deus-e-ao-proximo\/#primaryimage\"},\"thumbnailUrl\":\"https:\/\/www.padreeustaquio.com.br\/wp-content\/uploads\/2023\/05\/WhatsApp-Image-2023-05-03-at-17.27.40.jpeg\",\"datePublished\":\"2023-05-17T11:32:00+00:00\",\"description\":\"Deus nos chama a todo momento. Ele quer nos ver fazendo parte das obras Dele, servindo e sendo oper\u00e1rios ativos aqui na terra.Padre Eust\u00e1quio sempre viveu com intensidade esse chamado de Deus, se entregando inteiramente ao servi\u00e7o \u00e0 Igreja e ao pr\u00f3ximo. Sobre esse tema, ele escreveu o seguinte texto:\",\"breadcrumb\":{\"@id\":\"https:\/\/www.padreeustaquio.com.br\/palavra-do-beato-somos-chamados-a-servir-a-deus-e-ao-proximo\/#breadcrumb\"},\"inLanguage\":\"es\",\"potentialAction\":[{\"@type\":\"ReadAction\",\"target\":[\"https:\/\/www.padreeustaquio.com.br\/palavra-do-beato-somos-chamados-a-servir-a-deus-e-ao-proximo\/\"]}]},{\"@type\":\"ImageObject\",\"inLanguage\":\"es\",\"@id\":\"https:\/\/www.padreeustaquio.com.br\/palavra-do-beato-somos-chamados-a-servir-a-deus-e-ao-proximo\/#primaryimage\",\"url\":\"https:\/\/www.padreeustaquio.com.br\/wp-content\/uploads\/2023\/05\/WhatsApp-Image-2023-05-03-at-17.27.40.jpeg\",\"contentUrl\":\"https:\/\/www.padreeustaquio.com.br\/wp-content\/uploads\/2023\/05\/WhatsApp-Image-2023-05-03-at-17.27.40.jpeg\",\"width\":1600,\"height\":1105},{\"@type\":\"BreadcrumbList\",\"@id\":\"https:\/\/www.padreeustaquio.com.br\/palavra-do-beato-somos-chamados-a-servir-a-deus-e-ao-proximo\/#breadcrumb\",\"itemListElement\":[{\"@type\":\"ListItem\",\"position\":1,\"name\":\"In\u00edcio\",\"item\":\"https:\/\/www.padreeustaquio.com.br\/\"},{\"@type\":\"ListItem\",\"position\":2,\"name\":\"Palavra do Beato: somos chamados a servir a Deus e ao pr\u00f3ximo\"}]},{\"@type\":\"WebSite\",\"@id\":\"https:\/\/www.padreeustaquio.com.br\/#website\",\"url\":\"https:\/\/www.padreeustaquio.com.br\/\",\"name\":\"Padre Eust\u00e1quio\",\"description\":\"Sa\u00fade e Paz\",\"publisher\":{\"@id\":\"https:\/\/www.padreeustaquio.com.br\/#organization\"},\"potentialAction\":[{\"@type\":\"SearchAction\",\"target\":{\"@type\":\"EntryPoint\",\"urlTemplate\":\"https:\/\/www.padreeustaquio.com.br\/?s={search_term_string}\"},\"query-input\":{\"@type\":\"PropertyValueSpecification\",\"valueRequired\":true,\"valueName\":\"search_term_string\"}}],\"inLanguage\":\"es\"},{\"@type\":\"Organization\",\"@id\":\"https:\/\/www.padreeustaquio.com.br\/#organization\",\"name\":\"Padre Eust\u00e1quio\",\"url\":\"https:\/\/www.padreeustaquio.com.br\/\",\"logo\":{\"@type\":\"ImageObject\",\"inLanguage\":\"es\",\"@id\":\"https:\/\/www.padreeustaquio.com.br\/#\/schema\/logo\/image\/\",\"url\":\"https:\/\/www.padreeustaquio.com.br\/wp-content\/uploads\/2019\/08\/marca.png\",\"contentUrl\":\"https:\/\/www.padreeustaquio.com.br\/wp-content\/uploads\/2019\/08\/marca.png\",\"width\":350,\"height\":400,\"caption\":\"Padre Eust\u00e1quio\"},\"image\":{\"@id\":\"https:\/\/www.padreeustaquio.com.br\/#\/schema\/logo\/image\/\"},\"sameAs\":[\"https:\/\/www.facebook.com\/beatopadreeustaquio\/\",\"https:\/\/x.com\/beatopeustaquio\",\"https:\/\/www.instagram.com\/beatopadreeustaquio\/\",\"https:\/\/www.youtube.com\/channel\/UCRhw7vfabnajwLxb1ZXMeIw\"]},{\"@type\":\"Person\",\"@id\":\"https:\/\/www.padreeustaquio.com.br\/#\/schema\/person\/a2a51db1d00f1a7af0204a0f1ddb1566\",\"name\":\"@sscc\",\"image\":{\"@type\":\"ImageObject\",\"inLanguage\":\"es\",\"@id\":\"https:\/\/secure.gravatar.com\/avatar\/68cfafa5f44617fea54071e215026e0ff06be366c3d54a8425f04fdcb86f8c5f?s=96&d=mm&r=g\",\"url\":\"https:\/\/secure.gravatar.com\/avatar\/68cfafa5f44617fea54071e215026e0ff06be366c3d54a8425f04fdcb86f8c5f?s=96&d=mm&r=g\",\"contentUrl\":\"https:\/\/secure.gravatar.com\/avatar\/68cfafa5f44617fea54071e215026e0ff06be366c3d54a8425f04fdcb86f8c5f?s=96&d=mm&r=g\",\"caption\":\"@sscc\"},\"url\":\"https:\/\/www.padreeustaquio.com.br\/es\/author\/sscc\/\"}]}<\/script>\n<!-- \/ Yoast SEO plugin. -->","yoast_head_json":{"title":"Palabras del Sant\u00edsimo: estamos llamados a servir a Dios y al pr\u00f3jimo.","description":"Dios nos llama a cada instante. Quiere vernos participando en su obra, sirviendo y siendo trabajadores activos aqu\u00ed en la tierra. El Padre Eust\u00e1quio siempre vivi\u00f3 intensamente este llamado de Dios, dedic\u00e1ndose por completo al servicio de la Iglesia y al pr\u00f3jimo. Sobre este tema, escribi\u00f3 el siguiente texto:","robots":{"index":"index","follow":"follow","max-snippet":"max-snippet:-1","max-image-preview":"max-image-preview:large","max-video-preview":"max-video-preview:-1"},"canonical":"https:\/\/www.padreeustaquio.com.br\/es\/en-palabras-del-bienaventurado-estamos-llamados-a-servir-a-dios-y-al-projimo\/","og_locale":"es_ES","og_type":"article","og_title":"Palavra do Beato: somos chamados a servir a Deus e ao pr\u00f3ximo","og_description":"Deus nos chama a todo momento. Ele quer nos ver fazendo parte das obras Dele, servindo e sendo oper\u00e1rios ativos aqui na terra.Padre Eust\u00e1quio sempre viveu com intensidade esse chamado de Deus, se entregando inteiramente ao servi\u00e7o \u00e0 Igreja e ao pr\u00f3ximo. Sobre esse tema, ele escreveu o seguinte texto:","og_url":"https:\/\/www.padreeustaquio.com.br\/es\/en-palabras-del-bienaventurado-estamos-llamados-a-servir-a-dios-y-al-projimo\/","og_site_name":"Padre Eust\u00e1quio","article_publisher":"https:\/\/www.facebook.com\/beatopadreeustaquio\/","article_published_time":"2023-05-17T11:32:00+00:00","og_image":[{"width":1600,"height":1105,"url":"https:\/\/www.padreeustaquio.com.br\/wp-content\/uploads\/2023\/05\/WhatsApp-Image-2023-05-03-at-17.27.40.jpeg","type":"image\/jpeg"}],"author":"@sscc","twitter_card":"summary_large_image","twitter_creator":"@beatopeustaquio","twitter_site":"@beatopeustaquio","twitter_misc":{"Escrito por":"@sscc","Tiempo de lectura":"3 minutos"},"schema":{"@context":"https:\/\/schema.org","@graph":[{"@type":"Article","@id":"https:\/\/www.padreeustaquio.com.br\/palavra-do-beato-somos-chamados-a-servir-a-deus-e-ao-proximo\/#article","isPartOf":{"@id":"https:\/\/www.padreeustaquio.com.br\/palavra-do-beato-somos-chamados-a-servir-a-deus-e-ao-proximo\/"},"author":{"name":"@sscc","@id":"https:\/\/www.padreeustaquio.com.br\/#\/schema\/person\/a2a51db1d00f1a7af0204a0f1ddb1566"},"headline":"Palavra do Beato: somos chamados a servir a Deus e ao pr\u00f3ximo","datePublished":"2023-05-17T11:32:00+00:00","mainEntityOfPage":{"@id":"https:\/\/www.padreeustaquio.com.br\/palavra-do-beato-somos-chamados-a-servir-a-deus-e-ao-proximo\/"},"wordCount":406,"commentCount":0,"publisher":{"@id":"https:\/\/www.padreeustaquio.com.br\/#organization"},"image":{"@id":"https:\/\/www.padreeustaquio.com.br\/palavra-do-beato-somos-chamados-a-servir-a-deus-e-ao-proximo\/#primaryimage"},"thumbnailUrl":"https:\/\/www.padreeustaquio.com.br\/wp-content\/uploads\/2023\/05\/WhatsApp-Image-2023-05-03-at-17.27.40.jpeg","articleSection":["Not\u00edcias"],"inLanguage":"es","potentialAction":[{"@type":"CommentAction","name":"Comment","target":["https:\/\/www.padreeustaquio.com.br\/palavra-do-beato-somos-chamados-a-servir-a-deus-e-ao-proximo\/#respond"]}]},{"@type":"WebPage","@id":"https:\/\/www.padreeustaquio.com.br\/palavra-do-beato-somos-chamados-a-servir-a-deus-e-ao-proximo\/","url":"https:\/\/www.padreeustaquio.com.br\/palavra-do-beato-somos-chamados-a-servir-a-deus-e-ao-proximo\/","name":"Palabras del Sant\u00edsimo: estamos llamados a servir a Dios y al pr\u00f3jimo.","isPartOf":{"@id":"https:\/\/www.padreeustaquio.com.br\/#website"},"primaryImageOfPage":{"@id":"https:\/\/www.padreeustaquio.com.br\/palavra-do-beato-somos-chamados-a-servir-a-deus-e-ao-proximo\/#primaryimage"},"image":{"@id":"https:\/\/www.padreeustaquio.com.br\/palavra-do-beato-somos-chamados-a-servir-a-deus-e-ao-proximo\/#primaryimage"},"thumbnailUrl":"https:\/\/www.padreeustaquio.com.br\/wp-content\/uploads\/2023\/05\/WhatsApp-Image-2023-05-03-at-17.27.40.jpeg","datePublished":"2023-05-17T11:32:00+00:00","description":"Dios nos llama a cada instante. Quiere vernos participando en su obra, sirviendo y siendo trabajadores activos aqu\u00ed en la tierra. El Padre Eust\u00e1quio siempre vivi\u00f3 intensamente este llamado de Dios, dedic\u00e1ndose por completo al servicio de la Iglesia y al pr\u00f3jimo. Sobre este tema, escribi\u00f3 el siguiente texto:","breadcrumb":{"@id":"https:\/\/www.padreeustaquio.com.br\/palavra-do-beato-somos-chamados-a-servir-a-deus-e-ao-proximo\/#breadcrumb"},"inLanguage":"es","potentialAction":[{"@type":"ReadAction","target":["https:\/\/www.padreeustaquio.com.br\/palavra-do-beato-somos-chamados-a-servir-a-deus-e-ao-proximo\/"]}]},{"@type":"ImageObject","inLanguage":"es","@id":"https:\/\/www.padreeustaquio.com.br\/palavra-do-beato-somos-chamados-a-servir-a-deus-e-ao-proximo\/#primaryimage","url":"https:\/\/www.padreeustaquio.com.br\/wp-content\/uploads\/2023\/05\/WhatsApp-Image-2023-05-03-at-17.27.40.jpeg","contentUrl":"https:\/\/www.padreeustaquio.com.br\/wp-content\/uploads\/2023\/05\/WhatsApp-Image-2023-05-03-at-17.27.40.jpeg","width":1600,"height":1105},{"@type":"BreadcrumbList","@id":"https:\/\/www.padreeustaquio.com.br\/palavra-do-beato-somos-chamados-a-servir-a-deus-e-ao-proximo\/#breadcrumb","itemListElement":[{"@type":"ListItem","position":1,"name":"In\u00edcio","item":"https:\/\/www.padreeustaquio.com.br\/"},{"@type":"ListItem","position":2,"name":"Palavra do Beato: somos chamados a servir a Deus e ao pr\u00f3ximo"}]},{"@type":"WebSite","@id":"https:\/\/www.padreeustaquio.com.br\/#website","url":"https:\/\/www.padreeustaquio.com.br\/","name":"Padre Eustace","description":"Salud y Paz","publisher":{"@id":"https:\/\/www.padreeustaquio.com.br\/#organization"},"potentialAction":[{"@type":"SearchAction","target":{"@type":"EntryPoint","urlTemplate":"https:\/\/www.padreeustaquio.com.br\/?s={search_term_string}"},"query-input":{"@type":"PropertyValueSpecification","valueRequired":true,"valueName":"search_term_string"}}],"inLanguage":"es"},{"@type":"Organization","@id":"https:\/\/www.padreeustaquio.com.br\/#organization","name":"Padre Eustace","url":"https:\/\/www.padreeustaquio.com.br\/","logo":{"@type":"ImageObject","inLanguage":"es","@id":"https:\/\/www.padreeustaquio.com.br\/#\/schema\/logo\/image\/","url":"https:\/\/www.padreeustaquio.com.br\/wp-content\/uploads\/2019\/08\/marca.png","contentUrl":"https:\/\/www.padreeustaquio.com.br\/wp-content\/uploads\/2019\/08\/marca.png","width":350,"height":400,"caption":"Padre Eust\u00e1quio"},"image":{"@id":"https:\/\/www.padreeustaquio.com.br\/#\/schema\/logo\/image\/"},"sameAs":["https:\/\/www.facebook.com\/beatopadreeustaquio\/","https:\/\/x.com\/beatopeustaquio","https:\/\/www.instagram.com\/beatopadreeustaquio\/","https:\/\/www.youtube.com\/channel\/UCRhw7vfabnajwLxb1ZXMeIw"]},{"@type":"Person","@id":"https:\/\/www.padreeustaquio.com.br\/#\/schema\/person\/a2a51db1d00f1a7af0204a0f1ddb1566","name":"@sscc","image":{"@type":"ImageObject","inLanguage":"es","@id":"https:\/\/secure.gravatar.com\/avatar\/68cfafa5f44617fea54071e215026e0ff06be366c3d54a8425f04fdcb86f8c5f?s=96&d=mm&r=g","url":"https:\/\/secure.gravatar.com\/avatar\/68cfafa5f44617fea54071e215026e0ff06be366c3d54a8425f04fdcb86f8c5f?s=96&d=mm&r=g","contentUrl":"https:\/\/secure.gravatar.com\/avatar\/68cfafa5f44617fea54071e215026e0ff06be366c3d54a8425f04fdcb86f8c5f?s=96&d=mm&r=g","caption":"@sscc"},"url":"https:\/\/www.padreeustaquio.com.br\/es\/author\/sscc\/"}]}},"_links":{"self":[{"href":"https:\/\/www.padreeustaquio.com.br\/es\/wp-json\/wp\/v2\/posts\/10396","targetHints":{"allow":["GET"]}}],"collection":[{"href":"https:\/\/www.padreeustaquio.com.br\/es\/wp-json\/wp\/v2\/posts"}],"about":[{"href":"https:\/\/www.padreeustaquio.com.br\/es\/wp-json\/wp\/v2\/types\/post"}],"author":[{"embeddable":true,"href":"https:\/\/www.padreeustaquio.com.br\/es\/wp-json\/wp\/v2\/users\/2"}],"replies":[{"embeddable":true,"href":"https:\/\/www.padreeustaquio.com.br\/es\/wp-json\/wp\/v2\/comments?post=10396"}],"version-history":[{"count":0,"href":"https:\/\/www.padreeustaquio.com.br\/es\/wp-json\/wp\/v2\/posts\/10396\/revisions"}],"wp:featuredmedia":[{"embeddable":true,"href":"https:\/\/www.padreeustaquio.com.br\/es\/wp-json\/wp\/v2\/media\/10397"}],"wp:attachment":[{"href":"https:\/\/www.padreeustaquio.com.br\/es\/wp-json\/wp\/v2\/media?parent=10396"}],"wp:term":[{"taxonomy":"category","embeddable":true,"href":"https:\/\/www.padreeustaquio.com.br\/es\/wp-json\/wp\/v2\/categories?post=10396"},{"taxonomy":"post_tag","embeddable":true,"href":"https:\/\/www.padreeustaquio.com.br\/es\/wp-json\/wp\/v2\/tags?post=10396"}],"curies":[{"name":"wp","href":"https:\/\/api.w.org\/{rel}","templated":true}]}}