{"id":10382,"date":"2023-05-15T09:24:30","date_gmt":"2023-05-15T12:24:30","guid":{"rendered":"https:\/\/www.padreeustaquio.com.br\/?p=10382"},"modified":"2023-05-15T09:25:26","modified_gmt":"2023-05-15T12:25:26","slug":"fin-de-semana-de-homenajes-a-nuestra-senora-en-la-iglesia-del-padre-eustaquio","status":"publish","type":"post","link":"https:\/\/www.padreeustaquio.com.br\/es\/fin-de-semana-de-homenajes-a-nuestra-senora-en-la-iglesia-del-padre-eustaquio\/","title":{"rendered":"Fin de semana de homenajes a Nuestra Se\u00f1ora en la Iglesia del Padre Eust\u00e1quio"},"content":{"rendered":"<p>El s\u00e1bado y el domingo, varias coronaciones marcaron las celebraciones en honor a la Madre de Dios y a nuestra Madre en el Santuario Arquidiocesano de Salud y Paz en Belo Horizonte, Minas Gerais. La iglesia estuvo repleta durante todas las misas, y todos estaban invitados a participar en las festividades.<\/p>\n\n\n<div class=\"wp-block-image\">\n<figure class=\"alignleft size-medium is-resized\"><img fetchpriority=\"high\" decoding=\"async\" src=\"https:\/\/www.padreeustaquio.com.br\/wp-content\/uploads\/2023\/05\/procissao-de-fatima-2023-300x169.jpeg\" alt=\"\" class=\"wp-image-10385\" width=\"413\" height=\"233\" srcset=\"https:\/\/www.padreeustaquio.com.br\/wp-content\/uploads\/2023\/05\/procissao-de-fatima-2023-300x169.jpeg 300w, https:\/\/www.padreeustaquio.com.br\/wp-content\/uploads\/2023\/05\/procissao-de-fatima-2023-1024x576.jpeg 1024w, https:\/\/www.padreeustaquio.com.br\/wp-content\/uploads\/2023\/05\/procissao-de-fatima-2023-768x432.jpeg 768w, https:\/\/www.padreeustaquio.com.br\/wp-content\/uploads\/2023\/05\/procissao-de-fatima-2023-1536x864.jpeg 1536w, https:\/\/www.padreeustaquio.com.br\/wp-content\/uploads\/2023\/05\/procissao-de-fatima-2023-400x225.jpeg 400w, https:\/\/www.padreeustaquio.com.br\/wp-content\/uploads\/2023\/05\/procissao-de-fatima-2023-600x338.jpeg 600w, https:\/\/www.padreeustaquio.com.br\/wp-content\/uploads\/2023\/05\/procissao-de-fatima-2023-800x450.jpeg 800w, https:\/\/www.padreeustaquio.com.br\/wp-content\/uploads\/2023\/05\/procissao-de-fatima-2023-1200x675.jpeg 1200w, https:\/\/www.padreeustaquio.com.br\/wp-content\/uploads\/2023\/05\/procissao-de-fatima-2023.jpeg 1600w\" sizes=\"(max-width: 413px) 100vw, 413px\" \/><\/figure>\n<\/div>\n\n\n<p>El s\u00e1bado 13 de mayo, d\u00eda de Nuestra Se\u00f1ora de F\u00e1tima, la Santa Misa de las 17:00, presidida por el Padre Alexandre Campos Leite, SSCC, reuni\u00f3 a cientos de devotos en el Santuario. Tras la misa, se realiz\u00f3 una procesi\u00f3n con velas por las calles del barrio.<\/p>\n\n\n<div class=\"wp-block-image\">\n<figure class=\"alignright size-medium\"><img decoding=\"async\" width=\"225\" height=\"300\" src=\"https:\/\/www.padreeustaquio.com.br\/wp-content\/uploads\/2023\/05\/dona-neusa-coroando-225x300.jpeg\" alt=\"\" class=\"wp-image-10387\" srcset=\"https:\/\/www.padreeustaquio.com.br\/wp-content\/uploads\/2023\/05\/dona-neusa-coroando-225x300.jpeg 225w, https:\/\/www.padreeustaquio.com.br\/wp-content\/uploads\/2023\/05\/dona-neusa-coroando.jpeg 768w\" sizes=\"(max-width: 225px) 100vw, 225px\" \/><\/figure>\n<\/div>\n\n\n<p>El domingo, todas las misas incluyeron la coronaci\u00f3n de Nuestra Se\u00f1ora. Ni\u00f1os de Catecismo, del grupo de la Infancia Misionera y participantes de otros movimientos vinculados a la Iglesia del Padre Eust\u00e1quio ofrecieron sus homenajes a nuestra querida madre. En los servicios de las 8:30, 10:00 y 19:00, algunas madres de la comunidad representaron a todas las madres en la coronaci\u00f3n de la imagen de Nuestra Se\u00f1ora.<\/p>\n\n\n\n<p>La idea es que los pr\u00f3ximos fines de semana de mayo se realicen otras coronaciones y homenajes a la figura de Mar\u00eda en el Santuario Arquidiocesano de Salud y Paz.<\/p>\n\n\n\n<p><\/p>","protected":false},"excerpt":{"rendered":"<p>No s\u00e1bado e no domingo, v\u00e1rias coroa\u00e7\u00f5es marcaram as homenagens \u00e0 M\u00e3e de Deus e nossa m\u00e3e no Santu\u00e1rio Arquidiocesano da Sa\u00fade e da Paz, em Belo Horizonte-MG. Em todas as missas, a igreja ficou cheia e todos foram convidados a participar das comemora\u00e7\u00f5es. No s\u00e1bado, 13 de maio, dia de Nossa Senhora de F\u00e1tima, a Santa Missa das 17h, presidida pelo padre Alexandre Campos Leite, SSCC, reuniu centenas de devotos no Santu\u00e1rio. Ap\u00f3s a missa, houve a prociss\u00e3o luminosa pelas ruas do bairro. J\u00e1 no domingo, todas as missas contaram com a coroa\u00e7\u00e3o de Nossa Senhora. Crian\u00e7as da Catequese, [&hellip;]<\/p>\n","protected":false},"author":2,"featured_media":10384,"comment_status":"open","ping_status":"closed","sticky":false,"template":"","format":"standard","meta":{"_acf_changed":false,"footnotes":""},"categories":[611],"tags":[],"class_list":["post-10382","post","type-post","status-publish","format-standard","has-post-thumbnail","hentry","category-noticias"],"acf":[],"yoast_head":"<!-- This site is optimized with the Yoast SEO plugin v27.2 - https:\/\/yoast.com\/product\/yoast-seo-wordpress\/ -->\n<title>Fim de semana de homenagens \u00e0 Nossa Senhora na Igreja do Padre Eust\u00e1quio<\/title>\n<meta name=\"description\" content=\"No s\u00e1bado e no domingo, v\u00e1rias coroa\u00e7\u00f5es marcaram as homenagens \u00e0 M\u00e3e de Deus e nossa m\u00e3e no Santu\u00e1rio Arquidiocesano da Sa\u00fade e da Paz, em Belo Horizonte-MG. Em todas as missas, a igreja ficou cheia e todos foram convidados a participar das comemora\u00e7\u00f5es.\" \/>\n<meta name=\"robots\" content=\"index, follow, max-snippet:-1, max-image-preview:large, max-video-preview:-1\" \/>\n<link rel=\"canonical\" href=\"https:\/\/www.padreeustaquio.com.br\/es\/fin-de-semana-de-homenajes-a-nuestra-senora-en-la-iglesia-del-padre-eustaquio\/\" \/>\n<meta property=\"og:locale\" content=\"es_ES\" \/>\n<meta property=\"og:type\" content=\"article\" \/>\n<meta property=\"og:title\" content=\"Fim de semana de homenagens \u00e0 Nossa Senhora na Igreja do Padre Eust\u00e1quio\" \/>\n<meta property=\"og:description\" content=\"No s\u00e1bado e no domingo, v\u00e1rias coroa\u00e7\u00f5es marcaram as homenagens \u00e0 M\u00e3e de Deus e nossa m\u00e3e no Santu\u00e1rio Arquidiocesano da Sa\u00fade e da Paz, em Belo Horizonte-MG. Em todas as missas, a igreja ficou cheia e todos foram convidados a participar das comemora\u00e7\u00f5es.\" \/>\n<meta property=\"og:url\" content=\"https:\/\/www.padreeustaquio.com.br\/es\/fin-de-semana-de-homenajes-a-nuestra-senora-en-la-iglesia-del-padre-eustaquio\/\" \/>\n<meta property=\"og:site_name\" content=\"Padre Eust\u00e1quio\" \/>\n<meta property=\"article:publisher\" content=\"https:\/\/www.facebook.com\/beatopadreeustaquio\/\" \/>\n<meta property=\"article:published_time\" content=\"2023-05-15T12:24:30+00:00\" \/>\n<meta property=\"article:modified_time\" content=\"2023-05-15T12:25:26+00:00\" \/>\n<meta property=\"og:image\" content=\"https:\/\/www.padreeustaquio.com.br\/wp-content\/uploads\/2023\/05\/coroacao-nsa-senhora.jpeg\" \/>\n\t<meta property=\"og:image:width\" content=\"1600\" \/>\n\t<meta property=\"og:image:height\" content=\"1200\" \/>\n\t<meta property=\"og:image:type\" content=\"image\/jpeg\" \/>\n<meta name=\"author\" content=\"@sscc\" \/>\n<meta name=\"twitter:card\" content=\"summary_large_image\" \/>\n<meta name=\"twitter:creator\" content=\"@beatopeustaquio\" \/>\n<meta name=\"twitter:site\" content=\"@beatopeustaquio\" \/>\n<meta name=\"twitter:label1\" content=\"Escrito por\" \/>\n\t<meta name=\"twitter:data1\" content=\"@sscc\" \/>\n\t<meta name=\"twitter:label2\" content=\"Tiempo de lectura\" \/>\n\t<meta name=\"twitter:data2\" content=\"2 minutos\" \/>\n<script type=\"application\/ld+json\" class=\"yoast-schema-graph\">{\"@context\":\"https:\/\/schema.org\",\"@graph\":[{\"@type\":\"Article\",\"@id\":\"https:\/\/www.padreeustaquio.com.br\/fim-de-semana-de-homenagens-a-nossa-senhora-na-igreja-do-padre-eustaquio\/#article\",\"isPartOf\":{\"@id\":\"https:\/\/www.padreeustaquio.com.br\/fim-de-semana-de-homenagens-a-nossa-senhora-na-igreja-do-padre-eustaquio\/\"},\"author\":{\"name\":\"@sscc\",\"@id\":\"https:\/\/www.padreeustaquio.com.br\/#\/schema\/person\/a2a51db1d00f1a7af0204a0f1ddb1566\"},\"headline\":\"Fim de semana de homenagens \u00e0 Nossa Senhora na Igreja do Padre Eust\u00e1quio\",\"datePublished\":\"2023-05-15T12:24:30+00:00\",\"dateModified\":\"2023-05-15T12:25:26+00:00\",\"mainEntityOfPage\":{\"@id\":\"https:\/\/www.padreeustaquio.com.br\/fim-de-semana-de-homenagens-a-nossa-senhora-na-igreja-do-padre-eustaquio\/\"},\"wordCount\":205,\"commentCount\":0,\"publisher\":{\"@id\":\"https:\/\/www.padreeustaquio.com.br\/#organization\"},\"image\":{\"@id\":\"https:\/\/www.padreeustaquio.com.br\/fim-de-semana-de-homenagens-a-nossa-senhora-na-igreja-do-padre-eustaquio\/#primaryimage\"},\"thumbnailUrl\":\"https:\/\/www.padreeustaquio.com.br\/wp-content\/uploads\/2023\/05\/coroacao-nsa-senhora.jpeg\",\"articleSection\":[\"Not\u00edcias\"],\"inLanguage\":\"es\",\"potentialAction\":[{\"@type\":\"CommentAction\",\"name\":\"Comment\",\"target\":[\"https:\/\/www.padreeustaquio.com.br\/fim-de-semana-de-homenagens-a-nossa-senhora-na-igreja-do-padre-eustaquio\/#respond\"]}]},{\"@type\":\"WebPage\",\"@id\":\"https:\/\/www.padreeustaquio.com.br\/fim-de-semana-de-homenagens-a-nossa-senhora-na-igreja-do-padre-eustaquio\/\",\"url\":\"https:\/\/www.padreeustaquio.com.br\/fim-de-semana-de-homenagens-a-nossa-senhora-na-igreja-do-padre-eustaquio\/\",\"name\":\"Fim de semana de homenagens \u00e0 Nossa Senhora na Igreja do Padre Eust\u00e1quio\",\"isPartOf\":{\"@id\":\"https:\/\/www.padreeustaquio.com.br\/#website\"},\"primaryImageOfPage\":{\"@id\":\"https:\/\/www.padreeustaquio.com.br\/fim-de-semana-de-homenagens-a-nossa-senhora-na-igreja-do-padre-eustaquio\/#primaryimage\"},\"image\":{\"@id\":\"https:\/\/www.padreeustaquio.com.br\/fim-de-semana-de-homenagens-a-nossa-senhora-na-igreja-do-padre-eustaquio\/#primaryimage\"},\"thumbnailUrl\":\"https:\/\/www.padreeustaquio.com.br\/wp-content\/uploads\/2023\/05\/coroacao-nsa-senhora.jpeg\",\"datePublished\":\"2023-05-15T12:24:30+00:00\",\"dateModified\":\"2023-05-15T12:25:26+00:00\",\"description\":\"No s\u00e1bado e no domingo, v\u00e1rias coroa\u00e7\u00f5es marcaram as homenagens \u00e0 M\u00e3e de Deus e nossa m\u00e3e no Santu\u00e1rio Arquidiocesano da Sa\u00fade e da Paz, em Belo Horizonte-MG. Em todas as missas, a igreja ficou cheia e todos foram convidados a participar das comemora\u00e7\u00f5es.\",\"breadcrumb\":{\"@id\":\"https:\/\/www.padreeustaquio.com.br\/fim-de-semana-de-homenagens-a-nossa-senhora-na-igreja-do-padre-eustaquio\/#breadcrumb\"},\"inLanguage\":\"es\",\"potentialAction\":[{\"@type\":\"ReadAction\",\"target\":[\"https:\/\/www.padreeustaquio.com.br\/fim-de-semana-de-homenagens-a-nossa-senhora-na-igreja-do-padre-eustaquio\/\"]}]},{\"@type\":\"ImageObject\",\"inLanguage\":\"es\",\"@id\":\"https:\/\/www.padreeustaquio.com.br\/fim-de-semana-de-homenagens-a-nossa-senhora-na-igreja-do-padre-eustaquio\/#primaryimage\",\"url\":\"https:\/\/www.padreeustaquio.com.br\/wp-content\/uploads\/2023\/05\/coroacao-nsa-senhora.jpeg\",\"contentUrl\":\"https:\/\/www.padreeustaquio.com.br\/wp-content\/uploads\/2023\/05\/coroacao-nsa-senhora.jpeg\",\"width\":1600,\"height\":1200},{\"@type\":\"BreadcrumbList\",\"@id\":\"https:\/\/www.padreeustaquio.com.br\/fim-de-semana-de-homenagens-a-nossa-senhora-na-igreja-do-padre-eustaquio\/#breadcrumb\",\"itemListElement\":[{\"@type\":\"ListItem\",\"position\":1,\"name\":\"In\u00edcio\",\"item\":\"https:\/\/www.padreeustaquio.com.br\/\"},{\"@type\":\"ListItem\",\"position\":2,\"name\":\"Fim de semana de homenagens \u00e0 Nossa Senhora na Igreja do Padre Eust\u00e1quio\"}]},{\"@type\":\"WebSite\",\"@id\":\"https:\/\/www.padreeustaquio.com.br\/#website\",\"url\":\"https:\/\/www.padreeustaquio.com.br\/\",\"name\":\"Padre Eust\u00e1quio\",\"description\":\"Sa\u00fade e Paz\",\"publisher\":{\"@id\":\"https:\/\/www.padreeustaquio.com.br\/#organization\"},\"potentialAction\":[{\"@type\":\"SearchAction\",\"target\":{\"@type\":\"EntryPoint\",\"urlTemplate\":\"https:\/\/www.padreeustaquio.com.br\/?s={search_term_string}\"},\"query-input\":{\"@type\":\"PropertyValueSpecification\",\"valueRequired\":true,\"valueName\":\"search_term_string\"}}],\"inLanguage\":\"es\"},{\"@type\":\"Organization\",\"@id\":\"https:\/\/www.padreeustaquio.com.br\/#organization\",\"name\":\"Padre Eust\u00e1quio\",\"url\":\"https:\/\/www.padreeustaquio.com.br\/\",\"logo\":{\"@type\":\"ImageObject\",\"inLanguage\":\"es\",\"@id\":\"https:\/\/www.padreeustaquio.com.br\/#\/schema\/logo\/image\/\",\"url\":\"https:\/\/www.padreeustaquio.com.br\/wp-content\/uploads\/2019\/08\/marca.png\",\"contentUrl\":\"https:\/\/www.padreeustaquio.com.br\/wp-content\/uploads\/2019\/08\/marca.png\",\"width\":350,\"height\":400,\"caption\":\"Padre Eust\u00e1quio\"},\"image\":{\"@id\":\"https:\/\/www.padreeustaquio.com.br\/#\/schema\/logo\/image\/\"},\"sameAs\":[\"https:\/\/www.facebook.com\/beatopadreeustaquio\/\",\"https:\/\/x.com\/beatopeustaquio\",\"https:\/\/www.instagram.com\/beatopadreeustaquio\/\",\"https:\/\/www.youtube.com\/channel\/UCRhw7vfabnajwLxb1ZXMeIw\"]},{\"@type\":\"Person\",\"@id\":\"https:\/\/www.padreeustaquio.com.br\/#\/schema\/person\/a2a51db1d00f1a7af0204a0f1ddb1566\",\"name\":\"@sscc\",\"image\":{\"@type\":\"ImageObject\",\"inLanguage\":\"es\",\"@id\":\"https:\/\/secure.gravatar.com\/avatar\/68cfafa5f44617fea54071e215026e0ff06be366c3d54a8425f04fdcb86f8c5f?s=96&d=mm&r=g\",\"url\":\"https:\/\/secure.gravatar.com\/avatar\/68cfafa5f44617fea54071e215026e0ff06be366c3d54a8425f04fdcb86f8c5f?s=96&d=mm&r=g\",\"contentUrl\":\"https:\/\/secure.gravatar.com\/avatar\/68cfafa5f44617fea54071e215026e0ff06be366c3d54a8425f04fdcb86f8c5f?s=96&d=mm&r=g\",\"caption\":\"@sscc\"},\"url\":\"https:\/\/www.padreeustaquio.com.br\/es\/author\/sscc\/\"}]}<\/script>\n<!-- \/ Yoast SEO plugin. -->","yoast_head_json":{"title":"Fin de semana de homenajes a Nuestra Se\u00f1ora en la Iglesia del Padre Eust\u00e1quio","description":"El s\u00e1bado y el domingo, varias coronaciones marcaron las celebraciones en honor a la Madre de Dios y a nuestra Madre en el Santuario Arquidiocesano de Salud y Paz en Belo Horizonte, Minas Gerais. La iglesia estuvo repleta durante todas las misas, y todos estaban invitados a participar en las festividades.","robots":{"index":"index","follow":"follow","max-snippet":"max-snippet:-1","max-image-preview":"max-image-preview:large","max-video-preview":"max-video-preview:-1"},"canonical":"https:\/\/www.padreeustaquio.com.br\/es\/fin-de-semana-de-homenajes-a-nuestra-senora-en-la-iglesia-del-padre-eustaquio\/","og_locale":"es_ES","og_type":"article","og_title":"Fim de semana de homenagens \u00e0 Nossa Senhora na Igreja do Padre Eust\u00e1quio","og_description":"No s\u00e1bado e no domingo, v\u00e1rias coroa\u00e7\u00f5es marcaram as homenagens \u00e0 M\u00e3e de Deus e nossa m\u00e3e no Santu\u00e1rio Arquidiocesano da Sa\u00fade e da Paz, em Belo Horizonte-MG. Em todas as missas, a igreja ficou cheia e todos foram convidados a participar das comemora\u00e7\u00f5es.","og_url":"https:\/\/www.padreeustaquio.com.br\/es\/fin-de-semana-de-homenajes-a-nuestra-senora-en-la-iglesia-del-padre-eustaquio\/","og_site_name":"Padre Eust\u00e1quio","article_publisher":"https:\/\/www.facebook.com\/beatopadreeustaquio\/","article_published_time":"2023-05-15T12:24:30+00:00","article_modified_time":"2023-05-15T12:25:26+00:00","og_image":[{"width":1600,"height":1200,"url":"https:\/\/www.padreeustaquio.com.br\/wp-content\/uploads\/2023\/05\/coroacao-nsa-senhora.jpeg","type":"image\/jpeg"}],"author":"@sscc","twitter_card":"summary_large_image","twitter_creator":"@beatopeustaquio","twitter_site":"@beatopeustaquio","twitter_misc":{"Escrito por":"@sscc","Tiempo de lectura":"2 minutos"},"schema":{"@context":"https:\/\/schema.org","@graph":[{"@type":"Article","@id":"https:\/\/www.padreeustaquio.com.br\/fim-de-semana-de-homenagens-a-nossa-senhora-na-igreja-do-padre-eustaquio\/#article","isPartOf":{"@id":"https:\/\/www.padreeustaquio.com.br\/fim-de-semana-de-homenagens-a-nossa-senhora-na-igreja-do-padre-eustaquio\/"},"author":{"name":"@sscc","@id":"https:\/\/www.padreeustaquio.com.br\/#\/schema\/person\/a2a51db1d00f1a7af0204a0f1ddb1566"},"headline":"Fim de semana de homenagens \u00e0 Nossa Senhora na Igreja do Padre Eust\u00e1quio","datePublished":"2023-05-15T12:24:30+00:00","dateModified":"2023-05-15T12:25:26+00:00","mainEntityOfPage":{"@id":"https:\/\/www.padreeustaquio.com.br\/fim-de-semana-de-homenagens-a-nossa-senhora-na-igreja-do-padre-eustaquio\/"},"wordCount":205,"commentCount":0,"publisher":{"@id":"https:\/\/www.padreeustaquio.com.br\/#organization"},"image":{"@id":"https:\/\/www.padreeustaquio.com.br\/fim-de-semana-de-homenagens-a-nossa-senhora-na-igreja-do-padre-eustaquio\/#primaryimage"},"thumbnailUrl":"https:\/\/www.padreeustaquio.com.br\/wp-content\/uploads\/2023\/05\/coroacao-nsa-senhora.jpeg","articleSection":["Not\u00edcias"],"inLanguage":"es","potentialAction":[{"@type":"CommentAction","name":"Comment","target":["https:\/\/www.padreeustaquio.com.br\/fim-de-semana-de-homenagens-a-nossa-senhora-na-igreja-do-padre-eustaquio\/#respond"]}]},{"@type":"WebPage","@id":"https:\/\/www.padreeustaquio.com.br\/fim-de-semana-de-homenagens-a-nossa-senhora-na-igreja-do-padre-eustaquio\/","url":"https:\/\/www.padreeustaquio.com.br\/fim-de-semana-de-homenagens-a-nossa-senhora-na-igreja-do-padre-eustaquio\/","name":"Fin de semana de homenajes a Nuestra Se\u00f1ora en la Iglesia del Padre Eust\u00e1quio","isPartOf":{"@id":"https:\/\/www.padreeustaquio.com.br\/#website"},"primaryImageOfPage":{"@id":"https:\/\/www.padreeustaquio.com.br\/fim-de-semana-de-homenagens-a-nossa-senhora-na-igreja-do-padre-eustaquio\/#primaryimage"},"image":{"@id":"https:\/\/www.padreeustaquio.com.br\/fim-de-semana-de-homenagens-a-nossa-senhora-na-igreja-do-padre-eustaquio\/#primaryimage"},"thumbnailUrl":"https:\/\/www.padreeustaquio.com.br\/wp-content\/uploads\/2023\/05\/coroacao-nsa-senhora.jpeg","datePublished":"2023-05-15T12:24:30+00:00","dateModified":"2023-05-15T12:25:26+00:00","description":"El s\u00e1bado y el domingo, varias coronaciones marcaron las celebraciones en honor a la Madre de Dios y a nuestra Madre en el Santuario Arquidiocesano de Salud y Paz en Belo Horizonte, Minas Gerais. La iglesia estuvo repleta durante todas las misas, y todos estaban invitados a participar en las festividades.","breadcrumb":{"@id":"https:\/\/www.padreeustaquio.com.br\/fim-de-semana-de-homenagens-a-nossa-senhora-na-igreja-do-padre-eustaquio\/#breadcrumb"},"inLanguage":"es","potentialAction":[{"@type":"ReadAction","target":["https:\/\/www.padreeustaquio.com.br\/fim-de-semana-de-homenagens-a-nossa-senhora-na-igreja-do-padre-eustaquio\/"]}]},{"@type":"ImageObject","inLanguage":"es","@id":"https:\/\/www.padreeustaquio.com.br\/fim-de-semana-de-homenagens-a-nossa-senhora-na-igreja-do-padre-eustaquio\/#primaryimage","url":"https:\/\/www.padreeustaquio.com.br\/wp-content\/uploads\/2023\/05\/coroacao-nsa-senhora.jpeg","contentUrl":"https:\/\/www.padreeustaquio.com.br\/wp-content\/uploads\/2023\/05\/coroacao-nsa-senhora.jpeg","width":1600,"height":1200},{"@type":"BreadcrumbList","@id":"https:\/\/www.padreeustaquio.com.br\/fim-de-semana-de-homenagens-a-nossa-senhora-na-igreja-do-padre-eustaquio\/#breadcrumb","itemListElement":[{"@type":"ListItem","position":1,"name":"In\u00edcio","item":"https:\/\/www.padreeustaquio.com.br\/"},{"@type":"ListItem","position":2,"name":"Fim de semana de homenagens \u00e0 Nossa Senhora na Igreja do Padre Eust\u00e1quio"}]},{"@type":"WebSite","@id":"https:\/\/www.padreeustaquio.com.br\/#website","url":"https:\/\/www.padreeustaquio.com.br\/","name":"Padre Eustace","description":"Salud y Paz","publisher":{"@id":"https:\/\/www.padreeustaquio.com.br\/#organization"},"potentialAction":[{"@type":"SearchAction","target":{"@type":"EntryPoint","urlTemplate":"https:\/\/www.padreeustaquio.com.br\/?s={search_term_string}"},"query-input":{"@type":"PropertyValueSpecification","valueRequired":true,"valueName":"search_term_string"}}],"inLanguage":"es"},{"@type":"Organization","@id":"https:\/\/www.padreeustaquio.com.br\/#organization","name":"Padre Eustace","url":"https:\/\/www.padreeustaquio.com.br\/","logo":{"@type":"ImageObject","inLanguage":"es","@id":"https:\/\/www.padreeustaquio.com.br\/#\/schema\/logo\/image\/","url":"https:\/\/www.padreeustaquio.com.br\/wp-content\/uploads\/2019\/08\/marca.png","contentUrl":"https:\/\/www.padreeustaquio.com.br\/wp-content\/uploads\/2019\/08\/marca.png","width":350,"height":400,"caption":"Padre Eust\u00e1quio"},"image":{"@id":"https:\/\/www.padreeustaquio.com.br\/#\/schema\/logo\/image\/"},"sameAs":["https:\/\/www.facebook.com\/beatopadreeustaquio\/","https:\/\/x.com\/beatopeustaquio","https:\/\/www.instagram.com\/beatopadreeustaquio\/","https:\/\/www.youtube.com\/channel\/UCRhw7vfabnajwLxb1ZXMeIw"]},{"@type":"Person","@id":"https:\/\/www.padreeustaquio.com.br\/#\/schema\/person\/a2a51db1d00f1a7af0204a0f1ddb1566","name":"@sscc","image":{"@type":"ImageObject","inLanguage":"es","@id":"https:\/\/secure.gravatar.com\/avatar\/68cfafa5f44617fea54071e215026e0ff06be366c3d54a8425f04fdcb86f8c5f?s=96&d=mm&r=g","url":"https:\/\/secure.gravatar.com\/avatar\/68cfafa5f44617fea54071e215026e0ff06be366c3d54a8425f04fdcb86f8c5f?s=96&d=mm&r=g","contentUrl":"https:\/\/secure.gravatar.com\/avatar\/68cfafa5f44617fea54071e215026e0ff06be366c3d54a8425f04fdcb86f8c5f?s=96&d=mm&r=g","caption":"@sscc"},"url":"https:\/\/www.padreeustaquio.com.br\/es\/author\/sscc\/"}]}},"_links":{"self":[{"href":"https:\/\/www.padreeustaquio.com.br\/es\/wp-json\/wp\/v2\/posts\/10382","targetHints":{"allow":["GET"]}}],"collection":[{"href":"https:\/\/www.padreeustaquio.com.br\/es\/wp-json\/wp\/v2\/posts"}],"about":[{"href":"https:\/\/www.padreeustaquio.com.br\/es\/wp-json\/wp\/v2\/types\/post"}],"author":[{"embeddable":true,"href":"https:\/\/www.padreeustaquio.com.br\/es\/wp-json\/wp\/v2\/users\/2"}],"replies":[{"embeddable":true,"href":"https:\/\/www.padreeustaquio.com.br\/es\/wp-json\/wp\/v2\/comments?post=10382"}],"version-history":[{"count":0,"href":"https:\/\/www.padreeustaquio.com.br\/es\/wp-json\/wp\/v2\/posts\/10382\/revisions"}],"wp:featuredmedia":[{"embeddable":true,"href":"https:\/\/www.padreeustaquio.com.br\/es\/wp-json\/wp\/v2\/media\/10384"}],"wp:attachment":[{"href":"https:\/\/www.padreeustaquio.com.br\/es\/wp-json\/wp\/v2\/media?parent=10382"}],"wp:term":[{"taxonomy":"category","embeddable":true,"href":"https:\/\/www.padreeustaquio.com.br\/es\/wp-json\/wp\/v2\/categories?post=10382"},{"taxonomy":"post_tag","embeddable":true,"href":"https:\/\/www.padreeustaquio.com.br\/es\/wp-json\/wp\/v2\/tags?post=10382"}],"curies":[{"name":"wp","href":"https:\/\/api.w.org\/{rel}","templated":true}]}}