{"id":10367,"date":"2023-05-10T06:23:00","date_gmt":"2023-05-10T09:23:00","guid":{"rendered":"https:\/\/www.padreeustaquio.com.br\/?p=10367"},"modified":"2023-05-09T19:33:45","modified_gmt":"2023-05-09T22:33:45","slug":"el-canal-san-damian-de-molokai-transmite-misa-junto-a-la-tumba-del-santo-en-belgica","status":"publish","type":"post","link":"https:\/\/www.padreeustaquio.com.br\/es\/el-canal-san-damian-de-molokai-transmite-misa-junto-a-la-tumba-del-santo-en-belgica\/","title":{"rendered":"San Dami\u00e1n de Molokai \u2013 Canal transmite misa en la tumba del santo en B\u00e9lgica."},"content":{"rendered":"<p>Hoy, el Canal Padre Eust\u00e1quio transmite la Santa Misa celebrada por un grupo de brasile\u00f1os en la tumba del misionero en Lovaina, B\u00e9lgica, en la festividad de San Dami\u00e1n de Molokai. La celebraci\u00f3n eucar\u00edstica fue presidida por el P. Vin\u00edcius Maciel, SSCC.<\/p>\n\n\n\n<p>Adem\u00e1s del Padre Vin\u00edcius, la Santa Misa fue concelebrada por los Padres Osv\u00e2nio Humberto Mariano, SSCC, y Edvaldo Carneiro, SSCC. El Hermano Antoniel, SSCC, y otros 23 peregrinos brasile\u00f1os que viajaron a Europa a finales del mes pasado tambi\u00e9n participaron en la Santa Misa.<\/p>\n\n\n\n<p>La transmisi\u00f3n de la Santa Misa comienza a las 15:00 h, hora de Brasilia. Acomp\u00e1\u00f1enos en este momento especial de oraci\u00f3n y gran emoci\u00f3n. <a href=\"https:\/\/www.youtube.com\/watch?v=taVp1nqmVjk\" target=\"_blank\" rel=\"noreferrer noopener\">HAGA CLIC AQU\u00cd<\/a>.<\/p>\n\n\n\n<p>La tumba de San Dami\u00e1n de Molokai se encuentra en la cripta de la Iglesia de San Antonio en la ciudad de Lovaina, B\u00e9lgica. Las reliquias del santo fueron trasladadas en 1936 desde la isla de Molokai, Haw\u00e1i, a la ciudad belga a petici\u00f3n del gobierno belga, por ser la cuna del Misionero de los Sagrados Corazones. <\/p>\n\n\n\n<p><\/p>","protected":false},"excerpt":{"rendered":"<p>O Canal Padre Eust\u00e1quio exibe, hoje, Dia de S\u00e3o Dami\u00e3o de Molokai, a Santa Missa realizada por um grupo de brasileiros junto ao t\u00famulo do mission\u00e1rio em Lovaina, na B\u00e9lgica. A Celebra\u00e7\u00e3o Eucar\u00edstica foi presidida pelo Pe. Vin\u00edcius Maciel. SSCC. Al\u00e9m de Pe. Vin\u00edcius, a Santa Missa foi concelebrada pelos padres Osv\u00e2nio Humberto Mariano, SSCC e Edvaldo Carneiro, SSCC. O Irm\u00e3o Antoniel, SSCC e outros 23 peregrinos brasileiros que foram at\u00e9 a Europa no final do m\u00eas passado tamb\u00e9m participaram da Santa Missa. A transmiss\u00e3o da Santa Missa come\u00e7a \u00e0s 15h, no hor\u00e1rio de Bras\u00edlia. Acompanhe conosco este momento especial [&hellip;]<\/p>\n","protected":false},"author":2,"featured_media":10368,"comment_status":"open","ping_status":"closed","sticky":false,"template":"","format":"standard","meta":{"_acf_changed":false,"footnotes":""},"categories":[611],"tags":[],"class_list":["post-10367","post","type-post","status-publish","format-standard","has-post-thumbnail","hentry","category-noticias"],"acf":[],"yoast_head":"<!-- This site is optimized with the Yoast SEO plugin v27.2 - https:\/\/yoast.com\/product\/yoast-seo-wordpress\/ -->\n<title>S\u00e3o Dami\u00e3o de Molokai - Canal exibe missa junto ao t\u00famulo do santo na B\u00e9lgica<\/title>\n<meta name=\"description\" content=\"O Canal Padre Eust\u00e1quio exibe, hoje, Dia de S\u00e3o Dami\u00e3o de Molokai, a Santa Missa realizada por um grupo de brasileiros junto ao t\u00famulo do mission\u00e1rio em Lovaina, na B\u00e9lgica. A Celebra\u00e7\u00e3o Eucar\u00edstica foi presidida pelo Pe. Vin\u00edcius Maciel. SSCC.\" \/>\n<meta name=\"robots\" content=\"index, follow, max-snippet:-1, max-image-preview:large, max-video-preview:-1\" \/>\n<link rel=\"canonical\" href=\"https:\/\/www.padreeustaquio.com.br\/es\/el-canal-san-damian-de-molokai-transmite-misa-junto-a-la-tumba-del-santo-en-belgica\/\" \/>\n<meta property=\"og:locale\" content=\"es_ES\" \/>\n<meta property=\"og:type\" content=\"article\" \/>\n<meta property=\"og:title\" content=\"S\u00e3o Dami\u00e3o de Molokai - Canal exibe missa junto ao t\u00famulo do santo na B\u00e9lgica\" \/>\n<meta property=\"og:description\" content=\"O Canal Padre Eust\u00e1quio exibe, hoje, Dia de S\u00e3o Dami\u00e3o de Molokai, a Santa Missa realizada por um grupo de brasileiros junto ao t\u00famulo do mission\u00e1rio em Lovaina, na B\u00e9lgica. A Celebra\u00e7\u00e3o Eucar\u00edstica foi presidida pelo Pe. Vin\u00edcius Maciel. SSCC.\" \/>\n<meta property=\"og:url\" content=\"https:\/\/www.padreeustaquio.com.br\/es\/el-canal-san-damian-de-molokai-transmite-misa-junto-a-la-tumba-del-santo-en-belgica\/\" \/>\n<meta property=\"og:site_name\" content=\"Padre Eust\u00e1quio\" \/>\n<meta property=\"article:publisher\" content=\"https:\/\/www.facebook.com\/beatopadreeustaquio\/\" \/>\n<meta property=\"article:published_time\" content=\"2023-05-10T09:23:00+00:00\" \/>\n<meta property=\"og:image\" content=\"https:\/\/www.padreeustaquio.com.br\/wp-content\/uploads\/2023\/05\/10-DAMIAO-e1683671458969.jpg\" \/>\n\t<meta property=\"og:image:width\" content=\"1920\" \/>\n\t<meta property=\"og:image:height\" content=\"984\" \/>\n\t<meta property=\"og:image:type\" content=\"image\/jpeg\" \/>\n<meta name=\"author\" content=\"@sscc\" \/>\n<meta name=\"twitter:card\" content=\"summary_large_image\" \/>\n<meta name=\"twitter:creator\" content=\"@beatopeustaquio\" \/>\n<meta name=\"twitter:site\" content=\"@beatopeustaquio\" \/>\n<meta name=\"twitter:label1\" content=\"Escrito por\" \/>\n\t<meta name=\"twitter:data1\" content=\"@sscc\" \/>\n\t<meta name=\"twitter:label2\" content=\"Tiempo de lectura\" \/>\n\t<meta name=\"twitter:data2\" content=\"1 minuto\" \/>\n<script type=\"application\/ld+json\" class=\"yoast-schema-graph\">{\"@context\":\"https:\/\/schema.org\",\"@graph\":[{\"@type\":\"Article\",\"@id\":\"https:\/\/www.padreeustaquio.com.br\/sao-damiao-de-molokai-canal-exibe-missa-junto-ao-tumulo-do-santo-na-belgica\/#article\",\"isPartOf\":{\"@id\":\"https:\/\/www.padreeustaquio.com.br\/sao-damiao-de-molokai-canal-exibe-missa-junto-ao-tumulo-do-santo-na-belgica\/\"},\"author\":{\"name\":\"@sscc\",\"@id\":\"https:\/\/www.padreeustaquio.com.br\/#\/schema\/person\/a2a51db1d00f1a7af0204a0f1ddb1566\"},\"headline\":\"S\u00e3o Dami\u00e3o de Molokai &#8211; Canal exibe missa junto ao t\u00famulo do santo na B\u00e9lgica\",\"datePublished\":\"2023-05-10T09:23:00+00:00\",\"mainEntityOfPage\":{\"@id\":\"https:\/\/www.padreeustaquio.com.br\/sao-damiao-de-molokai-canal-exibe-missa-junto-ao-tumulo-do-santo-na-belgica\/\"},\"wordCount\":209,\"commentCount\":0,\"publisher\":{\"@id\":\"https:\/\/www.padreeustaquio.com.br\/#organization\"},\"image\":{\"@id\":\"https:\/\/www.padreeustaquio.com.br\/sao-damiao-de-molokai-canal-exibe-missa-junto-ao-tumulo-do-santo-na-belgica\/#primaryimage\"},\"thumbnailUrl\":\"https:\/\/www.padreeustaquio.com.br\/wp-content\/uploads\/2023\/05\/10-DAMIAO-e1683671458969.jpg\",\"articleSection\":[\"Not\u00edcias\"],\"inLanguage\":\"es\",\"potentialAction\":[{\"@type\":\"CommentAction\",\"name\":\"Comment\",\"target\":[\"https:\/\/www.padreeustaquio.com.br\/sao-damiao-de-molokai-canal-exibe-missa-junto-ao-tumulo-do-santo-na-belgica\/#respond\"]}]},{\"@type\":\"WebPage\",\"@id\":\"https:\/\/www.padreeustaquio.com.br\/sao-damiao-de-molokai-canal-exibe-missa-junto-ao-tumulo-do-santo-na-belgica\/\",\"url\":\"https:\/\/www.padreeustaquio.com.br\/sao-damiao-de-molokai-canal-exibe-missa-junto-ao-tumulo-do-santo-na-belgica\/\",\"name\":\"S\u00e3o Dami\u00e3o de Molokai - Canal exibe missa junto ao t\u00famulo do santo na B\u00e9lgica\",\"isPartOf\":{\"@id\":\"https:\/\/www.padreeustaquio.com.br\/#website\"},\"primaryImageOfPage\":{\"@id\":\"https:\/\/www.padreeustaquio.com.br\/sao-damiao-de-molokai-canal-exibe-missa-junto-ao-tumulo-do-santo-na-belgica\/#primaryimage\"},\"image\":{\"@id\":\"https:\/\/www.padreeustaquio.com.br\/sao-damiao-de-molokai-canal-exibe-missa-junto-ao-tumulo-do-santo-na-belgica\/#primaryimage\"},\"thumbnailUrl\":\"https:\/\/www.padreeustaquio.com.br\/wp-content\/uploads\/2023\/05\/10-DAMIAO-e1683671458969.jpg\",\"datePublished\":\"2023-05-10T09:23:00+00:00\",\"description\":\"O Canal Padre Eust\u00e1quio exibe, hoje, Dia de S\u00e3o Dami\u00e3o de Molokai, a Santa Missa realizada por um grupo de brasileiros junto ao t\u00famulo do mission\u00e1rio em Lovaina, na B\u00e9lgica. A Celebra\u00e7\u00e3o Eucar\u00edstica foi presidida pelo Pe. Vin\u00edcius Maciel. SSCC.\",\"breadcrumb\":{\"@id\":\"https:\/\/www.padreeustaquio.com.br\/sao-damiao-de-molokai-canal-exibe-missa-junto-ao-tumulo-do-santo-na-belgica\/#breadcrumb\"},\"inLanguage\":\"es\",\"potentialAction\":[{\"@type\":\"ReadAction\",\"target\":[\"https:\/\/www.padreeustaquio.com.br\/sao-damiao-de-molokai-canal-exibe-missa-junto-ao-tumulo-do-santo-na-belgica\/\"]}]},{\"@type\":\"ImageObject\",\"inLanguage\":\"es\",\"@id\":\"https:\/\/www.padreeustaquio.com.br\/sao-damiao-de-molokai-canal-exibe-missa-junto-ao-tumulo-do-santo-na-belgica\/#primaryimage\",\"url\":\"https:\/\/www.padreeustaquio.com.br\/wp-content\/uploads\/2023\/05\/10-DAMIAO-e1683671458969.jpg\",\"contentUrl\":\"https:\/\/www.padreeustaquio.com.br\/wp-content\/uploads\/2023\/05\/10-DAMIAO-e1683671458969.jpg\",\"width\":1920,\"height\":984},{\"@type\":\"BreadcrumbList\",\"@id\":\"https:\/\/www.padreeustaquio.com.br\/sao-damiao-de-molokai-canal-exibe-missa-junto-ao-tumulo-do-santo-na-belgica\/#breadcrumb\",\"itemListElement\":[{\"@type\":\"ListItem\",\"position\":1,\"name\":\"In\u00edcio\",\"item\":\"https:\/\/www.padreeustaquio.com.br\/\"},{\"@type\":\"ListItem\",\"position\":2,\"name\":\"S\u00e3o Dami\u00e3o de Molokai &#8211; Canal exibe missa junto ao t\u00famulo do santo na B\u00e9lgica\"}]},{\"@type\":\"WebSite\",\"@id\":\"https:\/\/www.padreeustaquio.com.br\/#website\",\"url\":\"https:\/\/www.padreeustaquio.com.br\/\",\"name\":\"Padre Eust\u00e1quio\",\"description\":\"Sa\u00fade e Paz\",\"publisher\":{\"@id\":\"https:\/\/www.padreeustaquio.com.br\/#organization\"},\"potentialAction\":[{\"@type\":\"SearchAction\",\"target\":{\"@type\":\"EntryPoint\",\"urlTemplate\":\"https:\/\/www.padreeustaquio.com.br\/?s={search_term_string}\"},\"query-input\":{\"@type\":\"PropertyValueSpecification\",\"valueRequired\":true,\"valueName\":\"search_term_string\"}}],\"inLanguage\":\"es\"},{\"@type\":\"Organization\",\"@id\":\"https:\/\/www.padreeustaquio.com.br\/#organization\",\"name\":\"Padre Eust\u00e1quio\",\"url\":\"https:\/\/www.padreeustaquio.com.br\/\",\"logo\":{\"@type\":\"ImageObject\",\"inLanguage\":\"es\",\"@id\":\"https:\/\/www.padreeustaquio.com.br\/#\/schema\/logo\/image\/\",\"url\":\"https:\/\/www.padreeustaquio.com.br\/wp-content\/uploads\/2019\/08\/marca.png\",\"contentUrl\":\"https:\/\/www.padreeustaquio.com.br\/wp-content\/uploads\/2019\/08\/marca.png\",\"width\":350,\"height\":400,\"caption\":\"Padre Eust\u00e1quio\"},\"image\":{\"@id\":\"https:\/\/www.padreeustaquio.com.br\/#\/schema\/logo\/image\/\"},\"sameAs\":[\"https:\/\/www.facebook.com\/beatopadreeustaquio\/\",\"https:\/\/x.com\/beatopeustaquio\",\"https:\/\/www.instagram.com\/beatopadreeustaquio\/\",\"https:\/\/www.youtube.com\/channel\/UCRhw7vfabnajwLxb1ZXMeIw\"]},{\"@type\":\"Person\",\"@id\":\"https:\/\/www.padreeustaquio.com.br\/#\/schema\/person\/a2a51db1d00f1a7af0204a0f1ddb1566\",\"name\":\"@sscc\",\"image\":{\"@type\":\"ImageObject\",\"inLanguage\":\"es\",\"@id\":\"https:\/\/secure.gravatar.com\/avatar\/68cfafa5f44617fea54071e215026e0ff06be366c3d54a8425f04fdcb86f8c5f?s=96&d=mm&r=g\",\"url\":\"https:\/\/secure.gravatar.com\/avatar\/68cfafa5f44617fea54071e215026e0ff06be366c3d54a8425f04fdcb86f8c5f?s=96&d=mm&r=g\",\"contentUrl\":\"https:\/\/secure.gravatar.com\/avatar\/68cfafa5f44617fea54071e215026e0ff06be366c3d54a8425f04fdcb86f8c5f?s=96&d=mm&r=g\",\"caption\":\"@sscc\"},\"url\":\"https:\/\/www.padreeustaquio.com.br\/es\/author\/sscc\/\"}]}<\/script>\n<!-- \/ Yoast SEO plugin. -->","yoast_head_json":{"title":"San Dami\u00e1n de Molokai - Canal transmite misa en la tumba del santo en B\u00e9lgica.","description":"Hoy, el Canal Padre Eust\u00e1quio transmite la Santa Misa celebrada por un grupo de brasile\u00f1os en la tumba del misionero en Lovaina, B\u00e9lgica, en la festividad de San Dami\u00e1n de Molokai. La celebraci\u00f3n eucar\u00edstica fue presidida por el P. Vin\u00edcius Maciel, SSCC.","robots":{"index":"index","follow":"follow","max-snippet":"max-snippet:-1","max-image-preview":"max-image-preview:large","max-video-preview":"max-video-preview:-1"},"canonical":"https:\/\/www.padreeustaquio.com.br\/es\/el-canal-san-damian-de-molokai-transmite-misa-junto-a-la-tumba-del-santo-en-belgica\/","og_locale":"es_ES","og_type":"article","og_title":"S\u00e3o Dami\u00e3o de Molokai - Canal exibe missa junto ao t\u00famulo do santo na B\u00e9lgica","og_description":"O Canal Padre Eust\u00e1quio exibe, hoje, Dia de S\u00e3o Dami\u00e3o de Molokai, a Santa Missa realizada por um grupo de brasileiros junto ao t\u00famulo do mission\u00e1rio em Lovaina, na B\u00e9lgica. A Celebra\u00e7\u00e3o Eucar\u00edstica foi presidida pelo Pe. Vin\u00edcius Maciel. SSCC.","og_url":"https:\/\/www.padreeustaquio.com.br\/es\/el-canal-san-damian-de-molokai-transmite-misa-junto-a-la-tumba-del-santo-en-belgica\/","og_site_name":"Padre Eust\u00e1quio","article_publisher":"https:\/\/www.facebook.com\/beatopadreeustaquio\/","article_published_time":"2023-05-10T09:23:00+00:00","og_image":[{"width":1920,"height":984,"url":"https:\/\/www.padreeustaquio.com.br\/wp-content\/uploads\/2023\/05\/10-DAMIAO-e1683671458969.jpg","type":"image\/jpeg"}],"author":"@sscc","twitter_card":"summary_large_image","twitter_creator":"@beatopeustaquio","twitter_site":"@beatopeustaquio","twitter_misc":{"Escrito por":"@sscc","Tiempo de lectura":"1 minuto"},"schema":{"@context":"https:\/\/schema.org","@graph":[{"@type":"Article","@id":"https:\/\/www.padreeustaquio.com.br\/sao-damiao-de-molokai-canal-exibe-missa-junto-ao-tumulo-do-santo-na-belgica\/#article","isPartOf":{"@id":"https:\/\/www.padreeustaquio.com.br\/sao-damiao-de-molokai-canal-exibe-missa-junto-ao-tumulo-do-santo-na-belgica\/"},"author":{"name":"@sscc","@id":"https:\/\/www.padreeustaquio.com.br\/#\/schema\/person\/a2a51db1d00f1a7af0204a0f1ddb1566"},"headline":"S\u00e3o Dami\u00e3o de Molokai &#8211; Canal exibe missa junto ao t\u00famulo do santo na B\u00e9lgica","datePublished":"2023-05-10T09:23:00+00:00","mainEntityOfPage":{"@id":"https:\/\/www.padreeustaquio.com.br\/sao-damiao-de-molokai-canal-exibe-missa-junto-ao-tumulo-do-santo-na-belgica\/"},"wordCount":209,"commentCount":0,"publisher":{"@id":"https:\/\/www.padreeustaquio.com.br\/#organization"},"image":{"@id":"https:\/\/www.padreeustaquio.com.br\/sao-damiao-de-molokai-canal-exibe-missa-junto-ao-tumulo-do-santo-na-belgica\/#primaryimage"},"thumbnailUrl":"https:\/\/www.padreeustaquio.com.br\/wp-content\/uploads\/2023\/05\/10-DAMIAO-e1683671458969.jpg","articleSection":["Not\u00edcias"],"inLanguage":"es","potentialAction":[{"@type":"CommentAction","name":"Comment","target":["https:\/\/www.padreeustaquio.com.br\/sao-damiao-de-molokai-canal-exibe-missa-junto-ao-tumulo-do-santo-na-belgica\/#respond"]}]},{"@type":"WebPage","@id":"https:\/\/www.padreeustaquio.com.br\/sao-damiao-de-molokai-canal-exibe-missa-junto-ao-tumulo-do-santo-na-belgica\/","url":"https:\/\/www.padreeustaquio.com.br\/sao-damiao-de-molokai-canal-exibe-missa-junto-ao-tumulo-do-santo-na-belgica\/","name":"San Dami\u00e1n de Molokai - Canal transmite misa en la tumba del santo en B\u00e9lgica.","isPartOf":{"@id":"https:\/\/www.padreeustaquio.com.br\/#website"},"primaryImageOfPage":{"@id":"https:\/\/www.padreeustaquio.com.br\/sao-damiao-de-molokai-canal-exibe-missa-junto-ao-tumulo-do-santo-na-belgica\/#primaryimage"},"image":{"@id":"https:\/\/www.padreeustaquio.com.br\/sao-damiao-de-molokai-canal-exibe-missa-junto-ao-tumulo-do-santo-na-belgica\/#primaryimage"},"thumbnailUrl":"https:\/\/www.padreeustaquio.com.br\/wp-content\/uploads\/2023\/05\/10-DAMIAO-e1683671458969.jpg","datePublished":"2023-05-10T09:23:00+00:00","description":"Hoy, el Canal Padre Eust\u00e1quio transmite la Santa Misa celebrada por un grupo de brasile\u00f1os en la tumba del misionero en Lovaina, B\u00e9lgica, en la festividad de San Dami\u00e1n de Molokai. La celebraci\u00f3n eucar\u00edstica fue presidida por el P. Vin\u00edcius Maciel, SSCC.","breadcrumb":{"@id":"https:\/\/www.padreeustaquio.com.br\/sao-damiao-de-molokai-canal-exibe-missa-junto-ao-tumulo-do-santo-na-belgica\/#breadcrumb"},"inLanguage":"es","potentialAction":[{"@type":"ReadAction","target":["https:\/\/www.padreeustaquio.com.br\/sao-damiao-de-molokai-canal-exibe-missa-junto-ao-tumulo-do-santo-na-belgica\/"]}]},{"@type":"ImageObject","inLanguage":"es","@id":"https:\/\/www.padreeustaquio.com.br\/sao-damiao-de-molokai-canal-exibe-missa-junto-ao-tumulo-do-santo-na-belgica\/#primaryimage","url":"https:\/\/www.padreeustaquio.com.br\/wp-content\/uploads\/2023\/05\/10-DAMIAO-e1683671458969.jpg","contentUrl":"https:\/\/www.padreeustaquio.com.br\/wp-content\/uploads\/2023\/05\/10-DAMIAO-e1683671458969.jpg","width":1920,"height":984},{"@type":"BreadcrumbList","@id":"https:\/\/www.padreeustaquio.com.br\/sao-damiao-de-molokai-canal-exibe-missa-junto-ao-tumulo-do-santo-na-belgica\/#breadcrumb","itemListElement":[{"@type":"ListItem","position":1,"name":"In\u00edcio","item":"https:\/\/www.padreeustaquio.com.br\/"},{"@type":"ListItem","position":2,"name":"S\u00e3o Dami\u00e3o de Molokai &#8211; Canal exibe missa junto ao t\u00famulo do santo na B\u00e9lgica"}]},{"@type":"WebSite","@id":"https:\/\/www.padreeustaquio.com.br\/#website","url":"https:\/\/www.padreeustaquio.com.br\/","name":"Padre Eustace","description":"Salud y Paz","publisher":{"@id":"https:\/\/www.padreeustaquio.com.br\/#organization"},"potentialAction":[{"@type":"SearchAction","target":{"@type":"EntryPoint","urlTemplate":"https:\/\/www.padreeustaquio.com.br\/?s={search_term_string}"},"query-input":{"@type":"PropertyValueSpecification","valueRequired":true,"valueName":"search_term_string"}}],"inLanguage":"es"},{"@type":"Organization","@id":"https:\/\/www.padreeustaquio.com.br\/#organization","name":"Padre Eustace","url":"https:\/\/www.padreeustaquio.com.br\/","logo":{"@type":"ImageObject","inLanguage":"es","@id":"https:\/\/www.padreeustaquio.com.br\/#\/schema\/logo\/image\/","url":"https:\/\/www.padreeustaquio.com.br\/wp-content\/uploads\/2019\/08\/marca.png","contentUrl":"https:\/\/www.padreeustaquio.com.br\/wp-content\/uploads\/2019\/08\/marca.png","width":350,"height":400,"caption":"Padre Eust\u00e1quio"},"image":{"@id":"https:\/\/www.padreeustaquio.com.br\/#\/schema\/logo\/image\/"},"sameAs":["https:\/\/www.facebook.com\/beatopadreeustaquio\/","https:\/\/x.com\/beatopeustaquio","https:\/\/www.instagram.com\/beatopadreeustaquio\/","https:\/\/www.youtube.com\/channel\/UCRhw7vfabnajwLxb1ZXMeIw"]},{"@type":"Person","@id":"https:\/\/www.padreeustaquio.com.br\/#\/schema\/person\/a2a51db1d00f1a7af0204a0f1ddb1566","name":"@sscc","image":{"@type":"ImageObject","inLanguage":"es","@id":"https:\/\/secure.gravatar.com\/avatar\/68cfafa5f44617fea54071e215026e0ff06be366c3d54a8425f04fdcb86f8c5f?s=96&d=mm&r=g","url":"https:\/\/secure.gravatar.com\/avatar\/68cfafa5f44617fea54071e215026e0ff06be366c3d54a8425f04fdcb86f8c5f?s=96&d=mm&r=g","contentUrl":"https:\/\/secure.gravatar.com\/avatar\/68cfafa5f44617fea54071e215026e0ff06be366c3d54a8425f04fdcb86f8c5f?s=96&d=mm&r=g","caption":"@sscc"},"url":"https:\/\/www.padreeustaquio.com.br\/es\/author\/sscc\/"}]}},"_links":{"self":[{"href":"https:\/\/www.padreeustaquio.com.br\/es\/wp-json\/wp\/v2\/posts\/10367","targetHints":{"allow":["GET"]}}],"collection":[{"href":"https:\/\/www.padreeustaquio.com.br\/es\/wp-json\/wp\/v2\/posts"}],"about":[{"href":"https:\/\/www.padreeustaquio.com.br\/es\/wp-json\/wp\/v2\/types\/post"}],"author":[{"embeddable":true,"href":"https:\/\/www.padreeustaquio.com.br\/es\/wp-json\/wp\/v2\/users\/2"}],"replies":[{"embeddable":true,"href":"https:\/\/www.padreeustaquio.com.br\/es\/wp-json\/wp\/v2\/comments?post=10367"}],"version-history":[{"count":0,"href":"https:\/\/www.padreeustaquio.com.br\/es\/wp-json\/wp\/v2\/posts\/10367\/revisions"}],"wp:featuredmedia":[{"embeddable":true,"href":"https:\/\/www.padreeustaquio.com.br\/es\/wp-json\/wp\/v2\/media\/10368"}],"wp:attachment":[{"href":"https:\/\/www.padreeustaquio.com.br\/es\/wp-json\/wp\/v2\/media?parent=10367"}],"wp:term":[{"taxonomy":"category","embeddable":true,"href":"https:\/\/www.padreeustaquio.com.br\/es\/wp-json\/wp\/v2\/categories?post=10367"},{"taxonomy":"post_tag","embeddable":true,"href":"https:\/\/www.padreeustaquio.com.br\/es\/wp-json\/wp\/v2\/tags?post=10367"}],"curies":[{"name":"wp","href":"https:\/\/api.w.org\/{rel}","templated":true}]}}