{"id":10353,"date":"2023-05-12T06:27:00","date_gmt":"2023-05-12T09:27:00","guid":{"rendered":"https:\/\/www.padreeustaquio.com.br\/?p=10353"},"modified":"2023-05-09T19:36:28","modified_gmt":"2023-05-09T22:36:28","slug":"el-taller-de-escucha-sera-realizado-por-la-iglesia-padre-eustaquio-en-alianza-con-la-puc-minas","status":"publish","type":"post","link":"https:\/\/www.padreeustaquio.com.br\/es\/el-taller-de-escucha-sera-realizado-por-la-iglesia-padre-eustaquio-en-alianza-con-la-puc-minas\/","title":{"rendered":"\u201cTaller de Escucha\u201d ser\u00e1 realizado por la Iglesia Padre Eust\u00e1quio en alianza con la PUC Minas."},"content":{"rendered":"<p>El Santuario Arquidiocesano de Salud y Paz, Iglesia Padre Eust\u00e1quio, en alianza con estudiantes de la PUC Minas, crea la&nbsp;<strong>Taller de escucha<\/strong>. Sesi\u00f3n de psicoterapia grupal para mujeres, coordinada por estudiantes de psicolog\u00eda, abierta a adultos mayores de 35 a\u00f1os. El taller busca promover el bienestar del grupo mediante el di\u00e1logo y la escucha, utilizando el arte como herramienta.<\/p>\n\n\n\n<p>El taller se llevar\u00e1 a cabo en el Centro Comunitario Sagrados Corazones, junto a la iglesia, todos los s\u00e1bados a las 15:00 h. La primera reuni\u00f3n est\u00e1 programada para este s\u00e1bado 13 de mayo.<\/p>\n\n\n\n<p>Para participar es necesario registrarse. <a href=\"https:\/\/docs.google.com\/forms\/d\/e\/1FAIpQLSeWOo5ShaxdfD7PuwSqMEUyZHNmsGZImPtFgnSUpu-qJ5C8DA\/viewform\" target=\"_blank\" rel=\"noreferrer noopener\">HAGA CLIC AQU\u00cd<\/a>.<\/p>\n\n\n\n<p>El Santuario est\u00e1 ubicado en Rua Padre Eust\u00e1quio, 2405, barrio Padre Eust\u00e1quio, en Belo Horizonte. Para m\u00e1s informaci\u00f3n comunicarse con la Oficina Parroquial al tel\u00e9fono: (31) 3462-6557.<\/p>\n\n\n\n<p><\/p>","protected":false},"excerpt":{"rendered":"<p>O Santu\u00e1rio Arquidiocesano da Sa\u00fade e da Paz, Igreja Padre Eust\u00e1quio, em parceria com alunos da PUC Minas cria o&nbsp;Ateli\u00ea da Escuta. Uma Psicoterapia de Grupo destinada \u00e0s mulheres, coordenada por alunas de Psicologia, aberta ao p\u00fablico adulto, a partir de 35 anos. O Ateli\u00ea tem o objetivo de promover o bem-estar do grupo atrav\u00e9s do di\u00e1logo e da escuta por meio da arte. O ateli\u00ea ser\u00e1 realizado no Centro Comunit\u00e1rio dos Sagrados Cora\u00e7\u00f5es, anexo \u00e0 igreja, todos os s\u00e1bados \u00e0s 15h. O primeiro encontro est\u00e1 marcado para este s\u00e1bado, dia 13 de maio. Para participar \u00e9 preciso se inscrever [&hellip;]<\/p>\n","protected":false},"author":2,"featured_media":10354,"comment_status":"open","ping_status":"closed","sticky":false,"template":"","format":"standard","meta":{"_acf_changed":false,"footnotes":""},"categories":[611],"tags":[],"class_list":["post-10353","post","type-post","status-publish","format-standard","has-post-thumbnail","hentry","category-noticias"],"acf":[],"yoast_head":"<!-- This site is optimized with the Yoast SEO plugin v27.2 - https:\/\/yoast.com\/product\/yoast-seo-wordpress\/ -->\n<title>\u201cAteli\u00ea da escuta\u201d ser\u00e1 realizado pela Igreja Padre Eust\u00e1quio em parceria com a PUC Minas<\/title>\n<meta name=\"description\" content=\"O Santu\u00e1rio Arquidiocesano da Sa\u00fade e da Paz, Igreja Padre Eust\u00e1quio, em parceria com alunos da PUC Minas cria o Ateli\u00ea da Escuta. Uma Psicoterapia de Grupo destinada \u00e0s mulheres, coordenada por alunas de Psicologia, aberta ao p\u00fablico adulto, a partir de 35 anos. O Ateli\u00ea tem o objetivo de promover o bem-estar do grupo atrav\u00e9s do di\u00e1logo e da escuta por meio da arte.\" \/>\n<meta name=\"robots\" content=\"index, follow, max-snippet:-1, max-image-preview:large, max-video-preview:-1\" \/>\n<link rel=\"canonical\" href=\"https:\/\/www.padreeustaquio.com.br\/es\/el-taller-de-escucha-sera-realizado-por-la-iglesia-padre-eustaquio-en-alianza-con-la-puc-minas\/\" \/>\n<meta property=\"og:locale\" content=\"es_ES\" \/>\n<meta property=\"og:type\" content=\"article\" \/>\n<meta property=\"og:title\" content=\"\u201cAteli\u00ea da escuta\u201d ser\u00e1 realizado pela Igreja Padre Eust\u00e1quio em parceria com a PUC Minas\" \/>\n<meta property=\"og:description\" content=\"O Santu\u00e1rio Arquidiocesano da Sa\u00fade e da Paz, Igreja Padre Eust\u00e1quio, em parceria com alunos da PUC Minas cria o Ateli\u00ea da Escuta. Uma Psicoterapia de Grupo destinada \u00e0s mulheres, coordenada por alunas de Psicologia, aberta ao p\u00fablico adulto, a partir de 35 anos. O Ateli\u00ea tem o objetivo de promover o bem-estar do grupo atrav\u00e9s do di\u00e1logo e da escuta por meio da arte.\" \/>\n<meta property=\"og:url\" content=\"https:\/\/www.padreeustaquio.com.br\/es\/el-taller-de-escucha-sera-realizado-por-la-iglesia-padre-eustaquio-en-alianza-con-la-puc-minas\/\" \/>\n<meta property=\"og:site_name\" content=\"Padre Eust\u00e1quio\" \/>\n<meta property=\"article:publisher\" content=\"https:\/\/www.facebook.com\/beatopadreeustaquio\/\" \/>\n<meta property=\"article:published_time\" content=\"2023-05-12T09:27:00+00:00\" \/>\n<meta property=\"og:image\" content=\"https:\/\/www.padreeustaquio.com.br\/wp-content\/uploads\/2023\/05\/ATELIE-DA-ESCUTA.jpg\" \/>\n\t<meta property=\"og:image:width\" content=\"1920\" \/>\n\t<meta property=\"og:image:height\" content=\"1280\" \/>\n\t<meta property=\"og:image:type\" content=\"image\/jpeg\" \/>\n<meta name=\"author\" content=\"@sscc\" \/>\n<meta name=\"twitter:card\" content=\"summary_large_image\" \/>\n<meta name=\"twitter:creator\" content=\"@beatopeustaquio\" \/>\n<meta name=\"twitter:site\" content=\"@beatopeustaquio\" \/>\n<meta name=\"twitter:label1\" content=\"Escrito por\" \/>\n\t<meta name=\"twitter:data1\" content=\"@sscc\" \/>\n\t<meta name=\"twitter:label2\" content=\"Tiempo de lectura\" \/>\n\t<meta name=\"twitter:data2\" content=\"1 minuto\" \/>\n<script type=\"application\/ld+json\" class=\"yoast-schema-graph\">{\"@context\":\"https:\/\/schema.org\",\"@graph\":[{\"@type\":\"Article\",\"@id\":\"https:\/\/www.padreeustaquio.com.br\/atelie-da-escuta-sera-realizado-pela-igreja-padre-eustaquio-em-parceria-com-a-puc-minas\/#article\",\"isPartOf\":{\"@id\":\"https:\/\/www.padreeustaquio.com.br\/atelie-da-escuta-sera-realizado-pela-igreja-padre-eustaquio-em-parceria-com-a-puc-minas\/\"},\"author\":{\"name\":\"@sscc\",\"@id\":\"https:\/\/www.padreeustaquio.com.br\/#\/schema\/person\/a2a51db1d00f1a7af0204a0f1ddb1566\"},\"headline\":\"\u201cAteli\u00ea da escuta\u201d ser\u00e1 realizado pela Igreja Padre Eust\u00e1quio em parceria com a PUC Minas\",\"datePublished\":\"2023-05-12T09:27:00+00:00\",\"mainEntityOfPage\":{\"@id\":\"https:\/\/www.padreeustaquio.com.br\/atelie-da-escuta-sera-realizado-pela-igreja-padre-eustaquio-em-parceria-com-a-puc-minas\/\"},\"wordCount\":153,\"commentCount\":0,\"publisher\":{\"@id\":\"https:\/\/www.padreeustaquio.com.br\/#organization\"},\"image\":{\"@id\":\"https:\/\/www.padreeustaquio.com.br\/atelie-da-escuta-sera-realizado-pela-igreja-padre-eustaquio-em-parceria-com-a-puc-minas\/#primaryimage\"},\"thumbnailUrl\":\"https:\/\/www.padreeustaquio.com.br\/wp-content\/uploads\/2023\/05\/ATELIE-DA-ESCUTA.jpg\",\"articleSection\":[\"Not\u00edcias\"],\"inLanguage\":\"es\",\"potentialAction\":[{\"@type\":\"CommentAction\",\"name\":\"Comment\",\"target\":[\"https:\/\/www.padreeustaquio.com.br\/atelie-da-escuta-sera-realizado-pela-igreja-padre-eustaquio-em-parceria-com-a-puc-minas\/#respond\"]}]},{\"@type\":\"WebPage\",\"@id\":\"https:\/\/www.padreeustaquio.com.br\/atelie-da-escuta-sera-realizado-pela-igreja-padre-eustaquio-em-parceria-com-a-puc-minas\/\",\"url\":\"https:\/\/www.padreeustaquio.com.br\/atelie-da-escuta-sera-realizado-pela-igreja-padre-eustaquio-em-parceria-com-a-puc-minas\/\",\"name\":\"\u201cAteli\u00ea da escuta\u201d ser\u00e1 realizado pela Igreja Padre Eust\u00e1quio em parceria com a PUC Minas\",\"isPartOf\":{\"@id\":\"https:\/\/www.padreeustaquio.com.br\/#website\"},\"primaryImageOfPage\":{\"@id\":\"https:\/\/www.padreeustaquio.com.br\/atelie-da-escuta-sera-realizado-pela-igreja-padre-eustaquio-em-parceria-com-a-puc-minas\/#primaryimage\"},\"image\":{\"@id\":\"https:\/\/www.padreeustaquio.com.br\/atelie-da-escuta-sera-realizado-pela-igreja-padre-eustaquio-em-parceria-com-a-puc-minas\/#primaryimage\"},\"thumbnailUrl\":\"https:\/\/www.padreeustaquio.com.br\/wp-content\/uploads\/2023\/05\/ATELIE-DA-ESCUTA.jpg\",\"datePublished\":\"2023-05-12T09:27:00+00:00\",\"description\":\"O Santu\u00e1rio Arquidiocesano da Sa\u00fade e da Paz, Igreja Padre Eust\u00e1quio, em parceria com alunos da PUC Minas cria o Ateli\u00ea da Escuta. Uma Psicoterapia de Grupo destinada \u00e0s mulheres, coordenada por alunas de Psicologia, aberta ao p\u00fablico adulto, a partir de 35 anos. O Ateli\u00ea tem o objetivo de promover o bem-estar do grupo atrav\u00e9s do di\u00e1logo e da escuta por meio da arte.\",\"breadcrumb\":{\"@id\":\"https:\/\/www.padreeustaquio.com.br\/atelie-da-escuta-sera-realizado-pela-igreja-padre-eustaquio-em-parceria-com-a-puc-minas\/#breadcrumb\"},\"inLanguage\":\"es\",\"potentialAction\":[{\"@type\":\"ReadAction\",\"target\":[\"https:\/\/www.padreeustaquio.com.br\/atelie-da-escuta-sera-realizado-pela-igreja-padre-eustaquio-em-parceria-com-a-puc-minas\/\"]}]},{\"@type\":\"ImageObject\",\"inLanguage\":\"es\",\"@id\":\"https:\/\/www.padreeustaquio.com.br\/atelie-da-escuta-sera-realizado-pela-igreja-padre-eustaquio-em-parceria-com-a-puc-minas\/#primaryimage\",\"url\":\"https:\/\/www.padreeustaquio.com.br\/wp-content\/uploads\/2023\/05\/ATELIE-DA-ESCUTA.jpg\",\"contentUrl\":\"https:\/\/www.padreeustaquio.com.br\/wp-content\/uploads\/2023\/05\/ATELIE-DA-ESCUTA.jpg\",\"width\":1920,\"height\":1280},{\"@type\":\"BreadcrumbList\",\"@id\":\"https:\/\/www.padreeustaquio.com.br\/atelie-da-escuta-sera-realizado-pela-igreja-padre-eustaquio-em-parceria-com-a-puc-minas\/#breadcrumb\",\"itemListElement\":[{\"@type\":\"ListItem\",\"position\":1,\"name\":\"In\u00edcio\",\"item\":\"https:\/\/www.padreeustaquio.com.br\/\"},{\"@type\":\"ListItem\",\"position\":2,\"name\":\"\u201cAteli\u00ea da escuta\u201d ser\u00e1 realizado pela Igreja Padre Eust\u00e1quio em parceria com a PUC Minas\"}]},{\"@type\":\"WebSite\",\"@id\":\"https:\/\/www.padreeustaquio.com.br\/#website\",\"url\":\"https:\/\/www.padreeustaquio.com.br\/\",\"name\":\"Padre Eust\u00e1quio\",\"description\":\"Sa\u00fade e Paz\",\"publisher\":{\"@id\":\"https:\/\/www.padreeustaquio.com.br\/#organization\"},\"potentialAction\":[{\"@type\":\"SearchAction\",\"target\":{\"@type\":\"EntryPoint\",\"urlTemplate\":\"https:\/\/www.padreeustaquio.com.br\/?s={search_term_string}\"},\"query-input\":{\"@type\":\"PropertyValueSpecification\",\"valueRequired\":true,\"valueName\":\"search_term_string\"}}],\"inLanguage\":\"es\"},{\"@type\":\"Organization\",\"@id\":\"https:\/\/www.padreeustaquio.com.br\/#organization\",\"name\":\"Padre Eust\u00e1quio\",\"url\":\"https:\/\/www.padreeustaquio.com.br\/\",\"logo\":{\"@type\":\"ImageObject\",\"inLanguage\":\"es\",\"@id\":\"https:\/\/www.padreeustaquio.com.br\/#\/schema\/logo\/image\/\",\"url\":\"https:\/\/www.padreeustaquio.com.br\/wp-content\/uploads\/2019\/08\/marca.png\",\"contentUrl\":\"https:\/\/www.padreeustaquio.com.br\/wp-content\/uploads\/2019\/08\/marca.png\",\"width\":350,\"height\":400,\"caption\":\"Padre Eust\u00e1quio\"},\"image\":{\"@id\":\"https:\/\/www.padreeustaquio.com.br\/#\/schema\/logo\/image\/\"},\"sameAs\":[\"https:\/\/www.facebook.com\/beatopadreeustaquio\/\",\"https:\/\/x.com\/beatopeustaquio\",\"https:\/\/www.instagram.com\/beatopadreeustaquio\/\",\"https:\/\/www.youtube.com\/channel\/UCRhw7vfabnajwLxb1ZXMeIw\"]},{\"@type\":\"Person\",\"@id\":\"https:\/\/www.padreeustaquio.com.br\/#\/schema\/person\/a2a51db1d00f1a7af0204a0f1ddb1566\",\"name\":\"@sscc\",\"image\":{\"@type\":\"ImageObject\",\"inLanguage\":\"es\",\"@id\":\"https:\/\/secure.gravatar.com\/avatar\/68cfafa5f44617fea54071e215026e0ff06be366c3d54a8425f04fdcb86f8c5f?s=96&d=mm&r=g\",\"url\":\"https:\/\/secure.gravatar.com\/avatar\/68cfafa5f44617fea54071e215026e0ff06be366c3d54a8425f04fdcb86f8c5f?s=96&d=mm&r=g\",\"contentUrl\":\"https:\/\/secure.gravatar.com\/avatar\/68cfafa5f44617fea54071e215026e0ff06be366c3d54a8425f04fdcb86f8c5f?s=96&d=mm&r=g\",\"caption\":\"@sscc\"},\"url\":\"https:\/\/www.padreeustaquio.com.br\/es\/author\/sscc\/\"}]}<\/script>\n<!-- \/ Yoast SEO plugin. -->","yoast_head_json":{"title":"\u201cTaller de Escucha\u201d ser\u00e1 realizado por la Iglesia Padre Eust\u00e1quio en alianza con la PUC Minas.","description":"El Santuario Arquidiocesano de Salud y Paz, Iglesia Padre Eust\u00e1quio, en colaboraci\u00f3n con estudiantes de la PUC Minas, ha creado el Taller de Escucha. Este es un programa de psicoterapia grupal para mujeres, coordinado por estudiantes de psicolog\u00eda, y abierto a adultos mayores de 35 a\u00f1os. El taller busca promover el bienestar del grupo a trav\u00e9s del di\u00e1logo y la escucha, utilizando el arte como herramienta.","robots":{"index":"index","follow":"follow","max-snippet":"max-snippet:-1","max-image-preview":"max-image-preview:large","max-video-preview":"max-video-preview:-1"},"canonical":"https:\/\/www.padreeustaquio.com.br\/es\/el-taller-de-escucha-sera-realizado-por-la-iglesia-padre-eustaquio-en-alianza-con-la-puc-minas\/","og_locale":"es_ES","og_type":"article","og_title":"\u201cAteli\u00ea da escuta\u201d ser\u00e1 realizado pela Igreja Padre Eust\u00e1quio em parceria com a PUC Minas","og_description":"O Santu\u00e1rio Arquidiocesano da Sa\u00fade e da Paz, Igreja Padre Eust\u00e1quio, em parceria com alunos da PUC Minas cria o Ateli\u00ea da Escuta. Uma Psicoterapia de Grupo destinada \u00e0s mulheres, coordenada por alunas de Psicologia, aberta ao p\u00fablico adulto, a partir de 35 anos. O Ateli\u00ea tem o objetivo de promover o bem-estar do grupo atrav\u00e9s do di\u00e1logo e da escuta por meio da arte.","og_url":"https:\/\/www.padreeustaquio.com.br\/es\/el-taller-de-escucha-sera-realizado-por-la-iglesia-padre-eustaquio-en-alianza-con-la-puc-minas\/","og_site_name":"Padre Eust\u00e1quio","article_publisher":"https:\/\/www.facebook.com\/beatopadreeustaquio\/","article_published_time":"2023-05-12T09:27:00+00:00","og_image":[{"width":1920,"height":1280,"url":"https:\/\/www.padreeustaquio.com.br\/wp-content\/uploads\/2023\/05\/ATELIE-DA-ESCUTA.jpg","type":"image\/jpeg"}],"author":"@sscc","twitter_card":"summary_large_image","twitter_creator":"@beatopeustaquio","twitter_site":"@beatopeustaquio","twitter_misc":{"Escrito por":"@sscc","Tiempo de lectura":"1 minuto"},"schema":{"@context":"https:\/\/schema.org","@graph":[{"@type":"Article","@id":"https:\/\/www.padreeustaquio.com.br\/atelie-da-escuta-sera-realizado-pela-igreja-padre-eustaquio-em-parceria-com-a-puc-minas\/#article","isPartOf":{"@id":"https:\/\/www.padreeustaquio.com.br\/atelie-da-escuta-sera-realizado-pela-igreja-padre-eustaquio-em-parceria-com-a-puc-minas\/"},"author":{"name":"@sscc","@id":"https:\/\/www.padreeustaquio.com.br\/#\/schema\/person\/a2a51db1d00f1a7af0204a0f1ddb1566"},"headline":"\u201cAteli\u00ea da escuta\u201d ser\u00e1 realizado pela Igreja Padre Eust\u00e1quio em parceria com a PUC Minas","datePublished":"2023-05-12T09:27:00+00:00","mainEntityOfPage":{"@id":"https:\/\/www.padreeustaquio.com.br\/atelie-da-escuta-sera-realizado-pela-igreja-padre-eustaquio-em-parceria-com-a-puc-minas\/"},"wordCount":153,"commentCount":0,"publisher":{"@id":"https:\/\/www.padreeustaquio.com.br\/#organization"},"image":{"@id":"https:\/\/www.padreeustaquio.com.br\/atelie-da-escuta-sera-realizado-pela-igreja-padre-eustaquio-em-parceria-com-a-puc-minas\/#primaryimage"},"thumbnailUrl":"https:\/\/www.padreeustaquio.com.br\/wp-content\/uploads\/2023\/05\/ATELIE-DA-ESCUTA.jpg","articleSection":["Not\u00edcias"],"inLanguage":"es","potentialAction":[{"@type":"CommentAction","name":"Comment","target":["https:\/\/www.padreeustaquio.com.br\/atelie-da-escuta-sera-realizado-pela-igreja-padre-eustaquio-em-parceria-com-a-puc-minas\/#respond"]}]},{"@type":"WebPage","@id":"https:\/\/www.padreeustaquio.com.br\/atelie-da-escuta-sera-realizado-pela-igreja-padre-eustaquio-em-parceria-com-a-puc-minas\/","url":"https:\/\/www.padreeustaquio.com.br\/atelie-da-escuta-sera-realizado-pela-igreja-padre-eustaquio-em-parceria-com-a-puc-minas\/","name":"\u201cTaller de Escucha\u201d ser\u00e1 realizado por la Iglesia Padre Eust\u00e1quio en alianza con la PUC Minas.","isPartOf":{"@id":"https:\/\/www.padreeustaquio.com.br\/#website"},"primaryImageOfPage":{"@id":"https:\/\/www.padreeustaquio.com.br\/atelie-da-escuta-sera-realizado-pela-igreja-padre-eustaquio-em-parceria-com-a-puc-minas\/#primaryimage"},"image":{"@id":"https:\/\/www.padreeustaquio.com.br\/atelie-da-escuta-sera-realizado-pela-igreja-padre-eustaquio-em-parceria-com-a-puc-minas\/#primaryimage"},"thumbnailUrl":"https:\/\/www.padreeustaquio.com.br\/wp-content\/uploads\/2023\/05\/ATELIE-DA-ESCUTA.jpg","datePublished":"2023-05-12T09:27:00+00:00","description":"El Santuario Arquidiocesano de Salud y Paz, Iglesia Padre Eust\u00e1quio, en colaboraci\u00f3n con estudiantes de la PUC Minas, ha creado el Taller de Escucha. Este es un programa de psicoterapia grupal para mujeres, coordinado por estudiantes de psicolog\u00eda, y abierto a adultos mayores de 35 a\u00f1os. El taller busca promover el bienestar del grupo a trav\u00e9s del di\u00e1logo y la escucha, utilizando el arte como herramienta.","breadcrumb":{"@id":"https:\/\/www.padreeustaquio.com.br\/atelie-da-escuta-sera-realizado-pela-igreja-padre-eustaquio-em-parceria-com-a-puc-minas\/#breadcrumb"},"inLanguage":"es","potentialAction":[{"@type":"ReadAction","target":["https:\/\/www.padreeustaquio.com.br\/atelie-da-escuta-sera-realizado-pela-igreja-padre-eustaquio-em-parceria-com-a-puc-minas\/"]}]},{"@type":"ImageObject","inLanguage":"es","@id":"https:\/\/www.padreeustaquio.com.br\/atelie-da-escuta-sera-realizado-pela-igreja-padre-eustaquio-em-parceria-com-a-puc-minas\/#primaryimage","url":"https:\/\/www.padreeustaquio.com.br\/wp-content\/uploads\/2023\/05\/ATELIE-DA-ESCUTA.jpg","contentUrl":"https:\/\/www.padreeustaquio.com.br\/wp-content\/uploads\/2023\/05\/ATELIE-DA-ESCUTA.jpg","width":1920,"height":1280},{"@type":"BreadcrumbList","@id":"https:\/\/www.padreeustaquio.com.br\/atelie-da-escuta-sera-realizado-pela-igreja-padre-eustaquio-em-parceria-com-a-puc-minas\/#breadcrumb","itemListElement":[{"@type":"ListItem","position":1,"name":"In\u00edcio","item":"https:\/\/www.padreeustaquio.com.br\/"},{"@type":"ListItem","position":2,"name":"\u201cAteli\u00ea da escuta\u201d ser\u00e1 realizado pela Igreja Padre Eust\u00e1quio em parceria com a PUC Minas"}]},{"@type":"WebSite","@id":"https:\/\/www.padreeustaquio.com.br\/#website","url":"https:\/\/www.padreeustaquio.com.br\/","name":"Padre Eustace","description":"Salud y Paz","publisher":{"@id":"https:\/\/www.padreeustaquio.com.br\/#organization"},"potentialAction":[{"@type":"SearchAction","target":{"@type":"EntryPoint","urlTemplate":"https:\/\/www.padreeustaquio.com.br\/?s={search_term_string}"},"query-input":{"@type":"PropertyValueSpecification","valueRequired":true,"valueName":"search_term_string"}}],"inLanguage":"es"},{"@type":"Organization","@id":"https:\/\/www.padreeustaquio.com.br\/#organization","name":"Padre Eustace","url":"https:\/\/www.padreeustaquio.com.br\/","logo":{"@type":"ImageObject","inLanguage":"es","@id":"https:\/\/www.padreeustaquio.com.br\/#\/schema\/logo\/image\/","url":"https:\/\/www.padreeustaquio.com.br\/wp-content\/uploads\/2019\/08\/marca.png","contentUrl":"https:\/\/www.padreeustaquio.com.br\/wp-content\/uploads\/2019\/08\/marca.png","width":350,"height":400,"caption":"Padre Eust\u00e1quio"},"image":{"@id":"https:\/\/www.padreeustaquio.com.br\/#\/schema\/logo\/image\/"},"sameAs":["https:\/\/www.facebook.com\/beatopadreeustaquio\/","https:\/\/x.com\/beatopeustaquio","https:\/\/www.instagram.com\/beatopadreeustaquio\/","https:\/\/www.youtube.com\/channel\/UCRhw7vfabnajwLxb1ZXMeIw"]},{"@type":"Person","@id":"https:\/\/www.padreeustaquio.com.br\/#\/schema\/person\/a2a51db1d00f1a7af0204a0f1ddb1566","name":"@sscc","image":{"@type":"ImageObject","inLanguage":"es","@id":"https:\/\/secure.gravatar.com\/avatar\/68cfafa5f44617fea54071e215026e0ff06be366c3d54a8425f04fdcb86f8c5f?s=96&d=mm&r=g","url":"https:\/\/secure.gravatar.com\/avatar\/68cfafa5f44617fea54071e215026e0ff06be366c3d54a8425f04fdcb86f8c5f?s=96&d=mm&r=g","contentUrl":"https:\/\/secure.gravatar.com\/avatar\/68cfafa5f44617fea54071e215026e0ff06be366c3d54a8425f04fdcb86f8c5f?s=96&d=mm&r=g","caption":"@sscc"},"url":"https:\/\/www.padreeustaquio.com.br\/es\/author\/sscc\/"}]}},"_links":{"self":[{"href":"https:\/\/www.padreeustaquio.com.br\/es\/wp-json\/wp\/v2\/posts\/10353","targetHints":{"allow":["GET"]}}],"collection":[{"href":"https:\/\/www.padreeustaquio.com.br\/es\/wp-json\/wp\/v2\/posts"}],"about":[{"href":"https:\/\/www.padreeustaquio.com.br\/es\/wp-json\/wp\/v2\/types\/post"}],"author":[{"embeddable":true,"href":"https:\/\/www.padreeustaquio.com.br\/es\/wp-json\/wp\/v2\/users\/2"}],"replies":[{"embeddable":true,"href":"https:\/\/www.padreeustaquio.com.br\/es\/wp-json\/wp\/v2\/comments?post=10353"}],"version-history":[{"count":0,"href":"https:\/\/www.padreeustaquio.com.br\/es\/wp-json\/wp\/v2\/posts\/10353\/revisions"}],"wp:featuredmedia":[{"embeddable":true,"href":"https:\/\/www.padreeustaquio.com.br\/es\/wp-json\/wp\/v2\/media\/10354"}],"wp:attachment":[{"href":"https:\/\/www.padreeustaquio.com.br\/es\/wp-json\/wp\/v2\/media?parent=10353"}],"wp:term":[{"taxonomy":"category","embeddable":true,"href":"https:\/\/www.padreeustaquio.com.br\/es\/wp-json\/wp\/v2\/categories?post=10353"},{"taxonomy":"post_tag","embeddable":true,"href":"https:\/\/www.padreeustaquio.com.br\/es\/wp-json\/wp\/v2\/tags?post=10353"}],"curies":[{"name":"wp","href":"https:\/\/api.w.org\/{rel}","templated":true}]}}