{"id":10351,"date":"2023-05-11T06:15:00","date_gmt":"2023-05-11T09:15:00","guid":{"rendered":"https:\/\/www.padreeustaquio.com.br\/?p=10351"},"modified":"2023-05-09T19:35:59","modified_gmt":"2023-05-09T22:35:59","slug":"candidato-a-vicepresidente-participa-en-el-25o-encuentro-nacional-dedo-de-prosa","status":"publish","type":"post","link":"https:\/\/www.padreeustaquio.com.br\/es\/candidato-a-vicepresidente-participa-en-el-25o-encuentro-nacional-dedo-de-prosa\/","title":{"rendered":"Vicepostulador participa en el 25\u00ba Encuentro Nacional de Dedo de Prosa"},"content":{"rendered":"<p>La 25.\u00aa edici\u00f3n del Encuentro Nacional &quot;Dedo de Prosa da Melhor Idade&quot; comenz\u00f3 este lunes 8 de mayo y re\u00fane a m\u00e1s de 1200 adultos mayores de todo el pa\u00eds. El encuentro se celebra en Ol\u00edmpia, S\u00e3o Paulo, y continuar\u00e1 hasta este jueves.<\/p>\n\n\n\n<p>Esta es la primera vez que el evento se realiza en Thermas dos Laranjais, en el interior de S\u00e3o Paulo. Durante los cuatro d\u00edas del evento, los participantes participan en caminatas terap\u00e9uticas, actividades, recreaci\u00f3n y talleres. Ayer, los adultos mayores participaron en el tradicional Festival de Talentos para Adultos Mayores.<\/p>\n\n\n\n<p>El evento tambi\u00e9n incluye momentos de espiritualidad dirigidos por el Padre Vin\u00edcius Maciel, SSCC, rector del Santuario Arquidiocesano de Salud y Paz, y responsable de la Causa de Canonizaci\u00f3n del Beato Padre Eust\u00e1quio.<\/p>\n\n\n\n<p>La misa de clausura se celebrar\u00e1 hoy y contar\u00e1 con la participaci\u00f3n de todos los participantes. El evento tambi\u00e9n incluy\u00f3 espect\u00e1culos con Waldireni, un tributo a Ray Conniff y una banda de versiones de Elvis Presley (con Renato Carlini), adem\u00e1s de bailes tem\u00e1ticos todas las noches con la Clip Band.<\/p>\n\n\n\n<p><\/p>","protected":false},"excerpt":{"rendered":"<p>A 25\u00aa edi\u00e7\u00e3o do Encontro Nacional Dedo de Prosa da Melhor Idade teve in\u00edcio nessa segunda-feira, dia 8 de maio e re\u00fane mais de 1.200 idosos de todo o pa\u00eds. O encontro est\u00e1 sendo realizado em Ol\u00edmpia, S\u00e3o Paulo, e vai at\u00e9 esta quinta-feira. Esta \u00e9 a primeira vez que o encontro est\u00e1 sendo realizado no Thermas dos Laranjais, interior de S\u00e3o Paulo. Durante os quatro dias de evento, os participantes fazem caminhada terap\u00eautica, din\u00e2micas, recrea\u00e7\u00e3o e oficinas. Ontem os idosos participaram do tradicional Festival de Talentos da Melhor Idade. O evento tamb\u00e9m conta com momentos de espiritualidade promovidos pelo [&hellip;]<\/p>\n","protected":false},"author":2,"featured_media":9428,"comment_status":"open","ping_status":"closed","sticky":false,"template":"","format":"standard","meta":{"_acf_changed":false,"footnotes":""},"categories":[611],"tags":[],"class_list":["post-10351","post","type-post","status-publish","format-standard","has-post-thumbnail","hentry","category-noticias"],"acf":[],"yoast_head":"<!-- This site is optimized with the Yoast SEO plugin v27.2 - https:\/\/yoast.com\/product\/yoast-seo-wordpress\/ -->\n<title>Vice-postulador participa do 25\u00ba Encontro Nacional Dedo de Prosa<\/title>\n<meta name=\"description\" content=\"A 25\u00aa edi\u00e7\u00e3o do Encontro Nacional Dedo de Prosa da Melhor Idade teve in\u00edcio nessa segunda-feira, dia 8 de maio e re\u00fane mais de 1.200 idosos de todo o pa\u00eds. O encontro est\u00e1 sendo realizado em Ol\u00edmpia, S\u00e3o Paulo, e vai at\u00e9 o dia 11, quinta-feira.\" \/>\n<meta name=\"robots\" content=\"index, follow, max-snippet:-1, max-image-preview:large, max-video-preview:-1\" \/>\n<link rel=\"canonical\" href=\"https:\/\/www.padreeustaquio.com.br\/es\/candidato-a-vicepresidente-participa-en-el-25o-encuentro-nacional-dedo-de-prosa\/\" \/>\n<meta property=\"og:locale\" content=\"es_ES\" \/>\n<meta property=\"og:type\" content=\"article\" \/>\n<meta property=\"og:title\" content=\"Vice-postulador participa do 25\u00ba Encontro Nacional Dedo de Prosa\" \/>\n<meta property=\"og:description\" content=\"A 25\u00aa edi\u00e7\u00e3o do Encontro Nacional Dedo de Prosa da Melhor Idade teve in\u00edcio nessa segunda-feira, dia 8 de maio e re\u00fane mais de 1.200 idosos de todo o pa\u00eds. O encontro est\u00e1 sendo realizado em Ol\u00edmpia, S\u00e3o Paulo, e vai at\u00e9 o dia 11, quinta-feira.\" \/>\n<meta property=\"og:url\" content=\"https:\/\/www.padreeustaquio.com.br\/es\/candidato-a-vicepresidente-participa-en-el-25o-encuentro-nacional-dedo-de-prosa\/\" \/>\n<meta property=\"og:site_name\" content=\"Padre Eust\u00e1quio\" \/>\n<meta property=\"article:publisher\" content=\"https:\/\/www.facebook.com\/beatopadreeustaquio\/\" \/>\n<meta property=\"article:published_time\" content=\"2023-05-11T09:15:00+00:00\" \/>\n<meta property=\"og:image\" content=\"https:\/\/www.padreeustaquio.com.br\/wp-content\/uploads\/2022\/10\/IMG_3929-scaled.jpg\" \/>\n\t<meta property=\"og:image:width\" content=\"2560\" \/>\n\t<meta property=\"og:image:height\" content=\"1707\" \/>\n\t<meta property=\"og:image:type\" content=\"image\/jpeg\" \/>\n<meta name=\"author\" content=\"@sscc\" \/>\n<meta name=\"twitter:card\" content=\"summary_large_image\" \/>\n<meta name=\"twitter:creator\" content=\"@beatopeustaquio\" \/>\n<meta name=\"twitter:site\" content=\"@beatopeustaquio\" \/>\n<meta name=\"twitter:label1\" content=\"Escrito por\" \/>\n\t<meta name=\"twitter:data1\" content=\"@sscc\" \/>\n\t<meta name=\"twitter:label2\" content=\"Tiempo de lectura\" \/>\n\t<meta name=\"twitter:data2\" content=\"1 minuto\" \/>\n<script type=\"application\/ld+json\" class=\"yoast-schema-graph\">{\"@context\":\"https:\/\/schema.org\",\"@graph\":[{\"@type\":\"Article\",\"@id\":\"https:\/\/www.padreeustaquio.com.br\/vice-postulador-participa-do-25o-encontro-nacional-dedo-de-prosa\/#article\",\"isPartOf\":{\"@id\":\"https:\/\/www.padreeustaquio.com.br\/vice-postulador-participa-do-25o-encontro-nacional-dedo-de-prosa\/\"},\"author\":{\"name\":\"@sscc\",\"@id\":\"https:\/\/www.padreeustaquio.com.br\/#\/schema\/person\/a2a51db1d00f1a7af0204a0f1ddb1566\"},\"headline\":\"Vice-postulador participa do 25\u00ba Encontro Nacional Dedo de Prosa\",\"datePublished\":\"2023-05-11T09:15:00+00:00\",\"mainEntityOfPage\":{\"@id\":\"https:\/\/www.padreeustaquio.com.br\/vice-postulador-participa-do-25o-encontro-nacional-dedo-de-prosa\/\"},\"wordCount\":192,\"commentCount\":0,\"publisher\":{\"@id\":\"https:\/\/www.padreeustaquio.com.br\/#organization\"},\"image\":{\"@id\":\"https:\/\/www.padreeustaquio.com.br\/vice-postulador-participa-do-25o-encontro-nacional-dedo-de-prosa\/#primaryimage\"},\"thumbnailUrl\":\"https:\/\/www.padreeustaquio.com.br\/wp-content\/uploads\/2022\/10\/IMG_3929-scaled.jpg\",\"articleSection\":[\"Not\u00edcias\"],\"inLanguage\":\"es\",\"potentialAction\":[{\"@type\":\"CommentAction\",\"name\":\"Comment\",\"target\":[\"https:\/\/www.padreeustaquio.com.br\/vice-postulador-participa-do-25o-encontro-nacional-dedo-de-prosa\/#respond\"]}]},{\"@type\":\"WebPage\",\"@id\":\"https:\/\/www.padreeustaquio.com.br\/vice-postulador-participa-do-25o-encontro-nacional-dedo-de-prosa\/\",\"url\":\"https:\/\/www.padreeustaquio.com.br\/vice-postulador-participa-do-25o-encontro-nacional-dedo-de-prosa\/\",\"name\":\"Vice-postulador participa do 25\u00ba Encontro Nacional Dedo de Prosa\",\"isPartOf\":{\"@id\":\"https:\/\/www.padreeustaquio.com.br\/#website\"},\"primaryImageOfPage\":{\"@id\":\"https:\/\/www.padreeustaquio.com.br\/vice-postulador-participa-do-25o-encontro-nacional-dedo-de-prosa\/#primaryimage\"},\"image\":{\"@id\":\"https:\/\/www.padreeustaquio.com.br\/vice-postulador-participa-do-25o-encontro-nacional-dedo-de-prosa\/#primaryimage\"},\"thumbnailUrl\":\"https:\/\/www.padreeustaquio.com.br\/wp-content\/uploads\/2022\/10\/IMG_3929-scaled.jpg\",\"datePublished\":\"2023-05-11T09:15:00+00:00\",\"description\":\"A 25\u00aa edi\u00e7\u00e3o do Encontro Nacional Dedo de Prosa da Melhor Idade teve in\u00edcio nessa segunda-feira, dia 8 de maio e re\u00fane mais de 1.200 idosos de todo o pa\u00eds. O encontro est\u00e1 sendo realizado em Ol\u00edmpia, S\u00e3o Paulo, e vai at\u00e9 o dia 11, quinta-feira.\",\"breadcrumb\":{\"@id\":\"https:\/\/www.padreeustaquio.com.br\/vice-postulador-participa-do-25o-encontro-nacional-dedo-de-prosa\/#breadcrumb\"},\"inLanguage\":\"es\",\"potentialAction\":[{\"@type\":\"ReadAction\",\"target\":[\"https:\/\/www.padreeustaquio.com.br\/vice-postulador-participa-do-25o-encontro-nacional-dedo-de-prosa\/\"]}]},{\"@type\":\"ImageObject\",\"inLanguage\":\"es\",\"@id\":\"https:\/\/www.padreeustaquio.com.br\/vice-postulador-participa-do-25o-encontro-nacional-dedo-de-prosa\/#primaryimage\",\"url\":\"https:\/\/www.padreeustaquio.com.br\/wp-content\/uploads\/2022\/10\/IMG_3929-scaled.jpg\",\"contentUrl\":\"https:\/\/www.padreeustaquio.com.br\/wp-content\/uploads\/2022\/10\/IMG_3929-scaled.jpg\",\"width\":2560,\"height\":1707},{\"@type\":\"BreadcrumbList\",\"@id\":\"https:\/\/www.padreeustaquio.com.br\/vice-postulador-participa-do-25o-encontro-nacional-dedo-de-prosa\/#breadcrumb\",\"itemListElement\":[{\"@type\":\"ListItem\",\"position\":1,\"name\":\"In\u00edcio\",\"item\":\"https:\/\/www.padreeustaquio.com.br\/\"},{\"@type\":\"ListItem\",\"position\":2,\"name\":\"Vice-postulador participa do 25\u00ba Encontro Nacional Dedo de Prosa\"}]},{\"@type\":\"WebSite\",\"@id\":\"https:\/\/www.padreeustaquio.com.br\/#website\",\"url\":\"https:\/\/www.padreeustaquio.com.br\/\",\"name\":\"Padre Eust\u00e1quio\",\"description\":\"Sa\u00fade e Paz\",\"publisher\":{\"@id\":\"https:\/\/www.padreeustaquio.com.br\/#organization\"},\"potentialAction\":[{\"@type\":\"SearchAction\",\"target\":{\"@type\":\"EntryPoint\",\"urlTemplate\":\"https:\/\/www.padreeustaquio.com.br\/?s={search_term_string}\"},\"query-input\":{\"@type\":\"PropertyValueSpecification\",\"valueRequired\":true,\"valueName\":\"search_term_string\"}}],\"inLanguage\":\"es\"},{\"@type\":\"Organization\",\"@id\":\"https:\/\/www.padreeustaquio.com.br\/#organization\",\"name\":\"Padre Eust\u00e1quio\",\"url\":\"https:\/\/www.padreeustaquio.com.br\/\",\"logo\":{\"@type\":\"ImageObject\",\"inLanguage\":\"es\",\"@id\":\"https:\/\/www.padreeustaquio.com.br\/#\/schema\/logo\/image\/\",\"url\":\"https:\/\/www.padreeustaquio.com.br\/wp-content\/uploads\/2019\/08\/marca.png\",\"contentUrl\":\"https:\/\/www.padreeustaquio.com.br\/wp-content\/uploads\/2019\/08\/marca.png\",\"width\":350,\"height\":400,\"caption\":\"Padre Eust\u00e1quio\"},\"image\":{\"@id\":\"https:\/\/www.padreeustaquio.com.br\/#\/schema\/logo\/image\/\"},\"sameAs\":[\"https:\/\/www.facebook.com\/beatopadreeustaquio\/\",\"https:\/\/x.com\/beatopeustaquio\",\"https:\/\/www.instagram.com\/beatopadreeustaquio\/\",\"https:\/\/www.youtube.com\/channel\/UCRhw7vfabnajwLxb1ZXMeIw\"]},{\"@type\":\"Person\",\"@id\":\"https:\/\/www.padreeustaquio.com.br\/#\/schema\/person\/a2a51db1d00f1a7af0204a0f1ddb1566\",\"name\":\"@sscc\",\"image\":{\"@type\":\"ImageObject\",\"inLanguage\":\"es\",\"@id\":\"https:\/\/secure.gravatar.com\/avatar\/68cfafa5f44617fea54071e215026e0ff06be366c3d54a8425f04fdcb86f8c5f?s=96&d=mm&r=g\",\"url\":\"https:\/\/secure.gravatar.com\/avatar\/68cfafa5f44617fea54071e215026e0ff06be366c3d54a8425f04fdcb86f8c5f?s=96&d=mm&r=g\",\"contentUrl\":\"https:\/\/secure.gravatar.com\/avatar\/68cfafa5f44617fea54071e215026e0ff06be366c3d54a8425f04fdcb86f8c5f?s=96&d=mm&r=g\",\"caption\":\"@sscc\"},\"url\":\"https:\/\/www.padreeustaquio.com.br\/es\/author\/sscc\/\"}]}<\/script>\n<!-- \/ Yoast SEO plugin. -->","yoast_head_json":{"title":"Vicepostulador participa en el 25\u00ba Encuentro Nacional de Dedo de Prosa","description":"La 25.\u00aa edici\u00f3n del Encuentro Nacional &quot;Dedo de Prosa da Melhor Idade&quot; comenz\u00f3 este lunes 8 de mayo y re\u00fane a m\u00e1s de 1200 adultos mayores de todo el pa\u00eds. El encuentro se celebra en Ol\u00edmpia, S\u00e3o Paulo, y se extender\u00e1 hasta el jueves 11 de mayo.","robots":{"index":"index","follow":"follow","max-snippet":"max-snippet:-1","max-image-preview":"max-image-preview:large","max-video-preview":"max-video-preview:-1"},"canonical":"https:\/\/www.padreeustaquio.com.br\/es\/candidato-a-vicepresidente-participa-en-el-25o-encuentro-nacional-dedo-de-prosa\/","og_locale":"es_ES","og_type":"article","og_title":"Vice-postulador participa do 25\u00ba Encontro Nacional Dedo de Prosa","og_description":"A 25\u00aa edi\u00e7\u00e3o do Encontro Nacional Dedo de Prosa da Melhor Idade teve in\u00edcio nessa segunda-feira, dia 8 de maio e re\u00fane mais de 1.200 idosos de todo o pa\u00eds. O encontro est\u00e1 sendo realizado em Ol\u00edmpia, S\u00e3o Paulo, e vai at\u00e9 o dia 11, quinta-feira.","og_url":"https:\/\/www.padreeustaquio.com.br\/es\/candidato-a-vicepresidente-participa-en-el-25o-encuentro-nacional-dedo-de-prosa\/","og_site_name":"Padre Eust\u00e1quio","article_publisher":"https:\/\/www.facebook.com\/beatopadreeustaquio\/","article_published_time":"2023-05-11T09:15:00+00:00","og_image":[{"width":2560,"height":1707,"url":"https:\/\/www.padreeustaquio.com.br\/wp-content\/uploads\/2022\/10\/IMG_3929-scaled.jpg","type":"image\/jpeg"}],"author":"@sscc","twitter_card":"summary_large_image","twitter_creator":"@beatopeustaquio","twitter_site":"@beatopeustaquio","twitter_misc":{"Escrito por":"@sscc","Tiempo de lectura":"1 minuto"},"schema":{"@context":"https:\/\/schema.org","@graph":[{"@type":"Article","@id":"https:\/\/www.padreeustaquio.com.br\/vice-postulador-participa-do-25o-encontro-nacional-dedo-de-prosa\/#article","isPartOf":{"@id":"https:\/\/www.padreeustaquio.com.br\/vice-postulador-participa-do-25o-encontro-nacional-dedo-de-prosa\/"},"author":{"name":"@sscc","@id":"https:\/\/www.padreeustaquio.com.br\/#\/schema\/person\/a2a51db1d00f1a7af0204a0f1ddb1566"},"headline":"Vice-postulador participa do 25\u00ba Encontro Nacional Dedo de Prosa","datePublished":"2023-05-11T09:15:00+00:00","mainEntityOfPage":{"@id":"https:\/\/www.padreeustaquio.com.br\/vice-postulador-participa-do-25o-encontro-nacional-dedo-de-prosa\/"},"wordCount":192,"commentCount":0,"publisher":{"@id":"https:\/\/www.padreeustaquio.com.br\/#organization"},"image":{"@id":"https:\/\/www.padreeustaquio.com.br\/vice-postulador-participa-do-25o-encontro-nacional-dedo-de-prosa\/#primaryimage"},"thumbnailUrl":"https:\/\/www.padreeustaquio.com.br\/wp-content\/uploads\/2022\/10\/IMG_3929-scaled.jpg","articleSection":["Not\u00edcias"],"inLanguage":"es","potentialAction":[{"@type":"CommentAction","name":"Comment","target":["https:\/\/www.padreeustaquio.com.br\/vice-postulador-participa-do-25o-encontro-nacional-dedo-de-prosa\/#respond"]}]},{"@type":"WebPage","@id":"https:\/\/www.padreeustaquio.com.br\/vice-postulador-participa-do-25o-encontro-nacional-dedo-de-prosa\/","url":"https:\/\/www.padreeustaquio.com.br\/vice-postulador-participa-do-25o-encontro-nacional-dedo-de-prosa\/","name":"Vicepostulador participa en el 25\u00ba Encuentro Nacional de Dedo de Prosa","isPartOf":{"@id":"https:\/\/www.padreeustaquio.com.br\/#website"},"primaryImageOfPage":{"@id":"https:\/\/www.padreeustaquio.com.br\/vice-postulador-participa-do-25o-encontro-nacional-dedo-de-prosa\/#primaryimage"},"image":{"@id":"https:\/\/www.padreeustaquio.com.br\/vice-postulador-participa-do-25o-encontro-nacional-dedo-de-prosa\/#primaryimage"},"thumbnailUrl":"https:\/\/www.padreeustaquio.com.br\/wp-content\/uploads\/2022\/10\/IMG_3929-scaled.jpg","datePublished":"2023-05-11T09:15:00+00:00","description":"La 25.\u00aa edici\u00f3n del Encuentro Nacional &quot;Dedo de Prosa da Melhor Idade&quot; comenz\u00f3 este lunes 8 de mayo y re\u00fane a m\u00e1s de 1200 adultos mayores de todo el pa\u00eds. El encuentro se celebra en Ol\u00edmpia, S\u00e3o Paulo, y se extender\u00e1 hasta el jueves 11 de mayo.","breadcrumb":{"@id":"https:\/\/www.padreeustaquio.com.br\/vice-postulador-participa-do-25o-encontro-nacional-dedo-de-prosa\/#breadcrumb"},"inLanguage":"es","potentialAction":[{"@type":"ReadAction","target":["https:\/\/www.padreeustaquio.com.br\/vice-postulador-participa-do-25o-encontro-nacional-dedo-de-prosa\/"]}]},{"@type":"ImageObject","inLanguage":"es","@id":"https:\/\/www.padreeustaquio.com.br\/vice-postulador-participa-do-25o-encontro-nacional-dedo-de-prosa\/#primaryimage","url":"https:\/\/www.padreeustaquio.com.br\/wp-content\/uploads\/2022\/10\/IMG_3929-scaled.jpg","contentUrl":"https:\/\/www.padreeustaquio.com.br\/wp-content\/uploads\/2022\/10\/IMG_3929-scaled.jpg","width":2560,"height":1707},{"@type":"BreadcrumbList","@id":"https:\/\/www.padreeustaquio.com.br\/vice-postulador-participa-do-25o-encontro-nacional-dedo-de-prosa\/#breadcrumb","itemListElement":[{"@type":"ListItem","position":1,"name":"In\u00edcio","item":"https:\/\/www.padreeustaquio.com.br\/"},{"@type":"ListItem","position":2,"name":"Vice-postulador participa do 25\u00ba Encontro Nacional Dedo de Prosa"}]},{"@type":"WebSite","@id":"https:\/\/www.padreeustaquio.com.br\/#website","url":"https:\/\/www.padreeustaquio.com.br\/","name":"Padre Eustace","description":"Salud y Paz","publisher":{"@id":"https:\/\/www.padreeustaquio.com.br\/#organization"},"potentialAction":[{"@type":"SearchAction","target":{"@type":"EntryPoint","urlTemplate":"https:\/\/www.padreeustaquio.com.br\/?s={search_term_string}"},"query-input":{"@type":"PropertyValueSpecification","valueRequired":true,"valueName":"search_term_string"}}],"inLanguage":"es"},{"@type":"Organization","@id":"https:\/\/www.padreeustaquio.com.br\/#organization","name":"Padre Eustace","url":"https:\/\/www.padreeustaquio.com.br\/","logo":{"@type":"ImageObject","inLanguage":"es","@id":"https:\/\/www.padreeustaquio.com.br\/#\/schema\/logo\/image\/","url":"https:\/\/www.padreeustaquio.com.br\/wp-content\/uploads\/2019\/08\/marca.png","contentUrl":"https:\/\/www.padreeustaquio.com.br\/wp-content\/uploads\/2019\/08\/marca.png","width":350,"height":400,"caption":"Padre Eust\u00e1quio"},"image":{"@id":"https:\/\/www.padreeustaquio.com.br\/#\/schema\/logo\/image\/"},"sameAs":["https:\/\/www.facebook.com\/beatopadreeustaquio\/","https:\/\/x.com\/beatopeustaquio","https:\/\/www.instagram.com\/beatopadreeustaquio\/","https:\/\/www.youtube.com\/channel\/UCRhw7vfabnajwLxb1ZXMeIw"]},{"@type":"Person","@id":"https:\/\/www.padreeustaquio.com.br\/#\/schema\/person\/a2a51db1d00f1a7af0204a0f1ddb1566","name":"@sscc","image":{"@type":"ImageObject","inLanguage":"es","@id":"https:\/\/secure.gravatar.com\/avatar\/68cfafa5f44617fea54071e215026e0ff06be366c3d54a8425f04fdcb86f8c5f?s=96&d=mm&r=g","url":"https:\/\/secure.gravatar.com\/avatar\/68cfafa5f44617fea54071e215026e0ff06be366c3d54a8425f04fdcb86f8c5f?s=96&d=mm&r=g","contentUrl":"https:\/\/secure.gravatar.com\/avatar\/68cfafa5f44617fea54071e215026e0ff06be366c3d54a8425f04fdcb86f8c5f?s=96&d=mm&r=g","caption":"@sscc"},"url":"https:\/\/www.padreeustaquio.com.br\/es\/author\/sscc\/"}]}},"_links":{"self":[{"href":"https:\/\/www.padreeustaquio.com.br\/es\/wp-json\/wp\/v2\/posts\/10351","targetHints":{"allow":["GET"]}}],"collection":[{"href":"https:\/\/www.padreeustaquio.com.br\/es\/wp-json\/wp\/v2\/posts"}],"about":[{"href":"https:\/\/www.padreeustaquio.com.br\/es\/wp-json\/wp\/v2\/types\/post"}],"author":[{"embeddable":true,"href":"https:\/\/www.padreeustaquio.com.br\/es\/wp-json\/wp\/v2\/users\/2"}],"replies":[{"embeddable":true,"href":"https:\/\/www.padreeustaquio.com.br\/es\/wp-json\/wp\/v2\/comments?post=10351"}],"version-history":[{"count":0,"href":"https:\/\/www.padreeustaquio.com.br\/es\/wp-json\/wp\/v2\/posts\/10351\/revisions"}],"wp:featuredmedia":[{"embeddable":true,"href":"https:\/\/www.padreeustaquio.com.br\/es\/wp-json\/wp\/v2\/media\/9428"}],"wp:attachment":[{"href":"https:\/\/www.padreeustaquio.com.br\/es\/wp-json\/wp\/v2\/media?parent=10351"}],"wp:term":[{"taxonomy":"category","embeddable":true,"href":"https:\/\/www.padreeustaquio.com.br\/es\/wp-json\/wp\/v2\/categories?post=10351"},{"taxonomy":"post_tag","embeddable":true,"href":"https:\/\/www.padreeustaquio.com.br\/es\/wp-json\/wp\/v2\/tags?post=10351"}],"curies":[{"name":"wp","href":"https:\/\/api.w.org\/{rel}","templated":true}]}}