{"id":10344,"date":"2023-05-08T11:30:25","date_gmt":"2023-05-08T14:30:25","guid":{"rendered":"https:\/\/www.padreeustaquio.com.br\/?p=10344"},"modified":"2023-05-08T11:31:27","modified_gmt":"2023-05-08T14:31:27","slug":"santuario-acoge-pre-congreso-para-la-ninez-y-adolescencia-misionera","status":"publish","type":"post","link":"https:\/\/www.padreeustaquio.com.br\/es\/santuario-acoge-pre-congreso-para-la-ninez-y-adolescencia-misionera\/","title":{"rendered":"Santuario acoge pre congreso de Infancia y Adolescencia Misionera."},"content":{"rendered":"<p>Este domingo 7 de mayo, el Santuario Arquidiocesano de Salud y Paz, la Iglesia del Beato Padre Eustaquio, alberg\u00f3 el Precongreso de la Infancia y Adolescencia Misionera (IAM). M\u00e1s de 200 ni\u00f1os participaron en las actividades, que concluyeron con un almuerzo de confraternidad.<\/p>\n\n\n<div class=\"wp-block-image\">\n<figure class=\"alignleft size-medium\"><img fetchpriority=\"high\" decoding=\"async\" width=\"225\" height=\"300\" src=\"https:\/\/www.padreeustaquio.com.br\/wp-content\/uploads\/2023\/05\/renovacao-compromisso-225x300.jpeg\" alt=\"\" class=\"wp-image-10346\" srcset=\"https:\/\/www.padreeustaquio.com.br\/wp-content\/uploads\/2023\/05\/renovacao-compromisso-225x300.jpeg 225w, https:\/\/www.padreeustaquio.com.br\/wp-content\/uploads\/2023\/05\/renovacao-compromisso-768x1024.jpeg 768w, https:\/\/www.padreeustaquio.com.br\/wp-content\/uploads\/2023\/05\/renovacao-compromisso-1152x1536.jpeg 1152w, https:\/\/www.padreeustaquio.com.br\/wp-content\/uploads\/2023\/05\/renovacao-compromisso.jpeg 1200w\" sizes=\"(max-width: 225px) 100vw, 225px\" \/><\/figure>\n<\/div>\n\n\n<p>Los participantes fueron recibidos temprano por la ma\u00f1ana por los ni\u00f1os de la IAM Padre Eust\u00e1quio. Despu\u00e9s del desayuno, se imparti\u00f3 una charla en el teatro contiguo al Santuario. Posteriormente, todos se dirigieron a la iglesia donde participaron en la Celebraci\u00f3n Eucar\u00edstica.<\/p>\n\n\n\n<p>Durante la Santa Misa, el rector del Santuario, P. Vin\u00edcius Maciel, SSCC, dio la bienvenida a los ni\u00f1os y dirigi\u00f3 la bendici\u00f3n de los s\u00edmbolos de la IAM que se entregaron a los nuevos miembros. Todos los participantes tambi\u00e9n renovaron su compromiso con la Obra Misional Pontificia. La celebraci\u00f3n se transmiti\u00f3 por el Canal Padre Eust\u00e1quio en YouTube.<a href=\"https:\/\/www.youtube.com\/watch?v=nvh2KFwCgm4\" target=\"_blank\" rel=\"noreferrer noopener\">REVISAR AQU\u00cd<\/a>). <\/p>\n\n\n\n<p>Al finalizar la reuni\u00f3n, se sirvi\u00f3 un delicioso almuerzo de celebraci\u00f3n en el Centro Comunitario Sagrados Corazones, al lado de la iglesia.<\/p>\n\n\n\n<p>El precongreso es una preparaci\u00f3n para el 7.\u00ba Encuentro Estatal de la Infancia y Adolescencia Misionera (IAM), que se celebrar\u00e1 del 21 al 23 de julio, tambi\u00e9n en el Santuario Arquidiocesano de Belo Horizonte, MG. El evento de julio tendr\u00e1 como tema: \u201cLa alegr\u00eda de la comuni\u00f3n en la misi\u00f3n\u201d y como lema: \u201cCorazones ardientes, pies en camino\u201d (Lc 24,32-33). Participar\u00e1n ni\u00f1os de la Infancia y Adolescencia Misionera de diversas partes del estado.<\/p>\n\n\n\n<p><\/p>","protected":false},"excerpt":{"rendered":"<p>Nesse domingo, 07 de maio, o Santu\u00e1rio Arquidiocesano da Sa\u00fade e da Paz, a Igreja do Beato Padre Eust\u00e1quio, acolheu o Pr\u00e9-Congresso da Inf\u00e2ncia e Adolesc\u00eancia Mission\u00e1ria &#8211; IAM. Mais de 200 crian\u00e7as participaram das atividades, encerradas com um almo\u00e7o de confraterniza\u00e7\u00e3o. Os participantes foram recebidos, logo cedo, pelas crian\u00e7as da IAM Padre Eust\u00e1quio. Ap\u00f3s o caf\u00e9 da manh\u00e3, uma palestra foi ministrada no Teatro anexo ao Santu\u00e1rio. Em seguida, todos se dirigiram \u00e0 Igreja onde participaram da Celebra\u00e7\u00e3o Eucar\u00edstica. Durante a Santa Missa, o reitor do Santu\u00e1rio, Pe. Vin\u00edcius Maciel, SSCC, acolheu \u00e0s crian\u00e7as e conduziu a b\u00ean\u00e7\u00e3o dos [&hellip;]<\/p>\n","protected":false},"author":2,"featured_media":10345,"comment_status":"open","ping_status":"closed","sticky":false,"template":"","format":"standard","meta":{"_acf_changed":false,"footnotes":""},"categories":[611],"tags":[],"class_list":["post-10344","post","type-post","status-publish","format-standard","has-post-thumbnail","hentry","category-noticias"],"acf":[],"yoast_head":"<!-- This site is optimized with the Yoast SEO plugin v27.2 - https:\/\/yoast.com\/product\/yoast-seo-wordpress\/ -->\n<title>Santu\u00e1rio acolhe pr\u00e9-congresso da Inf\u00e2ncia e Adolesc\u00eancia Mission\u00e1ria<\/title>\n<meta name=\"description\" content=\"Nesse domingo, 07 de maio, o Santu\u00e1rio Arquidiocesano da Sa\u00fade e da Paz, a Igreja do Beato Padre Eust\u00e1quio, acolheu o Pr\u00e9-Congresso da Inf\u00e2ncia e Adolesc\u00eancia Mission\u00e1ria - IAM. Mais de 200 crian\u00e7as participaram das atividades, encerradas com um almo\u00e7o de confraterniza\u00e7\u00e3o.\" \/>\n<meta name=\"robots\" content=\"index, follow, max-snippet:-1, max-image-preview:large, max-video-preview:-1\" \/>\n<link rel=\"canonical\" href=\"https:\/\/www.padreeustaquio.com.br\/es\/santuario-acoge-pre-congreso-para-la-ninez-y-adolescencia-misionera\/\" \/>\n<meta property=\"og:locale\" content=\"es_ES\" \/>\n<meta property=\"og:type\" content=\"article\" \/>\n<meta property=\"og:title\" content=\"Santu\u00e1rio acolhe pr\u00e9-congresso da Inf\u00e2ncia e Adolesc\u00eancia Mission\u00e1ria\" \/>\n<meta property=\"og:description\" content=\"Nesse domingo, 07 de maio, o Santu\u00e1rio Arquidiocesano da Sa\u00fade e da Paz, a Igreja do Beato Padre Eust\u00e1quio, acolheu o Pr\u00e9-Congresso da Inf\u00e2ncia e Adolesc\u00eancia Mission\u00e1ria - IAM. Mais de 200 crian\u00e7as participaram das atividades, encerradas com um almo\u00e7o de confraterniza\u00e7\u00e3o.\" \/>\n<meta property=\"og:url\" content=\"https:\/\/www.padreeustaquio.com.br\/es\/santuario-acoge-pre-congreso-para-la-ninez-y-adolescencia-misionera\/\" \/>\n<meta property=\"og:site_name\" content=\"Padre Eust\u00e1quio\" \/>\n<meta property=\"article:publisher\" content=\"https:\/\/www.facebook.com\/beatopadreeustaquio\/\" \/>\n<meta property=\"article:published_time\" content=\"2023-05-08T14:30:25+00:00\" \/>\n<meta property=\"article:modified_time\" content=\"2023-05-08T14:31:27+00:00\" \/>\n<meta property=\"og:image\" content=\"https:\/\/www.padreeustaquio.com.br\/wp-content\/uploads\/2023\/05\/Criancas-iambh-e1683556269879.jpeg\" \/>\n\t<meta property=\"og:image:width\" content=\"1596\" \/>\n\t<meta property=\"og:image:height\" content=\"1076\" \/>\n\t<meta property=\"og:image:type\" content=\"image\/jpeg\" \/>\n<meta name=\"author\" content=\"@sscc\" \/>\n<meta name=\"twitter:card\" content=\"summary_large_image\" \/>\n<meta name=\"twitter:creator\" content=\"@beatopeustaquio\" \/>\n<meta name=\"twitter:site\" content=\"@beatopeustaquio\" \/>\n<meta name=\"twitter:label1\" content=\"Escrito por\" \/>\n\t<meta name=\"twitter:data1\" content=\"@sscc\" \/>\n\t<meta name=\"twitter:label2\" content=\"Tiempo de lectura\" \/>\n\t<meta name=\"twitter:data2\" content=\"2 minutos\" \/>\n<script type=\"application\/ld+json\" class=\"yoast-schema-graph\">{\"@context\":\"https:\/\/schema.org\",\"@graph\":[{\"@type\":\"Article\",\"@id\":\"https:\/\/www.padreeustaquio.com.br\/santuario-acolhe-pre-congresso-da-infancia-e-adolescencia-missionaria\/#article\",\"isPartOf\":{\"@id\":\"https:\/\/www.padreeustaquio.com.br\/santuario-acolhe-pre-congresso-da-infancia-e-adolescencia-missionaria\/\"},\"author\":{\"name\":\"@sscc\",\"@id\":\"https:\/\/www.padreeustaquio.com.br\/#\/schema\/person\/a2a51db1d00f1a7af0204a0f1ddb1566\"},\"headline\":\"Santu\u00e1rio acolhe pr\u00e9-congresso da Inf\u00e2ncia e Adolesc\u00eancia Mission\u00e1ria\",\"datePublished\":\"2023-05-08T14:30:25+00:00\",\"dateModified\":\"2023-05-08T14:31:27+00:00\",\"mainEntityOfPage\":{\"@id\":\"https:\/\/www.padreeustaquio.com.br\/santuario-acolhe-pre-congresso-da-infancia-e-adolescencia-missionaria\/\"},\"wordCount\":271,\"commentCount\":0,\"publisher\":{\"@id\":\"https:\/\/www.padreeustaquio.com.br\/#organization\"},\"image\":{\"@id\":\"https:\/\/www.padreeustaquio.com.br\/santuario-acolhe-pre-congresso-da-infancia-e-adolescencia-missionaria\/#primaryimage\"},\"thumbnailUrl\":\"https:\/\/www.padreeustaquio.com.br\/wp-content\/uploads\/2023\/05\/Criancas-iambh-e1683556269879.jpeg\",\"articleSection\":[\"Not\u00edcias\"],\"inLanguage\":\"es\",\"potentialAction\":[{\"@type\":\"CommentAction\",\"name\":\"Comment\",\"target\":[\"https:\/\/www.padreeustaquio.com.br\/santuario-acolhe-pre-congresso-da-infancia-e-adolescencia-missionaria\/#respond\"]}]},{\"@type\":\"WebPage\",\"@id\":\"https:\/\/www.padreeustaquio.com.br\/santuario-acolhe-pre-congresso-da-infancia-e-adolescencia-missionaria\/\",\"url\":\"https:\/\/www.padreeustaquio.com.br\/santuario-acolhe-pre-congresso-da-infancia-e-adolescencia-missionaria\/\",\"name\":\"Santu\u00e1rio acolhe pr\u00e9-congresso da Inf\u00e2ncia e Adolesc\u00eancia Mission\u00e1ria\",\"isPartOf\":{\"@id\":\"https:\/\/www.padreeustaquio.com.br\/#website\"},\"primaryImageOfPage\":{\"@id\":\"https:\/\/www.padreeustaquio.com.br\/santuario-acolhe-pre-congresso-da-infancia-e-adolescencia-missionaria\/#primaryimage\"},\"image\":{\"@id\":\"https:\/\/www.padreeustaquio.com.br\/santuario-acolhe-pre-congresso-da-infancia-e-adolescencia-missionaria\/#primaryimage\"},\"thumbnailUrl\":\"https:\/\/www.padreeustaquio.com.br\/wp-content\/uploads\/2023\/05\/Criancas-iambh-e1683556269879.jpeg\",\"datePublished\":\"2023-05-08T14:30:25+00:00\",\"dateModified\":\"2023-05-08T14:31:27+00:00\",\"description\":\"Nesse domingo, 07 de maio, o Santu\u00e1rio Arquidiocesano da Sa\u00fade e da Paz, a Igreja do Beato Padre Eust\u00e1quio, acolheu o Pr\u00e9-Congresso da Inf\u00e2ncia e Adolesc\u00eancia Mission\u00e1ria - IAM. Mais de 200 crian\u00e7as participaram das atividades, encerradas com um almo\u00e7o de confraterniza\u00e7\u00e3o.\",\"breadcrumb\":{\"@id\":\"https:\/\/www.padreeustaquio.com.br\/santuario-acolhe-pre-congresso-da-infancia-e-adolescencia-missionaria\/#breadcrumb\"},\"inLanguage\":\"es\",\"potentialAction\":[{\"@type\":\"ReadAction\",\"target\":[\"https:\/\/www.padreeustaquio.com.br\/santuario-acolhe-pre-congresso-da-infancia-e-adolescencia-missionaria\/\"]}]},{\"@type\":\"ImageObject\",\"inLanguage\":\"es\",\"@id\":\"https:\/\/www.padreeustaquio.com.br\/santuario-acolhe-pre-congresso-da-infancia-e-adolescencia-missionaria\/#primaryimage\",\"url\":\"https:\/\/www.padreeustaquio.com.br\/wp-content\/uploads\/2023\/05\/Criancas-iambh-e1683556269879.jpeg\",\"contentUrl\":\"https:\/\/www.padreeustaquio.com.br\/wp-content\/uploads\/2023\/05\/Criancas-iambh-e1683556269879.jpeg\",\"width\":1596,\"height\":1076},{\"@type\":\"BreadcrumbList\",\"@id\":\"https:\/\/www.padreeustaquio.com.br\/santuario-acolhe-pre-congresso-da-infancia-e-adolescencia-missionaria\/#breadcrumb\",\"itemListElement\":[{\"@type\":\"ListItem\",\"position\":1,\"name\":\"In\u00edcio\",\"item\":\"https:\/\/www.padreeustaquio.com.br\/\"},{\"@type\":\"ListItem\",\"position\":2,\"name\":\"Santu\u00e1rio acolhe pr\u00e9-congresso da Inf\u00e2ncia e Adolesc\u00eancia Mission\u00e1ria\"}]},{\"@type\":\"WebSite\",\"@id\":\"https:\/\/www.padreeustaquio.com.br\/#website\",\"url\":\"https:\/\/www.padreeustaquio.com.br\/\",\"name\":\"Padre Eust\u00e1quio\",\"description\":\"Sa\u00fade e Paz\",\"publisher\":{\"@id\":\"https:\/\/www.padreeustaquio.com.br\/#organization\"},\"potentialAction\":[{\"@type\":\"SearchAction\",\"target\":{\"@type\":\"EntryPoint\",\"urlTemplate\":\"https:\/\/www.padreeustaquio.com.br\/?s={search_term_string}\"},\"query-input\":{\"@type\":\"PropertyValueSpecification\",\"valueRequired\":true,\"valueName\":\"search_term_string\"}}],\"inLanguage\":\"es\"},{\"@type\":\"Organization\",\"@id\":\"https:\/\/www.padreeustaquio.com.br\/#organization\",\"name\":\"Padre Eust\u00e1quio\",\"url\":\"https:\/\/www.padreeustaquio.com.br\/\",\"logo\":{\"@type\":\"ImageObject\",\"inLanguage\":\"es\",\"@id\":\"https:\/\/www.padreeustaquio.com.br\/#\/schema\/logo\/image\/\",\"url\":\"https:\/\/www.padreeustaquio.com.br\/wp-content\/uploads\/2019\/08\/marca.png\",\"contentUrl\":\"https:\/\/www.padreeustaquio.com.br\/wp-content\/uploads\/2019\/08\/marca.png\",\"width\":350,\"height\":400,\"caption\":\"Padre Eust\u00e1quio\"},\"image\":{\"@id\":\"https:\/\/www.padreeustaquio.com.br\/#\/schema\/logo\/image\/\"},\"sameAs\":[\"https:\/\/www.facebook.com\/beatopadreeustaquio\/\",\"https:\/\/x.com\/beatopeustaquio\",\"https:\/\/www.instagram.com\/beatopadreeustaquio\/\",\"https:\/\/www.youtube.com\/channel\/UCRhw7vfabnajwLxb1ZXMeIw\"]},{\"@type\":\"Person\",\"@id\":\"https:\/\/www.padreeustaquio.com.br\/#\/schema\/person\/a2a51db1d00f1a7af0204a0f1ddb1566\",\"name\":\"@sscc\",\"image\":{\"@type\":\"ImageObject\",\"inLanguage\":\"es\",\"@id\":\"https:\/\/secure.gravatar.com\/avatar\/68cfafa5f44617fea54071e215026e0ff06be366c3d54a8425f04fdcb86f8c5f?s=96&d=mm&r=g\",\"url\":\"https:\/\/secure.gravatar.com\/avatar\/68cfafa5f44617fea54071e215026e0ff06be366c3d54a8425f04fdcb86f8c5f?s=96&d=mm&r=g\",\"contentUrl\":\"https:\/\/secure.gravatar.com\/avatar\/68cfafa5f44617fea54071e215026e0ff06be366c3d54a8425f04fdcb86f8c5f?s=96&d=mm&r=g\",\"caption\":\"@sscc\"},\"url\":\"https:\/\/www.padreeustaquio.com.br\/es\/author\/sscc\/\"}]}<\/script>\n<!-- \/ Yoast SEO plugin. -->","yoast_head_json":{"title":"Santuario acoge pre congreso de Infancia y Adolescencia Misionera.","description":"Este domingo 7 de mayo, el Santuario Arquidiocesano de Salud y Paz, la Iglesia del Beato Padre Eustaquio, alberg\u00f3 el Precongreso de la Infancia y Adolescencia Misionera (IAM). M\u00e1s de 200 ni\u00f1os participaron en las actividades, que concluyeron con un almuerzo de confraternidad.","robots":{"index":"index","follow":"follow","max-snippet":"max-snippet:-1","max-image-preview":"max-image-preview:large","max-video-preview":"max-video-preview:-1"},"canonical":"https:\/\/www.padreeustaquio.com.br\/es\/santuario-acoge-pre-congreso-para-la-ninez-y-adolescencia-misionera\/","og_locale":"es_ES","og_type":"article","og_title":"Santu\u00e1rio acolhe pr\u00e9-congresso da Inf\u00e2ncia e Adolesc\u00eancia Mission\u00e1ria","og_description":"Nesse domingo, 07 de maio, o Santu\u00e1rio Arquidiocesano da Sa\u00fade e da Paz, a Igreja do Beato Padre Eust\u00e1quio, acolheu o Pr\u00e9-Congresso da Inf\u00e2ncia e Adolesc\u00eancia Mission\u00e1ria - IAM. Mais de 200 crian\u00e7as participaram das atividades, encerradas com um almo\u00e7o de confraterniza\u00e7\u00e3o.","og_url":"https:\/\/www.padreeustaquio.com.br\/es\/santuario-acoge-pre-congreso-para-la-ninez-y-adolescencia-misionera\/","og_site_name":"Padre Eust\u00e1quio","article_publisher":"https:\/\/www.facebook.com\/beatopadreeustaquio\/","article_published_time":"2023-05-08T14:30:25+00:00","article_modified_time":"2023-05-08T14:31:27+00:00","og_image":[{"width":1596,"height":1076,"url":"https:\/\/www.padreeustaquio.com.br\/wp-content\/uploads\/2023\/05\/Criancas-iambh-e1683556269879.jpeg","type":"image\/jpeg"}],"author":"@sscc","twitter_card":"summary_large_image","twitter_creator":"@beatopeustaquio","twitter_site":"@beatopeustaquio","twitter_misc":{"Escrito por":"@sscc","Tiempo de lectura":"2 minutos"},"schema":{"@context":"https:\/\/schema.org","@graph":[{"@type":"Article","@id":"https:\/\/www.padreeustaquio.com.br\/santuario-acolhe-pre-congresso-da-infancia-e-adolescencia-missionaria\/#article","isPartOf":{"@id":"https:\/\/www.padreeustaquio.com.br\/santuario-acolhe-pre-congresso-da-infancia-e-adolescencia-missionaria\/"},"author":{"name":"@sscc","@id":"https:\/\/www.padreeustaquio.com.br\/#\/schema\/person\/a2a51db1d00f1a7af0204a0f1ddb1566"},"headline":"Santu\u00e1rio acolhe pr\u00e9-congresso da Inf\u00e2ncia e Adolesc\u00eancia Mission\u00e1ria","datePublished":"2023-05-08T14:30:25+00:00","dateModified":"2023-05-08T14:31:27+00:00","mainEntityOfPage":{"@id":"https:\/\/www.padreeustaquio.com.br\/santuario-acolhe-pre-congresso-da-infancia-e-adolescencia-missionaria\/"},"wordCount":271,"commentCount":0,"publisher":{"@id":"https:\/\/www.padreeustaquio.com.br\/#organization"},"image":{"@id":"https:\/\/www.padreeustaquio.com.br\/santuario-acolhe-pre-congresso-da-infancia-e-adolescencia-missionaria\/#primaryimage"},"thumbnailUrl":"https:\/\/www.padreeustaquio.com.br\/wp-content\/uploads\/2023\/05\/Criancas-iambh-e1683556269879.jpeg","articleSection":["Not\u00edcias"],"inLanguage":"es","potentialAction":[{"@type":"CommentAction","name":"Comment","target":["https:\/\/www.padreeustaquio.com.br\/santuario-acolhe-pre-congresso-da-infancia-e-adolescencia-missionaria\/#respond"]}]},{"@type":"WebPage","@id":"https:\/\/www.padreeustaquio.com.br\/santuario-acolhe-pre-congresso-da-infancia-e-adolescencia-missionaria\/","url":"https:\/\/www.padreeustaquio.com.br\/santuario-acolhe-pre-congresso-da-infancia-e-adolescencia-missionaria\/","name":"Santuario acoge pre congreso de Infancia y Adolescencia Misionera.","isPartOf":{"@id":"https:\/\/www.padreeustaquio.com.br\/#website"},"primaryImageOfPage":{"@id":"https:\/\/www.padreeustaquio.com.br\/santuario-acolhe-pre-congresso-da-infancia-e-adolescencia-missionaria\/#primaryimage"},"image":{"@id":"https:\/\/www.padreeustaquio.com.br\/santuario-acolhe-pre-congresso-da-infancia-e-adolescencia-missionaria\/#primaryimage"},"thumbnailUrl":"https:\/\/www.padreeustaquio.com.br\/wp-content\/uploads\/2023\/05\/Criancas-iambh-e1683556269879.jpeg","datePublished":"2023-05-08T14:30:25+00:00","dateModified":"2023-05-08T14:31:27+00:00","description":"Este domingo 7 de mayo, el Santuario Arquidiocesano de Salud y Paz, la Iglesia del Beato Padre Eustaquio, alberg\u00f3 el Precongreso de la Infancia y Adolescencia Misionera (IAM). M\u00e1s de 200 ni\u00f1os participaron en las actividades, que concluyeron con un almuerzo de confraternidad.","breadcrumb":{"@id":"https:\/\/www.padreeustaquio.com.br\/santuario-acolhe-pre-congresso-da-infancia-e-adolescencia-missionaria\/#breadcrumb"},"inLanguage":"es","potentialAction":[{"@type":"ReadAction","target":["https:\/\/www.padreeustaquio.com.br\/santuario-acolhe-pre-congresso-da-infancia-e-adolescencia-missionaria\/"]}]},{"@type":"ImageObject","inLanguage":"es","@id":"https:\/\/www.padreeustaquio.com.br\/santuario-acolhe-pre-congresso-da-infancia-e-adolescencia-missionaria\/#primaryimage","url":"https:\/\/www.padreeustaquio.com.br\/wp-content\/uploads\/2023\/05\/Criancas-iambh-e1683556269879.jpeg","contentUrl":"https:\/\/www.padreeustaquio.com.br\/wp-content\/uploads\/2023\/05\/Criancas-iambh-e1683556269879.jpeg","width":1596,"height":1076},{"@type":"BreadcrumbList","@id":"https:\/\/www.padreeustaquio.com.br\/santuario-acolhe-pre-congresso-da-infancia-e-adolescencia-missionaria\/#breadcrumb","itemListElement":[{"@type":"ListItem","position":1,"name":"In\u00edcio","item":"https:\/\/www.padreeustaquio.com.br\/"},{"@type":"ListItem","position":2,"name":"Santu\u00e1rio acolhe pr\u00e9-congresso da Inf\u00e2ncia e Adolesc\u00eancia Mission\u00e1ria"}]},{"@type":"WebSite","@id":"https:\/\/www.padreeustaquio.com.br\/#website","url":"https:\/\/www.padreeustaquio.com.br\/","name":"Padre Eustace","description":"Salud y Paz","publisher":{"@id":"https:\/\/www.padreeustaquio.com.br\/#organization"},"potentialAction":[{"@type":"SearchAction","target":{"@type":"EntryPoint","urlTemplate":"https:\/\/www.padreeustaquio.com.br\/?s={search_term_string}"},"query-input":{"@type":"PropertyValueSpecification","valueRequired":true,"valueName":"search_term_string"}}],"inLanguage":"es"},{"@type":"Organization","@id":"https:\/\/www.padreeustaquio.com.br\/#organization","name":"Padre Eustace","url":"https:\/\/www.padreeustaquio.com.br\/","logo":{"@type":"ImageObject","inLanguage":"es","@id":"https:\/\/www.padreeustaquio.com.br\/#\/schema\/logo\/image\/","url":"https:\/\/www.padreeustaquio.com.br\/wp-content\/uploads\/2019\/08\/marca.png","contentUrl":"https:\/\/www.padreeustaquio.com.br\/wp-content\/uploads\/2019\/08\/marca.png","width":350,"height":400,"caption":"Padre Eust\u00e1quio"},"image":{"@id":"https:\/\/www.padreeustaquio.com.br\/#\/schema\/logo\/image\/"},"sameAs":["https:\/\/www.facebook.com\/beatopadreeustaquio\/","https:\/\/x.com\/beatopeustaquio","https:\/\/www.instagram.com\/beatopadreeustaquio\/","https:\/\/www.youtube.com\/channel\/UCRhw7vfabnajwLxb1ZXMeIw"]},{"@type":"Person","@id":"https:\/\/www.padreeustaquio.com.br\/#\/schema\/person\/a2a51db1d00f1a7af0204a0f1ddb1566","name":"@sscc","image":{"@type":"ImageObject","inLanguage":"es","@id":"https:\/\/secure.gravatar.com\/avatar\/68cfafa5f44617fea54071e215026e0ff06be366c3d54a8425f04fdcb86f8c5f?s=96&d=mm&r=g","url":"https:\/\/secure.gravatar.com\/avatar\/68cfafa5f44617fea54071e215026e0ff06be366c3d54a8425f04fdcb86f8c5f?s=96&d=mm&r=g","contentUrl":"https:\/\/secure.gravatar.com\/avatar\/68cfafa5f44617fea54071e215026e0ff06be366c3d54a8425f04fdcb86f8c5f?s=96&d=mm&r=g","caption":"@sscc"},"url":"https:\/\/www.padreeustaquio.com.br\/es\/author\/sscc\/"}]}},"_links":{"self":[{"href":"https:\/\/www.padreeustaquio.com.br\/es\/wp-json\/wp\/v2\/posts\/10344","targetHints":{"allow":["GET"]}}],"collection":[{"href":"https:\/\/www.padreeustaquio.com.br\/es\/wp-json\/wp\/v2\/posts"}],"about":[{"href":"https:\/\/www.padreeustaquio.com.br\/es\/wp-json\/wp\/v2\/types\/post"}],"author":[{"embeddable":true,"href":"https:\/\/www.padreeustaquio.com.br\/es\/wp-json\/wp\/v2\/users\/2"}],"replies":[{"embeddable":true,"href":"https:\/\/www.padreeustaquio.com.br\/es\/wp-json\/wp\/v2\/comments?post=10344"}],"version-history":[{"count":0,"href":"https:\/\/www.padreeustaquio.com.br\/es\/wp-json\/wp\/v2\/posts\/10344\/revisions"}],"wp:featuredmedia":[{"embeddable":true,"href":"https:\/\/www.padreeustaquio.com.br\/es\/wp-json\/wp\/v2\/media\/10345"}],"wp:attachment":[{"href":"https:\/\/www.padreeustaquio.com.br\/es\/wp-json\/wp\/v2\/media?parent=10344"}],"wp:term":[{"taxonomy":"category","embeddable":true,"href":"https:\/\/www.padreeustaquio.com.br\/es\/wp-json\/wp\/v2\/categories?post=10344"},{"taxonomy":"post_tag","embeddable":true,"href":"https:\/\/www.padreeustaquio.com.br\/es\/wp-json\/wp\/v2\/tags?post=10344"}],"curies":[{"name":"wp","href":"https:\/\/api.w.org\/{rel}","templated":true}]}}