{"id":10339,"date":"2023-05-05T06:18:00","date_gmt":"2023-05-05T09:18:00","guid":{"rendered":"https:\/\/www.padreeustaquio.com.br\/?p=10339"},"modified":"2023-05-03T19:01:41","modified_gmt":"2023-05-03T22:01:41","slug":"el-vicepostulador-se-reune-con-el-postulador-general-en-roma","status":"publish","type":"post","link":"https:\/\/www.padreeustaquio.com.br\/es\/el-vicepostulador-se-reune-con-el-postulador-general-en-roma\/","title":{"rendered":"El Vicepostulador se re\u00fane con el Postulador General en Roma"},"content":{"rendered":"<p>El Padre Marcus Vin\u00edcius Maciel, SSCC, Vicepostulador de la Causa de Canonizaci\u00f3n del Padre Eust\u00e1quio, se reuni\u00f3 esta semana con el Procurador General y Postulador de los procesos de la Congregaci\u00f3n de los Sagrados Corazones, Padre Andrzej Lukawski, SSCC, en la sede de la Congregaci\u00f3n en Roma, Italia. Ambos conversaron sobre el progreso del proceso de canonizaci\u00f3n del Padre Eust\u00e1quio.<\/p>\n\n\n\n<p>El Padre Vin\u00edcius fue recibido en la Casa General de los Hermanos por el Superior, Padre Alberto Toutin, SSCC, y posteriormente se reuni\u00f3 con el Postulador para una conversaci\u00f3n de poco m\u00e1s de una hora. Se aclararon varios puntos del proceso de canonizaci\u00f3n y se acord\u00f3 el procedimiento a seguir en esta etapa entre los dos representantes de la Causa del Padre Eust\u00e1quio.<\/p>\n\n\n\n<p>La canonizaci\u00f3n del Padre Eustaquio depende ahora de la aprobaci\u00f3n de un milagro m\u00e1s por parte del Dicasterio para las Causas de los Santos del Vaticano. Se est\u00e1n siguiendo todos los procedimientos establecidos por la Santa Sede para que el Padre Eustaquio sea declarado pronto santo por la Iglesia Cat\u00f3lica.<\/p>\n\n\n\n<p><\/p>\n\n\n\n<p><\/p>","protected":false},"excerpt":{"rendered":"<p>O padre Marcus Vin\u00edcius Maciel, SSCC, Vice-postulador da Causa de Canoniza\u00e7\u00e3o de Padre Eust\u00e1quio, se reuniu essa semana com o Procurador-Geral e Postulador dos processos da Congrega\u00e7\u00e3o dos Sagrados Cora\u00e7\u00f5es, Padre Andrzej Lukawski, SSCC, na sede da Congrega\u00e7\u00e3o em Roma, na It\u00e1lia. Os dois falaram sobre o andamento do processo de Canoniza\u00e7\u00e3o de Padre Eust\u00e1quio. Padre Vin\u00edcius foi recebido na Casa Geral dos Irm\u00e3os pelo Superior, Padre Alberto Toutin, SSCC, em seguida ele se encontrou com o Postulador para uma conversa de pouco mais de uma hora. Na pauta, v\u00e1rios pontos do processo de Canoniza\u00e7\u00e3o foram esclarecidos e a forma [&hellip;]<\/p>\n","protected":false},"author":2,"featured_media":10341,"comment_status":"open","ping_status":"closed","sticky":false,"template":"","format":"standard","meta":{"_acf_changed":false,"footnotes":""},"categories":[611],"tags":[],"class_list":["post-10339","post","type-post","status-publish","format-standard","has-post-thumbnail","hentry","category-noticias"],"acf":[],"yoast_head":"<!-- This site is optimized with the Yoast SEO plugin v27.2 - https:\/\/yoast.com\/product\/yoast-seo-wordpress\/ -->\n<title>Vice-postulador se encontra com Postulador-Geral em Roma<\/title>\n<meta name=\"description\" content=\"O padre Marcus Vin\u00edcius Maciel, SSCC, Vice-postulador da Causa de Canoniza\u00e7\u00e3o de Padre Eust\u00e1quio, se reuniu essa semana com o Procurador-Geral e Postulador dos processos da Congrega\u00e7\u00e3o dos Sagrados Cora\u00e7\u00f5es, Padre Andrzej Lukawski, SSCC, na sede da Congrega\u00e7\u00e3o em Roma, na It\u00e1lia. Os dois falaram sobre o andamento do processo de Canoniza\u00e7\u00e3o de Padre Eust\u00e1quio.\" \/>\n<meta name=\"robots\" content=\"index, follow, max-snippet:-1, max-image-preview:large, max-video-preview:-1\" \/>\n<link rel=\"canonical\" href=\"https:\/\/www.padreeustaquio.com.br\/es\/el-vicepostulador-se-reune-con-el-postulador-general-en-roma\/\" \/>\n<meta property=\"og:locale\" content=\"es_ES\" \/>\n<meta property=\"og:type\" content=\"article\" \/>\n<meta property=\"og:title\" content=\"Vice-postulador se encontra com Postulador-Geral em Roma\" \/>\n<meta property=\"og:description\" content=\"O padre Marcus Vin\u00edcius Maciel, SSCC, Vice-postulador da Causa de Canoniza\u00e7\u00e3o de Padre Eust\u00e1quio, se reuniu essa semana com o Procurador-Geral e Postulador dos processos da Congrega\u00e7\u00e3o dos Sagrados Cora\u00e7\u00f5es, Padre Andrzej Lukawski, SSCC, na sede da Congrega\u00e7\u00e3o em Roma, na It\u00e1lia. Os dois falaram sobre o andamento do processo de Canoniza\u00e7\u00e3o de Padre Eust\u00e1quio.\" \/>\n<meta property=\"og:url\" content=\"https:\/\/www.padreeustaquio.com.br\/es\/el-vicepostulador-se-reune-con-el-postulador-general-en-roma\/\" \/>\n<meta property=\"og:site_name\" content=\"Padre Eust\u00e1quio\" \/>\n<meta property=\"article:publisher\" content=\"https:\/\/www.facebook.com\/beatopadreeustaquio\/\" \/>\n<meta property=\"article:published_time\" content=\"2023-05-05T09:18:00+00:00\" \/>\n<meta property=\"og:image\" content=\"https:\/\/www.padreeustaquio.com.br\/wp-content\/uploads\/2023\/05\/andrjez-e-vinicius-e1683151291964.jpeg\" \/>\n\t<meta property=\"og:image:width\" content=\"1600\" \/>\n\t<meta property=\"og:image:height\" content=\"884\" \/>\n\t<meta property=\"og:image:type\" content=\"image\/jpeg\" \/>\n<meta name=\"author\" content=\"@sscc\" \/>\n<meta name=\"twitter:card\" content=\"summary_large_image\" \/>\n<meta name=\"twitter:creator\" content=\"@beatopeustaquio\" \/>\n<meta name=\"twitter:site\" content=\"@beatopeustaquio\" \/>\n<meta name=\"twitter:label1\" content=\"Escrito por\" \/>\n\t<meta name=\"twitter:data1\" content=\"@sscc\" \/>\n\t<meta name=\"twitter:label2\" content=\"Tiempo de lectura\" \/>\n\t<meta name=\"twitter:data2\" content=\"1 minuto\" \/>\n<script type=\"application\/ld+json\" class=\"yoast-schema-graph\">{\"@context\":\"https:\/\/schema.org\",\"@graph\":[{\"@type\":\"Article\",\"@id\":\"https:\/\/www.padreeustaquio.com.br\/vice-postulador-se-encontra-com-postulador-geral-em-roma\/#article\",\"isPartOf\":{\"@id\":\"https:\/\/www.padreeustaquio.com.br\/vice-postulador-se-encontra-com-postulador-geral-em-roma\/\"},\"author\":{\"name\":\"@sscc\",\"@id\":\"https:\/\/www.padreeustaquio.com.br\/#\/schema\/person\/a2a51db1d00f1a7af0204a0f1ddb1566\"},\"headline\":\"Vice-postulador se encontra com Postulador-Geral em Roma\",\"datePublished\":\"2023-05-05T09:18:00+00:00\",\"mainEntityOfPage\":{\"@id\":\"https:\/\/www.padreeustaquio.com.br\/vice-postulador-se-encontra-com-postulador-geral-em-roma\/\"},\"wordCount\":190,\"commentCount\":0,\"publisher\":{\"@id\":\"https:\/\/www.padreeustaquio.com.br\/#organization\"},\"image\":{\"@id\":\"https:\/\/www.padreeustaquio.com.br\/vice-postulador-se-encontra-com-postulador-geral-em-roma\/#primaryimage\"},\"thumbnailUrl\":\"https:\/\/www.padreeustaquio.com.br\/wp-content\/uploads\/2023\/05\/andrjez-e-vinicius-e1683151291964.jpeg\",\"articleSection\":[\"Not\u00edcias\"],\"inLanguage\":\"es\",\"potentialAction\":[{\"@type\":\"CommentAction\",\"name\":\"Comment\",\"target\":[\"https:\/\/www.padreeustaquio.com.br\/vice-postulador-se-encontra-com-postulador-geral-em-roma\/#respond\"]}]},{\"@type\":\"WebPage\",\"@id\":\"https:\/\/www.padreeustaquio.com.br\/vice-postulador-se-encontra-com-postulador-geral-em-roma\/\",\"url\":\"https:\/\/www.padreeustaquio.com.br\/vice-postulador-se-encontra-com-postulador-geral-em-roma\/\",\"name\":\"Vice-postulador se encontra com Postulador-Geral em Roma\",\"isPartOf\":{\"@id\":\"https:\/\/www.padreeustaquio.com.br\/#website\"},\"primaryImageOfPage\":{\"@id\":\"https:\/\/www.padreeustaquio.com.br\/vice-postulador-se-encontra-com-postulador-geral-em-roma\/#primaryimage\"},\"image\":{\"@id\":\"https:\/\/www.padreeustaquio.com.br\/vice-postulador-se-encontra-com-postulador-geral-em-roma\/#primaryimage\"},\"thumbnailUrl\":\"https:\/\/www.padreeustaquio.com.br\/wp-content\/uploads\/2023\/05\/andrjez-e-vinicius-e1683151291964.jpeg\",\"datePublished\":\"2023-05-05T09:18:00+00:00\",\"description\":\"O padre Marcus Vin\u00edcius Maciel, SSCC, Vice-postulador da Causa de Canoniza\u00e7\u00e3o de Padre Eust\u00e1quio, se reuniu essa semana com o Procurador-Geral e Postulador dos processos da Congrega\u00e7\u00e3o dos Sagrados Cora\u00e7\u00f5es, Padre Andrzej Lukawski, SSCC, na sede da Congrega\u00e7\u00e3o em Roma, na It\u00e1lia. Os dois falaram sobre o andamento do processo de Canoniza\u00e7\u00e3o de Padre Eust\u00e1quio.\",\"breadcrumb\":{\"@id\":\"https:\/\/www.padreeustaquio.com.br\/vice-postulador-se-encontra-com-postulador-geral-em-roma\/#breadcrumb\"},\"inLanguage\":\"es\",\"potentialAction\":[{\"@type\":\"ReadAction\",\"target\":[\"https:\/\/www.padreeustaquio.com.br\/vice-postulador-se-encontra-com-postulador-geral-em-roma\/\"]}]},{\"@type\":\"ImageObject\",\"inLanguage\":\"es\",\"@id\":\"https:\/\/www.padreeustaquio.com.br\/vice-postulador-se-encontra-com-postulador-geral-em-roma\/#primaryimage\",\"url\":\"https:\/\/www.padreeustaquio.com.br\/wp-content\/uploads\/2023\/05\/andrjez-e-vinicius-e1683151291964.jpeg\",\"contentUrl\":\"https:\/\/www.padreeustaquio.com.br\/wp-content\/uploads\/2023\/05\/andrjez-e-vinicius-e1683151291964.jpeg\",\"width\":1600,\"height\":884},{\"@type\":\"BreadcrumbList\",\"@id\":\"https:\/\/www.padreeustaquio.com.br\/vice-postulador-se-encontra-com-postulador-geral-em-roma\/#breadcrumb\",\"itemListElement\":[{\"@type\":\"ListItem\",\"position\":1,\"name\":\"In\u00edcio\",\"item\":\"https:\/\/www.padreeustaquio.com.br\/\"},{\"@type\":\"ListItem\",\"position\":2,\"name\":\"Vice-postulador se encontra com Postulador-Geral em Roma\"}]},{\"@type\":\"WebSite\",\"@id\":\"https:\/\/www.padreeustaquio.com.br\/#website\",\"url\":\"https:\/\/www.padreeustaquio.com.br\/\",\"name\":\"Padre Eust\u00e1quio\",\"description\":\"Sa\u00fade e Paz\",\"publisher\":{\"@id\":\"https:\/\/www.padreeustaquio.com.br\/#organization\"},\"potentialAction\":[{\"@type\":\"SearchAction\",\"target\":{\"@type\":\"EntryPoint\",\"urlTemplate\":\"https:\/\/www.padreeustaquio.com.br\/?s={search_term_string}\"},\"query-input\":{\"@type\":\"PropertyValueSpecification\",\"valueRequired\":true,\"valueName\":\"search_term_string\"}}],\"inLanguage\":\"es\"},{\"@type\":\"Organization\",\"@id\":\"https:\/\/www.padreeustaquio.com.br\/#organization\",\"name\":\"Padre Eust\u00e1quio\",\"url\":\"https:\/\/www.padreeustaquio.com.br\/\",\"logo\":{\"@type\":\"ImageObject\",\"inLanguage\":\"es\",\"@id\":\"https:\/\/www.padreeustaquio.com.br\/#\/schema\/logo\/image\/\",\"url\":\"https:\/\/www.padreeustaquio.com.br\/wp-content\/uploads\/2019\/08\/marca.png\",\"contentUrl\":\"https:\/\/www.padreeustaquio.com.br\/wp-content\/uploads\/2019\/08\/marca.png\",\"width\":350,\"height\":400,\"caption\":\"Padre Eust\u00e1quio\"},\"image\":{\"@id\":\"https:\/\/www.padreeustaquio.com.br\/#\/schema\/logo\/image\/\"},\"sameAs\":[\"https:\/\/www.facebook.com\/beatopadreeustaquio\/\",\"https:\/\/x.com\/beatopeustaquio\",\"https:\/\/www.instagram.com\/beatopadreeustaquio\/\",\"https:\/\/www.youtube.com\/channel\/UCRhw7vfabnajwLxb1ZXMeIw\"]},{\"@type\":\"Person\",\"@id\":\"https:\/\/www.padreeustaquio.com.br\/#\/schema\/person\/a2a51db1d00f1a7af0204a0f1ddb1566\",\"name\":\"@sscc\",\"image\":{\"@type\":\"ImageObject\",\"inLanguage\":\"es\",\"@id\":\"https:\/\/secure.gravatar.com\/avatar\/68cfafa5f44617fea54071e215026e0ff06be366c3d54a8425f04fdcb86f8c5f?s=96&d=mm&r=g\",\"url\":\"https:\/\/secure.gravatar.com\/avatar\/68cfafa5f44617fea54071e215026e0ff06be366c3d54a8425f04fdcb86f8c5f?s=96&d=mm&r=g\",\"contentUrl\":\"https:\/\/secure.gravatar.com\/avatar\/68cfafa5f44617fea54071e215026e0ff06be366c3d54a8425f04fdcb86f8c5f?s=96&d=mm&r=g\",\"caption\":\"@sscc\"},\"url\":\"https:\/\/www.padreeustaquio.com.br\/es\/author\/sscc\/\"}]}<\/script>\n<!-- \/ Yoast SEO plugin. -->","yoast_head_json":{"title":"El Vicepostulador se re\u00fane con el Postulador General en Roma","description":"El Padre Marcus Vin\u00edcius Maciel, SSCC, Vicepostulador de la Causa de Canonizaci\u00f3n del Padre Eust\u00e1quio, se reuni\u00f3 esta semana con el Procurador General y Postulador de los procesos de la Congregaci\u00f3n de los Sagrados Corazones, Padre Andrzej Lukawski, SSCC, en la sede de la Congregaci\u00f3n en Roma, Italia. Ambos conversaron sobre el progreso del proceso de canonizaci\u00f3n del Padre Eust\u00e1quio.","robots":{"index":"index","follow":"follow","max-snippet":"max-snippet:-1","max-image-preview":"max-image-preview:large","max-video-preview":"max-video-preview:-1"},"canonical":"https:\/\/www.padreeustaquio.com.br\/es\/el-vicepostulador-se-reune-con-el-postulador-general-en-roma\/","og_locale":"es_ES","og_type":"article","og_title":"Vice-postulador se encontra com Postulador-Geral em Roma","og_description":"O padre Marcus Vin\u00edcius Maciel, SSCC, Vice-postulador da Causa de Canoniza\u00e7\u00e3o de Padre Eust\u00e1quio, se reuniu essa semana com o Procurador-Geral e Postulador dos processos da Congrega\u00e7\u00e3o dos Sagrados Cora\u00e7\u00f5es, Padre Andrzej Lukawski, SSCC, na sede da Congrega\u00e7\u00e3o em Roma, na It\u00e1lia. Os dois falaram sobre o andamento do processo de Canoniza\u00e7\u00e3o de Padre Eust\u00e1quio.","og_url":"https:\/\/www.padreeustaquio.com.br\/es\/el-vicepostulador-se-reune-con-el-postulador-general-en-roma\/","og_site_name":"Padre Eust\u00e1quio","article_publisher":"https:\/\/www.facebook.com\/beatopadreeustaquio\/","article_published_time":"2023-05-05T09:18:00+00:00","og_image":[{"width":1600,"height":884,"url":"https:\/\/www.padreeustaquio.com.br\/wp-content\/uploads\/2023\/05\/andrjez-e-vinicius-e1683151291964.jpeg","type":"image\/jpeg"}],"author":"@sscc","twitter_card":"summary_large_image","twitter_creator":"@beatopeustaquio","twitter_site":"@beatopeustaquio","twitter_misc":{"Escrito por":"@sscc","Tiempo de lectura":"1 minuto"},"schema":{"@context":"https:\/\/schema.org","@graph":[{"@type":"Article","@id":"https:\/\/www.padreeustaquio.com.br\/vice-postulador-se-encontra-com-postulador-geral-em-roma\/#article","isPartOf":{"@id":"https:\/\/www.padreeustaquio.com.br\/vice-postulador-se-encontra-com-postulador-geral-em-roma\/"},"author":{"name":"@sscc","@id":"https:\/\/www.padreeustaquio.com.br\/#\/schema\/person\/a2a51db1d00f1a7af0204a0f1ddb1566"},"headline":"Vice-postulador se encontra com Postulador-Geral em Roma","datePublished":"2023-05-05T09:18:00+00:00","mainEntityOfPage":{"@id":"https:\/\/www.padreeustaquio.com.br\/vice-postulador-se-encontra-com-postulador-geral-em-roma\/"},"wordCount":190,"commentCount":0,"publisher":{"@id":"https:\/\/www.padreeustaquio.com.br\/#organization"},"image":{"@id":"https:\/\/www.padreeustaquio.com.br\/vice-postulador-se-encontra-com-postulador-geral-em-roma\/#primaryimage"},"thumbnailUrl":"https:\/\/www.padreeustaquio.com.br\/wp-content\/uploads\/2023\/05\/andrjez-e-vinicius-e1683151291964.jpeg","articleSection":["Not\u00edcias"],"inLanguage":"es","potentialAction":[{"@type":"CommentAction","name":"Comment","target":["https:\/\/www.padreeustaquio.com.br\/vice-postulador-se-encontra-com-postulador-geral-em-roma\/#respond"]}]},{"@type":"WebPage","@id":"https:\/\/www.padreeustaquio.com.br\/vice-postulador-se-encontra-com-postulador-geral-em-roma\/","url":"https:\/\/www.padreeustaquio.com.br\/vice-postulador-se-encontra-com-postulador-geral-em-roma\/","name":"El Vicepostulador se re\u00fane con el Postulador General en Roma","isPartOf":{"@id":"https:\/\/www.padreeustaquio.com.br\/#website"},"primaryImageOfPage":{"@id":"https:\/\/www.padreeustaquio.com.br\/vice-postulador-se-encontra-com-postulador-geral-em-roma\/#primaryimage"},"image":{"@id":"https:\/\/www.padreeustaquio.com.br\/vice-postulador-se-encontra-com-postulador-geral-em-roma\/#primaryimage"},"thumbnailUrl":"https:\/\/www.padreeustaquio.com.br\/wp-content\/uploads\/2023\/05\/andrjez-e-vinicius-e1683151291964.jpeg","datePublished":"2023-05-05T09:18:00+00:00","description":"El Padre Marcus Vin\u00edcius Maciel, SSCC, Vicepostulador de la Causa de Canonizaci\u00f3n del Padre Eust\u00e1quio, se reuni\u00f3 esta semana con el Procurador General y Postulador de los procesos de la Congregaci\u00f3n de los Sagrados Corazones, Padre Andrzej Lukawski, SSCC, en la sede de la Congregaci\u00f3n en Roma, Italia. Ambos conversaron sobre el progreso del proceso de canonizaci\u00f3n del Padre Eust\u00e1quio.","breadcrumb":{"@id":"https:\/\/www.padreeustaquio.com.br\/vice-postulador-se-encontra-com-postulador-geral-em-roma\/#breadcrumb"},"inLanguage":"es","potentialAction":[{"@type":"ReadAction","target":["https:\/\/www.padreeustaquio.com.br\/vice-postulador-se-encontra-com-postulador-geral-em-roma\/"]}]},{"@type":"ImageObject","inLanguage":"es","@id":"https:\/\/www.padreeustaquio.com.br\/vice-postulador-se-encontra-com-postulador-geral-em-roma\/#primaryimage","url":"https:\/\/www.padreeustaquio.com.br\/wp-content\/uploads\/2023\/05\/andrjez-e-vinicius-e1683151291964.jpeg","contentUrl":"https:\/\/www.padreeustaquio.com.br\/wp-content\/uploads\/2023\/05\/andrjez-e-vinicius-e1683151291964.jpeg","width":1600,"height":884},{"@type":"BreadcrumbList","@id":"https:\/\/www.padreeustaquio.com.br\/vice-postulador-se-encontra-com-postulador-geral-em-roma\/#breadcrumb","itemListElement":[{"@type":"ListItem","position":1,"name":"In\u00edcio","item":"https:\/\/www.padreeustaquio.com.br\/"},{"@type":"ListItem","position":2,"name":"Vice-postulador se encontra com Postulador-Geral em Roma"}]},{"@type":"WebSite","@id":"https:\/\/www.padreeustaquio.com.br\/#website","url":"https:\/\/www.padreeustaquio.com.br\/","name":"Padre Eustace","description":"Salud y Paz","publisher":{"@id":"https:\/\/www.padreeustaquio.com.br\/#organization"},"potentialAction":[{"@type":"SearchAction","target":{"@type":"EntryPoint","urlTemplate":"https:\/\/www.padreeustaquio.com.br\/?s={search_term_string}"},"query-input":{"@type":"PropertyValueSpecification","valueRequired":true,"valueName":"search_term_string"}}],"inLanguage":"es"},{"@type":"Organization","@id":"https:\/\/www.padreeustaquio.com.br\/#organization","name":"Padre Eustace","url":"https:\/\/www.padreeustaquio.com.br\/","logo":{"@type":"ImageObject","inLanguage":"es","@id":"https:\/\/www.padreeustaquio.com.br\/#\/schema\/logo\/image\/","url":"https:\/\/www.padreeustaquio.com.br\/wp-content\/uploads\/2019\/08\/marca.png","contentUrl":"https:\/\/www.padreeustaquio.com.br\/wp-content\/uploads\/2019\/08\/marca.png","width":350,"height":400,"caption":"Padre Eust\u00e1quio"},"image":{"@id":"https:\/\/www.padreeustaquio.com.br\/#\/schema\/logo\/image\/"},"sameAs":["https:\/\/www.facebook.com\/beatopadreeustaquio\/","https:\/\/x.com\/beatopeustaquio","https:\/\/www.instagram.com\/beatopadreeustaquio\/","https:\/\/www.youtube.com\/channel\/UCRhw7vfabnajwLxb1ZXMeIw"]},{"@type":"Person","@id":"https:\/\/www.padreeustaquio.com.br\/#\/schema\/person\/a2a51db1d00f1a7af0204a0f1ddb1566","name":"@sscc","image":{"@type":"ImageObject","inLanguage":"es","@id":"https:\/\/secure.gravatar.com\/avatar\/68cfafa5f44617fea54071e215026e0ff06be366c3d54a8425f04fdcb86f8c5f?s=96&d=mm&r=g","url":"https:\/\/secure.gravatar.com\/avatar\/68cfafa5f44617fea54071e215026e0ff06be366c3d54a8425f04fdcb86f8c5f?s=96&d=mm&r=g","contentUrl":"https:\/\/secure.gravatar.com\/avatar\/68cfafa5f44617fea54071e215026e0ff06be366c3d54a8425f04fdcb86f8c5f?s=96&d=mm&r=g","caption":"@sscc"},"url":"https:\/\/www.padreeustaquio.com.br\/es\/author\/sscc\/"}]}},"_links":{"self":[{"href":"https:\/\/www.padreeustaquio.com.br\/es\/wp-json\/wp\/v2\/posts\/10339","targetHints":{"allow":["GET"]}}],"collection":[{"href":"https:\/\/www.padreeustaquio.com.br\/es\/wp-json\/wp\/v2\/posts"}],"about":[{"href":"https:\/\/www.padreeustaquio.com.br\/es\/wp-json\/wp\/v2\/types\/post"}],"author":[{"embeddable":true,"href":"https:\/\/www.padreeustaquio.com.br\/es\/wp-json\/wp\/v2\/users\/2"}],"replies":[{"embeddable":true,"href":"https:\/\/www.padreeustaquio.com.br\/es\/wp-json\/wp\/v2\/comments?post=10339"}],"version-history":[{"count":0,"href":"https:\/\/www.padreeustaquio.com.br\/es\/wp-json\/wp\/v2\/posts\/10339\/revisions"}],"wp:featuredmedia":[{"embeddable":true,"href":"https:\/\/www.padreeustaquio.com.br\/es\/wp-json\/wp\/v2\/media\/10341"}],"wp:attachment":[{"href":"https:\/\/www.padreeustaquio.com.br\/es\/wp-json\/wp\/v2\/media?parent=10339"}],"wp:term":[{"taxonomy":"category","embeddable":true,"href":"https:\/\/www.padreeustaquio.com.br\/es\/wp-json\/wp\/v2\/categories?post=10339"},{"taxonomy":"post_tag","embeddable":true,"href":"https:\/\/www.padreeustaquio.com.br\/es\/wp-json\/wp\/v2\/tags?post=10339"}],"curies":[{"name":"wp","href":"https:\/\/api.w.org\/{rel}","templated":true}]}}