{"id":10336,"date":"2023-05-04T12:00:00","date_gmt":"2023-05-04T15:00:00","guid":{"rendered":"https:\/\/www.padreeustaquio.com.br\/?p=10336"},"modified":"2023-05-03T17:16:09","modified_gmt":"2023-05-03T20:16:09","slug":"infancia-misionera-realiza-pre-congreso-en-el-santuario-de-salud-y-paz","status":"publish","type":"post","link":"https:\/\/www.padreeustaquio.com.br\/es\/infancia-misionera-realiza-pre-congreso-en-el-santuario-de-salud-y-paz\/","title":{"rendered":"Infancia Misionera realiza pre-Congreso en el Santuario de Salud y Paz"},"content":{"rendered":"<p>Este fin de semana, el Santuario Arquidiocesano de Salud y Paz, la Iglesia del Beato Padre Eust\u00e1quio, acoger\u00e1 el precongreso de la Infancia y Adolescencia Misionera. El evento precede al 7.\u00ba Encuentro Estatal, que tambi\u00e9n se celebrar\u00e1 en el Santuario en julio. Se espera la asistencia de unos 100 ni\u00f1os y adolescentes activos en la arquidi\u00f3cesis. <\/p>\n\n\n\n<p>Programado para este domingo, 7 de mayo, el pre-congreso contar\u00e1 con conferencias, actividades recreativas, celebraciones y mucho intercambio de experiencias entre ni\u00f1os y adolescentes participantes del Movimiento IAM en la Arquidi\u00f3cesis de Belo Horizonte.<\/p>\n\n\n\n<p>Durante el evento, se realizar\u00e1 la Consagraci\u00f3n de los ni\u00f1os a Nuestra Se\u00f1ora, como es costumbre para quienes llevan al menos un a\u00f1o participando en la IAM (Misionera de la Infancia y la Adolescencia). Quienes ya han sido consagrados renuevan su compromiso con la Iglesia y con la evangelizaci\u00f3n entre los ni\u00f1os.<\/p>\n\n\n\n<p>Para finalizar el evento, todos est\u00e1n invitados a participar de la Santa Misa a las 10:00 AM, que ser\u00e1 transmitida por el Canal del Padre Eust\u00e1quio en YouTube.<\/p>\n\n\n\n<p>El precongreso es una preparaci\u00f3n para el 7.\u00ba Encuentro Estatal, que se celebrar\u00e1 del 21 al 23 de julio, tambi\u00e9n en el Santuario de Belo Horizonte, MG. El evento de julio tendr\u00e1 como tema: \u201cLa alegr\u00eda de la comuni\u00f3n en la misi\u00f3n\u201d y como lema: \u201cCorazones ardientes, pies en camino\u201d (Lc 24,32-33). Participar\u00e1n ni\u00f1os del programa de Infancia y Adolescencia Misionera de diversas partes del estado.<\/p>\n\n\n\n<p><\/p>","protected":false},"excerpt":{"rendered":"<p>Neste final de semana o Santu\u00e1rio Arquidiocesano da Sa\u00fade e da Paz, a Igreja do Beato Padre Eust\u00e1quio, recebe o pr\u00e9-Congresso da Inf\u00e2ncia e Adolesc\u00eancia Mission\u00e1ria. O evento antecede ao 7\u00ba Encontro Estadual que ir\u00e1 acontecer em julho tamb\u00e9m no Santu\u00e1rio. S\u00e3o esperadas cerca de 100 crian\u00e7as e adolescentes atuantes na arquidiocese. Marcado para ser neste domingo, dia 7 de maio, o pr\u00e9-congresso ter\u00e1 palestras, atividades de recrea\u00e7\u00e3o, celebra\u00e7\u00f5es e muita troca de experi\u00eancia entre crian\u00e7as e adolescentes que participam do Movimento da IAM na Arquidiocese de Belo Horizonte. Durante o evento haver\u00e1 a Consagra\u00e7\u00e3o das crian\u00e7as \u00e0 Nossa Senhora [&hellip;]<\/p>\n","protected":false},"author":2,"featured_media":10337,"comment_status":"open","ping_status":"closed","sticky":false,"template":"","format":"standard","meta":{"_acf_changed":false,"footnotes":""},"categories":[611],"tags":[],"class_list":["post-10336","post","type-post","status-publish","format-standard","has-post-thumbnail","hentry","category-noticias"],"acf":[],"yoast_head":"<!-- This site is optimized with the Yoast SEO plugin v27.2 - https:\/\/yoast.com\/product\/yoast-seo-wordpress\/ -->\n<title>Inf\u00e2ncia Mission\u00e1ria realiza pr\u00e9-Congresso no Santu\u00e1rio da Sa\u00fade e da Paz - Padre Eust\u00e1quio<\/title>\n<meta name=\"robots\" content=\"index, follow, max-snippet:-1, max-image-preview:large, max-video-preview:-1\" \/>\n<link rel=\"canonical\" href=\"https:\/\/www.padreeustaquio.com.br\/es\/infancia-misionera-realiza-pre-congreso-en-el-santuario-de-salud-y-paz\/\" \/>\n<meta property=\"og:locale\" content=\"es_ES\" \/>\n<meta property=\"og:type\" content=\"article\" \/>\n<meta property=\"og:title\" content=\"Inf\u00e2ncia Mission\u00e1ria realiza pr\u00e9-Congresso no Santu\u00e1rio da Sa\u00fade e da Paz - Padre Eust\u00e1quio\" \/>\n<meta property=\"og:description\" content=\"Neste final de semana o Santu\u00e1rio Arquidiocesano da Sa\u00fade e da Paz, a Igreja do Beato Padre Eust\u00e1quio, recebe o pr\u00e9-Congresso da Inf\u00e2ncia e Adolesc\u00eancia Mission\u00e1ria. O evento antecede ao 7\u00ba Encontro Estadual que ir\u00e1 acontecer em julho tamb\u00e9m no Santu\u00e1rio. S\u00e3o esperadas cerca de 100 crian\u00e7as e adolescentes atuantes na arquidiocese. Marcado para ser neste domingo, dia 7 de maio, o pr\u00e9-congresso ter\u00e1 palestras, atividades de recrea\u00e7\u00e3o, celebra\u00e7\u00f5es e muita troca de experi\u00eancia entre crian\u00e7as e adolescentes que participam do Movimento da IAM na Arquidiocese de Belo Horizonte. Durante o evento haver\u00e1 a Consagra\u00e7\u00e3o das crian\u00e7as \u00e0 Nossa Senhora [&hellip;]\" \/>\n<meta property=\"og:url\" content=\"https:\/\/www.padreeustaquio.com.br\/es\/infancia-misionera-realiza-pre-congreso-en-el-santuario-de-salud-y-paz\/\" \/>\n<meta property=\"og:site_name\" content=\"Padre Eust\u00e1quio\" \/>\n<meta property=\"article:publisher\" content=\"https:\/\/www.facebook.com\/beatopadreeustaquio\/\" \/>\n<meta property=\"article:published_time\" content=\"2023-05-04T15:00:00+00:00\" \/>\n<meta property=\"og:image\" content=\"https:\/\/www.padreeustaquio.com.br\/wp-content\/uploads\/2023\/05\/pre-congresso-iam.jpg\" \/>\n\t<meta property=\"og:image:width\" content=\"748\" \/>\n\t<meta property=\"og:image:height\" content=\"394\" \/>\n\t<meta property=\"og:image:type\" content=\"image\/jpeg\" \/>\n<meta name=\"author\" content=\"@sscc\" \/>\n<meta name=\"twitter:card\" content=\"summary_large_image\" \/>\n<meta name=\"twitter:creator\" content=\"@beatopeustaquio\" \/>\n<meta name=\"twitter:site\" content=\"@beatopeustaquio\" \/>\n<meta name=\"twitter:label1\" content=\"Escrito por\" \/>\n\t<meta name=\"twitter:data1\" content=\"@sscc\" \/>\n\t<meta name=\"twitter:label2\" content=\"Tiempo de lectura\" \/>\n\t<meta name=\"twitter:data2\" content=\"2 minutos\" \/>\n<script type=\"application\/ld+json\" class=\"yoast-schema-graph\">{\"@context\":\"https:\/\/schema.org\",\"@graph\":[{\"@type\":\"Article\",\"@id\":\"https:\/\/www.padreeustaquio.com.br\/infancia-missionaria-realiza-pre-congresso-no-santuario-da-saude-e-da-paz\/#article\",\"isPartOf\":{\"@id\":\"https:\/\/www.padreeustaquio.com.br\/infancia-missionaria-realiza-pre-congresso-no-santuario-da-saude-e-da-paz\/\"},\"author\":{\"name\":\"@sscc\",\"@id\":\"https:\/\/www.padreeustaquio.com.br\/#\/schema\/person\/a2a51db1d00f1a7af0204a0f1ddb1566\"},\"headline\":\"Inf\u00e2ncia Mission\u00e1ria realiza pr\u00e9-Congresso no Santu\u00e1rio da Sa\u00fade e da Paz\",\"datePublished\":\"2023-05-04T15:00:00+00:00\",\"mainEntityOfPage\":{\"@id\":\"https:\/\/www.padreeustaquio.com.br\/infancia-missionaria-realiza-pre-congresso-no-santuario-da-saude-e-da-paz\/\"},\"wordCount\":265,\"commentCount\":0,\"publisher\":{\"@id\":\"https:\/\/www.padreeustaquio.com.br\/#organization\"},\"image\":{\"@id\":\"https:\/\/www.padreeustaquio.com.br\/infancia-missionaria-realiza-pre-congresso-no-santuario-da-saude-e-da-paz\/#primaryimage\"},\"thumbnailUrl\":\"https:\/\/www.padreeustaquio.com.br\/wp-content\/uploads\/2023\/05\/pre-congresso-iam.jpg\",\"articleSection\":[\"Not\u00edcias\"],\"inLanguage\":\"es\",\"potentialAction\":[{\"@type\":\"CommentAction\",\"name\":\"Comment\",\"target\":[\"https:\/\/www.padreeustaquio.com.br\/infancia-missionaria-realiza-pre-congresso-no-santuario-da-saude-e-da-paz\/#respond\"]}]},{\"@type\":\"WebPage\",\"@id\":\"https:\/\/www.padreeustaquio.com.br\/infancia-missionaria-realiza-pre-congresso-no-santuario-da-saude-e-da-paz\/\",\"url\":\"https:\/\/www.padreeustaquio.com.br\/infancia-missionaria-realiza-pre-congresso-no-santuario-da-saude-e-da-paz\/\",\"name\":\"Inf\u00e2ncia Mission\u00e1ria realiza pr\u00e9-Congresso no Santu\u00e1rio da Sa\u00fade e da Paz - Padre Eust\u00e1quio\",\"isPartOf\":{\"@id\":\"https:\/\/www.padreeustaquio.com.br\/#website\"},\"primaryImageOfPage\":{\"@id\":\"https:\/\/www.padreeustaquio.com.br\/infancia-missionaria-realiza-pre-congresso-no-santuario-da-saude-e-da-paz\/#primaryimage\"},\"image\":{\"@id\":\"https:\/\/www.padreeustaquio.com.br\/infancia-missionaria-realiza-pre-congresso-no-santuario-da-saude-e-da-paz\/#primaryimage\"},\"thumbnailUrl\":\"https:\/\/www.padreeustaquio.com.br\/wp-content\/uploads\/2023\/05\/pre-congresso-iam.jpg\",\"datePublished\":\"2023-05-04T15:00:00+00:00\",\"breadcrumb\":{\"@id\":\"https:\/\/www.padreeustaquio.com.br\/infancia-missionaria-realiza-pre-congresso-no-santuario-da-saude-e-da-paz\/#breadcrumb\"},\"inLanguage\":\"es\",\"potentialAction\":[{\"@type\":\"ReadAction\",\"target\":[\"https:\/\/www.padreeustaquio.com.br\/infancia-missionaria-realiza-pre-congresso-no-santuario-da-saude-e-da-paz\/\"]}]},{\"@type\":\"ImageObject\",\"inLanguage\":\"es\",\"@id\":\"https:\/\/www.padreeustaquio.com.br\/infancia-missionaria-realiza-pre-congresso-no-santuario-da-saude-e-da-paz\/#primaryimage\",\"url\":\"https:\/\/www.padreeustaquio.com.br\/wp-content\/uploads\/2023\/05\/pre-congresso-iam.jpg\",\"contentUrl\":\"https:\/\/www.padreeustaquio.com.br\/wp-content\/uploads\/2023\/05\/pre-congresso-iam.jpg\",\"width\":748,\"height\":394},{\"@type\":\"BreadcrumbList\",\"@id\":\"https:\/\/www.padreeustaquio.com.br\/infancia-missionaria-realiza-pre-congresso-no-santuario-da-saude-e-da-paz\/#breadcrumb\",\"itemListElement\":[{\"@type\":\"ListItem\",\"position\":1,\"name\":\"In\u00edcio\",\"item\":\"https:\/\/www.padreeustaquio.com.br\/\"},{\"@type\":\"ListItem\",\"position\":2,\"name\":\"Inf\u00e2ncia Mission\u00e1ria realiza pr\u00e9-Congresso no Santu\u00e1rio da Sa\u00fade e da Paz\"}]},{\"@type\":\"WebSite\",\"@id\":\"https:\/\/www.padreeustaquio.com.br\/#website\",\"url\":\"https:\/\/www.padreeustaquio.com.br\/\",\"name\":\"Padre Eust\u00e1quio\",\"description\":\"Sa\u00fade e Paz\",\"publisher\":{\"@id\":\"https:\/\/www.padreeustaquio.com.br\/#organization\"},\"potentialAction\":[{\"@type\":\"SearchAction\",\"target\":{\"@type\":\"EntryPoint\",\"urlTemplate\":\"https:\/\/www.padreeustaquio.com.br\/?s={search_term_string}\"},\"query-input\":{\"@type\":\"PropertyValueSpecification\",\"valueRequired\":true,\"valueName\":\"search_term_string\"}}],\"inLanguage\":\"es\"},{\"@type\":\"Organization\",\"@id\":\"https:\/\/www.padreeustaquio.com.br\/#organization\",\"name\":\"Padre Eust\u00e1quio\",\"url\":\"https:\/\/www.padreeustaquio.com.br\/\",\"logo\":{\"@type\":\"ImageObject\",\"inLanguage\":\"es\",\"@id\":\"https:\/\/www.padreeustaquio.com.br\/#\/schema\/logo\/image\/\",\"url\":\"https:\/\/www.padreeustaquio.com.br\/wp-content\/uploads\/2019\/08\/marca.png\",\"contentUrl\":\"https:\/\/www.padreeustaquio.com.br\/wp-content\/uploads\/2019\/08\/marca.png\",\"width\":350,\"height\":400,\"caption\":\"Padre Eust\u00e1quio\"},\"image\":{\"@id\":\"https:\/\/www.padreeustaquio.com.br\/#\/schema\/logo\/image\/\"},\"sameAs\":[\"https:\/\/www.facebook.com\/beatopadreeustaquio\/\",\"https:\/\/x.com\/beatopeustaquio\",\"https:\/\/www.instagram.com\/beatopadreeustaquio\/\",\"https:\/\/www.youtube.com\/channel\/UCRhw7vfabnajwLxb1ZXMeIw\"]},{\"@type\":\"Person\",\"@id\":\"https:\/\/www.padreeustaquio.com.br\/#\/schema\/person\/a2a51db1d00f1a7af0204a0f1ddb1566\",\"name\":\"@sscc\",\"image\":{\"@type\":\"ImageObject\",\"inLanguage\":\"es\",\"@id\":\"https:\/\/secure.gravatar.com\/avatar\/68cfafa5f44617fea54071e215026e0ff06be366c3d54a8425f04fdcb86f8c5f?s=96&d=mm&r=g\",\"url\":\"https:\/\/secure.gravatar.com\/avatar\/68cfafa5f44617fea54071e215026e0ff06be366c3d54a8425f04fdcb86f8c5f?s=96&d=mm&r=g\",\"contentUrl\":\"https:\/\/secure.gravatar.com\/avatar\/68cfafa5f44617fea54071e215026e0ff06be366c3d54a8425f04fdcb86f8c5f?s=96&d=mm&r=g\",\"caption\":\"@sscc\"},\"url\":\"https:\/\/www.padreeustaquio.com.br\/es\/author\/sscc\/\"}]}<\/script>\n<!-- \/ Yoast SEO plugin. -->","yoast_head_json":{"title":"Infancia Misionera realiza pre-Congreso en el Santuario de la Salud y la Paz - Padre Eust\u00e1quio","robots":{"index":"index","follow":"follow","max-snippet":"max-snippet:-1","max-image-preview":"max-image-preview:large","max-video-preview":"max-video-preview:-1"},"canonical":"https:\/\/www.padreeustaquio.com.br\/es\/infancia-misionera-realiza-pre-congreso-en-el-santuario-de-salud-y-paz\/","og_locale":"es_ES","og_type":"article","og_title":"Inf\u00e2ncia Mission\u00e1ria realiza pr\u00e9-Congresso no Santu\u00e1rio da Sa\u00fade e da Paz - Padre Eust\u00e1quio","og_description":"Neste final de semana o Santu\u00e1rio Arquidiocesano da Sa\u00fade e da Paz, a Igreja do Beato Padre Eust\u00e1quio, recebe o pr\u00e9-Congresso da Inf\u00e2ncia e Adolesc\u00eancia Mission\u00e1ria. O evento antecede ao 7\u00ba Encontro Estadual que ir\u00e1 acontecer em julho tamb\u00e9m no Santu\u00e1rio. S\u00e3o esperadas cerca de 100 crian\u00e7as e adolescentes atuantes na arquidiocese. Marcado para ser neste domingo, dia 7 de maio, o pr\u00e9-congresso ter\u00e1 palestras, atividades de recrea\u00e7\u00e3o, celebra\u00e7\u00f5es e muita troca de experi\u00eancia entre crian\u00e7as e adolescentes que participam do Movimento da IAM na Arquidiocese de Belo Horizonte. Durante o evento haver\u00e1 a Consagra\u00e7\u00e3o das crian\u00e7as \u00e0 Nossa Senhora [&hellip;]","og_url":"https:\/\/www.padreeustaquio.com.br\/es\/infancia-misionera-realiza-pre-congreso-en-el-santuario-de-salud-y-paz\/","og_site_name":"Padre Eust\u00e1quio","article_publisher":"https:\/\/www.facebook.com\/beatopadreeustaquio\/","article_published_time":"2023-05-04T15:00:00+00:00","og_image":[{"width":748,"height":394,"url":"https:\/\/www.padreeustaquio.com.br\/wp-content\/uploads\/2023\/05\/pre-congresso-iam.jpg","type":"image\/jpeg"}],"author":"@sscc","twitter_card":"summary_large_image","twitter_creator":"@beatopeustaquio","twitter_site":"@beatopeustaquio","twitter_misc":{"Escrito por":"@sscc","Tiempo de lectura":"2 minutos"},"schema":{"@context":"https:\/\/schema.org","@graph":[{"@type":"Article","@id":"https:\/\/www.padreeustaquio.com.br\/infancia-missionaria-realiza-pre-congresso-no-santuario-da-saude-e-da-paz\/#article","isPartOf":{"@id":"https:\/\/www.padreeustaquio.com.br\/infancia-missionaria-realiza-pre-congresso-no-santuario-da-saude-e-da-paz\/"},"author":{"name":"@sscc","@id":"https:\/\/www.padreeustaquio.com.br\/#\/schema\/person\/a2a51db1d00f1a7af0204a0f1ddb1566"},"headline":"Inf\u00e2ncia Mission\u00e1ria realiza pr\u00e9-Congresso no Santu\u00e1rio da Sa\u00fade e da Paz","datePublished":"2023-05-04T15:00:00+00:00","mainEntityOfPage":{"@id":"https:\/\/www.padreeustaquio.com.br\/infancia-missionaria-realiza-pre-congresso-no-santuario-da-saude-e-da-paz\/"},"wordCount":265,"commentCount":0,"publisher":{"@id":"https:\/\/www.padreeustaquio.com.br\/#organization"},"image":{"@id":"https:\/\/www.padreeustaquio.com.br\/infancia-missionaria-realiza-pre-congresso-no-santuario-da-saude-e-da-paz\/#primaryimage"},"thumbnailUrl":"https:\/\/www.padreeustaquio.com.br\/wp-content\/uploads\/2023\/05\/pre-congresso-iam.jpg","articleSection":["Not\u00edcias"],"inLanguage":"es","potentialAction":[{"@type":"CommentAction","name":"Comment","target":["https:\/\/www.padreeustaquio.com.br\/infancia-missionaria-realiza-pre-congresso-no-santuario-da-saude-e-da-paz\/#respond"]}]},{"@type":"WebPage","@id":"https:\/\/www.padreeustaquio.com.br\/infancia-missionaria-realiza-pre-congresso-no-santuario-da-saude-e-da-paz\/","url":"https:\/\/www.padreeustaquio.com.br\/infancia-missionaria-realiza-pre-congresso-no-santuario-da-saude-e-da-paz\/","name":"Infancia Misionera realiza pre-Congreso en el Santuario de la Salud y la Paz - Padre Eust\u00e1quio","isPartOf":{"@id":"https:\/\/www.padreeustaquio.com.br\/#website"},"primaryImageOfPage":{"@id":"https:\/\/www.padreeustaquio.com.br\/infancia-missionaria-realiza-pre-congresso-no-santuario-da-saude-e-da-paz\/#primaryimage"},"image":{"@id":"https:\/\/www.padreeustaquio.com.br\/infancia-missionaria-realiza-pre-congresso-no-santuario-da-saude-e-da-paz\/#primaryimage"},"thumbnailUrl":"https:\/\/www.padreeustaquio.com.br\/wp-content\/uploads\/2023\/05\/pre-congresso-iam.jpg","datePublished":"2023-05-04T15:00:00+00:00","breadcrumb":{"@id":"https:\/\/www.padreeustaquio.com.br\/infancia-missionaria-realiza-pre-congresso-no-santuario-da-saude-e-da-paz\/#breadcrumb"},"inLanguage":"es","potentialAction":[{"@type":"ReadAction","target":["https:\/\/www.padreeustaquio.com.br\/infancia-missionaria-realiza-pre-congresso-no-santuario-da-saude-e-da-paz\/"]}]},{"@type":"ImageObject","inLanguage":"es","@id":"https:\/\/www.padreeustaquio.com.br\/infancia-missionaria-realiza-pre-congresso-no-santuario-da-saude-e-da-paz\/#primaryimage","url":"https:\/\/www.padreeustaquio.com.br\/wp-content\/uploads\/2023\/05\/pre-congresso-iam.jpg","contentUrl":"https:\/\/www.padreeustaquio.com.br\/wp-content\/uploads\/2023\/05\/pre-congresso-iam.jpg","width":748,"height":394},{"@type":"BreadcrumbList","@id":"https:\/\/www.padreeustaquio.com.br\/infancia-missionaria-realiza-pre-congresso-no-santuario-da-saude-e-da-paz\/#breadcrumb","itemListElement":[{"@type":"ListItem","position":1,"name":"In\u00edcio","item":"https:\/\/www.padreeustaquio.com.br\/"},{"@type":"ListItem","position":2,"name":"Inf\u00e2ncia Mission\u00e1ria realiza pr\u00e9-Congresso no Santu\u00e1rio da Sa\u00fade e da Paz"}]},{"@type":"WebSite","@id":"https:\/\/www.padreeustaquio.com.br\/#website","url":"https:\/\/www.padreeustaquio.com.br\/","name":"Padre Eustace","description":"Salud y Paz","publisher":{"@id":"https:\/\/www.padreeustaquio.com.br\/#organization"},"potentialAction":[{"@type":"SearchAction","target":{"@type":"EntryPoint","urlTemplate":"https:\/\/www.padreeustaquio.com.br\/?s={search_term_string}"},"query-input":{"@type":"PropertyValueSpecification","valueRequired":true,"valueName":"search_term_string"}}],"inLanguage":"es"},{"@type":"Organization","@id":"https:\/\/www.padreeustaquio.com.br\/#organization","name":"Padre Eustace","url":"https:\/\/www.padreeustaquio.com.br\/","logo":{"@type":"ImageObject","inLanguage":"es","@id":"https:\/\/www.padreeustaquio.com.br\/#\/schema\/logo\/image\/","url":"https:\/\/www.padreeustaquio.com.br\/wp-content\/uploads\/2019\/08\/marca.png","contentUrl":"https:\/\/www.padreeustaquio.com.br\/wp-content\/uploads\/2019\/08\/marca.png","width":350,"height":400,"caption":"Padre Eust\u00e1quio"},"image":{"@id":"https:\/\/www.padreeustaquio.com.br\/#\/schema\/logo\/image\/"},"sameAs":["https:\/\/www.facebook.com\/beatopadreeustaquio\/","https:\/\/x.com\/beatopeustaquio","https:\/\/www.instagram.com\/beatopadreeustaquio\/","https:\/\/www.youtube.com\/channel\/UCRhw7vfabnajwLxb1ZXMeIw"]},{"@type":"Person","@id":"https:\/\/www.padreeustaquio.com.br\/#\/schema\/person\/a2a51db1d00f1a7af0204a0f1ddb1566","name":"@sscc","image":{"@type":"ImageObject","inLanguage":"es","@id":"https:\/\/secure.gravatar.com\/avatar\/68cfafa5f44617fea54071e215026e0ff06be366c3d54a8425f04fdcb86f8c5f?s=96&d=mm&r=g","url":"https:\/\/secure.gravatar.com\/avatar\/68cfafa5f44617fea54071e215026e0ff06be366c3d54a8425f04fdcb86f8c5f?s=96&d=mm&r=g","contentUrl":"https:\/\/secure.gravatar.com\/avatar\/68cfafa5f44617fea54071e215026e0ff06be366c3d54a8425f04fdcb86f8c5f?s=96&d=mm&r=g","caption":"@sscc"},"url":"https:\/\/www.padreeustaquio.com.br\/es\/author\/sscc\/"}]}},"_links":{"self":[{"href":"https:\/\/www.padreeustaquio.com.br\/es\/wp-json\/wp\/v2\/posts\/10336","targetHints":{"allow":["GET"]}}],"collection":[{"href":"https:\/\/www.padreeustaquio.com.br\/es\/wp-json\/wp\/v2\/posts"}],"about":[{"href":"https:\/\/www.padreeustaquio.com.br\/es\/wp-json\/wp\/v2\/types\/post"}],"author":[{"embeddable":true,"href":"https:\/\/www.padreeustaquio.com.br\/es\/wp-json\/wp\/v2\/users\/2"}],"replies":[{"embeddable":true,"href":"https:\/\/www.padreeustaquio.com.br\/es\/wp-json\/wp\/v2\/comments?post=10336"}],"version-history":[{"count":0,"href":"https:\/\/www.padreeustaquio.com.br\/es\/wp-json\/wp\/v2\/posts\/10336\/revisions"}],"wp:featuredmedia":[{"embeddable":true,"href":"https:\/\/www.padreeustaquio.com.br\/es\/wp-json\/wp\/v2\/media\/10337"}],"wp:attachment":[{"href":"https:\/\/www.padreeustaquio.com.br\/es\/wp-json\/wp\/v2\/media?parent=10336"}],"wp:term":[{"taxonomy":"category","embeddable":true,"href":"https:\/\/www.padreeustaquio.com.br\/es\/wp-json\/wp\/v2\/categories?post=10336"},{"taxonomy":"post_tag","embeddable":true,"href":"https:\/\/www.padreeustaquio.com.br\/es\/wp-json\/wp\/v2\/tags?post=10336"}],"curies":[{"name":"wp","href":"https:\/\/api.w.org\/{rel}","templated":true}]}}