{"id":10328,"date":"2023-05-03T19:20:00","date_gmt":"2023-05-03T22:20:00","guid":{"rendered":"https:\/\/www.padreeustaquio.com.br\/?p=10328"},"modified":"2023-05-03T16:33:29","modified_gmt":"2023-05-03T19:33:29","slug":"la-provincia-brasilena-de-los-sagrados-corazones-recibe-reliquias-de-los-martires-de-picpus","status":"publish","type":"post","link":"https:\/\/www.padreeustaquio.com.br\/es\/la-provincia-brasilena-de-los-sagrados-corazones-recibe-reliquias-de-los-martires-de-picpus\/","title":{"rendered":"La Provincia brasile\u00f1a de los Sagrados Corazones recibe reliquias de los M\u00e1rtires de Picpus."},"content":{"rendered":"<p>El Padre Osv\u00e2nio Humberto Mariano, SSCC, provincial de la regi\u00f3n de Brasil y Paraguay, recibi\u00f3 de manos del Procurador General de la Congregaci\u00f3n, Padre Andrzej Lukawski, SSCC, un relicario con las reliquias de los cuatro sacerdotes de los Sagrados Corazones beatificados la semana pasada en Par\u00eds, Francia. Las reliquias son de primer grado y permanecer\u00e1n bajo el cuidado de la provincia brasile\u00f1a.<\/p>\n\n\n<div class=\"wp-block-image\">\n<figure class=\"alignleft size-medium is-resized\"><img fetchpriority=\"high\" decoding=\"async\" src=\"https:\/\/www.padreeustaquio.com.br\/wp-content\/uploads\/2023\/05\/Osvanio-recebe-reliquias-1-225x300.jpeg\" alt=\"\" class=\"wp-image-10333\" width=\"255\" height=\"340\" srcset=\"https:\/\/www.padreeustaquio.com.br\/wp-content\/uploads\/2023\/05\/Osvanio-recebe-reliquias-1-225x300.jpeg 225w, https:\/\/www.padreeustaquio.com.br\/wp-content\/uploads\/2023\/05\/Osvanio-recebe-reliquias-1-768x1024.jpeg 768w, https:\/\/www.padreeustaquio.com.br\/wp-content\/uploads\/2023\/05\/Osvanio-recebe-reliquias-1-1152x1536.jpeg 1152w, https:\/\/www.padreeustaquio.com.br\/wp-content\/uploads\/2023\/05\/Osvanio-recebe-reliquias-1.jpeg 1200w\" sizes=\"(max-width: 255px) 100vw, 255px\" \/><\/figure>\n<\/div>\n\n\n<p>La presentaci\u00f3n tuvo lugar durante la Santa Misa de Acci\u00f3n de Gracias por la Beatificaci\u00f3n de los M\u00e1rtires de Picpus, en la capilla de la casa provincial donde se origin\u00f3 la Congregaci\u00f3n, en la Rue de Picpus, Par\u00eds. La ceremonia, celebrada al d\u00eda siguiente de la beatificaci\u00f3n, el 23 de abril, cont\u00f3 con la presencia de provinciales de diversas casas de la Congregaci\u00f3n de todo el mundo.<\/p>\n\n\n\n<p><strong>Los 4 m\u00e1rtires de Picpus<\/strong><\/p>\n\n\n\n<p><strong>Padre Ladislao Radigue<\/strong> Naci\u00f3 en 1823. Ingres\u00f3 en la Congregaci\u00f3n de los Sagrados Corazones de Jes\u00fas y Mar\u00eda en 1843 y fue ordenado sacerdote en 1848. Fue superior de la casa madre de esta congregaci\u00f3n, ubicada en Picpus, al este de Par\u00eds. Fue arrestado el 12 de abril de 1871 por las autoridades de la Comuna.<\/p>\n\n\n\n<p><strong>Padre Policarpo Tuffier,<\/strong> Naci\u00f3 en 1807 y fue tambi\u00e9n miembro de la Congregaci\u00f3n llamada Picpus desde 1823. Ordenado en 1830, fue capell\u00e1n en Par\u00eds durante un largo per\u00edodo y m\u00e1s tarde se convirti\u00f3 en procurador de su congregaci\u00f3n en la casa madre.<\/p>\n\n\n\n<p><strong>Padre Marcelino Rouchouze,<\/strong> Nacido en 1810, fue el tercer miembro de la Congregaci\u00f3n Picpus. Profesor de lat\u00edn, matem\u00e1ticas y filosof\u00eda, fue enviado a B\u00e9lgica para trabajar en las escuelas de la congregaci\u00f3n. A los 42 a\u00f1os, fue ordenado sacerdote. Estuvo en Par\u00eds durante la Comuna y fue ejecutado junto con los dem\u00e1s sacerdotes.<\/p>\n\n\n\n<p><strong>Padre Fr\u00e9zal Tardieu<\/strong>, Nacido en 1814, tambi\u00e9n perteneci\u00f3 a la Comunidad de Picpus, tras ser ordenado sacerdote en 1840. Fue consolador de los afligidos en las instituciones donde imparti\u00f3 docencia. Fue profesor de teolog\u00eda dogm\u00e1tica y consejero general de la Congregaci\u00f3n en la casa matriz de Picpus, en Par\u00eds, cuando fue arrestado y ejecutado.<\/p>\n\n\n\n<p><\/p>","protected":false},"excerpt":{"rendered":"<p>O padre Osv\u00e2nio Humberto Mariano, SSCC, provincial do Brasil e regi\u00e3o do Paraguai, recebeu das m\u00e3os do Procurador-Geral da Congrega\u00e7\u00e3o, o Padre Andrzej Lukawski, SSCC, uma teca com rel\u00edquias dos quatro padres dos Sagrados Cora\u00e7\u00f5es beatificados na semana passada em Paris, na Fran\u00e7a. As rel\u00edquias s\u00e3o de primeiro grau e ficar\u00e3o sob a guarda da prov\u00edncia brasileira. A entrega aconteceu durante a Santa Missa em A\u00e7\u00e3o de Gra\u00e7as pela Beatifica\u00e7\u00e3o dos M\u00e1rtires de Picpus, na capela da casa provincial onde cresceu a Congrega\u00e7\u00e3o, na Rua de Picpus, em Paris. A cerim\u00f4nia celebrada no dia seguinte ao da beatifica\u00e7\u00e3o, em 23 [&hellip;]<\/p>\n","protected":false},"author":2,"featured_media":10329,"comment_status":"open","ping_status":"closed","sticky":false,"template":"","format":"standard","meta":{"_acf_changed":false,"footnotes":""},"categories":[611],"tags":[],"class_list":["post-10328","post","type-post","status-publish","format-standard","has-post-thumbnail","hentry","category-noticias"],"acf":[],"yoast_head":"<!-- This site is optimized with the Yoast SEO plugin v27.2 - https:\/\/yoast.com\/product\/yoast-seo-wordpress\/ -->\n<title>Prov\u00edncia brasileira dos Sagrados Cora\u00e7\u00f5es recebe Rel\u00edquias dos M\u00e1rtires de Picpus<\/title>\n<meta name=\"description\" content=\"O padre Osv\u00e2nio Humberto Mariano, SSCC, provincial do Brasil e regi\u00e3o do Paraguai, recebeu das m\u00e3os do Procurador Geral da Congrega\u00e7\u00e3o, o Padre Andrzej Lukawski, SSCC, uma teca com rel\u00edquias dos cinco padres beatificados na semana passada em Paris. As rel\u00edquias s\u00e3o de primeiro grau e ficar\u00e3o sob a guarda da prov\u00edncia brasileira.\" \/>\n<meta name=\"robots\" content=\"index, follow, max-snippet:-1, max-image-preview:large, max-video-preview:-1\" \/>\n<link rel=\"canonical\" href=\"https:\/\/www.padreeustaquio.com.br\/es\/la-provincia-brasilena-de-los-sagrados-corazones-recibe-reliquias-de-los-martires-de-picpus\/\" \/>\n<meta property=\"og:locale\" content=\"es_ES\" \/>\n<meta property=\"og:type\" content=\"article\" \/>\n<meta property=\"og:title\" content=\"Prov\u00edncia brasileira dos Sagrados Cora\u00e7\u00f5es recebe Rel\u00edquias dos M\u00e1rtires de Picpus\" \/>\n<meta property=\"og:description\" content=\"O padre Osv\u00e2nio Humberto Mariano, SSCC, provincial do Brasil e regi\u00e3o do Paraguai, recebeu das m\u00e3os do Procurador Geral da Congrega\u00e7\u00e3o, o Padre Andrzej Lukawski, SSCC, uma teca com rel\u00edquias dos cinco padres beatificados na semana passada em Paris. As rel\u00edquias s\u00e3o de primeiro grau e ficar\u00e3o sob a guarda da prov\u00edncia brasileira.\" \/>\n<meta property=\"og:url\" content=\"https:\/\/www.padreeustaquio.com.br\/es\/la-provincia-brasilena-de-los-sagrados-corazones-recibe-reliquias-de-los-martires-de-picpus\/\" \/>\n<meta property=\"og:site_name\" content=\"Padre Eust\u00e1quio\" \/>\n<meta property=\"article:publisher\" content=\"https:\/\/www.facebook.com\/beatopadreeustaquio\/\" \/>\n<meta property=\"article:published_time\" content=\"2023-05-03T22:20:00+00:00\" \/>\n<meta property=\"og:image\" content=\"https:\/\/www.padreeustaquio.com.br\/wp-content\/uploads\/2023\/05\/Osvanio-recebe-reliquias.jpeg\" \/>\n\t<meta property=\"og:image:width\" content=\"1024\" \/>\n\t<meta property=\"og:image:height\" content=\"768\" \/>\n\t<meta property=\"og:image:type\" content=\"image\/jpeg\" \/>\n<meta name=\"author\" content=\"@sscc\" \/>\n<meta name=\"twitter:card\" content=\"summary_large_image\" \/>\n<meta name=\"twitter:creator\" content=\"@beatopeustaquio\" \/>\n<meta name=\"twitter:site\" content=\"@beatopeustaquio\" \/>\n<meta name=\"twitter:label1\" content=\"Escrito por\" \/>\n\t<meta name=\"twitter:data1\" content=\"@sscc\" \/>\n\t<meta name=\"twitter:label2\" content=\"Tiempo de lectura\" \/>\n\t<meta name=\"twitter:data2\" content=\"2 minutos\" \/>\n<script type=\"application\/ld+json\" class=\"yoast-schema-graph\">{\"@context\":\"https:\/\/schema.org\",\"@graph\":[{\"@type\":\"Article\",\"@id\":\"https:\/\/www.padreeustaquio.com.br\/provincia-brasileira-dos-sagrados-coracoes-recebe-reliquias-dos-martires-de-picpus\/#article\",\"isPartOf\":{\"@id\":\"https:\/\/www.padreeustaquio.com.br\/provincia-brasileira-dos-sagrados-coracoes-recebe-reliquias-dos-martires-de-picpus\/\"},\"author\":{\"name\":\"@sscc\",\"@id\":\"https:\/\/www.padreeustaquio.com.br\/#\/schema\/person\/a2a51db1d00f1a7af0204a0f1ddb1566\"},\"headline\":\"Prov\u00edncia brasileira dos Sagrados Cora\u00e7\u00f5es recebe Rel\u00edquias dos M\u00e1rtires de Picpus\",\"datePublished\":\"2023-05-03T22:20:00+00:00\",\"mainEntityOfPage\":{\"@id\":\"https:\/\/www.padreeustaquio.com.br\/provincia-brasileira-dos-sagrados-coracoes-recebe-reliquias-dos-martires-de-picpus\/\"},\"wordCount\":341,\"commentCount\":0,\"publisher\":{\"@id\":\"https:\/\/www.padreeustaquio.com.br\/#organization\"},\"image\":{\"@id\":\"https:\/\/www.padreeustaquio.com.br\/provincia-brasileira-dos-sagrados-coracoes-recebe-reliquias-dos-martires-de-picpus\/#primaryimage\"},\"thumbnailUrl\":\"https:\/\/www.padreeustaquio.com.br\/wp-content\/uploads\/2023\/05\/Osvanio-recebe-reliquias.jpeg\",\"articleSection\":[\"Not\u00edcias\"],\"inLanguage\":\"es\",\"potentialAction\":[{\"@type\":\"CommentAction\",\"name\":\"Comment\",\"target\":[\"https:\/\/www.padreeustaquio.com.br\/provincia-brasileira-dos-sagrados-coracoes-recebe-reliquias-dos-martires-de-picpus\/#respond\"]}]},{\"@type\":\"WebPage\",\"@id\":\"https:\/\/www.padreeustaquio.com.br\/provincia-brasileira-dos-sagrados-coracoes-recebe-reliquias-dos-martires-de-picpus\/\",\"url\":\"https:\/\/www.padreeustaquio.com.br\/provincia-brasileira-dos-sagrados-coracoes-recebe-reliquias-dos-martires-de-picpus\/\",\"name\":\"Prov\u00edncia brasileira dos Sagrados Cora\u00e7\u00f5es recebe Rel\u00edquias dos M\u00e1rtires de Picpus\",\"isPartOf\":{\"@id\":\"https:\/\/www.padreeustaquio.com.br\/#website\"},\"primaryImageOfPage\":{\"@id\":\"https:\/\/www.padreeustaquio.com.br\/provincia-brasileira-dos-sagrados-coracoes-recebe-reliquias-dos-martires-de-picpus\/#primaryimage\"},\"image\":{\"@id\":\"https:\/\/www.padreeustaquio.com.br\/provincia-brasileira-dos-sagrados-coracoes-recebe-reliquias-dos-martires-de-picpus\/#primaryimage\"},\"thumbnailUrl\":\"https:\/\/www.padreeustaquio.com.br\/wp-content\/uploads\/2023\/05\/Osvanio-recebe-reliquias.jpeg\",\"datePublished\":\"2023-05-03T22:20:00+00:00\",\"description\":\"O padre Osv\u00e2nio Humberto Mariano, SSCC, provincial do Brasil e regi\u00e3o do Paraguai, recebeu das m\u00e3os do Procurador Geral da Congrega\u00e7\u00e3o, o Padre Andrzej Lukawski, SSCC, uma teca com rel\u00edquias dos cinco padres beatificados na semana passada em Paris. As rel\u00edquias s\u00e3o de primeiro grau e ficar\u00e3o sob a guarda da prov\u00edncia brasileira.\",\"breadcrumb\":{\"@id\":\"https:\/\/www.padreeustaquio.com.br\/provincia-brasileira-dos-sagrados-coracoes-recebe-reliquias-dos-martires-de-picpus\/#breadcrumb\"},\"inLanguage\":\"es\",\"potentialAction\":[{\"@type\":\"ReadAction\",\"target\":[\"https:\/\/www.padreeustaquio.com.br\/provincia-brasileira-dos-sagrados-coracoes-recebe-reliquias-dos-martires-de-picpus\/\"]}]},{\"@type\":\"ImageObject\",\"inLanguage\":\"es\",\"@id\":\"https:\/\/www.padreeustaquio.com.br\/provincia-brasileira-dos-sagrados-coracoes-recebe-reliquias-dos-martires-de-picpus\/#primaryimage\",\"url\":\"https:\/\/www.padreeustaquio.com.br\/wp-content\/uploads\/2023\/05\/Osvanio-recebe-reliquias.jpeg\",\"contentUrl\":\"https:\/\/www.padreeustaquio.com.br\/wp-content\/uploads\/2023\/05\/Osvanio-recebe-reliquias.jpeg\",\"width\":1024,\"height\":768},{\"@type\":\"BreadcrumbList\",\"@id\":\"https:\/\/www.padreeustaquio.com.br\/provincia-brasileira-dos-sagrados-coracoes-recebe-reliquias-dos-martires-de-picpus\/#breadcrumb\",\"itemListElement\":[{\"@type\":\"ListItem\",\"position\":1,\"name\":\"In\u00edcio\",\"item\":\"https:\/\/www.padreeustaquio.com.br\/\"},{\"@type\":\"ListItem\",\"position\":2,\"name\":\"Prov\u00edncia brasileira dos Sagrados Cora\u00e7\u00f5es recebe Rel\u00edquias dos M\u00e1rtires de Picpus\"}]},{\"@type\":\"WebSite\",\"@id\":\"https:\/\/www.padreeustaquio.com.br\/#website\",\"url\":\"https:\/\/www.padreeustaquio.com.br\/\",\"name\":\"Padre Eust\u00e1quio\",\"description\":\"Sa\u00fade e Paz\",\"publisher\":{\"@id\":\"https:\/\/www.padreeustaquio.com.br\/#organization\"},\"potentialAction\":[{\"@type\":\"SearchAction\",\"target\":{\"@type\":\"EntryPoint\",\"urlTemplate\":\"https:\/\/www.padreeustaquio.com.br\/?s={search_term_string}\"},\"query-input\":{\"@type\":\"PropertyValueSpecification\",\"valueRequired\":true,\"valueName\":\"search_term_string\"}}],\"inLanguage\":\"es\"},{\"@type\":\"Organization\",\"@id\":\"https:\/\/www.padreeustaquio.com.br\/#organization\",\"name\":\"Padre Eust\u00e1quio\",\"url\":\"https:\/\/www.padreeustaquio.com.br\/\",\"logo\":{\"@type\":\"ImageObject\",\"inLanguage\":\"es\",\"@id\":\"https:\/\/www.padreeustaquio.com.br\/#\/schema\/logo\/image\/\",\"url\":\"https:\/\/www.padreeustaquio.com.br\/wp-content\/uploads\/2019\/08\/marca.png\",\"contentUrl\":\"https:\/\/www.padreeustaquio.com.br\/wp-content\/uploads\/2019\/08\/marca.png\",\"width\":350,\"height\":400,\"caption\":\"Padre Eust\u00e1quio\"},\"image\":{\"@id\":\"https:\/\/www.padreeustaquio.com.br\/#\/schema\/logo\/image\/\"},\"sameAs\":[\"https:\/\/www.facebook.com\/beatopadreeustaquio\/\",\"https:\/\/x.com\/beatopeustaquio\",\"https:\/\/www.instagram.com\/beatopadreeustaquio\/\",\"https:\/\/www.youtube.com\/channel\/UCRhw7vfabnajwLxb1ZXMeIw\"]},{\"@type\":\"Person\",\"@id\":\"https:\/\/www.padreeustaquio.com.br\/#\/schema\/person\/a2a51db1d00f1a7af0204a0f1ddb1566\",\"name\":\"@sscc\",\"image\":{\"@type\":\"ImageObject\",\"inLanguage\":\"es\",\"@id\":\"https:\/\/secure.gravatar.com\/avatar\/68cfafa5f44617fea54071e215026e0ff06be366c3d54a8425f04fdcb86f8c5f?s=96&d=mm&r=g\",\"url\":\"https:\/\/secure.gravatar.com\/avatar\/68cfafa5f44617fea54071e215026e0ff06be366c3d54a8425f04fdcb86f8c5f?s=96&d=mm&r=g\",\"contentUrl\":\"https:\/\/secure.gravatar.com\/avatar\/68cfafa5f44617fea54071e215026e0ff06be366c3d54a8425f04fdcb86f8c5f?s=96&d=mm&r=g\",\"caption\":\"@sscc\"},\"url\":\"https:\/\/www.padreeustaquio.com.br\/es\/author\/sscc\/\"}]}<\/script>\n<!-- \/ Yoast SEO plugin. -->","yoast_head_json":{"title":"La Provincia brasile\u00f1a de los Sagrados Corazones recibe reliquias de los M\u00e1rtires de Picpus.","description":"El Padre Osv\u00e2nio Humberto Mariano, SSCC, provincial de la regi\u00f3n de Brasil y Paraguay, recibi\u00f3 de manos del Procurador General de la Congregaci\u00f3n, Padre Andrzej Lukawski, SSCC, un relicario con las reliquias de los cinco sacerdotes beatificados la semana pasada en Par\u00eds. Las reliquias son de primer grado y permanecer\u00e1n bajo el cuidado de la provincia brasile\u00f1a.","robots":{"index":"index","follow":"follow","max-snippet":"max-snippet:-1","max-image-preview":"max-image-preview:large","max-video-preview":"max-video-preview:-1"},"canonical":"https:\/\/www.padreeustaquio.com.br\/es\/la-provincia-brasilena-de-los-sagrados-corazones-recibe-reliquias-de-los-martires-de-picpus\/","og_locale":"es_ES","og_type":"article","og_title":"Prov\u00edncia brasileira dos Sagrados Cora\u00e7\u00f5es recebe Rel\u00edquias dos M\u00e1rtires de Picpus","og_description":"O padre Osv\u00e2nio Humberto Mariano, SSCC, provincial do Brasil e regi\u00e3o do Paraguai, recebeu das m\u00e3os do Procurador Geral da Congrega\u00e7\u00e3o, o Padre Andrzej Lukawski, SSCC, uma teca com rel\u00edquias dos cinco padres beatificados na semana passada em Paris. As rel\u00edquias s\u00e3o de primeiro grau e ficar\u00e3o sob a guarda da prov\u00edncia brasileira.","og_url":"https:\/\/www.padreeustaquio.com.br\/es\/la-provincia-brasilena-de-los-sagrados-corazones-recibe-reliquias-de-los-martires-de-picpus\/","og_site_name":"Padre Eust\u00e1quio","article_publisher":"https:\/\/www.facebook.com\/beatopadreeustaquio\/","article_published_time":"2023-05-03T22:20:00+00:00","og_image":[{"width":1024,"height":768,"url":"https:\/\/www.padreeustaquio.com.br\/wp-content\/uploads\/2023\/05\/Osvanio-recebe-reliquias.jpeg","type":"image\/jpeg"}],"author":"@sscc","twitter_card":"summary_large_image","twitter_creator":"@beatopeustaquio","twitter_site":"@beatopeustaquio","twitter_misc":{"Escrito por":"@sscc","Tiempo de lectura":"2 minutos"},"schema":{"@context":"https:\/\/schema.org","@graph":[{"@type":"Article","@id":"https:\/\/www.padreeustaquio.com.br\/provincia-brasileira-dos-sagrados-coracoes-recebe-reliquias-dos-martires-de-picpus\/#article","isPartOf":{"@id":"https:\/\/www.padreeustaquio.com.br\/provincia-brasileira-dos-sagrados-coracoes-recebe-reliquias-dos-martires-de-picpus\/"},"author":{"name":"@sscc","@id":"https:\/\/www.padreeustaquio.com.br\/#\/schema\/person\/a2a51db1d00f1a7af0204a0f1ddb1566"},"headline":"Prov\u00edncia brasileira dos Sagrados Cora\u00e7\u00f5es recebe Rel\u00edquias dos M\u00e1rtires de Picpus","datePublished":"2023-05-03T22:20:00+00:00","mainEntityOfPage":{"@id":"https:\/\/www.padreeustaquio.com.br\/provincia-brasileira-dos-sagrados-coracoes-recebe-reliquias-dos-martires-de-picpus\/"},"wordCount":341,"commentCount":0,"publisher":{"@id":"https:\/\/www.padreeustaquio.com.br\/#organization"},"image":{"@id":"https:\/\/www.padreeustaquio.com.br\/provincia-brasileira-dos-sagrados-coracoes-recebe-reliquias-dos-martires-de-picpus\/#primaryimage"},"thumbnailUrl":"https:\/\/www.padreeustaquio.com.br\/wp-content\/uploads\/2023\/05\/Osvanio-recebe-reliquias.jpeg","articleSection":["Not\u00edcias"],"inLanguage":"es","potentialAction":[{"@type":"CommentAction","name":"Comment","target":["https:\/\/www.padreeustaquio.com.br\/provincia-brasileira-dos-sagrados-coracoes-recebe-reliquias-dos-martires-de-picpus\/#respond"]}]},{"@type":"WebPage","@id":"https:\/\/www.padreeustaquio.com.br\/provincia-brasileira-dos-sagrados-coracoes-recebe-reliquias-dos-martires-de-picpus\/","url":"https:\/\/www.padreeustaquio.com.br\/provincia-brasileira-dos-sagrados-coracoes-recebe-reliquias-dos-martires-de-picpus\/","name":"La Provincia brasile\u00f1a de los Sagrados Corazones recibe reliquias de los M\u00e1rtires de Picpus.","isPartOf":{"@id":"https:\/\/www.padreeustaquio.com.br\/#website"},"primaryImageOfPage":{"@id":"https:\/\/www.padreeustaquio.com.br\/provincia-brasileira-dos-sagrados-coracoes-recebe-reliquias-dos-martires-de-picpus\/#primaryimage"},"image":{"@id":"https:\/\/www.padreeustaquio.com.br\/provincia-brasileira-dos-sagrados-coracoes-recebe-reliquias-dos-martires-de-picpus\/#primaryimage"},"thumbnailUrl":"https:\/\/www.padreeustaquio.com.br\/wp-content\/uploads\/2023\/05\/Osvanio-recebe-reliquias.jpeg","datePublished":"2023-05-03T22:20:00+00:00","description":"El Padre Osv\u00e2nio Humberto Mariano, SSCC, provincial de la regi\u00f3n de Brasil y Paraguay, recibi\u00f3 de manos del Procurador General de la Congregaci\u00f3n, Padre Andrzej Lukawski, SSCC, un relicario con las reliquias de los cinco sacerdotes beatificados la semana pasada en Par\u00eds. Las reliquias son de primer grado y permanecer\u00e1n bajo el cuidado de la provincia brasile\u00f1a.","breadcrumb":{"@id":"https:\/\/www.padreeustaquio.com.br\/provincia-brasileira-dos-sagrados-coracoes-recebe-reliquias-dos-martires-de-picpus\/#breadcrumb"},"inLanguage":"es","potentialAction":[{"@type":"ReadAction","target":["https:\/\/www.padreeustaquio.com.br\/provincia-brasileira-dos-sagrados-coracoes-recebe-reliquias-dos-martires-de-picpus\/"]}]},{"@type":"ImageObject","inLanguage":"es","@id":"https:\/\/www.padreeustaquio.com.br\/provincia-brasileira-dos-sagrados-coracoes-recebe-reliquias-dos-martires-de-picpus\/#primaryimage","url":"https:\/\/www.padreeustaquio.com.br\/wp-content\/uploads\/2023\/05\/Osvanio-recebe-reliquias.jpeg","contentUrl":"https:\/\/www.padreeustaquio.com.br\/wp-content\/uploads\/2023\/05\/Osvanio-recebe-reliquias.jpeg","width":1024,"height":768},{"@type":"BreadcrumbList","@id":"https:\/\/www.padreeustaquio.com.br\/provincia-brasileira-dos-sagrados-coracoes-recebe-reliquias-dos-martires-de-picpus\/#breadcrumb","itemListElement":[{"@type":"ListItem","position":1,"name":"In\u00edcio","item":"https:\/\/www.padreeustaquio.com.br\/"},{"@type":"ListItem","position":2,"name":"Prov\u00edncia brasileira dos Sagrados Cora\u00e7\u00f5es recebe Rel\u00edquias dos M\u00e1rtires de Picpus"}]},{"@type":"WebSite","@id":"https:\/\/www.padreeustaquio.com.br\/#website","url":"https:\/\/www.padreeustaquio.com.br\/","name":"Padre Eustace","description":"Salud y Paz","publisher":{"@id":"https:\/\/www.padreeustaquio.com.br\/#organization"},"potentialAction":[{"@type":"SearchAction","target":{"@type":"EntryPoint","urlTemplate":"https:\/\/www.padreeustaquio.com.br\/?s={search_term_string}"},"query-input":{"@type":"PropertyValueSpecification","valueRequired":true,"valueName":"search_term_string"}}],"inLanguage":"es"},{"@type":"Organization","@id":"https:\/\/www.padreeustaquio.com.br\/#organization","name":"Padre Eustace","url":"https:\/\/www.padreeustaquio.com.br\/","logo":{"@type":"ImageObject","inLanguage":"es","@id":"https:\/\/www.padreeustaquio.com.br\/#\/schema\/logo\/image\/","url":"https:\/\/www.padreeustaquio.com.br\/wp-content\/uploads\/2019\/08\/marca.png","contentUrl":"https:\/\/www.padreeustaquio.com.br\/wp-content\/uploads\/2019\/08\/marca.png","width":350,"height":400,"caption":"Padre Eust\u00e1quio"},"image":{"@id":"https:\/\/www.padreeustaquio.com.br\/#\/schema\/logo\/image\/"},"sameAs":["https:\/\/www.facebook.com\/beatopadreeustaquio\/","https:\/\/x.com\/beatopeustaquio","https:\/\/www.instagram.com\/beatopadreeustaquio\/","https:\/\/www.youtube.com\/channel\/UCRhw7vfabnajwLxb1ZXMeIw"]},{"@type":"Person","@id":"https:\/\/www.padreeustaquio.com.br\/#\/schema\/person\/a2a51db1d00f1a7af0204a0f1ddb1566","name":"@sscc","image":{"@type":"ImageObject","inLanguage":"es","@id":"https:\/\/secure.gravatar.com\/avatar\/68cfafa5f44617fea54071e215026e0ff06be366c3d54a8425f04fdcb86f8c5f?s=96&d=mm&r=g","url":"https:\/\/secure.gravatar.com\/avatar\/68cfafa5f44617fea54071e215026e0ff06be366c3d54a8425f04fdcb86f8c5f?s=96&d=mm&r=g","contentUrl":"https:\/\/secure.gravatar.com\/avatar\/68cfafa5f44617fea54071e215026e0ff06be366c3d54a8425f04fdcb86f8c5f?s=96&d=mm&r=g","caption":"@sscc"},"url":"https:\/\/www.padreeustaquio.com.br\/es\/author\/sscc\/"}]}},"_links":{"self":[{"href":"https:\/\/www.padreeustaquio.com.br\/es\/wp-json\/wp\/v2\/posts\/10328","targetHints":{"allow":["GET"]}}],"collection":[{"href":"https:\/\/www.padreeustaquio.com.br\/es\/wp-json\/wp\/v2\/posts"}],"about":[{"href":"https:\/\/www.padreeustaquio.com.br\/es\/wp-json\/wp\/v2\/types\/post"}],"author":[{"embeddable":true,"href":"https:\/\/www.padreeustaquio.com.br\/es\/wp-json\/wp\/v2\/users\/2"}],"replies":[{"embeddable":true,"href":"https:\/\/www.padreeustaquio.com.br\/es\/wp-json\/wp\/v2\/comments?post=10328"}],"version-history":[{"count":0,"href":"https:\/\/www.padreeustaquio.com.br\/es\/wp-json\/wp\/v2\/posts\/10328\/revisions"}],"wp:featuredmedia":[{"embeddable":true,"href":"https:\/\/www.padreeustaquio.com.br\/es\/wp-json\/wp\/v2\/media\/10329"}],"wp:attachment":[{"href":"https:\/\/www.padreeustaquio.com.br\/es\/wp-json\/wp\/v2\/media?parent=10328"}],"wp:term":[{"taxonomy":"category","embeddable":true,"href":"https:\/\/www.padreeustaquio.com.br\/es\/wp-json\/wp\/v2\/categories?post=10328"},{"taxonomy":"post_tag","embeddable":true,"href":"https:\/\/www.padreeustaquio.com.br\/es\/wp-json\/wp\/v2\/tags?post=10328"}],"curies":[{"name":"wp","href":"https:\/\/api.w.org\/{rel}","templated":true}]}}