{"id":10324,"date":"2023-05-02T06:04:00","date_gmt":"2023-05-02T09:04:00","guid":{"rendered":"https:\/\/www.padreeustaquio.com.br\/?p=10324"},"modified":"2023-05-03T12:16:04","modified_gmt":"2023-05-03T15:16:04","slug":"el-canal-padre-eustaquio-transmite-la-novena-a-san-damian-de-molokai","status":"publish","type":"post","link":"https:\/\/www.padreeustaquio.com.br\/es\/el-canal-padre-eustaquio-transmite-la-novena-a-san-damian-de-molokai\/","title":{"rendered":"Canal Padre Eust\u00e1quio transmite Novena a San Dami\u00e1n de Molokai"},"content":{"rendered":"<p>El pr\u00f3ximo mi\u00e9rcoles 10 de mayo, la Iglesia celebra la festividad de San Dami\u00e1n de Molokai, sacerdote misionero de los Sagrados Corazones que vivi\u00f3 entre leprosos en una isla de Haw\u00e1i. La novena comenz\u00f3 el lunes 1 de mayo y continuar\u00e1 hasta el martes 9 de mayo.<\/p>\n\n\n\n<p>Los videos fueron grabados el a\u00f1o pasado por el rector del Santuario de la Salud y la Paz, Padre Vin\u00edcius Maciel, SSCC, utilizando textos de la novena impresos por \u00e9l mismo. Cada d\u00eda de la novena dura unos ocho minutos e incluye oraciones al santo y fragmentos de su historia de vida dedicados a los enfermos.<\/p>\n\n\n\n<p>Adem\u00e1s de poder ver los videos individuales cuando quieran, los devotos tambi\u00e9n pueden seguir la novena que se transmite inmediatamente despu\u00e9s de la misa de las 19:00 h por el Canal Padre Eust\u00e1quio. Si desean ver los videos y rezar la novena, <a href=\"https:\/\/www.youtube.com\/watch?v=dQixkybM_kM&amp;list=PL7SBzddW7UznJ0FuMEzp-pkKeQZNj0JhO\" target=\"_blank\" rel=\"noreferrer noopener\">HAGA CLIC AQU\u00cd <\/a>Y oremos con nosotros cada d\u00eda a este gran Santo de la Iglesia Cat\u00f3lica.<\/p>\n\n\n\n<p><strong>San Dami\u00e1n de Molokai<\/strong><\/p>\n\n\n\n<p>Jozef de Veuster naci\u00f3 en Tremelo el 3 de enero de 1840. Tras ingresar al noviciado de la Congregaci\u00f3n de los Sagrados Corazones de Jes\u00fas y Mar\u00eda, adopt\u00f3 el nombre de Dami\u00e1n. Influenciado por su hermano, quien deseaba ser misionero en tierras lejanas, tambi\u00e9n decidi\u00f3 ir a zonas de misi\u00f3n. Obtuvo permiso para trasladarse al archipi\u00e9lago hawaiano. As\u00ed, lleg\u00f3 a Honolulu, la capital de las islas. All\u00ed recibi\u00f3 la ordenaci\u00f3n sacerdotal y comenz\u00f3 a dedicarse especialmente a los enfermos.<\/p>\n\n\n\n<p>En aquella \u00e9poca, quienes padec\u00edan lepra o la enfermedad de Hansen eran enviados y obligados a vivir en una colonia en la isla de Molokai. Ante la necesidad de un sacerdote que brindara atenci\u00f3n religiosa y espiritual, Dami\u00e1n se ofreci\u00f3 como voluntario para asumir esta misi\u00f3n. Sin embargo, poco a poco, el santo misionero transform\u00f3 Molokai. Construy\u00f3 una iglesia dedicada a Santa Filomena, un hospital, una enfermer\u00eda, una escuela y varias casas en la isla.<\/p>\n\n\n\n<p>En 1885, a los 49 a\u00f1os, el Padre Dami\u00e1n contrajo lepra. Cuando le ofrecieron salir de la isla para recibir tratamiento, el Padre Dami\u00e1n se neg\u00f3. A pesar del dolor, continu\u00f3 la obra de Dios entre aquellos despreciados. Poco antes de morir, presenci\u00f3 la llegada del Padre Wendelin y las Hermanas Franciscanas, quienes se hicieron cargo de la enfermer\u00eda. Una de ellas fue la Beata Madre Marianna Cope, quien atendi\u00f3 a los enfermos de la isla durante m\u00e1s de 30 a\u00f1os. El Padre Dami\u00e1n falleci\u00f3 el 15 de abril de 1889, fue beatificado por San Juan Pablo II en 1995 y canonizado por el Papa Benedicto XVI en 2009.<\/p>\n\n\n\n<p>El 10 de mayo fue elegido como d\u00eda lit\u00fargico en recuerdo de San Dami\u00e1n de Molokai porque fue el d\u00eda en que lleg\u00f3 a la isla para cuidar a los leprosos.<\/p>\n\n\n\n<p><\/p>","protected":false},"excerpt":{"rendered":"<p>Na pr\u00f3xima quarta-feira, dia 10 de maio, a Igreja celebra o Dia de S\u00e3o Dami\u00e3o de Molokai, o padre mission\u00e1rio dos Sagrados Cora\u00e7\u00f5es que viveu entre os hansenianos (leprosos) numa ilha do Hava\u00ed. A novena come\u00e7ou nessa segunda-feira, dia 1\u00ba de maio, e vai at\u00e9 o dia 9, ter\u00e7a-feira. Os v\u00eddeos foram gravados no ano passado pelo reitor do Santu\u00e1rio da Sa\u00fade e da Paz, o Padre Vin\u00edcius Maciel, SSCC, com textos da novena impressa feito pelo pr\u00f3prio reitor. Cada dia da novena tem uma dura\u00e7\u00e3o de cerca de 8 minutos e contempla ora\u00e7\u00f5es ao Santo e trechos de hist\u00f3ria [&hellip;]<\/p>\n","protected":false},"author":2,"featured_media":10325,"comment_status":"open","ping_status":"closed","sticky":false,"template":"","format":"standard","meta":{"_acf_changed":false,"footnotes":""},"categories":[611],"tags":[],"class_list":["post-10324","post","type-post","status-publish","format-standard","has-post-thumbnail","hentry","category-noticias"],"acf":[],"yoast_head":"<!-- This site is optimized with the Yoast SEO plugin v27.2 - https:\/\/yoast.com\/product\/yoast-seo-wordpress\/ -->\n<title>Canal Padre Eust\u00e1quio exibe Novena a S\u00e3o Dami\u00e3o de Molokai<\/title>\n<meta name=\"description\" content=\"Na pr\u00f3xima quarta-feira, dia 10 de maio, a Igreja celebra o Dia de S\u00e3o Dami\u00e3o de Molokai, o padre mission\u00e1rio dos Sagrados Cora\u00e7\u00f5es que viveu entre os hansenianos (leprosos) numa ilha do Hava\u00ed. A novena come\u00e7ou nessa segunda-feira, dia 1\u00ba de maio, e vai at\u00e9 o dia 9, ter\u00e7a-feira.\" \/>\n<meta name=\"robots\" content=\"index, follow, max-snippet:-1, max-image-preview:large, max-video-preview:-1\" \/>\n<link rel=\"canonical\" href=\"https:\/\/www.padreeustaquio.com.br\/es\/el-canal-padre-eustaquio-transmite-la-novena-a-san-damian-de-molokai\/\" \/>\n<meta property=\"og:locale\" content=\"es_ES\" \/>\n<meta property=\"og:type\" content=\"article\" \/>\n<meta property=\"og:title\" content=\"Canal Padre Eust\u00e1quio exibe Novena a S\u00e3o Dami\u00e3o de Molokai\" \/>\n<meta property=\"og:description\" content=\"Na pr\u00f3xima quarta-feira, dia 10 de maio, a Igreja celebra o Dia de S\u00e3o Dami\u00e3o de Molokai, o padre mission\u00e1rio dos Sagrados Cora\u00e7\u00f5es que viveu entre os hansenianos (leprosos) numa ilha do Hava\u00ed. A novena come\u00e7ou nessa segunda-feira, dia 1\u00ba de maio, e vai at\u00e9 o dia 9, ter\u00e7a-feira.\" \/>\n<meta property=\"og:url\" content=\"https:\/\/www.padreeustaquio.com.br\/es\/el-canal-padre-eustaquio-transmite-la-novena-a-san-damian-de-molokai\/\" \/>\n<meta property=\"og:site_name\" content=\"Padre Eust\u00e1quio\" \/>\n<meta property=\"article:publisher\" content=\"https:\/\/www.facebook.com\/beatopadreeustaquio\/\" \/>\n<meta property=\"article:published_time\" content=\"2023-05-02T09:04:00+00:00\" \/>\n<meta property=\"article:modified_time\" content=\"2023-05-03T15:16:04+00:00\" \/>\n<meta property=\"og:image\" content=\"https:\/\/www.padreeustaquio.com.br\/wp-content\/uploads\/2023\/05\/tela-novena-sao-damiao.jpg\" \/>\n\t<meta property=\"og:image:width\" content=\"1920\" \/>\n\t<meta property=\"og:image:height\" content=\"1080\" \/>\n\t<meta property=\"og:image:type\" content=\"image\/jpeg\" \/>\n<meta name=\"author\" content=\"@sscc\" \/>\n<meta name=\"twitter:card\" content=\"summary_large_image\" \/>\n<meta name=\"twitter:creator\" content=\"@beatopeustaquio\" \/>\n<meta name=\"twitter:site\" content=\"@beatopeustaquio\" \/>\n<meta name=\"twitter:label1\" content=\"Escrito por\" \/>\n\t<meta name=\"twitter:data1\" content=\"@sscc\" \/>\n\t<meta name=\"twitter:label2\" content=\"Tiempo de lectura\" \/>\n\t<meta name=\"twitter:data2\" content=\"3 minutos\" \/>\n<script type=\"application\/ld+json\" class=\"yoast-schema-graph\">{\"@context\":\"https:\/\/schema.org\",\"@graph\":[{\"@type\":\"Article\",\"@id\":\"https:\/\/www.padreeustaquio.com.br\/canal-padre-eustaquio-exibe-novena-a-sao-damiao-de-molokai\/#article\",\"isPartOf\":{\"@id\":\"https:\/\/www.padreeustaquio.com.br\/canal-padre-eustaquio-exibe-novena-a-sao-damiao-de-molokai\/\"},\"author\":{\"name\":\"@sscc\",\"@id\":\"https:\/\/www.padreeustaquio.com.br\/#\/schema\/person\/a2a51db1d00f1a7af0204a0f1ddb1566\"},\"headline\":\"Canal Padre Eust\u00e1quio exibe Novena a S\u00e3o Dami\u00e3o de Molokai\",\"datePublished\":\"2023-05-02T09:04:00+00:00\",\"dateModified\":\"2023-05-03T15:16:04+00:00\",\"mainEntityOfPage\":{\"@id\":\"https:\/\/www.padreeustaquio.com.br\/canal-padre-eustaquio-exibe-novena-a-sao-damiao-de-molokai\/\"},\"wordCount\":506,\"commentCount\":0,\"publisher\":{\"@id\":\"https:\/\/www.padreeustaquio.com.br\/#organization\"},\"image\":{\"@id\":\"https:\/\/www.padreeustaquio.com.br\/canal-padre-eustaquio-exibe-novena-a-sao-damiao-de-molokai\/#primaryimage\"},\"thumbnailUrl\":\"https:\/\/www.padreeustaquio.com.br\/wp-content\/uploads\/2023\/05\/tela-novena-sao-damiao.jpg\",\"articleSection\":[\"Not\u00edcias\"],\"inLanguage\":\"es\",\"potentialAction\":[{\"@type\":\"CommentAction\",\"name\":\"Comment\",\"target\":[\"https:\/\/www.padreeustaquio.com.br\/canal-padre-eustaquio-exibe-novena-a-sao-damiao-de-molokai\/#respond\"]}]},{\"@type\":\"WebPage\",\"@id\":\"https:\/\/www.padreeustaquio.com.br\/canal-padre-eustaquio-exibe-novena-a-sao-damiao-de-molokai\/\",\"url\":\"https:\/\/www.padreeustaquio.com.br\/canal-padre-eustaquio-exibe-novena-a-sao-damiao-de-molokai\/\",\"name\":\"Canal Padre Eust\u00e1quio exibe Novena a S\u00e3o Dami\u00e3o de Molokai\",\"isPartOf\":{\"@id\":\"https:\/\/www.padreeustaquio.com.br\/#website\"},\"primaryImageOfPage\":{\"@id\":\"https:\/\/www.padreeustaquio.com.br\/canal-padre-eustaquio-exibe-novena-a-sao-damiao-de-molokai\/#primaryimage\"},\"image\":{\"@id\":\"https:\/\/www.padreeustaquio.com.br\/canal-padre-eustaquio-exibe-novena-a-sao-damiao-de-molokai\/#primaryimage\"},\"thumbnailUrl\":\"https:\/\/www.padreeustaquio.com.br\/wp-content\/uploads\/2023\/05\/tela-novena-sao-damiao.jpg\",\"datePublished\":\"2023-05-02T09:04:00+00:00\",\"dateModified\":\"2023-05-03T15:16:04+00:00\",\"description\":\"Na pr\u00f3xima quarta-feira, dia 10 de maio, a Igreja celebra o Dia de S\u00e3o Dami\u00e3o de Molokai, o padre mission\u00e1rio dos Sagrados Cora\u00e7\u00f5es que viveu entre os hansenianos (leprosos) numa ilha do Hava\u00ed. A novena come\u00e7ou nessa segunda-feira, dia 1\u00ba de maio, e vai at\u00e9 o dia 9, ter\u00e7a-feira.\",\"breadcrumb\":{\"@id\":\"https:\/\/www.padreeustaquio.com.br\/canal-padre-eustaquio-exibe-novena-a-sao-damiao-de-molokai\/#breadcrumb\"},\"inLanguage\":\"es\",\"potentialAction\":[{\"@type\":\"ReadAction\",\"target\":[\"https:\/\/www.padreeustaquio.com.br\/canal-padre-eustaquio-exibe-novena-a-sao-damiao-de-molokai\/\"]}]},{\"@type\":\"ImageObject\",\"inLanguage\":\"es\",\"@id\":\"https:\/\/www.padreeustaquio.com.br\/canal-padre-eustaquio-exibe-novena-a-sao-damiao-de-molokai\/#primaryimage\",\"url\":\"https:\/\/www.padreeustaquio.com.br\/wp-content\/uploads\/2023\/05\/tela-novena-sao-damiao.jpg\",\"contentUrl\":\"https:\/\/www.padreeustaquio.com.br\/wp-content\/uploads\/2023\/05\/tela-novena-sao-damiao.jpg\",\"width\":1920,\"height\":1080},{\"@type\":\"BreadcrumbList\",\"@id\":\"https:\/\/www.padreeustaquio.com.br\/canal-padre-eustaquio-exibe-novena-a-sao-damiao-de-molokai\/#breadcrumb\",\"itemListElement\":[{\"@type\":\"ListItem\",\"position\":1,\"name\":\"In\u00edcio\",\"item\":\"https:\/\/www.padreeustaquio.com.br\/\"},{\"@type\":\"ListItem\",\"position\":2,\"name\":\"Canal Padre Eust\u00e1quio exibe Novena a S\u00e3o Dami\u00e3o de Molokai\"}]},{\"@type\":\"WebSite\",\"@id\":\"https:\/\/www.padreeustaquio.com.br\/#website\",\"url\":\"https:\/\/www.padreeustaquio.com.br\/\",\"name\":\"Padre Eust\u00e1quio\",\"description\":\"Sa\u00fade e Paz\",\"publisher\":{\"@id\":\"https:\/\/www.padreeustaquio.com.br\/#organization\"},\"potentialAction\":[{\"@type\":\"SearchAction\",\"target\":{\"@type\":\"EntryPoint\",\"urlTemplate\":\"https:\/\/www.padreeustaquio.com.br\/?s={search_term_string}\"},\"query-input\":{\"@type\":\"PropertyValueSpecification\",\"valueRequired\":true,\"valueName\":\"search_term_string\"}}],\"inLanguage\":\"es\"},{\"@type\":\"Organization\",\"@id\":\"https:\/\/www.padreeustaquio.com.br\/#organization\",\"name\":\"Padre Eust\u00e1quio\",\"url\":\"https:\/\/www.padreeustaquio.com.br\/\",\"logo\":{\"@type\":\"ImageObject\",\"inLanguage\":\"es\",\"@id\":\"https:\/\/www.padreeustaquio.com.br\/#\/schema\/logo\/image\/\",\"url\":\"https:\/\/www.padreeustaquio.com.br\/wp-content\/uploads\/2019\/08\/marca.png\",\"contentUrl\":\"https:\/\/www.padreeustaquio.com.br\/wp-content\/uploads\/2019\/08\/marca.png\",\"width\":350,\"height\":400,\"caption\":\"Padre Eust\u00e1quio\"},\"image\":{\"@id\":\"https:\/\/www.padreeustaquio.com.br\/#\/schema\/logo\/image\/\"},\"sameAs\":[\"https:\/\/www.facebook.com\/beatopadreeustaquio\/\",\"https:\/\/x.com\/beatopeustaquio\",\"https:\/\/www.instagram.com\/beatopadreeustaquio\/\",\"https:\/\/www.youtube.com\/channel\/UCRhw7vfabnajwLxb1ZXMeIw\"]},{\"@type\":\"Person\",\"@id\":\"https:\/\/www.padreeustaquio.com.br\/#\/schema\/person\/a2a51db1d00f1a7af0204a0f1ddb1566\",\"name\":\"@sscc\",\"image\":{\"@type\":\"ImageObject\",\"inLanguage\":\"es\",\"@id\":\"https:\/\/secure.gravatar.com\/avatar\/68cfafa5f44617fea54071e215026e0ff06be366c3d54a8425f04fdcb86f8c5f?s=96&d=mm&r=g\",\"url\":\"https:\/\/secure.gravatar.com\/avatar\/68cfafa5f44617fea54071e215026e0ff06be366c3d54a8425f04fdcb86f8c5f?s=96&d=mm&r=g\",\"contentUrl\":\"https:\/\/secure.gravatar.com\/avatar\/68cfafa5f44617fea54071e215026e0ff06be366c3d54a8425f04fdcb86f8c5f?s=96&d=mm&r=g\",\"caption\":\"@sscc\"},\"url\":\"https:\/\/www.padreeustaquio.com.br\/es\/author\/sscc\/\"}]}<\/script>\n<!-- \/ Yoast SEO plugin. -->","yoast_head_json":{"title":"Canal Padre Eust\u00e1quio transmite Novena a San Dami\u00e1n de Molokai","description":"El pr\u00f3ximo mi\u00e9rcoles 10 de mayo, la Iglesia celebra la festividad de San Dami\u00e1n de Molokai, sacerdote misionero de los Sagrados Corazones que vivi\u00f3 entre leprosos en una isla de Haw\u00e1i. La novena comenz\u00f3 el lunes 1 de mayo y continuar\u00e1 hasta el martes 9 de mayo.","robots":{"index":"index","follow":"follow","max-snippet":"max-snippet:-1","max-image-preview":"max-image-preview:large","max-video-preview":"max-video-preview:-1"},"canonical":"https:\/\/www.padreeustaquio.com.br\/es\/el-canal-padre-eustaquio-transmite-la-novena-a-san-damian-de-molokai\/","og_locale":"es_ES","og_type":"article","og_title":"Canal Padre Eust\u00e1quio exibe Novena a S\u00e3o Dami\u00e3o de Molokai","og_description":"Na pr\u00f3xima quarta-feira, dia 10 de maio, a Igreja celebra o Dia de S\u00e3o Dami\u00e3o de Molokai, o padre mission\u00e1rio dos Sagrados Cora\u00e7\u00f5es que viveu entre os hansenianos (leprosos) numa ilha do Hava\u00ed. A novena come\u00e7ou nessa segunda-feira, dia 1\u00ba de maio, e vai at\u00e9 o dia 9, ter\u00e7a-feira.","og_url":"https:\/\/www.padreeustaquio.com.br\/es\/el-canal-padre-eustaquio-transmite-la-novena-a-san-damian-de-molokai\/","og_site_name":"Padre Eust\u00e1quio","article_publisher":"https:\/\/www.facebook.com\/beatopadreeustaquio\/","article_published_time":"2023-05-02T09:04:00+00:00","article_modified_time":"2023-05-03T15:16:04+00:00","og_image":[{"width":1920,"height":1080,"url":"https:\/\/www.padreeustaquio.com.br\/wp-content\/uploads\/2023\/05\/tela-novena-sao-damiao.jpg","type":"image\/jpeg"}],"author":"@sscc","twitter_card":"summary_large_image","twitter_creator":"@beatopeustaquio","twitter_site":"@beatopeustaquio","twitter_misc":{"Escrito por":"@sscc","Tiempo de lectura":"3 minutos"},"schema":{"@context":"https:\/\/schema.org","@graph":[{"@type":"Article","@id":"https:\/\/www.padreeustaquio.com.br\/canal-padre-eustaquio-exibe-novena-a-sao-damiao-de-molokai\/#article","isPartOf":{"@id":"https:\/\/www.padreeustaquio.com.br\/canal-padre-eustaquio-exibe-novena-a-sao-damiao-de-molokai\/"},"author":{"name":"@sscc","@id":"https:\/\/www.padreeustaquio.com.br\/#\/schema\/person\/a2a51db1d00f1a7af0204a0f1ddb1566"},"headline":"Canal Padre Eust\u00e1quio exibe Novena a S\u00e3o Dami\u00e3o de Molokai","datePublished":"2023-05-02T09:04:00+00:00","dateModified":"2023-05-03T15:16:04+00:00","mainEntityOfPage":{"@id":"https:\/\/www.padreeustaquio.com.br\/canal-padre-eustaquio-exibe-novena-a-sao-damiao-de-molokai\/"},"wordCount":506,"commentCount":0,"publisher":{"@id":"https:\/\/www.padreeustaquio.com.br\/#organization"},"image":{"@id":"https:\/\/www.padreeustaquio.com.br\/canal-padre-eustaquio-exibe-novena-a-sao-damiao-de-molokai\/#primaryimage"},"thumbnailUrl":"https:\/\/www.padreeustaquio.com.br\/wp-content\/uploads\/2023\/05\/tela-novena-sao-damiao.jpg","articleSection":["Not\u00edcias"],"inLanguage":"es","potentialAction":[{"@type":"CommentAction","name":"Comment","target":["https:\/\/www.padreeustaquio.com.br\/canal-padre-eustaquio-exibe-novena-a-sao-damiao-de-molokai\/#respond"]}]},{"@type":"WebPage","@id":"https:\/\/www.padreeustaquio.com.br\/canal-padre-eustaquio-exibe-novena-a-sao-damiao-de-molokai\/","url":"https:\/\/www.padreeustaquio.com.br\/canal-padre-eustaquio-exibe-novena-a-sao-damiao-de-molokai\/","name":"Canal Padre Eust\u00e1quio transmite Novena a San Dami\u00e1n de Molokai","isPartOf":{"@id":"https:\/\/www.padreeustaquio.com.br\/#website"},"primaryImageOfPage":{"@id":"https:\/\/www.padreeustaquio.com.br\/canal-padre-eustaquio-exibe-novena-a-sao-damiao-de-molokai\/#primaryimage"},"image":{"@id":"https:\/\/www.padreeustaquio.com.br\/canal-padre-eustaquio-exibe-novena-a-sao-damiao-de-molokai\/#primaryimage"},"thumbnailUrl":"https:\/\/www.padreeustaquio.com.br\/wp-content\/uploads\/2023\/05\/tela-novena-sao-damiao.jpg","datePublished":"2023-05-02T09:04:00+00:00","dateModified":"2023-05-03T15:16:04+00:00","description":"El pr\u00f3ximo mi\u00e9rcoles 10 de mayo, la Iglesia celebra la festividad de San Dami\u00e1n de Molokai, sacerdote misionero de los Sagrados Corazones que vivi\u00f3 entre leprosos en una isla de Haw\u00e1i. La novena comenz\u00f3 el lunes 1 de mayo y continuar\u00e1 hasta el martes 9 de mayo.","breadcrumb":{"@id":"https:\/\/www.padreeustaquio.com.br\/canal-padre-eustaquio-exibe-novena-a-sao-damiao-de-molokai\/#breadcrumb"},"inLanguage":"es","potentialAction":[{"@type":"ReadAction","target":["https:\/\/www.padreeustaquio.com.br\/canal-padre-eustaquio-exibe-novena-a-sao-damiao-de-molokai\/"]}]},{"@type":"ImageObject","inLanguage":"es","@id":"https:\/\/www.padreeustaquio.com.br\/canal-padre-eustaquio-exibe-novena-a-sao-damiao-de-molokai\/#primaryimage","url":"https:\/\/www.padreeustaquio.com.br\/wp-content\/uploads\/2023\/05\/tela-novena-sao-damiao.jpg","contentUrl":"https:\/\/www.padreeustaquio.com.br\/wp-content\/uploads\/2023\/05\/tela-novena-sao-damiao.jpg","width":1920,"height":1080},{"@type":"BreadcrumbList","@id":"https:\/\/www.padreeustaquio.com.br\/canal-padre-eustaquio-exibe-novena-a-sao-damiao-de-molokai\/#breadcrumb","itemListElement":[{"@type":"ListItem","position":1,"name":"In\u00edcio","item":"https:\/\/www.padreeustaquio.com.br\/"},{"@type":"ListItem","position":2,"name":"Canal Padre Eust\u00e1quio exibe Novena a S\u00e3o Dami\u00e3o de Molokai"}]},{"@type":"WebSite","@id":"https:\/\/www.padreeustaquio.com.br\/#website","url":"https:\/\/www.padreeustaquio.com.br\/","name":"Padre Eustace","description":"Salud y Paz","publisher":{"@id":"https:\/\/www.padreeustaquio.com.br\/#organization"},"potentialAction":[{"@type":"SearchAction","target":{"@type":"EntryPoint","urlTemplate":"https:\/\/www.padreeustaquio.com.br\/?s={search_term_string}"},"query-input":{"@type":"PropertyValueSpecification","valueRequired":true,"valueName":"search_term_string"}}],"inLanguage":"es"},{"@type":"Organization","@id":"https:\/\/www.padreeustaquio.com.br\/#organization","name":"Padre Eustace","url":"https:\/\/www.padreeustaquio.com.br\/","logo":{"@type":"ImageObject","inLanguage":"es","@id":"https:\/\/www.padreeustaquio.com.br\/#\/schema\/logo\/image\/","url":"https:\/\/www.padreeustaquio.com.br\/wp-content\/uploads\/2019\/08\/marca.png","contentUrl":"https:\/\/www.padreeustaquio.com.br\/wp-content\/uploads\/2019\/08\/marca.png","width":350,"height":400,"caption":"Padre Eust\u00e1quio"},"image":{"@id":"https:\/\/www.padreeustaquio.com.br\/#\/schema\/logo\/image\/"},"sameAs":["https:\/\/www.facebook.com\/beatopadreeustaquio\/","https:\/\/x.com\/beatopeustaquio","https:\/\/www.instagram.com\/beatopadreeustaquio\/","https:\/\/www.youtube.com\/channel\/UCRhw7vfabnajwLxb1ZXMeIw"]},{"@type":"Person","@id":"https:\/\/www.padreeustaquio.com.br\/#\/schema\/person\/a2a51db1d00f1a7af0204a0f1ddb1566","name":"@sscc","image":{"@type":"ImageObject","inLanguage":"es","@id":"https:\/\/secure.gravatar.com\/avatar\/68cfafa5f44617fea54071e215026e0ff06be366c3d54a8425f04fdcb86f8c5f?s=96&d=mm&r=g","url":"https:\/\/secure.gravatar.com\/avatar\/68cfafa5f44617fea54071e215026e0ff06be366c3d54a8425f04fdcb86f8c5f?s=96&d=mm&r=g","contentUrl":"https:\/\/secure.gravatar.com\/avatar\/68cfafa5f44617fea54071e215026e0ff06be366c3d54a8425f04fdcb86f8c5f?s=96&d=mm&r=g","caption":"@sscc"},"url":"https:\/\/www.padreeustaquio.com.br\/es\/author\/sscc\/"}]}},"_links":{"self":[{"href":"https:\/\/www.padreeustaquio.com.br\/es\/wp-json\/wp\/v2\/posts\/10324","targetHints":{"allow":["GET"]}}],"collection":[{"href":"https:\/\/www.padreeustaquio.com.br\/es\/wp-json\/wp\/v2\/posts"}],"about":[{"href":"https:\/\/www.padreeustaquio.com.br\/es\/wp-json\/wp\/v2\/types\/post"}],"author":[{"embeddable":true,"href":"https:\/\/www.padreeustaquio.com.br\/es\/wp-json\/wp\/v2\/users\/2"}],"replies":[{"embeddable":true,"href":"https:\/\/www.padreeustaquio.com.br\/es\/wp-json\/wp\/v2\/comments?post=10324"}],"version-history":[{"count":0,"href":"https:\/\/www.padreeustaquio.com.br\/es\/wp-json\/wp\/v2\/posts\/10324\/revisions"}],"wp:featuredmedia":[{"embeddable":true,"href":"https:\/\/www.padreeustaquio.com.br\/es\/wp-json\/wp\/v2\/media\/10325"}],"wp:attachment":[{"href":"https:\/\/www.padreeustaquio.com.br\/es\/wp-json\/wp\/v2\/media?parent=10324"}],"wp:term":[{"taxonomy":"category","embeddable":true,"href":"https:\/\/www.padreeustaquio.com.br\/es\/wp-json\/wp\/v2\/categories?post=10324"},{"taxonomy":"post_tag","embeddable":true,"href":"https:\/\/www.padreeustaquio.com.br\/es\/wp-json\/wp\/v2\/tags?post=10324"}],"curies":[{"name":"wp","href":"https:\/\/api.w.org\/{rel}","templated":true}]}}