{"id":10318,"date":"2023-05-01T06:15:00","date_gmt":"2023-05-01T09:15:00","guid":{"rendered":"https:\/\/www.padreeustaquio.com.br\/?p=10318"},"modified":"2023-04-30T17:29:49","modified_gmt":"2023-04-30T20:29:49","slug":"el-postulador-adjunto-realiza-investigaciones-en-la-residencia-general-en-roma","status":"publish","type":"post","link":"https:\/\/www.padreeustaquio.com.br\/es\/el-postulador-adjunto-realiza-investigaciones-en-la-residencia-general-en-roma\/","title":{"rendered":"El vicepostulador realiza investigaciones en la Casa General en Roma."},"content":{"rendered":"<p>Este fin de semana, el Padre Vin\u00edcius Maciel, SSCC, vicepostulador responsable en Brasil de la canonizaci\u00f3n del Padre Eust\u00e1quio, estuvo en la Casa General de la Congregaci\u00f3n de los Sagrados Corazones en Roma, Italia. El sacerdote, quien tambi\u00e9n es rector del Santuario de la Salud y la Paz en Belo Horizonte, realiz\u00f3 una investigaci\u00f3n en el archivo general de la Congregaci\u00f3n.<\/p>\n\n\n\n<p>El Padre Vinicius, SSCC, tuvo acceso a los documentos hist\u00f3ricos relacionados con el proceso desde su inicio, en 1956. Cartas y manuscritos del Beato tambi\u00e9n fueron consultados por el sacerdote, quien realiz\u00f3 una b\u00fasqueda general de los datos e informaciones contenidos en los documentos. <\/p>\n\n\n\n<p>El trabajo in situ cont\u00f3 con el apoyo del archivista general de la Congregaci\u00f3n, el Padre Eric Hernout, SSCC. El material servir\u00e1 como complemento a la fase actual del proceso, que espera la aprobaci\u00f3n del Dicasterio para las Causas de los Santos en el Vaticano.<\/p>\n\n\n\n<p><\/p>","protected":false},"excerpt":{"rendered":"<p>Neste fim de semana, o Padre Vin\u00edcius Maciel, SSCC, vice-postulador respons\u00e1vel no Brasil pela Canoniza\u00e7\u00e3o de Padre Eust\u00e1quio, esteve na Casa Geral da Congrega\u00e7\u00e3o dos Sagrados Cora\u00e7\u00f5es em Roma, na It\u00e1lia. O padre, que tamb\u00e9m \u00e9 reitor do Santu\u00e1rio da Sa\u00fade e da Paz, em Belo Horizonte, fez pesquisas no arquivo geral da Congrega\u00e7\u00e3o. Pe. Vin\u00edcius, SSCC, teve acesso aos documentos hist\u00f3ricos ligados ao processo, desde o in\u00edcio, em 1956. Cartas e manuscritos do Beato tamb\u00e9m foram consultados pelo sacerdote que fez uma busca geral dos dados e informa\u00e7\u00f5es contidas nos papeis. Os trabalhos no local contaram com o apoio [&hellip;]<\/p>\n","protected":false},"author":2,"featured_media":10319,"comment_status":"open","ping_status":"closed","sticky":false,"template":"","format":"standard","meta":{"_acf_changed":false,"footnotes":""},"categories":[611],"tags":[],"class_list":["post-10318","post","type-post","status-publish","format-standard","has-post-thumbnail","hentry","category-noticias"],"acf":[],"yoast_head":"<!-- This site is optimized with the Yoast SEO plugin v27.2 - https:\/\/yoast.com\/product\/yoast-seo-wordpress\/ -->\n<title>Vice-postulador faz pesquisa na Casa Geral em Roma<\/title>\n<meta name=\"description\" content=\"Neste fim de semana, o Padre Vin\u00edcius Maciel, SSCC, vice-postulador respons\u00e1vel no Brasil pela Canoniza\u00e7\u00e3o de Padre Eust\u00e1quio, esteve na Casa Geral da Congrega\u00e7\u00e3o dos Sagrados Cora\u00e7\u00f5es em Roma, na It\u00e1lia. O padre, que tamb\u00e9m \u00e9 reitor do Santu\u00e1rio da Sa\u00fade e da Paz, em Belo Horizonte, fez pesquisas no arquivo geral da Congrega\u00e7\u00e3o.\" \/>\n<meta name=\"robots\" content=\"index, follow, max-snippet:-1, max-image-preview:large, max-video-preview:-1\" \/>\n<link rel=\"canonical\" href=\"https:\/\/www.padreeustaquio.com.br\/es\/el-postulador-adjunto-realiza-investigaciones-en-la-residencia-general-en-roma\/\" \/>\n<meta property=\"og:locale\" content=\"es_ES\" \/>\n<meta property=\"og:type\" content=\"article\" \/>\n<meta property=\"og:title\" content=\"Vice-postulador faz pesquisa na Casa Geral em Roma\" \/>\n<meta property=\"og:description\" content=\"Neste fim de semana, o Padre Vin\u00edcius Maciel, SSCC, vice-postulador respons\u00e1vel no Brasil pela Canoniza\u00e7\u00e3o de Padre Eust\u00e1quio, esteve na Casa Geral da Congrega\u00e7\u00e3o dos Sagrados Cora\u00e7\u00f5es em Roma, na It\u00e1lia. O padre, que tamb\u00e9m \u00e9 reitor do Santu\u00e1rio da Sa\u00fade e da Paz, em Belo Horizonte, fez pesquisas no arquivo geral da Congrega\u00e7\u00e3o.\" \/>\n<meta property=\"og:url\" content=\"https:\/\/www.padreeustaquio.com.br\/es\/el-postulador-adjunto-realiza-investigaciones-en-la-residencia-general-en-roma\/\" \/>\n<meta property=\"og:site_name\" content=\"Padre Eust\u00e1quio\" \/>\n<meta property=\"article:publisher\" content=\"https:\/\/www.facebook.com\/beatopadreeustaquio\/\" \/>\n<meta property=\"article:published_time\" content=\"2023-05-01T09:15:00+00:00\" \/>\n<meta property=\"og:image\" content=\"https:\/\/www.padreeustaquio.com.br\/wp-content\/uploads\/2023\/04\/Pe-Vinicius-pesquisa-arquivo-da-Congregacao.jpeg\" \/>\n\t<meta property=\"og:image:width\" content=\"1600\" \/>\n\t<meta property=\"og:image:height\" content=\"1200\" \/>\n\t<meta property=\"og:image:type\" content=\"image\/jpeg\" \/>\n<meta name=\"author\" content=\"@sscc\" \/>\n<meta name=\"twitter:card\" content=\"summary_large_image\" \/>\n<meta name=\"twitter:creator\" content=\"@beatopeustaquio\" \/>\n<meta name=\"twitter:site\" content=\"@beatopeustaquio\" \/>\n<meta name=\"twitter:label1\" content=\"Escrito por\" \/>\n\t<meta name=\"twitter:data1\" content=\"@sscc\" \/>\n\t<meta name=\"twitter:label2\" content=\"Tiempo de lectura\" \/>\n\t<meta name=\"twitter:data2\" content=\"1 minuto\" \/>\n<script type=\"application\/ld+json\" class=\"yoast-schema-graph\">{\"@context\":\"https:\/\/schema.org\",\"@graph\":[{\"@type\":\"Article\",\"@id\":\"https:\/\/www.padreeustaquio.com.br\/vice-postulador-faz-pesquisa-na-casa-geral-em-roma\/#article\",\"isPartOf\":{\"@id\":\"https:\/\/www.padreeustaquio.com.br\/vice-postulador-faz-pesquisa-na-casa-geral-em-roma\/\"},\"author\":{\"name\":\"@sscc\",\"@id\":\"https:\/\/www.padreeustaquio.com.br\/#\/schema\/person\/a2a51db1d00f1a7af0204a0f1ddb1566\"},\"headline\":\"Vice-postulador faz pesquisa na Casa Geral em Roma\",\"datePublished\":\"2023-05-01T09:15:00+00:00\",\"mainEntityOfPage\":{\"@id\":\"https:\/\/www.padreeustaquio.com.br\/vice-postulador-faz-pesquisa-na-casa-geral-em-roma\/\"},\"wordCount\":160,\"commentCount\":0,\"publisher\":{\"@id\":\"https:\/\/www.padreeustaquio.com.br\/#organization\"},\"image\":{\"@id\":\"https:\/\/www.padreeustaquio.com.br\/vice-postulador-faz-pesquisa-na-casa-geral-em-roma\/#primaryimage\"},\"thumbnailUrl\":\"https:\/\/www.padreeustaquio.com.br\/wp-content\/uploads\/2023\/04\/Pe-Vinicius-pesquisa-arquivo-da-Congregacao.jpeg\",\"articleSection\":[\"Not\u00edcias\"],\"inLanguage\":\"es\",\"potentialAction\":[{\"@type\":\"CommentAction\",\"name\":\"Comment\",\"target\":[\"https:\/\/www.padreeustaquio.com.br\/vice-postulador-faz-pesquisa-na-casa-geral-em-roma\/#respond\"]}]},{\"@type\":\"WebPage\",\"@id\":\"https:\/\/www.padreeustaquio.com.br\/vice-postulador-faz-pesquisa-na-casa-geral-em-roma\/\",\"url\":\"https:\/\/www.padreeustaquio.com.br\/vice-postulador-faz-pesquisa-na-casa-geral-em-roma\/\",\"name\":\"Vice-postulador faz pesquisa na Casa Geral em Roma\",\"isPartOf\":{\"@id\":\"https:\/\/www.padreeustaquio.com.br\/#website\"},\"primaryImageOfPage\":{\"@id\":\"https:\/\/www.padreeustaquio.com.br\/vice-postulador-faz-pesquisa-na-casa-geral-em-roma\/#primaryimage\"},\"image\":{\"@id\":\"https:\/\/www.padreeustaquio.com.br\/vice-postulador-faz-pesquisa-na-casa-geral-em-roma\/#primaryimage\"},\"thumbnailUrl\":\"https:\/\/www.padreeustaquio.com.br\/wp-content\/uploads\/2023\/04\/Pe-Vinicius-pesquisa-arquivo-da-Congregacao.jpeg\",\"datePublished\":\"2023-05-01T09:15:00+00:00\",\"description\":\"Neste fim de semana, o Padre Vin\u00edcius Maciel, SSCC, vice-postulador respons\u00e1vel no Brasil pela Canoniza\u00e7\u00e3o de Padre Eust\u00e1quio, esteve na Casa Geral da Congrega\u00e7\u00e3o dos Sagrados Cora\u00e7\u00f5es em Roma, na It\u00e1lia. O padre, que tamb\u00e9m \u00e9 reitor do Santu\u00e1rio da Sa\u00fade e da Paz, em Belo Horizonte, fez pesquisas no arquivo geral da Congrega\u00e7\u00e3o.\",\"breadcrumb\":{\"@id\":\"https:\/\/www.padreeustaquio.com.br\/vice-postulador-faz-pesquisa-na-casa-geral-em-roma\/#breadcrumb\"},\"inLanguage\":\"es\",\"potentialAction\":[{\"@type\":\"ReadAction\",\"target\":[\"https:\/\/www.padreeustaquio.com.br\/vice-postulador-faz-pesquisa-na-casa-geral-em-roma\/\"]}]},{\"@type\":\"ImageObject\",\"inLanguage\":\"es\",\"@id\":\"https:\/\/www.padreeustaquio.com.br\/vice-postulador-faz-pesquisa-na-casa-geral-em-roma\/#primaryimage\",\"url\":\"https:\/\/www.padreeustaquio.com.br\/wp-content\/uploads\/2023\/04\/Pe-Vinicius-pesquisa-arquivo-da-Congregacao.jpeg\",\"contentUrl\":\"https:\/\/www.padreeustaquio.com.br\/wp-content\/uploads\/2023\/04\/Pe-Vinicius-pesquisa-arquivo-da-Congregacao.jpeg\",\"width\":1600,\"height\":1200},{\"@type\":\"BreadcrumbList\",\"@id\":\"https:\/\/www.padreeustaquio.com.br\/vice-postulador-faz-pesquisa-na-casa-geral-em-roma\/#breadcrumb\",\"itemListElement\":[{\"@type\":\"ListItem\",\"position\":1,\"name\":\"In\u00edcio\",\"item\":\"https:\/\/www.padreeustaquio.com.br\/\"},{\"@type\":\"ListItem\",\"position\":2,\"name\":\"Vice-postulador faz pesquisa na Casa Geral em Roma\"}]},{\"@type\":\"WebSite\",\"@id\":\"https:\/\/www.padreeustaquio.com.br\/#website\",\"url\":\"https:\/\/www.padreeustaquio.com.br\/\",\"name\":\"Padre Eust\u00e1quio\",\"description\":\"Sa\u00fade e Paz\",\"publisher\":{\"@id\":\"https:\/\/www.padreeustaquio.com.br\/#organization\"},\"potentialAction\":[{\"@type\":\"SearchAction\",\"target\":{\"@type\":\"EntryPoint\",\"urlTemplate\":\"https:\/\/www.padreeustaquio.com.br\/?s={search_term_string}\"},\"query-input\":{\"@type\":\"PropertyValueSpecification\",\"valueRequired\":true,\"valueName\":\"search_term_string\"}}],\"inLanguage\":\"es\"},{\"@type\":\"Organization\",\"@id\":\"https:\/\/www.padreeustaquio.com.br\/#organization\",\"name\":\"Padre Eust\u00e1quio\",\"url\":\"https:\/\/www.padreeustaquio.com.br\/\",\"logo\":{\"@type\":\"ImageObject\",\"inLanguage\":\"es\",\"@id\":\"https:\/\/www.padreeustaquio.com.br\/#\/schema\/logo\/image\/\",\"url\":\"https:\/\/www.padreeustaquio.com.br\/wp-content\/uploads\/2019\/08\/marca.png\",\"contentUrl\":\"https:\/\/www.padreeustaquio.com.br\/wp-content\/uploads\/2019\/08\/marca.png\",\"width\":350,\"height\":400,\"caption\":\"Padre Eust\u00e1quio\"},\"image\":{\"@id\":\"https:\/\/www.padreeustaquio.com.br\/#\/schema\/logo\/image\/\"},\"sameAs\":[\"https:\/\/www.facebook.com\/beatopadreeustaquio\/\",\"https:\/\/x.com\/beatopeustaquio\",\"https:\/\/www.instagram.com\/beatopadreeustaquio\/\",\"https:\/\/www.youtube.com\/channel\/UCRhw7vfabnajwLxb1ZXMeIw\"]},{\"@type\":\"Person\",\"@id\":\"https:\/\/www.padreeustaquio.com.br\/#\/schema\/person\/a2a51db1d00f1a7af0204a0f1ddb1566\",\"name\":\"@sscc\",\"image\":{\"@type\":\"ImageObject\",\"inLanguage\":\"es\",\"@id\":\"https:\/\/secure.gravatar.com\/avatar\/68cfafa5f44617fea54071e215026e0ff06be366c3d54a8425f04fdcb86f8c5f?s=96&d=mm&r=g\",\"url\":\"https:\/\/secure.gravatar.com\/avatar\/68cfafa5f44617fea54071e215026e0ff06be366c3d54a8425f04fdcb86f8c5f?s=96&d=mm&r=g\",\"contentUrl\":\"https:\/\/secure.gravatar.com\/avatar\/68cfafa5f44617fea54071e215026e0ff06be366c3d54a8425f04fdcb86f8c5f?s=96&d=mm&r=g\",\"caption\":\"@sscc\"},\"url\":\"https:\/\/www.padreeustaquio.com.br\/es\/author\/sscc\/\"}]}<\/script>\n<!-- \/ Yoast SEO plugin. -->","yoast_head_json":{"title":"El vicepostulador realiza investigaciones en la Casa General en Roma.","description":"Este fin de semana, el Padre Vin\u00edcius Maciel, SSCC, vicepostulador responsable en Brasil de la canonizaci\u00f3n del Padre Eust\u00e1quio, estuvo en la Casa General de la Congregaci\u00f3n de los Sagrados Corazones en Roma, Italia. El sacerdote, quien tambi\u00e9n es rector del Santuario de la Salud y la Paz en Belo Horizonte, realiz\u00f3 una investigaci\u00f3n en el archivo general de la Congregaci\u00f3n.","robots":{"index":"index","follow":"follow","max-snippet":"max-snippet:-1","max-image-preview":"max-image-preview:large","max-video-preview":"max-video-preview:-1"},"canonical":"https:\/\/www.padreeustaquio.com.br\/es\/el-postulador-adjunto-realiza-investigaciones-en-la-residencia-general-en-roma\/","og_locale":"es_ES","og_type":"article","og_title":"Vice-postulador faz pesquisa na Casa Geral em Roma","og_description":"Neste fim de semana, o Padre Vin\u00edcius Maciel, SSCC, vice-postulador respons\u00e1vel no Brasil pela Canoniza\u00e7\u00e3o de Padre Eust\u00e1quio, esteve na Casa Geral da Congrega\u00e7\u00e3o dos Sagrados Cora\u00e7\u00f5es em Roma, na It\u00e1lia. O padre, que tamb\u00e9m \u00e9 reitor do Santu\u00e1rio da Sa\u00fade e da Paz, em Belo Horizonte, fez pesquisas no arquivo geral da Congrega\u00e7\u00e3o.","og_url":"https:\/\/www.padreeustaquio.com.br\/es\/el-postulador-adjunto-realiza-investigaciones-en-la-residencia-general-en-roma\/","og_site_name":"Padre Eust\u00e1quio","article_publisher":"https:\/\/www.facebook.com\/beatopadreeustaquio\/","article_published_time":"2023-05-01T09:15:00+00:00","og_image":[{"width":1600,"height":1200,"url":"https:\/\/www.padreeustaquio.com.br\/wp-content\/uploads\/2023\/04\/Pe-Vinicius-pesquisa-arquivo-da-Congregacao.jpeg","type":"image\/jpeg"}],"author":"@sscc","twitter_card":"summary_large_image","twitter_creator":"@beatopeustaquio","twitter_site":"@beatopeustaquio","twitter_misc":{"Escrito por":"@sscc","Tiempo de lectura":"1 minuto"},"schema":{"@context":"https:\/\/schema.org","@graph":[{"@type":"Article","@id":"https:\/\/www.padreeustaquio.com.br\/vice-postulador-faz-pesquisa-na-casa-geral-em-roma\/#article","isPartOf":{"@id":"https:\/\/www.padreeustaquio.com.br\/vice-postulador-faz-pesquisa-na-casa-geral-em-roma\/"},"author":{"name":"@sscc","@id":"https:\/\/www.padreeustaquio.com.br\/#\/schema\/person\/a2a51db1d00f1a7af0204a0f1ddb1566"},"headline":"Vice-postulador faz pesquisa na Casa Geral em Roma","datePublished":"2023-05-01T09:15:00+00:00","mainEntityOfPage":{"@id":"https:\/\/www.padreeustaquio.com.br\/vice-postulador-faz-pesquisa-na-casa-geral-em-roma\/"},"wordCount":160,"commentCount":0,"publisher":{"@id":"https:\/\/www.padreeustaquio.com.br\/#organization"},"image":{"@id":"https:\/\/www.padreeustaquio.com.br\/vice-postulador-faz-pesquisa-na-casa-geral-em-roma\/#primaryimage"},"thumbnailUrl":"https:\/\/www.padreeustaquio.com.br\/wp-content\/uploads\/2023\/04\/Pe-Vinicius-pesquisa-arquivo-da-Congregacao.jpeg","articleSection":["Not\u00edcias"],"inLanguage":"es","potentialAction":[{"@type":"CommentAction","name":"Comment","target":["https:\/\/www.padreeustaquio.com.br\/vice-postulador-faz-pesquisa-na-casa-geral-em-roma\/#respond"]}]},{"@type":"WebPage","@id":"https:\/\/www.padreeustaquio.com.br\/vice-postulador-faz-pesquisa-na-casa-geral-em-roma\/","url":"https:\/\/www.padreeustaquio.com.br\/vice-postulador-faz-pesquisa-na-casa-geral-em-roma\/","name":"El vicepostulador realiza investigaciones en la Casa General en Roma.","isPartOf":{"@id":"https:\/\/www.padreeustaquio.com.br\/#website"},"primaryImageOfPage":{"@id":"https:\/\/www.padreeustaquio.com.br\/vice-postulador-faz-pesquisa-na-casa-geral-em-roma\/#primaryimage"},"image":{"@id":"https:\/\/www.padreeustaquio.com.br\/vice-postulador-faz-pesquisa-na-casa-geral-em-roma\/#primaryimage"},"thumbnailUrl":"https:\/\/www.padreeustaquio.com.br\/wp-content\/uploads\/2023\/04\/Pe-Vinicius-pesquisa-arquivo-da-Congregacao.jpeg","datePublished":"2023-05-01T09:15:00+00:00","description":"Este fin de semana, el Padre Vin\u00edcius Maciel, SSCC, vicepostulador responsable en Brasil de la canonizaci\u00f3n del Padre Eust\u00e1quio, estuvo en la Casa General de la Congregaci\u00f3n de los Sagrados Corazones en Roma, Italia. El sacerdote, quien tambi\u00e9n es rector del Santuario de la Salud y la Paz en Belo Horizonte, realiz\u00f3 una investigaci\u00f3n en el archivo general de la Congregaci\u00f3n.","breadcrumb":{"@id":"https:\/\/www.padreeustaquio.com.br\/vice-postulador-faz-pesquisa-na-casa-geral-em-roma\/#breadcrumb"},"inLanguage":"es","potentialAction":[{"@type":"ReadAction","target":["https:\/\/www.padreeustaquio.com.br\/vice-postulador-faz-pesquisa-na-casa-geral-em-roma\/"]}]},{"@type":"ImageObject","inLanguage":"es","@id":"https:\/\/www.padreeustaquio.com.br\/vice-postulador-faz-pesquisa-na-casa-geral-em-roma\/#primaryimage","url":"https:\/\/www.padreeustaquio.com.br\/wp-content\/uploads\/2023\/04\/Pe-Vinicius-pesquisa-arquivo-da-Congregacao.jpeg","contentUrl":"https:\/\/www.padreeustaquio.com.br\/wp-content\/uploads\/2023\/04\/Pe-Vinicius-pesquisa-arquivo-da-Congregacao.jpeg","width":1600,"height":1200},{"@type":"BreadcrumbList","@id":"https:\/\/www.padreeustaquio.com.br\/vice-postulador-faz-pesquisa-na-casa-geral-em-roma\/#breadcrumb","itemListElement":[{"@type":"ListItem","position":1,"name":"In\u00edcio","item":"https:\/\/www.padreeustaquio.com.br\/"},{"@type":"ListItem","position":2,"name":"Vice-postulador faz pesquisa na Casa Geral em Roma"}]},{"@type":"WebSite","@id":"https:\/\/www.padreeustaquio.com.br\/#website","url":"https:\/\/www.padreeustaquio.com.br\/","name":"Padre Eustace","description":"Salud y Paz","publisher":{"@id":"https:\/\/www.padreeustaquio.com.br\/#organization"},"potentialAction":[{"@type":"SearchAction","target":{"@type":"EntryPoint","urlTemplate":"https:\/\/www.padreeustaquio.com.br\/?s={search_term_string}"},"query-input":{"@type":"PropertyValueSpecification","valueRequired":true,"valueName":"search_term_string"}}],"inLanguage":"es"},{"@type":"Organization","@id":"https:\/\/www.padreeustaquio.com.br\/#organization","name":"Padre Eustace","url":"https:\/\/www.padreeustaquio.com.br\/","logo":{"@type":"ImageObject","inLanguage":"es","@id":"https:\/\/www.padreeustaquio.com.br\/#\/schema\/logo\/image\/","url":"https:\/\/www.padreeustaquio.com.br\/wp-content\/uploads\/2019\/08\/marca.png","contentUrl":"https:\/\/www.padreeustaquio.com.br\/wp-content\/uploads\/2019\/08\/marca.png","width":350,"height":400,"caption":"Padre Eust\u00e1quio"},"image":{"@id":"https:\/\/www.padreeustaquio.com.br\/#\/schema\/logo\/image\/"},"sameAs":["https:\/\/www.facebook.com\/beatopadreeustaquio\/","https:\/\/x.com\/beatopeustaquio","https:\/\/www.instagram.com\/beatopadreeustaquio\/","https:\/\/www.youtube.com\/channel\/UCRhw7vfabnajwLxb1ZXMeIw"]},{"@type":"Person","@id":"https:\/\/www.padreeustaquio.com.br\/#\/schema\/person\/a2a51db1d00f1a7af0204a0f1ddb1566","name":"@sscc","image":{"@type":"ImageObject","inLanguage":"es","@id":"https:\/\/secure.gravatar.com\/avatar\/68cfafa5f44617fea54071e215026e0ff06be366c3d54a8425f04fdcb86f8c5f?s=96&d=mm&r=g","url":"https:\/\/secure.gravatar.com\/avatar\/68cfafa5f44617fea54071e215026e0ff06be366c3d54a8425f04fdcb86f8c5f?s=96&d=mm&r=g","contentUrl":"https:\/\/secure.gravatar.com\/avatar\/68cfafa5f44617fea54071e215026e0ff06be366c3d54a8425f04fdcb86f8c5f?s=96&d=mm&r=g","caption":"@sscc"},"url":"https:\/\/www.padreeustaquio.com.br\/es\/author\/sscc\/"}]}},"_links":{"self":[{"href":"https:\/\/www.padreeustaquio.com.br\/es\/wp-json\/wp\/v2\/posts\/10318","targetHints":{"allow":["GET"]}}],"collection":[{"href":"https:\/\/www.padreeustaquio.com.br\/es\/wp-json\/wp\/v2\/posts"}],"about":[{"href":"https:\/\/www.padreeustaquio.com.br\/es\/wp-json\/wp\/v2\/types\/post"}],"author":[{"embeddable":true,"href":"https:\/\/www.padreeustaquio.com.br\/es\/wp-json\/wp\/v2\/users\/2"}],"replies":[{"embeddable":true,"href":"https:\/\/www.padreeustaquio.com.br\/es\/wp-json\/wp\/v2\/comments?post=10318"}],"version-history":[{"count":0,"href":"https:\/\/www.padreeustaquio.com.br\/es\/wp-json\/wp\/v2\/posts\/10318\/revisions"}],"wp:featuredmedia":[{"embeddable":true,"href":"https:\/\/www.padreeustaquio.com.br\/es\/wp-json\/wp\/v2\/media\/10319"}],"wp:attachment":[{"href":"https:\/\/www.padreeustaquio.com.br\/es\/wp-json\/wp\/v2\/media?parent=10318"}],"wp:term":[{"taxonomy":"category","embeddable":true,"href":"https:\/\/www.padreeustaquio.com.br\/es\/wp-json\/wp\/v2\/categories?post=10318"},{"taxonomy":"post_tag","embeddable":true,"href":"https:\/\/www.padreeustaquio.com.br\/es\/wp-json\/wp\/v2\/tags?post=10318"}],"curies":[{"name":"wp","href":"https:\/\/api.w.org\/{rel}","templated":true}]}}