{"id":10307,"date":"2023-04-28T06:02:00","date_gmt":"2023-04-28T09:02:00","guid":{"rendered":"https:\/\/www.padreeustaquio.com.br\/?p=10307"},"modified":"2023-05-15T21:46:16","modified_gmt":"2023-05-16T00:46:16","slug":"sacerdotes-brasilenos-depositan-flores-en-el-cementerio-en-honor-a-los-sacerdotes-holandeses","status":"publish","type":"post","link":"https:\/\/www.padreeustaquio.com.br\/es\/sacerdotes-brasilenos-depositan-flores-en-el-cementerio-en-honor-a-los-sacerdotes-holandeses\/","title":{"rendered":"Sacerdotes brasile\u00f1os depositan flores en el cementerio en honor a los misioneros holandeses."},"content":{"rendered":"<p>Los sacerdotes brasile\u00f1os que participaron en la Beatificaci\u00f3n de los M\u00e1rtires de Picpus en Francia fueron esta semana al Cementerio de Breda, en Holanda, para rendir homenaje a los sacerdotes holandeses que dedicaron su vida al trabajo misionero en Brasil. <\/p>\n\n\n<div class=\"wp-block-image\">\n<figure class=\"alignleft size-medium is-resized\"><img decoding=\"async\" src=\"https:\/\/www.padreeustaquio.com.br\/wp-content\/uploads\/2023\/05\/brasileiros-no-cemiterio-3-edited.jpeg\" alt=\"\" class=\"wp-image-10390\" width=\"259\" srcset=\"https:\/\/www.padreeustaquio.com.br\/wp-content\/uploads\/2023\/05\/brasileiros-no-cemiterio-3-edited.jpeg 1012w, https:\/\/www.padreeustaquio.com.br\/wp-content\/uploads\/2023\/05\/brasileiros-no-cemiterio-3-edited-225x300.jpeg 225w, https:\/\/www.padreeustaquio.com.br\/wp-content\/uploads\/2023\/05\/brasileiros-no-cemiterio-3-edited-768x1025.jpeg 768w\" sizes=\"(max-width: 1012px) 100vw, 1012px\" \/><\/figure>\n<\/div>\n\n\n<p>El Provincial de la Congregaci\u00f3n en Brasil, P. Osv\u00e2nio Mariano, SSCC, y el Hermano Antoniel da Silva, SSCC, depositaron flores en la Conmemoraci\u00f3n de los Sagrados Corazones. A continuaci\u00f3n, el rector del Santuario Arquidiocesano de Salud y Paz, P. Vin\u00edcius Maciel, SSCC, ofreci\u00f3 una oraci\u00f3n e invit\u00f3 a los presentes a cantar el Himno de los Sagrados Corazones. Tambi\u00e9n estuvo presente el formador de la Congregaci\u00f3n en Brasil, P. Edvaldo Carneiro, SSCC.<\/p>\n\n\n\n<p>La visita al Cementerio se realiz\u00f3 junto a la hermana del Padre Paulo Dekker, SSCC, Sra. Sof\u00eda Dekker, residente en la ciudad, y cont\u00f3 con la participaci\u00f3n del grupo de 26 peregrinos que recorren los Caminos del Padre Eustaquio en Europa.<\/p>\n\n\n\n<p>Este cementerio alberga los restos de cientos de misioneros de los Sagrados Corazones de todo el mundo. Entre ellos se encuentran muchos de los 150 que sirvieron en Brasil, como el Padre Gil van den Boogart, primer Superior de la Congregaci\u00f3n en el pa\u00eds; el Padre Alfredo Elfrink, primer vicepostulador de la Causa del Padre Eust\u00e1quio; el Padre Mathias von Roy, fundador del Colegio Dom Lustosa en Patroc\u00ednio; as\u00ed como los Padres Francisco Voskauil, Corn\u00e9lio y Henriquinho.<\/p>\n\n\n<div class=\"wp-block-image\">\n<figure class=\"aligncenter size-medium is-resized\"><img fetchpriority=\"high\" decoding=\"async\" src=\"https:\/\/www.padreeustaquio.com.br\/wp-content\/uploads\/2023\/04\/brasileiros-no-cemiterio-2-300x225.jpeg\" alt=\"\" class=\"wp-image-10312\" width=\"430\" height=\"323\" srcset=\"https:\/\/www.padreeustaquio.com.br\/wp-content\/uploads\/2023\/04\/brasileiros-no-cemiterio-2-300x225.jpeg 300w, https:\/\/www.padreeustaquio.com.br\/wp-content\/uploads\/2023\/04\/brasileiros-no-cemiterio-2-1024x768.jpeg 1024w, https:\/\/www.padreeustaquio.com.br\/wp-content\/uploads\/2023\/04\/brasileiros-no-cemiterio-2-768x576.jpeg 768w, https:\/\/www.padreeustaquio.com.br\/wp-content\/uploads\/2023\/04\/brasileiros-no-cemiterio-2-180x135.jpeg 180w, https:\/\/www.padreeustaquio.com.br\/wp-content\/uploads\/2023\/04\/brasileiros-no-cemiterio-2-400x300.jpeg 400w, https:\/\/www.padreeustaquio.com.br\/wp-content\/uploads\/2023\/04\/brasileiros-no-cemiterio-2-600x450.jpeg 600w, https:\/\/www.padreeustaquio.com.br\/wp-content\/uploads\/2023\/04\/brasileiros-no-cemiterio-2-800x600.jpeg 800w, https:\/\/www.padreeustaquio.com.br\/wp-content\/uploads\/2023\/04\/brasileiros-no-cemiterio-2-1200x900.jpeg 1200w, https:\/\/www.padreeustaquio.com.br\/wp-content\/uploads\/2023\/04\/brasileiros-no-cemiterio-2.jpeg 1280w\" sizes=\"(max-width: 430px) 100vw, 430px\" \/><\/figure>\n<\/div>\n\n<div class=\"wp-block-image\">\n<figure class=\"aligncenter size-medium is-resized\"><img decoding=\"async\" src=\"https:\/\/www.padreeustaquio.com.br\/wp-content\/uploads\/2023\/04\/brasileiros-no-cemiterio-1-300x225.jpeg\" alt=\"\" class=\"wp-image-10313\" width=\"428\" height=\"322\" srcset=\"https:\/\/www.padreeustaquio.com.br\/wp-content\/uploads\/2023\/04\/brasileiros-no-cemiterio-1-300x225.jpeg 300w, https:\/\/www.padreeustaquio.com.br\/wp-content\/uploads\/2023\/04\/brasileiros-no-cemiterio-1-1024x768.jpeg 1024w, https:\/\/www.padreeustaquio.com.br\/wp-content\/uploads\/2023\/04\/brasileiros-no-cemiterio-1-768x576.jpeg 768w, https:\/\/www.padreeustaquio.com.br\/wp-content\/uploads\/2023\/04\/brasileiros-no-cemiterio-1-180x135.jpeg 180w, https:\/\/www.padreeustaquio.com.br\/wp-content\/uploads\/2023\/04\/brasileiros-no-cemiterio-1-400x300.jpeg 400w, https:\/\/www.padreeustaquio.com.br\/wp-content\/uploads\/2023\/04\/brasileiros-no-cemiterio-1-600x450.jpeg 600w, https:\/\/www.padreeustaquio.com.br\/wp-content\/uploads\/2023\/04\/brasileiros-no-cemiterio-1-800x600.jpeg 800w, https:\/\/www.padreeustaquio.com.br\/wp-content\/uploads\/2023\/04\/brasileiros-no-cemiterio-1-1200x900.jpeg 1200w, https:\/\/www.padreeustaquio.com.br\/wp-content\/uploads\/2023\/04\/brasileiros-no-cemiterio-1.jpeg 1280w\" sizes=\"(max-width: 428px) 100vw, 428px\" \/><\/figure>\n<\/div>","protected":false},"excerpt":{"rendered":"<p>Os padres brasileiros que participaram da Beatifica\u00e7\u00e3o dos M\u00e1rtires de Picpus, na Fran\u00e7a, foram essa semana ao Cemit\u00e9rio de Breda, na Holanda para uma homenagem aos sacerdotes holandeses que dedicaram sua vida ao trabalho mission\u00e1rio no Brasil. Flores foram depositadas junto ao Memorial dos Sagrados Cora\u00e7\u00f5es pelo provincial da Congrega\u00e7\u00e3o no Brasil, Pe. Osv\u00e2nio Mariano, SSCC e pelo Irm\u00e3o Antoniel da Silva, SSCC. Em seguida, o reitor do Santu\u00e1rio Arquidiocesano da Sa\u00fade e da Paz, Pe. Vin\u00edcius Maciel, SSCC, fez uma ora\u00e7\u00e3o e convidou o grupo presente a cantar o Hino dos Sagrados Cora\u00e7\u00f5es. O momento tamb\u00e9m foi acompanhado pelo [&hellip;]<\/p>\n","protected":false},"author":2,"featured_media":10308,"comment_status":"open","ping_status":"closed","sticky":false,"template":"","format":"standard","meta":{"_acf_changed":false,"footnotes":""},"categories":[611],"tags":[],"class_list":["post-10307","post","type-post","status-publish","format-standard","has-post-thumbnail","hentry","category-noticias"],"acf":[],"yoast_head":"<!-- This site is optimized with the Yoast SEO plugin v27.2 - https:\/\/yoast.com\/product\/yoast-seo-wordpress\/ -->\n<title>Padres do Brasil depositam flores em cemit\u00e9rio homenageando mission\u00e1rios holandeses<\/title>\n<meta name=\"description\" content=\"Os padres brasileiros que participaram da Beatifica\u00e7\u00e3o dos M\u00e1rtires de Picpus, na Fran\u00e7a, foram essa semana ao Cemit\u00e9rio de Breda, na Holanda para uma homenagem aos sacerdotes holandeses que dedicaram sua vida ao trabalho mission\u00e1rio no Brasil.\" \/>\n<meta name=\"robots\" content=\"index, follow, max-snippet:-1, max-image-preview:large, max-video-preview:-1\" \/>\n<link rel=\"canonical\" href=\"https:\/\/www.padreeustaquio.com.br\/es\/sacerdotes-brasilenos-depositan-flores-en-el-cementerio-en-honor-a-los-sacerdotes-holandeses\/\" \/>\n<meta property=\"og:locale\" content=\"es_ES\" \/>\n<meta property=\"og:type\" content=\"article\" \/>\n<meta property=\"og:title\" content=\"Padres do Brasil depositam flores em cemit\u00e9rio homenageando mission\u00e1rios holandeses\" \/>\n<meta property=\"og:description\" content=\"Os padres brasileiros que participaram da Beatifica\u00e7\u00e3o dos M\u00e1rtires de Picpus, na Fran\u00e7a, foram essa semana ao Cemit\u00e9rio de Breda, na Holanda para uma homenagem aos sacerdotes holandeses que dedicaram sua vida ao trabalho mission\u00e1rio no Brasil.\" \/>\n<meta property=\"og:url\" content=\"https:\/\/www.padreeustaquio.com.br\/es\/sacerdotes-brasilenos-depositan-flores-en-el-cementerio-en-honor-a-los-sacerdotes-holandeses\/\" \/>\n<meta property=\"og:site_name\" content=\"Padre Eust\u00e1quio\" \/>\n<meta property=\"article:publisher\" content=\"https:\/\/www.facebook.com\/beatopadreeustaquio\/\" \/>\n<meta property=\"article:published_time\" content=\"2023-04-28T09:02:00+00:00\" \/>\n<meta property=\"article:modified_time\" content=\"2023-05-16T00:46:16+00:00\" \/>\n<meta property=\"og:image\" content=\"https:\/\/www.padreeustaquio.com.br\/wp-content\/uploads\/2023\/04\/Depositando-flores-no-tumulo-e1682542130230.jpeg\" \/>\n\t<meta property=\"og:image:width\" content=\"1276\" \/>\n\t<meta property=\"og:image:height\" content=\"790\" \/>\n\t<meta property=\"og:image:type\" content=\"image\/jpeg\" \/>\n<meta name=\"author\" content=\"@sscc\" \/>\n<meta name=\"twitter:card\" content=\"summary_large_image\" \/>\n<meta name=\"twitter:creator\" content=\"@beatopeustaquio\" \/>\n<meta name=\"twitter:site\" content=\"@beatopeustaquio\" \/>\n<meta name=\"twitter:label1\" content=\"Escrito por\" \/>\n\t<meta name=\"twitter:data1\" content=\"@sscc\" \/>\n\t<meta name=\"twitter:label2\" content=\"Tiempo de lectura\" \/>\n\t<meta name=\"twitter:data2\" content=\"2 minutos\" \/>\n<script type=\"application\/ld+json\" class=\"yoast-schema-graph\">{\"@context\":\"https:\/\/schema.org\",\"@graph\":[{\"@type\":\"Article\",\"@id\":\"https:\/\/www.padreeustaquio.com.br\/padres-do-brasil-depositam-flores-em-cemiterio-homenageando-padres-holandeses\/#article\",\"isPartOf\":{\"@id\":\"https:\/\/www.padreeustaquio.com.br\/padres-do-brasil-depositam-flores-em-cemiterio-homenageando-padres-holandeses\/\"},\"author\":{\"name\":\"@sscc\",\"@id\":\"https:\/\/www.padreeustaquio.com.br\/#\/schema\/person\/a2a51db1d00f1a7af0204a0f1ddb1566\"},\"headline\":\"Padres do Brasil depositam flores em cemit\u00e9rio homenageando mission\u00e1rios holandeses\",\"datePublished\":\"2023-04-28T09:02:00+00:00\",\"dateModified\":\"2023-05-16T00:46:16+00:00\",\"mainEntityOfPage\":{\"@id\":\"https:\/\/www.padreeustaquio.com.br\/padres-do-brasil-depositam-flores-em-cemiterio-homenageando-padres-holandeses\/\"},\"wordCount\":256,\"commentCount\":0,\"publisher\":{\"@id\":\"https:\/\/www.padreeustaquio.com.br\/#organization\"},\"image\":{\"@id\":\"https:\/\/www.padreeustaquio.com.br\/padres-do-brasil-depositam-flores-em-cemiterio-homenageando-padres-holandeses\/#primaryimage\"},\"thumbnailUrl\":\"https:\/\/www.padreeustaquio.com.br\/wp-content\/uploads\/2023\/04\/Depositando-flores-no-tumulo-e1682542130230.jpeg\",\"articleSection\":[\"Not\u00edcias\"],\"inLanguage\":\"es\",\"potentialAction\":[{\"@type\":\"CommentAction\",\"name\":\"Comment\",\"target\":[\"https:\/\/www.padreeustaquio.com.br\/padres-do-brasil-depositam-flores-em-cemiterio-homenageando-padres-holandeses\/#respond\"]}]},{\"@type\":\"WebPage\",\"@id\":\"https:\/\/www.padreeustaquio.com.br\/padres-do-brasil-depositam-flores-em-cemiterio-homenageando-padres-holandeses\/\",\"url\":\"https:\/\/www.padreeustaquio.com.br\/padres-do-brasil-depositam-flores-em-cemiterio-homenageando-padres-holandeses\/\",\"name\":\"Padres do Brasil depositam flores em cemit\u00e9rio homenageando mission\u00e1rios holandeses\",\"isPartOf\":{\"@id\":\"https:\/\/www.padreeustaquio.com.br\/#website\"},\"primaryImageOfPage\":{\"@id\":\"https:\/\/www.padreeustaquio.com.br\/padres-do-brasil-depositam-flores-em-cemiterio-homenageando-padres-holandeses\/#primaryimage\"},\"image\":{\"@id\":\"https:\/\/www.padreeustaquio.com.br\/padres-do-brasil-depositam-flores-em-cemiterio-homenageando-padres-holandeses\/#primaryimage\"},\"thumbnailUrl\":\"https:\/\/www.padreeustaquio.com.br\/wp-content\/uploads\/2023\/04\/Depositando-flores-no-tumulo-e1682542130230.jpeg\",\"datePublished\":\"2023-04-28T09:02:00+00:00\",\"dateModified\":\"2023-05-16T00:46:16+00:00\",\"description\":\"Os padres brasileiros que participaram da Beatifica\u00e7\u00e3o dos M\u00e1rtires de Picpus, na Fran\u00e7a, foram essa semana ao Cemit\u00e9rio de Breda, na Holanda para uma homenagem aos sacerdotes holandeses que dedicaram sua vida ao trabalho mission\u00e1rio no Brasil.\",\"breadcrumb\":{\"@id\":\"https:\/\/www.padreeustaquio.com.br\/padres-do-brasil-depositam-flores-em-cemiterio-homenageando-padres-holandeses\/#breadcrumb\"},\"inLanguage\":\"es\",\"potentialAction\":[{\"@type\":\"ReadAction\",\"target\":[\"https:\/\/www.padreeustaquio.com.br\/padres-do-brasil-depositam-flores-em-cemiterio-homenageando-padres-holandeses\/\"]}]},{\"@type\":\"ImageObject\",\"inLanguage\":\"es\",\"@id\":\"https:\/\/www.padreeustaquio.com.br\/padres-do-brasil-depositam-flores-em-cemiterio-homenageando-padres-holandeses\/#primaryimage\",\"url\":\"https:\/\/www.padreeustaquio.com.br\/wp-content\/uploads\/2023\/04\/Depositando-flores-no-tumulo-e1682542130230.jpeg\",\"contentUrl\":\"https:\/\/www.padreeustaquio.com.br\/wp-content\/uploads\/2023\/04\/Depositando-flores-no-tumulo-e1682542130230.jpeg\",\"width\":1276,\"height\":790,\"caption\":\"Foto: Carlos Henrique Ferreira\"},{\"@type\":\"BreadcrumbList\",\"@id\":\"https:\/\/www.padreeustaquio.com.br\/padres-do-brasil-depositam-flores-em-cemiterio-homenageando-padres-holandeses\/#breadcrumb\",\"itemListElement\":[{\"@type\":\"ListItem\",\"position\":1,\"name\":\"In\u00edcio\",\"item\":\"https:\/\/www.padreeustaquio.com.br\/\"},{\"@type\":\"ListItem\",\"position\":2,\"name\":\"Padres do Brasil depositam flores em cemit\u00e9rio homenageando mission\u00e1rios holandeses\"}]},{\"@type\":\"WebSite\",\"@id\":\"https:\/\/www.padreeustaquio.com.br\/#website\",\"url\":\"https:\/\/www.padreeustaquio.com.br\/\",\"name\":\"Padre Eust\u00e1quio\",\"description\":\"Sa\u00fade e Paz\",\"publisher\":{\"@id\":\"https:\/\/www.padreeustaquio.com.br\/#organization\"},\"potentialAction\":[{\"@type\":\"SearchAction\",\"target\":{\"@type\":\"EntryPoint\",\"urlTemplate\":\"https:\/\/www.padreeustaquio.com.br\/?s={search_term_string}\"},\"query-input\":{\"@type\":\"PropertyValueSpecification\",\"valueRequired\":true,\"valueName\":\"search_term_string\"}}],\"inLanguage\":\"es\"},{\"@type\":\"Organization\",\"@id\":\"https:\/\/www.padreeustaquio.com.br\/#organization\",\"name\":\"Padre Eust\u00e1quio\",\"url\":\"https:\/\/www.padreeustaquio.com.br\/\",\"logo\":{\"@type\":\"ImageObject\",\"inLanguage\":\"es\",\"@id\":\"https:\/\/www.padreeustaquio.com.br\/#\/schema\/logo\/image\/\",\"url\":\"https:\/\/www.padreeustaquio.com.br\/wp-content\/uploads\/2019\/08\/marca.png\",\"contentUrl\":\"https:\/\/www.padreeustaquio.com.br\/wp-content\/uploads\/2019\/08\/marca.png\",\"width\":350,\"height\":400,\"caption\":\"Padre Eust\u00e1quio\"},\"image\":{\"@id\":\"https:\/\/www.padreeustaquio.com.br\/#\/schema\/logo\/image\/\"},\"sameAs\":[\"https:\/\/www.facebook.com\/beatopadreeustaquio\/\",\"https:\/\/x.com\/beatopeustaquio\",\"https:\/\/www.instagram.com\/beatopadreeustaquio\/\",\"https:\/\/www.youtube.com\/channel\/UCRhw7vfabnajwLxb1ZXMeIw\"]},{\"@type\":\"Person\",\"@id\":\"https:\/\/www.padreeustaquio.com.br\/#\/schema\/person\/a2a51db1d00f1a7af0204a0f1ddb1566\",\"name\":\"@sscc\",\"image\":{\"@type\":\"ImageObject\",\"inLanguage\":\"es\",\"@id\":\"https:\/\/secure.gravatar.com\/avatar\/68cfafa5f44617fea54071e215026e0ff06be366c3d54a8425f04fdcb86f8c5f?s=96&d=mm&r=g\",\"url\":\"https:\/\/secure.gravatar.com\/avatar\/68cfafa5f44617fea54071e215026e0ff06be366c3d54a8425f04fdcb86f8c5f?s=96&d=mm&r=g\",\"contentUrl\":\"https:\/\/secure.gravatar.com\/avatar\/68cfafa5f44617fea54071e215026e0ff06be366c3d54a8425f04fdcb86f8c5f?s=96&d=mm&r=g\",\"caption\":\"@sscc\"},\"url\":\"https:\/\/www.padreeustaquio.com.br\/es\/author\/sscc\/\"}]}<\/script>\n<!-- \/ Yoast SEO plugin. -->","yoast_head_json":{"title":"Sacerdotes brasile\u00f1os depositan flores en el cementerio en honor a los misioneros holandeses.","description":"Los sacerdotes brasile\u00f1os que participaron en la Beatificaci\u00f3n de los M\u00e1rtires de Picpus en Francia fueron esta semana al Cementerio de Breda, en Holanda, para rendir homenaje a los sacerdotes holandeses que dedicaron su vida al trabajo misionero en Brasil.","robots":{"index":"index","follow":"follow","max-snippet":"max-snippet:-1","max-image-preview":"max-image-preview:large","max-video-preview":"max-video-preview:-1"},"canonical":"https:\/\/www.padreeustaquio.com.br\/es\/sacerdotes-brasilenos-depositan-flores-en-el-cementerio-en-honor-a-los-sacerdotes-holandeses\/","og_locale":"es_ES","og_type":"article","og_title":"Padres do Brasil depositam flores em cemit\u00e9rio homenageando mission\u00e1rios holandeses","og_description":"Os padres brasileiros que participaram da Beatifica\u00e7\u00e3o dos M\u00e1rtires de Picpus, na Fran\u00e7a, foram essa semana ao Cemit\u00e9rio de Breda, na Holanda para uma homenagem aos sacerdotes holandeses que dedicaram sua vida ao trabalho mission\u00e1rio no Brasil.","og_url":"https:\/\/www.padreeustaquio.com.br\/es\/sacerdotes-brasilenos-depositan-flores-en-el-cementerio-en-honor-a-los-sacerdotes-holandeses\/","og_site_name":"Padre Eust\u00e1quio","article_publisher":"https:\/\/www.facebook.com\/beatopadreeustaquio\/","article_published_time":"2023-04-28T09:02:00+00:00","article_modified_time":"2023-05-16T00:46:16+00:00","og_image":[{"width":1276,"height":790,"url":"https:\/\/www.padreeustaquio.com.br\/wp-content\/uploads\/2023\/04\/Depositando-flores-no-tumulo-e1682542130230.jpeg","type":"image\/jpeg"}],"author":"@sscc","twitter_card":"summary_large_image","twitter_creator":"@beatopeustaquio","twitter_site":"@beatopeustaquio","twitter_misc":{"Escrito por":"@sscc","Tiempo de lectura":"2 minutos"},"schema":{"@context":"https:\/\/schema.org","@graph":[{"@type":"Article","@id":"https:\/\/www.padreeustaquio.com.br\/padres-do-brasil-depositam-flores-em-cemiterio-homenageando-padres-holandeses\/#article","isPartOf":{"@id":"https:\/\/www.padreeustaquio.com.br\/padres-do-brasil-depositam-flores-em-cemiterio-homenageando-padres-holandeses\/"},"author":{"name":"@sscc","@id":"https:\/\/www.padreeustaquio.com.br\/#\/schema\/person\/a2a51db1d00f1a7af0204a0f1ddb1566"},"headline":"Padres do Brasil depositam flores em cemit\u00e9rio homenageando mission\u00e1rios holandeses","datePublished":"2023-04-28T09:02:00+00:00","dateModified":"2023-05-16T00:46:16+00:00","mainEntityOfPage":{"@id":"https:\/\/www.padreeustaquio.com.br\/padres-do-brasil-depositam-flores-em-cemiterio-homenageando-padres-holandeses\/"},"wordCount":256,"commentCount":0,"publisher":{"@id":"https:\/\/www.padreeustaquio.com.br\/#organization"},"image":{"@id":"https:\/\/www.padreeustaquio.com.br\/padres-do-brasil-depositam-flores-em-cemiterio-homenageando-padres-holandeses\/#primaryimage"},"thumbnailUrl":"https:\/\/www.padreeustaquio.com.br\/wp-content\/uploads\/2023\/04\/Depositando-flores-no-tumulo-e1682542130230.jpeg","articleSection":["Not\u00edcias"],"inLanguage":"es","potentialAction":[{"@type":"CommentAction","name":"Comment","target":["https:\/\/www.padreeustaquio.com.br\/padres-do-brasil-depositam-flores-em-cemiterio-homenageando-padres-holandeses\/#respond"]}]},{"@type":"WebPage","@id":"https:\/\/www.padreeustaquio.com.br\/padres-do-brasil-depositam-flores-em-cemiterio-homenageando-padres-holandeses\/","url":"https:\/\/www.padreeustaquio.com.br\/padres-do-brasil-depositam-flores-em-cemiterio-homenageando-padres-holandeses\/","name":"Sacerdotes brasile\u00f1os depositan flores en el cementerio en honor a los misioneros holandeses.","isPartOf":{"@id":"https:\/\/www.padreeustaquio.com.br\/#website"},"primaryImageOfPage":{"@id":"https:\/\/www.padreeustaquio.com.br\/padres-do-brasil-depositam-flores-em-cemiterio-homenageando-padres-holandeses\/#primaryimage"},"image":{"@id":"https:\/\/www.padreeustaquio.com.br\/padres-do-brasil-depositam-flores-em-cemiterio-homenageando-padres-holandeses\/#primaryimage"},"thumbnailUrl":"https:\/\/www.padreeustaquio.com.br\/wp-content\/uploads\/2023\/04\/Depositando-flores-no-tumulo-e1682542130230.jpeg","datePublished":"2023-04-28T09:02:00+00:00","dateModified":"2023-05-16T00:46:16+00:00","description":"Los sacerdotes brasile\u00f1os que participaron en la Beatificaci\u00f3n de los M\u00e1rtires de Picpus en Francia fueron esta semana al Cementerio de Breda, en Holanda, para rendir homenaje a los sacerdotes holandeses que dedicaron su vida al trabajo misionero en Brasil.","breadcrumb":{"@id":"https:\/\/www.padreeustaquio.com.br\/padres-do-brasil-depositam-flores-em-cemiterio-homenageando-padres-holandeses\/#breadcrumb"},"inLanguage":"es","potentialAction":[{"@type":"ReadAction","target":["https:\/\/www.padreeustaquio.com.br\/padres-do-brasil-depositam-flores-em-cemiterio-homenageando-padres-holandeses\/"]}]},{"@type":"ImageObject","inLanguage":"es","@id":"https:\/\/www.padreeustaquio.com.br\/padres-do-brasil-depositam-flores-em-cemiterio-homenageando-padres-holandeses\/#primaryimage","url":"https:\/\/www.padreeustaquio.com.br\/wp-content\/uploads\/2023\/04\/Depositando-flores-no-tumulo-e1682542130230.jpeg","contentUrl":"https:\/\/www.padreeustaquio.com.br\/wp-content\/uploads\/2023\/04\/Depositando-flores-no-tumulo-e1682542130230.jpeg","width":1276,"height":790,"caption":"Foto: Carlos Henrique Ferreira"},{"@type":"BreadcrumbList","@id":"https:\/\/www.padreeustaquio.com.br\/padres-do-brasil-depositam-flores-em-cemiterio-homenageando-padres-holandeses\/#breadcrumb","itemListElement":[{"@type":"ListItem","position":1,"name":"In\u00edcio","item":"https:\/\/www.padreeustaquio.com.br\/"},{"@type":"ListItem","position":2,"name":"Padres do Brasil depositam flores em cemit\u00e9rio homenageando mission\u00e1rios holandeses"}]},{"@type":"WebSite","@id":"https:\/\/www.padreeustaquio.com.br\/#website","url":"https:\/\/www.padreeustaquio.com.br\/","name":"Padre Eustace","description":"Salud y Paz","publisher":{"@id":"https:\/\/www.padreeustaquio.com.br\/#organization"},"potentialAction":[{"@type":"SearchAction","target":{"@type":"EntryPoint","urlTemplate":"https:\/\/www.padreeustaquio.com.br\/?s={search_term_string}"},"query-input":{"@type":"PropertyValueSpecification","valueRequired":true,"valueName":"search_term_string"}}],"inLanguage":"es"},{"@type":"Organization","@id":"https:\/\/www.padreeustaquio.com.br\/#organization","name":"Padre Eustace","url":"https:\/\/www.padreeustaquio.com.br\/","logo":{"@type":"ImageObject","inLanguage":"es","@id":"https:\/\/www.padreeustaquio.com.br\/#\/schema\/logo\/image\/","url":"https:\/\/www.padreeustaquio.com.br\/wp-content\/uploads\/2019\/08\/marca.png","contentUrl":"https:\/\/www.padreeustaquio.com.br\/wp-content\/uploads\/2019\/08\/marca.png","width":350,"height":400,"caption":"Padre Eust\u00e1quio"},"image":{"@id":"https:\/\/www.padreeustaquio.com.br\/#\/schema\/logo\/image\/"},"sameAs":["https:\/\/www.facebook.com\/beatopadreeustaquio\/","https:\/\/x.com\/beatopeustaquio","https:\/\/www.instagram.com\/beatopadreeustaquio\/","https:\/\/www.youtube.com\/channel\/UCRhw7vfabnajwLxb1ZXMeIw"]},{"@type":"Person","@id":"https:\/\/www.padreeustaquio.com.br\/#\/schema\/person\/a2a51db1d00f1a7af0204a0f1ddb1566","name":"@sscc","image":{"@type":"ImageObject","inLanguage":"es","@id":"https:\/\/secure.gravatar.com\/avatar\/68cfafa5f44617fea54071e215026e0ff06be366c3d54a8425f04fdcb86f8c5f?s=96&d=mm&r=g","url":"https:\/\/secure.gravatar.com\/avatar\/68cfafa5f44617fea54071e215026e0ff06be366c3d54a8425f04fdcb86f8c5f?s=96&d=mm&r=g","contentUrl":"https:\/\/secure.gravatar.com\/avatar\/68cfafa5f44617fea54071e215026e0ff06be366c3d54a8425f04fdcb86f8c5f?s=96&d=mm&r=g","caption":"@sscc"},"url":"https:\/\/www.padreeustaquio.com.br\/es\/author\/sscc\/"}]}},"_links":{"self":[{"href":"https:\/\/www.padreeustaquio.com.br\/es\/wp-json\/wp\/v2\/posts\/10307","targetHints":{"allow":["GET"]}}],"collection":[{"href":"https:\/\/www.padreeustaquio.com.br\/es\/wp-json\/wp\/v2\/posts"}],"about":[{"href":"https:\/\/www.padreeustaquio.com.br\/es\/wp-json\/wp\/v2\/types\/post"}],"author":[{"embeddable":true,"href":"https:\/\/www.padreeustaquio.com.br\/es\/wp-json\/wp\/v2\/users\/2"}],"replies":[{"embeddable":true,"href":"https:\/\/www.padreeustaquio.com.br\/es\/wp-json\/wp\/v2\/comments?post=10307"}],"version-history":[{"count":0,"href":"https:\/\/www.padreeustaquio.com.br\/es\/wp-json\/wp\/v2\/posts\/10307\/revisions"}],"wp:featuredmedia":[{"embeddable":true,"href":"https:\/\/www.padreeustaquio.com.br\/es\/wp-json\/wp\/v2\/media\/10308"}],"wp:attachment":[{"href":"https:\/\/www.padreeustaquio.com.br\/es\/wp-json\/wp\/v2\/media?parent=10307"}],"wp:term":[{"taxonomy":"category","embeddable":true,"href":"https:\/\/www.padreeustaquio.com.br\/es\/wp-json\/wp\/v2\/categories?post=10307"},{"taxonomy":"post_tag","embeddable":true,"href":"https:\/\/www.padreeustaquio.com.br\/es\/wp-json\/wp\/v2\/tags?post=10307"}],"curies":[{"name":"wp","href":"https:\/\/api.w.org\/{rel}","templated":true}]}}