{"id":10302,"date":"2023-04-27T05:01:00","date_gmt":"2023-04-27T08:01:00","guid":{"rendered":"https:\/\/www.padreeustaquio.com.br\/?p=10302"},"modified":"2023-04-26T17:02:39","modified_gmt":"2023-04-26T20:02:39","slug":"peregrinos-brasilenos-son-recibidos-en-la-tierra-del-padre-eustaquio-en-los-paises-bajos","status":"publish","type":"post","link":"https:\/\/www.padreeustaquio.com.br\/es\/peregrinos-brasilenos-son-recibidos-en-la-tierra-del-padre-eustaquio-en-los-paises-bajos\/","title":{"rendered":"Peregrinos brasile\u00f1os son recibidos en la tierra del Padre Eustaquio en los Pa\u00edses Bajos."},"content":{"rendered":"<p>La delegaci\u00f3n de 26 personas lleg\u00f3 este martes a Aarle Rixtel, la ciudad holandesa natal del Beato Padre Eustaquio. Los brasile\u00f1os, entre ellos tres sacerdotes y un hermano de la Congregaci\u00f3n de los Sagrados Corazones, fueron recibidos por los sobrinos del Beato, el alcalde de la ciudad y devotos del Padre Eustaquio.<\/p>\n\n\n\n<p>El autob\u00fas que transportaba a la delegaci\u00f3n brasile\u00f1a lleg\u00f3 a la iglesia principal de la ciudad alrededor del mediod\u00eda, hora local, a las 7:00 a. m., hora de Brasilia. Frente a la iglesia, los brasile\u00f1os fueron recibidos con una celebraci\u00f3n y un homenaje conocido como saludo a la bandera, que suele otorgarse en ocasiones muy importantes.<\/p>\n\n\n\n<p>Recibidos por el alcalde de Aarle Rixtel, Frank van der Meijden, y los sobrinos del Padre Eustace, Will van den Boomen y Jam van den Boomen, los brasile\u00f1os presenciaron la recepci\u00f3n de la hermandad, con visitantes vestidos con trajes tradicionales locales. Posteriormente, el grupo se dirigi\u00f3 a la Iglesia de San Miguel, donde Eustace fue bautizado. All\u00ed, vieron la pila bautismal, que se conserva hasta nuestros d\u00edas.<\/p>\n\n\n\n<p>Antes de llegar a la casa natal del Padre Eust\u00e1quio, los peregrinos se detuvieron en el cementerio Dokter Timmerslaan para visitar la tumba de la familia van Lieshout, donde reposan los restos del padre de Eust\u00e1quio, Guilherme Lieshout. Posteriormente, llegaron a la casa natal del Beato. All\u00ed, los brasile\u00f1os se tomaron fotos, rezaron y se conmovieron con su presencia.<\/p>\n\n\n\n<p>El padre Vin\u00edcius Maciel, SSCC, vicepostulador de la Causa de Canonizaci\u00f3n, destac\u00f3 a un equipo de televisi\u00f3n holand\u00e9s que acompa\u00f1\u00f3 la llegada de los brasile\u00f1os la importancia de este lugar para los devotos. <em>\u201cEsta visita y c\u00e1lida bienvenida expresan la profunda amistad entre Brasil y los Pa\u00edses Bajos. Nos conmueve mucho estar aqu\u00ed, junto con sus sobrinos y compatriotas.\u201d<\/em><\/p>\n\n\n\n<p>A continuaci\u00f3n, las autoridades locales ofrecieron un almuerzo. El alcalde de la ciudad y la familia del beato tambi\u00e9n entregaron obsequios al grupo antes de partir de Aarle Rixtel. El evento tuvo un gran impacto en la ciudad y fue objeto de cobertura en varios medios locales, incluyendo Omroep PeelRand TV.<a href=\"https:\/\/www.youtube.com\/watch?v=tXkfrZdvK-8\" target=\"_blank\" rel=\"noreferrer noopener\">VER EL INFORME AQU\u00cd<\/a>) y el sitio web de noticias mooilaarbeek.nl (<a href=\"https:\/\/www.mooilaarbeek.nl\/nieuws\/algemeen\/52834\/braziliaanse-pelgrims-brengen-bezoek-aan-laarbeek\" target=\"_blank\" rel=\"noreferrer noopener\">LEA EL ART\u00cdCULO AQU\u00cd<\/a>).<\/p>\n\n\n\n<p><\/p>","protected":false},"excerpt":{"rendered":"<p>A comitiva com 26 pessoas chegou nessa ter\u00e7a-feira \u00e0 Aarle Rixtel, cidade holandesa onde nasceu o Beato Padre Eust\u00e1quio. Os brasileiros, incluindo tr\u00eas padres e um irm\u00e3o da Congrega\u00e7\u00e3o dos Sagrados Cora\u00e7\u00f5es, foram recebidos pelos sobrinhos do Bem-Aventurado, pelo prefeito da cidade e por devotos de Padre Eust\u00e1quio. O \u00f4nibus com a delega\u00e7\u00e3o brasileira chegou \u00e0 igreja matriz da cidade por volta das 12h, hor\u00e1rio local, 7h hor\u00e1rio de Bras\u00edlia. Em frente ao templo, os brasileiros foram recebidos com festa e uma honraria conhecida como sauda\u00e7\u00e3o \u00e0 bandeira, apresentada normalmente em ocasi\u00f5es extremamente importantes. Recebidos pelo prefeito de Aarle Rixtel, [&hellip;]<\/p>\n","protected":false},"author":2,"featured_media":10303,"comment_status":"open","ping_status":"closed","sticky":false,"template":"","format":"standard","meta":{"_acf_changed":false,"footnotes":""},"categories":[611],"tags":[],"class_list":["post-10302","post","type-post","status-publish","format-standard","has-post-thumbnail","hentry","category-noticias"],"acf":[],"yoast_head":"<!-- This site is optimized with the Yoast SEO plugin v27.2 - https:\/\/yoast.com\/product\/yoast-seo-wordpress\/ -->\n<title>Peregrinos brasileiros s\u00e3o recebidos na terra de Padre Eust\u00e1quio na Holanda<\/title>\n<meta name=\"description\" content=\"A comitiva com 26 pessoas chegou nessa ter\u00e7a-feira \u00e0 Aarle Rixtel, cidade holandesa onde nasceu o Beato Padre Eust\u00e1quio. Os brasileiros, incluindo tr\u00eas padres e um irm\u00e3o da Congrega\u00e7\u00e3o dos Sagrados Cora\u00e7\u00f5es, foram recebidos pelos sobrinhos do Bem-Aventurado, pelo prefeito da cidade e por devotos de Padre Eust\u00e1quio.\" \/>\n<meta name=\"robots\" content=\"index, follow, max-snippet:-1, max-image-preview:large, max-video-preview:-1\" \/>\n<link rel=\"canonical\" href=\"https:\/\/www.padreeustaquio.com.br\/es\/peregrinos-brasilenos-son-recibidos-en-la-tierra-del-padre-eustaquio-en-los-paises-bajos\/\" \/>\n<meta property=\"og:locale\" content=\"es_ES\" \/>\n<meta property=\"og:type\" content=\"article\" \/>\n<meta property=\"og:title\" content=\"Peregrinos brasileiros s\u00e3o recebidos na terra de Padre Eust\u00e1quio na Holanda\" \/>\n<meta property=\"og:description\" content=\"A comitiva com 26 pessoas chegou nessa ter\u00e7a-feira \u00e0 Aarle Rixtel, cidade holandesa onde nasceu o Beato Padre Eust\u00e1quio. Os brasileiros, incluindo tr\u00eas padres e um irm\u00e3o da Congrega\u00e7\u00e3o dos Sagrados Cora\u00e7\u00f5es, foram recebidos pelos sobrinhos do Bem-Aventurado, pelo prefeito da cidade e por devotos de Padre Eust\u00e1quio.\" \/>\n<meta property=\"og:url\" content=\"https:\/\/www.padreeustaquio.com.br\/es\/peregrinos-brasilenos-son-recibidos-en-la-tierra-del-padre-eustaquio-en-los-paises-bajos\/\" \/>\n<meta property=\"og:site_name\" content=\"Padre Eust\u00e1quio\" \/>\n<meta property=\"article:publisher\" content=\"https:\/\/www.facebook.com\/beatopadreeustaquio\/\" \/>\n<meta property=\"article:published_time\" content=\"2023-04-27T08:01:00+00:00\" \/>\n<meta property=\"og:image\" content=\"https:\/\/www.padreeustaquio.com.br\/wp-content\/uploads\/2023\/04\/brasileiros-em-aarle-rixtel.webp\" \/>\n\t<meta property=\"og:image:width\" content=\"839\" \/>\n\t<meta property=\"og:image:height\" content=\"494\" \/>\n\t<meta property=\"og:image:type\" content=\"image\/webp\" \/>\n<meta name=\"author\" content=\"@sscc\" \/>\n<meta name=\"twitter:card\" content=\"summary_large_image\" \/>\n<meta name=\"twitter:creator\" content=\"@beatopeustaquio\" \/>\n<meta name=\"twitter:site\" content=\"@beatopeustaquio\" \/>\n<meta name=\"twitter:label1\" content=\"Escrito por\" \/>\n\t<meta name=\"twitter:data1\" content=\"@sscc\" \/>\n\t<meta name=\"twitter:label2\" content=\"Tiempo de lectura\" \/>\n\t<meta name=\"twitter:data2\" content=\"2 minutos\" \/>\n<script type=\"application\/ld+json\" class=\"yoast-schema-graph\">{\"@context\":\"https:\/\/schema.org\",\"@graph\":[{\"@type\":\"Article\",\"@id\":\"https:\/\/www.padreeustaquio.com.br\/peregrinos-brasileiros-sao-recebidos-na-terra-de-padre-eustaquio-na-holanda\/#article\",\"isPartOf\":{\"@id\":\"https:\/\/www.padreeustaquio.com.br\/peregrinos-brasileiros-sao-recebidos-na-terra-de-padre-eustaquio-na-holanda\/\"},\"author\":{\"name\":\"@sscc\",\"@id\":\"https:\/\/www.padreeustaquio.com.br\/#\/schema\/person\/a2a51db1d00f1a7af0204a0f1ddb1566\"},\"headline\":\"Peregrinos brasileiros s\u00e3o recebidos na terra de Padre Eust\u00e1quio na Holanda\",\"datePublished\":\"2023-04-27T08:01:00+00:00\",\"mainEntityOfPage\":{\"@id\":\"https:\/\/www.padreeustaquio.com.br\/peregrinos-brasileiros-sao-recebidos-na-terra-de-padre-eustaquio-na-holanda\/\"},\"wordCount\":392,\"commentCount\":0,\"publisher\":{\"@id\":\"https:\/\/www.padreeustaquio.com.br\/#organization\"},\"image\":{\"@id\":\"https:\/\/www.padreeustaquio.com.br\/peregrinos-brasileiros-sao-recebidos-na-terra-de-padre-eustaquio-na-holanda\/#primaryimage\"},\"thumbnailUrl\":\"https:\/\/www.padreeustaquio.com.br\/wp-content\/uploads\/2023\/04\/brasileiros-em-aarle-rixtel.webp\",\"articleSection\":[\"Not\u00edcias\"],\"inLanguage\":\"es\",\"potentialAction\":[{\"@type\":\"CommentAction\",\"name\":\"Comment\",\"target\":[\"https:\/\/www.padreeustaquio.com.br\/peregrinos-brasileiros-sao-recebidos-na-terra-de-padre-eustaquio-na-holanda\/#respond\"]}]},{\"@type\":\"WebPage\",\"@id\":\"https:\/\/www.padreeustaquio.com.br\/peregrinos-brasileiros-sao-recebidos-na-terra-de-padre-eustaquio-na-holanda\/\",\"url\":\"https:\/\/www.padreeustaquio.com.br\/peregrinos-brasileiros-sao-recebidos-na-terra-de-padre-eustaquio-na-holanda\/\",\"name\":\"Peregrinos brasileiros s\u00e3o recebidos na terra de Padre Eust\u00e1quio na Holanda\",\"isPartOf\":{\"@id\":\"https:\/\/www.padreeustaquio.com.br\/#website\"},\"primaryImageOfPage\":{\"@id\":\"https:\/\/www.padreeustaquio.com.br\/peregrinos-brasileiros-sao-recebidos-na-terra-de-padre-eustaquio-na-holanda\/#primaryimage\"},\"image\":{\"@id\":\"https:\/\/www.padreeustaquio.com.br\/peregrinos-brasileiros-sao-recebidos-na-terra-de-padre-eustaquio-na-holanda\/#primaryimage\"},\"thumbnailUrl\":\"https:\/\/www.padreeustaquio.com.br\/wp-content\/uploads\/2023\/04\/brasileiros-em-aarle-rixtel.webp\",\"datePublished\":\"2023-04-27T08:01:00+00:00\",\"description\":\"A comitiva com 26 pessoas chegou nessa ter\u00e7a-feira \u00e0 Aarle Rixtel, cidade holandesa onde nasceu o Beato Padre Eust\u00e1quio. Os brasileiros, incluindo tr\u00eas padres e um irm\u00e3o da Congrega\u00e7\u00e3o dos Sagrados Cora\u00e7\u00f5es, foram recebidos pelos sobrinhos do Bem-Aventurado, pelo prefeito da cidade e por devotos de Padre Eust\u00e1quio.\",\"breadcrumb\":{\"@id\":\"https:\/\/www.padreeustaquio.com.br\/peregrinos-brasileiros-sao-recebidos-na-terra-de-padre-eustaquio-na-holanda\/#breadcrumb\"},\"inLanguage\":\"es\",\"potentialAction\":[{\"@type\":\"ReadAction\",\"target\":[\"https:\/\/www.padreeustaquio.com.br\/peregrinos-brasileiros-sao-recebidos-na-terra-de-padre-eustaquio-na-holanda\/\"]}]},{\"@type\":\"ImageObject\",\"inLanguage\":\"es\",\"@id\":\"https:\/\/www.padreeustaquio.com.br\/peregrinos-brasileiros-sao-recebidos-na-terra-de-padre-eustaquio-na-holanda\/#primaryimage\",\"url\":\"https:\/\/www.padreeustaquio.com.br\/wp-content\/uploads\/2023\/04\/brasileiros-em-aarle-rixtel.webp\",\"contentUrl\":\"https:\/\/www.padreeustaquio.com.br\/wp-content\/uploads\/2023\/04\/brasileiros-em-aarle-rixtel.webp\",\"width\":839,\"height\":494,\"caption\":\"Foto: DeMooiLaarbeekKrant\"},{\"@type\":\"BreadcrumbList\",\"@id\":\"https:\/\/www.padreeustaquio.com.br\/peregrinos-brasileiros-sao-recebidos-na-terra-de-padre-eustaquio-na-holanda\/#breadcrumb\",\"itemListElement\":[{\"@type\":\"ListItem\",\"position\":1,\"name\":\"In\u00edcio\",\"item\":\"https:\/\/www.padreeustaquio.com.br\/\"},{\"@type\":\"ListItem\",\"position\":2,\"name\":\"Peregrinos brasileiros s\u00e3o recebidos na terra de Padre Eust\u00e1quio na Holanda\"}]},{\"@type\":\"WebSite\",\"@id\":\"https:\/\/www.padreeustaquio.com.br\/#website\",\"url\":\"https:\/\/www.padreeustaquio.com.br\/\",\"name\":\"Padre Eust\u00e1quio\",\"description\":\"Sa\u00fade e Paz\",\"publisher\":{\"@id\":\"https:\/\/www.padreeustaquio.com.br\/#organization\"},\"potentialAction\":[{\"@type\":\"SearchAction\",\"target\":{\"@type\":\"EntryPoint\",\"urlTemplate\":\"https:\/\/www.padreeustaquio.com.br\/?s={search_term_string}\"},\"query-input\":{\"@type\":\"PropertyValueSpecification\",\"valueRequired\":true,\"valueName\":\"search_term_string\"}}],\"inLanguage\":\"es\"},{\"@type\":\"Organization\",\"@id\":\"https:\/\/www.padreeustaquio.com.br\/#organization\",\"name\":\"Padre Eust\u00e1quio\",\"url\":\"https:\/\/www.padreeustaquio.com.br\/\",\"logo\":{\"@type\":\"ImageObject\",\"inLanguage\":\"es\",\"@id\":\"https:\/\/www.padreeustaquio.com.br\/#\/schema\/logo\/image\/\",\"url\":\"https:\/\/www.padreeustaquio.com.br\/wp-content\/uploads\/2019\/08\/marca.png\",\"contentUrl\":\"https:\/\/www.padreeustaquio.com.br\/wp-content\/uploads\/2019\/08\/marca.png\",\"width\":350,\"height\":400,\"caption\":\"Padre Eust\u00e1quio\"},\"image\":{\"@id\":\"https:\/\/www.padreeustaquio.com.br\/#\/schema\/logo\/image\/\"},\"sameAs\":[\"https:\/\/www.facebook.com\/beatopadreeustaquio\/\",\"https:\/\/x.com\/beatopeustaquio\",\"https:\/\/www.instagram.com\/beatopadreeustaquio\/\",\"https:\/\/www.youtube.com\/channel\/UCRhw7vfabnajwLxb1ZXMeIw\"]},{\"@type\":\"Person\",\"@id\":\"https:\/\/www.padreeustaquio.com.br\/#\/schema\/person\/a2a51db1d00f1a7af0204a0f1ddb1566\",\"name\":\"@sscc\",\"image\":{\"@type\":\"ImageObject\",\"inLanguage\":\"es\",\"@id\":\"https:\/\/secure.gravatar.com\/avatar\/68cfafa5f44617fea54071e215026e0ff06be366c3d54a8425f04fdcb86f8c5f?s=96&d=mm&r=g\",\"url\":\"https:\/\/secure.gravatar.com\/avatar\/68cfafa5f44617fea54071e215026e0ff06be366c3d54a8425f04fdcb86f8c5f?s=96&d=mm&r=g\",\"contentUrl\":\"https:\/\/secure.gravatar.com\/avatar\/68cfafa5f44617fea54071e215026e0ff06be366c3d54a8425f04fdcb86f8c5f?s=96&d=mm&r=g\",\"caption\":\"@sscc\"},\"url\":\"https:\/\/www.padreeustaquio.com.br\/es\/author\/sscc\/\"}]}<\/script>\n<!-- \/ Yoast SEO plugin. -->","yoast_head_json":{"title":"Peregrinos brasile\u00f1os son recibidos en la tierra del Padre Eustaquio en los Pa\u00edses Bajos.","description":"La delegaci\u00f3n de 26 personas lleg\u00f3 este martes a Aarle Rixtel, la ciudad holandesa natal del Beato Padre Eustaquio. Los brasile\u00f1os, entre ellos tres sacerdotes y un hermano de la Congregaci\u00f3n de los Sagrados Corazones, fueron recibidos por los sobrinos del Beato, el alcalde de la ciudad y devotos del Padre Eustaquio.","robots":{"index":"index","follow":"follow","max-snippet":"max-snippet:-1","max-image-preview":"max-image-preview:large","max-video-preview":"max-video-preview:-1"},"canonical":"https:\/\/www.padreeustaquio.com.br\/es\/peregrinos-brasilenos-son-recibidos-en-la-tierra-del-padre-eustaquio-en-los-paises-bajos\/","og_locale":"es_ES","og_type":"article","og_title":"Peregrinos brasileiros s\u00e3o recebidos na terra de Padre Eust\u00e1quio na Holanda","og_description":"A comitiva com 26 pessoas chegou nessa ter\u00e7a-feira \u00e0 Aarle Rixtel, cidade holandesa onde nasceu o Beato Padre Eust\u00e1quio. Os brasileiros, incluindo tr\u00eas padres e um irm\u00e3o da Congrega\u00e7\u00e3o dos Sagrados Cora\u00e7\u00f5es, foram recebidos pelos sobrinhos do Bem-Aventurado, pelo prefeito da cidade e por devotos de Padre Eust\u00e1quio.","og_url":"https:\/\/www.padreeustaquio.com.br\/es\/peregrinos-brasilenos-son-recibidos-en-la-tierra-del-padre-eustaquio-en-los-paises-bajos\/","og_site_name":"Padre Eust\u00e1quio","article_publisher":"https:\/\/www.facebook.com\/beatopadreeustaquio\/","article_published_time":"2023-04-27T08:01:00+00:00","og_image":[{"width":839,"height":494,"url":"https:\/\/www.padreeustaquio.com.br\/wp-content\/uploads\/2023\/04\/brasileiros-em-aarle-rixtel.webp","type":"image\/webp"}],"author":"@sscc","twitter_card":"summary_large_image","twitter_creator":"@beatopeustaquio","twitter_site":"@beatopeustaquio","twitter_misc":{"Escrito por":"@sscc","Tiempo de lectura":"2 minutos"},"schema":{"@context":"https:\/\/schema.org","@graph":[{"@type":"Article","@id":"https:\/\/www.padreeustaquio.com.br\/peregrinos-brasileiros-sao-recebidos-na-terra-de-padre-eustaquio-na-holanda\/#article","isPartOf":{"@id":"https:\/\/www.padreeustaquio.com.br\/peregrinos-brasileiros-sao-recebidos-na-terra-de-padre-eustaquio-na-holanda\/"},"author":{"name":"@sscc","@id":"https:\/\/www.padreeustaquio.com.br\/#\/schema\/person\/a2a51db1d00f1a7af0204a0f1ddb1566"},"headline":"Peregrinos brasileiros s\u00e3o recebidos na terra de Padre Eust\u00e1quio na Holanda","datePublished":"2023-04-27T08:01:00+00:00","mainEntityOfPage":{"@id":"https:\/\/www.padreeustaquio.com.br\/peregrinos-brasileiros-sao-recebidos-na-terra-de-padre-eustaquio-na-holanda\/"},"wordCount":392,"commentCount":0,"publisher":{"@id":"https:\/\/www.padreeustaquio.com.br\/#organization"},"image":{"@id":"https:\/\/www.padreeustaquio.com.br\/peregrinos-brasileiros-sao-recebidos-na-terra-de-padre-eustaquio-na-holanda\/#primaryimage"},"thumbnailUrl":"https:\/\/www.padreeustaquio.com.br\/wp-content\/uploads\/2023\/04\/brasileiros-em-aarle-rixtel.webp","articleSection":["Not\u00edcias"],"inLanguage":"es","potentialAction":[{"@type":"CommentAction","name":"Comment","target":["https:\/\/www.padreeustaquio.com.br\/peregrinos-brasileiros-sao-recebidos-na-terra-de-padre-eustaquio-na-holanda\/#respond"]}]},{"@type":"WebPage","@id":"https:\/\/www.padreeustaquio.com.br\/peregrinos-brasileiros-sao-recebidos-na-terra-de-padre-eustaquio-na-holanda\/","url":"https:\/\/www.padreeustaquio.com.br\/peregrinos-brasileiros-sao-recebidos-na-terra-de-padre-eustaquio-na-holanda\/","name":"Peregrinos brasile\u00f1os son recibidos en la tierra del Padre Eustaquio en los Pa\u00edses Bajos.","isPartOf":{"@id":"https:\/\/www.padreeustaquio.com.br\/#website"},"primaryImageOfPage":{"@id":"https:\/\/www.padreeustaquio.com.br\/peregrinos-brasileiros-sao-recebidos-na-terra-de-padre-eustaquio-na-holanda\/#primaryimage"},"image":{"@id":"https:\/\/www.padreeustaquio.com.br\/peregrinos-brasileiros-sao-recebidos-na-terra-de-padre-eustaquio-na-holanda\/#primaryimage"},"thumbnailUrl":"https:\/\/www.padreeustaquio.com.br\/wp-content\/uploads\/2023\/04\/brasileiros-em-aarle-rixtel.webp","datePublished":"2023-04-27T08:01:00+00:00","description":"La delegaci\u00f3n de 26 personas lleg\u00f3 este martes a Aarle Rixtel, la ciudad holandesa natal del Beato Padre Eustaquio. Los brasile\u00f1os, entre ellos tres sacerdotes y un hermano de la Congregaci\u00f3n de los Sagrados Corazones, fueron recibidos por los sobrinos del Beato, el alcalde de la ciudad y devotos del Padre Eustaquio.","breadcrumb":{"@id":"https:\/\/www.padreeustaquio.com.br\/peregrinos-brasileiros-sao-recebidos-na-terra-de-padre-eustaquio-na-holanda\/#breadcrumb"},"inLanguage":"es","potentialAction":[{"@type":"ReadAction","target":["https:\/\/www.padreeustaquio.com.br\/peregrinos-brasileiros-sao-recebidos-na-terra-de-padre-eustaquio-na-holanda\/"]}]},{"@type":"ImageObject","inLanguage":"es","@id":"https:\/\/www.padreeustaquio.com.br\/peregrinos-brasileiros-sao-recebidos-na-terra-de-padre-eustaquio-na-holanda\/#primaryimage","url":"https:\/\/www.padreeustaquio.com.br\/wp-content\/uploads\/2023\/04\/brasileiros-em-aarle-rixtel.webp","contentUrl":"https:\/\/www.padreeustaquio.com.br\/wp-content\/uploads\/2023\/04\/brasileiros-em-aarle-rixtel.webp","width":839,"height":494,"caption":"Foto: DeMooiLaarbeekKrant"},{"@type":"BreadcrumbList","@id":"https:\/\/www.padreeustaquio.com.br\/peregrinos-brasileiros-sao-recebidos-na-terra-de-padre-eustaquio-na-holanda\/#breadcrumb","itemListElement":[{"@type":"ListItem","position":1,"name":"In\u00edcio","item":"https:\/\/www.padreeustaquio.com.br\/"},{"@type":"ListItem","position":2,"name":"Peregrinos brasileiros s\u00e3o recebidos na terra de Padre Eust\u00e1quio na Holanda"}]},{"@type":"WebSite","@id":"https:\/\/www.padreeustaquio.com.br\/#website","url":"https:\/\/www.padreeustaquio.com.br\/","name":"Padre Eustace","description":"Salud y Paz","publisher":{"@id":"https:\/\/www.padreeustaquio.com.br\/#organization"},"potentialAction":[{"@type":"SearchAction","target":{"@type":"EntryPoint","urlTemplate":"https:\/\/www.padreeustaquio.com.br\/?s={search_term_string}"},"query-input":{"@type":"PropertyValueSpecification","valueRequired":true,"valueName":"search_term_string"}}],"inLanguage":"es"},{"@type":"Organization","@id":"https:\/\/www.padreeustaquio.com.br\/#organization","name":"Padre Eustace","url":"https:\/\/www.padreeustaquio.com.br\/","logo":{"@type":"ImageObject","inLanguage":"es","@id":"https:\/\/www.padreeustaquio.com.br\/#\/schema\/logo\/image\/","url":"https:\/\/www.padreeustaquio.com.br\/wp-content\/uploads\/2019\/08\/marca.png","contentUrl":"https:\/\/www.padreeustaquio.com.br\/wp-content\/uploads\/2019\/08\/marca.png","width":350,"height":400,"caption":"Padre Eust\u00e1quio"},"image":{"@id":"https:\/\/www.padreeustaquio.com.br\/#\/schema\/logo\/image\/"},"sameAs":["https:\/\/www.facebook.com\/beatopadreeustaquio\/","https:\/\/x.com\/beatopeustaquio","https:\/\/www.instagram.com\/beatopadreeustaquio\/","https:\/\/www.youtube.com\/channel\/UCRhw7vfabnajwLxb1ZXMeIw"]},{"@type":"Person","@id":"https:\/\/www.padreeustaquio.com.br\/#\/schema\/person\/a2a51db1d00f1a7af0204a0f1ddb1566","name":"@sscc","image":{"@type":"ImageObject","inLanguage":"es","@id":"https:\/\/secure.gravatar.com\/avatar\/68cfafa5f44617fea54071e215026e0ff06be366c3d54a8425f04fdcb86f8c5f?s=96&d=mm&r=g","url":"https:\/\/secure.gravatar.com\/avatar\/68cfafa5f44617fea54071e215026e0ff06be366c3d54a8425f04fdcb86f8c5f?s=96&d=mm&r=g","contentUrl":"https:\/\/secure.gravatar.com\/avatar\/68cfafa5f44617fea54071e215026e0ff06be366c3d54a8425f04fdcb86f8c5f?s=96&d=mm&r=g","caption":"@sscc"},"url":"https:\/\/www.padreeustaquio.com.br\/es\/author\/sscc\/"}]}},"_links":{"self":[{"href":"https:\/\/www.padreeustaquio.com.br\/es\/wp-json\/wp\/v2\/posts\/10302","targetHints":{"allow":["GET"]}}],"collection":[{"href":"https:\/\/www.padreeustaquio.com.br\/es\/wp-json\/wp\/v2\/posts"}],"about":[{"href":"https:\/\/www.padreeustaquio.com.br\/es\/wp-json\/wp\/v2\/types\/post"}],"author":[{"embeddable":true,"href":"https:\/\/www.padreeustaquio.com.br\/es\/wp-json\/wp\/v2\/users\/2"}],"replies":[{"embeddable":true,"href":"https:\/\/www.padreeustaquio.com.br\/es\/wp-json\/wp\/v2\/comments?post=10302"}],"version-history":[{"count":0,"href":"https:\/\/www.padreeustaquio.com.br\/es\/wp-json\/wp\/v2\/posts\/10302\/revisions"}],"wp:featuredmedia":[{"embeddable":true,"href":"https:\/\/www.padreeustaquio.com.br\/es\/wp-json\/wp\/v2\/media\/10303"}],"wp:attachment":[{"href":"https:\/\/www.padreeustaquio.com.br\/es\/wp-json\/wp\/v2\/media?parent=10302"}],"wp:term":[{"taxonomy":"category","embeddable":true,"href":"https:\/\/www.padreeustaquio.com.br\/es\/wp-json\/wp\/v2\/categories?post=10302"},{"taxonomy":"post_tag","embeddable":true,"href":"https:\/\/www.padreeustaquio.com.br\/es\/wp-json\/wp\/v2\/tags?post=10302"}],"curies":[{"name":"wp","href":"https:\/\/api.w.org\/{rel}","templated":true}]}}