{"id":10293,"date":"2023-04-26T06:48:00","date_gmt":"2023-04-26T09:48:00","guid":{"rendered":"https:\/\/www.padreeustaquio.com.br\/?p=10293"},"modified":"2023-04-25T19:22:10","modified_gmt":"2023-04-25T22:22:10","slug":"los-brasilenos-celebran-en-la-tumba-de-san-damian-de-molokai-en-belgica","status":"publish","type":"post","link":"https:\/\/www.padreeustaquio.com.br\/es\/los-brasilenos-celebran-en-la-tumba-de-san-damian-de-molokai-en-belgica\/","title":{"rendered":"Los brasile\u00f1os celebran en la tumba de San Dami\u00e1n de Molokai en B\u00e9lgica."},"content":{"rendered":"<p>Un grupo de 26 brasile\u00f1os en peregrinaci\u00f3n por Europa asisti\u00f3 a una misa el lunes 24 de abril en Lovaina, B\u00e9lgica. La capilla alberga la cripta que contiene los restos de San Dami\u00e1n, misionero de los Sagrados Corazones, quien muri\u00f3 de lepra en la isla de Molokai, Haw\u00e1i.<\/p>\n\n\n<div class=\"wp-block-image\">\n<figure class=\"alignleft size-medium is-resized\"><img fetchpriority=\"high\" decoding=\"async\" src=\"https:\/\/www.padreeustaquio.com.br\/wp-content\/uploads\/2023\/04\/missa-transmitida-225x300.jpeg\" alt=\"\" class=\"wp-image-10299\" width=\"273\" height=\"364\" srcset=\"https:\/\/www.padreeustaquio.com.br\/wp-content\/uploads\/2023\/04\/missa-transmitida-225x300.jpeg 225w, https:\/\/www.padreeustaquio.com.br\/wp-content\/uploads\/2023\/04\/missa-transmitida-768x1024.jpeg 768w, https:\/\/www.padreeustaquio.com.br\/wp-content\/uploads\/2023\/04\/missa-transmitida-1152x1536.jpeg 1152w, https:\/\/www.padreeustaquio.com.br\/wp-content\/uploads\/2023\/04\/missa-transmitida.jpeg 1200w\" sizes=\"(max-width: 273px) 100vw, 273px\" \/><\/figure>\n<\/div>\n\n\n<p>La Celebraci\u00f3n Eucar\u00edstica fue presidida por el rector del Santuario de la Salud y la Paz y vicepostulador de la Causa de Canonizaci\u00f3n del Padre Eust\u00e1quio, P. Vin\u00edcius Maciel, SSCC, y concelebrada por los Padres Osv\u00e2nio Mariano, SSCC, y Edvaldo Carneiro, SSCC. La Misa fue grabada y ser\u00e1 retransmitida por el Canal Padre Eust\u00e1quio el 10 de mayo, fecha en que se celebra la festividad de San Dami\u00e1n de Molokai.<\/p>\n\n\n\n<p><strong>San Dami\u00e1n de Molokai<\/strong><\/p>\n\n\n\n<p>Dami\u00e1n naci\u00f3 el 3 de enero de 1840 en B\u00e9lgica. Ingres\u00f3 en la vida religiosa con los Padres de los Sagrados Corazones de Jes\u00fas y Mar\u00eda. Fue enviado como misionero a Haw\u00e1i (Estados Unidos) y el 24 de mayo de 1864 fue ordenado sacerdote en Honolulu, la capital.<\/p>\n\n\n\n<p>Ayud\u00f3 incansablemente a los residentes locales y trabaj\u00f3 con sus propias manos para construir una iglesia, gan\u00e1ndose la estima de la gente. En esa \u00e9poca, estall\u00f3 una terrible epidemia de lepra. Los enfermos fueron separados de la comunidad y abandonados a su suerte en una colonia especial. El Padre Dami\u00e1n pidi\u00f3 ir a ayudarlos y aterriz\u00f3 con varios leprosos en Molokai.<\/p>\n\n\n\n<p>En ese lugar reinaba mucha violencia, y muchos viv\u00edan sin esperanza ni paz. Pod\u00eda o\u00edr las burlas de los borrachos, los lamentos de los moribundos y los aullidos de los perros que devoraban a los muertos.<\/p>\n\n\n\n<p>Poco a poco, el santo transform\u00f3 el lugar, construyendo una iglesia en honor a Santa Filomena, un hospital, una enfermer\u00eda, una escuela, viviendas e incluso los hogares de los habitantes de la isla. En 1885, con tan solo 49 a\u00f1os, contrajo lepra y se neg\u00f3 a que lo llevaran a tratamiento.<\/p>\n\n\n\n<p><em>\u201cHasta ahora me siento feliz y contento, y si me dieran la oportunidad de salir de aqu\u00ed con buena salud, dir\u00eda sin dudarlo: me quedar\u00e9 con mis leprosos\u201d.,<\/em> dijo.<\/p>\n\n\n\n<p>El santo, a pesar de su sufrimiento, continu\u00f3 su labor evangelizadora entre estas personas afligidas. Antes de morir, vio llegar al padre Wendelin y a las monjas franciscanas, quienes se hicieron cargo de la enfermer\u00eda.<\/p>\n\n\n\n<p>Dami\u00e1n falleci\u00f3 el 15 de abril de 1889. Actualmente, una estatua de bronce del santo se encuentra en el Capitolio de los Estados Unidos, representando al estado de Haw\u00e1i. San Dami\u00e1n de Molokai fue beatificado por san Juan Pablo II en 1995 y canonizado por Benedicto XVI en 2009.<\/p>\n\n\n\n<p><\/p>","protected":false},"excerpt":{"rendered":"<p>Um grupo de 26 brasileiros que est\u00e1 em peregrina\u00e7\u00e3o pela Europa, participou nessa segunda-feira, dia 24 de abril, de uma missa, em Lovaina, na B\u00e9lgica. A capela abriga a cripta onde est\u00e3o os restos mortais de S\u00e3o Dami\u00e3o, um mission\u00e1rio dos Sagrados Cora\u00e7\u00f5es, que morreu leproso na ilha de Molokai, no Hava\u00ed. A Celebra\u00e7\u00e3o Eucar\u00edstica foi presidida pelo reitor do Santu\u00e1rio da Sa\u00fade e da Paz e vice-postulador da Causa de Canoniza\u00e7\u00e3o de Padre Eust\u00e1quio, Pe. Vin\u00edcius Maciel, SSCC, e concelebrada pelos padres Osv\u00e2nio Mariano, SSCC, e Edvaldo Carneiro, SSCC. A missa foi gravada e ser\u00e1 retransmitida pelo Canal Padre [&hellip;]<\/p>\n","protected":false},"author":2,"featured_media":10298,"comment_status":"open","ping_status":"closed","sticky":false,"template":"","format":"standard","meta":{"_acf_changed":false,"footnotes":""},"categories":[611],"tags":[],"class_list":["post-10293","post","type-post","status-publish","format-standard","has-post-thumbnail","hentry","category-noticias"],"acf":[],"yoast_head":"<!-- This site is optimized with the Yoast SEO plugin v27.2 - https:\/\/yoast.com\/product\/yoast-seo-wordpress\/ -->\n<title>Brasileiros celebram junto ao t\u00famulo de S\u00e3o Dami\u00e3o de Molokai na B\u00e9lgica<\/title>\n<meta name=\"description\" content=\"Um grupo de 26 brasileiros que est\u00e3o em peregrina\u00e7\u00e3o pela Europa, participaram nessa segunda-feira, dia 24 de abril, de uma Santa Missa, em Louvaina, na B\u00e9lgica. A capela abriga a cripta onde est\u00e3o os restos mortais de S\u00e3o Dami\u00e3o, um mission\u00e1rio dos Sagrados Cora\u00e7\u00f5es, que morreu leproso na ilha de Molokai, no Hava\u00ed.\" \/>\n<meta name=\"robots\" content=\"index, follow, max-snippet:-1, max-image-preview:large, max-video-preview:-1\" \/>\n<link rel=\"canonical\" href=\"https:\/\/www.padreeustaquio.com.br\/es\/los-brasilenos-celebran-en-la-tumba-de-san-damian-de-molokai-en-belgica\/\" \/>\n<meta property=\"og:locale\" content=\"es_ES\" \/>\n<meta property=\"og:type\" content=\"article\" \/>\n<meta property=\"og:title\" content=\"Brasileiros celebram junto ao t\u00famulo de S\u00e3o Dami\u00e3o de Molokai na B\u00e9lgica\" \/>\n<meta property=\"og:description\" content=\"Um grupo de 26 brasileiros que est\u00e3o em peregrina\u00e7\u00e3o pela Europa, participaram nessa segunda-feira, dia 24 de abril, de uma Santa Missa, em Louvaina, na B\u00e9lgica. A capela abriga a cripta onde est\u00e3o os restos mortais de S\u00e3o Dami\u00e3o, um mission\u00e1rio dos Sagrados Cora\u00e7\u00f5es, que morreu leproso na ilha de Molokai, no Hava\u00ed.\" \/>\n<meta property=\"og:url\" content=\"https:\/\/www.padreeustaquio.com.br\/es\/los-brasilenos-celebran-en-la-tumba-de-san-damian-de-molokai-en-belgica\/\" \/>\n<meta property=\"og:site_name\" content=\"Padre Eust\u00e1quio\" \/>\n<meta property=\"article:publisher\" content=\"https:\/\/www.facebook.com\/beatopadreeustaquio\/\" \/>\n<meta property=\"article:published_time\" content=\"2023-04-26T09:48:00+00:00\" \/>\n<meta property=\"og:image\" content=\"https:\/\/www.padreeustaquio.com.br\/wp-content\/uploads\/2023\/04\/Missa-no-tumulo.jpeg\" \/>\n\t<meta property=\"og:image:width\" content=\"1600\" \/>\n\t<meta property=\"og:image:height\" content=\"1200\" \/>\n\t<meta property=\"og:image:type\" content=\"image\/jpeg\" \/>\n<meta name=\"author\" content=\"@sscc\" \/>\n<meta name=\"twitter:card\" content=\"summary_large_image\" \/>\n<meta name=\"twitter:creator\" content=\"@beatopeustaquio\" \/>\n<meta name=\"twitter:site\" content=\"@beatopeustaquio\" \/>\n<meta name=\"twitter:label1\" content=\"Escrito por\" \/>\n\t<meta name=\"twitter:data1\" content=\"@sscc\" \/>\n\t<meta name=\"twitter:label2\" content=\"Tiempo de lectura\" \/>\n\t<meta name=\"twitter:data2\" content=\"3 minutos\" \/>\n<script type=\"application\/ld+json\" class=\"yoast-schema-graph\">{\"@context\":\"https:\/\/schema.org\",\"@graph\":[{\"@type\":\"Article\",\"@id\":\"https:\/\/www.padreeustaquio.com.br\/brasileiros-celebram-junto-ao-tumulo-de-sao-damiao-de-molokai-na-belgica\/#article\",\"isPartOf\":{\"@id\":\"https:\/\/www.padreeustaquio.com.br\/brasileiros-celebram-junto-ao-tumulo-de-sao-damiao-de-molokai-na-belgica\/\"},\"author\":{\"name\":\"@sscc\",\"@id\":\"https:\/\/www.padreeustaquio.com.br\/#\/schema\/person\/a2a51db1d00f1a7af0204a0f1ddb1566\"},\"headline\":\"Brasileiros celebram junto ao t\u00famulo de S\u00e3o Dami\u00e3o de Molokai na B\u00e9lgica\",\"datePublished\":\"2023-04-26T09:48:00+00:00\",\"mainEntityOfPage\":{\"@id\":\"https:\/\/www.padreeustaquio.com.br\/brasileiros-celebram-junto-ao-tumulo-de-sao-damiao-de-molokai-na-belgica\/\"},\"wordCount\":459,\"commentCount\":0,\"publisher\":{\"@id\":\"https:\/\/www.padreeustaquio.com.br\/#organization\"},\"image\":{\"@id\":\"https:\/\/www.padreeustaquio.com.br\/brasileiros-celebram-junto-ao-tumulo-de-sao-damiao-de-molokai-na-belgica\/#primaryimage\"},\"thumbnailUrl\":\"https:\/\/www.padreeustaquio.com.br\/wp-content\/uploads\/2023\/04\/Missa-no-tumulo.jpeg\",\"articleSection\":[\"Not\u00edcias\"],\"inLanguage\":\"es\",\"potentialAction\":[{\"@type\":\"CommentAction\",\"name\":\"Comment\",\"target\":[\"https:\/\/www.padreeustaquio.com.br\/brasileiros-celebram-junto-ao-tumulo-de-sao-damiao-de-molokai-na-belgica\/#respond\"]}]},{\"@type\":\"WebPage\",\"@id\":\"https:\/\/www.padreeustaquio.com.br\/brasileiros-celebram-junto-ao-tumulo-de-sao-damiao-de-molokai-na-belgica\/\",\"url\":\"https:\/\/www.padreeustaquio.com.br\/brasileiros-celebram-junto-ao-tumulo-de-sao-damiao-de-molokai-na-belgica\/\",\"name\":\"Brasileiros celebram junto ao t\u00famulo de S\u00e3o Dami\u00e3o de Molokai na B\u00e9lgica\",\"isPartOf\":{\"@id\":\"https:\/\/www.padreeustaquio.com.br\/#website\"},\"primaryImageOfPage\":{\"@id\":\"https:\/\/www.padreeustaquio.com.br\/brasileiros-celebram-junto-ao-tumulo-de-sao-damiao-de-molokai-na-belgica\/#primaryimage\"},\"image\":{\"@id\":\"https:\/\/www.padreeustaquio.com.br\/brasileiros-celebram-junto-ao-tumulo-de-sao-damiao-de-molokai-na-belgica\/#primaryimage\"},\"thumbnailUrl\":\"https:\/\/www.padreeustaquio.com.br\/wp-content\/uploads\/2023\/04\/Missa-no-tumulo.jpeg\",\"datePublished\":\"2023-04-26T09:48:00+00:00\",\"description\":\"Um grupo de 26 brasileiros que est\u00e3o em peregrina\u00e7\u00e3o pela Europa, participaram nessa segunda-feira, dia 24 de abril, de uma Santa Missa, em Louvaina, na B\u00e9lgica. A capela abriga a cripta onde est\u00e3o os restos mortais de S\u00e3o Dami\u00e3o, um mission\u00e1rio dos Sagrados Cora\u00e7\u00f5es, que morreu leproso na ilha de Molokai, no Hava\u00ed.\",\"breadcrumb\":{\"@id\":\"https:\/\/www.padreeustaquio.com.br\/brasileiros-celebram-junto-ao-tumulo-de-sao-damiao-de-molokai-na-belgica\/#breadcrumb\"},\"inLanguage\":\"es\",\"potentialAction\":[{\"@type\":\"ReadAction\",\"target\":[\"https:\/\/www.padreeustaquio.com.br\/brasileiros-celebram-junto-ao-tumulo-de-sao-damiao-de-molokai-na-belgica\/\"]}]},{\"@type\":\"ImageObject\",\"inLanguage\":\"es\",\"@id\":\"https:\/\/www.padreeustaquio.com.br\/brasileiros-celebram-junto-ao-tumulo-de-sao-damiao-de-molokai-na-belgica\/#primaryimage\",\"url\":\"https:\/\/www.padreeustaquio.com.br\/wp-content\/uploads\/2023\/04\/Missa-no-tumulo.jpeg\",\"contentUrl\":\"https:\/\/www.padreeustaquio.com.br\/wp-content\/uploads\/2023\/04\/Missa-no-tumulo.jpeg\",\"width\":1600,\"height\":1200},{\"@type\":\"BreadcrumbList\",\"@id\":\"https:\/\/www.padreeustaquio.com.br\/brasileiros-celebram-junto-ao-tumulo-de-sao-damiao-de-molokai-na-belgica\/#breadcrumb\",\"itemListElement\":[{\"@type\":\"ListItem\",\"position\":1,\"name\":\"In\u00edcio\",\"item\":\"https:\/\/www.padreeustaquio.com.br\/\"},{\"@type\":\"ListItem\",\"position\":2,\"name\":\"Brasileiros celebram junto ao t\u00famulo de S\u00e3o Dami\u00e3o de Molokai na B\u00e9lgica\"}]},{\"@type\":\"WebSite\",\"@id\":\"https:\/\/www.padreeustaquio.com.br\/#website\",\"url\":\"https:\/\/www.padreeustaquio.com.br\/\",\"name\":\"Padre Eust\u00e1quio\",\"description\":\"Sa\u00fade e Paz\",\"publisher\":{\"@id\":\"https:\/\/www.padreeustaquio.com.br\/#organization\"},\"potentialAction\":[{\"@type\":\"SearchAction\",\"target\":{\"@type\":\"EntryPoint\",\"urlTemplate\":\"https:\/\/www.padreeustaquio.com.br\/?s={search_term_string}\"},\"query-input\":{\"@type\":\"PropertyValueSpecification\",\"valueRequired\":true,\"valueName\":\"search_term_string\"}}],\"inLanguage\":\"es\"},{\"@type\":\"Organization\",\"@id\":\"https:\/\/www.padreeustaquio.com.br\/#organization\",\"name\":\"Padre Eust\u00e1quio\",\"url\":\"https:\/\/www.padreeustaquio.com.br\/\",\"logo\":{\"@type\":\"ImageObject\",\"inLanguage\":\"es\",\"@id\":\"https:\/\/www.padreeustaquio.com.br\/#\/schema\/logo\/image\/\",\"url\":\"https:\/\/www.padreeustaquio.com.br\/wp-content\/uploads\/2019\/08\/marca.png\",\"contentUrl\":\"https:\/\/www.padreeustaquio.com.br\/wp-content\/uploads\/2019\/08\/marca.png\",\"width\":350,\"height\":400,\"caption\":\"Padre Eust\u00e1quio\"},\"image\":{\"@id\":\"https:\/\/www.padreeustaquio.com.br\/#\/schema\/logo\/image\/\"},\"sameAs\":[\"https:\/\/www.facebook.com\/beatopadreeustaquio\/\",\"https:\/\/x.com\/beatopeustaquio\",\"https:\/\/www.instagram.com\/beatopadreeustaquio\/\",\"https:\/\/www.youtube.com\/channel\/UCRhw7vfabnajwLxb1ZXMeIw\"]},{\"@type\":\"Person\",\"@id\":\"https:\/\/www.padreeustaquio.com.br\/#\/schema\/person\/a2a51db1d00f1a7af0204a0f1ddb1566\",\"name\":\"@sscc\",\"image\":{\"@type\":\"ImageObject\",\"inLanguage\":\"es\",\"@id\":\"https:\/\/secure.gravatar.com\/avatar\/68cfafa5f44617fea54071e215026e0ff06be366c3d54a8425f04fdcb86f8c5f?s=96&d=mm&r=g\",\"url\":\"https:\/\/secure.gravatar.com\/avatar\/68cfafa5f44617fea54071e215026e0ff06be366c3d54a8425f04fdcb86f8c5f?s=96&d=mm&r=g\",\"contentUrl\":\"https:\/\/secure.gravatar.com\/avatar\/68cfafa5f44617fea54071e215026e0ff06be366c3d54a8425f04fdcb86f8c5f?s=96&d=mm&r=g\",\"caption\":\"@sscc\"},\"url\":\"https:\/\/www.padreeustaquio.com.br\/es\/author\/sscc\/\"}]}<\/script>\n<!-- \/ Yoast SEO plugin. -->","yoast_head_json":{"title":"Los brasile\u00f1os celebran en la tumba de San Dami\u00e1n de Molokai en B\u00e9lgica.","description":"Un grupo de 26 brasile\u00f1os en peregrinaci\u00f3n por Europa particip\u00f3 en una Santa Misa el lunes 24 de abril en Lovaina, B\u00e9lgica. La capilla alberga la cripta que contiene los restos mortales de San Dami\u00e1n, misionero de los Sagrados Corazones, quien muri\u00f3 de lepra en la isla de Molokai, Haw\u00e1i.","robots":{"index":"index","follow":"follow","max-snippet":"max-snippet:-1","max-image-preview":"max-image-preview:large","max-video-preview":"max-video-preview:-1"},"canonical":"https:\/\/www.padreeustaquio.com.br\/es\/los-brasilenos-celebran-en-la-tumba-de-san-damian-de-molokai-en-belgica\/","og_locale":"es_ES","og_type":"article","og_title":"Brasileiros celebram junto ao t\u00famulo de S\u00e3o Dami\u00e3o de Molokai na B\u00e9lgica","og_description":"Um grupo de 26 brasileiros que est\u00e3o em peregrina\u00e7\u00e3o pela Europa, participaram nessa segunda-feira, dia 24 de abril, de uma Santa Missa, em Louvaina, na B\u00e9lgica. A capela abriga a cripta onde est\u00e3o os restos mortais de S\u00e3o Dami\u00e3o, um mission\u00e1rio dos Sagrados Cora\u00e7\u00f5es, que morreu leproso na ilha de Molokai, no Hava\u00ed.","og_url":"https:\/\/www.padreeustaquio.com.br\/es\/los-brasilenos-celebran-en-la-tumba-de-san-damian-de-molokai-en-belgica\/","og_site_name":"Padre Eust\u00e1quio","article_publisher":"https:\/\/www.facebook.com\/beatopadreeustaquio\/","article_published_time":"2023-04-26T09:48:00+00:00","og_image":[{"width":1600,"height":1200,"url":"https:\/\/www.padreeustaquio.com.br\/wp-content\/uploads\/2023\/04\/Missa-no-tumulo.jpeg","type":"image\/jpeg"}],"author":"@sscc","twitter_card":"summary_large_image","twitter_creator":"@beatopeustaquio","twitter_site":"@beatopeustaquio","twitter_misc":{"Escrito por":"@sscc","Tiempo de lectura":"3 minutos"},"schema":{"@context":"https:\/\/schema.org","@graph":[{"@type":"Article","@id":"https:\/\/www.padreeustaquio.com.br\/brasileiros-celebram-junto-ao-tumulo-de-sao-damiao-de-molokai-na-belgica\/#article","isPartOf":{"@id":"https:\/\/www.padreeustaquio.com.br\/brasileiros-celebram-junto-ao-tumulo-de-sao-damiao-de-molokai-na-belgica\/"},"author":{"name":"@sscc","@id":"https:\/\/www.padreeustaquio.com.br\/#\/schema\/person\/a2a51db1d00f1a7af0204a0f1ddb1566"},"headline":"Brasileiros celebram junto ao t\u00famulo de S\u00e3o Dami\u00e3o de Molokai na B\u00e9lgica","datePublished":"2023-04-26T09:48:00+00:00","mainEntityOfPage":{"@id":"https:\/\/www.padreeustaquio.com.br\/brasileiros-celebram-junto-ao-tumulo-de-sao-damiao-de-molokai-na-belgica\/"},"wordCount":459,"commentCount":0,"publisher":{"@id":"https:\/\/www.padreeustaquio.com.br\/#organization"},"image":{"@id":"https:\/\/www.padreeustaquio.com.br\/brasileiros-celebram-junto-ao-tumulo-de-sao-damiao-de-molokai-na-belgica\/#primaryimage"},"thumbnailUrl":"https:\/\/www.padreeustaquio.com.br\/wp-content\/uploads\/2023\/04\/Missa-no-tumulo.jpeg","articleSection":["Not\u00edcias"],"inLanguage":"es","potentialAction":[{"@type":"CommentAction","name":"Comment","target":["https:\/\/www.padreeustaquio.com.br\/brasileiros-celebram-junto-ao-tumulo-de-sao-damiao-de-molokai-na-belgica\/#respond"]}]},{"@type":"WebPage","@id":"https:\/\/www.padreeustaquio.com.br\/brasileiros-celebram-junto-ao-tumulo-de-sao-damiao-de-molokai-na-belgica\/","url":"https:\/\/www.padreeustaquio.com.br\/brasileiros-celebram-junto-ao-tumulo-de-sao-damiao-de-molokai-na-belgica\/","name":"Los brasile\u00f1os celebran en la tumba de San Dami\u00e1n de Molokai en B\u00e9lgica.","isPartOf":{"@id":"https:\/\/www.padreeustaquio.com.br\/#website"},"primaryImageOfPage":{"@id":"https:\/\/www.padreeustaquio.com.br\/brasileiros-celebram-junto-ao-tumulo-de-sao-damiao-de-molokai-na-belgica\/#primaryimage"},"image":{"@id":"https:\/\/www.padreeustaquio.com.br\/brasileiros-celebram-junto-ao-tumulo-de-sao-damiao-de-molokai-na-belgica\/#primaryimage"},"thumbnailUrl":"https:\/\/www.padreeustaquio.com.br\/wp-content\/uploads\/2023\/04\/Missa-no-tumulo.jpeg","datePublished":"2023-04-26T09:48:00+00:00","description":"Un grupo de 26 brasile\u00f1os en peregrinaci\u00f3n por Europa particip\u00f3 en una Santa Misa el lunes 24 de abril en Lovaina, B\u00e9lgica. La capilla alberga la cripta que contiene los restos mortales de San Dami\u00e1n, misionero de los Sagrados Corazones, quien muri\u00f3 de lepra en la isla de Molokai, Haw\u00e1i.","breadcrumb":{"@id":"https:\/\/www.padreeustaquio.com.br\/brasileiros-celebram-junto-ao-tumulo-de-sao-damiao-de-molokai-na-belgica\/#breadcrumb"},"inLanguage":"es","potentialAction":[{"@type":"ReadAction","target":["https:\/\/www.padreeustaquio.com.br\/brasileiros-celebram-junto-ao-tumulo-de-sao-damiao-de-molokai-na-belgica\/"]}]},{"@type":"ImageObject","inLanguage":"es","@id":"https:\/\/www.padreeustaquio.com.br\/brasileiros-celebram-junto-ao-tumulo-de-sao-damiao-de-molokai-na-belgica\/#primaryimage","url":"https:\/\/www.padreeustaquio.com.br\/wp-content\/uploads\/2023\/04\/Missa-no-tumulo.jpeg","contentUrl":"https:\/\/www.padreeustaquio.com.br\/wp-content\/uploads\/2023\/04\/Missa-no-tumulo.jpeg","width":1600,"height":1200},{"@type":"BreadcrumbList","@id":"https:\/\/www.padreeustaquio.com.br\/brasileiros-celebram-junto-ao-tumulo-de-sao-damiao-de-molokai-na-belgica\/#breadcrumb","itemListElement":[{"@type":"ListItem","position":1,"name":"In\u00edcio","item":"https:\/\/www.padreeustaquio.com.br\/"},{"@type":"ListItem","position":2,"name":"Brasileiros celebram junto ao t\u00famulo de S\u00e3o Dami\u00e3o de Molokai na B\u00e9lgica"}]},{"@type":"WebSite","@id":"https:\/\/www.padreeustaquio.com.br\/#website","url":"https:\/\/www.padreeustaquio.com.br\/","name":"Padre Eustace","description":"Salud y Paz","publisher":{"@id":"https:\/\/www.padreeustaquio.com.br\/#organization"},"potentialAction":[{"@type":"SearchAction","target":{"@type":"EntryPoint","urlTemplate":"https:\/\/www.padreeustaquio.com.br\/?s={search_term_string}"},"query-input":{"@type":"PropertyValueSpecification","valueRequired":true,"valueName":"search_term_string"}}],"inLanguage":"es"},{"@type":"Organization","@id":"https:\/\/www.padreeustaquio.com.br\/#organization","name":"Padre Eustace","url":"https:\/\/www.padreeustaquio.com.br\/","logo":{"@type":"ImageObject","inLanguage":"es","@id":"https:\/\/www.padreeustaquio.com.br\/#\/schema\/logo\/image\/","url":"https:\/\/www.padreeustaquio.com.br\/wp-content\/uploads\/2019\/08\/marca.png","contentUrl":"https:\/\/www.padreeustaquio.com.br\/wp-content\/uploads\/2019\/08\/marca.png","width":350,"height":400,"caption":"Padre Eust\u00e1quio"},"image":{"@id":"https:\/\/www.padreeustaquio.com.br\/#\/schema\/logo\/image\/"},"sameAs":["https:\/\/www.facebook.com\/beatopadreeustaquio\/","https:\/\/x.com\/beatopeustaquio","https:\/\/www.instagram.com\/beatopadreeustaquio\/","https:\/\/www.youtube.com\/channel\/UCRhw7vfabnajwLxb1ZXMeIw"]},{"@type":"Person","@id":"https:\/\/www.padreeustaquio.com.br\/#\/schema\/person\/a2a51db1d00f1a7af0204a0f1ddb1566","name":"@sscc","image":{"@type":"ImageObject","inLanguage":"es","@id":"https:\/\/secure.gravatar.com\/avatar\/68cfafa5f44617fea54071e215026e0ff06be366c3d54a8425f04fdcb86f8c5f?s=96&d=mm&r=g","url":"https:\/\/secure.gravatar.com\/avatar\/68cfafa5f44617fea54071e215026e0ff06be366c3d54a8425f04fdcb86f8c5f?s=96&d=mm&r=g","contentUrl":"https:\/\/secure.gravatar.com\/avatar\/68cfafa5f44617fea54071e215026e0ff06be366c3d54a8425f04fdcb86f8c5f?s=96&d=mm&r=g","caption":"@sscc"},"url":"https:\/\/www.padreeustaquio.com.br\/es\/author\/sscc\/"}]}},"_links":{"self":[{"href":"https:\/\/www.padreeustaquio.com.br\/es\/wp-json\/wp\/v2\/posts\/10293","targetHints":{"allow":["GET"]}}],"collection":[{"href":"https:\/\/www.padreeustaquio.com.br\/es\/wp-json\/wp\/v2\/posts"}],"about":[{"href":"https:\/\/www.padreeustaquio.com.br\/es\/wp-json\/wp\/v2\/types\/post"}],"author":[{"embeddable":true,"href":"https:\/\/www.padreeustaquio.com.br\/es\/wp-json\/wp\/v2\/users\/2"}],"replies":[{"embeddable":true,"href":"https:\/\/www.padreeustaquio.com.br\/es\/wp-json\/wp\/v2\/comments?post=10293"}],"version-history":[{"count":0,"href":"https:\/\/www.padreeustaquio.com.br\/es\/wp-json\/wp\/v2\/posts\/10293\/revisions"}],"wp:featuredmedia":[{"embeddable":true,"href":"https:\/\/www.padreeustaquio.com.br\/es\/wp-json\/wp\/v2\/media\/10298"}],"wp:attachment":[{"href":"https:\/\/www.padreeustaquio.com.br\/es\/wp-json\/wp\/v2\/media?parent=10293"}],"wp:term":[{"taxonomy":"category","embeddable":true,"href":"https:\/\/www.padreeustaquio.com.br\/es\/wp-json\/wp\/v2\/categories?post=10293"},{"taxonomy":"post_tag","embeddable":true,"href":"https:\/\/www.padreeustaquio.com.br\/es\/wp-json\/wp\/v2\/tags?post=10293"}],"curies":[{"name":"wp","href":"https:\/\/api.w.org\/{rel}","templated":true}]}}