{"id":10289,"date":"2023-04-25T06:34:00","date_gmt":"2023-04-25T09:34:00","guid":{"rendered":"https:\/\/www.padreeustaquio.com.br\/?p=10289"},"modified":"2023-04-24T04:48:27","modified_gmt":"2023-04-24T07:48:27","slug":"en-el-santuario-de-salud-y-paz-se-han-iniciado-las-obras-de-revitalizacion-de-la-plaza","status":"publish","type":"post","link":"https:\/\/www.padreeustaquio.com.br\/es\/en-el-santuario-de-salud-y-paz-se-han-iniciado-las-obras-de-revitalizacion-de-la-plaza\/","title":{"rendered":"Inician las obras para revitalizar la plaza del Santuario de la Salud y la Paz."},"content":{"rendered":"<p>Conocida como la Plaza de los Sagrados Corazones, el espacio frente al Santuario de la Salud y la Paz, la Iglesia del Padre Eust\u00e1quio, en Belo Horizonte, comenz\u00f3 a revitalizarse esta semana. La idea es mejorar el espacio, ya deteriorado por el paso del tiempo.<\/p>\n\n\n\n<p>Obreros y maquinaria han estado trabajando en el cementerio de la Iglesia Padre Eust\u00e1quio desde finales de semana, iniciando las obras de revitalizaci\u00f3n. Seg\u00fan el proyecto inicial, se crear\u00e1n nuevas plazas de aparcamiento y la plaza tambi\u00e9n contar\u00e1 con nuevas zonas verdes, como parterres elevados que bordean las plazas de aparcamiento. Se priorizar\u00e1n los espacios peatonales, con mejor se\u00f1alizaci\u00f3n y un acceso m\u00e1s seguro.<\/p>\n\n\n\n<p>El proyecto se dividir\u00e1 en fases para facilitar la recaudaci\u00f3n de fondos, por lo que a\u00fan no hay una fecha l\u00edmite establecida para su finalizaci\u00f3n.<\/p>\n\n\n\n<p>El siguiente paso ser\u00e1 el mantenimiento del techo de la iglesia, que presenta tejas rotas y goteras en varios puntos del templo.<\/p>\n\n\n\n<p><\/p>","protected":false},"excerpt":{"rendered":"<p>Conhecida como pra\u00e7a dos Sagrados Cora\u00e7\u00f5es, o espa\u00e7o em frente ao Santu\u00e1rio da Sa\u00fade e da Paz, a Igreja do Padre Eust\u00e1quio, em Belo Horizonte, come\u00e7ou a ser revitalizada essa semana. A ideia \u00e9 melhorar o espa\u00e7o j\u00e1 degradado pela a\u00e7\u00e3o do tempo. Oper\u00e1rios e maquin\u00e1rio j\u00e1 trabalham no adro da Igreja Padre Eust\u00e1quio, desde o final da semana, iniciando as obras de revitaliza\u00e7\u00e3o do espa\u00e7o. De acordo com o projeto inicial, novas vagas de estacionamento ser\u00e3o criadas e a pra\u00e7a tamb\u00e9m ganhar\u00e1 novos espa\u00e7os verdes, como canteiros elevados que v\u00e3o margear as vagas. Haver\u00e1 uma maior valoriza\u00e7\u00e3o dos espa\u00e7os [&hellip;]<\/p>\n","protected":false},"author":2,"featured_media":10291,"comment_status":"open","ping_status":"closed","sticky":false,"template":"","format":"standard","meta":{"_acf_changed":false,"footnotes":""},"categories":[611],"tags":[],"class_list":["post-10289","post","type-post","status-publish","format-standard","has-post-thumbnail","hentry","category-noticias"],"acf":[],"yoast_head":"<!-- This site is optimized with the Yoast SEO plugin v27.2 - https:\/\/yoast.com\/product\/yoast-seo-wordpress\/ -->\n<title>Trabalho de revitaliza\u00e7\u00e3o da pra\u00e7a \u00e9 iniciado no Santu\u00e1rio da Sa\u00fade e da Paz<\/title>\n<meta name=\"description\" content=\"Conhecida como pra\u00e7a dos Sagrados Cora\u00e7\u00f5es, o espa\u00e7o em frente ao Santu\u00e1rio da Sa\u00fade e da Paz, a Igreja do Padre Eust\u00e1quio, em Belo Horizonte, come\u00e7ou a ser revitalizada essa semana. A ideia \u00e9 melhorar o espa\u00e7o j\u00e1 degradado pela a\u00e7\u00e3o do tempo.\" \/>\n<meta name=\"robots\" content=\"index, follow, max-snippet:-1, max-image-preview:large, max-video-preview:-1\" \/>\n<link rel=\"canonical\" href=\"https:\/\/www.padreeustaquio.com.br\/es\/en-el-santuario-de-salud-y-paz-se-han-iniciado-las-obras-de-revitalizacion-de-la-plaza\/\" \/>\n<meta property=\"og:locale\" content=\"es_ES\" \/>\n<meta property=\"og:type\" content=\"article\" \/>\n<meta property=\"og:title\" content=\"Trabalho de revitaliza\u00e7\u00e3o da pra\u00e7a \u00e9 iniciado no Santu\u00e1rio da Sa\u00fade e da Paz\" \/>\n<meta property=\"og:description\" content=\"Conhecida como pra\u00e7a dos Sagrados Cora\u00e7\u00f5es, o espa\u00e7o em frente ao Santu\u00e1rio da Sa\u00fade e da Paz, a Igreja do Padre Eust\u00e1quio, em Belo Horizonte, come\u00e7ou a ser revitalizada essa semana. A ideia \u00e9 melhorar o espa\u00e7o j\u00e1 degradado pela a\u00e7\u00e3o do tempo.\" \/>\n<meta property=\"og:url\" content=\"https:\/\/www.padreeustaquio.com.br\/es\/en-el-santuario-de-salud-y-paz-se-han-iniciado-las-obras-de-revitalizacion-de-la-plaza\/\" \/>\n<meta property=\"og:site_name\" content=\"Padre Eust\u00e1quio\" \/>\n<meta property=\"article:publisher\" content=\"https:\/\/www.facebook.com\/beatopadreeustaquio\/\" \/>\n<meta property=\"article:published_time\" content=\"2023-04-25T09:34:00+00:00\" \/>\n<meta property=\"og:image\" content=\"https:\/\/www.padreeustaquio.com.br\/wp-content\/uploads\/2023\/04\/obras-reforma-praca.jpeg\" \/>\n\t<meta property=\"og:image:width\" content=\"1600\" \/>\n\t<meta property=\"og:image:height\" content=\"1201\" \/>\n\t<meta property=\"og:image:type\" content=\"image\/jpeg\" \/>\n<meta name=\"author\" content=\"@sscc\" \/>\n<meta name=\"twitter:card\" content=\"summary_large_image\" \/>\n<meta name=\"twitter:creator\" content=\"@beatopeustaquio\" \/>\n<meta name=\"twitter:site\" content=\"@beatopeustaquio\" \/>\n<meta name=\"twitter:label1\" content=\"Escrito por\" \/>\n\t<meta name=\"twitter:data1\" content=\"@sscc\" \/>\n\t<meta name=\"twitter:label2\" content=\"Tiempo de lectura\" \/>\n\t<meta name=\"twitter:data2\" content=\"1 minuto\" \/>\n<script type=\"application\/ld+json\" class=\"yoast-schema-graph\">{\"@context\":\"https:\/\/schema.org\",\"@graph\":[{\"@type\":\"Article\",\"@id\":\"https:\/\/www.padreeustaquio.com.br\/trabalho-de-revitalizacao-da-praca-e-iniciado-no-santuario-da-saude-e-da-paz\/#article\",\"isPartOf\":{\"@id\":\"https:\/\/www.padreeustaquio.com.br\/trabalho-de-revitalizacao-da-praca-e-iniciado-no-santuario-da-saude-e-da-paz\/\"},\"author\":{\"name\":\"@sscc\",\"@id\":\"https:\/\/www.padreeustaquio.com.br\/#\/schema\/person\/a2a51db1d00f1a7af0204a0f1ddb1566\"},\"headline\":\"Trabalho de revitaliza\u00e7\u00e3o da pra\u00e7a \u00e9 iniciado no Santu\u00e1rio da Sa\u00fade e da Paz\",\"datePublished\":\"2023-04-25T09:34:00+00:00\",\"mainEntityOfPage\":{\"@id\":\"https:\/\/www.padreeustaquio.com.br\/trabalho-de-revitalizacao-da-praca-e-iniciado-no-santuario-da-saude-e-da-paz\/\"},\"wordCount\":202,\"commentCount\":0,\"publisher\":{\"@id\":\"https:\/\/www.padreeustaquio.com.br\/#organization\"},\"image\":{\"@id\":\"https:\/\/www.padreeustaquio.com.br\/trabalho-de-revitalizacao-da-praca-e-iniciado-no-santuario-da-saude-e-da-paz\/#primaryimage\"},\"thumbnailUrl\":\"https:\/\/www.padreeustaquio.com.br\/wp-content\/uploads\/2023\/04\/obras-reforma-praca.jpeg\",\"articleSection\":[\"Not\u00edcias\"],\"inLanguage\":\"es\",\"potentialAction\":[{\"@type\":\"CommentAction\",\"name\":\"Comment\",\"target\":[\"https:\/\/www.padreeustaquio.com.br\/trabalho-de-revitalizacao-da-praca-e-iniciado-no-santuario-da-saude-e-da-paz\/#respond\"]}]},{\"@type\":\"WebPage\",\"@id\":\"https:\/\/www.padreeustaquio.com.br\/trabalho-de-revitalizacao-da-praca-e-iniciado-no-santuario-da-saude-e-da-paz\/\",\"url\":\"https:\/\/www.padreeustaquio.com.br\/trabalho-de-revitalizacao-da-praca-e-iniciado-no-santuario-da-saude-e-da-paz\/\",\"name\":\"Trabalho de revitaliza\u00e7\u00e3o da pra\u00e7a \u00e9 iniciado no Santu\u00e1rio da Sa\u00fade e da Paz\",\"isPartOf\":{\"@id\":\"https:\/\/www.padreeustaquio.com.br\/#website\"},\"primaryImageOfPage\":{\"@id\":\"https:\/\/www.padreeustaquio.com.br\/trabalho-de-revitalizacao-da-praca-e-iniciado-no-santuario-da-saude-e-da-paz\/#primaryimage\"},\"image\":{\"@id\":\"https:\/\/www.padreeustaquio.com.br\/trabalho-de-revitalizacao-da-praca-e-iniciado-no-santuario-da-saude-e-da-paz\/#primaryimage\"},\"thumbnailUrl\":\"https:\/\/www.padreeustaquio.com.br\/wp-content\/uploads\/2023\/04\/obras-reforma-praca.jpeg\",\"datePublished\":\"2023-04-25T09:34:00+00:00\",\"description\":\"Conhecida como pra\u00e7a dos Sagrados Cora\u00e7\u00f5es, o espa\u00e7o em frente ao Santu\u00e1rio da Sa\u00fade e da Paz, a Igreja do Padre Eust\u00e1quio, em Belo Horizonte, come\u00e7ou a ser revitalizada essa semana. A ideia \u00e9 melhorar o espa\u00e7o j\u00e1 degradado pela a\u00e7\u00e3o do tempo.\",\"breadcrumb\":{\"@id\":\"https:\/\/www.padreeustaquio.com.br\/trabalho-de-revitalizacao-da-praca-e-iniciado-no-santuario-da-saude-e-da-paz\/#breadcrumb\"},\"inLanguage\":\"es\",\"potentialAction\":[{\"@type\":\"ReadAction\",\"target\":[\"https:\/\/www.padreeustaquio.com.br\/trabalho-de-revitalizacao-da-praca-e-iniciado-no-santuario-da-saude-e-da-paz\/\"]}]},{\"@type\":\"ImageObject\",\"inLanguage\":\"es\",\"@id\":\"https:\/\/www.padreeustaquio.com.br\/trabalho-de-revitalizacao-da-praca-e-iniciado-no-santuario-da-saude-e-da-paz\/#primaryimage\",\"url\":\"https:\/\/www.padreeustaquio.com.br\/wp-content\/uploads\/2023\/04\/obras-reforma-praca.jpeg\",\"contentUrl\":\"https:\/\/www.padreeustaquio.com.br\/wp-content\/uploads\/2023\/04\/obras-reforma-praca.jpeg\",\"width\":1600,\"height\":1201},{\"@type\":\"BreadcrumbList\",\"@id\":\"https:\/\/www.padreeustaquio.com.br\/trabalho-de-revitalizacao-da-praca-e-iniciado-no-santuario-da-saude-e-da-paz\/#breadcrumb\",\"itemListElement\":[{\"@type\":\"ListItem\",\"position\":1,\"name\":\"In\u00edcio\",\"item\":\"https:\/\/www.padreeustaquio.com.br\/\"},{\"@type\":\"ListItem\",\"position\":2,\"name\":\"Trabalho de revitaliza\u00e7\u00e3o da pra\u00e7a \u00e9 iniciado no Santu\u00e1rio da Sa\u00fade e da Paz\"}]},{\"@type\":\"WebSite\",\"@id\":\"https:\/\/www.padreeustaquio.com.br\/#website\",\"url\":\"https:\/\/www.padreeustaquio.com.br\/\",\"name\":\"Padre Eust\u00e1quio\",\"description\":\"Sa\u00fade e Paz\",\"publisher\":{\"@id\":\"https:\/\/www.padreeustaquio.com.br\/#organization\"},\"potentialAction\":[{\"@type\":\"SearchAction\",\"target\":{\"@type\":\"EntryPoint\",\"urlTemplate\":\"https:\/\/www.padreeustaquio.com.br\/?s={search_term_string}\"},\"query-input\":{\"@type\":\"PropertyValueSpecification\",\"valueRequired\":true,\"valueName\":\"search_term_string\"}}],\"inLanguage\":\"es\"},{\"@type\":\"Organization\",\"@id\":\"https:\/\/www.padreeustaquio.com.br\/#organization\",\"name\":\"Padre Eust\u00e1quio\",\"url\":\"https:\/\/www.padreeustaquio.com.br\/\",\"logo\":{\"@type\":\"ImageObject\",\"inLanguage\":\"es\",\"@id\":\"https:\/\/www.padreeustaquio.com.br\/#\/schema\/logo\/image\/\",\"url\":\"https:\/\/www.padreeustaquio.com.br\/wp-content\/uploads\/2019\/08\/marca.png\",\"contentUrl\":\"https:\/\/www.padreeustaquio.com.br\/wp-content\/uploads\/2019\/08\/marca.png\",\"width\":350,\"height\":400,\"caption\":\"Padre Eust\u00e1quio\"},\"image\":{\"@id\":\"https:\/\/www.padreeustaquio.com.br\/#\/schema\/logo\/image\/\"},\"sameAs\":[\"https:\/\/www.facebook.com\/beatopadreeustaquio\/\",\"https:\/\/x.com\/beatopeustaquio\",\"https:\/\/www.instagram.com\/beatopadreeustaquio\/\",\"https:\/\/www.youtube.com\/channel\/UCRhw7vfabnajwLxb1ZXMeIw\"]},{\"@type\":\"Person\",\"@id\":\"https:\/\/www.padreeustaquio.com.br\/#\/schema\/person\/a2a51db1d00f1a7af0204a0f1ddb1566\",\"name\":\"@sscc\",\"image\":{\"@type\":\"ImageObject\",\"inLanguage\":\"es\",\"@id\":\"https:\/\/secure.gravatar.com\/avatar\/68cfafa5f44617fea54071e215026e0ff06be366c3d54a8425f04fdcb86f8c5f?s=96&d=mm&r=g\",\"url\":\"https:\/\/secure.gravatar.com\/avatar\/68cfafa5f44617fea54071e215026e0ff06be366c3d54a8425f04fdcb86f8c5f?s=96&d=mm&r=g\",\"contentUrl\":\"https:\/\/secure.gravatar.com\/avatar\/68cfafa5f44617fea54071e215026e0ff06be366c3d54a8425f04fdcb86f8c5f?s=96&d=mm&r=g\",\"caption\":\"@sscc\"},\"url\":\"https:\/\/www.padreeustaquio.com.br\/es\/author\/sscc\/\"}]}<\/script>\n<!-- \/ Yoast SEO plugin. -->","yoast_head_json":{"title":"Inician las obras para revitalizar la plaza del Santuario de la Salud y la Paz.","description":"Conocida como la Plaza de los Sagrados Corazones, el espacio frente al Santuario de la Salud y la Paz, la Iglesia del Padre Eust\u00e1quio, en Belo Horizonte, comenz\u00f3 a revitalizarse esta semana. La idea es mejorar el espacio, ya deteriorado por el paso del tiempo.","robots":{"index":"index","follow":"follow","max-snippet":"max-snippet:-1","max-image-preview":"max-image-preview:large","max-video-preview":"max-video-preview:-1"},"canonical":"https:\/\/www.padreeustaquio.com.br\/es\/en-el-santuario-de-salud-y-paz-se-han-iniciado-las-obras-de-revitalizacion-de-la-plaza\/","og_locale":"es_ES","og_type":"article","og_title":"Trabalho de revitaliza\u00e7\u00e3o da pra\u00e7a \u00e9 iniciado no Santu\u00e1rio da Sa\u00fade e da Paz","og_description":"Conhecida como pra\u00e7a dos Sagrados Cora\u00e7\u00f5es, o espa\u00e7o em frente ao Santu\u00e1rio da Sa\u00fade e da Paz, a Igreja do Padre Eust\u00e1quio, em Belo Horizonte, come\u00e7ou a ser revitalizada essa semana. A ideia \u00e9 melhorar o espa\u00e7o j\u00e1 degradado pela a\u00e7\u00e3o do tempo.","og_url":"https:\/\/www.padreeustaquio.com.br\/es\/en-el-santuario-de-salud-y-paz-se-han-iniciado-las-obras-de-revitalizacion-de-la-plaza\/","og_site_name":"Padre Eust\u00e1quio","article_publisher":"https:\/\/www.facebook.com\/beatopadreeustaquio\/","article_published_time":"2023-04-25T09:34:00+00:00","og_image":[{"width":1600,"height":1201,"url":"https:\/\/www.padreeustaquio.com.br\/wp-content\/uploads\/2023\/04\/obras-reforma-praca.jpeg","type":"image\/jpeg"}],"author":"@sscc","twitter_card":"summary_large_image","twitter_creator":"@beatopeustaquio","twitter_site":"@beatopeustaquio","twitter_misc":{"Escrito por":"@sscc","Tiempo de lectura":"1 minuto"},"schema":{"@context":"https:\/\/schema.org","@graph":[{"@type":"Article","@id":"https:\/\/www.padreeustaquio.com.br\/trabalho-de-revitalizacao-da-praca-e-iniciado-no-santuario-da-saude-e-da-paz\/#article","isPartOf":{"@id":"https:\/\/www.padreeustaquio.com.br\/trabalho-de-revitalizacao-da-praca-e-iniciado-no-santuario-da-saude-e-da-paz\/"},"author":{"name":"@sscc","@id":"https:\/\/www.padreeustaquio.com.br\/#\/schema\/person\/a2a51db1d00f1a7af0204a0f1ddb1566"},"headline":"Trabalho de revitaliza\u00e7\u00e3o da pra\u00e7a \u00e9 iniciado no Santu\u00e1rio da Sa\u00fade e da Paz","datePublished":"2023-04-25T09:34:00+00:00","mainEntityOfPage":{"@id":"https:\/\/www.padreeustaquio.com.br\/trabalho-de-revitalizacao-da-praca-e-iniciado-no-santuario-da-saude-e-da-paz\/"},"wordCount":202,"commentCount":0,"publisher":{"@id":"https:\/\/www.padreeustaquio.com.br\/#organization"},"image":{"@id":"https:\/\/www.padreeustaquio.com.br\/trabalho-de-revitalizacao-da-praca-e-iniciado-no-santuario-da-saude-e-da-paz\/#primaryimage"},"thumbnailUrl":"https:\/\/www.padreeustaquio.com.br\/wp-content\/uploads\/2023\/04\/obras-reforma-praca.jpeg","articleSection":["Not\u00edcias"],"inLanguage":"es","potentialAction":[{"@type":"CommentAction","name":"Comment","target":["https:\/\/www.padreeustaquio.com.br\/trabalho-de-revitalizacao-da-praca-e-iniciado-no-santuario-da-saude-e-da-paz\/#respond"]}]},{"@type":"WebPage","@id":"https:\/\/www.padreeustaquio.com.br\/trabalho-de-revitalizacao-da-praca-e-iniciado-no-santuario-da-saude-e-da-paz\/","url":"https:\/\/www.padreeustaquio.com.br\/trabalho-de-revitalizacao-da-praca-e-iniciado-no-santuario-da-saude-e-da-paz\/","name":"Inician las obras para revitalizar la plaza del Santuario de la Salud y la Paz.","isPartOf":{"@id":"https:\/\/www.padreeustaquio.com.br\/#website"},"primaryImageOfPage":{"@id":"https:\/\/www.padreeustaquio.com.br\/trabalho-de-revitalizacao-da-praca-e-iniciado-no-santuario-da-saude-e-da-paz\/#primaryimage"},"image":{"@id":"https:\/\/www.padreeustaquio.com.br\/trabalho-de-revitalizacao-da-praca-e-iniciado-no-santuario-da-saude-e-da-paz\/#primaryimage"},"thumbnailUrl":"https:\/\/www.padreeustaquio.com.br\/wp-content\/uploads\/2023\/04\/obras-reforma-praca.jpeg","datePublished":"2023-04-25T09:34:00+00:00","description":"Conocida como la Plaza de los Sagrados Corazones, el espacio frente al Santuario de la Salud y la Paz, la Iglesia del Padre Eust\u00e1quio, en Belo Horizonte, comenz\u00f3 a revitalizarse esta semana. La idea es mejorar el espacio, ya deteriorado por el paso del tiempo.","breadcrumb":{"@id":"https:\/\/www.padreeustaquio.com.br\/trabalho-de-revitalizacao-da-praca-e-iniciado-no-santuario-da-saude-e-da-paz\/#breadcrumb"},"inLanguage":"es","potentialAction":[{"@type":"ReadAction","target":["https:\/\/www.padreeustaquio.com.br\/trabalho-de-revitalizacao-da-praca-e-iniciado-no-santuario-da-saude-e-da-paz\/"]}]},{"@type":"ImageObject","inLanguage":"es","@id":"https:\/\/www.padreeustaquio.com.br\/trabalho-de-revitalizacao-da-praca-e-iniciado-no-santuario-da-saude-e-da-paz\/#primaryimage","url":"https:\/\/www.padreeustaquio.com.br\/wp-content\/uploads\/2023\/04\/obras-reforma-praca.jpeg","contentUrl":"https:\/\/www.padreeustaquio.com.br\/wp-content\/uploads\/2023\/04\/obras-reforma-praca.jpeg","width":1600,"height":1201},{"@type":"BreadcrumbList","@id":"https:\/\/www.padreeustaquio.com.br\/trabalho-de-revitalizacao-da-praca-e-iniciado-no-santuario-da-saude-e-da-paz\/#breadcrumb","itemListElement":[{"@type":"ListItem","position":1,"name":"In\u00edcio","item":"https:\/\/www.padreeustaquio.com.br\/"},{"@type":"ListItem","position":2,"name":"Trabalho de revitaliza\u00e7\u00e3o da pra\u00e7a \u00e9 iniciado no Santu\u00e1rio da Sa\u00fade e da Paz"}]},{"@type":"WebSite","@id":"https:\/\/www.padreeustaquio.com.br\/#website","url":"https:\/\/www.padreeustaquio.com.br\/","name":"Padre Eustace","description":"Salud y Paz","publisher":{"@id":"https:\/\/www.padreeustaquio.com.br\/#organization"},"potentialAction":[{"@type":"SearchAction","target":{"@type":"EntryPoint","urlTemplate":"https:\/\/www.padreeustaquio.com.br\/?s={search_term_string}"},"query-input":{"@type":"PropertyValueSpecification","valueRequired":true,"valueName":"search_term_string"}}],"inLanguage":"es"},{"@type":"Organization","@id":"https:\/\/www.padreeustaquio.com.br\/#organization","name":"Padre Eustace","url":"https:\/\/www.padreeustaquio.com.br\/","logo":{"@type":"ImageObject","inLanguage":"es","@id":"https:\/\/www.padreeustaquio.com.br\/#\/schema\/logo\/image\/","url":"https:\/\/www.padreeustaquio.com.br\/wp-content\/uploads\/2019\/08\/marca.png","contentUrl":"https:\/\/www.padreeustaquio.com.br\/wp-content\/uploads\/2019\/08\/marca.png","width":350,"height":400,"caption":"Padre Eust\u00e1quio"},"image":{"@id":"https:\/\/www.padreeustaquio.com.br\/#\/schema\/logo\/image\/"},"sameAs":["https:\/\/www.facebook.com\/beatopadreeustaquio\/","https:\/\/x.com\/beatopeustaquio","https:\/\/www.instagram.com\/beatopadreeustaquio\/","https:\/\/www.youtube.com\/channel\/UCRhw7vfabnajwLxb1ZXMeIw"]},{"@type":"Person","@id":"https:\/\/www.padreeustaquio.com.br\/#\/schema\/person\/a2a51db1d00f1a7af0204a0f1ddb1566","name":"@sscc","image":{"@type":"ImageObject","inLanguage":"es","@id":"https:\/\/secure.gravatar.com\/avatar\/68cfafa5f44617fea54071e215026e0ff06be366c3d54a8425f04fdcb86f8c5f?s=96&d=mm&r=g","url":"https:\/\/secure.gravatar.com\/avatar\/68cfafa5f44617fea54071e215026e0ff06be366c3d54a8425f04fdcb86f8c5f?s=96&d=mm&r=g","contentUrl":"https:\/\/secure.gravatar.com\/avatar\/68cfafa5f44617fea54071e215026e0ff06be366c3d54a8425f04fdcb86f8c5f?s=96&d=mm&r=g","caption":"@sscc"},"url":"https:\/\/www.padreeustaquio.com.br\/es\/author\/sscc\/"}]}},"_links":{"self":[{"href":"https:\/\/www.padreeustaquio.com.br\/es\/wp-json\/wp\/v2\/posts\/10289","targetHints":{"allow":["GET"]}}],"collection":[{"href":"https:\/\/www.padreeustaquio.com.br\/es\/wp-json\/wp\/v2\/posts"}],"about":[{"href":"https:\/\/www.padreeustaquio.com.br\/es\/wp-json\/wp\/v2\/types\/post"}],"author":[{"embeddable":true,"href":"https:\/\/www.padreeustaquio.com.br\/es\/wp-json\/wp\/v2\/users\/2"}],"replies":[{"embeddable":true,"href":"https:\/\/www.padreeustaquio.com.br\/es\/wp-json\/wp\/v2\/comments?post=10289"}],"version-history":[{"count":0,"href":"https:\/\/www.padreeustaquio.com.br\/es\/wp-json\/wp\/v2\/posts\/10289\/revisions"}],"wp:featuredmedia":[{"embeddable":true,"href":"https:\/\/www.padreeustaquio.com.br\/es\/wp-json\/wp\/v2\/media\/10291"}],"wp:attachment":[{"href":"https:\/\/www.padreeustaquio.com.br\/es\/wp-json\/wp\/v2\/media?parent=10289"}],"wp:term":[{"taxonomy":"category","embeddable":true,"href":"https:\/\/www.padreeustaquio.com.br\/es\/wp-json\/wp\/v2\/categories?post=10289"},{"taxonomy":"post_tag","embeddable":true,"href":"https:\/\/www.padreeustaquio.com.br\/es\/wp-json\/wp\/v2\/tags?post=10289"}],"curies":[{"name":"wp","href":"https:\/\/api.w.org\/{rel}","templated":true}]}}