{"id":10282,"date":"2023-04-24T06:24:00","date_gmt":"2023-04-24T09:24:00","guid":{"rendered":"https:\/\/www.padreeustaquio.com.br\/?p=10282"},"modified":"2023-04-24T04:31:14","modified_gmt":"2023-04-24T07:31:14","slug":"beatificacion-de-martires-en-francia-incluye-participacion-de-brasilenos","status":"publish","type":"post","link":"https:\/\/www.padreeustaquio.com.br\/es\/beatificacion-de-martires-en-francia-incluye-participacion-de-brasilenos\/","title":{"rendered":"Beatificaci\u00f3n de los M\u00e1rtires en Francia incluye participaci\u00f3n de brasile\u00f1os."},"content":{"rendered":"<p>La Beatificaci\u00f3n de los M\u00e1rtires de la Congregaci\u00f3n de los Sagrados Corazones, celebrada el pasado fin de semana (s\u00e1bado 22 de abril) en la Iglesia de San Sulpicio en Francia, cont\u00f3 con la presencia de 26 brasile\u00f1os, entre ellos tres sacerdotes y un hermano de la Congregaci\u00f3n residentes en Brasil.<\/p>\n\n\n\n<p>La ceremonia fue presidida por el Cardenal Marcello Semeraro, Prefecto de la Congregaci\u00f3n para las Causas de los Santos, enviado por el Papa Francisco. En una entrevista exclusiva con el Canal Padre Eust\u00e1quio, el Cardenal declar\u00f3 que... <em>\u201cCada vez que celebramos una causa de martirio, se hace a\u00fan m\u00e1s fuerte la invitaci\u00f3n a dar testimonio de nuestra fe, y esta es tambi\u00e9n una petici\u00f3n del Papa Francisco: que seamos ejemplos fecundos para nuestra Iglesia\u201d.\u201d<\/em><\/p>\n\n\n<div class=\"wp-block-image\">\n<figure class=\"alignleft size-medium is-resized\"><img fetchpriority=\"high\" decoding=\"async\" src=\"https:\/\/www.padreeustaquio.com.br\/wp-content\/uploads\/2023\/04\/Padres-beatif.-franca-Marcelo-Silveira-300x225.jpeg\" alt=\"\" class=\"wp-image-10286\" width=\"338\" height=\"254\" srcset=\"https:\/\/www.padreeustaquio.com.br\/wp-content\/uploads\/2023\/04\/Padres-beatif.-franca-Marcelo-Silveira-300x225.jpeg 300w, https:\/\/www.padreeustaquio.com.br\/wp-content\/uploads\/2023\/04\/Padres-beatif.-franca-Marcelo-Silveira-1024x768.jpeg 1024w, https:\/\/www.padreeustaquio.com.br\/wp-content\/uploads\/2023\/04\/Padres-beatif.-franca-Marcelo-Silveira-768x576.jpeg 768w, https:\/\/www.padreeustaquio.com.br\/wp-content\/uploads\/2023\/04\/Padres-beatif.-franca-Marcelo-Silveira-1536x1152.jpeg 1536w, https:\/\/www.padreeustaquio.com.br\/wp-content\/uploads\/2023\/04\/Padres-beatif.-franca-Marcelo-Silveira-180x135.jpeg 180w, https:\/\/www.padreeustaquio.com.br\/wp-content\/uploads\/2023\/04\/Padres-beatif.-franca-Marcelo-Silveira-400x300.jpeg 400w, https:\/\/www.padreeustaquio.com.br\/wp-content\/uploads\/2023\/04\/Padres-beatif.-franca-Marcelo-Silveira-600x450.jpeg 600w, https:\/\/www.padreeustaquio.com.br\/wp-content\/uploads\/2023\/04\/Padres-beatif.-franca-Marcelo-Silveira-800x600.jpeg 800w, https:\/\/www.padreeustaquio.com.br\/wp-content\/uploads\/2023\/04\/Padres-beatif.-franca-Marcelo-Silveira-1200x900.jpeg 1200w, https:\/\/www.padreeustaquio.com.br\/wp-content\/uploads\/2023\/04\/Padres-beatif.-franca-Marcelo-Silveira.jpeg 1600w\" sizes=\"(max-width: 338px) 100vw, 338px\" \/><figcaption class=\"wp-element-caption\">Sacerdotes brasile\u00f1os durante la celebraci\u00f3n<\/figcaption><\/figure>\n<\/div>\n\n\n<p>En representaci\u00f3n de la Congregaci\u00f3n en Brasil, participaron en la celebraci\u00f3n en la Iglesia de San Sulpicio: el Provincial de Brasil y la regi\u00f3n de Paraguay, P. Osv\u00e2nio Mariano, SSCC; el Rector del Santuario de la Salud y la Paz de Belo Horizonte y Vicepostulador de la Causa de Canonizaci\u00f3n del P. Eust\u00e1quio, P. Vinicius Maciel, SSCC; el formador de la Congregaci\u00f3n en Brasil, P. Edvaldo Carneiro, SSCC; y el Hermano Antoniel Silva, SSCC.<\/p>\n\n\n\n<p>Adem\u00e1s de las figuras religiosas, otros 22 brasile\u00f1os, de Belo Horizonte y Patroc\u00ednio-MG, participaron en la ceremonia. M\u00e1s de mil personas estuvieron presentes en la iglesia, y miles m\u00e1s la siguieron a trav\u00e9s de los canales de televisi\u00f3n locales. La beatificaci\u00f3n tambi\u00e9n se transmiti\u00f3 por el Canal Padre Eust\u00e1quio.<a href=\"https:\/\/www.youtube.com\/watch?v=ZVQhLPU5xgE\" target=\"_blank\" rel=\"noreferrer noopener\">MIRA AQU\u00cd<\/a>).<\/p>\n\n\n<div class=\"wp-block-image\">\n<figure class=\"alignright size-medium\"><img decoding=\"async\" width=\"225\" height=\"300\" src=\"https:\/\/www.padreeustaquio.com.br\/wp-content\/uploads\/2023\/04\/reliquias-franca-Marcelo-Silveira-225x300.jpeg\" alt=\"\" class=\"wp-image-10287\" srcset=\"https:\/\/www.padreeustaquio.com.br\/wp-content\/uploads\/2023\/04\/reliquias-franca-Marcelo-Silveira-225x300.jpeg 225w, https:\/\/www.padreeustaquio.com.br\/wp-content\/uploads\/2023\/04\/reliquias-franca-Marcelo-Silveira-768x1024.jpeg 768w, https:\/\/www.padreeustaquio.com.br\/wp-content\/uploads\/2023\/04\/reliquias-franca-Marcelo-Silveira-1152x1536.jpeg 1152w, https:\/\/www.padreeustaquio.com.br\/wp-content\/uploads\/2023\/04\/reliquias-franca-Marcelo-Silveira.jpeg 1200w\" sizes=\"(max-width: 225px) 100vw, 225px\" \/><figcaption class=\"wp-element-caption\">Reliquias de los cinco m\u00e1rtires<\/figcaption><\/figure>\n<\/div>\n\n\n<p>El rito de beatificaci\u00f3n, que siempre se realiza al inicio de la celebraci\u00f3n eucar\u00edstica, comenz\u00f3 con la lectura por el cardenal Semeraro de la carta apost\u00f3lica del papa Francisco, en la que decreta la beatificaci\u00f3n de los cinco sacerdotes: el padre Henri Planchat (vicentino), el padre Ladislas Radigue, SSCC, el padre Polycarpe Tuffier, SSCC, el padre Jean-Marie Rouchouze, SSCC y el padre Fr\u00e9zal Tardieu, SSCC. En un pasaje de la carta, el papa afirma: <em>\u201cTodos reunidos en el testimonio de la fe, hasta el derramamiento de sangre\u201d, podr\u00e1n \u201cser llamados bienaventurados en el futuro\u201d.<\/em><\/p>\n\n\n\n<p>Los cinco sacerdotes fueron ejecutados por un pelot\u00f3n de fusilamiento el 26 de mayo de 1871, durante la &quot;Semana Sangrienta&quot; de la Comuna de Par\u00eds, y murieron defendiendo la fe cristiana.<\/p>\n\n\n\n<p><\/p>","protected":false},"excerpt":{"rendered":"<p>A Beatifica\u00e7\u00e3o dos M\u00e1rtires da Congrega\u00e7\u00e3o dos Sagrados Cora\u00e7\u00f5es, realizada, nesse fim de semana (s\u00e1bado 22\/04) na Igreja de Saint Sulpice, na Fran\u00e7a, contou com a presen\u00e7a de 26 brasileiros, dentre eles tr\u00eas padres e um irm\u00e3o da Congrega\u00e7\u00e3o que vivem no Brasil. A cerim\u00f4nia foi presidida pelo Cardeal D. Marcello Semeraro, prefeito da Congrega\u00e7\u00e3o para a Causa dos Santos, enviado pelo Papa Francisco. Em entrevista exclusiva ao Canal Padre Eust\u00e1quio, o Cardeal disse que &#8220;sempre que celebramos uma causa de mart\u00edrio, o convite para que testemunhemos nossa f\u00e9 se torna ainda mais forte e este tamb\u00e9m \u00e9 um pedido [&hellip;]<\/p>\n","protected":false},"author":2,"featured_media":10285,"comment_status":"open","ping_status":"closed","sticky":false,"template":"","format":"standard","meta":{"_acf_changed":false,"footnotes":""},"categories":[611],"tags":[],"class_list":["post-10282","post","type-post","status-publish","format-standard","has-post-thumbnail","hentry","category-noticias"],"acf":[],"yoast_head":"<!-- This site is optimized with the Yoast SEO plugin v27.2 - https:\/\/yoast.com\/product\/yoast-seo-wordpress\/ -->\n<title>Beatifica\u00e7\u00e3o dos M\u00e1rtires na Fran\u00e7a tem participa\u00e7\u00e3o de brasileiros<\/title>\n<meta name=\"description\" content=\"A Beatifica\u00e7\u00e3o dos M\u00e1rtires da Congrega\u00e7\u00e3o dos Sagrados Cora\u00e7\u00f5es, realizada, nesse fim de semana (s\u00e1bado 22\/04) na Igreja de Saint Sulpice, na Fran\u00e7a, contou com a presen\u00e7a de 26 brasileiros, dentre eles tr\u00eas padres e um irm\u00e3o da Congrega\u00e7\u00e3o que vivem no Brasil.\" \/>\n<meta name=\"robots\" content=\"index, follow, max-snippet:-1, max-image-preview:large, max-video-preview:-1\" \/>\n<link rel=\"canonical\" href=\"https:\/\/www.padreeustaquio.com.br\/es\/beatificacion-de-martires-en-francia-incluye-participacion-de-brasilenos\/\" \/>\n<meta property=\"og:locale\" content=\"es_ES\" \/>\n<meta property=\"og:type\" content=\"article\" \/>\n<meta property=\"og:title\" content=\"Beatifica\u00e7\u00e3o dos M\u00e1rtires na Fran\u00e7a tem participa\u00e7\u00e3o de brasileiros\" \/>\n<meta property=\"og:description\" content=\"A Beatifica\u00e7\u00e3o dos M\u00e1rtires da Congrega\u00e7\u00e3o dos Sagrados Cora\u00e7\u00f5es, realizada, nesse fim de semana (s\u00e1bado 22\/04) na Igreja de Saint Sulpice, na Fran\u00e7a, contou com a presen\u00e7a de 26 brasileiros, dentre eles tr\u00eas padres e um irm\u00e3o da Congrega\u00e7\u00e3o que vivem no Brasil.\" \/>\n<meta property=\"og:url\" content=\"https:\/\/www.padreeustaquio.com.br\/es\/beatificacion-de-martires-en-francia-incluye-participacion-de-brasilenos\/\" \/>\n<meta property=\"og:site_name\" content=\"Padre Eust\u00e1quio\" \/>\n<meta property=\"article:publisher\" content=\"https:\/\/www.facebook.com\/beatopadreeustaquio\/\" \/>\n<meta property=\"article:published_time\" content=\"2023-04-24T09:24:00+00:00\" \/>\n<meta property=\"og:image\" content=\"https:\/\/www.padreeustaquio.com.br\/wp-content\/uploads\/2023\/04\/Beatificacao-Franca-Marcelo-Silveira.jpeg\" \/>\n\t<meta property=\"og:image:width\" content=\"1600\" \/>\n\t<meta property=\"og:image:height\" content=\"900\" \/>\n\t<meta property=\"og:image:type\" content=\"image\/jpeg\" \/>\n<meta name=\"author\" content=\"@sscc\" \/>\n<meta name=\"twitter:card\" content=\"summary_large_image\" \/>\n<meta name=\"twitter:creator\" content=\"@beatopeustaquio\" \/>\n<meta name=\"twitter:site\" content=\"@beatopeustaquio\" \/>\n<meta name=\"twitter:label1\" content=\"Escrito por\" \/>\n\t<meta name=\"twitter:data1\" content=\"@sscc\" \/>\n\t<meta name=\"twitter:label2\" content=\"Tiempo de lectura\" \/>\n\t<meta name=\"twitter:data2\" content=\"3 minutos\" \/>\n<script type=\"application\/ld+json\" class=\"yoast-schema-graph\">{\"@context\":\"https:\/\/schema.org\",\"@graph\":[{\"@type\":\"Article\",\"@id\":\"https:\/\/www.padreeustaquio.com.br\/beatificacao-dos-martires-na-franca-tem-participacao-de-brasileiros\/#article\",\"isPartOf\":{\"@id\":\"https:\/\/www.padreeustaquio.com.br\/beatificacao-dos-martires-na-franca-tem-participacao-de-brasileiros\/\"},\"author\":{\"name\":\"@sscc\",\"@id\":\"https:\/\/www.padreeustaquio.com.br\/#\/schema\/person\/a2a51db1d00f1a7af0204a0f1ddb1566\"},\"headline\":\"Beatifica\u00e7\u00e3o dos M\u00e1rtires na Fran\u00e7a tem participa\u00e7\u00e3o de brasileiros\",\"datePublished\":\"2023-04-24T09:24:00+00:00\",\"mainEntityOfPage\":{\"@id\":\"https:\/\/www.padreeustaquio.com.br\/beatificacao-dos-martires-na-franca-tem-participacao-de-brasileiros\/\"},\"wordCount\":381,\"commentCount\":0,\"publisher\":{\"@id\":\"https:\/\/www.padreeustaquio.com.br\/#organization\"},\"image\":{\"@id\":\"https:\/\/www.padreeustaquio.com.br\/beatificacao-dos-martires-na-franca-tem-participacao-de-brasileiros\/#primaryimage\"},\"thumbnailUrl\":\"https:\/\/www.padreeustaquio.com.br\/wp-content\/uploads\/2023\/04\/Beatificacao-Franca-Marcelo-Silveira.jpeg\",\"articleSection\":[\"Not\u00edcias\"],\"inLanguage\":\"es\",\"potentialAction\":[{\"@type\":\"CommentAction\",\"name\":\"Comment\",\"target\":[\"https:\/\/www.padreeustaquio.com.br\/beatificacao-dos-martires-na-franca-tem-participacao-de-brasileiros\/#respond\"]}]},{\"@type\":\"WebPage\",\"@id\":\"https:\/\/www.padreeustaquio.com.br\/beatificacao-dos-martires-na-franca-tem-participacao-de-brasileiros\/\",\"url\":\"https:\/\/www.padreeustaquio.com.br\/beatificacao-dos-martires-na-franca-tem-participacao-de-brasileiros\/\",\"name\":\"Beatifica\u00e7\u00e3o dos M\u00e1rtires na Fran\u00e7a tem participa\u00e7\u00e3o de brasileiros\",\"isPartOf\":{\"@id\":\"https:\/\/www.padreeustaquio.com.br\/#website\"},\"primaryImageOfPage\":{\"@id\":\"https:\/\/www.padreeustaquio.com.br\/beatificacao-dos-martires-na-franca-tem-participacao-de-brasileiros\/#primaryimage\"},\"image\":{\"@id\":\"https:\/\/www.padreeustaquio.com.br\/beatificacao-dos-martires-na-franca-tem-participacao-de-brasileiros\/#primaryimage\"},\"thumbnailUrl\":\"https:\/\/www.padreeustaquio.com.br\/wp-content\/uploads\/2023\/04\/Beatificacao-Franca-Marcelo-Silveira.jpeg\",\"datePublished\":\"2023-04-24T09:24:00+00:00\",\"description\":\"A Beatifica\u00e7\u00e3o dos M\u00e1rtires da Congrega\u00e7\u00e3o dos Sagrados Cora\u00e7\u00f5es, realizada, nesse fim de semana (s\u00e1bado 22\/04) na Igreja de Saint Sulpice, na Fran\u00e7a, contou com a presen\u00e7a de 26 brasileiros, dentre eles tr\u00eas padres e um irm\u00e3o da Congrega\u00e7\u00e3o que vivem no Brasil.\",\"breadcrumb\":{\"@id\":\"https:\/\/www.padreeustaquio.com.br\/beatificacao-dos-martires-na-franca-tem-participacao-de-brasileiros\/#breadcrumb\"},\"inLanguage\":\"es\",\"potentialAction\":[{\"@type\":\"ReadAction\",\"target\":[\"https:\/\/www.padreeustaquio.com.br\/beatificacao-dos-martires-na-franca-tem-participacao-de-brasileiros\/\"]}]},{\"@type\":\"ImageObject\",\"inLanguage\":\"es\",\"@id\":\"https:\/\/www.padreeustaquio.com.br\/beatificacao-dos-martires-na-franca-tem-participacao-de-brasileiros\/#primaryimage\",\"url\":\"https:\/\/www.padreeustaquio.com.br\/wp-content\/uploads\/2023\/04\/Beatificacao-Franca-Marcelo-Silveira.jpeg\",\"contentUrl\":\"https:\/\/www.padreeustaquio.com.br\/wp-content\/uploads\/2023\/04\/Beatificacao-Franca-Marcelo-Silveira.jpeg\",\"width\":1600,\"height\":900,\"caption\":\"Foto: Marcelo Silveira\"},{\"@type\":\"BreadcrumbList\",\"@id\":\"https:\/\/www.padreeustaquio.com.br\/beatificacao-dos-martires-na-franca-tem-participacao-de-brasileiros\/#breadcrumb\",\"itemListElement\":[{\"@type\":\"ListItem\",\"position\":1,\"name\":\"In\u00edcio\",\"item\":\"https:\/\/www.padreeustaquio.com.br\/\"},{\"@type\":\"ListItem\",\"position\":2,\"name\":\"Beatifica\u00e7\u00e3o dos M\u00e1rtires na Fran\u00e7a tem participa\u00e7\u00e3o de brasileiros\"}]},{\"@type\":\"WebSite\",\"@id\":\"https:\/\/www.padreeustaquio.com.br\/#website\",\"url\":\"https:\/\/www.padreeustaquio.com.br\/\",\"name\":\"Padre Eust\u00e1quio\",\"description\":\"Sa\u00fade e Paz\",\"publisher\":{\"@id\":\"https:\/\/www.padreeustaquio.com.br\/#organization\"},\"potentialAction\":[{\"@type\":\"SearchAction\",\"target\":{\"@type\":\"EntryPoint\",\"urlTemplate\":\"https:\/\/www.padreeustaquio.com.br\/?s={search_term_string}\"},\"query-input\":{\"@type\":\"PropertyValueSpecification\",\"valueRequired\":true,\"valueName\":\"search_term_string\"}}],\"inLanguage\":\"es\"},{\"@type\":\"Organization\",\"@id\":\"https:\/\/www.padreeustaquio.com.br\/#organization\",\"name\":\"Padre Eust\u00e1quio\",\"url\":\"https:\/\/www.padreeustaquio.com.br\/\",\"logo\":{\"@type\":\"ImageObject\",\"inLanguage\":\"es\",\"@id\":\"https:\/\/www.padreeustaquio.com.br\/#\/schema\/logo\/image\/\",\"url\":\"https:\/\/www.padreeustaquio.com.br\/wp-content\/uploads\/2019\/08\/marca.png\",\"contentUrl\":\"https:\/\/www.padreeustaquio.com.br\/wp-content\/uploads\/2019\/08\/marca.png\",\"width\":350,\"height\":400,\"caption\":\"Padre Eust\u00e1quio\"},\"image\":{\"@id\":\"https:\/\/www.padreeustaquio.com.br\/#\/schema\/logo\/image\/\"},\"sameAs\":[\"https:\/\/www.facebook.com\/beatopadreeustaquio\/\",\"https:\/\/x.com\/beatopeustaquio\",\"https:\/\/www.instagram.com\/beatopadreeustaquio\/\",\"https:\/\/www.youtube.com\/channel\/UCRhw7vfabnajwLxb1ZXMeIw\"]},{\"@type\":\"Person\",\"@id\":\"https:\/\/www.padreeustaquio.com.br\/#\/schema\/person\/a2a51db1d00f1a7af0204a0f1ddb1566\",\"name\":\"@sscc\",\"image\":{\"@type\":\"ImageObject\",\"inLanguage\":\"es\",\"@id\":\"https:\/\/secure.gravatar.com\/avatar\/68cfafa5f44617fea54071e215026e0ff06be366c3d54a8425f04fdcb86f8c5f?s=96&d=mm&r=g\",\"url\":\"https:\/\/secure.gravatar.com\/avatar\/68cfafa5f44617fea54071e215026e0ff06be366c3d54a8425f04fdcb86f8c5f?s=96&d=mm&r=g\",\"contentUrl\":\"https:\/\/secure.gravatar.com\/avatar\/68cfafa5f44617fea54071e215026e0ff06be366c3d54a8425f04fdcb86f8c5f?s=96&d=mm&r=g\",\"caption\":\"@sscc\"},\"url\":\"https:\/\/www.padreeustaquio.com.br\/es\/author\/sscc\/\"}]}<\/script>\n<!-- \/ Yoast SEO plugin. -->","yoast_head_json":{"title":"Beatificaci\u00f3n de los M\u00e1rtires en Francia incluye participaci\u00f3n de brasile\u00f1os.","description":"La Beatificaci\u00f3n de los M\u00e1rtires de la Congregaci\u00f3n de los Sagrados Corazones, celebrada el pasado fin de semana (s\u00e1bado 22 de abril) en la Iglesia de San Sulpicio en Francia, cont\u00f3 con la presencia de 26 brasile\u00f1os, entre ellos tres sacerdotes y un hermano de la Congregaci\u00f3n residentes en Brasil.","robots":{"index":"index","follow":"follow","max-snippet":"max-snippet:-1","max-image-preview":"max-image-preview:large","max-video-preview":"max-video-preview:-1"},"canonical":"https:\/\/www.padreeustaquio.com.br\/es\/beatificacion-de-martires-en-francia-incluye-participacion-de-brasilenos\/","og_locale":"es_ES","og_type":"article","og_title":"Beatifica\u00e7\u00e3o dos M\u00e1rtires na Fran\u00e7a tem participa\u00e7\u00e3o de brasileiros","og_description":"A Beatifica\u00e7\u00e3o dos M\u00e1rtires da Congrega\u00e7\u00e3o dos Sagrados Cora\u00e7\u00f5es, realizada, nesse fim de semana (s\u00e1bado 22\/04) na Igreja de Saint Sulpice, na Fran\u00e7a, contou com a presen\u00e7a de 26 brasileiros, dentre eles tr\u00eas padres e um irm\u00e3o da Congrega\u00e7\u00e3o que vivem no Brasil.","og_url":"https:\/\/www.padreeustaquio.com.br\/es\/beatificacion-de-martires-en-francia-incluye-participacion-de-brasilenos\/","og_site_name":"Padre Eust\u00e1quio","article_publisher":"https:\/\/www.facebook.com\/beatopadreeustaquio\/","article_published_time":"2023-04-24T09:24:00+00:00","og_image":[{"width":1600,"height":900,"url":"https:\/\/www.padreeustaquio.com.br\/wp-content\/uploads\/2023\/04\/Beatificacao-Franca-Marcelo-Silveira.jpeg","type":"image\/jpeg"}],"author":"@sscc","twitter_card":"summary_large_image","twitter_creator":"@beatopeustaquio","twitter_site":"@beatopeustaquio","twitter_misc":{"Escrito por":"@sscc","Tiempo de lectura":"3 minutos"},"schema":{"@context":"https:\/\/schema.org","@graph":[{"@type":"Article","@id":"https:\/\/www.padreeustaquio.com.br\/beatificacao-dos-martires-na-franca-tem-participacao-de-brasileiros\/#article","isPartOf":{"@id":"https:\/\/www.padreeustaquio.com.br\/beatificacao-dos-martires-na-franca-tem-participacao-de-brasileiros\/"},"author":{"name":"@sscc","@id":"https:\/\/www.padreeustaquio.com.br\/#\/schema\/person\/a2a51db1d00f1a7af0204a0f1ddb1566"},"headline":"Beatifica\u00e7\u00e3o dos M\u00e1rtires na Fran\u00e7a tem participa\u00e7\u00e3o de brasileiros","datePublished":"2023-04-24T09:24:00+00:00","mainEntityOfPage":{"@id":"https:\/\/www.padreeustaquio.com.br\/beatificacao-dos-martires-na-franca-tem-participacao-de-brasileiros\/"},"wordCount":381,"commentCount":0,"publisher":{"@id":"https:\/\/www.padreeustaquio.com.br\/#organization"},"image":{"@id":"https:\/\/www.padreeustaquio.com.br\/beatificacao-dos-martires-na-franca-tem-participacao-de-brasileiros\/#primaryimage"},"thumbnailUrl":"https:\/\/www.padreeustaquio.com.br\/wp-content\/uploads\/2023\/04\/Beatificacao-Franca-Marcelo-Silveira.jpeg","articleSection":["Not\u00edcias"],"inLanguage":"es","potentialAction":[{"@type":"CommentAction","name":"Comment","target":["https:\/\/www.padreeustaquio.com.br\/beatificacao-dos-martires-na-franca-tem-participacao-de-brasileiros\/#respond"]}]},{"@type":"WebPage","@id":"https:\/\/www.padreeustaquio.com.br\/beatificacao-dos-martires-na-franca-tem-participacao-de-brasileiros\/","url":"https:\/\/www.padreeustaquio.com.br\/beatificacao-dos-martires-na-franca-tem-participacao-de-brasileiros\/","name":"Beatificaci\u00f3n de los M\u00e1rtires en Francia incluye participaci\u00f3n de brasile\u00f1os.","isPartOf":{"@id":"https:\/\/www.padreeustaquio.com.br\/#website"},"primaryImageOfPage":{"@id":"https:\/\/www.padreeustaquio.com.br\/beatificacao-dos-martires-na-franca-tem-participacao-de-brasileiros\/#primaryimage"},"image":{"@id":"https:\/\/www.padreeustaquio.com.br\/beatificacao-dos-martires-na-franca-tem-participacao-de-brasileiros\/#primaryimage"},"thumbnailUrl":"https:\/\/www.padreeustaquio.com.br\/wp-content\/uploads\/2023\/04\/Beatificacao-Franca-Marcelo-Silveira.jpeg","datePublished":"2023-04-24T09:24:00+00:00","description":"La Beatificaci\u00f3n de los M\u00e1rtires de la Congregaci\u00f3n de los Sagrados Corazones, celebrada el pasado fin de semana (s\u00e1bado 22 de abril) en la Iglesia de San Sulpicio en Francia, cont\u00f3 con la presencia de 26 brasile\u00f1os, entre ellos tres sacerdotes y un hermano de la Congregaci\u00f3n residentes en Brasil.","breadcrumb":{"@id":"https:\/\/www.padreeustaquio.com.br\/beatificacao-dos-martires-na-franca-tem-participacao-de-brasileiros\/#breadcrumb"},"inLanguage":"es","potentialAction":[{"@type":"ReadAction","target":["https:\/\/www.padreeustaquio.com.br\/beatificacao-dos-martires-na-franca-tem-participacao-de-brasileiros\/"]}]},{"@type":"ImageObject","inLanguage":"es","@id":"https:\/\/www.padreeustaquio.com.br\/beatificacao-dos-martires-na-franca-tem-participacao-de-brasileiros\/#primaryimage","url":"https:\/\/www.padreeustaquio.com.br\/wp-content\/uploads\/2023\/04\/Beatificacao-Franca-Marcelo-Silveira.jpeg","contentUrl":"https:\/\/www.padreeustaquio.com.br\/wp-content\/uploads\/2023\/04\/Beatificacao-Franca-Marcelo-Silveira.jpeg","width":1600,"height":900,"caption":"Foto: Marcelo Silveira"},{"@type":"BreadcrumbList","@id":"https:\/\/www.padreeustaquio.com.br\/beatificacao-dos-martires-na-franca-tem-participacao-de-brasileiros\/#breadcrumb","itemListElement":[{"@type":"ListItem","position":1,"name":"In\u00edcio","item":"https:\/\/www.padreeustaquio.com.br\/"},{"@type":"ListItem","position":2,"name":"Beatifica\u00e7\u00e3o dos M\u00e1rtires na Fran\u00e7a tem participa\u00e7\u00e3o de brasileiros"}]},{"@type":"WebSite","@id":"https:\/\/www.padreeustaquio.com.br\/#website","url":"https:\/\/www.padreeustaquio.com.br\/","name":"Padre Eustace","description":"Salud y Paz","publisher":{"@id":"https:\/\/www.padreeustaquio.com.br\/#organization"},"potentialAction":[{"@type":"SearchAction","target":{"@type":"EntryPoint","urlTemplate":"https:\/\/www.padreeustaquio.com.br\/?s={search_term_string}"},"query-input":{"@type":"PropertyValueSpecification","valueRequired":true,"valueName":"search_term_string"}}],"inLanguage":"es"},{"@type":"Organization","@id":"https:\/\/www.padreeustaquio.com.br\/#organization","name":"Padre Eustace","url":"https:\/\/www.padreeustaquio.com.br\/","logo":{"@type":"ImageObject","inLanguage":"es","@id":"https:\/\/www.padreeustaquio.com.br\/#\/schema\/logo\/image\/","url":"https:\/\/www.padreeustaquio.com.br\/wp-content\/uploads\/2019\/08\/marca.png","contentUrl":"https:\/\/www.padreeustaquio.com.br\/wp-content\/uploads\/2019\/08\/marca.png","width":350,"height":400,"caption":"Padre Eust\u00e1quio"},"image":{"@id":"https:\/\/www.padreeustaquio.com.br\/#\/schema\/logo\/image\/"},"sameAs":["https:\/\/www.facebook.com\/beatopadreeustaquio\/","https:\/\/x.com\/beatopeustaquio","https:\/\/www.instagram.com\/beatopadreeustaquio\/","https:\/\/www.youtube.com\/channel\/UCRhw7vfabnajwLxb1ZXMeIw"]},{"@type":"Person","@id":"https:\/\/www.padreeustaquio.com.br\/#\/schema\/person\/a2a51db1d00f1a7af0204a0f1ddb1566","name":"@sscc","image":{"@type":"ImageObject","inLanguage":"es","@id":"https:\/\/secure.gravatar.com\/avatar\/68cfafa5f44617fea54071e215026e0ff06be366c3d54a8425f04fdcb86f8c5f?s=96&d=mm&r=g","url":"https:\/\/secure.gravatar.com\/avatar\/68cfafa5f44617fea54071e215026e0ff06be366c3d54a8425f04fdcb86f8c5f?s=96&d=mm&r=g","contentUrl":"https:\/\/secure.gravatar.com\/avatar\/68cfafa5f44617fea54071e215026e0ff06be366c3d54a8425f04fdcb86f8c5f?s=96&d=mm&r=g","caption":"@sscc"},"url":"https:\/\/www.padreeustaquio.com.br\/es\/author\/sscc\/"}]}},"_links":{"self":[{"href":"https:\/\/www.padreeustaquio.com.br\/es\/wp-json\/wp\/v2\/posts\/10282","targetHints":{"allow":["GET"]}}],"collection":[{"href":"https:\/\/www.padreeustaquio.com.br\/es\/wp-json\/wp\/v2\/posts"}],"about":[{"href":"https:\/\/www.padreeustaquio.com.br\/es\/wp-json\/wp\/v2\/types\/post"}],"author":[{"embeddable":true,"href":"https:\/\/www.padreeustaquio.com.br\/es\/wp-json\/wp\/v2\/users\/2"}],"replies":[{"embeddable":true,"href":"https:\/\/www.padreeustaquio.com.br\/es\/wp-json\/wp\/v2\/comments?post=10282"}],"version-history":[{"count":0,"href":"https:\/\/www.padreeustaquio.com.br\/es\/wp-json\/wp\/v2\/posts\/10282\/revisions"}],"wp:featuredmedia":[{"embeddable":true,"href":"https:\/\/www.padreeustaquio.com.br\/es\/wp-json\/wp\/v2\/media\/10285"}],"wp:attachment":[{"href":"https:\/\/www.padreeustaquio.com.br\/es\/wp-json\/wp\/v2\/media?parent=10282"}],"wp:term":[{"taxonomy":"category","embeddable":true,"href":"https:\/\/www.padreeustaquio.com.br\/es\/wp-json\/wp\/v2\/categories?post=10282"},{"taxonomy":"post_tag","embeddable":true,"href":"https:\/\/www.padreeustaquio.com.br\/es\/wp-json\/wp\/v2\/tags?post=10282"}],"curies":[{"name":"wp","href":"https:\/\/api.w.org\/{rel}","templated":true}]}}