{"id":10257,"date":"2023-04-20T06:25:00","date_gmt":"2023-04-20T09:25:00","guid":{"rendered":"https:\/\/www.padreeustaquio.com.br\/?p=10257"},"modified":"2023-04-20T05:11:57","modified_gmt":"2023-04-20T08:11:57","slug":"peregrinos-brasilenos-llegan-a-europa-para-la-beatificacion-y-visitas-a-lugares-especiales","status":"publish","type":"post","link":"https:\/\/www.padreeustaquio.com.br\/es\/peregrinos-brasilenos-llegan-a-europa-para-la-beatificacion-y-visitas-a-lugares-especiales\/","title":{"rendered":"Peregrinos brasile\u00f1os llegan a Europa para la Beatificaci\u00f3n y visitas a lugares especiales."},"content":{"rendered":"<p>El grupo de 26 brasile\u00f1os lleg\u00f3 a Europa la ma\u00f1ana del mi\u00e9rcoles 19 de abril. El vuelo que transportaba a los peregrinos parti\u00f3 de Belo Horizonte a \u00faltima hora de la tarde del martes y lleg\u00f3 a Lisboa de madrugada.<\/p>\n\n\n\n<p>En Europa, los visitantes participar\u00e1n en la Beatificaci\u00f3n de los M\u00e1rtires de la Congregaci\u00f3n de los Sagrados Corazones en Par\u00eds. La ceremonia ser\u00e1 presidida por el Prefecto de la Congregaci\u00f3n para las Causas de los Santos, enviado por el Papa Francisco. La misa con el rito de beatificaci\u00f3n se celebrar\u00e1 en la Iglesia de San Sulpicio, la misma iglesia donde se rod\u00f3 la pel\u00edcula El C\u00f3digo Da Vinci.<\/p>\n\n\n<div class=\"wp-block-image\">\n<figure class=\"alignleft size-medium is-resized\"><img fetchpriority=\"high\" decoding=\"async\" src=\"https:\/\/www.padreeustaquio.com.br\/wp-content\/uploads\/2023\/04\/brasileiros-na-europa-1-300x225.jpeg\" alt=\"\" class=\"wp-image-10273\" width=\"383\" height=\"287\" srcset=\"https:\/\/www.padreeustaquio.com.br\/wp-content\/uploads\/2023\/04\/brasileiros-na-europa-1-300x225.jpeg 300w, https:\/\/www.padreeustaquio.com.br\/wp-content\/uploads\/2023\/04\/brasileiros-na-europa-1-1024x768.jpeg 1024w, https:\/\/www.padreeustaquio.com.br\/wp-content\/uploads\/2023\/04\/brasileiros-na-europa-1-768x576.jpeg 768w, https:\/\/www.padreeustaquio.com.br\/wp-content\/uploads\/2023\/04\/brasileiros-na-europa-1-1536x1152.jpeg 1536w, https:\/\/www.padreeustaquio.com.br\/wp-content\/uploads\/2023\/04\/brasileiros-na-europa-1-180x135.jpeg 180w, https:\/\/www.padreeustaquio.com.br\/wp-content\/uploads\/2023\/04\/brasileiros-na-europa-1-400x300.jpeg 400w, https:\/\/www.padreeustaquio.com.br\/wp-content\/uploads\/2023\/04\/brasileiros-na-europa-1-600x450.jpeg 600w, https:\/\/www.padreeustaquio.com.br\/wp-content\/uploads\/2023\/04\/brasileiros-na-europa-1-800x600.jpeg 800w, https:\/\/www.padreeustaquio.com.br\/wp-content\/uploads\/2023\/04\/brasileiros-na-europa-1-1200x900.jpeg 1200w, https:\/\/www.padreeustaquio.com.br\/wp-content\/uploads\/2023\/04\/brasileiros-na-europa-1.jpeg 1600w\" sizes=\"(max-width: 383px) 100vw, 383px\" \/><\/figure>\n<\/div>\n\n\n<p>En los pr\u00f3ximos d\u00edas, los peregrinos recorrer\u00e1n los Senderos del Padre Eustaquio, pasando por la sede de la Congregaci\u00f3n de los Sagrados Corazones en la Rue Picpus de Par\u00eds. La semana siguiente, el grupo visitar\u00e1 la casa natal del Padre Eustaquio y la iglesia donde fue bautizado en los Pa\u00edses Bajos. Los peregrinos tambi\u00e9n pasar\u00e1n por B\u00e9lgica, donde visitar\u00e1n el lugar donde estudi\u00f3 el beato y donde se encuentra la tumba de San Dami\u00e1n de Molokai.<\/p>\n\n\n\n<p>La asistencia religiosa para el recorrido estar\u00e1 a cargo del Padre Vinicius Maciel, SSCC, quien celebrar\u00e1 la misa en la tumba de San Dami\u00e1n y guiar\u00e1 a los peregrinos en un recorrido para conocer m\u00e1s sobre la historia del Padre Eustaquio. El recorrido concluir\u00e1 con una visita a Roma, el centro de la Iglesia Cat\u00f3lica en el mundo.<\/p>\n\n\n\n<p>Sigue el recorrido del grupo en las redes sociales y vive, aunque sea a distancia, un poco de cada uno de estos momentos.<\/p>\n\n\n\n<p><\/p>","protected":false},"excerpt":{"rendered":"<p>O grupo com 26 brasileiros chegou \u00e0 Europa na manh\u00e3 dessa quarta-feira, dia 19 de abril. O voo com os peregrinos saiu de Belo Horizonte no fim da tarde de ter\u00e7a e chegou a Lisboa no final da madrugada. Na Europa, os visitantes ir\u00e3o participar da Beatifica\u00e7\u00e3o dos M\u00e1rtires da Congrega\u00e7\u00e3o dos Sagrados Cora\u00e7\u00f5es, em Paris. A cerim\u00f4nia ser\u00e1 presidida pelo Prefeito da Congrega\u00e7\u00e3o para a Causa dos Santos, enviado pelo Papa Francisco. A missa com o rito da Beatifica\u00e7\u00e3o ser\u00e1 celebrada na Igreja de Saint Sulpice, a mesma onde foi gravado o filme: O C\u00f3digo da Vincci. Nos dias [&hellip;]<\/p>\n","protected":false},"author":2,"featured_media":10272,"comment_status":"open","ping_status":"closed","sticky":false,"template":"","format":"standard","meta":{"_acf_changed":false,"footnotes":""},"categories":[611],"tags":[],"class_list":["post-10257","post","type-post","status-publish","format-standard","has-post-thumbnail","hentry","category-noticias"],"acf":[],"yoast_head":"<!-- This site is optimized with the Yoast SEO plugin v27.2 - https:\/\/yoast.com\/product\/yoast-seo-wordpress\/ -->\n<title>Peregrinos brasileiros chegam \u00e0 Europa para Beatifica\u00e7\u00e3o e visitas a lugares especiais<\/title>\n<meta name=\"description\" content=\"O grupo com 26 brasileiros chegou \u00e0 Europa na manh\u00e3 dessa quarta-feira, dia 19 de abril. O voo com os peregrinos saiu de Belo Horizonte no fim da tarde de ter\u00e7a e chegou a Lisboa no final da madrugada.\" \/>\n<meta name=\"robots\" content=\"index, follow, max-snippet:-1, max-image-preview:large, max-video-preview:-1\" \/>\n<link rel=\"canonical\" href=\"https:\/\/www.padreeustaquio.com.br\/es\/peregrinos-brasilenos-llegan-a-europa-para-la-beatificacion-y-visitas-a-lugares-especiales\/\" \/>\n<meta property=\"og:locale\" content=\"es_ES\" \/>\n<meta property=\"og:type\" content=\"article\" \/>\n<meta property=\"og:title\" content=\"Peregrinos brasileiros chegam \u00e0 Europa para Beatifica\u00e7\u00e3o e visitas a lugares especiais\" \/>\n<meta property=\"og:description\" content=\"O grupo com 26 brasileiros chegou \u00e0 Europa na manh\u00e3 dessa quarta-feira, dia 19 de abril. O voo com os peregrinos saiu de Belo Horizonte no fim da tarde de ter\u00e7a e chegou a Lisboa no final da madrugada.\" \/>\n<meta property=\"og:url\" content=\"https:\/\/www.padreeustaquio.com.br\/es\/peregrinos-brasilenos-llegan-a-europa-para-la-beatificacion-y-visitas-a-lugares-especiales\/\" \/>\n<meta property=\"og:site_name\" content=\"Padre Eust\u00e1quio\" \/>\n<meta property=\"article:publisher\" content=\"https:\/\/www.facebook.com\/beatopadreeustaquio\/\" \/>\n<meta property=\"article:published_time\" content=\"2023-04-20T09:25:00+00:00\" \/>\n<meta property=\"og:image\" content=\"https:\/\/www.padreeustaquio.com.br\/wp-content\/uploads\/2023\/04\/Brasileiros-em-Lisboa.jpeg\" \/>\n\t<meta property=\"og:image:width\" content=\"1152\" \/>\n\t<meta property=\"og:image:height\" content=\"864\" \/>\n\t<meta property=\"og:image:type\" content=\"image\/jpeg\" \/>\n<meta name=\"author\" content=\"@sscc\" \/>\n<meta name=\"twitter:card\" content=\"summary_large_image\" \/>\n<meta name=\"twitter:creator\" content=\"@beatopeustaquio\" \/>\n<meta name=\"twitter:site\" content=\"@beatopeustaquio\" \/>\n<meta name=\"twitter:label1\" content=\"Escrito por\" \/>\n\t<meta name=\"twitter:data1\" content=\"@sscc\" \/>\n\t<meta name=\"twitter:label2\" content=\"Tiempo de lectura\" \/>\n\t<meta name=\"twitter:data2\" content=\"2 minutos\" \/>\n<script type=\"application\/ld+json\" class=\"yoast-schema-graph\">{\"@context\":\"https:\/\/schema.org\",\"@graph\":[{\"@type\":\"Article\",\"@id\":\"https:\/\/www.padreeustaquio.com.br\/peregrinos-brasileiros-chegam-a-europa-para-beatificacao-e-visitas-a-lugares-especiais\/#article\",\"isPartOf\":{\"@id\":\"https:\/\/www.padreeustaquio.com.br\/peregrinos-brasileiros-chegam-a-europa-para-beatificacao-e-visitas-a-lugares-especiais\/\"},\"author\":{\"name\":\"@sscc\",\"@id\":\"https:\/\/www.padreeustaquio.com.br\/#\/schema\/person\/a2a51db1d00f1a7af0204a0f1ddb1566\"},\"headline\":\"Peregrinos brasileiros chegam \u00e0 Europa para Beatifica\u00e7\u00e3o e visitas a lugares especiais\",\"datePublished\":\"2023-04-20T09:25:00+00:00\",\"mainEntityOfPage\":{\"@id\":\"https:\/\/www.padreeustaquio.com.br\/peregrinos-brasileiros-chegam-a-europa-para-beatificacao-e-visitas-a-lugares-especiais\/\"},\"wordCount\":286,\"commentCount\":0,\"publisher\":{\"@id\":\"https:\/\/www.padreeustaquio.com.br\/#organization\"},\"image\":{\"@id\":\"https:\/\/www.padreeustaquio.com.br\/peregrinos-brasileiros-chegam-a-europa-para-beatificacao-e-visitas-a-lugares-especiais\/#primaryimage\"},\"thumbnailUrl\":\"https:\/\/www.padreeustaquio.com.br\/wp-content\/uploads\/2023\/04\/Brasileiros-em-Lisboa.jpeg\",\"articleSection\":[\"Not\u00edcias\"],\"inLanguage\":\"es\",\"potentialAction\":[{\"@type\":\"CommentAction\",\"name\":\"Comment\",\"target\":[\"https:\/\/www.padreeustaquio.com.br\/peregrinos-brasileiros-chegam-a-europa-para-beatificacao-e-visitas-a-lugares-especiais\/#respond\"]}]},{\"@type\":\"WebPage\",\"@id\":\"https:\/\/www.padreeustaquio.com.br\/peregrinos-brasileiros-chegam-a-europa-para-beatificacao-e-visitas-a-lugares-especiais\/\",\"url\":\"https:\/\/www.padreeustaquio.com.br\/peregrinos-brasileiros-chegam-a-europa-para-beatificacao-e-visitas-a-lugares-especiais\/\",\"name\":\"Peregrinos brasileiros chegam \u00e0 Europa para Beatifica\u00e7\u00e3o e visitas a lugares especiais\",\"isPartOf\":{\"@id\":\"https:\/\/www.padreeustaquio.com.br\/#website\"},\"primaryImageOfPage\":{\"@id\":\"https:\/\/www.padreeustaquio.com.br\/peregrinos-brasileiros-chegam-a-europa-para-beatificacao-e-visitas-a-lugares-especiais\/#primaryimage\"},\"image\":{\"@id\":\"https:\/\/www.padreeustaquio.com.br\/peregrinos-brasileiros-chegam-a-europa-para-beatificacao-e-visitas-a-lugares-especiais\/#primaryimage\"},\"thumbnailUrl\":\"https:\/\/www.padreeustaquio.com.br\/wp-content\/uploads\/2023\/04\/Brasileiros-em-Lisboa.jpeg\",\"datePublished\":\"2023-04-20T09:25:00+00:00\",\"description\":\"O grupo com 26 brasileiros chegou \u00e0 Europa na manh\u00e3 dessa quarta-feira, dia 19 de abril. O voo com os peregrinos saiu de Belo Horizonte no fim da tarde de ter\u00e7a e chegou a Lisboa no final da madrugada.\",\"breadcrumb\":{\"@id\":\"https:\/\/www.padreeustaquio.com.br\/peregrinos-brasileiros-chegam-a-europa-para-beatificacao-e-visitas-a-lugares-especiais\/#breadcrumb\"},\"inLanguage\":\"es\",\"potentialAction\":[{\"@type\":\"ReadAction\",\"target\":[\"https:\/\/www.padreeustaquio.com.br\/peregrinos-brasileiros-chegam-a-europa-para-beatificacao-e-visitas-a-lugares-especiais\/\"]}]},{\"@type\":\"ImageObject\",\"inLanguage\":\"es\",\"@id\":\"https:\/\/www.padreeustaquio.com.br\/peregrinos-brasileiros-chegam-a-europa-para-beatificacao-e-visitas-a-lugares-especiais\/#primaryimage\",\"url\":\"https:\/\/www.padreeustaquio.com.br\/wp-content\/uploads\/2023\/04\/Brasileiros-em-Lisboa.jpeg\",\"contentUrl\":\"https:\/\/www.padreeustaquio.com.br\/wp-content\/uploads\/2023\/04\/Brasileiros-em-Lisboa.jpeg\",\"width\":1152,\"height\":864,\"caption\":\"Na manh\u00e3 desta quinta-feira, dia 20, eles visitaram a cidade de Lisboa, em Portugal\"},{\"@type\":\"BreadcrumbList\",\"@id\":\"https:\/\/www.padreeustaquio.com.br\/peregrinos-brasileiros-chegam-a-europa-para-beatificacao-e-visitas-a-lugares-especiais\/#breadcrumb\",\"itemListElement\":[{\"@type\":\"ListItem\",\"position\":1,\"name\":\"In\u00edcio\",\"item\":\"https:\/\/www.padreeustaquio.com.br\/\"},{\"@type\":\"ListItem\",\"position\":2,\"name\":\"Peregrinos brasileiros chegam \u00e0 Europa para Beatifica\u00e7\u00e3o e visitas a lugares especiais\"}]},{\"@type\":\"WebSite\",\"@id\":\"https:\/\/www.padreeustaquio.com.br\/#website\",\"url\":\"https:\/\/www.padreeustaquio.com.br\/\",\"name\":\"Padre Eust\u00e1quio\",\"description\":\"Sa\u00fade e Paz\",\"publisher\":{\"@id\":\"https:\/\/www.padreeustaquio.com.br\/#organization\"},\"potentialAction\":[{\"@type\":\"SearchAction\",\"target\":{\"@type\":\"EntryPoint\",\"urlTemplate\":\"https:\/\/www.padreeustaquio.com.br\/?s={search_term_string}\"},\"query-input\":{\"@type\":\"PropertyValueSpecification\",\"valueRequired\":true,\"valueName\":\"search_term_string\"}}],\"inLanguage\":\"es\"},{\"@type\":\"Organization\",\"@id\":\"https:\/\/www.padreeustaquio.com.br\/#organization\",\"name\":\"Padre Eust\u00e1quio\",\"url\":\"https:\/\/www.padreeustaquio.com.br\/\",\"logo\":{\"@type\":\"ImageObject\",\"inLanguage\":\"es\",\"@id\":\"https:\/\/www.padreeustaquio.com.br\/#\/schema\/logo\/image\/\",\"url\":\"https:\/\/www.padreeustaquio.com.br\/wp-content\/uploads\/2019\/08\/marca.png\",\"contentUrl\":\"https:\/\/www.padreeustaquio.com.br\/wp-content\/uploads\/2019\/08\/marca.png\",\"width\":350,\"height\":400,\"caption\":\"Padre Eust\u00e1quio\"},\"image\":{\"@id\":\"https:\/\/www.padreeustaquio.com.br\/#\/schema\/logo\/image\/\"},\"sameAs\":[\"https:\/\/www.facebook.com\/beatopadreeustaquio\/\",\"https:\/\/x.com\/beatopeustaquio\",\"https:\/\/www.instagram.com\/beatopadreeustaquio\/\",\"https:\/\/www.youtube.com\/channel\/UCRhw7vfabnajwLxb1ZXMeIw\"]},{\"@type\":\"Person\",\"@id\":\"https:\/\/www.padreeustaquio.com.br\/#\/schema\/person\/a2a51db1d00f1a7af0204a0f1ddb1566\",\"name\":\"@sscc\",\"image\":{\"@type\":\"ImageObject\",\"inLanguage\":\"es\",\"@id\":\"https:\/\/secure.gravatar.com\/avatar\/68cfafa5f44617fea54071e215026e0ff06be366c3d54a8425f04fdcb86f8c5f?s=96&d=mm&r=g\",\"url\":\"https:\/\/secure.gravatar.com\/avatar\/68cfafa5f44617fea54071e215026e0ff06be366c3d54a8425f04fdcb86f8c5f?s=96&d=mm&r=g\",\"contentUrl\":\"https:\/\/secure.gravatar.com\/avatar\/68cfafa5f44617fea54071e215026e0ff06be366c3d54a8425f04fdcb86f8c5f?s=96&d=mm&r=g\",\"caption\":\"@sscc\"},\"url\":\"https:\/\/www.padreeustaquio.com.br\/es\/author\/sscc\/\"}]}<\/script>\n<!-- \/ Yoast SEO plugin. -->","yoast_head_json":{"title":"Peregrinos brasile\u00f1os llegan a Europa para la Beatificaci\u00f3n y visitas a lugares especiales.","description":"El grupo de 26 brasile\u00f1os lleg\u00f3 a Europa la ma\u00f1ana del mi\u00e9rcoles 19 de abril. El vuelo que transportaba a los peregrinos parti\u00f3 de Belo Horizonte a \u00faltima hora de la tarde del martes y lleg\u00f3 a Lisboa de madrugada.","robots":{"index":"index","follow":"follow","max-snippet":"max-snippet:-1","max-image-preview":"max-image-preview:large","max-video-preview":"max-video-preview:-1"},"canonical":"https:\/\/www.padreeustaquio.com.br\/es\/peregrinos-brasilenos-llegan-a-europa-para-la-beatificacion-y-visitas-a-lugares-especiales\/","og_locale":"es_ES","og_type":"article","og_title":"Peregrinos brasileiros chegam \u00e0 Europa para Beatifica\u00e7\u00e3o e visitas a lugares especiais","og_description":"O grupo com 26 brasileiros chegou \u00e0 Europa na manh\u00e3 dessa quarta-feira, dia 19 de abril. O voo com os peregrinos saiu de Belo Horizonte no fim da tarde de ter\u00e7a e chegou a Lisboa no final da madrugada.","og_url":"https:\/\/www.padreeustaquio.com.br\/es\/peregrinos-brasilenos-llegan-a-europa-para-la-beatificacion-y-visitas-a-lugares-especiales\/","og_site_name":"Padre Eust\u00e1quio","article_publisher":"https:\/\/www.facebook.com\/beatopadreeustaquio\/","article_published_time":"2023-04-20T09:25:00+00:00","og_image":[{"width":1152,"height":864,"url":"https:\/\/www.padreeustaquio.com.br\/wp-content\/uploads\/2023\/04\/Brasileiros-em-Lisboa.jpeg","type":"image\/jpeg"}],"author":"@sscc","twitter_card":"summary_large_image","twitter_creator":"@beatopeustaquio","twitter_site":"@beatopeustaquio","twitter_misc":{"Escrito por":"@sscc","Tiempo de lectura":"2 minutos"},"schema":{"@context":"https:\/\/schema.org","@graph":[{"@type":"Article","@id":"https:\/\/www.padreeustaquio.com.br\/peregrinos-brasileiros-chegam-a-europa-para-beatificacao-e-visitas-a-lugares-especiais\/#article","isPartOf":{"@id":"https:\/\/www.padreeustaquio.com.br\/peregrinos-brasileiros-chegam-a-europa-para-beatificacao-e-visitas-a-lugares-especiais\/"},"author":{"name":"@sscc","@id":"https:\/\/www.padreeustaquio.com.br\/#\/schema\/person\/a2a51db1d00f1a7af0204a0f1ddb1566"},"headline":"Peregrinos brasileiros chegam \u00e0 Europa para Beatifica\u00e7\u00e3o e visitas a lugares especiais","datePublished":"2023-04-20T09:25:00+00:00","mainEntityOfPage":{"@id":"https:\/\/www.padreeustaquio.com.br\/peregrinos-brasileiros-chegam-a-europa-para-beatificacao-e-visitas-a-lugares-especiais\/"},"wordCount":286,"commentCount":0,"publisher":{"@id":"https:\/\/www.padreeustaquio.com.br\/#organization"},"image":{"@id":"https:\/\/www.padreeustaquio.com.br\/peregrinos-brasileiros-chegam-a-europa-para-beatificacao-e-visitas-a-lugares-especiais\/#primaryimage"},"thumbnailUrl":"https:\/\/www.padreeustaquio.com.br\/wp-content\/uploads\/2023\/04\/Brasileiros-em-Lisboa.jpeg","articleSection":["Not\u00edcias"],"inLanguage":"es","potentialAction":[{"@type":"CommentAction","name":"Comment","target":["https:\/\/www.padreeustaquio.com.br\/peregrinos-brasileiros-chegam-a-europa-para-beatificacao-e-visitas-a-lugares-especiais\/#respond"]}]},{"@type":"WebPage","@id":"https:\/\/www.padreeustaquio.com.br\/peregrinos-brasileiros-chegam-a-europa-para-beatificacao-e-visitas-a-lugares-especiais\/","url":"https:\/\/www.padreeustaquio.com.br\/peregrinos-brasileiros-chegam-a-europa-para-beatificacao-e-visitas-a-lugares-especiais\/","name":"Peregrinos brasile\u00f1os llegan a Europa para la Beatificaci\u00f3n y visitas a lugares especiales.","isPartOf":{"@id":"https:\/\/www.padreeustaquio.com.br\/#website"},"primaryImageOfPage":{"@id":"https:\/\/www.padreeustaquio.com.br\/peregrinos-brasileiros-chegam-a-europa-para-beatificacao-e-visitas-a-lugares-especiais\/#primaryimage"},"image":{"@id":"https:\/\/www.padreeustaquio.com.br\/peregrinos-brasileiros-chegam-a-europa-para-beatificacao-e-visitas-a-lugares-especiais\/#primaryimage"},"thumbnailUrl":"https:\/\/www.padreeustaquio.com.br\/wp-content\/uploads\/2023\/04\/Brasileiros-em-Lisboa.jpeg","datePublished":"2023-04-20T09:25:00+00:00","description":"El grupo de 26 brasile\u00f1os lleg\u00f3 a Europa la ma\u00f1ana del mi\u00e9rcoles 19 de abril. El vuelo que transportaba a los peregrinos parti\u00f3 de Belo Horizonte a \u00faltima hora de la tarde del martes y lleg\u00f3 a Lisboa de madrugada.","breadcrumb":{"@id":"https:\/\/www.padreeustaquio.com.br\/peregrinos-brasileiros-chegam-a-europa-para-beatificacao-e-visitas-a-lugares-especiais\/#breadcrumb"},"inLanguage":"es","potentialAction":[{"@type":"ReadAction","target":["https:\/\/www.padreeustaquio.com.br\/peregrinos-brasileiros-chegam-a-europa-para-beatificacao-e-visitas-a-lugares-especiais\/"]}]},{"@type":"ImageObject","inLanguage":"es","@id":"https:\/\/www.padreeustaquio.com.br\/peregrinos-brasileiros-chegam-a-europa-para-beatificacao-e-visitas-a-lugares-especiais\/#primaryimage","url":"https:\/\/www.padreeustaquio.com.br\/wp-content\/uploads\/2023\/04\/Brasileiros-em-Lisboa.jpeg","contentUrl":"https:\/\/www.padreeustaquio.com.br\/wp-content\/uploads\/2023\/04\/Brasileiros-em-Lisboa.jpeg","width":1152,"height":864,"caption":"Na manh\u00e3 desta quinta-feira, dia 20, eles visitaram a cidade de Lisboa, em Portugal"},{"@type":"BreadcrumbList","@id":"https:\/\/www.padreeustaquio.com.br\/peregrinos-brasileiros-chegam-a-europa-para-beatificacao-e-visitas-a-lugares-especiais\/#breadcrumb","itemListElement":[{"@type":"ListItem","position":1,"name":"In\u00edcio","item":"https:\/\/www.padreeustaquio.com.br\/"},{"@type":"ListItem","position":2,"name":"Peregrinos brasileiros chegam \u00e0 Europa para Beatifica\u00e7\u00e3o e visitas a lugares especiais"}]},{"@type":"WebSite","@id":"https:\/\/www.padreeustaquio.com.br\/#website","url":"https:\/\/www.padreeustaquio.com.br\/","name":"Padre Eustace","description":"Salud y Paz","publisher":{"@id":"https:\/\/www.padreeustaquio.com.br\/#organization"},"potentialAction":[{"@type":"SearchAction","target":{"@type":"EntryPoint","urlTemplate":"https:\/\/www.padreeustaquio.com.br\/?s={search_term_string}"},"query-input":{"@type":"PropertyValueSpecification","valueRequired":true,"valueName":"search_term_string"}}],"inLanguage":"es"},{"@type":"Organization","@id":"https:\/\/www.padreeustaquio.com.br\/#organization","name":"Padre Eustace","url":"https:\/\/www.padreeustaquio.com.br\/","logo":{"@type":"ImageObject","inLanguage":"es","@id":"https:\/\/www.padreeustaquio.com.br\/#\/schema\/logo\/image\/","url":"https:\/\/www.padreeustaquio.com.br\/wp-content\/uploads\/2019\/08\/marca.png","contentUrl":"https:\/\/www.padreeustaquio.com.br\/wp-content\/uploads\/2019\/08\/marca.png","width":350,"height":400,"caption":"Padre Eust\u00e1quio"},"image":{"@id":"https:\/\/www.padreeustaquio.com.br\/#\/schema\/logo\/image\/"},"sameAs":["https:\/\/www.facebook.com\/beatopadreeustaquio\/","https:\/\/x.com\/beatopeustaquio","https:\/\/www.instagram.com\/beatopadreeustaquio\/","https:\/\/www.youtube.com\/channel\/UCRhw7vfabnajwLxb1ZXMeIw"]},{"@type":"Person","@id":"https:\/\/www.padreeustaquio.com.br\/#\/schema\/person\/a2a51db1d00f1a7af0204a0f1ddb1566","name":"@sscc","image":{"@type":"ImageObject","inLanguage":"es","@id":"https:\/\/secure.gravatar.com\/avatar\/68cfafa5f44617fea54071e215026e0ff06be366c3d54a8425f04fdcb86f8c5f?s=96&d=mm&r=g","url":"https:\/\/secure.gravatar.com\/avatar\/68cfafa5f44617fea54071e215026e0ff06be366c3d54a8425f04fdcb86f8c5f?s=96&d=mm&r=g","contentUrl":"https:\/\/secure.gravatar.com\/avatar\/68cfafa5f44617fea54071e215026e0ff06be366c3d54a8425f04fdcb86f8c5f?s=96&d=mm&r=g","caption":"@sscc"},"url":"https:\/\/www.padreeustaquio.com.br\/es\/author\/sscc\/"}]}},"_links":{"self":[{"href":"https:\/\/www.padreeustaquio.com.br\/es\/wp-json\/wp\/v2\/posts\/10257","targetHints":{"allow":["GET"]}}],"collection":[{"href":"https:\/\/www.padreeustaquio.com.br\/es\/wp-json\/wp\/v2\/posts"}],"about":[{"href":"https:\/\/www.padreeustaquio.com.br\/es\/wp-json\/wp\/v2\/types\/post"}],"author":[{"embeddable":true,"href":"https:\/\/www.padreeustaquio.com.br\/es\/wp-json\/wp\/v2\/users\/2"}],"replies":[{"embeddable":true,"href":"https:\/\/www.padreeustaquio.com.br\/es\/wp-json\/wp\/v2\/comments?post=10257"}],"version-history":[{"count":0,"href":"https:\/\/www.padreeustaquio.com.br\/es\/wp-json\/wp\/v2\/posts\/10257\/revisions"}],"wp:featuredmedia":[{"embeddable":true,"href":"https:\/\/www.padreeustaquio.com.br\/es\/wp-json\/wp\/v2\/media\/10272"}],"wp:attachment":[{"href":"https:\/\/www.padreeustaquio.com.br\/es\/wp-json\/wp\/v2\/media?parent=10257"}],"wp:term":[{"taxonomy":"category","embeddable":true,"href":"https:\/\/www.padreeustaquio.com.br\/es\/wp-json\/wp\/v2\/categories?post=10257"},{"taxonomy":"post_tag","embeddable":true,"href":"https:\/\/www.padreeustaquio.com.br\/es\/wp-json\/wp\/v2\/tags?post=10257"}],"curies":[{"name":"wp","href":"https:\/\/api.w.org\/{rel}","templated":true}]}}