{"id":10212,"date":"2023-04-19T06:22:00","date_gmt":"2023-04-19T09:22:00","guid":{"rendered":"https:\/\/www.padreeustaquio.com.br\/?p=10212"},"modified":"2023-04-14T16:46:27","modified_gmt":"2023-04-14T19:46:27","slug":"avanzan-las-obras-de-la-iglesia-padre-eustaquio-en-esmeraldas","status":"publish","type":"post","link":"https:\/\/www.padreeustaquio.com.br\/es\/avanzan-las-obras-de-la-iglesia-padre-eustaquio-en-esmeraldas\/","title":{"rendered":"Avanzan las obras de construcci\u00f3n de la Iglesia Padre Eustaquio en Esmeraldas."},"content":{"rendered":"<p>La construcci\u00f3n de la Iglesia del Beato Padre Eustaquio en Esmeraldas, MG, ya est\u00e1 muy avanzada. La parroquia ha movilizado a la poblaci\u00f3n para recaudar fondos para la continuaci\u00f3n del proyecto y para seguir recaudando fondos para que la iglesia pueda ser completada.<\/p>\n\n\n\n<p>El objetivo ahora es cubrir el templo. Con los recursos limitados de la iglesia, ya se ha construido parte de la estructura met\u00e1lica. Sin embargo, la parroquia a\u00fan necesita la ayuda de la comunidad. Quienes deseen contribuir a esta construcci\u00f3n pueden hacer donaciones a:<\/p>\n\n\n\n<p>Banco Federal de Ahorros<br>Ag: 2782<br>Op. 013<br>c\/p: 17.715-6<br>CNPJ: 23.502.227\/0001-30<\/p>\n\n\n\n<p><\/p>","protected":false},"excerpt":{"rendered":"<p>As obras da Igreja Beato Padre Eust\u00e1quio, em Esmeraldas\/MG, j\u00e1 est\u00e3o bem adiantadas. A par\u00f3quia mobilizou a popula\u00e7\u00e3o para angariar recursos para a continua\u00e7\u00e3o do projeto e continuar arrecadando dinheiro para que toda a igreja seja finalizada. A meta agora \u00e9 cobrir o templo. Com os poucos recursos que a igreja tinha, j\u00e1 foi fabricada parte da estrutura met\u00e1lica. Mas, a par\u00f3quia ainda precisa da ajuda da popula\u00e7\u00e3o. Quem quiser ser um colaborador desta constru\u00e7\u00e3o pode fazer suas doa\u00e7\u00f5es para: Caixa Econ\u00f4mica FederalAg: 2782Op. 013c\/p: 17.715-6CNPJ: 23.502.227\/0001-30<\/p>","protected":false},"author":2,"featured_media":10213,"comment_status":"open","ping_status":"closed","sticky":false,"template":"","format":"standard","meta":{"_acf_changed":false,"footnotes":""},"categories":[611],"tags":[],"class_list":["post-10212","post","type-post","status-publish","format-standard","has-post-thumbnail","hentry","category-noticias"],"acf":[],"yoast_head":"<!-- This site is optimized with the Yoast SEO plugin v27.2 - https:\/\/yoast.com\/product\/yoast-seo-wordpress\/ -->\n<title>Obras da Igreja Padre Eust\u00e1quio, de Esmeraldas, avan\u00e7am<\/title>\n<meta name=\"description\" content=\"As obras da Igreja Beato Padre Eust\u00e1quio, em Esmeraldas\/MG, j\u00e1 est\u00e3o bem adiantadas. A par\u00f3quia mobilizou a popula\u00e7\u00e3o para angariar recursos para a continua\u00e7\u00e3o da obra e angariar recursos para a constru\u00e7\u00e3o da igreja.\" \/>\n<meta name=\"robots\" content=\"index, follow, max-snippet:-1, max-image-preview:large, max-video-preview:-1\" \/>\n<link rel=\"canonical\" href=\"https:\/\/www.padreeustaquio.com.br\/es\/avanzan-las-obras-de-la-iglesia-padre-eustaquio-en-esmeraldas\/\" \/>\n<meta property=\"og:locale\" content=\"es_ES\" \/>\n<meta property=\"og:type\" content=\"article\" \/>\n<meta property=\"og:title\" content=\"Obras da Igreja Padre Eust\u00e1quio, de Esmeraldas, avan\u00e7am\" \/>\n<meta property=\"og:description\" content=\"As obras da Igreja Beato Padre Eust\u00e1quio, em Esmeraldas\/MG, j\u00e1 est\u00e3o bem adiantadas. A par\u00f3quia mobilizou a popula\u00e7\u00e3o para angariar recursos para a continua\u00e7\u00e3o da obra e angariar recursos para a constru\u00e7\u00e3o da igreja.\" \/>\n<meta property=\"og:url\" content=\"https:\/\/www.padreeustaquio.com.br\/es\/avanzan-las-obras-de-la-iglesia-padre-eustaquio-en-esmeraldas\/\" \/>\n<meta property=\"og:site_name\" content=\"Padre Eust\u00e1quio\" \/>\n<meta property=\"article:publisher\" content=\"https:\/\/www.facebook.com\/beatopadreeustaquio\/\" \/>\n<meta property=\"article:published_time\" content=\"2023-04-19T09:22:00+00:00\" \/>\n<meta property=\"og:image\" content=\"https:\/\/www.padreeustaquio.com.br\/wp-content\/uploads\/2023\/04\/igreja-esmeraldas.jpeg\" \/>\n\t<meta property=\"og:image:width\" content=\"1599\" \/>\n\t<meta property=\"og:image:height\" content=\"758\" \/>\n\t<meta property=\"og:image:type\" content=\"image\/jpeg\" \/>\n<meta name=\"author\" content=\"@sscc\" \/>\n<meta name=\"twitter:card\" content=\"summary_large_image\" \/>\n<meta name=\"twitter:creator\" content=\"@beatopeustaquio\" \/>\n<meta name=\"twitter:site\" content=\"@beatopeustaquio\" \/>\n<meta name=\"twitter:label1\" content=\"Escrito por\" \/>\n\t<meta name=\"twitter:data1\" content=\"@sscc\" \/>\n\t<meta name=\"twitter:label2\" content=\"Tiempo de lectura\" \/>\n\t<meta name=\"twitter:data2\" content=\"1 minuto\" \/>\n<script type=\"application\/ld+json\" class=\"yoast-schema-graph\">{\"@context\":\"https:\/\/schema.org\",\"@graph\":[{\"@type\":\"Article\",\"@id\":\"https:\/\/www.padreeustaquio.com.br\/obras-da-igreja-padre-eustaquio-de-esmeraldas-avancam\/#article\",\"isPartOf\":{\"@id\":\"https:\/\/www.padreeustaquio.com.br\/obras-da-igreja-padre-eustaquio-de-esmeraldas-avancam\/\"},\"author\":{\"name\":\"@sscc\",\"@id\":\"https:\/\/www.padreeustaquio.com.br\/#\/schema\/person\/a2a51db1d00f1a7af0204a0f1ddb1566\"},\"headline\":\"Obras da Igreja Padre Eust\u00e1quio, de Esmeraldas, avan\u00e7am\",\"datePublished\":\"2023-04-19T09:22:00+00:00\",\"mainEntityOfPage\":{\"@id\":\"https:\/\/www.padreeustaquio.com.br\/obras-da-igreja-padre-eustaquio-de-esmeraldas-avancam\/\"},\"wordCount\":110,\"commentCount\":0,\"publisher\":{\"@id\":\"https:\/\/www.padreeustaquio.com.br\/#organization\"},\"image\":{\"@id\":\"https:\/\/www.padreeustaquio.com.br\/obras-da-igreja-padre-eustaquio-de-esmeraldas-avancam\/#primaryimage\"},\"thumbnailUrl\":\"https:\/\/www.padreeustaquio.com.br\/wp-content\/uploads\/2023\/04\/igreja-esmeraldas.jpeg\",\"articleSection\":[\"Not\u00edcias\"],\"inLanguage\":\"es\",\"potentialAction\":[{\"@type\":\"CommentAction\",\"name\":\"Comment\",\"target\":[\"https:\/\/www.padreeustaquio.com.br\/obras-da-igreja-padre-eustaquio-de-esmeraldas-avancam\/#respond\"]}]},{\"@type\":\"WebPage\",\"@id\":\"https:\/\/www.padreeustaquio.com.br\/obras-da-igreja-padre-eustaquio-de-esmeraldas-avancam\/\",\"url\":\"https:\/\/www.padreeustaquio.com.br\/obras-da-igreja-padre-eustaquio-de-esmeraldas-avancam\/\",\"name\":\"Obras da Igreja Padre Eust\u00e1quio, de Esmeraldas, avan\u00e7am\",\"isPartOf\":{\"@id\":\"https:\/\/www.padreeustaquio.com.br\/#website\"},\"primaryImageOfPage\":{\"@id\":\"https:\/\/www.padreeustaquio.com.br\/obras-da-igreja-padre-eustaquio-de-esmeraldas-avancam\/#primaryimage\"},\"image\":{\"@id\":\"https:\/\/www.padreeustaquio.com.br\/obras-da-igreja-padre-eustaquio-de-esmeraldas-avancam\/#primaryimage\"},\"thumbnailUrl\":\"https:\/\/www.padreeustaquio.com.br\/wp-content\/uploads\/2023\/04\/igreja-esmeraldas.jpeg\",\"datePublished\":\"2023-04-19T09:22:00+00:00\",\"description\":\"As obras da Igreja Beato Padre Eust\u00e1quio, em Esmeraldas\/MG, j\u00e1 est\u00e3o bem adiantadas. A par\u00f3quia mobilizou a popula\u00e7\u00e3o para angariar recursos para a continua\u00e7\u00e3o da obra e angariar recursos para a constru\u00e7\u00e3o da igreja.\",\"breadcrumb\":{\"@id\":\"https:\/\/www.padreeustaquio.com.br\/obras-da-igreja-padre-eustaquio-de-esmeraldas-avancam\/#breadcrumb\"},\"inLanguage\":\"es\",\"potentialAction\":[{\"@type\":\"ReadAction\",\"target\":[\"https:\/\/www.padreeustaquio.com.br\/obras-da-igreja-padre-eustaquio-de-esmeraldas-avancam\/\"]}]},{\"@type\":\"ImageObject\",\"inLanguage\":\"es\",\"@id\":\"https:\/\/www.padreeustaquio.com.br\/obras-da-igreja-padre-eustaquio-de-esmeraldas-avancam\/#primaryimage\",\"url\":\"https:\/\/www.padreeustaquio.com.br\/wp-content\/uploads\/2023\/04\/igreja-esmeraldas.jpeg\",\"contentUrl\":\"https:\/\/www.padreeustaquio.com.br\/wp-content\/uploads\/2023\/04\/igreja-esmeraldas.jpeg\",\"width\":1599,\"height\":758},{\"@type\":\"BreadcrumbList\",\"@id\":\"https:\/\/www.padreeustaquio.com.br\/obras-da-igreja-padre-eustaquio-de-esmeraldas-avancam\/#breadcrumb\",\"itemListElement\":[{\"@type\":\"ListItem\",\"position\":1,\"name\":\"In\u00edcio\",\"item\":\"https:\/\/www.padreeustaquio.com.br\/\"},{\"@type\":\"ListItem\",\"position\":2,\"name\":\"Obras da Igreja Padre Eust\u00e1quio, de Esmeraldas, avan\u00e7am\"}]},{\"@type\":\"WebSite\",\"@id\":\"https:\/\/www.padreeustaquio.com.br\/#website\",\"url\":\"https:\/\/www.padreeustaquio.com.br\/\",\"name\":\"Padre Eust\u00e1quio\",\"description\":\"Sa\u00fade e Paz\",\"publisher\":{\"@id\":\"https:\/\/www.padreeustaquio.com.br\/#organization\"},\"potentialAction\":[{\"@type\":\"SearchAction\",\"target\":{\"@type\":\"EntryPoint\",\"urlTemplate\":\"https:\/\/www.padreeustaquio.com.br\/?s={search_term_string}\"},\"query-input\":{\"@type\":\"PropertyValueSpecification\",\"valueRequired\":true,\"valueName\":\"search_term_string\"}}],\"inLanguage\":\"es\"},{\"@type\":\"Organization\",\"@id\":\"https:\/\/www.padreeustaquio.com.br\/#organization\",\"name\":\"Padre Eust\u00e1quio\",\"url\":\"https:\/\/www.padreeustaquio.com.br\/\",\"logo\":{\"@type\":\"ImageObject\",\"inLanguage\":\"es\",\"@id\":\"https:\/\/www.padreeustaquio.com.br\/#\/schema\/logo\/image\/\",\"url\":\"https:\/\/www.padreeustaquio.com.br\/wp-content\/uploads\/2019\/08\/marca.png\",\"contentUrl\":\"https:\/\/www.padreeustaquio.com.br\/wp-content\/uploads\/2019\/08\/marca.png\",\"width\":350,\"height\":400,\"caption\":\"Padre Eust\u00e1quio\"},\"image\":{\"@id\":\"https:\/\/www.padreeustaquio.com.br\/#\/schema\/logo\/image\/\"},\"sameAs\":[\"https:\/\/www.facebook.com\/beatopadreeustaquio\/\",\"https:\/\/x.com\/beatopeustaquio\",\"https:\/\/www.instagram.com\/beatopadreeustaquio\/\",\"https:\/\/www.youtube.com\/channel\/UCRhw7vfabnajwLxb1ZXMeIw\"]},{\"@type\":\"Person\",\"@id\":\"https:\/\/www.padreeustaquio.com.br\/#\/schema\/person\/a2a51db1d00f1a7af0204a0f1ddb1566\",\"name\":\"@sscc\",\"image\":{\"@type\":\"ImageObject\",\"inLanguage\":\"es\",\"@id\":\"https:\/\/secure.gravatar.com\/avatar\/68cfafa5f44617fea54071e215026e0ff06be366c3d54a8425f04fdcb86f8c5f?s=96&d=mm&r=g\",\"url\":\"https:\/\/secure.gravatar.com\/avatar\/68cfafa5f44617fea54071e215026e0ff06be366c3d54a8425f04fdcb86f8c5f?s=96&d=mm&r=g\",\"contentUrl\":\"https:\/\/secure.gravatar.com\/avatar\/68cfafa5f44617fea54071e215026e0ff06be366c3d54a8425f04fdcb86f8c5f?s=96&d=mm&r=g\",\"caption\":\"@sscc\"},\"url\":\"https:\/\/www.padreeustaquio.com.br\/es\/author\/sscc\/\"}]}<\/script>\n<!-- \/ Yoast SEO plugin. -->","yoast_head_json":{"title":"Avanzan las obras de construcci\u00f3n de la Iglesia Padre Eustaquio en Esmeraldas.","description":"La construcci\u00f3n de la Iglesia del Beato Padre Eustaquio en Esmeraldas, MG, ya est\u00e1 muy avanzada. La parroquia moviliz\u00f3 a la poblaci\u00f3n para recaudar fondos para continuar las obras y para la construcci\u00f3n de la iglesia.","robots":{"index":"index","follow":"follow","max-snippet":"max-snippet:-1","max-image-preview":"max-image-preview:large","max-video-preview":"max-video-preview:-1"},"canonical":"https:\/\/www.padreeustaquio.com.br\/es\/avanzan-las-obras-de-la-iglesia-padre-eustaquio-en-esmeraldas\/","og_locale":"es_ES","og_type":"article","og_title":"Obras da Igreja Padre Eust\u00e1quio, de Esmeraldas, avan\u00e7am","og_description":"As obras da Igreja Beato Padre Eust\u00e1quio, em Esmeraldas\/MG, j\u00e1 est\u00e3o bem adiantadas. A par\u00f3quia mobilizou a popula\u00e7\u00e3o para angariar recursos para a continua\u00e7\u00e3o da obra e angariar recursos para a constru\u00e7\u00e3o da igreja.","og_url":"https:\/\/www.padreeustaquio.com.br\/es\/avanzan-las-obras-de-la-iglesia-padre-eustaquio-en-esmeraldas\/","og_site_name":"Padre Eust\u00e1quio","article_publisher":"https:\/\/www.facebook.com\/beatopadreeustaquio\/","article_published_time":"2023-04-19T09:22:00+00:00","og_image":[{"width":1599,"height":758,"url":"https:\/\/www.padreeustaquio.com.br\/wp-content\/uploads\/2023\/04\/igreja-esmeraldas.jpeg","type":"image\/jpeg"}],"author":"@sscc","twitter_card":"summary_large_image","twitter_creator":"@beatopeustaquio","twitter_site":"@beatopeustaquio","twitter_misc":{"Escrito por":"@sscc","Tiempo de lectura":"1 minuto"},"schema":{"@context":"https:\/\/schema.org","@graph":[{"@type":"Article","@id":"https:\/\/www.padreeustaquio.com.br\/obras-da-igreja-padre-eustaquio-de-esmeraldas-avancam\/#article","isPartOf":{"@id":"https:\/\/www.padreeustaquio.com.br\/obras-da-igreja-padre-eustaquio-de-esmeraldas-avancam\/"},"author":{"name":"@sscc","@id":"https:\/\/www.padreeustaquio.com.br\/#\/schema\/person\/a2a51db1d00f1a7af0204a0f1ddb1566"},"headline":"Obras da Igreja Padre Eust\u00e1quio, de Esmeraldas, avan\u00e7am","datePublished":"2023-04-19T09:22:00+00:00","mainEntityOfPage":{"@id":"https:\/\/www.padreeustaquio.com.br\/obras-da-igreja-padre-eustaquio-de-esmeraldas-avancam\/"},"wordCount":110,"commentCount":0,"publisher":{"@id":"https:\/\/www.padreeustaquio.com.br\/#organization"},"image":{"@id":"https:\/\/www.padreeustaquio.com.br\/obras-da-igreja-padre-eustaquio-de-esmeraldas-avancam\/#primaryimage"},"thumbnailUrl":"https:\/\/www.padreeustaquio.com.br\/wp-content\/uploads\/2023\/04\/igreja-esmeraldas.jpeg","articleSection":["Not\u00edcias"],"inLanguage":"es","potentialAction":[{"@type":"CommentAction","name":"Comment","target":["https:\/\/www.padreeustaquio.com.br\/obras-da-igreja-padre-eustaquio-de-esmeraldas-avancam\/#respond"]}]},{"@type":"WebPage","@id":"https:\/\/www.padreeustaquio.com.br\/obras-da-igreja-padre-eustaquio-de-esmeraldas-avancam\/","url":"https:\/\/www.padreeustaquio.com.br\/obras-da-igreja-padre-eustaquio-de-esmeraldas-avancam\/","name":"Avanzan las obras de construcci\u00f3n de la Iglesia Padre Eustaquio en Esmeraldas.","isPartOf":{"@id":"https:\/\/www.padreeustaquio.com.br\/#website"},"primaryImageOfPage":{"@id":"https:\/\/www.padreeustaquio.com.br\/obras-da-igreja-padre-eustaquio-de-esmeraldas-avancam\/#primaryimage"},"image":{"@id":"https:\/\/www.padreeustaquio.com.br\/obras-da-igreja-padre-eustaquio-de-esmeraldas-avancam\/#primaryimage"},"thumbnailUrl":"https:\/\/www.padreeustaquio.com.br\/wp-content\/uploads\/2023\/04\/igreja-esmeraldas.jpeg","datePublished":"2023-04-19T09:22:00+00:00","description":"La construcci\u00f3n de la Iglesia del Beato Padre Eustaquio en Esmeraldas, MG, ya est\u00e1 muy avanzada. La parroquia moviliz\u00f3 a la poblaci\u00f3n para recaudar fondos para continuar las obras y para la construcci\u00f3n de la iglesia.","breadcrumb":{"@id":"https:\/\/www.padreeustaquio.com.br\/obras-da-igreja-padre-eustaquio-de-esmeraldas-avancam\/#breadcrumb"},"inLanguage":"es","potentialAction":[{"@type":"ReadAction","target":["https:\/\/www.padreeustaquio.com.br\/obras-da-igreja-padre-eustaquio-de-esmeraldas-avancam\/"]}]},{"@type":"ImageObject","inLanguage":"es","@id":"https:\/\/www.padreeustaquio.com.br\/obras-da-igreja-padre-eustaquio-de-esmeraldas-avancam\/#primaryimage","url":"https:\/\/www.padreeustaquio.com.br\/wp-content\/uploads\/2023\/04\/igreja-esmeraldas.jpeg","contentUrl":"https:\/\/www.padreeustaquio.com.br\/wp-content\/uploads\/2023\/04\/igreja-esmeraldas.jpeg","width":1599,"height":758},{"@type":"BreadcrumbList","@id":"https:\/\/www.padreeustaquio.com.br\/obras-da-igreja-padre-eustaquio-de-esmeraldas-avancam\/#breadcrumb","itemListElement":[{"@type":"ListItem","position":1,"name":"In\u00edcio","item":"https:\/\/www.padreeustaquio.com.br\/"},{"@type":"ListItem","position":2,"name":"Obras da Igreja Padre Eust\u00e1quio, de Esmeraldas, avan\u00e7am"}]},{"@type":"WebSite","@id":"https:\/\/www.padreeustaquio.com.br\/#website","url":"https:\/\/www.padreeustaquio.com.br\/","name":"Padre Eustace","description":"Salud y Paz","publisher":{"@id":"https:\/\/www.padreeustaquio.com.br\/#organization"},"potentialAction":[{"@type":"SearchAction","target":{"@type":"EntryPoint","urlTemplate":"https:\/\/www.padreeustaquio.com.br\/?s={search_term_string}"},"query-input":{"@type":"PropertyValueSpecification","valueRequired":true,"valueName":"search_term_string"}}],"inLanguage":"es"},{"@type":"Organization","@id":"https:\/\/www.padreeustaquio.com.br\/#organization","name":"Padre Eustace","url":"https:\/\/www.padreeustaquio.com.br\/","logo":{"@type":"ImageObject","inLanguage":"es","@id":"https:\/\/www.padreeustaquio.com.br\/#\/schema\/logo\/image\/","url":"https:\/\/www.padreeustaquio.com.br\/wp-content\/uploads\/2019\/08\/marca.png","contentUrl":"https:\/\/www.padreeustaquio.com.br\/wp-content\/uploads\/2019\/08\/marca.png","width":350,"height":400,"caption":"Padre Eust\u00e1quio"},"image":{"@id":"https:\/\/www.padreeustaquio.com.br\/#\/schema\/logo\/image\/"},"sameAs":["https:\/\/www.facebook.com\/beatopadreeustaquio\/","https:\/\/x.com\/beatopeustaquio","https:\/\/www.instagram.com\/beatopadreeustaquio\/","https:\/\/www.youtube.com\/channel\/UCRhw7vfabnajwLxb1ZXMeIw"]},{"@type":"Person","@id":"https:\/\/www.padreeustaquio.com.br\/#\/schema\/person\/a2a51db1d00f1a7af0204a0f1ddb1566","name":"@sscc","image":{"@type":"ImageObject","inLanguage":"es","@id":"https:\/\/secure.gravatar.com\/avatar\/68cfafa5f44617fea54071e215026e0ff06be366c3d54a8425f04fdcb86f8c5f?s=96&d=mm&r=g","url":"https:\/\/secure.gravatar.com\/avatar\/68cfafa5f44617fea54071e215026e0ff06be366c3d54a8425f04fdcb86f8c5f?s=96&d=mm&r=g","contentUrl":"https:\/\/secure.gravatar.com\/avatar\/68cfafa5f44617fea54071e215026e0ff06be366c3d54a8425f04fdcb86f8c5f?s=96&d=mm&r=g","caption":"@sscc"},"url":"https:\/\/www.padreeustaquio.com.br\/es\/author\/sscc\/"}]}},"_links":{"self":[{"href":"https:\/\/www.padreeustaquio.com.br\/es\/wp-json\/wp\/v2\/posts\/10212","targetHints":{"allow":["GET"]}}],"collection":[{"href":"https:\/\/www.padreeustaquio.com.br\/es\/wp-json\/wp\/v2\/posts"}],"about":[{"href":"https:\/\/www.padreeustaquio.com.br\/es\/wp-json\/wp\/v2\/types\/post"}],"author":[{"embeddable":true,"href":"https:\/\/www.padreeustaquio.com.br\/es\/wp-json\/wp\/v2\/users\/2"}],"replies":[{"embeddable":true,"href":"https:\/\/www.padreeustaquio.com.br\/es\/wp-json\/wp\/v2\/comments?post=10212"}],"version-history":[{"count":0,"href":"https:\/\/www.padreeustaquio.com.br\/es\/wp-json\/wp\/v2\/posts\/10212\/revisions"}],"wp:featuredmedia":[{"embeddable":true,"href":"https:\/\/www.padreeustaquio.com.br\/es\/wp-json\/wp\/v2\/media\/10213"}],"wp:attachment":[{"href":"https:\/\/www.padreeustaquio.com.br\/es\/wp-json\/wp\/v2\/media?parent=10212"}],"wp:term":[{"taxonomy":"category","embeddable":true,"href":"https:\/\/www.padreeustaquio.com.br\/es\/wp-json\/wp\/v2\/categories?post=10212"},{"taxonomy":"post_tag","embeddable":true,"href":"https:\/\/www.padreeustaquio.com.br\/es\/wp-json\/wp\/v2\/tags?post=10212"}],"curies":[{"name":"wp","href":"https:\/\/api.w.org\/{rel}","templated":true}]}}