{"id":10209,"date":"2023-04-18T06:51:00","date_gmt":"2023-04-18T09:51:00","guid":{"rendered":"https:\/\/www.padreeustaquio.com.br\/?p=10209"},"modified":"2023-04-14T16:06:17","modified_gmt":"2023-04-14T19:06:17","slug":"hace-veinte-anos-el-padre-eustaquio-fue-reconocido-como-venerable","status":"publish","type":"post","link":"https:\/\/www.padreeustaquio.com.br\/es\/hace-veinte-anos-el-padre-eustaquio-fue-reconocido-como-venerable\/","title":{"rendered":"Hace veinte a\u00f1os, el Padre Eustaquio fue reconocido como Venerable."},"content":{"rendered":"<p>Hace veinte a\u00f1os, en abril de 2003, se promulgaron las Virtudes Heroicas del Padre Eustaquio, haci\u00e9ndolo venerable, un paso muy importante hacia la beatificaci\u00f3n y posterior canonizaci\u00f3n.<\/p>\n\n\n\n<p>Para la Iglesia Cat\u00f3lica de Rito Latino, el t\u00edtulo can\u00f3nico de Venerable se otorga a quienes son reconocidos p\u00f3stumamente por haber practicado virtudes heroicas en un proceso formal de canonizaci\u00f3n. Estas virtudes son la fe, la esperanza, la caridad, la prudencia, la justicia, la fortaleza y la templanza.<\/p>\n\n\n\n<p>Esto significa que el Padre Eustaquio era considerado no s\u00f3lo una buena persona en la tierra, sino una persona que buscaba vivir la misma vida que Dios Padre nos pide.<\/p>\n\n\n\n<p>Antes de ser considerado venerable, un candidato a la santidad debe ser objeto de una proclamaci\u00f3n aprobada por el Papa, que reconoce, sin lugar a dudas, que el candidato vivi\u00f3 una vida de virtudes heroicas, es decir, que demostr\u00f3 la pr\u00e1ctica de las virtudes de manera excepcional, como un verdadero h\u00e9roe de la fe.<\/p>\n\n\n\n<p>S\u00f3lo despu\u00e9s de ser considerado venerable el proceso de canonizaci\u00f3n puede pasar a la etapa de beatificaci\u00f3n, lo que ocurri\u00f3 con el padre Eust\u00e1quio, quien, tres a\u00f1os despu\u00e9s, ser\u00eda beatificado el 15 de junio de 2006, en el estadio Mineir\u00e3o, en Belo Horizonte, Minas Gerais.<\/p>\n\n\n\n<p><\/p>","protected":false},"excerpt":{"rendered":"<p>H\u00e1 20 anos, em abril de 2003, foi promulgada as Virtudes Heroicas de Padre Eust\u00e1quio, fazendo com que ele se tornasse assim, vener\u00e1vel, um passo important\u00edssimo para a beatifica\u00e7\u00e3o e posterior canoniza\u00e7\u00e3o. Para a Igreja Cat\u00f3lica de Rito Latino, o t\u00edtulo can\u00f4nico de Vener\u00e1vel \u00e9 concedido \u00e0queles a quem postumamente seja reconhecida a pr\u00e1tica de virtudes heroicas em processo formal de canoniza\u00e7\u00e3o. Essas virtudes s\u00e3o a f\u00e9, a esperan\u00e7a, a caridade, a prud\u00eancia, a justi\u00e7a, a fortaleza e a temperan\u00e7a. Isso quer dizer que Padre Eust\u00e1quio foi considerado n\u00e3o s\u00f3 uma boa pessoa na terra, mas uma pessoa que procurou [&hellip;]<\/p>\n","protected":false},"author":2,"featured_media":10210,"comment_status":"open","ping_status":"closed","sticky":false,"template":"","format":"standard","meta":{"_acf_changed":false,"footnotes":""},"categories":[611],"tags":[],"class_list":["post-10209","post","type-post","status-publish","format-standard","has-post-thumbnail","hentry","category-noticias"],"acf":[],"yoast_head":"<!-- This site is optimized with the Yoast SEO plugin v27.2 - https:\/\/yoast.com\/product\/yoast-seo-wordpress\/ -->\n<title>H\u00e1 20 anos Padre Eust\u00e1quio era reconhecido como Vener\u00e1vel<\/title>\n<meta name=\"description\" content=\"H\u00e1 20 anos, em abril de 2003, foi promulgada as Virtudes Heroicas de Padre Eust\u00e1quio, fazendo com que ele se tornasse assim, vener\u00e1vel, um passo important\u00edssimo para a beatifica\u00e7\u00e3o e posterior canoniza\u00e7\u00e3o.\" \/>\n<meta name=\"robots\" content=\"index, follow, max-snippet:-1, max-image-preview:large, max-video-preview:-1\" \/>\n<link rel=\"canonical\" href=\"https:\/\/www.padreeustaquio.com.br\/es\/hace-veinte-anos-el-padre-eustaquio-fue-reconocido-como-venerable\/\" \/>\n<meta property=\"og:locale\" content=\"es_ES\" \/>\n<meta property=\"og:type\" content=\"article\" \/>\n<meta property=\"og:title\" content=\"H\u00e1 20 anos Padre Eust\u00e1quio era reconhecido como Vener\u00e1vel\" \/>\n<meta property=\"og:description\" content=\"H\u00e1 20 anos, em abril de 2003, foi promulgada as Virtudes Heroicas de Padre Eust\u00e1quio, fazendo com que ele se tornasse assim, vener\u00e1vel, um passo important\u00edssimo para a beatifica\u00e7\u00e3o e posterior canoniza\u00e7\u00e3o.\" \/>\n<meta property=\"og:url\" content=\"https:\/\/www.padreeustaquio.com.br\/es\/hace-veinte-anos-el-padre-eustaquio-fue-reconocido-como-venerable\/\" \/>\n<meta property=\"og:site_name\" content=\"Padre Eust\u00e1quio\" \/>\n<meta property=\"article:publisher\" content=\"https:\/\/www.facebook.com\/beatopadreeustaquio\/\" \/>\n<meta property=\"article:published_time\" content=\"2023-04-18T09:51:00+00:00\" \/>\n<meta property=\"og:image\" content=\"https:\/\/www.padreeustaquio.com.br\/wp-content\/uploads\/2023\/04\/foto-eustaquio.jpg\" \/>\n\t<meta property=\"og:image:width\" content=\"640\" \/>\n\t<meta property=\"og:image:height\" content=\"480\" \/>\n\t<meta property=\"og:image:type\" content=\"image\/jpeg\" \/>\n<meta name=\"author\" content=\"@sscc\" \/>\n<meta name=\"twitter:card\" content=\"summary_large_image\" \/>\n<meta name=\"twitter:creator\" content=\"@beatopeustaquio\" \/>\n<meta name=\"twitter:site\" content=\"@beatopeustaquio\" \/>\n<meta name=\"twitter:label1\" content=\"Escrito por\" \/>\n\t<meta name=\"twitter:data1\" content=\"@sscc\" \/>\n\t<meta name=\"twitter:label2\" content=\"Tiempo de lectura\" \/>\n\t<meta name=\"twitter:data2\" content=\"2 minutos\" \/>\n<script type=\"application\/ld+json\" class=\"yoast-schema-graph\">{\"@context\":\"https:\/\/schema.org\",\"@graph\":[{\"@type\":\"Article\",\"@id\":\"https:\/\/www.padreeustaquio.com.br\/ha-20-anos-padre-eustaquio-era-reconhecido-como-veneravel\/#article\",\"isPartOf\":{\"@id\":\"https:\/\/www.padreeustaquio.com.br\/ha-20-anos-padre-eustaquio-era-reconhecido-como-veneravel\/\"},\"author\":{\"name\":\"@sscc\",\"@id\":\"https:\/\/www.padreeustaquio.com.br\/#\/schema\/person\/a2a51db1d00f1a7af0204a0f1ddb1566\"},\"headline\":\"H\u00e1 20 anos Padre Eust\u00e1quio era reconhecido como Vener\u00e1vel\",\"datePublished\":\"2023-04-18T09:51:00+00:00\",\"mainEntityOfPage\":{\"@id\":\"https:\/\/www.padreeustaquio.com.br\/ha-20-anos-padre-eustaquio-era-reconhecido-como-veneravel\/\"},\"wordCount\":239,\"commentCount\":0,\"publisher\":{\"@id\":\"https:\/\/www.padreeustaquio.com.br\/#organization\"},\"image\":{\"@id\":\"https:\/\/www.padreeustaquio.com.br\/ha-20-anos-padre-eustaquio-era-reconhecido-como-veneravel\/#primaryimage\"},\"thumbnailUrl\":\"https:\/\/www.padreeustaquio.com.br\/wp-content\/uploads\/2023\/04\/foto-eustaquio-e1711723146192.jpg\",\"articleSection\":[\"Not\u00edcias\"],\"inLanguage\":\"es\",\"potentialAction\":[{\"@type\":\"CommentAction\",\"name\":\"Comment\",\"target\":[\"https:\/\/www.padreeustaquio.com.br\/ha-20-anos-padre-eustaquio-era-reconhecido-como-veneravel\/#respond\"]}]},{\"@type\":\"WebPage\",\"@id\":\"https:\/\/www.padreeustaquio.com.br\/ha-20-anos-padre-eustaquio-era-reconhecido-como-veneravel\/\",\"url\":\"https:\/\/www.padreeustaquio.com.br\/ha-20-anos-padre-eustaquio-era-reconhecido-como-veneravel\/\",\"name\":\"H\u00e1 20 anos Padre Eust\u00e1quio era reconhecido como Vener\u00e1vel\",\"isPartOf\":{\"@id\":\"https:\/\/www.padreeustaquio.com.br\/#website\"},\"primaryImageOfPage\":{\"@id\":\"https:\/\/www.padreeustaquio.com.br\/ha-20-anos-padre-eustaquio-era-reconhecido-como-veneravel\/#primaryimage\"},\"image\":{\"@id\":\"https:\/\/www.padreeustaquio.com.br\/ha-20-anos-padre-eustaquio-era-reconhecido-como-veneravel\/#primaryimage\"},\"thumbnailUrl\":\"https:\/\/www.padreeustaquio.com.br\/wp-content\/uploads\/2023\/04\/foto-eustaquio-e1711723146192.jpg\",\"datePublished\":\"2023-04-18T09:51:00+00:00\",\"description\":\"H\u00e1 20 anos, em abril de 2003, foi promulgada as Virtudes Heroicas de Padre Eust\u00e1quio, fazendo com que ele se tornasse assim, vener\u00e1vel, um passo important\u00edssimo para a beatifica\u00e7\u00e3o e posterior canoniza\u00e7\u00e3o.\",\"breadcrumb\":{\"@id\":\"https:\/\/www.padreeustaquio.com.br\/ha-20-anos-padre-eustaquio-era-reconhecido-como-veneravel\/#breadcrumb\"},\"inLanguage\":\"es\",\"potentialAction\":[{\"@type\":\"ReadAction\",\"target\":[\"https:\/\/www.padreeustaquio.com.br\/ha-20-anos-padre-eustaquio-era-reconhecido-como-veneravel\/\"]}]},{\"@type\":\"ImageObject\",\"inLanguage\":\"es\",\"@id\":\"https:\/\/www.padreeustaquio.com.br\/ha-20-anos-padre-eustaquio-era-reconhecido-como-veneravel\/#primaryimage\",\"url\":\"https:\/\/www.padreeustaquio.com.br\/wp-content\/uploads\/2023\/04\/foto-eustaquio-e1711723146192.jpg\",\"contentUrl\":\"https:\/\/www.padreeustaquio.com.br\/wp-content\/uploads\/2023\/04\/foto-eustaquio-e1711723146192.jpg\",\"width\":640,\"height\":397},{\"@type\":\"BreadcrumbList\",\"@id\":\"https:\/\/www.padreeustaquio.com.br\/ha-20-anos-padre-eustaquio-era-reconhecido-como-veneravel\/#breadcrumb\",\"itemListElement\":[{\"@type\":\"ListItem\",\"position\":1,\"name\":\"In\u00edcio\",\"item\":\"https:\/\/www.padreeustaquio.com.br\/\"},{\"@type\":\"ListItem\",\"position\":2,\"name\":\"H\u00e1 20 anos Padre Eust\u00e1quio era reconhecido como Vener\u00e1vel\"}]},{\"@type\":\"WebSite\",\"@id\":\"https:\/\/www.padreeustaquio.com.br\/#website\",\"url\":\"https:\/\/www.padreeustaquio.com.br\/\",\"name\":\"Padre Eust\u00e1quio\",\"description\":\"Sa\u00fade e Paz\",\"publisher\":{\"@id\":\"https:\/\/www.padreeustaquio.com.br\/#organization\"},\"potentialAction\":[{\"@type\":\"SearchAction\",\"target\":{\"@type\":\"EntryPoint\",\"urlTemplate\":\"https:\/\/www.padreeustaquio.com.br\/?s={search_term_string}\"},\"query-input\":{\"@type\":\"PropertyValueSpecification\",\"valueRequired\":true,\"valueName\":\"search_term_string\"}}],\"inLanguage\":\"es\"},{\"@type\":\"Organization\",\"@id\":\"https:\/\/www.padreeustaquio.com.br\/#organization\",\"name\":\"Padre Eust\u00e1quio\",\"url\":\"https:\/\/www.padreeustaquio.com.br\/\",\"logo\":{\"@type\":\"ImageObject\",\"inLanguage\":\"es\",\"@id\":\"https:\/\/www.padreeustaquio.com.br\/#\/schema\/logo\/image\/\",\"url\":\"https:\/\/www.padreeustaquio.com.br\/wp-content\/uploads\/2019\/08\/marca.png\",\"contentUrl\":\"https:\/\/www.padreeustaquio.com.br\/wp-content\/uploads\/2019\/08\/marca.png\",\"width\":350,\"height\":400,\"caption\":\"Padre Eust\u00e1quio\"},\"image\":{\"@id\":\"https:\/\/www.padreeustaquio.com.br\/#\/schema\/logo\/image\/\"},\"sameAs\":[\"https:\/\/www.facebook.com\/beatopadreeustaquio\/\",\"https:\/\/x.com\/beatopeustaquio\",\"https:\/\/www.instagram.com\/beatopadreeustaquio\/\",\"https:\/\/www.youtube.com\/channel\/UCRhw7vfabnajwLxb1ZXMeIw\"]},{\"@type\":\"Person\",\"@id\":\"https:\/\/www.padreeustaquio.com.br\/#\/schema\/person\/a2a51db1d00f1a7af0204a0f1ddb1566\",\"name\":\"@sscc\",\"image\":{\"@type\":\"ImageObject\",\"inLanguage\":\"es\",\"@id\":\"https:\/\/secure.gravatar.com\/avatar\/68cfafa5f44617fea54071e215026e0ff06be366c3d54a8425f04fdcb86f8c5f?s=96&d=mm&r=g\",\"url\":\"https:\/\/secure.gravatar.com\/avatar\/68cfafa5f44617fea54071e215026e0ff06be366c3d54a8425f04fdcb86f8c5f?s=96&d=mm&r=g\",\"contentUrl\":\"https:\/\/secure.gravatar.com\/avatar\/68cfafa5f44617fea54071e215026e0ff06be366c3d54a8425f04fdcb86f8c5f?s=96&d=mm&r=g\",\"caption\":\"@sscc\"},\"url\":\"https:\/\/www.padreeustaquio.com.br\/es\/author\/sscc\/\"}]}<\/script>\n<!-- \/ Yoast SEO plugin. -->","yoast_head_json":{"title":"Hace veinte a\u00f1os, el Padre Eustaquio fue reconocido como Venerable.","description":"Hace veinte a\u00f1os, en abril de 2003, se promulgaron las Virtudes Heroicas del Padre Eustaquio, haci\u00e9ndolo venerable, un paso muy importante hacia la beatificaci\u00f3n y posterior canonizaci\u00f3n.","robots":{"index":"index","follow":"follow","max-snippet":"max-snippet:-1","max-image-preview":"max-image-preview:large","max-video-preview":"max-video-preview:-1"},"canonical":"https:\/\/www.padreeustaquio.com.br\/es\/hace-veinte-anos-el-padre-eustaquio-fue-reconocido-como-venerable\/","og_locale":"es_ES","og_type":"article","og_title":"H\u00e1 20 anos Padre Eust\u00e1quio era reconhecido como Vener\u00e1vel","og_description":"H\u00e1 20 anos, em abril de 2003, foi promulgada as Virtudes Heroicas de Padre Eust\u00e1quio, fazendo com que ele se tornasse assim, vener\u00e1vel, um passo important\u00edssimo para a beatifica\u00e7\u00e3o e posterior canoniza\u00e7\u00e3o.","og_url":"https:\/\/www.padreeustaquio.com.br\/es\/hace-veinte-anos-el-padre-eustaquio-fue-reconocido-como-venerable\/","og_site_name":"Padre Eust\u00e1quio","article_publisher":"https:\/\/www.facebook.com\/beatopadreeustaquio\/","article_published_time":"2023-04-18T09:51:00+00:00","og_image":[{"width":640,"height":480,"url":"https:\/\/www.padreeustaquio.com.br\/wp-content\/uploads\/2023\/04\/foto-eustaquio.jpg","type":"image\/jpeg"}],"author":"@sscc","twitter_card":"summary_large_image","twitter_creator":"@beatopeustaquio","twitter_site":"@beatopeustaquio","twitter_misc":{"Escrito por":"@sscc","Tiempo de lectura":"2 minutos"},"schema":{"@context":"https:\/\/schema.org","@graph":[{"@type":"Article","@id":"https:\/\/www.padreeustaquio.com.br\/ha-20-anos-padre-eustaquio-era-reconhecido-como-veneravel\/#article","isPartOf":{"@id":"https:\/\/www.padreeustaquio.com.br\/ha-20-anos-padre-eustaquio-era-reconhecido-como-veneravel\/"},"author":{"name":"@sscc","@id":"https:\/\/www.padreeustaquio.com.br\/#\/schema\/person\/a2a51db1d00f1a7af0204a0f1ddb1566"},"headline":"H\u00e1 20 anos Padre Eust\u00e1quio era reconhecido como Vener\u00e1vel","datePublished":"2023-04-18T09:51:00+00:00","mainEntityOfPage":{"@id":"https:\/\/www.padreeustaquio.com.br\/ha-20-anos-padre-eustaquio-era-reconhecido-como-veneravel\/"},"wordCount":239,"commentCount":0,"publisher":{"@id":"https:\/\/www.padreeustaquio.com.br\/#organization"},"image":{"@id":"https:\/\/www.padreeustaquio.com.br\/ha-20-anos-padre-eustaquio-era-reconhecido-como-veneravel\/#primaryimage"},"thumbnailUrl":"https:\/\/www.padreeustaquio.com.br\/wp-content\/uploads\/2023\/04\/foto-eustaquio-e1711723146192.jpg","articleSection":["Not\u00edcias"],"inLanguage":"es","potentialAction":[{"@type":"CommentAction","name":"Comment","target":["https:\/\/www.padreeustaquio.com.br\/ha-20-anos-padre-eustaquio-era-reconhecido-como-veneravel\/#respond"]}]},{"@type":"WebPage","@id":"https:\/\/www.padreeustaquio.com.br\/ha-20-anos-padre-eustaquio-era-reconhecido-como-veneravel\/","url":"https:\/\/www.padreeustaquio.com.br\/ha-20-anos-padre-eustaquio-era-reconhecido-como-veneravel\/","name":"Hace veinte a\u00f1os, el Padre Eustaquio fue reconocido como Venerable.","isPartOf":{"@id":"https:\/\/www.padreeustaquio.com.br\/#website"},"primaryImageOfPage":{"@id":"https:\/\/www.padreeustaquio.com.br\/ha-20-anos-padre-eustaquio-era-reconhecido-como-veneravel\/#primaryimage"},"image":{"@id":"https:\/\/www.padreeustaquio.com.br\/ha-20-anos-padre-eustaquio-era-reconhecido-como-veneravel\/#primaryimage"},"thumbnailUrl":"https:\/\/www.padreeustaquio.com.br\/wp-content\/uploads\/2023\/04\/foto-eustaquio-e1711723146192.jpg","datePublished":"2023-04-18T09:51:00+00:00","description":"Hace veinte a\u00f1os, en abril de 2003, se promulgaron las Virtudes Heroicas del Padre Eustaquio, haci\u00e9ndolo venerable, un paso muy importante hacia la beatificaci\u00f3n y posterior canonizaci\u00f3n.","breadcrumb":{"@id":"https:\/\/www.padreeustaquio.com.br\/ha-20-anos-padre-eustaquio-era-reconhecido-como-veneravel\/#breadcrumb"},"inLanguage":"es","potentialAction":[{"@type":"ReadAction","target":["https:\/\/www.padreeustaquio.com.br\/ha-20-anos-padre-eustaquio-era-reconhecido-como-veneravel\/"]}]},{"@type":"ImageObject","inLanguage":"es","@id":"https:\/\/www.padreeustaquio.com.br\/ha-20-anos-padre-eustaquio-era-reconhecido-como-veneravel\/#primaryimage","url":"https:\/\/www.padreeustaquio.com.br\/wp-content\/uploads\/2023\/04\/foto-eustaquio-e1711723146192.jpg","contentUrl":"https:\/\/www.padreeustaquio.com.br\/wp-content\/uploads\/2023\/04\/foto-eustaquio-e1711723146192.jpg","width":640,"height":397},{"@type":"BreadcrumbList","@id":"https:\/\/www.padreeustaquio.com.br\/ha-20-anos-padre-eustaquio-era-reconhecido-como-veneravel\/#breadcrumb","itemListElement":[{"@type":"ListItem","position":1,"name":"In\u00edcio","item":"https:\/\/www.padreeustaquio.com.br\/"},{"@type":"ListItem","position":2,"name":"H\u00e1 20 anos Padre Eust\u00e1quio era reconhecido como Vener\u00e1vel"}]},{"@type":"WebSite","@id":"https:\/\/www.padreeustaquio.com.br\/#website","url":"https:\/\/www.padreeustaquio.com.br\/","name":"Padre Eustace","description":"Salud y Paz","publisher":{"@id":"https:\/\/www.padreeustaquio.com.br\/#organization"},"potentialAction":[{"@type":"SearchAction","target":{"@type":"EntryPoint","urlTemplate":"https:\/\/www.padreeustaquio.com.br\/?s={search_term_string}"},"query-input":{"@type":"PropertyValueSpecification","valueRequired":true,"valueName":"search_term_string"}}],"inLanguage":"es"},{"@type":"Organization","@id":"https:\/\/www.padreeustaquio.com.br\/#organization","name":"Padre Eustace","url":"https:\/\/www.padreeustaquio.com.br\/","logo":{"@type":"ImageObject","inLanguage":"es","@id":"https:\/\/www.padreeustaquio.com.br\/#\/schema\/logo\/image\/","url":"https:\/\/www.padreeustaquio.com.br\/wp-content\/uploads\/2019\/08\/marca.png","contentUrl":"https:\/\/www.padreeustaquio.com.br\/wp-content\/uploads\/2019\/08\/marca.png","width":350,"height":400,"caption":"Padre Eust\u00e1quio"},"image":{"@id":"https:\/\/www.padreeustaquio.com.br\/#\/schema\/logo\/image\/"},"sameAs":["https:\/\/www.facebook.com\/beatopadreeustaquio\/","https:\/\/x.com\/beatopeustaquio","https:\/\/www.instagram.com\/beatopadreeustaquio\/","https:\/\/www.youtube.com\/channel\/UCRhw7vfabnajwLxb1ZXMeIw"]},{"@type":"Person","@id":"https:\/\/www.padreeustaquio.com.br\/#\/schema\/person\/a2a51db1d00f1a7af0204a0f1ddb1566","name":"@sscc","image":{"@type":"ImageObject","inLanguage":"es","@id":"https:\/\/secure.gravatar.com\/avatar\/68cfafa5f44617fea54071e215026e0ff06be366c3d54a8425f04fdcb86f8c5f?s=96&d=mm&r=g","url":"https:\/\/secure.gravatar.com\/avatar\/68cfafa5f44617fea54071e215026e0ff06be366c3d54a8425f04fdcb86f8c5f?s=96&d=mm&r=g","contentUrl":"https:\/\/secure.gravatar.com\/avatar\/68cfafa5f44617fea54071e215026e0ff06be366c3d54a8425f04fdcb86f8c5f?s=96&d=mm&r=g","caption":"@sscc"},"url":"https:\/\/www.padreeustaquio.com.br\/es\/author\/sscc\/"}]}},"_links":{"self":[{"href":"https:\/\/www.padreeustaquio.com.br\/es\/wp-json\/wp\/v2\/posts\/10209","targetHints":{"allow":["GET"]}}],"collection":[{"href":"https:\/\/www.padreeustaquio.com.br\/es\/wp-json\/wp\/v2\/posts"}],"about":[{"href":"https:\/\/www.padreeustaquio.com.br\/es\/wp-json\/wp\/v2\/types\/post"}],"author":[{"embeddable":true,"href":"https:\/\/www.padreeustaquio.com.br\/es\/wp-json\/wp\/v2\/users\/2"}],"replies":[{"embeddable":true,"href":"https:\/\/www.padreeustaquio.com.br\/es\/wp-json\/wp\/v2\/comments?post=10209"}],"version-history":[{"count":0,"href":"https:\/\/www.padreeustaquio.com.br\/es\/wp-json\/wp\/v2\/posts\/10209\/revisions"}],"wp:featuredmedia":[{"embeddable":true,"href":"https:\/\/www.padreeustaquio.com.br\/es\/wp-json\/wp\/v2\/media\/10210"}],"wp:attachment":[{"href":"https:\/\/www.padreeustaquio.com.br\/es\/wp-json\/wp\/v2\/media?parent=10209"}],"wp:term":[{"taxonomy":"category","embeddable":true,"href":"https:\/\/www.padreeustaquio.com.br\/es\/wp-json\/wp\/v2\/categories?post=10209"},{"taxonomy":"post_tag","embeddable":true,"href":"https:\/\/www.padreeustaquio.com.br\/es\/wp-json\/wp\/v2\/tags?post=10209"}],"curies":[{"name":"wp","href":"https:\/\/api.w.org\/{rel}","templated":true}]}}