{"id":10185,"date":"2023-04-12T06:21:00","date_gmt":"2023-04-12T09:21:00","guid":{"rendered":"https:\/\/www.padreeustaquio.com.br\/?p=10185"},"modified":"2023-04-11T09:37:31","modified_gmt":"2023-04-11T12:37:31","slug":"la-tarde-de-la-misericordia-se-celebrara-en-el-santuario-el-proximo-domingo","status":"publish","type":"post","link":"https:\/\/www.padreeustaquio.com.br\/es\/la-tarde-de-la-misericordia-se-celebrara-en-el-santuario-el-proximo-domingo\/","title":{"rendered":"La Tarde de la Misericordia se celebrar\u00e1 en el Santuario el pr\u00f3ximo domingo."},"content":{"rendered":"<p>Este domingo 16 de abril se llevar\u00e1 a cabo la Tarde de Misericordia en el Santuario de Salud y Paz, Iglesia del Beato Padre Eustaquio.<\/p>\n\n\n\n<p>El evento iniciar\u00e1 a las 2:30 pm y finalizar\u00e1 a las 5:00 pm con la celebraci\u00f3n de la Santa Misa. Habr\u00e1 meditaci\u00f3n de la Coronilla a la Divina Misericordia, alabanza, predicaci\u00f3n y un tiempo de testimonios.<\/p>\n\n\n\n<p>Todos est\u00e1n invitados a participar en este momento de fe y devoci\u00f3n a Jes\u00fas el Misericordioso. No es necesario registrarse previamente; simplemente llegue a la iglesia y \u00fanase.<\/p>\n\n\n\n<p><strong>La fiesta de la Misericordia<\/strong><\/p>\n\n\n\n<p>El segundo domingo de Pascua, la Iglesia celebra la Fiesta de la Divina Misericordia. San Juan Pablo II supo valorar la experiencia m\u00edstica de santa Faustina Kowalska. De hecho, la Iglesia siempre tiene la gracia de contar con personas que se dejan cautivar por la grandeza del amor de Dios para proclamarlo a los dem\u00e1s. Sigue siendo muy v\u00e1lido recurrir a los m\u00edsticos, cuya percepci\u00f3n de los misterios trasciende el pobre razonamiento humano.<\/p>\n\n\n\n<p>Santa Faustina escribe: \u201cOh, Jes\u00fas m\u00edo, t\u00fa sabes que desde mi m\u00e1s tierna infancia anhelaba ser una gran santa, es decir, amarte con un amor tan grande que ning\u00fan alma te hab\u00eda amado antes\u201d (Diario 1372). Sabemos que el Se\u00f1or la eligi\u00f3 para una misi\u00f3n especial. Tras atravesar la \u201cnoche oscura\u201d de pruebas f\u00edsicas, morales y espirituales, a partir de febrero de 1931 en Plock, el mismo Se\u00f1or Jesucristo comenz\u00f3 a manifestarse a Sor Faustina de manera particular, revel\u00e1ndole de manera extraordinaria la centralidad del misterio de la divina misericordia para el mundo y la historia, presente en toda acci\u00f3n divina, particularmente en la Cruz redentora de Cristo, y nuevas formas de culto y apostolado en favor de esta divina misericordia. Ella describe esta primera visi\u00f3n: \u201cDe la t\u00fanica, ligeramente abierta sobre su pecho, sal\u00edan dos grandes rayos, uno rojo y el otro p\u00e1lido. Poco despu\u00e9s, Jes\u00fas me dijo: Pinta una imagen seg\u00fan el modelo que ves, con la inscripci\u00f3n: Jes\u00fas, en ti conf\u00edo\u201d (Diario 47). A lo largo del Diario descubrimos que Jes\u00fas la elige como secretaria, ap\u00f3stol, testigo y dispensadora de la misericordia divina.<\/p>\n\n\n\n<p><\/p>\n\n\n\n<p>**con informaci\u00f3n de <em><a href=\"https:\/\/formacao.cancaonova.com\/igreja\/catequese\/o-sentido-da-festa-da-divina-misericordia\/\" target=\"_blank\" rel=\"noreferrer noopener\">forma\u00e7\u00e3o.can\u00e7\u00e3onova.com<\/a><\/em><\/p>","protected":false},"excerpt":{"rendered":"<p>Neste domingo, dia 16 de abril, ser\u00e1 realizada uma Tarde da Miseric\u00f3rdia no Santu\u00e1rio da Sa\u00fade e da Paz, Igreja do Beato Padre Eust\u00e1quio. O evento come\u00e7ar\u00e1 \u00e0s 14h30 e se encerrar\u00e1 \u00e0s 17h com a celebra\u00e7\u00e3o da Santa Missa. Haver\u00e1 a medita\u00e7\u00e3o do Ter\u00e7o da Miseric\u00f3rdia, louvor, prega\u00e7\u00e3o e um momento destinado para testemunhos. Todas as pessoa s\u00e3o convidadas a participar deste momento de f\u00e9 e devo\u00e7\u00e3o \u00e0 Jesus Misericordioso. N\u00e3o \u00e9 necess\u00e1rio fazer inscri\u00e7\u00e3o antecipada, basta chegar na igreja e participar. A Festa da Miseric\u00f3rdia No segundo Domingo da P\u00e1scoa, a Igreja celebra a Festa da Divina Miseric\u00f3rdia. [&hellip;]<\/p>\n","protected":false},"author":2,"featured_media":10186,"comment_status":"open","ping_status":"closed","sticky":false,"template":"","format":"standard","meta":{"_acf_changed":false,"footnotes":""},"categories":[611],"tags":[],"class_list":["post-10185","post","type-post","status-publish","format-standard","has-post-thumbnail","hentry","category-noticias"],"acf":[],"yoast_head":"<!-- This site is optimized with the Yoast SEO plugin v27.2 - https:\/\/yoast.com\/product\/yoast-seo-wordpress\/ -->\n<title>Tarde da Miseric\u00f3rdia ser\u00e1 realizada no Santu\u00e1rio no pr\u00f3ximo domingo<\/title>\n<meta name=\"description\" content=\"Neste domingo, dia 16 de abril, ser\u00e1 realizada uma Tarde da Miseric\u00f3rdia no Santu\u00e1rio da Sa\u00fade e da Paz, Igreja do Beato Padre Eust\u00e1quio. O evento come\u00e7ar\u00e1 \u00e0s 14h30 e se encerrar\u00e1 \u00e0s 17h com a celebra\u00e7\u00e3o da Santa Missa. Haver\u00e1 a medita\u00e7\u00e3o do Ter\u00e7o da Miseric\u00f3rdia, louvor, prega\u00e7\u00e3o e um momento destinado para testemunhos.\" \/>\n<meta name=\"robots\" content=\"index, follow, max-snippet:-1, max-image-preview:large, max-video-preview:-1\" \/>\n<link rel=\"canonical\" href=\"https:\/\/www.padreeustaquio.com.br\/es\/la-tarde-de-la-misericordia-se-celebrara-en-el-santuario-el-proximo-domingo\/\" \/>\n<meta property=\"og:locale\" content=\"es_ES\" \/>\n<meta property=\"og:type\" content=\"article\" \/>\n<meta property=\"og:title\" content=\"Tarde da Miseric\u00f3rdia ser\u00e1 realizada no Santu\u00e1rio no pr\u00f3ximo domingo\" \/>\n<meta property=\"og:description\" content=\"Neste domingo, dia 16 de abril, ser\u00e1 realizada uma Tarde da Miseric\u00f3rdia no Santu\u00e1rio da Sa\u00fade e da Paz, Igreja do Beato Padre Eust\u00e1quio. O evento come\u00e7ar\u00e1 \u00e0s 14h30 e se encerrar\u00e1 \u00e0s 17h com a celebra\u00e7\u00e3o da Santa Missa. Haver\u00e1 a medita\u00e7\u00e3o do Ter\u00e7o da Miseric\u00f3rdia, louvor, prega\u00e7\u00e3o e um momento destinado para testemunhos.\" \/>\n<meta property=\"og:url\" content=\"https:\/\/www.padreeustaquio.com.br\/es\/la-tarde-de-la-misericordia-se-celebrara-en-el-santuario-el-proximo-domingo\/\" \/>\n<meta property=\"og:site_name\" content=\"Padre Eust\u00e1quio\" \/>\n<meta property=\"article:publisher\" content=\"https:\/\/www.facebook.com\/beatopadreeustaquio\/\" \/>\n<meta property=\"article:published_time\" content=\"2023-04-12T09:21:00+00:00\" \/>\n<meta property=\"og:image\" content=\"https:\/\/www.padreeustaquio.com.br\/wp-content\/uploads\/2023\/04\/not_domingo_da_misericordia.png\" \/>\n\t<meta property=\"og:image:width\" content=\"565\" \/>\n\t<meta property=\"og:image:height\" content=\"300\" \/>\n\t<meta property=\"og:image:type\" content=\"image\/png\" \/>\n<meta name=\"author\" content=\"@sscc\" \/>\n<meta name=\"twitter:card\" content=\"summary_large_image\" \/>\n<meta name=\"twitter:creator\" content=\"@beatopeustaquio\" \/>\n<meta name=\"twitter:site\" content=\"@beatopeustaquio\" \/>\n<meta name=\"twitter:label1\" content=\"Escrito por\" \/>\n\t<meta name=\"twitter:data1\" content=\"@sscc\" \/>\n\t<meta name=\"twitter:label2\" content=\"Tiempo de lectura\" \/>\n\t<meta name=\"twitter:data2\" content=\"2 minutos\" \/>\n<script type=\"application\/ld+json\" class=\"yoast-schema-graph\">{\"@context\":\"https:\/\/schema.org\",\"@graph\":[{\"@type\":\"Article\",\"@id\":\"https:\/\/www.padreeustaquio.com.br\/tarde-da-misericordia-sera-realizada-no-santuario-no-proximo-domingo\/#article\",\"isPartOf\":{\"@id\":\"https:\/\/www.padreeustaquio.com.br\/tarde-da-misericordia-sera-realizada-no-santuario-no-proximo-domingo\/\"},\"author\":{\"name\":\"@sscc\",\"@id\":\"https:\/\/www.padreeustaquio.com.br\/#\/schema\/person\/a2a51db1d00f1a7af0204a0f1ddb1566\"},\"headline\":\"Tarde da Miseric\u00f3rdia ser\u00e1 realizada no Santu\u00e1rio no pr\u00f3ximo domingo\",\"datePublished\":\"2023-04-12T09:21:00+00:00\",\"mainEntityOfPage\":{\"@id\":\"https:\/\/www.padreeustaquio.com.br\/tarde-da-misericordia-sera-realizada-no-santuario-no-proximo-domingo\/\"},\"wordCount\":417,\"commentCount\":0,\"publisher\":{\"@id\":\"https:\/\/www.padreeustaquio.com.br\/#organization\"},\"image\":{\"@id\":\"https:\/\/www.padreeustaquio.com.br\/tarde-da-misericordia-sera-realizada-no-santuario-no-proximo-domingo\/#primaryimage\"},\"thumbnailUrl\":\"https:\/\/www.padreeustaquio.com.br\/wp-content\/uploads\/2023\/04\/not_domingo_da_misericordia.png\",\"articleSection\":[\"Not\u00edcias\"],\"inLanguage\":\"es\",\"potentialAction\":[{\"@type\":\"CommentAction\",\"name\":\"Comment\",\"target\":[\"https:\/\/www.padreeustaquio.com.br\/tarde-da-misericordia-sera-realizada-no-santuario-no-proximo-domingo\/#respond\"]}]},{\"@type\":\"WebPage\",\"@id\":\"https:\/\/www.padreeustaquio.com.br\/tarde-da-misericordia-sera-realizada-no-santuario-no-proximo-domingo\/\",\"url\":\"https:\/\/www.padreeustaquio.com.br\/tarde-da-misericordia-sera-realizada-no-santuario-no-proximo-domingo\/\",\"name\":\"Tarde da Miseric\u00f3rdia ser\u00e1 realizada no Santu\u00e1rio no pr\u00f3ximo domingo\",\"isPartOf\":{\"@id\":\"https:\/\/www.padreeustaquio.com.br\/#website\"},\"primaryImageOfPage\":{\"@id\":\"https:\/\/www.padreeustaquio.com.br\/tarde-da-misericordia-sera-realizada-no-santuario-no-proximo-domingo\/#primaryimage\"},\"image\":{\"@id\":\"https:\/\/www.padreeustaquio.com.br\/tarde-da-misericordia-sera-realizada-no-santuario-no-proximo-domingo\/#primaryimage\"},\"thumbnailUrl\":\"https:\/\/www.padreeustaquio.com.br\/wp-content\/uploads\/2023\/04\/not_domingo_da_misericordia.png\",\"datePublished\":\"2023-04-12T09:21:00+00:00\",\"description\":\"Neste domingo, dia 16 de abril, ser\u00e1 realizada uma Tarde da Miseric\u00f3rdia no Santu\u00e1rio da Sa\u00fade e da Paz, Igreja do Beato Padre Eust\u00e1quio. O evento come\u00e7ar\u00e1 \u00e0s 14h30 e se encerrar\u00e1 \u00e0s 17h com a celebra\u00e7\u00e3o da Santa Missa. Haver\u00e1 a medita\u00e7\u00e3o do Ter\u00e7o da Miseric\u00f3rdia, louvor, prega\u00e7\u00e3o e um momento destinado para testemunhos.\",\"breadcrumb\":{\"@id\":\"https:\/\/www.padreeustaquio.com.br\/tarde-da-misericordia-sera-realizada-no-santuario-no-proximo-domingo\/#breadcrumb\"},\"inLanguage\":\"es\",\"potentialAction\":[{\"@type\":\"ReadAction\",\"target\":[\"https:\/\/www.padreeustaquio.com.br\/tarde-da-misericordia-sera-realizada-no-santuario-no-proximo-domingo\/\"]}]},{\"@type\":\"ImageObject\",\"inLanguage\":\"es\",\"@id\":\"https:\/\/www.padreeustaquio.com.br\/tarde-da-misericordia-sera-realizada-no-santuario-no-proximo-domingo\/#primaryimage\",\"url\":\"https:\/\/www.padreeustaquio.com.br\/wp-content\/uploads\/2023\/04\/not_domingo_da_misericordia.png\",\"contentUrl\":\"https:\/\/www.padreeustaquio.com.br\/wp-content\/uploads\/2023\/04\/not_domingo_da_misericordia.png\",\"width\":565,\"height\":300},{\"@type\":\"BreadcrumbList\",\"@id\":\"https:\/\/www.padreeustaquio.com.br\/tarde-da-misericordia-sera-realizada-no-santuario-no-proximo-domingo\/#breadcrumb\",\"itemListElement\":[{\"@type\":\"ListItem\",\"position\":1,\"name\":\"In\u00edcio\",\"item\":\"https:\/\/www.padreeustaquio.com.br\/\"},{\"@type\":\"ListItem\",\"position\":2,\"name\":\"Tarde da Miseric\u00f3rdia ser\u00e1 realizada no Santu\u00e1rio no pr\u00f3ximo domingo\"}]},{\"@type\":\"WebSite\",\"@id\":\"https:\/\/www.padreeustaquio.com.br\/#website\",\"url\":\"https:\/\/www.padreeustaquio.com.br\/\",\"name\":\"Padre Eust\u00e1quio\",\"description\":\"Sa\u00fade e Paz\",\"publisher\":{\"@id\":\"https:\/\/www.padreeustaquio.com.br\/#organization\"},\"potentialAction\":[{\"@type\":\"SearchAction\",\"target\":{\"@type\":\"EntryPoint\",\"urlTemplate\":\"https:\/\/www.padreeustaquio.com.br\/?s={search_term_string}\"},\"query-input\":{\"@type\":\"PropertyValueSpecification\",\"valueRequired\":true,\"valueName\":\"search_term_string\"}}],\"inLanguage\":\"es\"},{\"@type\":\"Organization\",\"@id\":\"https:\/\/www.padreeustaquio.com.br\/#organization\",\"name\":\"Padre Eust\u00e1quio\",\"url\":\"https:\/\/www.padreeustaquio.com.br\/\",\"logo\":{\"@type\":\"ImageObject\",\"inLanguage\":\"es\",\"@id\":\"https:\/\/www.padreeustaquio.com.br\/#\/schema\/logo\/image\/\",\"url\":\"https:\/\/www.padreeustaquio.com.br\/wp-content\/uploads\/2019\/08\/marca.png\",\"contentUrl\":\"https:\/\/www.padreeustaquio.com.br\/wp-content\/uploads\/2019\/08\/marca.png\",\"width\":350,\"height\":400,\"caption\":\"Padre Eust\u00e1quio\"},\"image\":{\"@id\":\"https:\/\/www.padreeustaquio.com.br\/#\/schema\/logo\/image\/\"},\"sameAs\":[\"https:\/\/www.facebook.com\/beatopadreeustaquio\/\",\"https:\/\/x.com\/beatopeustaquio\",\"https:\/\/www.instagram.com\/beatopadreeustaquio\/\",\"https:\/\/www.youtube.com\/channel\/UCRhw7vfabnajwLxb1ZXMeIw\"]},{\"@type\":\"Person\",\"@id\":\"https:\/\/www.padreeustaquio.com.br\/#\/schema\/person\/a2a51db1d00f1a7af0204a0f1ddb1566\",\"name\":\"@sscc\",\"image\":{\"@type\":\"ImageObject\",\"inLanguage\":\"es\",\"@id\":\"https:\/\/secure.gravatar.com\/avatar\/68cfafa5f44617fea54071e215026e0ff06be366c3d54a8425f04fdcb86f8c5f?s=96&d=mm&r=g\",\"url\":\"https:\/\/secure.gravatar.com\/avatar\/68cfafa5f44617fea54071e215026e0ff06be366c3d54a8425f04fdcb86f8c5f?s=96&d=mm&r=g\",\"contentUrl\":\"https:\/\/secure.gravatar.com\/avatar\/68cfafa5f44617fea54071e215026e0ff06be366c3d54a8425f04fdcb86f8c5f?s=96&d=mm&r=g\",\"caption\":\"@sscc\"},\"url\":\"https:\/\/www.padreeustaquio.com.br\/es\/author\/sscc\/\"}]}<\/script>\n<!-- \/ Yoast SEO plugin. -->","yoast_head_json":{"title":"La Tarde de la Misericordia se celebrar\u00e1 en el Santuario el pr\u00f3ximo domingo.","description":"Este domingo 16 de abril se celebrar\u00e1 una Tarde de Misericordia en el Santuario de la Salud y la Paz, Iglesia del Beato Padre Eustaquio. El evento comenzar\u00e1 a las 14:30 y finalizar\u00e1 a las 17:00 con la celebraci\u00f3n de la Santa Misa. Habr\u00e1 meditaci\u00f3n sobre la Coronilla de la Divina Misericordia, alabanza, predicaci\u00f3n y un espacio para testimonios.","robots":{"index":"index","follow":"follow","max-snippet":"max-snippet:-1","max-image-preview":"max-image-preview:large","max-video-preview":"max-video-preview:-1"},"canonical":"https:\/\/www.padreeustaquio.com.br\/es\/la-tarde-de-la-misericordia-se-celebrara-en-el-santuario-el-proximo-domingo\/","og_locale":"es_ES","og_type":"article","og_title":"Tarde da Miseric\u00f3rdia ser\u00e1 realizada no Santu\u00e1rio no pr\u00f3ximo domingo","og_description":"Neste domingo, dia 16 de abril, ser\u00e1 realizada uma Tarde da Miseric\u00f3rdia no Santu\u00e1rio da Sa\u00fade e da Paz, Igreja do Beato Padre Eust\u00e1quio. O evento come\u00e7ar\u00e1 \u00e0s 14h30 e se encerrar\u00e1 \u00e0s 17h com a celebra\u00e7\u00e3o da Santa Missa. Haver\u00e1 a medita\u00e7\u00e3o do Ter\u00e7o da Miseric\u00f3rdia, louvor, prega\u00e7\u00e3o e um momento destinado para testemunhos.","og_url":"https:\/\/www.padreeustaquio.com.br\/es\/la-tarde-de-la-misericordia-se-celebrara-en-el-santuario-el-proximo-domingo\/","og_site_name":"Padre Eust\u00e1quio","article_publisher":"https:\/\/www.facebook.com\/beatopadreeustaquio\/","article_published_time":"2023-04-12T09:21:00+00:00","og_image":[{"width":565,"height":300,"url":"https:\/\/www.padreeustaquio.com.br\/wp-content\/uploads\/2023\/04\/not_domingo_da_misericordia.png","type":"image\/png"}],"author":"@sscc","twitter_card":"summary_large_image","twitter_creator":"@beatopeustaquio","twitter_site":"@beatopeustaquio","twitter_misc":{"Escrito por":"@sscc","Tiempo de lectura":"2 minutos"},"schema":{"@context":"https:\/\/schema.org","@graph":[{"@type":"Article","@id":"https:\/\/www.padreeustaquio.com.br\/tarde-da-misericordia-sera-realizada-no-santuario-no-proximo-domingo\/#article","isPartOf":{"@id":"https:\/\/www.padreeustaquio.com.br\/tarde-da-misericordia-sera-realizada-no-santuario-no-proximo-domingo\/"},"author":{"name":"@sscc","@id":"https:\/\/www.padreeustaquio.com.br\/#\/schema\/person\/a2a51db1d00f1a7af0204a0f1ddb1566"},"headline":"Tarde da Miseric\u00f3rdia ser\u00e1 realizada no Santu\u00e1rio no pr\u00f3ximo domingo","datePublished":"2023-04-12T09:21:00+00:00","mainEntityOfPage":{"@id":"https:\/\/www.padreeustaquio.com.br\/tarde-da-misericordia-sera-realizada-no-santuario-no-proximo-domingo\/"},"wordCount":417,"commentCount":0,"publisher":{"@id":"https:\/\/www.padreeustaquio.com.br\/#organization"},"image":{"@id":"https:\/\/www.padreeustaquio.com.br\/tarde-da-misericordia-sera-realizada-no-santuario-no-proximo-domingo\/#primaryimage"},"thumbnailUrl":"https:\/\/www.padreeustaquio.com.br\/wp-content\/uploads\/2023\/04\/not_domingo_da_misericordia.png","articleSection":["Not\u00edcias"],"inLanguage":"es","potentialAction":[{"@type":"CommentAction","name":"Comment","target":["https:\/\/www.padreeustaquio.com.br\/tarde-da-misericordia-sera-realizada-no-santuario-no-proximo-domingo\/#respond"]}]},{"@type":"WebPage","@id":"https:\/\/www.padreeustaquio.com.br\/tarde-da-misericordia-sera-realizada-no-santuario-no-proximo-domingo\/","url":"https:\/\/www.padreeustaquio.com.br\/tarde-da-misericordia-sera-realizada-no-santuario-no-proximo-domingo\/","name":"La Tarde de la Misericordia se celebrar\u00e1 en el Santuario el pr\u00f3ximo domingo.","isPartOf":{"@id":"https:\/\/www.padreeustaquio.com.br\/#website"},"primaryImageOfPage":{"@id":"https:\/\/www.padreeustaquio.com.br\/tarde-da-misericordia-sera-realizada-no-santuario-no-proximo-domingo\/#primaryimage"},"image":{"@id":"https:\/\/www.padreeustaquio.com.br\/tarde-da-misericordia-sera-realizada-no-santuario-no-proximo-domingo\/#primaryimage"},"thumbnailUrl":"https:\/\/www.padreeustaquio.com.br\/wp-content\/uploads\/2023\/04\/not_domingo_da_misericordia.png","datePublished":"2023-04-12T09:21:00+00:00","description":"Este domingo 16 de abril se celebrar\u00e1 una Tarde de Misericordia en el Santuario de la Salud y la Paz, Iglesia del Beato Padre Eustaquio. El evento comenzar\u00e1 a las 14:30 y finalizar\u00e1 a las 17:00 con la celebraci\u00f3n de la Santa Misa. Habr\u00e1 meditaci\u00f3n sobre la Coronilla de la Divina Misericordia, alabanza, predicaci\u00f3n y un espacio para testimonios.","breadcrumb":{"@id":"https:\/\/www.padreeustaquio.com.br\/tarde-da-misericordia-sera-realizada-no-santuario-no-proximo-domingo\/#breadcrumb"},"inLanguage":"es","potentialAction":[{"@type":"ReadAction","target":["https:\/\/www.padreeustaquio.com.br\/tarde-da-misericordia-sera-realizada-no-santuario-no-proximo-domingo\/"]}]},{"@type":"ImageObject","inLanguage":"es","@id":"https:\/\/www.padreeustaquio.com.br\/tarde-da-misericordia-sera-realizada-no-santuario-no-proximo-domingo\/#primaryimage","url":"https:\/\/www.padreeustaquio.com.br\/wp-content\/uploads\/2023\/04\/not_domingo_da_misericordia.png","contentUrl":"https:\/\/www.padreeustaquio.com.br\/wp-content\/uploads\/2023\/04\/not_domingo_da_misericordia.png","width":565,"height":300},{"@type":"BreadcrumbList","@id":"https:\/\/www.padreeustaquio.com.br\/tarde-da-misericordia-sera-realizada-no-santuario-no-proximo-domingo\/#breadcrumb","itemListElement":[{"@type":"ListItem","position":1,"name":"In\u00edcio","item":"https:\/\/www.padreeustaquio.com.br\/"},{"@type":"ListItem","position":2,"name":"Tarde da Miseric\u00f3rdia ser\u00e1 realizada no Santu\u00e1rio no pr\u00f3ximo domingo"}]},{"@type":"WebSite","@id":"https:\/\/www.padreeustaquio.com.br\/#website","url":"https:\/\/www.padreeustaquio.com.br\/","name":"Padre Eustace","description":"Salud y Paz","publisher":{"@id":"https:\/\/www.padreeustaquio.com.br\/#organization"},"potentialAction":[{"@type":"SearchAction","target":{"@type":"EntryPoint","urlTemplate":"https:\/\/www.padreeustaquio.com.br\/?s={search_term_string}"},"query-input":{"@type":"PropertyValueSpecification","valueRequired":true,"valueName":"search_term_string"}}],"inLanguage":"es"},{"@type":"Organization","@id":"https:\/\/www.padreeustaquio.com.br\/#organization","name":"Padre Eustace","url":"https:\/\/www.padreeustaquio.com.br\/","logo":{"@type":"ImageObject","inLanguage":"es","@id":"https:\/\/www.padreeustaquio.com.br\/#\/schema\/logo\/image\/","url":"https:\/\/www.padreeustaquio.com.br\/wp-content\/uploads\/2019\/08\/marca.png","contentUrl":"https:\/\/www.padreeustaquio.com.br\/wp-content\/uploads\/2019\/08\/marca.png","width":350,"height":400,"caption":"Padre Eust\u00e1quio"},"image":{"@id":"https:\/\/www.padreeustaquio.com.br\/#\/schema\/logo\/image\/"},"sameAs":["https:\/\/www.facebook.com\/beatopadreeustaquio\/","https:\/\/x.com\/beatopeustaquio","https:\/\/www.instagram.com\/beatopadreeustaquio\/","https:\/\/www.youtube.com\/channel\/UCRhw7vfabnajwLxb1ZXMeIw"]},{"@type":"Person","@id":"https:\/\/www.padreeustaquio.com.br\/#\/schema\/person\/a2a51db1d00f1a7af0204a0f1ddb1566","name":"@sscc","image":{"@type":"ImageObject","inLanguage":"es","@id":"https:\/\/secure.gravatar.com\/avatar\/68cfafa5f44617fea54071e215026e0ff06be366c3d54a8425f04fdcb86f8c5f?s=96&d=mm&r=g","url":"https:\/\/secure.gravatar.com\/avatar\/68cfafa5f44617fea54071e215026e0ff06be366c3d54a8425f04fdcb86f8c5f?s=96&d=mm&r=g","contentUrl":"https:\/\/secure.gravatar.com\/avatar\/68cfafa5f44617fea54071e215026e0ff06be366c3d54a8425f04fdcb86f8c5f?s=96&d=mm&r=g","caption":"@sscc"},"url":"https:\/\/www.padreeustaquio.com.br\/es\/author\/sscc\/"}]}},"_links":{"self":[{"href":"https:\/\/www.padreeustaquio.com.br\/es\/wp-json\/wp\/v2\/posts\/10185","targetHints":{"allow":["GET"]}}],"collection":[{"href":"https:\/\/www.padreeustaquio.com.br\/es\/wp-json\/wp\/v2\/posts"}],"about":[{"href":"https:\/\/www.padreeustaquio.com.br\/es\/wp-json\/wp\/v2\/types\/post"}],"author":[{"embeddable":true,"href":"https:\/\/www.padreeustaquio.com.br\/es\/wp-json\/wp\/v2\/users\/2"}],"replies":[{"embeddable":true,"href":"https:\/\/www.padreeustaquio.com.br\/es\/wp-json\/wp\/v2\/comments?post=10185"}],"version-history":[{"count":0,"href":"https:\/\/www.padreeustaquio.com.br\/es\/wp-json\/wp\/v2\/posts\/10185\/revisions"}],"wp:featuredmedia":[{"embeddable":true,"href":"https:\/\/www.padreeustaquio.com.br\/es\/wp-json\/wp\/v2\/media\/10186"}],"wp:attachment":[{"href":"https:\/\/www.padreeustaquio.com.br\/es\/wp-json\/wp\/v2\/media?parent=10185"}],"wp:term":[{"taxonomy":"category","embeddable":true,"href":"https:\/\/www.padreeustaquio.com.br\/es\/wp-json\/wp\/v2\/categories?post=10185"},{"taxonomy":"post_tag","embeddable":true,"href":"https:\/\/www.padreeustaquio.com.br\/es\/wp-json\/wp\/v2\/tags?post=10185"}],"curies":[{"name":"wp","href":"https:\/\/api.w.org\/{rel}","templated":true}]}}