{"id":10172,"date":"2023-04-10T12:00:00","date_gmt":"2023-04-10T15:00:00","guid":{"rendered":"https:\/\/www.padreeustaquio.com.br\/?p=10172"},"modified":"2023-04-12T11:53:59","modified_gmt":"2023-04-12T14:53:59","slug":"vea-como-fue-la-semana-santa-en-la-iglesia-del-padre-eustaquio-en-belo-horizonte","status":"publish","type":"post","link":"https:\/\/www.padreeustaquio.com.br\/es\/vea-como-fue-la-semana-santa-en-la-iglesia-del-padre-eustaquio-en-belo-horizonte\/","title":{"rendered":"Vea c\u00f3mo fue la Semana Santa en la Iglesia de Padre Eustaquio en Belo Horizonte."},"content":{"rendered":"<p>Las actividades comenzaron el fin de semana del 1 y 2 de abril, con seis celebraciones, incluyendo la bendici\u00f3n de ramos, una el s\u00e1bado y cinco el domingo. Un momento culminante fue la misa dominical de las 10:00 a. m., que comenz\u00f3 con la bendici\u00f3n de ramos en el Colegio Marista Padre Eust\u00e1quio, seguida de una procesi\u00f3n de fieles hasta el Santuario, donde concluy\u00f3 la Santa Misa. <a href=\"https:\/\/drive.google.com\/drive\/folders\/1lKOgvnW9oTLJeVjtZ6g5-tfZ8pqxK6Ak?usp=sharing\" target=\"_blank\" rel=\"noreferrer noopener\">VER LAS FOTOS<\/a><\/p>\n\n\n<div class=\"wp-block-image\">\n<figure class=\"alignleft size-medium\"><img fetchpriority=\"high\" decoding=\"async\" width=\"300\" height=\"225\" src=\"https:\/\/www.padreeustaquio.com.br\/wp-content\/uploads\/2023\/04\/Lava-pes-300x225.jpeg\" alt=\"\" class=\"wp-image-10174\" srcset=\"https:\/\/www.padreeustaquio.com.br\/wp-content\/uploads\/2023\/04\/Lava-pes-300x225.jpeg 300w, https:\/\/www.padreeustaquio.com.br\/wp-content\/uploads\/2023\/04\/Lava-pes-1024x768.jpeg 1024w, https:\/\/www.padreeustaquio.com.br\/wp-content\/uploads\/2023\/04\/Lava-pes-768x576.jpeg 768w, https:\/\/www.padreeustaquio.com.br\/wp-content\/uploads\/2023\/04\/Lava-pes-1536x1152.jpeg 1536w, https:\/\/www.padreeustaquio.com.br\/wp-content\/uploads\/2023\/04\/Lava-pes-180x135.jpeg 180w, https:\/\/www.padreeustaquio.com.br\/wp-content\/uploads\/2023\/04\/Lava-pes-400x300.jpeg 400w, https:\/\/www.padreeustaquio.com.br\/wp-content\/uploads\/2023\/04\/Lava-pes-600x450.jpeg 600w, https:\/\/www.padreeustaquio.com.br\/wp-content\/uploads\/2023\/04\/Lava-pes-800x600.jpeg 800w, https:\/\/www.padreeustaquio.com.br\/wp-content\/uploads\/2023\/04\/Lava-pes-1200x900.jpeg 1200w, https:\/\/www.padreeustaquio.com.br\/wp-content\/uploads\/2023\/04\/Lava-pes.jpeg 1600w\" sizes=\"(max-width: 300px) 100vw, 300px\" \/><\/figure>\n<\/div>\n\n\n<p>El lunes y el martes se celebr\u00f3 la Santa Misa en el Santuario de la Salud y la Paz. El mi\u00e9rcoles, adem\u00e1s de la celebraci\u00f3n en el Santuario, tuvo lugar la procesi\u00f3n del encuentro. La imagen de Nuestro Se\u00f1or de los Pasos parti\u00f3 del Complejo Santos Dumont, mientras que la imagen de Nuestra Se\u00f1ora de los Dolores la sigui\u00f3 en procesi\u00f3n desde el Hogar Do\u00f1a Paula. Los fieles acompa\u00f1aron la procesi\u00f3n en oraci\u00f3n hasta el Santuario, donde tuvo lugar el encuentro entre madre e hijo. El hermano Vanildo Sena, ss.cc., pronunci\u00f3 el Serm\u00f3n del Encuentro en la plaza de la iglesia.<\/p>\n\n\n<div class=\"wp-block-image\">\n<figure class=\"alignright size-medium\"><img decoding=\"async\" width=\"225\" height=\"300\" src=\"https:\/\/www.padreeustaquio.com.br\/wp-content\/uploads\/2023\/04\/teatro-225x300.jpeg\" alt=\"\" class=\"wp-image-10176\" srcset=\"https:\/\/www.padreeustaquio.com.br\/wp-content\/uploads\/2023\/04\/teatro-225x300.jpeg 225w, https:\/\/www.padreeustaquio.com.br\/wp-content\/uploads\/2023\/04\/teatro-768x1024.jpeg 768w, https:\/\/www.padreeustaquio.com.br\/wp-content\/uploads\/2023\/04\/teatro-1152x1536.jpeg 1152w, https:\/\/www.padreeustaquio.com.br\/wp-content\/uploads\/2023\/04\/teatro.jpeg 1200w\" sizes=\"(max-width: 225px) 100vw, 225px\" \/><\/figure>\n<\/div>\n\n\n<p>El Jueves Santo, a las 9:00 h, sacerdotes, seminaristas y fieles del Santuario de la Salud y la Paz participaron en la Misa de la Unidad (Santos \u00d3leos) en la Catedral de Cristo Rey. La celebraci\u00f3n fue presidida por el Arzobispo Metropolitano de Belo Horizonte, Dom Walmor de Oliveira Azevedo. Esa noche, se celebr\u00f3 la Misa del Lavatorio de Pies en el Santuario. Este a\u00f1o, siguiendo el tema propuesto por la Campa\u00f1a de Fraternidad 2023, &quot;Fraternidad y Hambre&quot;, los invitados a la ceremonia del lavatorio de pies fueron personas que trabajan en programas de acci\u00f3n social del Santuario. Asistieron cuatro representantes de las Damas de la Caridad, cuatro de los Vicentinos y cuatro del Bazar Padre Eust\u00e1quio. Tras la celebraci\u00f3n, presidida por el rector del Santuario, Padre Vin\u00edcius Maciel, se celebr\u00f3 la Vigilia Eucar\u00edstica.<\/p>\n\n\n<div class=\"wp-block-image\">\n<figure class=\"alignleft size-medium\"><img decoding=\"async\" width=\"225\" height=\"300\" src=\"https:\/\/www.padreeustaquio.com.br\/wp-content\/uploads\/2023\/04\/vigilia-225x300.jpeg\" alt=\"\" class=\"wp-image-10178\" srcset=\"https:\/\/www.padreeustaquio.com.br\/wp-content\/uploads\/2023\/04\/vigilia-225x300.jpeg 225w, https:\/\/www.padreeustaquio.com.br\/wp-content\/uploads\/2023\/04\/vigilia-768x1024.jpeg 768w, https:\/\/www.padreeustaquio.com.br\/wp-content\/uploads\/2023\/04\/vigilia-1152x1536.jpeg 1152w, https:\/\/www.padreeustaquio.com.br\/wp-content\/uploads\/2023\/04\/vigilia.jpeg 1200w\" sizes=\"(max-width: 225px) 100vw, 225px\" \/><\/figure>\n<\/div>\n\n\n<p>El Viernes Santo, el programa comenz\u00f3 temprano. A las 7:00 a. m., se celebr\u00f3 la Coronaci\u00f3n de los Dolores de Nuestra Se\u00f1ora en el Santuario. Simult\u00e1neamente, se realiz\u00f3 una procesi\u00f3n del V\u00eda Crucis por las calles del barrio Padre Eust\u00e1quio. A las 12:00 p. m., se pronunci\u00f3 el Serm\u00f3n de las Siete \u00daltimas Palabras en la Iglesia. A las 3:00 p. m., tuvo lugar la Celebraci\u00f3n de la Pasi\u00f3n y Muerte de Nuestro Se\u00f1or Jesucristo, con adoraci\u00f3n a la Santa Cruz. Por la noche, numerosas personas asistieron a la representaci\u00f3n de la Pasi\u00f3n.<\/p>\n\n\n\n<p>El s\u00e1bado, los feligreses acudieron al Santuario para realizar una limpieza. Por la noche, se realiz\u00f3 la Bendici\u00f3n del Fuego Nuevo en el Colegio Marista Padre Eust\u00e1quio, seguida de una procesi\u00f3n con velas hasta la Iglesia. Tras la celebraci\u00f3n, hubo una reuni\u00f3n en el Centro Comunitario. El Domingo de Pascua, que concluy\u00f3 la Semana Santa de 2023, se celebraron cinco misas en el Santuario.<\/p>\n\n\n\n<p>Adem\u00e1s de los miles de fieles que asistieron presencialmente a la Semana Santa en el Santuario, miles m\u00e1s la siguieron a trav\u00e9s del Canal de YouTube Padre Eust\u00e1quio, que transmiti\u00f3 casi todo el programa para aquellos que no pudieron asistir al Santuario.<\/p>\n\n\n\n<p><a href=\"https:\/\/drive.google.com\/drive\/folders\/1lKOgvnW9oTLJeVjtZ6g5-tfZ8pqxK6Ak?usp=sharing\" target=\"_blank\" rel=\"noreferrer noopener\">HAGA CLIC AQU\u00cd<\/a> Y mira todas las fotos de las celebraciones de la Semana Santa 2023 en el Santuario.<\/p>\n\n\n\n<p><\/p>","protected":false},"excerpt":{"rendered":"<p>As atividades come\u00e7aram no fim de semana dos dias 1\u00ba e 02 de abril, com seis celebra\u00e7\u00f5es com a b\u00ean\u00e7\u00e3o de ramos, uma no s\u00e1bado e cinco no domingo. Destaque para a Missa Dominical das 10h, que teve in\u00edcio com a B\u00ean\u00e7\u00e3o dos Ramos no Col\u00e9gio Marista Padre Eust\u00e1quio, em seguida, os fi\u00e9is seguiram em prociss\u00e3o at\u00e9 o Santu\u00e1rio onde a Santa Missa foi conclu\u00edda. VEJA AS FOTOS Na segunda e na ter\u00e7a-feira houve celebra\u00e7\u00f5es de Santa Missa no Santu\u00e1rio da Sa\u00fade e da Paz. Na quarta, al\u00e9m da celebra\u00e7\u00e3o no Santu\u00e1rio, foi realizada a prociss\u00e3o do encontro. A imagem [&hellip;]<\/p>\n","protected":false},"author":2,"featured_media":10173,"comment_status":"open","ping_status":"closed","sticky":false,"template":"","format":"standard","meta":{"_acf_changed":false,"footnotes":""},"categories":[611],"tags":[],"class_list":["post-10172","post","type-post","status-publish","format-standard","has-post-thumbnail","hentry","category-noticias"],"acf":[],"yoast_head":"<!-- This site is optimized with the Yoast SEO plugin v27.2 - https:\/\/yoast.com\/product\/yoast-seo-wordpress\/ -->\n<title>Veja como foi a Semana Santa na Igreja do Padre Eust\u00e1quio, em Belo Horizonte<\/title>\n<meta name=\"description\" content=\"As atividades come\u00e7aram no fim de semana dos dias 1\u00ba e 02 de abril, com seis celebra\u00e7\u00f5es com a b\u00ean\u00e7\u00e3o de ramos, uma no s\u00e1bado e cinco no domingo. Destaque para a Missa Dominical das 10h, que teve in\u00edcio com a B\u00ean\u00e7\u00e3o dos Ramos no Col\u00e9gio Marista Padre Eust\u00e1quio, em seguida, os fi\u00e9is seguiram em prociss\u00e3o at\u00e9 o Santu\u00e1rio onde a Santa Missa foi conclu\u00edda.\" \/>\n<meta name=\"robots\" content=\"index, follow, max-snippet:-1, max-image-preview:large, max-video-preview:-1\" \/>\n<link rel=\"canonical\" href=\"https:\/\/www.padreeustaquio.com.br\/es\/vea-como-fue-la-semana-santa-en-la-iglesia-del-padre-eustaquio-en-belo-horizonte\/\" \/>\n<meta property=\"og:locale\" content=\"es_ES\" \/>\n<meta property=\"og:type\" content=\"article\" \/>\n<meta property=\"og:title\" content=\"Veja como foi a Semana Santa na Igreja do Padre Eust\u00e1quio, em Belo Horizonte\" \/>\n<meta property=\"og:description\" content=\"As atividades come\u00e7aram no fim de semana dos dias 1\u00ba e 02 de abril, com seis celebra\u00e7\u00f5es com a b\u00ean\u00e7\u00e3o de ramos, uma no s\u00e1bado e cinco no domingo. Destaque para a Missa Dominical das 10h, que teve in\u00edcio com a B\u00ean\u00e7\u00e3o dos Ramos no Col\u00e9gio Marista Padre Eust\u00e1quio, em seguida, os fi\u00e9is seguiram em prociss\u00e3o at\u00e9 o Santu\u00e1rio onde a Santa Missa foi conclu\u00edda.\" \/>\n<meta property=\"og:url\" content=\"https:\/\/www.padreeustaquio.com.br\/es\/vea-como-fue-la-semana-santa-en-la-iglesia-del-padre-eustaquio-en-belo-horizonte\/\" \/>\n<meta property=\"og:site_name\" content=\"Padre Eust\u00e1quio\" \/>\n<meta property=\"article:publisher\" content=\"https:\/\/www.facebook.com\/beatopadreeustaquio\/\" \/>\n<meta property=\"article:published_time\" content=\"2023-04-10T15:00:00+00:00\" \/>\n<meta property=\"article:modified_time\" content=\"2023-04-12T14:53:59+00:00\" \/>\n<meta property=\"og:image\" content=\"https:\/\/www.padreeustaquio.com.br\/wp-content\/uploads\/2023\/04\/domingo-de-ramos-e1681151358890.jpeg\" \/>\n\t<meta property=\"og:image:width\" content=\"1596\" \/>\n\t<meta property=\"og:image:height\" content=\"892\" \/>\n\t<meta property=\"og:image:type\" content=\"image\/jpeg\" \/>\n<meta name=\"author\" content=\"@sscc\" \/>\n<meta name=\"twitter:card\" content=\"summary_large_image\" \/>\n<meta name=\"twitter:creator\" content=\"@beatopeustaquio\" \/>\n<meta name=\"twitter:site\" content=\"@beatopeustaquio\" \/>\n<meta name=\"twitter:label1\" content=\"Escrito por\" \/>\n\t<meta name=\"twitter:data1\" content=\"@sscc\" \/>\n\t<meta name=\"twitter:label2\" content=\"Tiempo de lectura\" \/>\n\t<meta name=\"twitter:data2\" content=\"4 minutos\" \/>\n<script type=\"application\/ld+json\" class=\"yoast-schema-graph\">{\"@context\":\"https:\/\/schema.org\",\"@graph\":[{\"@type\":\"Article\",\"@id\":\"https:\/\/www.padreeustaquio.com.br\/veja-como-foi-a-semana-santa-na-igreja-do-padre-eustaquio-em-belo-horizonte\/#article\",\"isPartOf\":{\"@id\":\"https:\/\/www.padreeustaquio.com.br\/veja-como-foi-a-semana-santa-na-igreja-do-padre-eustaquio-em-belo-horizonte\/\"},\"author\":{\"name\":\"@sscc\",\"@id\":\"https:\/\/www.padreeustaquio.com.br\/#\/schema\/person\/a2a51db1d00f1a7af0204a0f1ddb1566\"},\"headline\":\"Veja como foi a Semana Santa na Igreja do Padre Eust\u00e1quio, em Belo Horizonte\",\"datePublished\":\"2023-04-10T15:00:00+00:00\",\"dateModified\":\"2023-04-12T14:53:59+00:00\",\"mainEntityOfPage\":{\"@id\":\"https:\/\/www.padreeustaquio.com.br\/veja-como-foi-a-semana-santa-na-igreja-do-padre-eustaquio-em-belo-horizonte\/\"},\"wordCount\":546,\"commentCount\":0,\"publisher\":{\"@id\":\"https:\/\/www.padreeustaquio.com.br\/#organization\"},\"image\":{\"@id\":\"https:\/\/www.padreeustaquio.com.br\/veja-como-foi-a-semana-santa-na-igreja-do-padre-eustaquio-em-belo-horizonte\/#primaryimage\"},\"thumbnailUrl\":\"https:\/\/www.padreeustaquio.com.br\/wp-content\/uploads\/2023\/04\/domingo-de-ramos-e1681151358890.jpeg\",\"articleSection\":[\"Not\u00edcias\"],\"inLanguage\":\"es\",\"potentialAction\":[{\"@type\":\"CommentAction\",\"name\":\"Comment\",\"target\":[\"https:\/\/www.padreeustaquio.com.br\/veja-como-foi-a-semana-santa-na-igreja-do-padre-eustaquio-em-belo-horizonte\/#respond\"]}]},{\"@type\":\"WebPage\",\"@id\":\"https:\/\/www.padreeustaquio.com.br\/veja-como-foi-a-semana-santa-na-igreja-do-padre-eustaquio-em-belo-horizonte\/\",\"url\":\"https:\/\/www.padreeustaquio.com.br\/veja-como-foi-a-semana-santa-na-igreja-do-padre-eustaquio-em-belo-horizonte\/\",\"name\":\"Veja como foi a Semana Santa na Igreja do Padre Eust\u00e1quio, em Belo Horizonte\",\"isPartOf\":{\"@id\":\"https:\/\/www.padreeustaquio.com.br\/#website\"},\"primaryImageOfPage\":{\"@id\":\"https:\/\/www.padreeustaquio.com.br\/veja-como-foi-a-semana-santa-na-igreja-do-padre-eustaquio-em-belo-horizonte\/#primaryimage\"},\"image\":{\"@id\":\"https:\/\/www.padreeustaquio.com.br\/veja-como-foi-a-semana-santa-na-igreja-do-padre-eustaquio-em-belo-horizonte\/#primaryimage\"},\"thumbnailUrl\":\"https:\/\/www.padreeustaquio.com.br\/wp-content\/uploads\/2023\/04\/domingo-de-ramos-e1681151358890.jpeg\",\"datePublished\":\"2023-04-10T15:00:00+00:00\",\"dateModified\":\"2023-04-12T14:53:59+00:00\",\"description\":\"As atividades come\u00e7aram no fim de semana dos dias 1\u00ba e 02 de abril, com seis celebra\u00e7\u00f5es com a b\u00ean\u00e7\u00e3o de ramos, uma no s\u00e1bado e cinco no domingo. Destaque para a Missa Dominical das 10h, que teve in\u00edcio com a B\u00ean\u00e7\u00e3o dos Ramos no Col\u00e9gio Marista Padre Eust\u00e1quio, em seguida, os fi\u00e9is seguiram em prociss\u00e3o at\u00e9 o Santu\u00e1rio onde a Santa Missa foi conclu\u00edda.\",\"breadcrumb\":{\"@id\":\"https:\/\/www.padreeustaquio.com.br\/veja-como-foi-a-semana-santa-na-igreja-do-padre-eustaquio-em-belo-horizonte\/#breadcrumb\"},\"inLanguage\":\"es\",\"potentialAction\":[{\"@type\":\"ReadAction\",\"target\":[\"https:\/\/www.padreeustaquio.com.br\/veja-como-foi-a-semana-santa-na-igreja-do-padre-eustaquio-em-belo-horizonte\/\"]}]},{\"@type\":\"ImageObject\",\"inLanguage\":\"es\",\"@id\":\"https:\/\/www.padreeustaquio.com.br\/veja-como-foi-a-semana-santa-na-igreja-do-padre-eustaquio-em-belo-horizonte\/#primaryimage\",\"url\":\"https:\/\/www.padreeustaquio.com.br\/wp-content\/uploads\/2023\/04\/domingo-de-ramos-e1681151358890.jpeg\",\"contentUrl\":\"https:\/\/www.padreeustaquio.com.br\/wp-content\/uploads\/2023\/04\/domingo-de-ramos-e1681151358890.jpeg\",\"width\":1596,\"height\":892},{\"@type\":\"BreadcrumbList\",\"@id\":\"https:\/\/www.padreeustaquio.com.br\/veja-como-foi-a-semana-santa-na-igreja-do-padre-eustaquio-em-belo-horizonte\/#breadcrumb\",\"itemListElement\":[{\"@type\":\"ListItem\",\"position\":1,\"name\":\"In\u00edcio\",\"item\":\"https:\/\/www.padreeustaquio.com.br\/\"},{\"@type\":\"ListItem\",\"position\":2,\"name\":\"Veja como foi a Semana Santa na Igreja do Padre Eust\u00e1quio, em Belo Horizonte\"}]},{\"@type\":\"WebSite\",\"@id\":\"https:\/\/www.padreeustaquio.com.br\/#website\",\"url\":\"https:\/\/www.padreeustaquio.com.br\/\",\"name\":\"Padre Eust\u00e1quio\",\"description\":\"Sa\u00fade e Paz\",\"publisher\":{\"@id\":\"https:\/\/www.padreeustaquio.com.br\/#organization\"},\"potentialAction\":[{\"@type\":\"SearchAction\",\"target\":{\"@type\":\"EntryPoint\",\"urlTemplate\":\"https:\/\/www.padreeustaquio.com.br\/?s={search_term_string}\"},\"query-input\":{\"@type\":\"PropertyValueSpecification\",\"valueRequired\":true,\"valueName\":\"search_term_string\"}}],\"inLanguage\":\"es\"},{\"@type\":\"Organization\",\"@id\":\"https:\/\/www.padreeustaquio.com.br\/#organization\",\"name\":\"Padre Eust\u00e1quio\",\"url\":\"https:\/\/www.padreeustaquio.com.br\/\",\"logo\":{\"@type\":\"ImageObject\",\"inLanguage\":\"es\",\"@id\":\"https:\/\/www.padreeustaquio.com.br\/#\/schema\/logo\/image\/\",\"url\":\"https:\/\/www.padreeustaquio.com.br\/wp-content\/uploads\/2019\/08\/marca.png\",\"contentUrl\":\"https:\/\/www.padreeustaquio.com.br\/wp-content\/uploads\/2019\/08\/marca.png\",\"width\":350,\"height\":400,\"caption\":\"Padre Eust\u00e1quio\"},\"image\":{\"@id\":\"https:\/\/www.padreeustaquio.com.br\/#\/schema\/logo\/image\/\"},\"sameAs\":[\"https:\/\/www.facebook.com\/beatopadreeustaquio\/\",\"https:\/\/x.com\/beatopeustaquio\",\"https:\/\/www.instagram.com\/beatopadreeustaquio\/\",\"https:\/\/www.youtube.com\/channel\/UCRhw7vfabnajwLxb1ZXMeIw\"]},{\"@type\":\"Person\",\"@id\":\"https:\/\/www.padreeustaquio.com.br\/#\/schema\/person\/a2a51db1d00f1a7af0204a0f1ddb1566\",\"name\":\"@sscc\",\"image\":{\"@type\":\"ImageObject\",\"inLanguage\":\"es\",\"@id\":\"https:\/\/secure.gravatar.com\/avatar\/68cfafa5f44617fea54071e215026e0ff06be366c3d54a8425f04fdcb86f8c5f?s=96&d=mm&r=g\",\"url\":\"https:\/\/secure.gravatar.com\/avatar\/68cfafa5f44617fea54071e215026e0ff06be366c3d54a8425f04fdcb86f8c5f?s=96&d=mm&r=g\",\"contentUrl\":\"https:\/\/secure.gravatar.com\/avatar\/68cfafa5f44617fea54071e215026e0ff06be366c3d54a8425f04fdcb86f8c5f?s=96&d=mm&r=g\",\"caption\":\"@sscc\"},\"url\":\"https:\/\/www.padreeustaquio.com.br\/es\/author\/sscc\/\"}]}<\/script>\n<!-- \/ Yoast SEO plugin. -->","yoast_head_json":{"title":"Vea c\u00f3mo fue la Semana Santa en la Iglesia de Padre Eustaquio en Belo Horizonte.","description":"Las actividades comenzaron el fin de semana del 1 y 2 de abril, con seis celebraciones, incluyendo la bendici\u00f3n de ramos, una el s\u00e1bado y cinco el domingo. Un momento culminante fue la misa dominical de las 10:00 a. m., que comenz\u00f3 con la bendici\u00f3n de ramos en el Colegio Marista Padre Eust\u00e1quio, seguida de una procesi\u00f3n de fieles hasta el Santuario, donde concluy\u00f3 la Santa Misa.","robots":{"index":"index","follow":"follow","max-snippet":"max-snippet:-1","max-image-preview":"max-image-preview:large","max-video-preview":"max-video-preview:-1"},"canonical":"https:\/\/www.padreeustaquio.com.br\/es\/vea-como-fue-la-semana-santa-en-la-iglesia-del-padre-eustaquio-en-belo-horizonte\/","og_locale":"es_ES","og_type":"article","og_title":"Veja como foi a Semana Santa na Igreja do Padre Eust\u00e1quio, em Belo Horizonte","og_description":"As atividades come\u00e7aram no fim de semana dos dias 1\u00ba e 02 de abril, com seis celebra\u00e7\u00f5es com a b\u00ean\u00e7\u00e3o de ramos, uma no s\u00e1bado e cinco no domingo. Destaque para a Missa Dominical das 10h, que teve in\u00edcio com a B\u00ean\u00e7\u00e3o dos Ramos no Col\u00e9gio Marista Padre Eust\u00e1quio, em seguida, os fi\u00e9is seguiram em prociss\u00e3o at\u00e9 o Santu\u00e1rio onde a Santa Missa foi conclu\u00edda.","og_url":"https:\/\/www.padreeustaquio.com.br\/es\/vea-como-fue-la-semana-santa-en-la-iglesia-del-padre-eustaquio-en-belo-horizonte\/","og_site_name":"Padre Eust\u00e1quio","article_publisher":"https:\/\/www.facebook.com\/beatopadreeustaquio\/","article_published_time":"2023-04-10T15:00:00+00:00","article_modified_time":"2023-04-12T14:53:59+00:00","og_image":[{"width":1596,"height":892,"url":"https:\/\/www.padreeustaquio.com.br\/wp-content\/uploads\/2023\/04\/domingo-de-ramos-e1681151358890.jpeg","type":"image\/jpeg"}],"author":"@sscc","twitter_card":"summary_large_image","twitter_creator":"@beatopeustaquio","twitter_site":"@beatopeustaquio","twitter_misc":{"Escrito por":"@sscc","Tiempo de lectura":"4 minutos"},"schema":{"@context":"https:\/\/schema.org","@graph":[{"@type":"Article","@id":"https:\/\/www.padreeustaquio.com.br\/veja-como-foi-a-semana-santa-na-igreja-do-padre-eustaquio-em-belo-horizonte\/#article","isPartOf":{"@id":"https:\/\/www.padreeustaquio.com.br\/veja-como-foi-a-semana-santa-na-igreja-do-padre-eustaquio-em-belo-horizonte\/"},"author":{"name":"@sscc","@id":"https:\/\/www.padreeustaquio.com.br\/#\/schema\/person\/a2a51db1d00f1a7af0204a0f1ddb1566"},"headline":"Veja como foi a Semana Santa na Igreja do Padre Eust\u00e1quio, em Belo Horizonte","datePublished":"2023-04-10T15:00:00+00:00","dateModified":"2023-04-12T14:53:59+00:00","mainEntityOfPage":{"@id":"https:\/\/www.padreeustaquio.com.br\/veja-como-foi-a-semana-santa-na-igreja-do-padre-eustaquio-em-belo-horizonte\/"},"wordCount":546,"commentCount":0,"publisher":{"@id":"https:\/\/www.padreeustaquio.com.br\/#organization"},"image":{"@id":"https:\/\/www.padreeustaquio.com.br\/veja-como-foi-a-semana-santa-na-igreja-do-padre-eustaquio-em-belo-horizonte\/#primaryimage"},"thumbnailUrl":"https:\/\/www.padreeustaquio.com.br\/wp-content\/uploads\/2023\/04\/domingo-de-ramos-e1681151358890.jpeg","articleSection":["Not\u00edcias"],"inLanguage":"es","potentialAction":[{"@type":"CommentAction","name":"Comment","target":["https:\/\/www.padreeustaquio.com.br\/veja-como-foi-a-semana-santa-na-igreja-do-padre-eustaquio-em-belo-horizonte\/#respond"]}]},{"@type":"WebPage","@id":"https:\/\/www.padreeustaquio.com.br\/veja-como-foi-a-semana-santa-na-igreja-do-padre-eustaquio-em-belo-horizonte\/","url":"https:\/\/www.padreeustaquio.com.br\/veja-como-foi-a-semana-santa-na-igreja-do-padre-eustaquio-em-belo-horizonte\/","name":"Vea c\u00f3mo fue la Semana Santa en la Iglesia de Padre Eustaquio en Belo Horizonte.","isPartOf":{"@id":"https:\/\/www.padreeustaquio.com.br\/#website"},"primaryImageOfPage":{"@id":"https:\/\/www.padreeustaquio.com.br\/veja-como-foi-a-semana-santa-na-igreja-do-padre-eustaquio-em-belo-horizonte\/#primaryimage"},"image":{"@id":"https:\/\/www.padreeustaquio.com.br\/veja-como-foi-a-semana-santa-na-igreja-do-padre-eustaquio-em-belo-horizonte\/#primaryimage"},"thumbnailUrl":"https:\/\/www.padreeustaquio.com.br\/wp-content\/uploads\/2023\/04\/domingo-de-ramos-e1681151358890.jpeg","datePublished":"2023-04-10T15:00:00+00:00","dateModified":"2023-04-12T14:53:59+00:00","description":"Las actividades comenzaron el fin de semana del 1 y 2 de abril, con seis celebraciones, incluyendo la bendici\u00f3n de ramos, una el s\u00e1bado y cinco el domingo. Un momento culminante fue la misa dominical de las 10:00 a. m., que comenz\u00f3 con la bendici\u00f3n de ramos en el Colegio Marista Padre Eust\u00e1quio, seguida de una procesi\u00f3n de fieles hasta el Santuario, donde concluy\u00f3 la Santa Misa.","breadcrumb":{"@id":"https:\/\/www.padreeustaquio.com.br\/veja-como-foi-a-semana-santa-na-igreja-do-padre-eustaquio-em-belo-horizonte\/#breadcrumb"},"inLanguage":"es","potentialAction":[{"@type":"ReadAction","target":["https:\/\/www.padreeustaquio.com.br\/veja-como-foi-a-semana-santa-na-igreja-do-padre-eustaquio-em-belo-horizonte\/"]}]},{"@type":"ImageObject","inLanguage":"es","@id":"https:\/\/www.padreeustaquio.com.br\/veja-como-foi-a-semana-santa-na-igreja-do-padre-eustaquio-em-belo-horizonte\/#primaryimage","url":"https:\/\/www.padreeustaquio.com.br\/wp-content\/uploads\/2023\/04\/domingo-de-ramos-e1681151358890.jpeg","contentUrl":"https:\/\/www.padreeustaquio.com.br\/wp-content\/uploads\/2023\/04\/domingo-de-ramos-e1681151358890.jpeg","width":1596,"height":892},{"@type":"BreadcrumbList","@id":"https:\/\/www.padreeustaquio.com.br\/veja-como-foi-a-semana-santa-na-igreja-do-padre-eustaquio-em-belo-horizonte\/#breadcrumb","itemListElement":[{"@type":"ListItem","position":1,"name":"In\u00edcio","item":"https:\/\/www.padreeustaquio.com.br\/"},{"@type":"ListItem","position":2,"name":"Veja como foi a Semana Santa na Igreja do Padre Eust\u00e1quio, em Belo Horizonte"}]},{"@type":"WebSite","@id":"https:\/\/www.padreeustaquio.com.br\/#website","url":"https:\/\/www.padreeustaquio.com.br\/","name":"Padre Eustace","description":"Salud y Paz","publisher":{"@id":"https:\/\/www.padreeustaquio.com.br\/#organization"},"potentialAction":[{"@type":"SearchAction","target":{"@type":"EntryPoint","urlTemplate":"https:\/\/www.padreeustaquio.com.br\/?s={search_term_string}"},"query-input":{"@type":"PropertyValueSpecification","valueRequired":true,"valueName":"search_term_string"}}],"inLanguage":"es"},{"@type":"Organization","@id":"https:\/\/www.padreeustaquio.com.br\/#organization","name":"Padre Eustace","url":"https:\/\/www.padreeustaquio.com.br\/","logo":{"@type":"ImageObject","inLanguage":"es","@id":"https:\/\/www.padreeustaquio.com.br\/#\/schema\/logo\/image\/","url":"https:\/\/www.padreeustaquio.com.br\/wp-content\/uploads\/2019\/08\/marca.png","contentUrl":"https:\/\/www.padreeustaquio.com.br\/wp-content\/uploads\/2019\/08\/marca.png","width":350,"height":400,"caption":"Padre Eust\u00e1quio"},"image":{"@id":"https:\/\/www.padreeustaquio.com.br\/#\/schema\/logo\/image\/"},"sameAs":["https:\/\/www.facebook.com\/beatopadreeustaquio\/","https:\/\/x.com\/beatopeustaquio","https:\/\/www.instagram.com\/beatopadreeustaquio\/","https:\/\/www.youtube.com\/channel\/UCRhw7vfabnajwLxb1ZXMeIw"]},{"@type":"Person","@id":"https:\/\/www.padreeustaquio.com.br\/#\/schema\/person\/a2a51db1d00f1a7af0204a0f1ddb1566","name":"@sscc","image":{"@type":"ImageObject","inLanguage":"es","@id":"https:\/\/secure.gravatar.com\/avatar\/68cfafa5f44617fea54071e215026e0ff06be366c3d54a8425f04fdcb86f8c5f?s=96&d=mm&r=g","url":"https:\/\/secure.gravatar.com\/avatar\/68cfafa5f44617fea54071e215026e0ff06be366c3d54a8425f04fdcb86f8c5f?s=96&d=mm&r=g","contentUrl":"https:\/\/secure.gravatar.com\/avatar\/68cfafa5f44617fea54071e215026e0ff06be366c3d54a8425f04fdcb86f8c5f?s=96&d=mm&r=g","caption":"@sscc"},"url":"https:\/\/www.padreeustaquio.com.br\/es\/author\/sscc\/"}]}},"_links":{"self":[{"href":"https:\/\/www.padreeustaquio.com.br\/es\/wp-json\/wp\/v2\/posts\/10172","targetHints":{"allow":["GET"]}}],"collection":[{"href":"https:\/\/www.padreeustaquio.com.br\/es\/wp-json\/wp\/v2\/posts"}],"about":[{"href":"https:\/\/www.padreeustaquio.com.br\/es\/wp-json\/wp\/v2\/types\/post"}],"author":[{"embeddable":true,"href":"https:\/\/www.padreeustaquio.com.br\/es\/wp-json\/wp\/v2\/users\/2"}],"replies":[{"embeddable":true,"href":"https:\/\/www.padreeustaquio.com.br\/es\/wp-json\/wp\/v2\/comments?post=10172"}],"version-history":[{"count":0,"href":"https:\/\/www.padreeustaquio.com.br\/es\/wp-json\/wp\/v2\/posts\/10172\/revisions"}],"wp:featuredmedia":[{"embeddable":true,"href":"https:\/\/www.padreeustaquio.com.br\/es\/wp-json\/wp\/v2\/media\/10173"}],"wp:attachment":[{"href":"https:\/\/www.padreeustaquio.com.br\/es\/wp-json\/wp\/v2\/media?parent=10172"}],"wp:term":[{"taxonomy":"category","embeddable":true,"href":"https:\/\/www.padreeustaquio.com.br\/es\/wp-json\/wp\/v2\/categories?post=10172"},{"taxonomy":"post_tag","embeddable":true,"href":"https:\/\/www.padreeustaquio.com.br\/es\/wp-json\/wp\/v2\/tags?post=10172"}],"curies":[{"name":"wp","href":"https:\/\/api.w.org\/{rel}","templated":true}]}}