{"id":10153,"date":"2023-04-05T07:47:15","date_gmt":"2023-04-05T10:47:15","guid":{"rendered":"https:\/\/www.padreeustaquio.com.br\/?p=10153"},"modified":"2023-04-05T07:47:16","modified_gmt":"2023-04-05T10:47:16","slug":"el-santuario-celebrara-hoy-una-procesion-y-sermon-del-encuentro-en-la-plaza-de-la-iglesia","status":"publish","type":"post","link":"https:\/\/www.padreeustaquio.com.br\/es\/el-santuario-celebrara-hoy-una-procesion-y-sermon-del-encuentro-en-la-plaza-de-la-iglesia\/","title":{"rendered":"El Santuario celebra hoy la Procesi\u00f3n y Serm\u00f3n del Encuentro en la plaza de la iglesia."},"content":{"rendered":"<p>Este Mi\u00e9rcoles de Semana Santa, el Santuario de la Salud y la Paz, Iglesia del Beato Padre Eustaquio, acoger\u00e1 la procesi\u00f3n del Encuentro de Nuestro Se\u00f1or de los Pasos y Nuestra Se\u00f1ora de los Dolores.<\/p>\n\n\n\n<p>Las im\u00e1genes saldr\u00e1n a las 19:00 h. La procesi\u00f3n de Nuestro Se\u00f1or de los Pasos partir\u00e1 del Complejo Santos Dumont. La procesi\u00f3n con la imagen de Nuestra Se\u00f1ora de los Dolores partir\u00e1 del Hogar Do\u00f1a Paula. El punto de encuentro ser\u00e1 la Plaza del Santuario de la Salud y la Paz, donde se celebrar\u00e1 el Serm\u00f3n del Encuentro.<\/p>\n\n\n\n<p>Al mismo tiempo, a las 19.00 horas, se celebrar\u00e1 la Santa Misa en el Santuario, seguida, alrededor de las 20.00 horas, por todos invitados a salir fuera de la iglesia, a la plaza, para asistir a la llegada de las im\u00e1genes y al serm\u00f3n que pronunciar\u00e1 el hermano Vanildo Lima Sena, ss.cc.<\/p>\n\n\n\n<p><strong>La procesi\u00f3n del encuentro<\/strong><\/p>\n\n\n\n<p>La procesi\u00f3n del encuentro es una celebraci\u00f3n lit\u00fargica de gran piedad, que conmemora el encuentro de la Virgen Mar\u00eda con su Divino Hijo, cargando la Cruz camino del Calvario, por las calles de Jerusal\u00e9n, despu\u00e9s de ser azotado, coronado de espinas y condenado a muerte por Pilato.<\/p>\n\n\n\n<p>Es un momento en el que meditamos sobre el doloroso encuentro de la Virgen Mar\u00eda con Jes\u00fas. Es un momento de profunda reflexi\u00f3n sobre los dolores de la Madre de Jes\u00fas, desde su nacimiento hasta su muerte en la cruz. Jes\u00fas sufri\u00f3 la Pasi\u00f3n; la Virgen sufri\u00f3 compasi\u00f3n por nosotros.<\/p>\n\n\n\n<p><\/p>","protected":false},"excerpt":{"rendered":"<p>Nesta quarta-feira da Semana Santa, o Santu\u00e1rio da Sa\u00fade e da Paz, Igreja do Beato Padre Eust\u00e1quio, realizar\u00e1 a prociss\u00e3o do Encontro de Nosso Senhor dos Passos e de Nossa Senhora das Dores. As imagens sair\u00e3o \u00e0s 19h. A prociss\u00e3o de Nosso Senhor dos Passos sair\u00e1 do Conjunto Santos Dumont. J\u00e1 prociss\u00e3o com a imagem de Nossa Senhora das Dores sair\u00e1 do Lar Dona Paula. O encontro ser\u00e1 na Pra\u00e7a do Santu\u00e1rio da Sa\u00fade e da Paz, onde ocorrer\u00e1 o Serm\u00e3o do Encontro. No mesmo hor\u00e1rio, \u00e0s 19h, haver\u00e1 a Celebra\u00e7\u00e3o da Santa Missa no Santu\u00e1rio, em seguida, por volta [&hellip;]<\/p>\n","protected":false},"author":2,"featured_media":10154,"comment_status":"open","ping_status":"closed","sticky":false,"template":"","format":"standard","meta":{"_acf_changed":false,"footnotes":""},"categories":[611],"tags":[],"class_list":["post-10153","post","type-post","status-publish","format-standard","has-post-thumbnail","hentry","category-noticias"],"acf":[],"yoast_head":"<!-- This site is optimized with the Yoast SEO plugin v27.2 - https:\/\/yoast.com\/product\/yoast-seo-wordpress\/ -->\n<title>Santu\u00e1rio realiza hoje, Prociss\u00e3o e Serm\u00e3o do Encontro na pra\u00e7a da Igreja<\/title>\n<meta name=\"description\" content=\"As imagens sair\u00e3o \u00e0s 19h. A prociss\u00e3o de Nosso Senhor dos Passos sair\u00e1 do Conjunto Santos Dumont. J\u00e1 prociss\u00e3o com a imagem de Nossa Senhora das Dores sair\u00e1 do Lar Dona Paula. O encontro ser\u00e1 na Pra\u00e7a do Santu\u00e1rio da Sa\u00fade e da Paz, onde ocorrer\u00e1 o Serm\u00e3o do Encontro.\" \/>\n<meta name=\"robots\" content=\"index, follow, max-snippet:-1, max-image-preview:large, max-video-preview:-1\" \/>\n<link rel=\"canonical\" href=\"https:\/\/www.padreeustaquio.com.br\/es\/el-santuario-celebrara-hoy-una-procesion-y-sermon-del-encuentro-en-la-plaza-de-la-iglesia\/\" \/>\n<meta property=\"og:locale\" content=\"es_ES\" \/>\n<meta property=\"og:type\" content=\"article\" \/>\n<meta property=\"og:title\" content=\"Santu\u00e1rio realiza hoje, Prociss\u00e3o e Serm\u00e3o do Encontro na pra\u00e7a da Igreja\" \/>\n<meta property=\"og:description\" content=\"As imagens sair\u00e3o \u00e0s 19h. A prociss\u00e3o de Nosso Senhor dos Passos sair\u00e1 do Conjunto Santos Dumont. J\u00e1 prociss\u00e3o com a imagem de Nossa Senhora das Dores sair\u00e1 do Lar Dona Paula. O encontro ser\u00e1 na Pra\u00e7a do Santu\u00e1rio da Sa\u00fade e da Paz, onde ocorrer\u00e1 o Serm\u00e3o do Encontro.\" \/>\n<meta property=\"og:url\" content=\"https:\/\/www.padreeustaquio.com.br\/es\/el-santuario-celebrara-hoy-una-procesion-y-sermon-del-encuentro-en-la-plaza-de-la-iglesia\/\" \/>\n<meta property=\"og:site_name\" content=\"Padre Eust\u00e1quio\" \/>\n<meta property=\"article:publisher\" content=\"https:\/\/www.facebook.com\/beatopadreeustaquio\/\" \/>\n<meta property=\"article:published_time\" content=\"2023-04-05T10:47:15+00:00\" \/>\n<meta property=\"article:modified_time\" content=\"2023-04-05T10:47:16+00:00\" \/>\n<meta property=\"og:image\" content=\"https:\/\/www.padreeustaquio.com.br\/wp-content\/uploads\/2023\/04\/WhatsApp-Image-2023-03-28-at-20.42.58.jpeg\" \/>\n\t<meta property=\"og:image:width\" content=\"768\" \/>\n\t<meta property=\"og:image:height\" content=\"470\" \/>\n\t<meta property=\"og:image:type\" content=\"image\/jpeg\" \/>\n<meta name=\"author\" content=\"@sscc\" \/>\n<meta name=\"twitter:card\" content=\"summary_large_image\" \/>\n<meta name=\"twitter:creator\" content=\"@beatopeustaquio\" \/>\n<meta name=\"twitter:site\" content=\"@beatopeustaquio\" \/>\n<meta name=\"twitter:label1\" content=\"Escrito por\" \/>\n\t<meta name=\"twitter:data1\" content=\"@sscc\" \/>\n\t<meta name=\"twitter:label2\" content=\"Tiempo de lectura\" \/>\n\t<meta name=\"twitter:data2\" content=\"2 minutos\" \/>\n<script type=\"application\/ld+json\" class=\"yoast-schema-graph\">{\"@context\":\"https:\/\/schema.org\",\"@graph\":[{\"@type\":\"Article\",\"@id\":\"https:\/\/www.padreeustaquio.com.br\/santuario-realiza-hoje-procissao-e-sermao-do-encontro-na-praca-da-igreja\/#article\",\"isPartOf\":{\"@id\":\"https:\/\/www.padreeustaquio.com.br\/santuario-realiza-hoje-procissao-e-sermao-do-encontro-na-praca-da-igreja\/\"},\"author\":{\"name\":\"@sscc\",\"@id\":\"https:\/\/www.padreeustaquio.com.br\/#\/schema\/person\/a2a51db1d00f1a7af0204a0f1ddb1566\"},\"headline\":\"Santu\u00e1rio realiza hoje, Prociss\u00e3o e Serm\u00e3o do Encontro na pra\u00e7a da Igreja\",\"datePublished\":\"2023-04-05T10:47:15+00:00\",\"dateModified\":\"2023-04-05T10:47:16+00:00\",\"mainEntityOfPage\":{\"@id\":\"https:\/\/www.padreeustaquio.com.br\/santuario-realiza-hoje-procissao-e-sermao-do-encontro-na-praca-da-igreja\/\"},\"wordCount\":274,\"commentCount\":0,\"publisher\":{\"@id\":\"https:\/\/www.padreeustaquio.com.br\/#organization\"},\"image\":{\"@id\":\"https:\/\/www.padreeustaquio.com.br\/santuario-realiza-hoje-procissao-e-sermao-do-encontro-na-praca-da-igreja\/#primaryimage\"},\"thumbnailUrl\":\"https:\/\/www.padreeustaquio.com.br\/wp-content\/uploads\/2023\/04\/WhatsApp-Image-2023-03-28-at-20.42.58.jpeg\",\"articleSection\":[\"Not\u00edcias\"],\"inLanguage\":\"es\",\"potentialAction\":[{\"@type\":\"CommentAction\",\"name\":\"Comment\",\"target\":[\"https:\/\/www.padreeustaquio.com.br\/santuario-realiza-hoje-procissao-e-sermao-do-encontro-na-praca-da-igreja\/#respond\"]}]},{\"@type\":\"WebPage\",\"@id\":\"https:\/\/www.padreeustaquio.com.br\/santuario-realiza-hoje-procissao-e-sermao-do-encontro-na-praca-da-igreja\/\",\"url\":\"https:\/\/www.padreeustaquio.com.br\/santuario-realiza-hoje-procissao-e-sermao-do-encontro-na-praca-da-igreja\/\",\"name\":\"Santu\u00e1rio realiza hoje, Prociss\u00e3o e Serm\u00e3o do Encontro na pra\u00e7a da Igreja\",\"isPartOf\":{\"@id\":\"https:\/\/www.padreeustaquio.com.br\/#website\"},\"primaryImageOfPage\":{\"@id\":\"https:\/\/www.padreeustaquio.com.br\/santuario-realiza-hoje-procissao-e-sermao-do-encontro-na-praca-da-igreja\/#primaryimage\"},\"image\":{\"@id\":\"https:\/\/www.padreeustaquio.com.br\/santuario-realiza-hoje-procissao-e-sermao-do-encontro-na-praca-da-igreja\/#primaryimage\"},\"thumbnailUrl\":\"https:\/\/www.padreeustaquio.com.br\/wp-content\/uploads\/2023\/04\/WhatsApp-Image-2023-03-28-at-20.42.58.jpeg\",\"datePublished\":\"2023-04-05T10:47:15+00:00\",\"dateModified\":\"2023-04-05T10:47:16+00:00\",\"description\":\"As imagens sair\u00e3o \u00e0s 19h. A prociss\u00e3o de Nosso Senhor dos Passos sair\u00e1 do Conjunto Santos Dumont. J\u00e1 prociss\u00e3o com a imagem de Nossa Senhora das Dores sair\u00e1 do Lar Dona Paula. O encontro ser\u00e1 na Pra\u00e7a do Santu\u00e1rio da Sa\u00fade e da Paz, onde ocorrer\u00e1 o Serm\u00e3o do Encontro.\",\"breadcrumb\":{\"@id\":\"https:\/\/www.padreeustaquio.com.br\/santuario-realiza-hoje-procissao-e-sermao-do-encontro-na-praca-da-igreja\/#breadcrumb\"},\"inLanguage\":\"es\",\"potentialAction\":[{\"@type\":\"ReadAction\",\"target\":[\"https:\/\/www.padreeustaquio.com.br\/santuario-realiza-hoje-procissao-e-sermao-do-encontro-na-praca-da-igreja\/\"]}]},{\"@type\":\"ImageObject\",\"inLanguage\":\"es\",\"@id\":\"https:\/\/www.padreeustaquio.com.br\/santuario-realiza-hoje-procissao-e-sermao-do-encontro-na-praca-da-igreja\/#primaryimage\",\"url\":\"https:\/\/www.padreeustaquio.com.br\/wp-content\/uploads\/2023\/04\/WhatsApp-Image-2023-03-28-at-20.42.58.jpeg\",\"contentUrl\":\"https:\/\/www.padreeustaquio.com.br\/wp-content\/uploads\/2023\/04\/WhatsApp-Image-2023-03-28-at-20.42.58.jpeg\",\"width\":768,\"height\":470},{\"@type\":\"BreadcrumbList\",\"@id\":\"https:\/\/www.padreeustaquio.com.br\/santuario-realiza-hoje-procissao-e-sermao-do-encontro-na-praca-da-igreja\/#breadcrumb\",\"itemListElement\":[{\"@type\":\"ListItem\",\"position\":1,\"name\":\"In\u00edcio\",\"item\":\"https:\/\/www.padreeustaquio.com.br\/\"},{\"@type\":\"ListItem\",\"position\":2,\"name\":\"Santu\u00e1rio realiza hoje, Prociss\u00e3o e Serm\u00e3o do Encontro na pra\u00e7a da Igreja\"}]},{\"@type\":\"WebSite\",\"@id\":\"https:\/\/www.padreeustaquio.com.br\/#website\",\"url\":\"https:\/\/www.padreeustaquio.com.br\/\",\"name\":\"Padre Eust\u00e1quio\",\"description\":\"Sa\u00fade e Paz\",\"publisher\":{\"@id\":\"https:\/\/www.padreeustaquio.com.br\/#organization\"},\"potentialAction\":[{\"@type\":\"SearchAction\",\"target\":{\"@type\":\"EntryPoint\",\"urlTemplate\":\"https:\/\/www.padreeustaquio.com.br\/?s={search_term_string}\"},\"query-input\":{\"@type\":\"PropertyValueSpecification\",\"valueRequired\":true,\"valueName\":\"search_term_string\"}}],\"inLanguage\":\"es\"},{\"@type\":\"Organization\",\"@id\":\"https:\/\/www.padreeustaquio.com.br\/#organization\",\"name\":\"Padre Eust\u00e1quio\",\"url\":\"https:\/\/www.padreeustaquio.com.br\/\",\"logo\":{\"@type\":\"ImageObject\",\"inLanguage\":\"es\",\"@id\":\"https:\/\/www.padreeustaquio.com.br\/#\/schema\/logo\/image\/\",\"url\":\"https:\/\/www.padreeustaquio.com.br\/wp-content\/uploads\/2019\/08\/marca.png\",\"contentUrl\":\"https:\/\/www.padreeustaquio.com.br\/wp-content\/uploads\/2019\/08\/marca.png\",\"width\":350,\"height\":400,\"caption\":\"Padre Eust\u00e1quio\"},\"image\":{\"@id\":\"https:\/\/www.padreeustaquio.com.br\/#\/schema\/logo\/image\/\"},\"sameAs\":[\"https:\/\/www.facebook.com\/beatopadreeustaquio\/\",\"https:\/\/x.com\/beatopeustaquio\",\"https:\/\/www.instagram.com\/beatopadreeustaquio\/\",\"https:\/\/www.youtube.com\/channel\/UCRhw7vfabnajwLxb1ZXMeIw\"]},{\"@type\":\"Person\",\"@id\":\"https:\/\/www.padreeustaquio.com.br\/#\/schema\/person\/a2a51db1d00f1a7af0204a0f1ddb1566\",\"name\":\"@sscc\",\"image\":{\"@type\":\"ImageObject\",\"inLanguage\":\"es\",\"@id\":\"https:\/\/secure.gravatar.com\/avatar\/68cfafa5f44617fea54071e215026e0ff06be366c3d54a8425f04fdcb86f8c5f?s=96&d=mm&r=g\",\"url\":\"https:\/\/secure.gravatar.com\/avatar\/68cfafa5f44617fea54071e215026e0ff06be366c3d54a8425f04fdcb86f8c5f?s=96&d=mm&r=g\",\"contentUrl\":\"https:\/\/secure.gravatar.com\/avatar\/68cfafa5f44617fea54071e215026e0ff06be366c3d54a8425f04fdcb86f8c5f?s=96&d=mm&r=g\",\"caption\":\"@sscc\"},\"url\":\"https:\/\/www.padreeustaquio.com.br\/es\/author\/sscc\/\"}]}<\/script>\n<!-- \/ Yoast SEO plugin. -->","yoast_head_json":{"title":"El Santuario celebra hoy la Procesi\u00f3n y Serm\u00f3n del Encuentro en la plaza de la iglesia.","description":"Las im\u00e1genes saldr\u00e1n a las 19:00 h. La procesi\u00f3n de Nuestro Se\u00f1or de los Pasos partir\u00e1 del Complejo Santos Dumont. La procesi\u00f3n con la imagen de Nuestra Se\u00f1ora de los Dolores partir\u00e1 del Hogar Do\u00f1a Paula. El punto de encuentro ser\u00e1 la Plaza del Santuario de la Salud y la Paz, donde se celebrar\u00e1 el Serm\u00f3n del Encuentro.","robots":{"index":"index","follow":"follow","max-snippet":"max-snippet:-1","max-image-preview":"max-image-preview:large","max-video-preview":"max-video-preview:-1"},"canonical":"https:\/\/www.padreeustaquio.com.br\/es\/el-santuario-celebrara-hoy-una-procesion-y-sermon-del-encuentro-en-la-plaza-de-la-iglesia\/","og_locale":"es_ES","og_type":"article","og_title":"Santu\u00e1rio realiza hoje, Prociss\u00e3o e Serm\u00e3o do Encontro na pra\u00e7a da Igreja","og_description":"As imagens sair\u00e3o \u00e0s 19h. A prociss\u00e3o de Nosso Senhor dos Passos sair\u00e1 do Conjunto Santos Dumont. J\u00e1 prociss\u00e3o com a imagem de Nossa Senhora das Dores sair\u00e1 do Lar Dona Paula. O encontro ser\u00e1 na Pra\u00e7a do Santu\u00e1rio da Sa\u00fade e da Paz, onde ocorrer\u00e1 o Serm\u00e3o do Encontro.","og_url":"https:\/\/www.padreeustaquio.com.br\/es\/el-santuario-celebrara-hoy-una-procesion-y-sermon-del-encuentro-en-la-plaza-de-la-iglesia\/","og_site_name":"Padre Eust\u00e1quio","article_publisher":"https:\/\/www.facebook.com\/beatopadreeustaquio\/","article_published_time":"2023-04-05T10:47:15+00:00","article_modified_time":"2023-04-05T10:47:16+00:00","og_image":[{"width":768,"height":470,"url":"https:\/\/www.padreeustaquio.com.br\/wp-content\/uploads\/2023\/04\/WhatsApp-Image-2023-03-28-at-20.42.58.jpeg","type":"image\/jpeg"}],"author":"@sscc","twitter_card":"summary_large_image","twitter_creator":"@beatopeustaquio","twitter_site":"@beatopeustaquio","twitter_misc":{"Escrito por":"@sscc","Tiempo de lectura":"2 minutos"},"schema":{"@context":"https:\/\/schema.org","@graph":[{"@type":"Article","@id":"https:\/\/www.padreeustaquio.com.br\/santuario-realiza-hoje-procissao-e-sermao-do-encontro-na-praca-da-igreja\/#article","isPartOf":{"@id":"https:\/\/www.padreeustaquio.com.br\/santuario-realiza-hoje-procissao-e-sermao-do-encontro-na-praca-da-igreja\/"},"author":{"name":"@sscc","@id":"https:\/\/www.padreeustaquio.com.br\/#\/schema\/person\/a2a51db1d00f1a7af0204a0f1ddb1566"},"headline":"Santu\u00e1rio realiza hoje, Prociss\u00e3o e Serm\u00e3o do Encontro na pra\u00e7a da Igreja","datePublished":"2023-04-05T10:47:15+00:00","dateModified":"2023-04-05T10:47:16+00:00","mainEntityOfPage":{"@id":"https:\/\/www.padreeustaquio.com.br\/santuario-realiza-hoje-procissao-e-sermao-do-encontro-na-praca-da-igreja\/"},"wordCount":274,"commentCount":0,"publisher":{"@id":"https:\/\/www.padreeustaquio.com.br\/#organization"},"image":{"@id":"https:\/\/www.padreeustaquio.com.br\/santuario-realiza-hoje-procissao-e-sermao-do-encontro-na-praca-da-igreja\/#primaryimage"},"thumbnailUrl":"https:\/\/www.padreeustaquio.com.br\/wp-content\/uploads\/2023\/04\/WhatsApp-Image-2023-03-28-at-20.42.58.jpeg","articleSection":["Not\u00edcias"],"inLanguage":"es","potentialAction":[{"@type":"CommentAction","name":"Comment","target":["https:\/\/www.padreeustaquio.com.br\/santuario-realiza-hoje-procissao-e-sermao-do-encontro-na-praca-da-igreja\/#respond"]}]},{"@type":"WebPage","@id":"https:\/\/www.padreeustaquio.com.br\/santuario-realiza-hoje-procissao-e-sermao-do-encontro-na-praca-da-igreja\/","url":"https:\/\/www.padreeustaquio.com.br\/santuario-realiza-hoje-procissao-e-sermao-do-encontro-na-praca-da-igreja\/","name":"El Santuario celebra hoy la Procesi\u00f3n y Serm\u00f3n del Encuentro en la plaza de la iglesia.","isPartOf":{"@id":"https:\/\/www.padreeustaquio.com.br\/#website"},"primaryImageOfPage":{"@id":"https:\/\/www.padreeustaquio.com.br\/santuario-realiza-hoje-procissao-e-sermao-do-encontro-na-praca-da-igreja\/#primaryimage"},"image":{"@id":"https:\/\/www.padreeustaquio.com.br\/santuario-realiza-hoje-procissao-e-sermao-do-encontro-na-praca-da-igreja\/#primaryimage"},"thumbnailUrl":"https:\/\/www.padreeustaquio.com.br\/wp-content\/uploads\/2023\/04\/WhatsApp-Image-2023-03-28-at-20.42.58.jpeg","datePublished":"2023-04-05T10:47:15+00:00","dateModified":"2023-04-05T10:47:16+00:00","description":"Las im\u00e1genes saldr\u00e1n a las 19:00 h. La procesi\u00f3n de Nuestro Se\u00f1or de los Pasos partir\u00e1 del Complejo Santos Dumont. La procesi\u00f3n con la imagen de Nuestra Se\u00f1ora de los Dolores partir\u00e1 del Hogar Do\u00f1a Paula. El punto de encuentro ser\u00e1 la Plaza del Santuario de la Salud y la Paz, donde se celebrar\u00e1 el Serm\u00f3n del Encuentro.","breadcrumb":{"@id":"https:\/\/www.padreeustaquio.com.br\/santuario-realiza-hoje-procissao-e-sermao-do-encontro-na-praca-da-igreja\/#breadcrumb"},"inLanguage":"es","potentialAction":[{"@type":"ReadAction","target":["https:\/\/www.padreeustaquio.com.br\/santuario-realiza-hoje-procissao-e-sermao-do-encontro-na-praca-da-igreja\/"]}]},{"@type":"ImageObject","inLanguage":"es","@id":"https:\/\/www.padreeustaquio.com.br\/santuario-realiza-hoje-procissao-e-sermao-do-encontro-na-praca-da-igreja\/#primaryimage","url":"https:\/\/www.padreeustaquio.com.br\/wp-content\/uploads\/2023\/04\/WhatsApp-Image-2023-03-28-at-20.42.58.jpeg","contentUrl":"https:\/\/www.padreeustaquio.com.br\/wp-content\/uploads\/2023\/04\/WhatsApp-Image-2023-03-28-at-20.42.58.jpeg","width":768,"height":470},{"@type":"BreadcrumbList","@id":"https:\/\/www.padreeustaquio.com.br\/santuario-realiza-hoje-procissao-e-sermao-do-encontro-na-praca-da-igreja\/#breadcrumb","itemListElement":[{"@type":"ListItem","position":1,"name":"In\u00edcio","item":"https:\/\/www.padreeustaquio.com.br\/"},{"@type":"ListItem","position":2,"name":"Santu\u00e1rio realiza hoje, Prociss\u00e3o e Serm\u00e3o do Encontro na pra\u00e7a da Igreja"}]},{"@type":"WebSite","@id":"https:\/\/www.padreeustaquio.com.br\/#website","url":"https:\/\/www.padreeustaquio.com.br\/","name":"Padre Eustace","description":"Salud y Paz","publisher":{"@id":"https:\/\/www.padreeustaquio.com.br\/#organization"},"potentialAction":[{"@type":"SearchAction","target":{"@type":"EntryPoint","urlTemplate":"https:\/\/www.padreeustaquio.com.br\/?s={search_term_string}"},"query-input":{"@type":"PropertyValueSpecification","valueRequired":true,"valueName":"search_term_string"}}],"inLanguage":"es"},{"@type":"Organization","@id":"https:\/\/www.padreeustaquio.com.br\/#organization","name":"Padre Eustace","url":"https:\/\/www.padreeustaquio.com.br\/","logo":{"@type":"ImageObject","inLanguage":"es","@id":"https:\/\/www.padreeustaquio.com.br\/#\/schema\/logo\/image\/","url":"https:\/\/www.padreeustaquio.com.br\/wp-content\/uploads\/2019\/08\/marca.png","contentUrl":"https:\/\/www.padreeustaquio.com.br\/wp-content\/uploads\/2019\/08\/marca.png","width":350,"height":400,"caption":"Padre Eust\u00e1quio"},"image":{"@id":"https:\/\/www.padreeustaquio.com.br\/#\/schema\/logo\/image\/"},"sameAs":["https:\/\/www.facebook.com\/beatopadreeustaquio\/","https:\/\/x.com\/beatopeustaquio","https:\/\/www.instagram.com\/beatopadreeustaquio\/","https:\/\/www.youtube.com\/channel\/UCRhw7vfabnajwLxb1ZXMeIw"]},{"@type":"Person","@id":"https:\/\/www.padreeustaquio.com.br\/#\/schema\/person\/a2a51db1d00f1a7af0204a0f1ddb1566","name":"@sscc","image":{"@type":"ImageObject","inLanguage":"es","@id":"https:\/\/secure.gravatar.com\/avatar\/68cfafa5f44617fea54071e215026e0ff06be366c3d54a8425f04fdcb86f8c5f?s=96&d=mm&r=g","url":"https:\/\/secure.gravatar.com\/avatar\/68cfafa5f44617fea54071e215026e0ff06be366c3d54a8425f04fdcb86f8c5f?s=96&d=mm&r=g","contentUrl":"https:\/\/secure.gravatar.com\/avatar\/68cfafa5f44617fea54071e215026e0ff06be366c3d54a8425f04fdcb86f8c5f?s=96&d=mm&r=g","caption":"@sscc"},"url":"https:\/\/www.padreeustaquio.com.br\/es\/author\/sscc\/"}]}},"_links":{"self":[{"href":"https:\/\/www.padreeustaquio.com.br\/es\/wp-json\/wp\/v2\/posts\/10153","targetHints":{"allow":["GET"]}}],"collection":[{"href":"https:\/\/www.padreeustaquio.com.br\/es\/wp-json\/wp\/v2\/posts"}],"about":[{"href":"https:\/\/www.padreeustaquio.com.br\/es\/wp-json\/wp\/v2\/types\/post"}],"author":[{"embeddable":true,"href":"https:\/\/www.padreeustaquio.com.br\/es\/wp-json\/wp\/v2\/users\/2"}],"replies":[{"embeddable":true,"href":"https:\/\/www.padreeustaquio.com.br\/es\/wp-json\/wp\/v2\/comments?post=10153"}],"version-history":[{"count":0,"href":"https:\/\/www.padreeustaquio.com.br\/es\/wp-json\/wp\/v2\/posts\/10153\/revisions"}],"wp:featuredmedia":[{"embeddable":true,"href":"https:\/\/www.padreeustaquio.com.br\/es\/wp-json\/wp\/v2\/media\/10154"}],"wp:attachment":[{"href":"https:\/\/www.padreeustaquio.com.br\/es\/wp-json\/wp\/v2\/media?parent=10153"}],"wp:term":[{"taxonomy":"category","embeddable":true,"href":"https:\/\/www.padreeustaquio.com.br\/es\/wp-json\/wp\/v2\/categories?post=10153"},{"taxonomy":"post_tag","embeddable":true,"href":"https:\/\/www.padreeustaquio.com.br\/es\/wp-json\/wp\/v2\/tags?post=10153"}],"curies":[{"name":"wp","href":"https:\/\/api.w.org\/{rel}","templated":true}]}}