{"id":10143,"date":"2023-04-04T09:06:46","date_gmt":"2023-04-04T12:06:46","guid":{"rendered":"https:\/\/www.padreeustaquio.com.br\/?p=10143"},"modified":"2023-04-04T09:13:39","modified_gmt":"2023-04-04T12:13:39","slug":"sacerdotes-del-santuario-participan-en-la-celebracion-penitencial-del-clero-arquidiocesano","status":"publish","type":"post","link":"https:\/\/www.padreeustaquio.com.br\/es\/sacerdotes-del-santuario-participan-en-la-celebracion-penitencial-del-clero-arquidiocesano\/","title":{"rendered":"Sacerdotes del Santuario participan en la Celebraci\u00f3n Penitencial del clero en Serra da Piedade."},"content":{"rendered":"<p>El pasado fin de semana, antes de las celebraciones de la Pasi\u00f3n, Muerte y Resurrecci\u00f3n de Cristo, el clero de la Arquidi\u00f3cesis de Belo Horizonte se reuni\u00f3 en la cima de la Serra da Piedade en Caet\u00e9, Minas Gerais, para un momento de reconciliaci\u00f3n con Dios. M\u00e1s de 200 sacerdotes participaron en la Celebraci\u00f3n Penitencial, presidida por el arzobispo metropolitano, Dom Walmor Oliveira de Azevedo.<\/p>\n\n\n<div class=\"wp-block-image\">\n<figure class=\"alignleft size-medium is-resized\"><img fetchpriority=\"high\" decoding=\"async\" src=\"https:\/\/www.padreeustaquio.com.br\/wp-content\/uploads\/2023\/04\/WhatsApp-Image-2023-04-01-at-08.24.32-225x300.jpeg\" alt=\"\" class=\"wp-image-10145\" width=\"244\" height=\"325\" srcset=\"https:\/\/www.padreeustaquio.com.br\/wp-content\/uploads\/2023\/04\/WhatsApp-Image-2023-04-01-at-08.24.32-225x300.jpeg 225w, https:\/\/www.padreeustaquio.com.br\/wp-content\/uploads\/2023\/04\/WhatsApp-Image-2023-04-01-at-08.24.32.jpeg 768w\" sizes=\"(max-width: 244px) 100vw, 244px\" \/><\/figure>\n<\/div>\n\n\n<p>Celebraci\u00f3n Penitencial del Clero, que se celebra anualmente desde hace m\u00e1s de cinco d\u00e9cadas, cont\u00f3 este a\u00f1o con la presencia de los Padres Silvano Dias de \u00c1vila, ss.cc, y Alexandre Campos Leite, ss.cc, ambos del Santuario de la Salud y la Paz, la Iglesia del Beato Padre Eustaquio.<\/p>\n\n\n\n<p>Ellos, junto con los dem\u00e1s sacerdotes presentes, as\u00ed como los obispos auxiliares y el arzobispo, ofrecieron oraciones y cantaron himnos prepar\u00e1ndose para la confesi\u00f3n. Inmediatamente despu\u00e9s, en parejas, se confesaron, en un gesto de reconciliaci\u00f3n y preparaci\u00f3n para la Semana Santa.<\/p>\n\n\n\n<p>Despu\u00e9s de la celebraci\u00f3n, los sacerdotes regresaron a sus parroquias y comunidades dispuestos a servir al pueblo de Dios, \u00a1ahora m\u00e1s cerca del Padre y con el sacramento de la confesi\u00f3n renovado!<\/p>\n\n\n\n<p><\/p>","protected":false},"excerpt":{"rendered":"<p>Nesse \u00faltimo final de semana, que antecede as Celebra\u00e7\u00f5es da Paix\u00e3o, Morte e Ressurrei\u00e7\u00e3o de Cristo, o clero da Arquidiocese de Belo Horizonte se reuniu no alto da Serra da Piedade, em Caet\u00e9-MG, para um momento de reconcilia\u00e7\u00e3o com Deus. Mais de 200 sacerdotes participaram da Celebra\u00e7\u00e3o Penitencial, presidida pelo arcebispo metropolitano, Dom Walmor Oliveira de Azevedo. Realizado todos os anos h\u00e1 mais de cinco d\u00e9cadas a Celebra\u00e7\u00e3o Penitencial do Clero deste ano contou com a presen\u00e7a dos padres Silvano Dias de \u00c1vila, ss.cc, e Alexandre Campos Leite, ss.cc, ambos do Santu\u00e1rio da Sa\u00fade e da Paz, a Igreja do [&hellip;]<\/p>\n","protected":false},"author":2,"featured_media":10144,"comment_status":"open","ping_status":"closed","sticky":false,"template":"","format":"standard","meta":{"_acf_changed":false,"footnotes":""},"categories":[611],"tags":[],"class_list":["post-10143","post","type-post","status-publish","format-standard","has-post-thumbnail","hentry","category-noticias"],"acf":[],"yoast_head":"<!-- This site is optimized with the Yoast SEO plugin v27.2 - https:\/\/yoast.com\/product\/yoast-seo-wordpress\/ -->\n<title>Padres do Santu\u00e1rio participam de Celebra\u00e7\u00e3o Penitencial do clero na Serra da Piedade<\/title>\n<meta name=\"description\" content=\"Nesse \u00faltimo final de semana, que antecede as Celebra\u00e7\u00f5es da Paix\u00e3o, Morte e Ressurrei\u00e7\u00e3o de Cristo, o clero da Arquidiocese de Belo Horizonte se reuniu no alto da Serra da Piedade, em Caet\u00e9-MG, para um momento de reconcilia\u00e7\u00e3o com Deus. Mais de 200 sacerdotes participaram da Celebra\u00e7\u00e3o Penitencial, presidida pelo arcebispo metropolitano, Dom Walmor Oliveira de Azevedo.\" \/>\n<meta name=\"robots\" content=\"index, follow, max-snippet:-1, max-image-preview:large, max-video-preview:-1\" \/>\n<link rel=\"canonical\" href=\"https:\/\/www.padreeustaquio.com.br\/es\/sacerdotes-del-santuario-participan-en-la-celebracion-penitencial-del-clero-arquidiocesano\/\" \/>\n<meta property=\"og:locale\" content=\"es_ES\" \/>\n<meta property=\"og:type\" content=\"article\" \/>\n<meta property=\"og:title\" content=\"Padres do Santu\u00e1rio participam de Celebra\u00e7\u00e3o Penitencial do clero na Serra da Piedade\" \/>\n<meta property=\"og:description\" content=\"Nesse \u00faltimo final de semana, que antecede as Celebra\u00e7\u00f5es da Paix\u00e3o, Morte e Ressurrei\u00e7\u00e3o de Cristo, o clero da Arquidiocese de Belo Horizonte se reuniu no alto da Serra da Piedade, em Caet\u00e9-MG, para um momento de reconcilia\u00e7\u00e3o com Deus. Mais de 200 sacerdotes participaram da Celebra\u00e7\u00e3o Penitencial, presidida pelo arcebispo metropolitano, Dom Walmor Oliveira de Azevedo.\" \/>\n<meta property=\"og:url\" content=\"https:\/\/www.padreeustaquio.com.br\/es\/sacerdotes-del-santuario-participan-en-la-celebracion-penitencial-del-clero-arquidiocesano\/\" \/>\n<meta property=\"og:site_name\" content=\"Padre Eust\u00e1quio\" \/>\n<meta property=\"article:publisher\" content=\"https:\/\/www.facebook.com\/beatopadreeustaquio\/\" \/>\n<meta property=\"article:published_time\" content=\"2023-04-04T12:06:46+00:00\" \/>\n<meta property=\"article:modified_time\" content=\"2023-04-04T12:13:39+00:00\" \/>\n<meta property=\"og:image\" content=\"https:\/\/www.padreeustaquio.com.br\/wp-content\/uploads\/2023\/04\/padres-na-serra-da-piedade-e1680610324717.jpeg\" \/>\n\t<meta property=\"og:image:width\" content=\"1021\" \/>\n\t<meta property=\"og:image:height\" content=\"604\" \/>\n\t<meta property=\"og:image:type\" content=\"image\/jpeg\" \/>\n<meta name=\"author\" content=\"@sscc\" \/>\n<meta name=\"twitter:card\" content=\"summary_large_image\" \/>\n<meta name=\"twitter:creator\" content=\"@beatopeustaquio\" \/>\n<meta name=\"twitter:site\" content=\"@beatopeustaquio\" \/>\n<meta name=\"twitter:label1\" content=\"Escrito por\" \/>\n\t<meta name=\"twitter:data1\" content=\"@sscc\" \/>\n\t<meta name=\"twitter:label2\" content=\"Tiempo de lectura\" \/>\n\t<meta name=\"twitter:data2\" content=\"2 minutos\" \/>\n<script type=\"application\/ld+json\" class=\"yoast-schema-graph\">{\"@context\":\"https:\/\/schema.org\",\"@graph\":[{\"@type\":\"Article\",\"@id\":\"https:\/\/www.padreeustaquio.com.br\/padres-do-santuario-participam-de-celebracao-penitencial-do-clero-arquidiocesano\/#article\",\"isPartOf\":{\"@id\":\"https:\/\/www.padreeustaquio.com.br\/padres-do-santuario-participam-de-celebracao-penitencial-do-clero-arquidiocesano\/\"},\"author\":{\"name\":\"@sscc\",\"@id\":\"https:\/\/www.padreeustaquio.com.br\/#\/schema\/person\/a2a51db1d00f1a7af0204a0f1ddb1566\"},\"headline\":\"Padres do Santu\u00e1rio participam de Celebra\u00e7\u00e3o Penitencial do clero na Serra da Piedade\",\"datePublished\":\"2023-04-04T12:06:46+00:00\",\"dateModified\":\"2023-04-04T12:13:39+00:00\",\"mainEntityOfPage\":{\"@id\":\"https:\/\/www.padreeustaquio.com.br\/padres-do-santuario-participam-de-celebracao-penitencial-do-clero-arquidiocesano\/\"},\"wordCount\":220,\"commentCount\":0,\"publisher\":{\"@id\":\"https:\/\/www.padreeustaquio.com.br\/#organization\"},\"image\":{\"@id\":\"https:\/\/www.padreeustaquio.com.br\/padres-do-santuario-participam-de-celebracao-penitencial-do-clero-arquidiocesano\/#primaryimage\"},\"thumbnailUrl\":\"https:\/\/www.padreeustaquio.com.br\/wp-content\/uploads\/2023\/04\/padres-na-serra-da-piedade-e1680610324717.jpeg\",\"articleSection\":[\"Not\u00edcias\"],\"inLanguage\":\"es\",\"potentialAction\":[{\"@type\":\"CommentAction\",\"name\":\"Comment\",\"target\":[\"https:\/\/www.padreeustaquio.com.br\/padres-do-santuario-participam-de-celebracao-penitencial-do-clero-arquidiocesano\/#respond\"]}]},{\"@type\":\"WebPage\",\"@id\":\"https:\/\/www.padreeustaquio.com.br\/padres-do-santuario-participam-de-celebracao-penitencial-do-clero-arquidiocesano\/\",\"url\":\"https:\/\/www.padreeustaquio.com.br\/padres-do-santuario-participam-de-celebracao-penitencial-do-clero-arquidiocesano\/\",\"name\":\"Padres do Santu\u00e1rio participam de Celebra\u00e7\u00e3o Penitencial do clero na Serra da Piedade\",\"isPartOf\":{\"@id\":\"https:\/\/www.padreeustaquio.com.br\/#website\"},\"primaryImageOfPage\":{\"@id\":\"https:\/\/www.padreeustaquio.com.br\/padres-do-santuario-participam-de-celebracao-penitencial-do-clero-arquidiocesano\/#primaryimage\"},\"image\":{\"@id\":\"https:\/\/www.padreeustaquio.com.br\/padres-do-santuario-participam-de-celebracao-penitencial-do-clero-arquidiocesano\/#primaryimage\"},\"thumbnailUrl\":\"https:\/\/www.padreeustaquio.com.br\/wp-content\/uploads\/2023\/04\/padres-na-serra-da-piedade-e1680610324717.jpeg\",\"datePublished\":\"2023-04-04T12:06:46+00:00\",\"dateModified\":\"2023-04-04T12:13:39+00:00\",\"description\":\"Nesse \u00faltimo final de semana, que antecede as Celebra\u00e7\u00f5es da Paix\u00e3o, Morte e Ressurrei\u00e7\u00e3o de Cristo, o clero da Arquidiocese de Belo Horizonte se reuniu no alto da Serra da Piedade, em Caet\u00e9-MG, para um momento de reconcilia\u00e7\u00e3o com Deus. Mais de 200 sacerdotes participaram da Celebra\u00e7\u00e3o Penitencial, presidida pelo arcebispo metropolitano, Dom Walmor Oliveira de Azevedo.\",\"breadcrumb\":{\"@id\":\"https:\/\/www.padreeustaquio.com.br\/padres-do-santuario-participam-de-celebracao-penitencial-do-clero-arquidiocesano\/#breadcrumb\"},\"inLanguage\":\"es\",\"potentialAction\":[{\"@type\":\"ReadAction\",\"target\":[\"https:\/\/www.padreeustaquio.com.br\/padres-do-santuario-participam-de-celebracao-penitencial-do-clero-arquidiocesano\/\"]}]},{\"@type\":\"ImageObject\",\"inLanguage\":\"es\",\"@id\":\"https:\/\/www.padreeustaquio.com.br\/padres-do-santuario-participam-de-celebracao-penitencial-do-clero-arquidiocesano\/#primaryimage\",\"url\":\"https:\/\/www.padreeustaquio.com.br\/wp-content\/uploads\/2023\/04\/padres-na-serra-da-piedade-e1680610324717.jpeg\",\"contentUrl\":\"https:\/\/www.padreeustaquio.com.br\/wp-content\/uploads\/2023\/04\/padres-na-serra-da-piedade-e1680610324717.jpeg\",\"width\":1021,\"height\":604},{\"@type\":\"BreadcrumbList\",\"@id\":\"https:\/\/www.padreeustaquio.com.br\/padres-do-santuario-participam-de-celebracao-penitencial-do-clero-arquidiocesano\/#breadcrumb\",\"itemListElement\":[{\"@type\":\"ListItem\",\"position\":1,\"name\":\"In\u00edcio\",\"item\":\"https:\/\/www.padreeustaquio.com.br\/\"},{\"@type\":\"ListItem\",\"position\":2,\"name\":\"Padres do Santu\u00e1rio participam de Celebra\u00e7\u00e3o Penitencial do clero na Serra da Piedade\"}]},{\"@type\":\"WebSite\",\"@id\":\"https:\/\/www.padreeustaquio.com.br\/#website\",\"url\":\"https:\/\/www.padreeustaquio.com.br\/\",\"name\":\"Padre Eust\u00e1quio\",\"description\":\"Sa\u00fade e Paz\",\"publisher\":{\"@id\":\"https:\/\/www.padreeustaquio.com.br\/#organization\"},\"potentialAction\":[{\"@type\":\"SearchAction\",\"target\":{\"@type\":\"EntryPoint\",\"urlTemplate\":\"https:\/\/www.padreeustaquio.com.br\/?s={search_term_string}\"},\"query-input\":{\"@type\":\"PropertyValueSpecification\",\"valueRequired\":true,\"valueName\":\"search_term_string\"}}],\"inLanguage\":\"es\"},{\"@type\":\"Organization\",\"@id\":\"https:\/\/www.padreeustaquio.com.br\/#organization\",\"name\":\"Padre Eust\u00e1quio\",\"url\":\"https:\/\/www.padreeustaquio.com.br\/\",\"logo\":{\"@type\":\"ImageObject\",\"inLanguage\":\"es\",\"@id\":\"https:\/\/www.padreeustaquio.com.br\/#\/schema\/logo\/image\/\",\"url\":\"https:\/\/www.padreeustaquio.com.br\/wp-content\/uploads\/2019\/08\/marca.png\",\"contentUrl\":\"https:\/\/www.padreeustaquio.com.br\/wp-content\/uploads\/2019\/08\/marca.png\",\"width\":350,\"height\":400,\"caption\":\"Padre Eust\u00e1quio\"},\"image\":{\"@id\":\"https:\/\/www.padreeustaquio.com.br\/#\/schema\/logo\/image\/\"},\"sameAs\":[\"https:\/\/www.facebook.com\/beatopadreeustaquio\/\",\"https:\/\/x.com\/beatopeustaquio\",\"https:\/\/www.instagram.com\/beatopadreeustaquio\/\",\"https:\/\/www.youtube.com\/channel\/UCRhw7vfabnajwLxb1ZXMeIw\"]},{\"@type\":\"Person\",\"@id\":\"https:\/\/www.padreeustaquio.com.br\/#\/schema\/person\/a2a51db1d00f1a7af0204a0f1ddb1566\",\"name\":\"@sscc\",\"image\":{\"@type\":\"ImageObject\",\"inLanguage\":\"es\",\"@id\":\"https:\/\/secure.gravatar.com\/avatar\/68cfafa5f44617fea54071e215026e0ff06be366c3d54a8425f04fdcb86f8c5f?s=96&d=mm&r=g\",\"url\":\"https:\/\/secure.gravatar.com\/avatar\/68cfafa5f44617fea54071e215026e0ff06be366c3d54a8425f04fdcb86f8c5f?s=96&d=mm&r=g\",\"contentUrl\":\"https:\/\/secure.gravatar.com\/avatar\/68cfafa5f44617fea54071e215026e0ff06be366c3d54a8425f04fdcb86f8c5f?s=96&d=mm&r=g\",\"caption\":\"@sscc\"},\"url\":\"https:\/\/www.padreeustaquio.com.br\/es\/author\/sscc\/\"}]}<\/script>\n<!-- \/ Yoast SEO plugin. -->","yoast_head_json":{"title":"Sacerdotes del Santuario participan en la Celebraci\u00f3n Penitencial del clero en Serra da Piedade.","description":"El pasado fin de semana, antes de las celebraciones de la Pasi\u00f3n, Muerte y Resurrecci\u00f3n de Cristo, el clero de la Arquidi\u00f3cesis de Belo Horizonte se reuni\u00f3 en la cima de la Serra da Piedade en Caet\u00e9, Minas Gerais, para un momento de reconciliaci\u00f3n con Dios. M\u00e1s de 200 sacerdotes participaron en la Celebraci\u00f3n Penitencial, presidida por el arzobispo metropolitano, Dom Walmor Oliveira de Azevedo.","robots":{"index":"index","follow":"follow","max-snippet":"max-snippet:-1","max-image-preview":"max-image-preview:large","max-video-preview":"max-video-preview:-1"},"canonical":"https:\/\/www.padreeustaquio.com.br\/es\/sacerdotes-del-santuario-participan-en-la-celebracion-penitencial-del-clero-arquidiocesano\/","og_locale":"es_ES","og_type":"article","og_title":"Padres do Santu\u00e1rio participam de Celebra\u00e7\u00e3o Penitencial do clero na Serra da Piedade","og_description":"Nesse \u00faltimo final de semana, que antecede as Celebra\u00e7\u00f5es da Paix\u00e3o, Morte e Ressurrei\u00e7\u00e3o de Cristo, o clero da Arquidiocese de Belo Horizonte se reuniu no alto da Serra da Piedade, em Caet\u00e9-MG, para um momento de reconcilia\u00e7\u00e3o com Deus. Mais de 200 sacerdotes participaram da Celebra\u00e7\u00e3o Penitencial, presidida pelo arcebispo metropolitano, Dom Walmor Oliveira de Azevedo.","og_url":"https:\/\/www.padreeustaquio.com.br\/es\/sacerdotes-del-santuario-participan-en-la-celebracion-penitencial-del-clero-arquidiocesano\/","og_site_name":"Padre Eust\u00e1quio","article_publisher":"https:\/\/www.facebook.com\/beatopadreeustaquio\/","article_published_time":"2023-04-04T12:06:46+00:00","article_modified_time":"2023-04-04T12:13:39+00:00","og_image":[{"width":1021,"height":604,"url":"https:\/\/www.padreeustaquio.com.br\/wp-content\/uploads\/2023\/04\/padres-na-serra-da-piedade-e1680610324717.jpeg","type":"image\/jpeg"}],"author":"@sscc","twitter_card":"summary_large_image","twitter_creator":"@beatopeustaquio","twitter_site":"@beatopeustaquio","twitter_misc":{"Escrito por":"@sscc","Tiempo de lectura":"2 minutos"},"schema":{"@context":"https:\/\/schema.org","@graph":[{"@type":"Article","@id":"https:\/\/www.padreeustaquio.com.br\/padres-do-santuario-participam-de-celebracao-penitencial-do-clero-arquidiocesano\/#article","isPartOf":{"@id":"https:\/\/www.padreeustaquio.com.br\/padres-do-santuario-participam-de-celebracao-penitencial-do-clero-arquidiocesano\/"},"author":{"name":"@sscc","@id":"https:\/\/www.padreeustaquio.com.br\/#\/schema\/person\/a2a51db1d00f1a7af0204a0f1ddb1566"},"headline":"Padres do Santu\u00e1rio participam de Celebra\u00e7\u00e3o Penitencial do clero na Serra da Piedade","datePublished":"2023-04-04T12:06:46+00:00","dateModified":"2023-04-04T12:13:39+00:00","mainEntityOfPage":{"@id":"https:\/\/www.padreeustaquio.com.br\/padres-do-santuario-participam-de-celebracao-penitencial-do-clero-arquidiocesano\/"},"wordCount":220,"commentCount":0,"publisher":{"@id":"https:\/\/www.padreeustaquio.com.br\/#organization"},"image":{"@id":"https:\/\/www.padreeustaquio.com.br\/padres-do-santuario-participam-de-celebracao-penitencial-do-clero-arquidiocesano\/#primaryimage"},"thumbnailUrl":"https:\/\/www.padreeustaquio.com.br\/wp-content\/uploads\/2023\/04\/padres-na-serra-da-piedade-e1680610324717.jpeg","articleSection":["Not\u00edcias"],"inLanguage":"es","potentialAction":[{"@type":"CommentAction","name":"Comment","target":["https:\/\/www.padreeustaquio.com.br\/padres-do-santuario-participam-de-celebracao-penitencial-do-clero-arquidiocesano\/#respond"]}]},{"@type":"WebPage","@id":"https:\/\/www.padreeustaquio.com.br\/padres-do-santuario-participam-de-celebracao-penitencial-do-clero-arquidiocesano\/","url":"https:\/\/www.padreeustaquio.com.br\/padres-do-santuario-participam-de-celebracao-penitencial-do-clero-arquidiocesano\/","name":"Sacerdotes del Santuario participan en la Celebraci\u00f3n Penitencial del clero en Serra da Piedade.","isPartOf":{"@id":"https:\/\/www.padreeustaquio.com.br\/#website"},"primaryImageOfPage":{"@id":"https:\/\/www.padreeustaquio.com.br\/padres-do-santuario-participam-de-celebracao-penitencial-do-clero-arquidiocesano\/#primaryimage"},"image":{"@id":"https:\/\/www.padreeustaquio.com.br\/padres-do-santuario-participam-de-celebracao-penitencial-do-clero-arquidiocesano\/#primaryimage"},"thumbnailUrl":"https:\/\/www.padreeustaquio.com.br\/wp-content\/uploads\/2023\/04\/padres-na-serra-da-piedade-e1680610324717.jpeg","datePublished":"2023-04-04T12:06:46+00:00","dateModified":"2023-04-04T12:13:39+00:00","description":"El pasado fin de semana, antes de las celebraciones de la Pasi\u00f3n, Muerte y Resurrecci\u00f3n de Cristo, el clero de la Arquidi\u00f3cesis de Belo Horizonte se reuni\u00f3 en la cima de la Serra da Piedade en Caet\u00e9, Minas Gerais, para un momento de reconciliaci\u00f3n con Dios. M\u00e1s de 200 sacerdotes participaron en la Celebraci\u00f3n Penitencial, presidida por el arzobispo metropolitano, Dom Walmor Oliveira de Azevedo.","breadcrumb":{"@id":"https:\/\/www.padreeustaquio.com.br\/padres-do-santuario-participam-de-celebracao-penitencial-do-clero-arquidiocesano\/#breadcrumb"},"inLanguage":"es","potentialAction":[{"@type":"ReadAction","target":["https:\/\/www.padreeustaquio.com.br\/padres-do-santuario-participam-de-celebracao-penitencial-do-clero-arquidiocesano\/"]}]},{"@type":"ImageObject","inLanguage":"es","@id":"https:\/\/www.padreeustaquio.com.br\/padres-do-santuario-participam-de-celebracao-penitencial-do-clero-arquidiocesano\/#primaryimage","url":"https:\/\/www.padreeustaquio.com.br\/wp-content\/uploads\/2023\/04\/padres-na-serra-da-piedade-e1680610324717.jpeg","contentUrl":"https:\/\/www.padreeustaquio.com.br\/wp-content\/uploads\/2023\/04\/padres-na-serra-da-piedade-e1680610324717.jpeg","width":1021,"height":604},{"@type":"BreadcrumbList","@id":"https:\/\/www.padreeustaquio.com.br\/padres-do-santuario-participam-de-celebracao-penitencial-do-clero-arquidiocesano\/#breadcrumb","itemListElement":[{"@type":"ListItem","position":1,"name":"In\u00edcio","item":"https:\/\/www.padreeustaquio.com.br\/"},{"@type":"ListItem","position":2,"name":"Padres do Santu\u00e1rio participam de Celebra\u00e7\u00e3o Penitencial do clero na Serra da Piedade"}]},{"@type":"WebSite","@id":"https:\/\/www.padreeustaquio.com.br\/#website","url":"https:\/\/www.padreeustaquio.com.br\/","name":"Padre Eustace","description":"Salud y Paz","publisher":{"@id":"https:\/\/www.padreeustaquio.com.br\/#organization"},"potentialAction":[{"@type":"SearchAction","target":{"@type":"EntryPoint","urlTemplate":"https:\/\/www.padreeustaquio.com.br\/?s={search_term_string}"},"query-input":{"@type":"PropertyValueSpecification","valueRequired":true,"valueName":"search_term_string"}}],"inLanguage":"es"},{"@type":"Organization","@id":"https:\/\/www.padreeustaquio.com.br\/#organization","name":"Padre Eustace","url":"https:\/\/www.padreeustaquio.com.br\/","logo":{"@type":"ImageObject","inLanguage":"es","@id":"https:\/\/www.padreeustaquio.com.br\/#\/schema\/logo\/image\/","url":"https:\/\/www.padreeustaquio.com.br\/wp-content\/uploads\/2019\/08\/marca.png","contentUrl":"https:\/\/www.padreeustaquio.com.br\/wp-content\/uploads\/2019\/08\/marca.png","width":350,"height":400,"caption":"Padre Eust\u00e1quio"},"image":{"@id":"https:\/\/www.padreeustaquio.com.br\/#\/schema\/logo\/image\/"},"sameAs":["https:\/\/www.facebook.com\/beatopadreeustaquio\/","https:\/\/x.com\/beatopeustaquio","https:\/\/www.instagram.com\/beatopadreeustaquio\/","https:\/\/www.youtube.com\/channel\/UCRhw7vfabnajwLxb1ZXMeIw"]},{"@type":"Person","@id":"https:\/\/www.padreeustaquio.com.br\/#\/schema\/person\/a2a51db1d00f1a7af0204a0f1ddb1566","name":"@sscc","image":{"@type":"ImageObject","inLanguage":"es","@id":"https:\/\/secure.gravatar.com\/avatar\/68cfafa5f44617fea54071e215026e0ff06be366c3d54a8425f04fdcb86f8c5f?s=96&d=mm&r=g","url":"https:\/\/secure.gravatar.com\/avatar\/68cfafa5f44617fea54071e215026e0ff06be366c3d54a8425f04fdcb86f8c5f?s=96&d=mm&r=g","contentUrl":"https:\/\/secure.gravatar.com\/avatar\/68cfafa5f44617fea54071e215026e0ff06be366c3d54a8425f04fdcb86f8c5f?s=96&d=mm&r=g","caption":"@sscc"},"url":"https:\/\/www.padreeustaquio.com.br\/es\/author\/sscc\/"}]}},"_links":{"self":[{"href":"https:\/\/www.padreeustaquio.com.br\/es\/wp-json\/wp\/v2\/posts\/10143","targetHints":{"allow":["GET"]}}],"collection":[{"href":"https:\/\/www.padreeustaquio.com.br\/es\/wp-json\/wp\/v2\/posts"}],"about":[{"href":"https:\/\/www.padreeustaquio.com.br\/es\/wp-json\/wp\/v2\/types\/post"}],"author":[{"embeddable":true,"href":"https:\/\/www.padreeustaquio.com.br\/es\/wp-json\/wp\/v2\/users\/2"}],"replies":[{"embeddable":true,"href":"https:\/\/www.padreeustaquio.com.br\/es\/wp-json\/wp\/v2\/comments?post=10143"}],"version-history":[{"count":0,"href":"https:\/\/www.padreeustaquio.com.br\/es\/wp-json\/wp\/v2\/posts\/10143\/revisions"}],"wp:featuredmedia":[{"embeddable":true,"href":"https:\/\/www.padreeustaquio.com.br\/es\/wp-json\/wp\/v2\/media\/10144"}],"wp:attachment":[{"href":"https:\/\/www.padreeustaquio.com.br\/es\/wp-json\/wp\/v2\/media?parent=10143"}],"wp:term":[{"taxonomy":"category","embeddable":true,"href":"https:\/\/www.padreeustaquio.com.br\/es\/wp-json\/wp\/v2\/categories?post=10143"},{"taxonomy":"post_tag","embeddable":true,"href":"https:\/\/www.padreeustaquio.com.br\/es\/wp-json\/wp\/v2\/tags?post=10143"}],"curies":[{"name":"wp","href":"https:\/\/api.w.org\/{rel}","templated":true}]}}