{"id":10133,"date":"2023-04-03T07:41:50","date_gmt":"2023-04-03T10:41:50","guid":{"rendered":"https:\/\/www.padreeustaquio.com.br\/?p=10133"},"modified":"2023-04-04T09:08:50","modified_gmt":"2023-04-04T12:08:50","slug":"vive-la-semana-en-el-santuario-de-salud-y-paz-o-siguenos-en-nuestro-canal","status":"publish","type":"post","link":"https:\/\/www.padreeustaquio.com.br\/es\/vive-la-semana-en-el-santuario-de-salud-y-paz-o-siguenos-en-nuestro-canal\/","title":{"rendered":"Vive la Semana en el Santuario de Salud y Paz o s\u00edguenos en nuestro Canal."},"content":{"rendered":"<p>Ayer, la Iglesia en todo el mundo inici\u00f3 las celebraciones de la Semana Santa. Esta semana tan importante, como tambi\u00e9n se le llama, nos prepara para vivir intensamente la Pasi\u00f3n, Muerte y Resurrecci\u00f3n de Jesucristo.<\/p>\n\n\n\n<p>Al inicio de esta peregrinaci\u00f3n, los fieles celebraron la entrada triunfal de Jes\u00fas en Jerusal\u00e9n durante las misas del Domingo de Ramos. La Eucarist\u00eda incluy\u00f3 en todo momento la bendici\u00f3n de ramos. La misa de las 10:00 a. m. comenz\u00f3 en el Colegio Marista Padre Eustaquio, tras lo cual los devotos recorrieron en procesi\u00f3n las calles del barrio hasta llegar al Santuario, donde el rector continu\u00f3 la ceremonia. Se estima que m\u00e1s de cinco mil personas participaron en las celebraciones de este fin de semana.<\/p>\n\n\n\n<p>Consulta la programaci\u00f3n para el resto de la semana y \u00fanete a nosotros:<\/p>\n\n\n\n<p><strong>LUNES SANTO<\/strong><br>19:00 Santa Misa<\/p>\n\n\n\n<p><strong>MARTES SANTO<\/strong><br>7am, 12pm y 7pm Santa Misa<\/p>\n\n\n\n<p><strong>MI\u00c9RCOLES SANTO<\/strong><br>7am, 12pm y 7pm Santa Misa en la Iglesia<em><br>-A las 19.00 horas, procesi\u00f3n con la imagen de Nuestro Se\u00f1or de los Pasos (con salida desde el Complejo Santos Dumont) y procesi\u00f3n con la imagen de Nuestra Se\u00f1ora de los Dolores (con salida desde el Hogar Do\u00f1a Paula).<br>- Serm\u00f3n del Encuentro, sobre las 20 horas, en la plaza del Santuario.<\/em>.<\/p>\n\n\n\n<p><strong>JUEVES SANTO<\/strong><br>Misa de Unidad a las 9 a. m. (Santos \u00d3leos) en la Catedral de Cristo Rey<br>19:00 horas Misa con Lavatorio de Pies en el Santuario de la Salud y la Paz, seguida de Vigilia Eucar\u00edstica.<\/p>\n\n\n\n<p><strong>VIERNES SANTO \u2013 D\u00cdA DE AYUNO Y ABSTINENCIA DE CARNE<\/strong><br>7 am Coronaci\u00f3n de los Dolores de Nuestra Se\u00f1ora (en la Iglesia)<br>7h00 Procesi\u00f3n del V\u00eda Crucis por las calles del barrio (iniciando en la esquina de las calles Par\u00e1 de Minas y Vila Rica)<br>Serm\u00f3n de las Siete \u00daltimas Palabras a las 12 p. m.<br>15:00 Celebraci\u00f3n de la Pasi\u00f3n y Muerte de Nuestro Se\u00f1or Jesucristo<br>19.00 horas Representaci\u00f3n de la Pasi\u00f3n de Cristo, seguida de procesi\u00f3n f\u00fanebre.<\/p>\n\n\n\n<p><strong>S\u00c1BADO SANTO \u2013 VIGILIA PASCUA<\/strong><br>8am limpieza de la Iglesia Padre Eust\u00e1quio<br>A las 19.00 horas bendici\u00f3n del Fuego Nuevo en el Colegio Marista Padre Eust\u00e1quio, seguida de procesi\u00f3n con velas hasta la Iglesia.<br><em>Traiga delicias saladas y dulces para la reuni\u00f3n de Pascua despu\u00e9s de la celebraci\u00f3n.<\/em><\/p>\n\n\n\n<p><strong>DOMINGO DE RESURRECCI\u00d3N<\/strong><br>Misas: 7h, 8h30, 10h, 17h y 19h<\/p>\n\n\n\n<p><\/p>","protected":false},"excerpt":{"rendered":"<p>Ontem, a Igreja em todo o mundo deu in\u00edcio \u00e0s celebra\u00e7\u00f5es da Semana Santa. A semana maior, como tamb\u00e9m \u00e9 chamada, nos prepara para vivermos com intensidade a Paix\u00e3o, Morte e Ressurrei\u00e7\u00e3o de Jesus Cristo. No in\u00edcio desta caminhada, os fi\u00e9is puderam celebrar a entrada triunfal de Jesus em Jerusal\u00e9m, por meio das missas do Domingo de Ramos. Em todos os hor\u00e1rios a Eucaristia teve a b\u00ean\u00e7\u00e3o dos ramos. A missa das 10h, come\u00e7ou no Col\u00e9gio Marista Padre Eust\u00e1quio, em seguida os devotos sa\u00edram em prociss\u00e3o pelas ruas do bairro at\u00e9 chegarem ao Santu\u00e1rio, onde o reitor prosseguiu com a [&hellip;]<\/p>\n","protected":false},"author":2,"featured_media":10134,"comment_status":"open","ping_status":"closed","sticky":false,"template":"","format":"standard","meta":{"_acf_changed":false,"footnotes":""},"categories":[611],"tags":[],"class_list":["post-10133","post","type-post","status-publish","format-standard","has-post-thumbnail","hentry","category-noticias"],"acf":[],"yoast_head":"<!-- This site is optimized with the Yoast SEO plugin v27.2 - https:\/\/yoast.com\/product\/yoast-seo-wordpress\/ -->\n<title>Vivencie a Semana no Santu\u00e1rio da Sa\u00fade e da Paz ou acompanhe pelo nosso Canal<\/title>\n<meta name=\"description\" content=\"Ontem, a Igreja em todo o mundo deu in\u00edcio \u00e0s celebra\u00e7\u00f5es da Semana Santa. A semana maior, como tamb\u00e9m \u00e9 chamada, nos prepara para vivermos com intensidade a Paix\u00e3o, Morte e Ressurrei\u00e7\u00e3o de Jesus Cristo.\" \/>\n<meta name=\"robots\" content=\"index, follow, max-snippet:-1, max-image-preview:large, max-video-preview:-1\" \/>\n<link rel=\"canonical\" href=\"https:\/\/www.padreeustaquio.com.br\/es\/vive-la-semana-en-el-santuario-de-salud-y-paz-o-siguenos-en-nuestro-canal\/\" \/>\n<meta property=\"og:locale\" content=\"es_ES\" \/>\n<meta property=\"og:type\" content=\"article\" \/>\n<meta property=\"og:title\" content=\"Vivencie a Semana no Santu\u00e1rio da Sa\u00fade e da Paz ou acompanhe pelo nosso Canal\" \/>\n<meta property=\"og:description\" content=\"Ontem, a Igreja em todo o mundo deu in\u00edcio \u00e0s celebra\u00e7\u00f5es da Semana Santa. A semana maior, como tamb\u00e9m \u00e9 chamada, nos prepara para vivermos com intensidade a Paix\u00e3o, Morte e Ressurrei\u00e7\u00e3o de Jesus Cristo.\" \/>\n<meta property=\"og:url\" content=\"https:\/\/www.padreeustaquio.com.br\/es\/vive-la-semana-en-el-santuario-de-salud-y-paz-o-siguenos-en-nuestro-canal\/\" \/>\n<meta property=\"og:site_name\" content=\"Padre Eust\u00e1quio\" \/>\n<meta property=\"article:publisher\" content=\"https:\/\/www.facebook.com\/beatopadreeustaquio\/\" \/>\n<meta property=\"article:published_time\" content=\"2023-04-03T10:41:50+00:00\" \/>\n<meta property=\"article:modified_time\" content=\"2023-04-04T12:08:50+00:00\" \/>\n<meta property=\"og:image\" content=\"https:\/\/www.padreeustaquio.com.br\/wp-content\/uploads\/2023\/04\/WhatsApp-Image-2023-03-28-at-20.42.59.jpeg\" \/>\n\t<meta property=\"og:image:width\" content=\"1600\" \/>\n\t<meta property=\"og:image:height\" content=\"900\" \/>\n\t<meta property=\"og:image:type\" content=\"image\/jpeg\" \/>\n<meta name=\"author\" content=\"@sscc\" \/>\n<meta name=\"twitter:card\" content=\"summary_large_image\" \/>\n<meta name=\"twitter:creator\" content=\"@beatopeustaquio\" \/>\n<meta name=\"twitter:site\" content=\"@beatopeustaquio\" \/>\n<meta name=\"twitter:label1\" content=\"Escrito por\" \/>\n\t<meta name=\"twitter:data1\" content=\"@sscc\" \/>\n\t<meta name=\"twitter:label2\" content=\"Tiempo de lectura\" \/>\n\t<meta name=\"twitter:data2\" content=\"2 minutos\" \/>\n<script type=\"application\/ld+json\" class=\"yoast-schema-graph\">{\"@context\":\"https:\/\/schema.org\",\"@graph\":[{\"@type\":\"Article\",\"@id\":\"https:\/\/www.padreeustaquio.com.br\/vivencie-a-semana-no-santuario-da-saude-e-da-paz-ou-acompanhe-pelo-nosso-canal\/#article\",\"isPartOf\":{\"@id\":\"https:\/\/www.padreeustaquio.com.br\/vivencie-a-semana-no-santuario-da-saude-e-da-paz-ou-acompanhe-pelo-nosso-canal\/\"},\"author\":{\"name\":\"@sscc\",\"@id\":\"https:\/\/www.padreeustaquio.com.br\/#\/schema\/person\/a2a51db1d00f1a7af0204a0f1ddb1566\"},\"headline\":\"Vivencie a Semana no Santu\u00e1rio da Sa\u00fade e da Paz ou acompanhe pelo nosso Canal\",\"datePublished\":\"2023-04-03T10:41:50+00:00\",\"dateModified\":\"2023-04-04T12:08:50+00:00\",\"mainEntityOfPage\":{\"@id\":\"https:\/\/www.padreeustaquio.com.br\/vivencie-a-semana-no-santuario-da-saude-e-da-paz-ou-acompanhe-pelo-nosso-canal\/\"},\"wordCount\":402,\"commentCount\":0,\"publisher\":{\"@id\":\"https:\/\/www.padreeustaquio.com.br\/#organization\"},\"image\":{\"@id\":\"https:\/\/www.padreeustaquio.com.br\/vivencie-a-semana-no-santuario-da-saude-e-da-paz-ou-acompanhe-pelo-nosso-canal\/#primaryimage\"},\"thumbnailUrl\":\"https:\/\/www.padreeustaquio.com.br\/wp-content\/uploads\/2023\/04\/WhatsApp-Image-2023-03-28-at-20.42.59.jpeg\",\"articleSection\":[\"Not\u00edcias\"],\"inLanguage\":\"es\",\"potentialAction\":[{\"@type\":\"CommentAction\",\"name\":\"Comment\",\"target\":[\"https:\/\/www.padreeustaquio.com.br\/vivencie-a-semana-no-santuario-da-saude-e-da-paz-ou-acompanhe-pelo-nosso-canal\/#respond\"]}]},{\"@type\":\"WebPage\",\"@id\":\"https:\/\/www.padreeustaquio.com.br\/vivencie-a-semana-no-santuario-da-saude-e-da-paz-ou-acompanhe-pelo-nosso-canal\/\",\"url\":\"https:\/\/www.padreeustaquio.com.br\/vivencie-a-semana-no-santuario-da-saude-e-da-paz-ou-acompanhe-pelo-nosso-canal\/\",\"name\":\"Vivencie a Semana no Santu\u00e1rio da Sa\u00fade e da Paz ou acompanhe pelo nosso Canal\",\"isPartOf\":{\"@id\":\"https:\/\/www.padreeustaquio.com.br\/#website\"},\"primaryImageOfPage\":{\"@id\":\"https:\/\/www.padreeustaquio.com.br\/vivencie-a-semana-no-santuario-da-saude-e-da-paz-ou-acompanhe-pelo-nosso-canal\/#primaryimage\"},\"image\":{\"@id\":\"https:\/\/www.padreeustaquio.com.br\/vivencie-a-semana-no-santuario-da-saude-e-da-paz-ou-acompanhe-pelo-nosso-canal\/#primaryimage\"},\"thumbnailUrl\":\"https:\/\/www.padreeustaquio.com.br\/wp-content\/uploads\/2023\/04\/WhatsApp-Image-2023-03-28-at-20.42.59.jpeg\",\"datePublished\":\"2023-04-03T10:41:50+00:00\",\"dateModified\":\"2023-04-04T12:08:50+00:00\",\"description\":\"Ontem, a Igreja em todo o mundo deu in\u00edcio \u00e0s celebra\u00e7\u00f5es da Semana Santa. A semana maior, como tamb\u00e9m \u00e9 chamada, nos prepara para vivermos com intensidade a Paix\u00e3o, Morte e Ressurrei\u00e7\u00e3o de Jesus Cristo.\",\"breadcrumb\":{\"@id\":\"https:\/\/www.padreeustaquio.com.br\/vivencie-a-semana-no-santuario-da-saude-e-da-paz-ou-acompanhe-pelo-nosso-canal\/#breadcrumb\"},\"inLanguage\":\"es\",\"potentialAction\":[{\"@type\":\"ReadAction\",\"target\":[\"https:\/\/www.padreeustaquio.com.br\/vivencie-a-semana-no-santuario-da-saude-e-da-paz-ou-acompanhe-pelo-nosso-canal\/\"]}]},{\"@type\":\"ImageObject\",\"inLanguage\":\"es\",\"@id\":\"https:\/\/www.padreeustaquio.com.br\/vivencie-a-semana-no-santuario-da-saude-e-da-paz-ou-acompanhe-pelo-nosso-canal\/#primaryimage\",\"url\":\"https:\/\/www.padreeustaquio.com.br\/wp-content\/uploads\/2023\/04\/WhatsApp-Image-2023-03-28-at-20.42.59.jpeg\",\"contentUrl\":\"https:\/\/www.padreeustaquio.com.br\/wp-content\/uploads\/2023\/04\/WhatsApp-Image-2023-03-28-at-20.42.59.jpeg\",\"width\":1600,\"height\":900},{\"@type\":\"BreadcrumbList\",\"@id\":\"https:\/\/www.padreeustaquio.com.br\/vivencie-a-semana-no-santuario-da-saude-e-da-paz-ou-acompanhe-pelo-nosso-canal\/#breadcrumb\",\"itemListElement\":[{\"@type\":\"ListItem\",\"position\":1,\"name\":\"In\u00edcio\",\"item\":\"https:\/\/www.padreeustaquio.com.br\/\"},{\"@type\":\"ListItem\",\"position\":2,\"name\":\"Vivencie a Semana no Santu\u00e1rio da Sa\u00fade e da Paz ou acompanhe pelo nosso Canal\"}]},{\"@type\":\"WebSite\",\"@id\":\"https:\/\/www.padreeustaquio.com.br\/#website\",\"url\":\"https:\/\/www.padreeustaquio.com.br\/\",\"name\":\"Padre Eust\u00e1quio\",\"description\":\"Sa\u00fade e Paz\",\"publisher\":{\"@id\":\"https:\/\/www.padreeustaquio.com.br\/#organization\"},\"potentialAction\":[{\"@type\":\"SearchAction\",\"target\":{\"@type\":\"EntryPoint\",\"urlTemplate\":\"https:\/\/www.padreeustaquio.com.br\/?s={search_term_string}\"},\"query-input\":{\"@type\":\"PropertyValueSpecification\",\"valueRequired\":true,\"valueName\":\"search_term_string\"}}],\"inLanguage\":\"es\"},{\"@type\":\"Organization\",\"@id\":\"https:\/\/www.padreeustaquio.com.br\/#organization\",\"name\":\"Padre Eust\u00e1quio\",\"url\":\"https:\/\/www.padreeustaquio.com.br\/\",\"logo\":{\"@type\":\"ImageObject\",\"inLanguage\":\"es\",\"@id\":\"https:\/\/www.padreeustaquio.com.br\/#\/schema\/logo\/image\/\",\"url\":\"https:\/\/www.padreeustaquio.com.br\/wp-content\/uploads\/2019\/08\/marca.png\",\"contentUrl\":\"https:\/\/www.padreeustaquio.com.br\/wp-content\/uploads\/2019\/08\/marca.png\",\"width\":350,\"height\":400,\"caption\":\"Padre Eust\u00e1quio\"},\"image\":{\"@id\":\"https:\/\/www.padreeustaquio.com.br\/#\/schema\/logo\/image\/\"},\"sameAs\":[\"https:\/\/www.facebook.com\/beatopadreeustaquio\/\",\"https:\/\/x.com\/beatopeustaquio\",\"https:\/\/www.instagram.com\/beatopadreeustaquio\/\",\"https:\/\/www.youtube.com\/channel\/UCRhw7vfabnajwLxb1ZXMeIw\"]},{\"@type\":\"Person\",\"@id\":\"https:\/\/www.padreeustaquio.com.br\/#\/schema\/person\/a2a51db1d00f1a7af0204a0f1ddb1566\",\"name\":\"@sscc\",\"image\":{\"@type\":\"ImageObject\",\"inLanguage\":\"es\",\"@id\":\"https:\/\/secure.gravatar.com\/avatar\/68cfafa5f44617fea54071e215026e0ff06be366c3d54a8425f04fdcb86f8c5f?s=96&d=mm&r=g\",\"url\":\"https:\/\/secure.gravatar.com\/avatar\/68cfafa5f44617fea54071e215026e0ff06be366c3d54a8425f04fdcb86f8c5f?s=96&d=mm&r=g\",\"contentUrl\":\"https:\/\/secure.gravatar.com\/avatar\/68cfafa5f44617fea54071e215026e0ff06be366c3d54a8425f04fdcb86f8c5f?s=96&d=mm&r=g\",\"caption\":\"@sscc\"},\"url\":\"https:\/\/www.padreeustaquio.com.br\/es\/author\/sscc\/\"}]}<\/script>\n<!-- \/ Yoast SEO plugin. -->","yoast_head_json":{"title":"Vive la Semana en el Santuario de Salud y Paz o s\u00edguenos en nuestro Canal.","description":"Ayer, la Iglesia en todo el mundo inici\u00f3 las celebraciones de la Semana Santa. Esta semana tan importante, como tambi\u00e9n se le llama, nos prepara para vivir intensamente la Pasi\u00f3n, Muerte y Resurrecci\u00f3n de Jesucristo.","robots":{"index":"index","follow":"follow","max-snippet":"max-snippet:-1","max-image-preview":"max-image-preview:large","max-video-preview":"max-video-preview:-1"},"canonical":"https:\/\/www.padreeustaquio.com.br\/es\/vive-la-semana-en-el-santuario-de-salud-y-paz-o-siguenos-en-nuestro-canal\/","og_locale":"es_ES","og_type":"article","og_title":"Vivencie a Semana no Santu\u00e1rio da Sa\u00fade e da Paz ou acompanhe pelo nosso Canal","og_description":"Ontem, a Igreja em todo o mundo deu in\u00edcio \u00e0s celebra\u00e7\u00f5es da Semana Santa. A semana maior, como tamb\u00e9m \u00e9 chamada, nos prepara para vivermos com intensidade a Paix\u00e3o, Morte e Ressurrei\u00e7\u00e3o de Jesus Cristo.","og_url":"https:\/\/www.padreeustaquio.com.br\/es\/vive-la-semana-en-el-santuario-de-salud-y-paz-o-siguenos-en-nuestro-canal\/","og_site_name":"Padre Eust\u00e1quio","article_publisher":"https:\/\/www.facebook.com\/beatopadreeustaquio\/","article_published_time":"2023-04-03T10:41:50+00:00","article_modified_time":"2023-04-04T12:08:50+00:00","og_image":[{"width":1600,"height":900,"url":"https:\/\/www.padreeustaquio.com.br\/wp-content\/uploads\/2023\/04\/WhatsApp-Image-2023-03-28-at-20.42.59.jpeg","type":"image\/jpeg"}],"author":"@sscc","twitter_card":"summary_large_image","twitter_creator":"@beatopeustaquio","twitter_site":"@beatopeustaquio","twitter_misc":{"Escrito por":"@sscc","Tiempo de lectura":"2 minutos"},"schema":{"@context":"https:\/\/schema.org","@graph":[{"@type":"Article","@id":"https:\/\/www.padreeustaquio.com.br\/vivencie-a-semana-no-santuario-da-saude-e-da-paz-ou-acompanhe-pelo-nosso-canal\/#article","isPartOf":{"@id":"https:\/\/www.padreeustaquio.com.br\/vivencie-a-semana-no-santuario-da-saude-e-da-paz-ou-acompanhe-pelo-nosso-canal\/"},"author":{"name":"@sscc","@id":"https:\/\/www.padreeustaquio.com.br\/#\/schema\/person\/a2a51db1d00f1a7af0204a0f1ddb1566"},"headline":"Vivencie a Semana no Santu\u00e1rio da Sa\u00fade e da Paz ou acompanhe pelo nosso Canal","datePublished":"2023-04-03T10:41:50+00:00","dateModified":"2023-04-04T12:08:50+00:00","mainEntityOfPage":{"@id":"https:\/\/www.padreeustaquio.com.br\/vivencie-a-semana-no-santuario-da-saude-e-da-paz-ou-acompanhe-pelo-nosso-canal\/"},"wordCount":402,"commentCount":0,"publisher":{"@id":"https:\/\/www.padreeustaquio.com.br\/#organization"},"image":{"@id":"https:\/\/www.padreeustaquio.com.br\/vivencie-a-semana-no-santuario-da-saude-e-da-paz-ou-acompanhe-pelo-nosso-canal\/#primaryimage"},"thumbnailUrl":"https:\/\/www.padreeustaquio.com.br\/wp-content\/uploads\/2023\/04\/WhatsApp-Image-2023-03-28-at-20.42.59.jpeg","articleSection":["Not\u00edcias"],"inLanguage":"es","potentialAction":[{"@type":"CommentAction","name":"Comment","target":["https:\/\/www.padreeustaquio.com.br\/vivencie-a-semana-no-santuario-da-saude-e-da-paz-ou-acompanhe-pelo-nosso-canal\/#respond"]}]},{"@type":"WebPage","@id":"https:\/\/www.padreeustaquio.com.br\/vivencie-a-semana-no-santuario-da-saude-e-da-paz-ou-acompanhe-pelo-nosso-canal\/","url":"https:\/\/www.padreeustaquio.com.br\/vivencie-a-semana-no-santuario-da-saude-e-da-paz-ou-acompanhe-pelo-nosso-canal\/","name":"Vive la Semana en el Santuario de Salud y Paz o s\u00edguenos en nuestro Canal.","isPartOf":{"@id":"https:\/\/www.padreeustaquio.com.br\/#website"},"primaryImageOfPage":{"@id":"https:\/\/www.padreeustaquio.com.br\/vivencie-a-semana-no-santuario-da-saude-e-da-paz-ou-acompanhe-pelo-nosso-canal\/#primaryimage"},"image":{"@id":"https:\/\/www.padreeustaquio.com.br\/vivencie-a-semana-no-santuario-da-saude-e-da-paz-ou-acompanhe-pelo-nosso-canal\/#primaryimage"},"thumbnailUrl":"https:\/\/www.padreeustaquio.com.br\/wp-content\/uploads\/2023\/04\/WhatsApp-Image-2023-03-28-at-20.42.59.jpeg","datePublished":"2023-04-03T10:41:50+00:00","dateModified":"2023-04-04T12:08:50+00:00","description":"Ayer, la Iglesia en todo el mundo inici\u00f3 las celebraciones de la Semana Santa. Esta semana tan importante, como tambi\u00e9n se le llama, nos prepara para vivir intensamente la Pasi\u00f3n, Muerte y Resurrecci\u00f3n de Jesucristo.","breadcrumb":{"@id":"https:\/\/www.padreeustaquio.com.br\/vivencie-a-semana-no-santuario-da-saude-e-da-paz-ou-acompanhe-pelo-nosso-canal\/#breadcrumb"},"inLanguage":"es","potentialAction":[{"@type":"ReadAction","target":["https:\/\/www.padreeustaquio.com.br\/vivencie-a-semana-no-santuario-da-saude-e-da-paz-ou-acompanhe-pelo-nosso-canal\/"]}]},{"@type":"ImageObject","inLanguage":"es","@id":"https:\/\/www.padreeustaquio.com.br\/vivencie-a-semana-no-santuario-da-saude-e-da-paz-ou-acompanhe-pelo-nosso-canal\/#primaryimage","url":"https:\/\/www.padreeustaquio.com.br\/wp-content\/uploads\/2023\/04\/WhatsApp-Image-2023-03-28-at-20.42.59.jpeg","contentUrl":"https:\/\/www.padreeustaquio.com.br\/wp-content\/uploads\/2023\/04\/WhatsApp-Image-2023-03-28-at-20.42.59.jpeg","width":1600,"height":900},{"@type":"BreadcrumbList","@id":"https:\/\/www.padreeustaquio.com.br\/vivencie-a-semana-no-santuario-da-saude-e-da-paz-ou-acompanhe-pelo-nosso-canal\/#breadcrumb","itemListElement":[{"@type":"ListItem","position":1,"name":"In\u00edcio","item":"https:\/\/www.padreeustaquio.com.br\/"},{"@type":"ListItem","position":2,"name":"Vivencie a Semana no Santu\u00e1rio da Sa\u00fade e da Paz ou acompanhe pelo nosso Canal"}]},{"@type":"WebSite","@id":"https:\/\/www.padreeustaquio.com.br\/#website","url":"https:\/\/www.padreeustaquio.com.br\/","name":"Padre Eustace","description":"Salud y Paz","publisher":{"@id":"https:\/\/www.padreeustaquio.com.br\/#organization"},"potentialAction":[{"@type":"SearchAction","target":{"@type":"EntryPoint","urlTemplate":"https:\/\/www.padreeustaquio.com.br\/?s={search_term_string}"},"query-input":{"@type":"PropertyValueSpecification","valueRequired":true,"valueName":"search_term_string"}}],"inLanguage":"es"},{"@type":"Organization","@id":"https:\/\/www.padreeustaquio.com.br\/#organization","name":"Padre Eustace","url":"https:\/\/www.padreeustaquio.com.br\/","logo":{"@type":"ImageObject","inLanguage":"es","@id":"https:\/\/www.padreeustaquio.com.br\/#\/schema\/logo\/image\/","url":"https:\/\/www.padreeustaquio.com.br\/wp-content\/uploads\/2019\/08\/marca.png","contentUrl":"https:\/\/www.padreeustaquio.com.br\/wp-content\/uploads\/2019\/08\/marca.png","width":350,"height":400,"caption":"Padre Eust\u00e1quio"},"image":{"@id":"https:\/\/www.padreeustaquio.com.br\/#\/schema\/logo\/image\/"},"sameAs":["https:\/\/www.facebook.com\/beatopadreeustaquio\/","https:\/\/x.com\/beatopeustaquio","https:\/\/www.instagram.com\/beatopadreeustaquio\/","https:\/\/www.youtube.com\/channel\/UCRhw7vfabnajwLxb1ZXMeIw"]},{"@type":"Person","@id":"https:\/\/www.padreeustaquio.com.br\/#\/schema\/person\/a2a51db1d00f1a7af0204a0f1ddb1566","name":"@sscc","image":{"@type":"ImageObject","inLanguage":"es","@id":"https:\/\/secure.gravatar.com\/avatar\/68cfafa5f44617fea54071e215026e0ff06be366c3d54a8425f04fdcb86f8c5f?s=96&d=mm&r=g","url":"https:\/\/secure.gravatar.com\/avatar\/68cfafa5f44617fea54071e215026e0ff06be366c3d54a8425f04fdcb86f8c5f?s=96&d=mm&r=g","contentUrl":"https:\/\/secure.gravatar.com\/avatar\/68cfafa5f44617fea54071e215026e0ff06be366c3d54a8425f04fdcb86f8c5f?s=96&d=mm&r=g","caption":"@sscc"},"url":"https:\/\/www.padreeustaquio.com.br\/es\/author\/sscc\/"}]}},"_links":{"self":[{"href":"https:\/\/www.padreeustaquio.com.br\/es\/wp-json\/wp\/v2\/posts\/10133","targetHints":{"allow":["GET"]}}],"collection":[{"href":"https:\/\/www.padreeustaquio.com.br\/es\/wp-json\/wp\/v2\/posts"}],"about":[{"href":"https:\/\/www.padreeustaquio.com.br\/es\/wp-json\/wp\/v2\/types\/post"}],"author":[{"embeddable":true,"href":"https:\/\/www.padreeustaquio.com.br\/es\/wp-json\/wp\/v2\/users\/2"}],"replies":[{"embeddable":true,"href":"https:\/\/www.padreeustaquio.com.br\/es\/wp-json\/wp\/v2\/comments?post=10133"}],"version-history":[{"count":0,"href":"https:\/\/www.padreeustaquio.com.br\/es\/wp-json\/wp\/v2\/posts\/10133\/revisions"}],"wp:featuredmedia":[{"embeddable":true,"href":"https:\/\/www.padreeustaquio.com.br\/es\/wp-json\/wp\/v2\/media\/10134"}],"wp:attachment":[{"href":"https:\/\/www.padreeustaquio.com.br\/es\/wp-json\/wp\/v2\/media?parent=10133"}],"wp:term":[{"taxonomy":"category","embeddable":true,"href":"https:\/\/www.padreeustaquio.com.br\/es\/wp-json\/wp\/v2\/categories?post=10133"},{"taxonomy":"post_tag","embeddable":true,"href":"https:\/\/www.padreeustaquio.com.br\/es\/wp-json\/wp\/v2\/tags?post=10133"}],"curies":[{"name":"wp","href":"https:\/\/api.w.org\/{rel}","templated":true}]}}